{"id":4134,"date":"2024-11-29T15:00:55","date_gmt":"2024-11-29T18:00:55","guid":{"rendered":"https:\/\/transamerica93.com.br\/home\/?p=4134"},"modified":"2024-11-20T08:56:30","modified_gmt":"2024-11-20T11:56:30","slug":"nando-reis-avalia-impacto-das-drogas-no-seu-processo-artistico","status":"publish","type":"post","link":"https:\/\/transamerica93.com.br\/home\/nando-reis-avalia-impacto-das-drogas-no-seu-processo-artistico\/","title":{"rendered":"Nando Reis avalia impacto das drogas no seu processo art\u00edstico"},"content":{"rendered":"<h6 class=\"Assina\">Por Reda\u00e7\u00e3o C2<\/h6>\n<p>O cantor e compositor Nando Reis comentou em entrevista como o uso de \u00e1lcool e outras drogas impactou seu processo art\u00edstico ao longo dos anos. &#8220;O uso de drogas ou a altera\u00e7\u00e3o da consci\u00eancia tamb\u00e9m quebra algum tipo de rigidez, do ponto de vista da express\u00e3o, que pode ser tanto ben\u00e9fico quanto desastroso&#8221;, disse o m\u00fasico ao site Breeza.<\/p>\n<p>Em recupera\u00e7\u00e3o h\u00e1 oito anos, o artista de 61 anos est\u00e1 lan\u00e7ando o \u00e1lbum\u00a0<i>Uma Estrela Misteriosa Revelar\u00e1 o Segredo<\/i>, o primeiro que produziu totalmente s\u00f3brio. Em 2023, em um depoimento para a revista\u00a0<i>Piau\u00ed<\/i>, o cantor revelou seus problemas com o uso abusivo de \u00e1lcool e coca\u00edna.<\/p>\n<p>&#8220;Quando eu digo que \u00e9 o primeiro disco que eu gravei s\u00f3brio, n\u00e3o estou falando sobre cria\u00e7\u00e3o. Eu t\u00f4 falando sobre mudan\u00e7a de h\u00e1bito, de cuidado e de interrup\u00e7\u00e3o de uma rota. Porque, no caso, eu sou alco\u00f3latra, sou dependente qu\u00edmico e essa adic\u00e7\u00e3o, como qualquer adic\u00e7\u00e3o interferiu muito na minha vida&#8221;, disse o artista que tamb\u00e9m contou que o uso das drogas nunca foi determinante para a qualidade da sua produ\u00e7\u00e3o.<\/p>\n<p>&#8220;Eu nunca publiquei nada antes de ter um crivo, um cr\u00edtico, que eu s\u00f3 consigo ter, e isso foi id\u00eantico a vida inteira, l\u00facido, s\u00f3brio, ent\u00e3o, essa mudan\u00e7a, ou melhor, o per\u00edodo da minha adic\u00e7\u00e3o e o comprometimento que a minha adic\u00e7\u00e3o teve nas minhas rela\u00e7\u00f5es pessoais, familiares e profissionais afetou muito uma coisa que estava relacionado ao meu trabalho e a perda de senso cr\u00edtico nas apresenta\u00e7\u00f5es, e isso eu acho horr\u00edvel&#8221;, continuou o ex-Tit\u00e3s.<\/p>\n<p>&#8220;O estado de embriaguez, de altera\u00e7\u00e3o, inviabiliza uma etapa do trabalho muito importante, que chama-se mixagem, no qual eu sempre fui relapso. Na mixagem, h\u00e1 decis\u00f5es art\u00edsticas important\u00edssimas a serem tomadas, que exigem o mesmo rigor e senso cr\u00edtico. S\u00f3 a lucidez \u00e9 capaz de produzir bons resultados&#8221;, conta o artista. &#8220;Esse disco n\u00e3o teve realmente nenhuma influ\u00eancia (das drogas) nem na composi\u00e7\u00e3o nem na mixagem&#8221;, pontua.<\/p>\n<p>Na entrevista, o cantor tamb\u00e9m foi questionado sobre falas antigas em que dizia &#8220;que a sua facilidade em criar o seu mundo interno tinha muito a ver com a rela\u00e7\u00e3o com as drogas&#8221;. A isso, o artista disse querer refazer sua frase.<\/p>\n<p>&#8220;Acho que o mundo on\u00edrico ou fantasioso da cria\u00e7\u00e3o, que \u00e9 uma transcend\u00eancia de um pensamento muito objetivo e onde voc\u00ea dissolve a concretude das coisas e d\u00e1 a elas m\u00faltiplos significados, \u00e9 uma caracter\u00edstica minha que associo muito com a minha inf\u00e2ncia&#8221;, respondeu.<\/p>\n<p>Na conversa publicada no jornal\u00edstico, o compositor tamb\u00e9m falou sobre como ele reagiu \u00e0 rela\u00e7\u00e3o dos filhos do casal, Theodoro, Sophia, Sebasti\u00e3o, Zoe e Ismael, com as drogas. &#8220;Nunca conversei muito. Sempre soube que todo mundo fuma maconha, quase faz parte do ritual da vida das pessoas. Eu e V\u00e2nia, a gente sempre observou o quanto isso tinha um componente temer\u00e1rio, nunca incentivei. Eu acho que era importante, do ponto de vista da educa\u00e7\u00e3o&#8221;, disse. &#8220;Quando observei em alguns deles, em determinado momento, um uso excessivo, que me parecia criar um torpor, me incomodava. E eu, como tinha j\u00e1, mesmo sem reconhecer, no\u00e7\u00e3o das minhas quest\u00f5es com a adic\u00e7\u00e3o, sempre olhei do ponto de vista de alerta&#8221;, explicou.<\/p>\n<p>&#8220;Nunca fui um apologista, e ao mesmo tempo o que eu tinha e percebia em mim era uma patologia, uma doen\u00e7a, eu sabia que o uso, para mim, fazia mal, e eu n\u00e3o conseguia me controlar, e olhava para eles sempre com preocupa\u00e7\u00e3o. E, mais tarde, com eles mais adultos, sempre conversei: \u2018olha, voc\u00ea tem que tomar cuidado, porque eu tenho depend\u00eancia e isso \u00e9 horr\u00edvel, \u00e9 um sofrimento\u2019. E se voc\u00ea tem, n\u00e3o \u00e9 bom, voc\u00ea perde o poder de decis\u00e3o e a sua vida entra num rodamoinho. E, ao mesmo tempo, meus filhos sempre me viram sofreram com isso&#8221;, contou.<\/p>\n","protected":false},"excerpt":{"rendered":"<p>Por Reda\u00e7\u00e3o C2 O cantor e compositor Nando Reis comentou em entrevista como o uso de \u00e1lcool e outras drogas impactou seu processo art\u00edstico ao longo dos anos. &#8220;O uso de drogas ou a altera\u00e7\u00e3o da consci\u00eancia tamb\u00e9m quebra algum tipo de rigidez, do ponto de vista da express\u00e3o, que pode ser tanto ben\u00e9fico quanto &hellip;<\/p>\n","protected":false},"author":1,"featured_media":4135,"comment_status":"closed","ping_status":"closed","sticky":false,"template":"","format":"standard","meta":{"footnotes":""},"categories":[25],"tags":[],"class_list":["post-4134","post","type-post","status-publish","format-standard","has-post-thumbnail","hentry","category-musica"],"yoast_head":"<!-- This site is optimized with the Yoast SEO plugin v27.4 - https:\/\/yoast.com\/product\/yoast-seo-wordpress\/ -->\n<title>Nando Reis avalia impacto das drogas no seu processo art\u00edstico - Transam\u00e9rica Mococa 93,3<\/title>\n<meta name=\"robots\" content=\"index, follow, max-snippet:-1, max-image-preview:large, max-video-preview:-1\" \/>\n<link rel=\"canonical\" href=\"https:\/\/transamerica93.com.br\/home\/nando-reis-avalia-impacto-das-drogas-no-seu-processo-artistico\/\" \/>\n<meta property=\"og:locale\" content=\"pt_BR\" \/>\n<meta property=\"og:type\" content=\"article\" \/>\n<meta property=\"og:title\" content=\"Nando Reis avalia impacto das drogas no seu processo art\u00edstico - Transam\u00e9rica Mococa 93,3\" \/>\n<meta property=\"og:description\" content=\"Por Reda\u00e7\u00e3o C2 O cantor e compositor Nando Reis comentou em entrevista como o uso de \u00e1lcool e outras drogas impactou seu processo art\u00edstico ao longo dos anos. &#8220;O uso de drogas ou a altera\u00e7\u00e3o da consci\u00eancia tamb\u00e9m quebra algum tipo de rigidez, do ponto de vista da express\u00e3o, que pode ser tanto ben\u00e9fico quanto &hellip;\" \/>\n<meta property=\"og:url\" content=\"https:\/\/transamerica93.com.br\/home\/nando-reis-avalia-impacto-das-drogas-no-seu-processo-artistico\/\" \/>\n<meta property=\"og:site_name\" content=\"Transam\u00e9rica Mococa 93,3\" \/>\n<meta property=\"article:publisher\" content=\"https:\/\/www.facebook.com\/transamericamococa\" \/>\n<meta property=\"article:published_time\" content=\"2024-11-29T18:00:55+00:00\" \/>\n<meta property=\"og:image\" content=\"https:\/\/transamerica93.com.br\/home\/wp-content\/uploads\/2024\/11\/Untitled-17.jpg\" \/>\n\t<meta property=\"og:image:width\" content=\"1600\" \/>\n\t<meta property=\"og:image:height\" content=\"900\" \/>\n\t<meta property=\"og:image:type\" content=\"image\/jpeg\" \/>\n<meta name=\"author\" content=\"Reda\u00e7\u00e3o\" \/>\n<meta name=\"twitter:card\" content=\"summary_large_image\" \/>\n<meta name=\"twitter:creator\" content=\"@transamerica933\" \/>\n<meta name=\"twitter:site\" content=\"@transamerica933\" \/>\n<meta name=\"twitter:label1\" content=\"Escrito por\" \/>\n\t<meta name=\"twitter:data1\" content=\"Reda\u00e7\u00e3o\" \/>\n\t<meta name=\"twitter:label2\" content=\"Est. tempo de leitura\" \/>\n\t<meta name=\"twitter:data2\" content=\"1 minuto\" \/>\n<script type=\"application\/ld+json\" class=\"yoast-schema-graph\">{\"@context\":\"https:\\\/\\\/schema.org\",\"@graph\":[{\"@type\":\"Article\",\"@id\":\"https:\\\/\\\/transamerica93.com.br\\\/home\\\/nando-reis-avalia-impacto-das-drogas-no-seu-processo-artistico\\\/#article\",\"isPartOf\":{\"@id\":\"https:\\\/\\\/transamerica93.com.br\\\/home\\\/nando-reis-avalia-impacto-das-drogas-no-seu-processo-artistico\\\/\"},\"author\":{\"name\":\"Reda\u00e7\u00e3o\",\"@id\":\"https:\\\/\\\/transamerica93.com.br\\\/home\\\/#\\\/schema\\\/person\\\/7fed7c99c0d4562efa8561bc0f543172\"},\"headline\":\"Nando Reis avalia impacto das drogas no seu processo art\u00edstico\",\"datePublished\":\"2024-11-29T18:00:55+00:00\",\"mainEntityOfPage\":{\"@id\":\"https:\\\/\\\/transamerica93.com.br\\\/home\\\/nando-reis-avalia-impacto-das-drogas-no-seu-processo-artistico\\\/\"},\"wordCount\":703,\"publisher\":{\"@id\":\"https:\\\/\\\/transamerica93.com.br\\\/home\\\/#organization\"},\"image\":{\"@id\":\"https:\\\/\\\/transamerica93.com.br\\\/home\\\/nando-reis-avalia-impacto-das-drogas-no-seu-processo-artistico\\\/#primaryimage\"},\"thumbnailUrl\":\"https:\\\/\\\/transamerica93.com.br\\\/home\\\/wp-content\\\/uploads\\\/2024\\\/11\\\/Untitled-17.jpg\",\"articleSection\":[\"M\u00fasica\"],\"inLanguage\":\"pt-BR\"},{\"@type\":\"WebPage\",\"@id\":\"https:\\\/\\\/transamerica93.com.br\\\/home\\\/nando-reis-avalia-impacto-das-drogas-no-seu-processo-artistico\\\/\",\"url\":\"https:\\\/\\\/transamerica93.com.br\\\/home\\\/nando-reis-avalia-impacto-das-drogas-no-seu-processo-artistico\\\/\",\"name\":\"Nando Reis avalia impacto das drogas no seu processo art\u00edstico - Transam\u00e9rica Mococa 93,3\",\"isPartOf\":{\"@id\":\"https:\\\/\\\/transamerica93.com.br\\\/home\\\/#website\"},\"primaryImageOfPage\":{\"@id\":\"https:\\\/\\\/transamerica93.com.br\\\/home\\\/nando-reis-avalia-impacto-das-drogas-no-seu-processo-artistico\\\/#primaryimage\"},\"image\":{\"@id\":\"https:\\\/\\\/transamerica93.com.br\\\/home\\\/nando-reis-avalia-impacto-das-drogas-no-seu-processo-artistico\\\/#primaryimage\"},\"thumbnailUrl\":\"https:\\\/\\\/transamerica93.com.br\\\/home\\\/wp-content\\\/uploads\\\/2024\\\/11\\\/Untitled-17.jpg\",\"datePublished\":\"2024-11-29T18:00:55+00:00\",\"breadcrumb\":{\"@id\":\"https:\\\/\\\/transamerica93.com.br\\\/home\\\/nando-reis-avalia-impacto-das-drogas-no-seu-processo-artistico\\\/#breadcrumb\"},\"inLanguage\":\"pt-BR\",\"potentialAction\":[{\"@type\":\"ReadAction\",\"target\":[\"https:\\\/\\\/transamerica93.com.br\\\/home\\\/nando-reis-avalia-impacto-das-drogas-no-seu-processo-artistico\\\/\"]}]},{\"@type\":\"ImageObject\",\"inLanguage\":\"pt-BR\",\"@id\":\"https:\\\/\\\/transamerica93.com.br\\\/home\\\/nando-reis-avalia-impacto-das-drogas-no-seu-processo-artistico\\\/#primaryimage\",\"url\":\"https:\\\/\\\/transamerica93.com.br\\\/home\\\/wp-content\\\/uploads\\\/2024\\\/11\\\/Untitled-17.jpg\",\"contentUrl\":\"https:\\\/\\\/transamerica93.com.br\\\/home\\\/wp-content\\\/uploads\\\/2024\\\/11\\\/Untitled-17.jpg\",\"width\":1600,\"height\":900,\"caption\":\"Nando Reis. Imagem\\\/Divulga\u00e7\u00e3o.\"},{\"@type\":\"BreadcrumbList\",\"@id\":\"https:\\\/\\\/transamerica93.com.br\\\/home\\\/nando-reis-avalia-impacto-das-drogas-no-seu-processo-artistico\\\/#breadcrumb\",\"itemListElement\":[{\"@type\":\"ListItem\",\"position\":1,\"name\":\"In\u00edcio\",\"item\":\"https:\\\/\\\/transamerica93.com.br\\\/home\\\/\"},{\"@type\":\"ListItem\",\"position\":2,\"name\":\"Nando Reis avalia impacto das drogas no seu processo art\u00edstico\"}]},{\"@type\":\"WebSite\",\"@id\":\"https:\\\/\\\/transamerica93.com.br\\\/home\\\/#website\",\"url\":\"https:\\\/\\\/transamerica93.com.br\\\/home\\\/\",\"name\":\"Transam\u00e9rica Mococa 93,3\",\"description\":\"\",\"publisher\":{\"@id\":\"https:\\\/\\\/transamerica93.com.br\\\/home\\\/#organization\"},\"potentialAction\":[{\"@type\":\"SearchAction\",\"target\":{\"@type\":\"EntryPoint\",\"urlTemplate\":\"https:\\\/\\\/transamerica93.com.br\\\/home\\\/?s={search_term_string}\"},\"query-input\":{\"@type\":\"PropertyValueSpecification\",\"valueRequired\":true,\"valueName\":\"search_term_string\"}}],\"inLanguage\":\"pt-BR\"},{\"@type\":\"Organization\",\"@id\":\"https:\\\/\\\/transamerica93.com.br\\\/home\\\/#organization\",\"name\":\"Transam\u00e9rica Mococa 93,3\",\"url\":\"https:\\\/\\\/transamerica93.com.br\\\/home\\\/\",\"logo\":{\"@type\":\"ImageObject\",\"inLanguage\":\"pt-BR\",\"@id\":\"https:\\\/\\\/transamerica93.com.br\\\/home\\\/#\\\/schema\\\/logo\\\/image\\\/\",\"url\":\"https:\\\/\\\/transamerica93.com.br\\\/home\\\/wp-content\\\/uploads\\\/2023\\\/10\\\/logo2.png\",\"contentUrl\":\"https:\\\/\\\/transamerica93.com.br\\\/home\\\/wp-content\\\/uploads\\\/2023\\\/10\\\/logo2.png\",\"width\":800,\"height\":500,\"caption\":\"Transam\u00e9rica Mococa 93,3\"},\"image\":{\"@id\":\"https:\\\/\\\/transamerica93.com.br\\\/home\\\/#\\\/schema\\\/logo\\\/image\\\/\"},\"sameAs\":[\"https:\\\/\\\/www.facebook.com\\\/transamericamococa\",\"https:\\\/\\\/x.com\\\/transamerica933\",\"https:\\\/\\\/www.instagram.com\\\/transamericamococa\"]},{\"@type\":\"Person\",\"@id\":\"https:\\\/\\\/transamerica93.com.br\\\/home\\\/#\\\/schema\\\/person\\\/7fed7c99c0d4562efa8561bc0f543172\",\"name\":\"Reda\u00e7\u00e3o\",\"image\":{\"@type\":\"ImageObject\",\"inLanguage\":\"pt-BR\",\"@id\":\"https:\\\/\\\/secure.gravatar.com\\\/avatar\\\/1072c6b775fb02ef8506ce967551d95926669a6b7d2c2147b42eea4d7c68395e?s=96&d=mm&r=g\",\"url\":\"https:\\\/\\\/secure.gravatar.com\\\/avatar\\\/1072c6b775fb02ef8506ce967551d95926669a6b7d2c2147b42eea4d7c68395e?s=96&d=mm&r=g\",\"contentUrl\":\"https:\\\/\\\/secure.gravatar.com\\\/avatar\\\/1072c6b775fb02ef8506ce967551d95926669a6b7d2c2147b42eea4d7c68395e?s=96&d=mm&r=g\",\"caption\":\"Reda\u00e7\u00e3o\"},\"sameAs\":[\"https:\\\/\\\/transamerica93.com.br\\\/home\"],\"url\":\"https:\\\/\\\/transamerica93.com.br\\\/home\\\/author\\\/william\\\/\"}]}<\/script>\n<!-- \/ Yoast SEO plugin. -->","yoast_head_json":{"title":"Nando Reis avalia impacto das drogas no seu processo art\u00edstico - Transam\u00e9rica Mococa 93,3","robots":{"index":"index","follow":"follow","max-snippet":"max-snippet:-1","max-image-preview":"max-image-preview:large","max-video-preview":"max-video-preview:-1"},"canonical":"https:\/\/transamerica93.com.br\/home\/nando-reis-avalia-impacto-das-drogas-no-seu-processo-artistico\/","og_locale":"pt_BR","og_type":"article","og_title":"Nando Reis avalia impacto das drogas no seu processo art\u00edstico - Transam\u00e9rica Mococa 93,3","og_description":"Por Reda\u00e7\u00e3o C2 O cantor e compositor Nando Reis comentou em entrevista como o uso de \u00e1lcool e outras drogas impactou seu processo art\u00edstico ao longo dos anos. &#8220;O uso de drogas ou a altera\u00e7\u00e3o da consci\u00eancia tamb\u00e9m quebra algum tipo de rigidez, do ponto de vista da express\u00e3o, que pode ser tanto ben\u00e9fico quanto &hellip;","og_url":"https:\/\/transamerica93.com.br\/home\/nando-reis-avalia-impacto-das-drogas-no-seu-processo-artistico\/","og_site_name":"Transam\u00e9rica Mococa 93,3","article_publisher":"https:\/\/www.facebook.com\/transamericamococa","article_published_time":"2024-11-29T18:00:55+00:00","og_image":[{"width":1600,"height":900,"url":"https:\/\/transamerica93.com.br\/home\/wp-content\/uploads\/2024\/11\/Untitled-17.jpg","type":"image\/jpeg"}],"author":"Reda\u00e7\u00e3o","twitter_card":"summary_large_image","twitter_creator":"@transamerica933","twitter_site":"@transamerica933","twitter_misc":{"Escrito por":"Reda\u00e7\u00e3o","Est. tempo de leitura":"1 minuto"},"schema":{"@context":"https:\/\/schema.org","@graph":[{"@type":"Article","@id":"https:\/\/transamerica93.com.br\/home\/nando-reis-avalia-impacto-das-drogas-no-seu-processo-artistico\/#article","isPartOf":{"@id":"https:\/\/transamerica93.com.br\/home\/nando-reis-avalia-impacto-das-drogas-no-seu-processo-artistico\/"},"author":{"name":"Reda\u00e7\u00e3o","@id":"https:\/\/transamerica93.com.br\/home\/#\/schema\/person\/7fed7c99c0d4562efa8561bc0f543172"},"headline":"Nando Reis avalia impacto das drogas no seu processo art\u00edstico","datePublished":"2024-11-29T18:00:55+00:00","mainEntityOfPage":{"@id":"https:\/\/transamerica93.com.br\/home\/nando-reis-avalia-impacto-das-drogas-no-seu-processo-artistico\/"},"wordCount":703,"publisher":{"@id":"https:\/\/transamerica93.com.br\/home\/#organization"},"image":{"@id":"https:\/\/transamerica93.com.br\/home\/nando-reis-avalia-impacto-das-drogas-no-seu-processo-artistico\/#primaryimage"},"thumbnailUrl":"https:\/\/transamerica93.com.br\/home\/wp-content\/uploads\/2024\/11\/Untitled-17.jpg","articleSection":["M\u00fasica"],"inLanguage":"pt-BR"},{"@type":"WebPage","@id":"https:\/\/transamerica93.com.br\/home\/nando-reis-avalia-impacto-das-drogas-no-seu-processo-artistico\/","url":"https:\/\/transamerica93.com.br\/home\/nando-reis-avalia-impacto-das-drogas-no-seu-processo-artistico\/","name":"Nando Reis avalia impacto das drogas no seu processo art\u00edstico - Transam\u00e9rica Mococa 93,3","isPartOf":{"@id":"https:\/\/transamerica93.com.br\/home\/#website"},"primaryImageOfPage":{"@id":"https:\/\/transamerica93.com.br\/home\/nando-reis-avalia-impacto-das-drogas-no-seu-processo-artistico\/#primaryimage"},"image":{"@id":"https:\/\/transamerica93.com.br\/home\/nando-reis-avalia-impacto-das-drogas-no-seu-processo-artistico\/#primaryimage"},"thumbnailUrl":"https:\/\/transamerica93.com.br\/home\/wp-content\/uploads\/2024\/11\/Untitled-17.jpg","datePublished":"2024-11-29T18:00:55+00:00","breadcrumb":{"@id":"https:\/\/transamerica93.com.br\/home\/nando-reis-avalia-impacto-das-drogas-no-seu-processo-artistico\/#breadcrumb"},"inLanguage":"pt-BR","potentialAction":[{"@type":"ReadAction","target":["https:\/\/transamerica93.com.br\/home\/nando-reis-avalia-impacto-das-drogas-no-seu-processo-artistico\/"]}]},{"@type":"ImageObject","inLanguage":"pt-BR","@id":"https:\/\/transamerica93.com.br\/home\/nando-reis-avalia-impacto-das-drogas-no-seu-processo-artistico\/#primaryimage","url":"https:\/\/transamerica93.com.br\/home\/wp-content\/uploads\/2024\/11\/Untitled-17.jpg","contentUrl":"https:\/\/transamerica93.com.br\/home\/wp-content\/uploads\/2024\/11\/Untitled-17.jpg","width":1600,"height":900,"caption":"Nando Reis. Imagem\/Divulga\u00e7\u00e3o."},{"@type":"BreadcrumbList","@id":"https:\/\/transamerica93.com.br\/home\/nando-reis-avalia-impacto-das-drogas-no-seu-processo-artistico\/#breadcrumb","itemListElement":[{"@type":"ListItem","position":1,"name":"In\u00edcio","item":"https:\/\/transamerica93.com.br\/home\/"},{"@type":"ListItem","position":2,"name":"Nando Reis avalia impacto das drogas no seu processo art\u00edstico"}]},{"@type":"WebSite","@id":"https:\/\/transamerica93.com.br\/home\/#website","url":"https:\/\/transamerica93.com.br\/home\/","name":"Transam\u00e9rica Mococa 93,3","description":"","publisher":{"@id":"https:\/\/transamerica93.com.br\/home\/#organization"},"potentialAction":[{"@type":"SearchAction","target":{"@type":"EntryPoint","urlTemplate":"https:\/\/transamerica93.com.br\/home\/?s={search_term_string}"},"query-input":{"@type":"PropertyValueSpecification","valueRequired":true,"valueName":"search_term_string"}}],"inLanguage":"pt-BR"},{"@type":"Organization","@id":"https:\/\/transamerica93.com.br\/home\/#organization","name":"Transam\u00e9rica Mococa 93,3","url":"https:\/\/transamerica93.com.br\/home\/","logo":{"@type":"ImageObject","inLanguage":"pt-BR","@id":"https:\/\/transamerica93.com.br\/home\/#\/schema\/logo\/image\/","url":"https:\/\/transamerica93.com.br\/home\/wp-content\/uploads\/2023\/10\/logo2.png","contentUrl":"https:\/\/transamerica93.com.br\/home\/wp-content\/uploads\/2023\/10\/logo2.png","width":800,"height":500,"caption":"Transam\u00e9rica Mococa 93,3"},"image":{"@id":"https:\/\/transamerica93.com.br\/home\/#\/schema\/logo\/image\/"},"sameAs":["https:\/\/www.facebook.com\/transamericamococa","https:\/\/x.com\/transamerica933","https:\/\/www.instagram.com\/transamericamococa"]},{"@type":"Person","@id":"https:\/\/transamerica93.com.br\/home\/#\/schema\/person\/7fed7c99c0d4562efa8561bc0f543172","name":"Reda\u00e7\u00e3o","image":{"@type":"ImageObject","inLanguage":"pt-BR","@id":"https:\/\/secure.gravatar.com\/avatar\/1072c6b775fb02ef8506ce967551d95926669a6b7d2c2147b42eea4d7c68395e?s=96&d=mm&r=g","url":"https:\/\/secure.gravatar.com\/avatar\/1072c6b775fb02ef8506ce967551d95926669a6b7d2c2147b42eea4d7c68395e?s=96&d=mm&r=g","contentUrl":"https:\/\/secure.gravatar.com\/avatar\/1072c6b775fb02ef8506ce967551d95926669a6b7d2c2147b42eea4d7c68395e?s=96&d=mm&r=g","caption":"Reda\u00e7\u00e3o"},"sameAs":["https:\/\/transamerica93.com.br\/home"],"url":"https:\/\/transamerica93.com.br\/home\/author\/william\/"}]}},"_links":{"self":[{"href":"https:\/\/transamerica93.com.br\/home\/wp-json\/wp\/v2\/posts\/4134","targetHints":{"allow":["GET"]}}],"collection":[{"href":"https:\/\/transamerica93.com.br\/home\/wp-json\/wp\/v2\/posts"}],"about":[{"href":"https:\/\/transamerica93.com.br\/home\/wp-json\/wp\/v2\/types\/post"}],"author":[{"embeddable":true,"href":"https:\/\/transamerica93.com.br\/home\/wp-json\/wp\/v2\/users\/1"}],"replies":[{"embeddable":true,"href":"https:\/\/transamerica93.com.br\/home\/wp-json\/wp\/v2\/comments?post=4134"}],"version-history":[{"count":1,"href":"https:\/\/transamerica93.com.br\/home\/wp-json\/wp\/v2\/posts\/4134\/revisions"}],"predecessor-version":[{"id":4136,"href":"https:\/\/transamerica93.com.br\/home\/wp-json\/wp\/v2\/posts\/4134\/revisions\/4136"}],"wp:featuredmedia":[{"embeddable":true,"href":"https:\/\/transamerica93.com.br\/home\/wp-json\/wp\/v2\/media\/4135"}],"wp:attachment":[{"href":"https:\/\/transamerica93.com.br\/home\/wp-json\/wp\/v2\/media?parent=4134"}],"wp:term":[{"taxonomy":"category","embeddable":true,"href":"https:\/\/transamerica93.com.br\/home\/wp-json\/wp\/v2\/categories?post=4134"},{"taxonomy":"post_tag","embeddable":true,"href":"https:\/\/transamerica93.com.br\/home\/wp-json\/wp\/v2\/tags?post=4134"}],"curies":[{"name":"wp","href":"https:\/\/api.w.org\/{rel}","templated":true}]}}