{"id":4145,"date":"2024-11-26T12:00:50","date_gmt":"2024-11-26T15:00:50","guid":{"rendered":"https:\/\/transamerica93.com.br\/home\/?p=4145"},"modified":"2024-11-20T10:11:37","modified_gmt":"2024-11-20T13:11:37","slug":"barbara-e-carol-anunciam-fim-da-parceria-no-volei-de-praia-apos-3-anos","status":"publish","type":"post","link":"https:\/\/transamerica93.com.br\/home\/barbara-e-carol-anunciam-fim-da-parceria-no-volei-de-praia-apos-3-anos\/","title":{"rendered":"B\u00e1rbara e Carol anunciam fim da parceria no v\u00f4lei de praia ap\u00f3s 3 anos"},"content":{"rendered":"<div class=\"conteudo-noticia\">\n<p>H\u00e1 tr\u00eas anos jogando juntas, as cariocas B\u00e1rbara Seixas e Carol Solberg anunciaram o fim da parceira no v\u00f4lei de praia. Durante entrevista no programa\u00a0<em>Globo Esporte\u00a0<\/em>na \u00faltima quinta-feira (8), a dupla n\u00famero 3 do mundo disse que se despedir\u00e1 da torcida brasileira neste fim de semana, na Praia de Copacabana, zona sul do Rio de Janeiro, onde ocorre at\u00e9 domingo (10) a etapa Elite 16 do circuito mundial, a \u00faltima antes do Finals (finais da temporada). As atletas cariocas n\u00e3o disputar\u00e3o o Finals (final do circuito mundial) em dezembro, no Catar.<img decoding=\"async\" data-src=\"https:\/\/agenciabrasil.ebc.com.br\/ebc.png?id=1618880&amp;o=node\" src=\"data:image\/svg+xml;base64,PHN2ZyB3aWR0aD0iMSIgaGVpZ2h0PSIxIiB4bWxucz0iaHR0cDovL3d3dy53My5vcmcvMjAwMC9zdmciPjwvc3ZnPg==\" class=\"lazyload\" \/><img decoding=\"async\" data-src=\"https:\/\/agenciabrasil.ebc.com.br\/ebc.gif?id=1618880&amp;o=node\" src=\"data:image\/svg+xml;base64,PHN2ZyB3aWR0aD0iMSIgaGVpZ2h0PSIxIiB4bWxucz0iaHR0cDovL3d3dy53My5vcmcvMjAwMC9zdmciPjwvc3ZnPg==\" class=\"lazyload\" \/><\/p>\n<p><iframe id=\"instagram-embed-0\" class=\"instagram-media instagram-media-rendered lazyload\" data-src=\"https:\/\/www.instagram.com\/p\/DCHPV0eu7Sw\/embed\/captioned\/?cr=1&amp;v=14&amp;wp=485&amp;rd=https%3A%2F%2Fagenciabrasil.ebc.com.br&amp;rp=%2Fesportes%2Fnoticia%2F2024-11%2Fbarbara-e-carol-anunciam-fim-da-parceria-no-volei-de-praia-apos-3-anos#%7B%22ci%22%3A0%2C%22os%22%3A2393.7000000029802%2C%22ls%22%3A1574%2C%22le%22%3A2279.2999999970198%7D\" height=\"1112\" frameborder=\"0\" scrolling=\"no\" allowfullscreen=\"allowfullscreen\" data-instgrm-payload-id=\"instagram-media-payload-0\" data-mce-fragment=\"1\" src=\"data:image\/svg+xml;base64,PHN2ZyB3aWR0aD0iMSIgaGVpZ2h0PSIxIiB4bWxucz0iaHR0cDovL3d3dy53My5vcmcvMjAwMC9zdmciPjwvc3ZnPg==\" data-load-mode=\"1\"><\/iframe><\/p>\n<blockquote><p>\u201cA dor \u00e9 gigante de perder, mas \u00e9 isso, o esporte. Estamos encerrando um ciclo, ainda tenho muita vontade de continuar jogando, correr atr\u00e1s desse novo ciclo para LA28 [Olimp\u00edada de Los Angeles, em 2028]\u201d, revelou Carol, de 37 anos.<\/p><\/blockquote>\n<p>Medalha de prata ao lado de Agatha na Olimp\u00edada Rio 2016, B\u00e1rbara Seixas celebrou o per\u00edodo em que competiu com Carol.<\/p>\n<blockquote><p>\u201cOlho os anos anteriores com muito carinho, bastante aprendizado\u201d, afirmou a atleta.<\/p><\/blockquote>\n<p>A dupla representou o Brasil nos Jogos de Paris, mas\u00a0<a href=\"https:\/\/www.instagram.com\/cbvolei\/p\/C-IJnP4us_Z\/\"><strong>parou nas oitavas de final<\/strong><\/a>. Desde o in\u00edcio da parceria, em 2020, B\u00e1rbara e Carol comemoram conquistas: foram campe\u00e3s do circuito brasileiro de v\u00f4lei de praia em 2021 e, no ano seguinte, chegaram \u00e0s oitavas do Mundial de v\u00f4lei de praia, em Roma (It\u00e1lia). Em 2023 faturaram a prata na etapa Elite 16 em Jo\u00e3o Pessoa (PB) e na atual temporada do circuito mundial levaram o t\u00edtulo da etapa de Doha (Catar) em mar\u00e7o, e no m\u00eas seguinte foram bronze na etapa de Tepic (M\u00e9xico).<\/p>\n<p>Al\u00e9m de B\u00e1rbara e Carol, outras cinco duplas femininas do Brasil disputam a etapa Elite 16 em Copacabana: Thamela e Vict\u00f3ria, Taiana e Talita, Agatha e Rebecca, Vitoria e Hefeile, e Andressa e Tain\u00e1. Na\u00a0 disputa masculina, o Brasil conta com as duplas Adelmo e Andr\u00e9, Pedro e Arthur, e Arthur e Adrielson.<\/p>\n<p>O torneio principal do Elite 16 &#8211; competi\u00e7\u00e3o que re\u00fane as 16 melhores duplas em cada g\u00eanerio &#8211; teve in\u00edcio na quinta (8), com a fase de grupos. No s\u00e1bado (9) ocorrer\u00e3o as\u00a0\u00a0oitavas e quartas-de-final\u00a0 e, para domingo (10) est\u00e3o programadas as semifinais, as disputas pelo terceiro lugar e as finais valendo os t\u00edtulos, tanto feminino quanto masculino.<\/p>\n<div class=\"noticias-relacionadas rel-position rowflex\">\n<div class=\"titulo-noticia-relacionada\"><\/div>\n<\/div>\n<\/div>\n<div class=\"footer-noticia\">\n<div class=\"editor rowflex\">Edi\u00e7\u00e3o: Cl\u00e1udia Soares Rodrigues<\/div>\n<\/div>\n","protected":false},"excerpt":{"rendered":"<p>H\u00e1 tr\u00eas anos jogando juntas, as cariocas B\u00e1rbara Seixas e Carol Solberg anunciaram o fim da parceira no v\u00f4lei de praia. Durante entrevista no programa\u00a0Globo Esporte\u00a0na \u00faltima quinta-feira (8), a dupla n\u00famero 3 do mundo disse que se despedir\u00e1 da torcida brasileira neste fim de semana, na Praia de Copacabana, zona sul do Rio de &hellip;<\/p>\n","protected":false},"author":1,"featured_media":4140,"comment_status":"closed","ping_status":"closed","sticky":false,"template":"","format":"standard","meta":{"footnotes":""},"categories":[31],"tags":[],"class_list":["post-4145","post","type-post","status-publish","format-standard","has-post-thumbnail","hentry","category-esportes"],"yoast_head":"<!-- This site is optimized with the Yoast SEO plugin v27.4 - https:\/\/yoast.com\/product\/yoast-seo-wordpress\/ -->\n<title>B\u00e1rbara e Carol anunciam fim da parceria no v\u00f4lei de praia ap\u00f3s 3 anos - Transam\u00e9rica Mococa 93,3<\/title>\n<meta name=\"robots\" content=\"index, follow, max-snippet:-1, max-image-preview:large, max-video-preview:-1\" \/>\n<link rel=\"canonical\" href=\"https:\/\/transamerica93.com.br\/home\/barbara-e-carol-anunciam-fim-da-parceria-no-volei-de-praia-apos-3-anos\/\" \/>\n<meta property=\"og:locale\" content=\"pt_BR\" \/>\n<meta property=\"og:type\" content=\"article\" \/>\n<meta property=\"og:title\" content=\"B\u00e1rbara e Carol anunciam fim da parceria no v\u00f4lei de praia ap\u00f3s 3 anos - Transam\u00e9rica Mococa 93,3\" \/>\n<meta property=\"og:description\" content=\"H\u00e1 tr\u00eas anos jogando juntas, as cariocas B\u00e1rbara Seixas e Carol Solberg anunciaram o fim da parceira no v\u00f4lei de praia. Durante entrevista no programa\u00a0Globo Esporte\u00a0na \u00faltima quinta-feira (8), a dupla n\u00famero 3 do mundo disse que se despedir\u00e1 da torcida brasileira neste fim de semana, na Praia de Copacabana, zona sul do Rio de &hellip;\" \/>\n<meta property=\"og:url\" content=\"https:\/\/transamerica93.com.br\/home\/barbara-e-carol-anunciam-fim-da-parceria-no-volei-de-praia-apos-3-anos\/\" \/>\n<meta property=\"og:site_name\" content=\"Transam\u00e9rica Mococa 93,3\" \/>\n<meta property=\"article:publisher\" content=\"https:\/\/www.facebook.com\/transamericamococa\" \/>\n<meta property=\"article:published_time\" content=\"2024-11-26T15:00:50+00:00\" \/>\n<meta property=\"og:image\" content=\"https:\/\/transamerica93.com.br\/home\/wp-content\/uploads\/2024\/11\/2.jpg\" \/>\n\t<meta property=\"og:image:width\" content=\"1170\" \/>\n\t<meta property=\"og:image:height\" content=\"871\" \/>\n\t<meta property=\"og:image:type\" content=\"image\/jpeg\" \/>\n<meta name=\"author\" content=\"Reda\u00e7\u00e3o\" \/>\n<meta name=\"twitter:card\" content=\"summary_large_image\" \/>\n<meta name=\"twitter:creator\" content=\"@transamerica933\" \/>\n<meta name=\"twitter:site\" content=\"@transamerica933\" \/>\n<meta name=\"twitter:label1\" content=\"Escrito por\" \/>\n\t<meta name=\"twitter:data1\" content=\"Reda\u00e7\u00e3o\" \/>\n\t<meta name=\"twitter:label2\" content=\"Est. tempo de leitura\" \/>\n\t<meta name=\"twitter:data2\" content=\"3 minutos\" \/>\n<script type=\"application\/ld+json\" class=\"yoast-schema-graph\">{\"@context\":\"https:\\\/\\\/schema.org\",\"@graph\":[{\"@type\":\"Article\",\"@id\":\"https:\\\/\\\/transamerica93.com.br\\\/home\\\/barbara-e-carol-anunciam-fim-da-parceria-no-volei-de-praia-apos-3-anos\\\/#article\",\"isPartOf\":{\"@id\":\"https:\\\/\\\/transamerica93.com.br\\\/home\\\/barbara-e-carol-anunciam-fim-da-parceria-no-volei-de-praia-apos-3-anos\\\/\"},\"author\":{\"name\":\"Reda\u00e7\u00e3o\",\"@id\":\"https:\\\/\\\/transamerica93.com.br\\\/home\\\/#\\\/schema\\\/person\\\/7fed7c99c0d4562efa8561bc0f543172\"},\"headline\":\"B\u00e1rbara e Carol anunciam fim da parceria no v\u00f4lei de praia ap\u00f3s 3 anos\",\"datePublished\":\"2024-11-26T15:00:50+00:00\",\"mainEntityOfPage\":{\"@id\":\"https:\\\/\\\/transamerica93.com.br\\\/home\\\/barbara-e-carol-anunciam-fim-da-parceria-no-volei-de-praia-apos-3-anos\\\/\"},\"wordCount\":409,\"publisher\":{\"@id\":\"https:\\\/\\\/transamerica93.com.br\\\/home\\\/#organization\"},\"image\":{\"@id\":\"https:\\\/\\\/transamerica93.com.br\\\/home\\\/barbara-e-carol-anunciam-fim-da-parceria-no-volei-de-praia-apos-3-anos\\\/#primaryimage\"},\"thumbnailUrl\":\"https:\\\/\\\/transamerica93.com.br\\\/home\\\/wp-content\\\/uploads\\\/2024\\\/11\\\/2.jpg\",\"articleSection\":[\"Esportes\"],\"inLanguage\":\"pt-BR\"},{\"@type\":\"WebPage\",\"@id\":\"https:\\\/\\\/transamerica93.com.br\\\/home\\\/barbara-e-carol-anunciam-fim-da-parceria-no-volei-de-praia-apos-3-anos\\\/\",\"url\":\"https:\\\/\\\/transamerica93.com.br\\\/home\\\/barbara-e-carol-anunciam-fim-da-parceria-no-volei-de-praia-apos-3-anos\\\/\",\"name\":\"B\u00e1rbara e Carol anunciam fim da parceria no v\u00f4lei de praia ap\u00f3s 3 anos - Transam\u00e9rica Mococa 93,3\",\"isPartOf\":{\"@id\":\"https:\\\/\\\/transamerica93.com.br\\\/home\\\/#website\"},\"primaryImageOfPage\":{\"@id\":\"https:\\\/\\\/transamerica93.com.br\\\/home\\\/barbara-e-carol-anunciam-fim-da-parceria-no-volei-de-praia-apos-3-anos\\\/#primaryimage\"},\"image\":{\"@id\":\"https:\\\/\\\/transamerica93.com.br\\\/home\\\/barbara-e-carol-anunciam-fim-da-parceria-no-volei-de-praia-apos-3-anos\\\/#primaryimage\"},\"thumbnailUrl\":\"https:\\\/\\\/transamerica93.com.br\\\/home\\\/wp-content\\\/uploads\\\/2024\\\/11\\\/2.jpg\",\"datePublished\":\"2024-11-26T15:00:50+00:00\",\"breadcrumb\":{\"@id\":\"https:\\\/\\\/transamerica93.com.br\\\/home\\\/barbara-e-carol-anunciam-fim-da-parceria-no-volei-de-praia-apos-3-anos\\\/#breadcrumb\"},\"inLanguage\":\"pt-BR\",\"potentialAction\":[{\"@type\":\"ReadAction\",\"target\":[\"https:\\\/\\\/transamerica93.com.br\\\/home\\\/barbara-e-carol-anunciam-fim-da-parceria-no-volei-de-praia-apos-3-anos\\\/\"]}]},{\"@type\":\"ImageObject\",\"inLanguage\":\"pt-BR\",\"@id\":\"https:\\\/\\\/transamerica93.com.br\\\/home\\\/barbara-e-carol-anunciam-fim-da-parceria-no-volei-de-praia-apos-3-anos\\\/#primaryimage\",\"url\":\"https:\\\/\\\/transamerica93.com.br\\\/home\\\/wp-content\\\/uploads\\\/2024\\\/11\\\/2.jpg\",\"contentUrl\":\"https:\\\/\\\/transamerica93.com.br\\\/home\\\/wp-content\\\/uploads\\\/2024\\\/11\\\/2.jpg\",\"width\":1170,\"height\":871,\"caption\":\"\u00a9 Reprodu\u00e7\u00e3o Twitter\\\/CBV\"},{\"@type\":\"BreadcrumbList\",\"@id\":\"https:\\\/\\\/transamerica93.com.br\\\/home\\\/barbara-e-carol-anunciam-fim-da-parceria-no-volei-de-praia-apos-3-anos\\\/#breadcrumb\",\"itemListElement\":[{\"@type\":\"ListItem\",\"position\":1,\"name\":\"In\u00edcio\",\"item\":\"https:\\\/\\\/transamerica93.com.br\\\/home\\\/\"},{\"@type\":\"ListItem\",\"position\":2,\"name\":\"B\u00e1rbara e Carol anunciam fim da parceria no v\u00f4lei de praia ap\u00f3s 3 anos\"}]},{\"@type\":\"WebSite\",\"@id\":\"https:\\\/\\\/transamerica93.com.br\\\/home\\\/#website\",\"url\":\"https:\\\/\\\/transamerica93.com.br\\\/home\\\/\",\"name\":\"Transam\u00e9rica Mococa 93,3\",\"description\":\"\",\"publisher\":{\"@id\":\"https:\\\/\\\/transamerica93.com.br\\\/home\\\/#organization\"},\"potentialAction\":[{\"@type\":\"SearchAction\",\"target\":{\"@type\":\"EntryPoint\",\"urlTemplate\":\"https:\\\/\\\/transamerica93.com.br\\\/home\\\/?s={search_term_string}\"},\"query-input\":{\"@type\":\"PropertyValueSpecification\",\"valueRequired\":true,\"valueName\":\"search_term_string\"}}],\"inLanguage\":\"pt-BR\"},{\"@type\":\"Organization\",\"@id\":\"https:\\\/\\\/transamerica93.com.br\\\/home\\\/#organization\",\"name\":\"Transam\u00e9rica Mococa 93,3\",\"url\":\"https:\\\/\\\/transamerica93.com.br\\\/home\\\/\",\"logo\":{\"@type\":\"ImageObject\",\"inLanguage\":\"pt-BR\",\"@id\":\"https:\\\/\\\/transamerica93.com.br\\\/home\\\/#\\\/schema\\\/logo\\\/image\\\/\",\"url\":\"https:\\\/\\\/transamerica93.com.br\\\/home\\\/wp-content\\\/uploads\\\/2023\\\/10\\\/logo2.png\",\"contentUrl\":\"https:\\\/\\\/transamerica93.com.br\\\/home\\\/wp-content\\\/uploads\\\/2023\\\/10\\\/logo2.png\",\"width\":800,\"height\":500,\"caption\":\"Transam\u00e9rica Mococa 93,3\"},\"image\":{\"@id\":\"https:\\\/\\\/transamerica93.com.br\\\/home\\\/#\\\/schema\\\/logo\\\/image\\\/\"},\"sameAs\":[\"https:\\\/\\\/www.facebook.com\\\/transamericamococa\",\"https:\\\/\\\/x.com\\\/transamerica933\",\"https:\\\/\\\/www.instagram.com\\\/transamericamococa\"]},{\"@type\":\"Person\",\"@id\":\"https:\\\/\\\/transamerica93.com.br\\\/home\\\/#\\\/schema\\\/person\\\/7fed7c99c0d4562efa8561bc0f543172\",\"name\":\"Reda\u00e7\u00e3o\",\"image\":{\"@type\":\"ImageObject\",\"inLanguage\":\"pt-BR\",\"@id\":\"https:\\\/\\\/secure.gravatar.com\\\/avatar\\\/1072c6b775fb02ef8506ce967551d95926669a6b7d2c2147b42eea4d7c68395e?s=96&d=mm&r=g\",\"url\":\"https:\\\/\\\/secure.gravatar.com\\\/avatar\\\/1072c6b775fb02ef8506ce967551d95926669a6b7d2c2147b42eea4d7c68395e?s=96&d=mm&r=g\",\"contentUrl\":\"https:\\\/\\\/secure.gravatar.com\\\/avatar\\\/1072c6b775fb02ef8506ce967551d95926669a6b7d2c2147b42eea4d7c68395e?s=96&d=mm&r=g\",\"caption\":\"Reda\u00e7\u00e3o\"},\"sameAs\":[\"https:\\\/\\\/transamerica93.com.br\\\/home\"],\"url\":\"https:\\\/\\\/transamerica93.com.br\\\/home\\\/author\\\/william\\\/\"}]}<\/script>\n<!-- \/ Yoast SEO plugin. -->","yoast_head_json":{"title":"B\u00e1rbara e Carol anunciam fim da parceria no v\u00f4lei de praia ap\u00f3s 3 anos - Transam\u00e9rica Mococa 93,3","robots":{"index":"index","follow":"follow","max-snippet":"max-snippet:-1","max-image-preview":"max-image-preview:large","max-video-preview":"max-video-preview:-1"},"canonical":"https:\/\/transamerica93.com.br\/home\/barbara-e-carol-anunciam-fim-da-parceria-no-volei-de-praia-apos-3-anos\/","og_locale":"pt_BR","og_type":"article","og_title":"B\u00e1rbara e Carol anunciam fim da parceria no v\u00f4lei de praia ap\u00f3s 3 anos - Transam\u00e9rica Mococa 93,3","og_description":"H\u00e1 tr\u00eas anos jogando juntas, as cariocas B\u00e1rbara Seixas e Carol Solberg anunciaram o fim da parceira no v\u00f4lei de praia. Durante entrevista no programa\u00a0Globo Esporte\u00a0na \u00faltima quinta-feira (8), a dupla n\u00famero 3 do mundo disse que se despedir\u00e1 da torcida brasileira neste fim de semana, na Praia de Copacabana, zona sul do Rio de &hellip;","og_url":"https:\/\/transamerica93.com.br\/home\/barbara-e-carol-anunciam-fim-da-parceria-no-volei-de-praia-apos-3-anos\/","og_site_name":"Transam\u00e9rica Mococa 93,3","article_publisher":"https:\/\/www.facebook.com\/transamericamococa","article_published_time":"2024-11-26T15:00:50+00:00","og_image":[{"width":1170,"height":871,"url":"https:\/\/transamerica93.com.br\/home\/wp-content\/uploads\/2024\/11\/2.jpg","type":"image\/jpeg"}],"author":"Reda\u00e7\u00e3o","twitter_card":"summary_large_image","twitter_creator":"@transamerica933","twitter_site":"@transamerica933","twitter_misc":{"Escrito por":"Reda\u00e7\u00e3o","Est. tempo de leitura":"3 minutos"},"schema":{"@context":"https:\/\/schema.org","@graph":[{"@type":"Article","@id":"https:\/\/transamerica93.com.br\/home\/barbara-e-carol-anunciam-fim-da-parceria-no-volei-de-praia-apos-3-anos\/#article","isPartOf":{"@id":"https:\/\/transamerica93.com.br\/home\/barbara-e-carol-anunciam-fim-da-parceria-no-volei-de-praia-apos-3-anos\/"},"author":{"name":"Reda\u00e7\u00e3o","@id":"https:\/\/transamerica93.com.br\/home\/#\/schema\/person\/7fed7c99c0d4562efa8561bc0f543172"},"headline":"B\u00e1rbara e Carol anunciam fim da parceria no v\u00f4lei de praia ap\u00f3s 3 anos","datePublished":"2024-11-26T15:00:50+00:00","mainEntityOfPage":{"@id":"https:\/\/transamerica93.com.br\/home\/barbara-e-carol-anunciam-fim-da-parceria-no-volei-de-praia-apos-3-anos\/"},"wordCount":409,"publisher":{"@id":"https:\/\/transamerica93.com.br\/home\/#organization"},"image":{"@id":"https:\/\/transamerica93.com.br\/home\/barbara-e-carol-anunciam-fim-da-parceria-no-volei-de-praia-apos-3-anos\/#primaryimage"},"thumbnailUrl":"https:\/\/transamerica93.com.br\/home\/wp-content\/uploads\/2024\/11\/2.jpg","articleSection":["Esportes"],"inLanguage":"pt-BR"},{"@type":"WebPage","@id":"https:\/\/transamerica93.com.br\/home\/barbara-e-carol-anunciam-fim-da-parceria-no-volei-de-praia-apos-3-anos\/","url":"https:\/\/transamerica93.com.br\/home\/barbara-e-carol-anunciam-fim-da-parceria-no-volei-de-praia-apos-3-anos\/","name":"B\u00e1rbara e Carol anunciam fim da parceria no v\u00f4lei de praia ap\u00f3s 3 anos - Transam\u00e9rica Mococa 93,3","isPartOf":{"@id":"https:\/\/transamerica93.com.br\/home\/#website"},"primaryImageOfPage":{"@id":"https:\/\/transamerica93.com.br\/home\/barbara-e-carol-anunciam-fim-da-parceria-no-volei-de-praia-apos-3-anos\/#primaryimage"},"image":{"@id":"https:\/\/transamerica93.com.br\/home\/barbara-e-carol-anunciam-fim-da-parceria-no-volei-de-praia-apos-3-anos\/#primaryimage"},"thumbnailUrl":"https:\/\/transamerica93.com.br\/home\/wp-content\/uploads\/2024\/11\/2.jpg","datePublished":"2024-11-26T15:00:50+00:00","breadcrumb":{"@id":"https:\/\/transamerica93.com.br\/home\/barbara-e-carol-anunciam-fim-da-parceria-no-volei-de-praia-apos-3-anos\/#breadcrumb"},"inLanguage":"pt-BR","potentialAction":[{"@type":"ReadAction","target":["https:\/\/transamerica93.com.br\/home\/barbara-e-carol-anunciam-fim-da-parceria-no-volei-de-praia-apos-3-anos\/"]}]},{"@type":"ImageObject","inLanguage":"pt-BR","@id":"https:\/\/transamerica93.com.br\/home\/barbara-e-carol-anunciam-fim-da-parceria-no-volei-de-praia-apos-3-anos\/#primaryimage","url":"https:\/\/transamerica93.com.br\/home\/wp-content\/uploads\/2024\/11\/2.jpg","contentUrl":"https:\/\/transamerica93.com.br\/home\/wp-content\/uploads\/2024\/11\/2.jpg","width":1170,"height":871,"caption":"\u00a9 Reprodu\u00e7\u00e3o Twitter\/CBV"},{"@type":"BreadcrumbList","@id":"https:\/\/transamerica93.com.br\/home\/barbara-e-carol-anunciam-fim-da-parceria-no-volei-de-praia-apos-3-anos\/#breadcrumb","itemListElement":[{"@type":"ListItem","position":1,"name":"In\u00edcio","item":"https:\/\/transamerica93.com.br\/home\/"},{"@type":"ListItem","position":2,"name":"B\u00e1rbara e Carol anunciam fim da parceria no v\u00f4lei de praia ap\u00f3s 3 anos"}]},{"@type":"WebSite","@id":"https:\/\/transamerica93.com.br\/home\/#website","url":"https:\/\/transamerica93.com.br\/home\/","name":"Transam\u00e9rica Mococa 93,3","description":"","publisher":{"@id":"https:\/\/transamerica93.com.br\/home\/#organization"},"potentialAction":[{"@type":"SearchAction","target":{"@type":"EntryPoint","urlTemplate":"https:\/\/transamerica93.com.br\/home\/?s={search_term_string}"},"query-input":{"@type":"PropertyValueSpecification","valueRequired":true,"valueName":"search_term_string"}}],"inLanguage":"pt-BR"},{"@type":"Organization","@id":"https:\/\/transamerica93.com.br\/home\/#organization","name":"Transam\u00e9rica Mococa 93,3","url":"https:\/\/transamerica93.com.br\/home\/","logo":{"@type":"ImageObject","inLanguage":"pt-BR","@id":"https:\/\/transamerica93.com.br\/home\/#\/schema\/logo\/image\/","url":"https:\/\/transamerica93.com.br\/home\/wp-content\/uploads\/2023\/10\/logo2.png","contentUrl":"https:\/\/transamerica93.com.br\/home\/wp-content\/uploads\/2023\/10\/logo2.png","width":800,"height":500,"caption":"Transam\u00e9rica Mococa 93,3"},"image":{"@id":"https:\/\/transamerica93.com.br\/home\/#\/schema\/logo\/image\/"},"sameAs":["https:\/\/www.facebook.com\/transamericamococa","https:\/\/x.com\/transamerica933","https:\/\/www.instagram.com\/transamericamococa"]},{"@type":"Person","@id":"https:\/\/transamerica93.com.br\/home\/#\/schema\/person\/7fed7c99c0d4562efa8561bc0f543172","name":"Reda\u00e7\u00e3o","image":{"@type":"ImageObject","inLanguage":"pt-BR","@id":"https:\/\/secure.gravatar.com\/avatar\/1072c6b775fb02ef8506ce967551d95926669a6b7d2c2147b42eea4d7c68395e?s=96&d=mm&r=g","url":"https:\/\/secure.gravatar.com\/avatar\/1072c6b775fb02ef8506ce967551d95926669a6b7d2c2147b42eea4d7c68395e?s=96&d=mm&r=g","contentUrl":"https:\/\/secure.gravatar.com\/avatar\/1072c6b775fb02ef8506ce967551d95926669a6b7d2c2147b42eea4d7c68395e?s=96&d=mm&r=g","caption":"Reda\u00e7\u00e3o"},"sameAs":["https:\/\/transamerica93.com.br\/home"],"url":"https:\/\/transamerica93.com.br\/home\/author\/william\/"}]}},"_links":{"self":[{"href":"https:\/\/transamerica93.com.br\/home\/wp-json\/wp\/v2\/posts\/4145","targetHints":{"allow":["GET"]}}],"collection":[{"href":"https:\/\/transamerica93.com.br\/home\/wp-json\/wp\/v2\/posts"}],"about":[{"href":"https:\/\/transamerica93.com.br\/home\/wp-json\/wp\/v2\/types\/post"}],"author":[{"embeddable":true,"href":"https:\/\/transamerica93.com.br\/home\/wp-json\/wp\/v2\/users\/1"}],"replies":[{"embeddable":true,"href":"https:\/\/transamerica93.com.br\/home\/wp-json\/wp\/v2\/comments?post=4145"}],"version-history":[{"count":1,"href":"https:\/\/transamerica93.com.br\/home\/wp-json\/wp\/v2\/posts\/4145\/revisions"}],"predecessor-version":[{"id":4146,"href":"https:\/\/transamerica93.com.br\/home\/wp-json\/wp\/v2\/posts\/4145\/revisions\/4146"}],"wp:featuredmedia":[{"embeddable":true,"href":"https:\/\/transamerica93.com.br\/home\/wp-json\/wp\/v2\/media\/4140"}],"wp:attachment":[{"href":"https:\/\/transamerica93.com.br\/home\/wp-json\/wp\/v2\/media?parent=4145"}],"wp:term":[{"taxonomy":"category","embeddable":true,"href":"https:\/\/transamerica93.com.br\/home\/wp-json\/wp\/v2\/categories?post=4145"},{"taxonomy":"post_tag","embeddable":true,"href":"https:\/\/transamerica93.com.br\/home\/wp-json\/wp\/v2\/tags?post=4145"}],"curies":[{"name":"wp","href":"https:\/\/api.w.org\/{rel}","templated":true}]}}