{"id":4152,"date":"2024-11-28T12:00:07","date_gmt":"2024-11-28T15:00:07","guid":{"rendered":"https:\/\/transamerica93.com.br\/home\/?p=4152"},"modified":"2024-11-20T10:19:36","modified_gmt":"2024-11-20T13:19:36","slug":"ministerio-do-esporte-lanca-campanha-para-promover-paz-no-futebol","status":"publish","type":"post","link":"https:\/\/transamerica93.com.br\/home\/ministerio-do-esporte-lanca-campanha-para-promover-paz-no-futebol\/","title":{"rendered":"Minist\u00e9rio do Esporte lan\u00e7a campanha para promover paz no futebol"},"content":{"rendered":"<div class=\"conteudo-noticia\">\n<p>O p\u00fablico que compareceu, na noite da \u00faltima ter\u00e7a-feira (5), \u00e0 Arena Fonte Nova, em Salvador, para acompanhar o jogo entre Bahia e S\u00e3o Paulo pela 32\u00aa rodada da S\u00e9rie A do Campeonato Brasileiro, percebeu que o setor Sudoeste da pra\u00e7a esportiva estava vazia. A a\u00e7\u00e3o fez parte da campanha Cadeiras Vazias e do Movimento de Ocupa\u00e7\u00e3o pela Paz no Futebol, que tem o objetivo de promover a paz nos jogos de futebol.<img decoding=\"async\" data-src=\"https:\/\/agenciabrasil.ebc.com.br\/ebc.png?id=1618593&amp;o=node\" src=\"data:image\/svg+xml;base64,PHN2ZyB3aWR0aD0iMSIgaGVpZ2h0PSIxIiB4bWxucz0iaHR0cDovL3d3dy53My5vcmcvMjAwMC9zdmciPjwvc3ZnPg==\" class=\"lazyload\" \/><img decoding=\"async\" data-src=\"https:\/\/agenciabrasil.ebc.com.br\/ebc.gif?id=1618593&amp;o=node\" src=\"data:image\/svg+xml;base64,PHN2ZyB3aWR0aD0iMSIgaGVpZ2h0PSIxIiB4bWxucz0iaHR0cDovL3d3dy53My5vcmcvMjAwMC9zdmciPjwvc3ZnPg==\" class=\"lazyload\" \/><\/p>\n<div class=\"twitter-tweet twitter-tweet-rendered\"><iframe id=\"twitter-widget-0\" title=\"X Post\" data-src=\"https:\/\/platform.twitter.com\/embed\/Tweet.html?creatorScreenName=agenciabrasil&amp;dnt=false&amp;embedId=twitter-widget-0&amp;features=eyJ0ZndfdGltZWxpbmVfbGlzdCI6eyJidWNrZXQiOltdLCJ2ZXJzaW9uIjpudWxsfSwidGZ3X2ZvbGxvd2VyX2NvdW50X3N1bnNldCI6eyJidWNrZXQiOnRydWUsInZlcnNpb24iOm51bGx9LCJ0ZndfdHdlZXRfZWRpdF9iYWNrZW5kIjp7ImJ1Y2tldCI6Im9uIiwidmVyc2lvbiI6bnVsbH0sInRmd19yZWZzcmNfc2Vzc2lvbiI6eyJidWNrZXQiOiJvbiIsInZlcnNpb24iOm51bGx9LCJ0ZndfZm9zbnJfc29mdF9pbnRlcnZlbnRpb25zX2VuYWJsZWQiOnsiYnVja2V0Ijoib24iLCJ2ZXJzaW9uIjpudWxsfSwidGZ3X21peGVkX21lZGlhXzE1ODk3Ijp7ImJ1Y2tldCI6InRyZWF0bWVudCIsInZlcnNpb24iOm51bGx9LCJ0ZndfZXhwZXJpbWVudHNfY29va2llX2V4cGlyYXRpb24iOnsiYnVja2V0IjoxMjA5NjAwLCJ2ZXJzaW9uIjpudWxsfSwidGZ3X3Nob3dfYmlyZHdhdGNoX3Bpdm90c19lbmFibGVkIjp7ImJ1Y2tldCI6Im9uIiwidmVyc2lvbiI6bnVsbH0sInRmd19kdXBsaWNhdGVfc2NyaWJlc190b19zZXR0aW5ncyI6eyJidWNrZXQiOiJvbiIsInZlcnNpb24iOm51bGx9LCJ0ZndfdXNlX3Byb2ZpbGVfaW1hZ2Vfc2hhcGVfZW5hYmxlZCI6eyJidWNrZXQiOiJvbiIsInZlcnNpb24iOm51bGx9LCJ0ZndfdmlkZW9faGxzX2R5bmFtaWNfbWFuaWZlc3RzXzE1MDgyIjp7ImJ1Y2tldCI6InRydWVfYml0cmF0ZSIsInZlcnNpb24iOm51bGx9LCJ0ZndfbGVnYWN5X3RpbWVsaW5lX3N1bnNldCI6eyJidWNrZXQiOnRydWUsInZlcnNpb24iOm51bGx9LCJ0ZndfdHdlZXRfZWRpdF9mcm9udGVuZCI6eyJidWNrZXQiOiJvbiIsInZlcnNpb24iOm51bGx9fQ%3D%3D&amp;frame=false&amp;hideCard=false&amp;hideThread=false&amp;id=1853996034046701620&amp;lang=pt&amp;origin=https%3A%2F%2Fagenciabrasil.ebc.com.br%2Fesportes%2Fnoticia%2F2024-11%2Fministerio-do-esporte-lanca-campanha-para-promover-paz-no-futebol&amp;sessionId=b20b91eaa56c5866b75d683dfa1c0c0c5facd542&amp;siteScreenName=agenciabrasil&amp;theme=light&amp;widgetsVersion=2615f7e52b7e0%3A1702314776716&amp;width=550px\" frameborder=\"0\" scrolling=\"no\" allowfullscreen=\"allowfullscreen\" data-tweet-id=\"1853996034046701620\" data-mce-fragment=\"1\" src=\"data:image\/svg+xml;base64,PHN2ZyB3aWR0aD0iMSIgaGVpZ2h0PSIxIiB4bWxucz0iaHR0cDovL3d3dy53My5vcmcvMjAwMC9zdmciPjwvc3ZnPg==\" class=\"lazyload\" data-load-mode=\"1\"><\/iframe><\/div>\n<p>As 384 cadeiras vazias (nas quais foram colocadas camisas de diferentes times) tinham a inten\u00e7\u00e3o de representar as pessoas que perderam a vida por conta da viol\u00eancia no futebol entre os anos de 1988 e de 2023. Al\u00e9m disso, foi estendida na arquibancada uma imensa bandeira branca com a frase \u201cA paz vai ocupar\u201d.<\/p>\n<p>\u201cA campanha marca um passo importante no combate \u00e0 viol\u00eancia nos est\u00e1dios, promovendo o futebol e o esporte como espa\u00e7o de uni\u00e3o e seguran\u00e7a. Queremos que crian\u00e7as, jovens, adultos e fam\u00edlias possam torcer juntos e em paz. O objetivo \u00e9 que o futebol seja um ambiente seguro, onde o amor pelo esporte supere rivalidades. O combate \u00e0 viol\u00eancia \u00e9 uma prioridade do Minist\u00e9rio do Esporte e do Governo do presidente Lula\u201d, afirmou o ministro Andr\u00e9 Fufuca sobre a campanha, que foi lan\u00e7ada pelo Governo Federal, por meio do Minist\u00e9rio do Esporte.<\/p>\n<p>A a\u00e7\u00e3o tamb\u00e9m contou com a presen\u00e7a de familiares de tr\u00eas torcedores que morreram em decorr\u00eancia de atos violentos em est\u00e1dios brasileiros, entre eles Ettore Marchiano, pai da torcedora palmeirense Gabriela Aneli, que perdeu a vida aos 23 anos no dia 8 de julho de 2023, e que afirmou: \u201c\u00c9 uma campanha que espero que tenha um efeito bem grande, para que acabemos com tudo o que est\u00e1 acontecendo. O est\u00e1dio de futebol tem que ser um lugar para a pessoa festejar, comemorar, encontrar os amigos, extravasar e ir embora para casa em seguran\u00e7a\u201d.<\/p>\n<div class=\"twitter-tweet twitter-tweet-rendered\"><iframe id=\"twitter-widget-1\" title=\"X Post\" data-src=\"https:\/\/platform.twitter.com\/embed\/Tweet.html?creatorScreenName=agenciabrasil&amp;dnt=false&amp;embedId=twitter-widget-1&amp;features=eyJ0ZndfdGltZWxpbmVfbGlzdCI6eyJidWNrZXQiOltdLCJ2ZXJzaW9uIjpudWxsfSwidGZ3X2ZvbGxvd2VyX2NvdW50X3N1bnNldCI6eyJidWNrZXQiOnRydWUsInZlcnNpb24iOm51bGx9LCJ0ZndfdHdlZXRfZWRpdF9iYWNrZW5kIjp7ImJ1Y2tldCI6Im9uIiwidmVyc2lvbiI6bnVsbH0sInRmd19yZWZzcmNfc2Vzc2lvbiI6eyJidWNrZXQiOiJvbiIsInZlcnNpb24iOm51bGx9LCJ0ZndfZm9zbnJfc29mdF9pbnRlcnZlbnRpb25zX2VuYWJsZWQiOnsiYnVja2V0Ijoib24iLCJ2ZXJzaW9uIjpudWxsfSwidGZ3X21peGVkX21lZGlhXzE1ODk3Ijp7ImJ1Y2tldCI6InRyZWF0bWVudCIsInZlcnNpb24iOm51bGx9LCJ0ZndfZXhwZXJpbWVudHNfY29va2llX2V4cGlyYXRpb24iOnsiYnVja2V0IjoxMjA5NjAwLCJ2ZXJzaW9uIjpudWxsfSwidGZ3X3Nob3dfYmlyZHdhdGNoX3Bpdm90c19lbmFibGVkIjp7ImJ1Y2tldCI6Im9uIiwidmVyc2lvbiI6bnVsbH0sInRmd19kdXBsaWNhdGVfc2NyaWJlc190b19zZXR0aW5ncyI6eyJidWNrZXQiOiJvbiIsInZlcnNpb24iOm51bGx9LCJ0ZndfdXNlX3Byb2ZpbGVfaW1hZ2Vfc2hhcGVfZW5hYmxlZCI6eyJidWNrZXQiOiJvbiIsInZlcnNpb24iOm51bGx9LCJ0ZndfdmlkZW9faGxzX2R5bmFtaWNfbWFuaWZlc3RzXzE1MDgyIjp7ImJ1Y2tldCI6InRydWVfYml0cmF0ZSIsInZlcnNpb24iOm51bGx9LCJ0ZndfbGVnYWN5X3RpbWVsaW5lX3N1bnNldCI6eyJidWNrZXQiOnRydWUsInZlcnNpb24iOm51bGx9LCJ0ZndfdHdlZXRfZWRpdF9mcm9udGVuZCI6eyJidWNrZXQiOiJvbiIsInZlcnNpb24iOm51bGx9fQ%3D%3D&amp;frame=false&amp;hideCard=false&amp;hideThread=false&amp;id=1853959970989212059&amp;lang=pt&amp;origin=https%3A%2F%2Fagenciabrasil.ebc.com.br%2Fesportes%2Fnoticia%2F2024-11%2Fministerio-do-esporte-lanca-campanha-para-promover-paz-no-futebol&amp;sessionId=b20b91eaa56c5866b75d683dfa1c0c0c5facd542&amp;siteScreenName=agenciabrasil&amp;theme=light&amp;widgetsVersion=2615f7e52b7e0%3A1702314776716&amp;width=550px\" frameborder=\"0\" scrolling=\"no\" allowfullscreen=\"allowfullscreen\" data-tweet-id=\"1853959970989212059\" data-mce-fragment=\"1\" src=\"data:image\/svg+xml;base64,PHN2ZyB3aWR0aD0iMSIgaGVpZ2h0PSIxIiB4bWxucz0iaHR0cDovL3d3dy53My5vcmcvMjAwMC9zdmciPjwvc3ZnPg==\" class=\"lazyload\" data-load-mode=\"1\"><\/iframe><\/div>\n<p>A partir da pr\u00f3xima quinta-feira (7) a campanha Cadeiras Vazias ser\u00e1 impulsionada nas redes sociais com diversos conte\u00fados que ser\u00e3o compartilhados por atletas, ex-atletas, clubes, torcidas organizadas, influenciadores e outras personalidades.<\/p>\n<div class=\"noticias-relacionadas rel-position rowflex\">\n<div class=\"titulo-noticia-relacionada\"><\/div>\n<\/div>\n<\/div>\n<div class=\"footer-noticia\">\n<div class=\"editor rowflex\">Edi\u00e7\u00e3o: F\u00e1bio Lisboa<\/div>\n<\/div>\n","protected":false},"excerpt":{"rendered":"<p>O p\u00fablico que compareceu, na noite da \u00faltima ter\u00e7a-feira (5), \u00e0 Arena Fonte Nova, em Salvador, para acompanhar o jogo entre Bahia e S\u00e3o Paulo pela 32\u00aa rodada da S\u00e9rie A do Campeonato Brasileiro, percebeu que o setor Sudoeste da pra\u00e7a esportiva estava vazia. A a\u00e7\u00e3o fez parte da campanha Cadeiras Vazias e do Movimento &hellip;<\/p>\n","protected":false},"author":1,"featured_media":4142,"comment_status":"closed","ping_status":"closed","sticky":false,"template":"","format":"standard","meta":{"footnotes":""},"categories":[31],"tags":[],"class_list":["post-4152","post","type-post","status-publish","format-standard","has-post-thumbnail","hentry","category-esportes"],"yoast_head":"<!-- This site is optimized with the Yoast SEO plugin v27.4 - https:\/\/yoast.com\/product\/yoast-seo-wordpress\/ -->\n<title>Minist\u00e9rio do Esporte lan\u00e7a campanha para promover paz no futebol - Transam\u00e9rica Mococa 93,3<\/title>\n<meta name=\"robots\" content=\"index, follow, max-snippet:-1, max-image-preview:large, max-video-preview:-1\" \/>\n<link rel=\"canonical\" href=\"https:\/\/transamerica93.com.br\/home\/ministerio-do-esporte-lanca-campanha-para-promover-paz-no-futebol\/\" \/>\n<meta property=\"og:locale\" content=\"pt_BR\" \/>\n<meta property=\"og:type\" content=\"article\" \/>\n<meta property=\"og:title\" content=\"Minist\u00e9rio do Esporte lan\u00e7a campanha para promover paz no futebol - Transam\u00e9rica Mococa 93,3\" \/>\n<meta property=\"og:description\" content=\"O p\u00fablico que compareceu, na noite da \u00faltima ter\u00e7a-feira (5), \u00e0 Arena Fonte Nova, em Salvador, para acompanhar o jogo entre Bahia e S\u00e3o Paulo pela 32\u00aa rodada da S\u00e9rie A do Campeonato Brasileiro, percebeu que o setor Sudoeste da pra\u00e7a esportiva estava vazia. A a\u00e7\u00e3o fez parte da campanha Cadeiras Vazias e do Movimento &hellip;\" \/>\n<meta property=\"og:url\" content=\"https:\/\/transamerica93.com.br\/home\/ministerio-do-esporte-lanca-campanha-para-promover-paz-no-futebol\/\" \/>\n<meta property=\"og:site_name\" content=\"Transam\u00e9rica Mococa 93,3\" \/>\n<meta property=\"article:publisher\" content=\"https:\/\/www.facebook.com\/transamericamococa\" \/>\n<meta property=\"article:published_time\" content=\"2024-11-28T15:00:07+00:00\" \/>\n<meta property=\"og:image\" content=\"https:\/\/transamerica93.com.br\/home\/wp-content\/uploads\/2024\/11\/4.jpg\" \/>\n\t<meta property=\"og:image:width\" content=\"1170\" \/>\n\t<meta property=\"og:image:height\" content=\"697\" \/>\n\t<meta property=\"og:image:type\" content=\"image\/jpeg\" \/>\n<meta name=\"author\" content=\"Reda\u00e7\u00e3o\" \/>\n<meta name=\"twitter:card\" content=\"summary_large_image\" \/>\n<meta name=\"twitter:creator\" content=\"@transamerica933\" \/>\n<meta name=\"twitter:site\" content=\"@transamerica933\" \/>\n<meta name=\"twitter:label1\" content=\"Escrito por\" \/>\n\t<meta name=\"twitter:data1\" content=\"Reda\u00e7\u00e3o\" \/>\n\t<meta name=\"twitter:label2\" content=\"Est. tempo de leitura\" \/>\n\t<meta name=\"twitter:data2\" content=\"3 minutos\" \/>\n<script type=\"application\/ld+json\" class=\"yoast-schema-graph\">{\"@context\":\"https:\\\/\\\/schema.org\",\"@graph\":[{\"@type\":\"Article\",\"@id\":\"https:\\\/\\\/transamerica93.com.br\\\/home\\\/ministerio-do-esporte-lanca-campanha-para-promover-paz-no-futebol\\\/#article\",\"isPartOf\":{\"@id\":\"https:\\\/\\\/transamerica93.com.br\\\/home\\\/ministerio-do-esporte-lanca-campanha-para-promover-paz-no-futebol\\\/\"},\"author\":{\"name\":\"Reda\u00e7\u00e3o\",\"@id\":\"https:\\\/\\\/transamerica93.com.br\\\/home\\\/#\\\/schema\\\/person\\\/7fed7c99c0d4562efa8561bc0f543172\"},\"headline\":\"Minist\u00e9rio do Esporte lan\u00e7a campanha para promover paz no futebol\",\"datePublished\":\"2024-11-28T15:00:07+00:00\",\"mainEntityOfPage\":{\"@id\":\"https:\\\/\\\/transamerica93.com.br\\\/home\\\/ministerio-do-esporte-lanca-campanha-para-promover-paz-no-futebol\\\/\"},\"wordCount\":377,\"publisher\":{\"@id\":\"https:\\\/\\\/transamerica93.com.br\\\/home\\\/#organization\"},\"image\":{\"@id\":\"https:\\\/\\\/transamerica93.com.br\\\/home\\\/ministerio-do-esporte-lanca-campanha-para-promover-paz-no-futebol\\\/#primaryimage\"},\"thumbnailUrl\":\"https:\\\/\\\/transamerica93.com.br\\\/home\\\/wp-content\\\/uploads\\\/2024\\\/11\\\/4.jpg\",\"articleSection\":[\"Esportes\"],\"inLanguage\":\"pt-BR\"},{\"@type\":\"WebPage\",\"@id\":\"https:\\\/\\\/transamerica93.com.br\\\/home\\\/ministerio-do-esporte-lanca-campanha-para-promover-paz-no-futebol\\\/\",\"url\":\"https:\\\/\\\/transamerica93.com.br\\\/home\\\/ministerio-do-esporte-lanca-campanha-para-promover-paz-no-futebol\\\/\",\"name\":\"Minist\u00e9rio do Esporte lan\u00e7a campanha para promover paz no futebol - Transam\u00e9rica Mococa 93,3\",\"isPartOf\":{\"@id\":\"https:\\\/\\\/transamerica93.com.br\\\/home\\\/#website\"},\"primaryImageOfPage\":{\"@id\":\"https:\\\/\\\/transamerica93.com.br\\\/home\\\/ministerio-do-esporte-lanca-campanha-para-promover-paz-no-futebol\\\/#primaryimage\"},\"image\":{\"@id\":\"https:\\\/\\\/transamerica93.com.br\\\/home\\\/ministerio-do-esporte-lanca-campanha-para-promover-paz-no-futebol\\\/#primaryimage\"},\"thumbnailUrl\":\"https:\\\/\\\/transamerica93.com.br\\\/home\\\/wp-content\\\/uploads\\\/2024\\\/11\\\/4.jpg\",\"datePublished\":\"2024-11-28T15:00:07+00:00\",\"breadcrumb\":{\"@id\":\"https:\\\/\\\/transamerica93.com.br\\\/home\\\/ministerio-do-esporte-lanca-campanha-para-promover-paz-no-futebol\\\/#breadcrumb\"},\"inLanguage\":\"pt-BR\",\"potentialAction\":[{\"@type\":\"ReadAction\",\"target\":[\"https:\\\/\\\/transamerica93.com.br\\\/home\\\/ministerio-do-esporte-lanca-campanha-para-promover-paz-no-futebol\\\/\"]}]},{\"@type\":\"ImageObject\",\"inLanguage\":\"pt-BR\",\"@id\":\"https:\\\/\\\/transamerica93.com.br\\\/home\\\/ministerio-do-esporte-lanca-campanha-para-promover-paz-no-futebol\\\/#primaryimage\",\"url\":\"https:\\\/\\\/transamerica93.com.br\\\/home\\\/wp-content\\\/uploads\\\/2024\\\/11\\\/4.jpg\",\"contentUrl\":\"https:\\\/\\\/transamerica93.com.br\\\/home\\\/wp-content\\\/uploads\\\/2024\\\/11\\\/4.jpg\",\"width\":1170,\"height\":697,\"caption\":\"\u00a9 Willian Meira\\\/Minist\u00e9rio do Esporte\\\/Direitos Reservados\"},{\"@type\":\"BreadcrumbList\",\"@id\":\"https:\\\/\\\/transamerica93.com.br\\\/home\\\/ministerio-do-esporte-lanca-campanha-para-promover-paz-no-futebol\\\/#breadcrumb\",\"itemListElement\":[{\"@type\":\"ListItem\",\"position\":1,\"name\":\"In\u00edcio\",\"item\":\"https:\\\/\\\/transamerica93.com.br\\\/home\\\/\"},{\"@type\":\"ListItem\",\"position\":2,\"name\":\"Minist\u00e9rio do Esporte lan\u00e7a campanha para promover paz no futebol\"}]},{\"@type\":\"WebSite\",\"@id\":\"https:\\\/\\\/transamerica93.com.br\\\/home\\\/#website\",\"url\":\"https:\\\/\\\/transamerica93.com.br\\\/home\\\/\",\"name\":\"Transam\u00e9rica Mococa 93,3\",\"description\":\"\",\"publisher\":{\"@id\":\"https:\\\/\\\/transamerica93.com.br\\\/home\\\/#organization\"},\"potentialAction\":[{\"@type\":\"SearchAction\",\"target\":{\"@type\":\"EntryPoint\",\"urlTemplate\":\"https:\\\/\\\/transamerica93.com.br\\\/home\\\/?s={search_term_string}\"},\"query-input\":{\"@type\":\"PropertyValueSpecification\",\"valueRequired\":true,\"valueName\":\"search_term_string\"}}],\"inLanguage\":\"pt-BR\"},{\"@type\":\"Organization\",\"@id\":\"https:\\\/\\\/transamerica93.com.br\\\/home\\\/#organization\",\"name\":\"Transam\u00e9rica Mococa 93,3\",\"url\":\"https:\\\/\\\/transamerica93.com.br\\\/home\\\/\",\"logo\":{\"@type\":\"ImageObject\",\"inLanguage\":\"pt-BR\",\"@id\":\"https:\\\/\\\/transamerica93.com.br\\\/home\\\/#\\\/schema\\\/logo\\\/image\\\/\",\"url\":\"https:\\\/\\\/transamerica93.com.br\\\/home\\\/wp-content\\\/uploads\\\/2023\\\/10\\\/logo2.png\",\"contentUrl\":\"https:\\\/\\\/transamerica93.com.br\\\/home\\\/wp-content\\\/uploads\\\/2023\\\/10\\\/logo2.png\",\"width\":800,\"height\":500,\"caption\":\"Transam\u00e9rica Mococa 93,3\"},\"image\":{\"@id\":\"https:\\\/\\\/transamerica93.com.br\\\/home\\\/#\\\/schema\\\/logo\\\/image\\\/\"},\"sameAs\":[\"https:\\\/\\\/www.facebook.com\\\/transamericamococa\",\"https:\\\/\\\/x.com\\\/transamerica933\",\"https:\\\/\\\/www.instagram.com\\\/transamericamococa\"]},{\"@type\":\"Person\",\"@id\":\"https:\\\/\\\/transamerica93.com.br\\\/home\\\/#\\\/schema\\\/person\\\/7fed7c99c0d4562efa8561bc0f543172\",\"name\":\"Reda\u00e7\u00e3o\",\"image\":{\"@type\":\"ImageObject\",\"inLanguage\":\"pt-BR\",\"@id\":\"https:\\\/\\\/secure.gravatar.com\\\/avatar\\\/1072c6b775fb02ef8506ce967551d95926669a6b7d2c2147b42eea4d7c68395e?s=96&d=mm&r=g\",\"url\":\"https:\\\/\\\/secure.gravatar.com\\\/avatar\\\/1072c6b775fb02ef8506ce967551d95926669a6b7d2c2147b42eea4d7c68395e?s=96&d=mm&r=g\",\"contentUrl\":\"https:\\\/\\\/secure.gravatar.com\\\/avatar\\\/1072c6b775fb02ef8506ce967551d95926669a6b7d2c2147b42eea4d7c68395e?s=96&d=mm&r=g\",\"caption\":\"Reda\u00e7\u00e3o\"},\"sameAs\":[\"https:\\\/\\\/transamerica93.com.br\\\/home\"],\"url\":\"https:\\\/\\\/transamerica93.com.br\\\/home\\\/author\\\/william\\\/\"}]}<\/script>\n<!-- \/ Yoast SEO plugin. -->","yoast_head_json":{"title":"Minist\u00e9rio do Esporte lan\u00e7a campanha para promover paz no futebol - Transam\u00e9rica Mococa 93,3","robots":{"index":"index","follow":"follow","max-snippet":"max-snippet:-1","max-image-preview":"max-image-preview:large","max-video-preview":"max-video-preview:-1"},"canonical":"https:\/\/transamerica93.com.br\/home\/ministerio-do-esporte-lanca-campanha-para-promover-paz-no-futebol\/","og_locale":"pt_BR","og_type":"article","og_title":"Minist\u00e9rio do Esporte lan\u00e7a campanha para promover paz no futebol - Transam\u00e9rica Mococa 93,3","og_description":"O p\u00fablico que compareceu, na noite da \u00faltima ter\u00e7a-feira (5), \u00e0 Arena Fonte Nova, em Salvador, para acompanhar o jogo entre Bahia e S\u00e3o Paulo pela 32\u00aa rodada da S\u00e9rie A do Campeonato Brasileiro, percebeu que o setor Sudoeste da pra\u00e7a esportiva estava vazia. A a\u00e7\u00e3o fez parte da campanha Cadeiras Vazias e do Movimento &hellip;","og_url":"https:\/\/transamerica93.com.br\/home\/ministerio-do-esporte-lanca-campanha-para-promover-paz-no-futebol\/","og_site_name":"Transam\u00e9rica Mococa 93,3","article_publisher":"https:\/\/www.facebook.com\/transamericamococa","article_published_time":"2024-11-28T15:00:07+00:00","og_image":[{"width":1170,"height":697,"url":"https:\/\/transamerica93.com.br\/home\/wp-content\/uploads\/2024\/11\/4.jpg","type":"image\/jpeg"}],"author":"Reda\u00e7\u00e3o","twitter_card":"summary_large_image","twitter_creator":"@transamerica933","twitter_site":"@transamerica933","twitter_misc":{"Escrito por":"Reda\u00e7\u00e3o","Est. tempo de leitura":"3 minutos"},"schema":{"@context":"https:\/\/schema.org","@graph":[{"@type":"Article","@id":"https:\/\/transamerica93.com.br\/home\/ministerio-do-esporte-lanca-campanha-para-promover-paz-no-futebol\/#article","isPartOf":{"@id":"https:\/\/transamerica93.com.br\/home\/ministerio-do-esporte-lanca-campanha-para-promover-paz-no-futebol\/"},"author":{"name":"Reda\u00e7\u00e3o","@id":"https:\/\/transamerica93.com.br\/home\/#\/schema\/person\/7fed7c99c0d4562efa8561bc0f543172"},"headline":"Minist\u00e9rio do Esporte lan\u00e7a campanha para promover paz no futebol","datePublished":"2024-11-28T15:00:07+00:00","mainEntityOfPage":{"@id":"https:\/\/transamerica93.com.br\/home\/ministerio-do-esporte-lanca-campanha-para-promover-paz-no-futebol\/"},"wordCount":377,"publisher":{"@id":"https:\/\/transamerica93.com.br\/home\/#organization"},"image":{"@id":"https:\/\/transamerica93.com.br\/home\/ministerio-do-esporte-lanca-campanha-para-promover-paz-no-futebol\/#primaryimage"},"thumbnailUrl":"https:\/\/transamerica93.com.br\/home\/wp-content\/uploads\/2024\/11\/4.jpg","articleSection":["Esportes"],"inLanguage":"pt-BR"},{"@type":"WebPage","@id":"https:\/\/transamerica93.com.br\/home\/ministerio-do-esporte-lanca-campanha-para-promover-paz-no-futebol\/","url":"https:\/\/transamerica93.com.br\/home\/ministerio-do-esporte-lanca-campanha-para-promover-paz-no-futebol\/","name":"Minist\u00e9rio do Esporte lan\u00e7a campanha para promover paz no futebol - Transam\u00e9rica Mococa 93,3","isPartOf":{"@id":"https:\/\/transamerica93.com.br\/home\/#website"},"primaryImageOfPage":{"@id":"https:\/\/transamerica93.com.br\/home\/ministerio-do-esporte-lanca-campanha-para-promover-paz-no-futebol\/#primaryimage"},"image":{"@id":"https:\/\/transamerica93.com.br\/home\/ministerio-do-esporte-lanca-campanha-para-promover-paz-no-futebol\/#primaryimage"},"thumbnailUrl":"https:\/\/transamerica93.com.br\/home\/wp-content\/uploads\/2024\/11\/4.jpg","datePublished":"2024-11-28T15:00:07+00:00","breadcrumb":{"@id":"https:\/\/transamerica93.com.br\/home\/ministerio-do-esporte-lanca-campanha-para-promover-paz-no-futebol\/#breadcrumb"},"inLanguage":"pt-BR","potentialAction":[{"@type":"ReadAction","target":["https:\/\/transamerica93.com.br\/home\/ministerio-do-esporte-lanca-campanha-para-promover-paz-no-futebol\/"]}]},{"@type":"ImageObject","inLanguage":"pt-BR","@id":"https:\/\/transamerica93.com.br\/home\/ministerio-do-esporte-lanca-campanha-para-promover-paz-no-futebol\/#primaryimage","url":"https:\/\/transamerica93.com.br\/home\/wp-content\/uploads\/2024\/11\/4.jpg","contentUrl":"https:\/\/transamerica93.com.br\/home\/wp-content\/uploads\/2024\/11\/4.jpg","width":1170,"height":697,"caption":"\u00a9 Willian Meira\/Minist\u00e9rio do Esporte\/Direitos Reservados"},{"@type":"BreadcrumbList","@id":"https:\/\/transamerica93.com.br\/home\/ministerio-do-esporte-lanca-campanha-para-promover-paz-no-futebol\/#breadcrumb","itemListElement":[{"@type":"ListItem","position":1,"name":"In\u00edcio","item":"https:\/\/transamerica93.com.br\/home\/"},{"@type":"ListItem","position":2,"name":"Minist\u00e9rio do Esporte lan\u00e7a campanha para promover paz no futebol"}]},{"@type":"WebSite","@id":"https:\/\/transamerica93.com.br\/home\/#website","url":"https:\/\/transamerica93.com.br\/home\/","name":"Transam\u00e9rica Mococa 93,3","description":"","publisher":{"@id":"https:\/\/transamerica93.com.br\/home\/#organization"},"potentialAction":[{"@type":"SearchAction","target":{"@type":"EntryPoint","urlTemplate":"https:\/\/transamerica93.com.br\/home\/?s={search_term_string}"},"query-input":{"@type":"PropertyValueSpecification","valueRequired":true,"valueName":"search_term_string"}}],"inLanguage":"pt-BR"},{"@type":"Organization","@id":"https:\/\/transamerica93.com.br\/home\/#organization","name":"Transam\u00e9rica Mococa 93,3","url":"https:\/\/transamerica93.com.br\/home\/","logo":{"@type":"ImageObject","inLanguage":"pt-BR","@id":"https:\/\/transamerica93.com.br\/home\/#\/schema\/logo\/image\/","url":"https:\/\/transamerica93.com.br\/home\/wp-content\/uploads\/2023\/10\/logo2.png","contentUrl":"https:\/\/transamerica93.com.br\/home\/wp-content\/uploads\/2023\/10\/logo2.png","width":800,"height":500,"caption":"Transam\u00e9rica Mococa 93,3"},"image":{"@id":"https:\/\/transamerica93.com.br\/home\/#\/schema\/logo\/image\/"},"sameAs":["https:\/\/www.facebook.com\/transamericamococa","https:\/\/x.com\/transamerica933","https:\/\/www.instagram.com\/transamericamococa"]},{"@type":"Person","@id":"https:\/\/transamerica93.com.br\/home\/#\/schema\/person\/7fed7c99c0d4562efa8561bc0f543172","name":"Reda\u00e7\u00e3o","image":{"@type":"ImageObject","inLanguage":"pt-BR","@id":"https:\/\/secure.gravatar.com\/avatar\/1072c6b775fb02ef8506ce967551d95926669a6b7d2c2147b42eea4d7c68395e?s=96&d=mm&r=g","url":"https:\/\/secure.gravatar.com\/avatar\/1072c6b775fb02ef8506ce967551d95926669a6b7d2c2147b42eea4d7c68395e?s=96&d=mm&r=g","contentUrl":"https:\/\/secure.gravatar.com\/avatar\/1072c6b775fb02ef8506ce967551d95926669a6b7d2c2147b42eea4d7c68395e?s=96&d=mm&r=g","caption":"Reda\u00e7\u00e3o"},"sameAs":["https:\/\/transamerica93.com.br\/home"],"url":"https:\/\/transamerica93.com.br\/home\/author\/william\/"}]}},"_links":{"self":[{"href":"https:\/\/transamerica93.com.br\/home\/wp-json\/wp\/v2\/posts\/4152","targetHints":{"allow":["GET"]}}],"collection":[{"href":"https:\/\/transamerica93.com.br\/home\/wp-json\/wp\/v2\/posts"}],"about":[{"href":"https:\/\/transamerica93.com.br\/home\/wp-json\/wp\/v2\/types\/post"}],"author":[{"embeddable":true,"href":"https:\/\/transamerica93.com.br\/home\/wp-json\/wp\/v2\/users\/1"}],"replies":[{"embeddable":true,"href":"https:\/\/transamerica93.com.br\/home\/wp-json\/wp\/v2\/comments?post=4152"}],"version-history":[{"count":1,"href":"https:\/\/transamerica93.com.br\/home\/wp-json\/wp\/v2\/posts\/4152\/revisions"}],"predecessor-version":[{"id":4153,"href":"https:\/\/transamerica93.com.br\/home\/wp-json\/wp\/v2\/posts\/4152\/revisions\/4153"}],"wp:featuredmedia":[{"embeddable":true,"href":"https:\/\/transamerica93.com.br\/home\/wp-json\/wp\/v2\/media\/4142"}],"wp:attachment":[{"href":"https:\/\/transamerica93.com.br\/home\/wp-json\/wp\/v2\/media?parent=4152"}],"wp:term":[{"taxonomy":"category","embeddable":true,"href":"https:\/\/transamerica93.com.br\/home\/wp-json\/wp\/v2\/categories?post=4152"},{"taxonomy":"post_tag","embeddable":true,"href":"https:\/\/transamerica93.com.br\/home\/wp-json\/wp\/v2\/tags?post=4152"}],"curies":[{"name":"wp","href":"https:\/\/api.w.org\/{rel}","templated":true}]}}