{"id":4154,"date":"2024-11-29T12:00:10","date_gmt":"2024-11-29T15:00:10","guid":{"rendered":"https:\/\/transamerica93.com.br\/home\/?p=4154"},"modified":"2024-11-20T10:21:26","modified_gmt":"2024-11-20T13:21:26","slug":"adyel-e-crescenzi-se-juntam-a-selecao-para-eliminatorias-da-americup","status":"publish","type":"post","link":"https:\/\/transamerica93.com.br\/home\/adyel-e-crescenzi-se-juntam-a-selecao-para-eliminatorias-da-americup\/","title":{"rendered":"Adyel e Crescenzi se juntam \u00e0 sele\u00e7\u00e3o para eliminat\u00f3rias da AmeriCup"},"content":{"rendered":"<div class=\"conteudo-noticia\">\n<p>A dois dias de enfrentar o Uruguai nas eliminat\u00f3rias da AmeriCup, em Bel\u00e9m (PA), a sele\u00e7\u00e3o brasileira de basquete teve mais duas trocas no time. O t\u00e9cnico Aleksander Petrovic convocou nesta ter\u00e7a-feira (19) os jogadores Adyel Borges (clube S\u00e3o Jos\u00e9) e Kevin Crescenzi (Paulistano) para ocupar as vagas deixadas, respectivamente, por Alexey Borges e Gui Deodato, lesionados. No in\u00edcio da semana passada, Petrovic j\u00e1 chamara o piv\u00f4 Ruan Miranda (Flamengo) para o lugar de Lucas Dias, atleta ol\u00edmpico que tamb\u00e9m se recupera de les\u00e3o. \u00a0<img decoding=\"async\" data-src=\"https:\/\/agenciabrasil.ebc.com.br\/ebc.png?id=1620595&amp;o=node\" src=\"data:image\/svg+xml;base64,PHN2ZyB3aWR0aD0iMSIgaGVpZ2h0PSIxIiB4bWxucz0iaHR0cDovL3d3dy53My5vcmcvMjAwMC9zdmciPjwvc3ZnPg==\" class=\"lazyload\" \/><img decoding=\"async\" data-src=\"https:\/\/agenciabrasil.ebc.com.br\/ebc.gif?id=1620595&amp;o=node\" src=\"data:image\/svg+xml;base64,PHN2ZyB3aWR0aD0iMSIgaGVpZ2h0PSIxIiB4bWxucz0iaHR0cDovL3d3dy53My5vcmcvMjAwMC9zdmciPjwvc3ZnPg==\" class=\"lazyload\" \/><\/p>\n<p><iframe id=\"instagram-embed-0\" class=\"instagram-media instagram-media-rendered lazyload\" data-src=\"https:\/\/www.instagram.com\/p\/DCHoDO3PFih\/embed\/captioned\/?cr=1&amp;v=14&amp;wp=485&amp;rd=https%3A%2F%2Fagenciabrasil.ebc.com.br&amp;rp=%2Fesportes%2Fnoticia%2F2024-11%2Fadyel-e-crescenzi-se-juntam-selecao-para-eliminatorias-da-americup#%7B%22ci%22%3A0%2C%22os%22%3A2281.0999999940395%2C%22ls%22%3A1805.7999999970198%2C%22le%22%3A1942.7000000029802%7D\" height=\"1452\" frameborder=\"0\" scrolling=\"no\" allowfullscreen=\"allowfullscreen\" data-instgrm-payload-id=\"instagram-media-payload-0\" data-mce-fragment=\"1\" src=\"data:image\/svg+xml;base64,PHN2ZyB3aWR0aD0iMSIgaGVpZ2h0PSIxIiB4bWxucz0iaHR0cDovL3d3dy53My5vcmcvMjAwMC9zdmciPjwvc3ZnPg==\" data-load-mode=\"1\"><\/iframe>A sele\u00e7\u00e3o participou hoje (19) do primeiro treino no Gin\u00e1sio Mangueirinho, na capital paraense, palco do duelo contra o Uruguai, na pr\u00f3xima quinta (21), \u00e0s 20h (hor\u00e1rio de Bras\u00edlia), o primeiro de dois jogos da janela de novembro das Eliminat\u00f3rias. Na outra partida, no domingo (24), a sele\u00e7\u00e3o encara o Panam\u00e1, tamb\u00e9m \u00e0s 20h, em Bel\u00e9m. Petrovic est\u00e1 empenhando em renovar a equipe brasileira\u00a0que competiu na Olimp\u00edada de Paris, embora tenha parado nas quartas de final. Entre os novatos, est\u00e3o revela\u00e7\u00f5es como Nathan Mariano, de apenas 16 anos, e Zu J\u00fanior \u2013 ambos do Sesi Franca-SP &#8211; e Mathias Alessanco (Betis\/Espanha).<\/p>\n<p>Se vencer os dois duelos no Mangueirinho, o Brasil se classifica antecipadamente para a fase principal da AmeriCup, que ocorrer\u00e1 em 2025. Isto porque a sele\u00e7\u00e3o lidera o Grupo B, ap\u00f3s emplacar duas vit\u00f3rias contra o Paraguai &#8211; dentro e fora de casa \u2013 em fevereiro. A \u00faltima janela das eliminat\u00f3rias ser\u00e1 em fevereiro do ano que vem.<\/p>\n<p><iframe id=\"instagram-embed-1\" class=\"instagram-media instagram-media-rendered lazyload\" data-src=\"https:\/\/www.instagram.com\/reel\/DCjwGlvpV9L\/embed\/captioned\/?cr=1&amp;v=14&amp;wp=485&amp;rd=https%3A%2F%2Fagenciabrasil.ebc.com.br&amp;rp=%2Fesportes%2Fnoticia%2F2024-11%2Fadyel-e-crescenzi-se-juntam-selecao-para-eliminatorias-da-americup#%7B%22ci%22%3A1%2C%22os%22%3A2293.5%2C%22ls%22%3A1805.7999999970198%2C%22le%22%3A1942.7000000029802%7D\" height=\"1094\" frameborder=\"0\" scrolling=\"no\" allowfullscreen=\"allowfullscreen\" data-instgrm-payload-id=\"instagram-media-payload-1\" data-mce-fragment=\"1\" src=\"data:image\/svg+xml;base64,PHN2ZyB3aWR0aD0iMSIgaGVpZ2h0PSIxIiB4bWxucz0iaHR0cDovL3d3dy53My5vcmcvMjAwMC9zdmciPjwvc3ZnPg==\" data-load-mode=\"1\"><\/iframe>As eliminat\u00f3rias s\u00e3o disputadas por 16 pa\u00edses, divididos em quatro chaves. Os tr\u00eas primeiros colocados em cada grupo asseguram vaga no torneio continental. O Brasil est\u00e1 no Grupo B, junto com Paraguai, Uruguai e Panam\u00e1. As demais sele\u00e7\u00f5es est\u00e3o no Grupo A (Venezuela, Argentina, Chile e Col\u00f4mbia), Grupo C (Canad\u00e1, Rep\u00fablica Dominicana, M\u00e9xico e Nicar\u00e1gua) e Grupo D (Porto Rico, Estados Unidos, Cuba e Bahamas).<\/p>\n<h2>Lista de convocados ap\u00f3s substitui\u00e7\u00f5es<\/h2>\n<p>Lucas Atauri &#8211; Paulistano-SP<br \/>\nAdyel Borges &#8211; S\u00e3o Jos\u00e9-SP<br \/>\nElinho &#8211; Corinthians-SP<br \/>\nGeorginho &#8211; SESI Franca-SP<br \/>\nKevin Crescenzi &#8211; Paulistano-SP<br \/>\nReynan &#8211; Pinheiros-SP<br \/>\nZu J\u00fanior &#8211; SESI Franca-SP<br \/>\nRuan Miranda &#8211; Flamengo-RJ<br \/>\nBruno Caboclo &#8211; Hapoel Tel Aviv-ISR<br \/>\nJo\u00e3o Marcelo \u201cM\u00e3ozinha\u201d &#8211; Memphis Hustle-EUA<br \/>\nMarcio Henrique &#8211; RatioPharm Ulm-ALE<br \/>\nMathias Alessanco &#8211; B\u00e9tis-ESP<br \/>\nNathan Mariano &#8211; SESI Franca-SP<\/p>\n<div class=\"noticias-relacionadas rel-position rowflex\">\n<div class=\"titulo-noticia-relacionada\"><\/div>\n<\/div>\n<\/div>\n<div class=\"footer-noticia\">\n<div class=\"editor rowflex\">Edi\u00e7\u00e3o: Cl\u00e1udia Soares Rodrigues<\/div>\n<\/div>\n","protected":false},"excerpt":{"rendered":"<p>A dois dias de enfrentar o Uruguai nas eliminat\u00f3rias da AmeriCup, em Bel\u00e9m (PA), a sele\u00e7\u00e3o brasileira de basquete teve mais duas trocas no time. O t\u00e9cnico Aleksander Petrovic convocou nesta ter\u00e7a-feira (19) os jogadores Adyel Borges (clube S\u00e3o Jos\u00e9) e Kevin Crescenzi (Paulistano) para ocupar as vagas deixadas, respectivamente, por Alexey Borges e Gui &hellip;<\/p>\n","protected":false},"author":1,"featured_media":4155,"comment_status":"closed","ping_status":"closed","sticky":false,"template":"","format":"standard","meta":{"footnotes":""},"categories":[31],"tags":[],"class_list":["post-4154","post","type-post","status-publish","format-standard","has-post-thumbnail","hentry","category-esportes"],"yoast_head":"<!-- This site is optimized with the Yoast SEO plugin v27.4 - https:\/\/yoast.com\/product\/yoast-seo-wordpress\/ -->\n<title>Adyel e Crescenzi se juntam \u00e0 sele\u00e7\u00e3o para eliminat\u00f3rias da AmeriCup - Transam\u00e9rica Mococa 93,3<\/title>\n<meta name=\"robots\" content=\"index, follow, max-snippet:-1, max-image-preview:large, max-video-preview:-1\" \/>\n<link rel=\"canonical\" href=\"https:\/\/transamerica93.com.br\/home\/adyel-e-crescenzi-se-juntam-a-selecao-para-eliminatorias-da-americup\/\" \/>\n<meta property=\"og:locale\" content=\"pt_BR\" \/>\n<meta property=\"og:type\" content=\"article\" \/>\n<meta property=\"og:title\" content=\"Adyel e Crescenzi se juntam \u00e0 sele\u00e7\u00e3o para eliminat\u00f3rias da AmeriCup - Transam\u00e9rica Mococa 93,3\" \/>\n<meta property=\"og:description\" content=\"A dois dias de enfrentar o Uruguai nas eliminat\u00f3rias da AmeriCup, em Bel\u00e9m (PA), a sele\u00e7\u00e3o brasileira de basquete teve mais duas trocas no time. O t\u00e9cnico Aleksander Petrovic convocou nesta ter\u00e7a-feira (19) os jogadores Adyel Borges (clube S\u00e3o Jos\u00e9) e Kevin Crescenzi (Paulistano) para ocupar as vagas deixadas, respectivamente, por Alexey Borges e Gui &hellip;\" \/>\n<meta property=\"og:url\" content=\"https:\/\/transamerica93.com.br\/home\/adyel-e-crescenzi-se-juntam-a-selecao-para-eliminatorias-da-americup\/\" \/>\n<meta property=\"og:site_name\" content=\"Transam\u00e9rica Mococa 93,3\" \/>\n<meta property=\"article:publisher\" content=\"https:\/\/www.facebook.com\/transamericamococa\" \/>\n<meta property=\"article:published_time\" content=\"2024-11-29T15:00:10+00:00\" \/>\n<meta property=\"og:image\" content=\"https:\/\/transamerica93.com.br\/home\/wp-content\/uploads\/2024\/11\/5-1.jpg\" \/>\n\t<meta property=\"og:image:width\" content=\"1170\" \/>\n\t<meta property=\"og:image:height\" content=\"700\" \/>\n\t<meta property=\"og:image:type\" content=\"image\/jpeg\" \/>\n<meta name=\"author\" content=\"Reda\u00e7\u00e3o\" \/>\n<meta name=\"twitter:card\" content=\"summary_large_image\" \/>\n<meta name=\"twitter:creator\" content=\"@transamerica933\" \/>\n<meta name=\"twitter:site\" content=\"@transamerica933\" \/>\n<meta name=\"twitter:label1\" content=\"Escrito por\" \/>\n\t<meta name=\"twitter:data1\" content=\"Reda\u00e7\u00e3o\" \/>\n\t<meta name=\"twitter:label2\" content=\"Est. tempo de leitura\" \/>\n\t<meta name=\"twitter:data2\" content=\"3 minutos\" \/>\n<script type=\"application\/ld+json\" class=\"yoast-schema-graph\">{\"@context\":\"https:\\\/\\\/schema.org\",\"@graph\":[{\"@type\":\"Article\",\"@id\":\"https:\\\/\\\/transamerica93.com.br\\\/home\\\/adyel-e-crescenzi-se-juntam-a-selecao-para-eliminatorias-da-americup\\\/#article\",\"isPartOf\":{\"@id\":\"https:\\\/\\\/transamerica93.com.br\\\/home\\\/adyel-e-crescenzi-se-juntam-a-selecao-para-eliminatorias-da-americup\\\/\"},\"author\":{\"name\":\"Reda\u00e7\u00e3o\",\"@id\":\"https:\\\/\\\/transamerica93.com.br\\\/home\\\/#\\\/schema\\\/person\\\/7fed7c99c0d4562efa8561bc0f543172\"},\"headline\":\"Adyel e Crescenzi se juntam \u00e0 sele\u00e7\u00e3o para eliminat\u00f3rias da AmeriCup\",\"datePublished\":\"2024-11-29T15:00:10+00:00\",\"mainEntityOfPage\":{\"@id\":\"https:\\\/\\\/transamerica93.com.br\\\/home\\\/adyel-e-crescenzi-se-juntam-a-selecao-para-eliminatorias-da-americup\\\/\"},\"wordCount\":427,\"publisher\":{\"@id\":\"https:\\\/\\\/transamerica93.com.br\\\/home\\\/#organization\"},\"image\":{\"@id\":\"https:\\\/\\\/transamerica93.com.br\\\/home\\\/adyel-e-crescenzi-se-juntam-a-selecao-para-eliminatorias-da-americup\\\/#primaryimage\"},\"thumbnailUrl\":\"https:\\\/\\\/transamerica93.com.br\\\/home\\\/wp-content\\\/uploads\\\/2024\\\/11\\\/5-1.jpg\",\"articleSection\":[\"Esportes\"],\"inLanguage\":\"pt-BR\"},{\"@type\":\"WebPage\",\"@id\":\"https:\\\/\\\/transamerica93.com.br\\\/home\\\/adyel-e-crescenzi-se-juntam-a-selecao-para-eliminatorias-da-americup\\\/\",\"url\":\"https:\\\/\\\/transamerica93.com.br\\\/home\\\/adyel-e-crescenzi-se-juntam-a-selecao-para-eliminatorias-da-americup\\\/\",\"name\":\"Adyel e Crescenzi se juntam \u00e0 sele\u00e7\u00e3o para eliminat\u00f3rias da AmeriCup - Transam\u00e9rica Mococa 93,3\",\"isPartOf\":{\"@id\":\"https:\\\/\\\/transamerica93.com.br\\\/home\\\/#website\"},\"primaryImageOfPage\":{\"@id\":\"https:\\\/\\\/transamerica93.com.br\\\/home\\\/adyel-e-crescenzi-se-juntam-a-selecao-para-eliminatorias-da-americup\\\/#primaryimage\"},\"image\":{\"@id\":\"https:\\\/\\\/transamerica93.com.br\\\/home\\\/adyel-e-crescenzi-se-juntam-a-selecao-para-eliminatorias-da-americup\\\/#primaryimage\"},\"thumbnailUrl\":\"https:\\\/\\\/transamerica93.com.br\\\/home\\\/wp-content\\\/uploads\\\/2024\\\/11\\\/5-1.jpg\",\"datePublished\":\"2024-11-29T15:00:10+00:00\",\"breadcrumb\":{\"@id\":\"https:\\\/\\\/transamerica93.com.br\\\/home\\\/adyel-e-crescenzi-se-juntam-a-selecao-para-eliminatorias-da-americup\\\/#breadcrumb\"},\"inLanguage\":\"pt-BR\",\"potentialAction\":[{\"@type\":\"ReadAction\",\"target\":[\"https:\\\/\\\/transamerica93.com.br\\\/home\\\/adyel-e-crescenzi-se-juntam-a-selecao-para-eliminatorias-da-americup\\\/\"]}]},{\"@type\":\"ImageObject\",\"inLanguage\":\"pt-BR\",\"@id\":\"https:\\\/\\\/transamerica93.com.br\\\/home\\\/adyel-e-crescenzi-se-juntam-a-selecao-para-eliminatorias-da-americup\\\/#primaryimage\",\"url\":\"https:\\\/\\\/transamerica93.com.br\\\/home\\\/wp-content\\\/uploads\\\/2024\\\/11\\\/5-1.jpg\",\"contentUrl\":\"https:\\\/\\\/transamerica93.com.br\\\/home\\\/wp-content\\\/uploads\\\/2024\\\/11\\\/5-1.jpg\",\"width\":1170,\"height\":700,\"caption\":\"\u00a9 Reprodu\u00e7\u00e3o X \\\/ Basquete Brasil-CBB\"},{\"@type\":\"BreadcrumbList\",\"@id\":\"https:\\\/\\\/transamerica93.com.br\\\/home\\\/adyel-e-crescenzi-se-juntam-a-selecao-para-eliminatorias-da-americup\\\/#breadcrumb\",\"itemListElement\":[{\"@type\":\"ListItem\",\"position\":1,\"name\":\"In\u00edcio\",\"item\":\"https:\\\/\\\/transamerica93.com.br\\\/home\\\/\"},{\"@type\":\"ListItem\",\"position\":2,\"name\":\"Adyel e Crescenzi se juntam \u00e0 sele\u00e7\u00e3o para eliminat\u00f3rias da AmeriCup\"}]},{\"@type\":\"WebSite\",\"@id\":\"https:\\\/\\\/transamerica93.com.br\\\/home\\\/#website\",\"url\":\"https:\\\/\\\/transamerica93.com.br\\\/home\\\/\",\"name\":\"Transam\u00e9rica Mococa 93,3\",\"description\":\"\",\"publisher\":{\"@id\":\"https:\\\/\\\/transamerica93.com.br\\\/home\\\/#organization\"},\"potentialAction\":[{\"@type\":\"SearchAction\",\"target\":{\"@type\":\"EntryPoint\",\"urlTemplate\":\"https:\\\/\\\/transamerica93.com.br\\\/home\\\/?s={search_term_string}\"},\"query-input\":{\"@type\":\"PropertyValueSpecification\",\"valueRequired\":true,\"valueName\":\"search_term_string\"}}],\"inLanguage\":\"pt-BR\"},{\"@type\":\"Organization\",\"@id\":\"https:\\\/\\\/transamerica93.com.br\\\/home\\\/#organization\",\"name\":\"Transam\u00e9rica Mococa 93,3\",\"url\":\"https:\\\/\\\/transamerica93.com.br\\\/home\\\/\",\"logo\":{\"@type\":\"ImageObject\",\"inLanguage\":\"pt-BR\",\"@id\":\"https:\\\/\\\/transamerica93.com.br\\\/home\\\/#\\\/schema\\\/logo\\\/image\\\/\",\"url\":\"https:\\\/\\\/transamerica93.com.br\\\/home\\\/wp-content\\\/uploads\\\/2023\\\/10\\\/logo2.png\",\"contentUrl\":\"https:\\\/\\\/transamerica93.com.br\\\/home\\\/wp-content\\\/uploads\\\/2023\\\/10\\\/logo2.png\",\"width\":800,\"height\":500,\"caption\":\"Transam\u00e9rica Mococa 93,3\"},\"image\":{\"@id\":\"https:\\\/\\\/transamerica93.com.br\\\/home\\\/#\\\/schema\\\/logo\\\/image\\\/\"},\"sameAs\":[\"https:\\\/\\\/www.facebook.com\\\/transamericamococa\",\"https:\\\/\\\/x.com\\\/transamerica933\",\"https:\\\/\\\/www.instagram.com\\\/transamericamococa\"]},{\"@type\":\"Person\",\"@id\":\"https:\\\/\\\/transamerica93.com.br\\\/home\\\/#\\\/schema\\\/person\\\/7fed7c99c0d4562efa8561bc0f543172\",\"name\":\"Reda\u00e7\u00e3o\",\"image\":{\"@type\":\"ImageObject\",\"inLanguage\":\"pt-BR\",\"@id\":\"https:\\\/\\\/secure.gravatar.com\\\/avatar\\\/1072c6b775fb02ef8506ce967551d95926669a6b7d2c2147b42eea4d7c68395e?s=96&d=mm&r=g\",\"url\":\"https:\\\/\\\/secure.gravatar.com\\\/avatar\\\/1072c6b775fb02ef8506ce967551d95926669a6b7d2c2147b42eea4d7c68395e?s=96&d=mm&r=g\",\"contentUrl\":\"https:\\\/\\\/secure.gravatar.com\\\/avatar\\\/1072c6b775fb02ef8506ce967551d95926669a6b7d2c2147b42eea4d7c68395e?s=96&d=mm&r=g\",\"caption\":\"Reda\u00e7\u00e3o\"},\"sameAs\":[\"https:\\\/\\\/transamerica93.com.br\\\/home\"],\"url\":\"https:\\\/\\\/transamerica93.com.br\\\/home\\\/author\\\/william\\\/\"}]}<\/script>\n<!-- \/ Yoast SEO plugin. -->","yoast_head_json":{"title":"Adyel e Crescenzi se juntam \u00e0 sele\u00e7\u00e3o para eliminat\u00f3rias da AmeriCup - Transam\u00e9rica Mococa 93,3","robots":{"index":"index","follow":"follow","max-snippet":"max-snippet:-1","max-image-preview":"max-image-preview:large","max-video-preview":"max-video-preview:-1"},"canonical":"https:\/\/transamerica93.com.br\/home\/adyel-e-crescenzi-se-juntam-a-selecao-para-eliminatorias-da-americup\/","og_locale":"pt_BR","og_type":"article","og_title":"Adyel e Crescenzi se juntam \u00e0 sele\u00e7\u00e3o para eliminat\u00f3rias da AmeriCup - Transam\u00e9rica Mococa 93,3","og_description":"A dois dias de enfrentar o Uruguai nas eliminat\u00f3rias da AmeriCup, em Bel\u00e9m (PA), a sele\u00e7\u00e3o brasileira de basquete teve mais duas trocas no time. O t\u00e9cnico Aleksander Petrovic convocou nesta ter\u00e7a-feira (19) os jogadores Adyel Borges (clube S\u00e3o Jos\u00e9) e Kevin Crescenzi (Paulistano) para ocupar as vagas deixadas, respectivamente, por Alexey Borges e Gui &hellip;","og_url":"https:\/\/transamerica93.com.br\/home\/adyel-e-crescenzi-se-juntam-a-selecao-para-eliminatorias-da-americup\/","og_site_name":"Transam\u00e9rica Mococa 93,3","article_publisher":"https:\/\/www.facebook.com\/transamericamococa","article_published_time":"2024-11-29T15:00:10+00:00","og_image":[{"width":1170,"height":700,"url":"https:\/\/transamerica93.com.br\/home\/wp-content\/uploads\/2024\/11\/5-1.jpg","type":"image\/jpeg"}],"author":"Reda\u00e7\u00e3o","twitter_card":"summary_large_image","twitter_creator":"@transamerica933","twitter_site":"@transamerica933","twitter_misc":{"Escrito por":"Reda\u00e7\u00e3o","Est. tempo de leitura":"3 minutos"},"schema":{"@context":"https:\/\/schema.org","@graph":[{"@type":"Article","@id":"https:\/\/transamerica93.com.br\/home\/adyel-e-crescenzi-se-juntam-a-selecao-para-eliminatorias-da-americup\/#article","isPartOf":{"@id":"https:\/\/transamerica93.com.br\/home\/adyel-e-crescenzi-se-juntam-a-selecao-para-eliminatorias-da-americup\/"},"author":{"name":"Reda\u00e7\u00e3o","@id":"https:\/\/transamerica93.com.br\/home\/#\/schema\/person\/7fed7c99c0d4562efa8561bc0f543172"},"headline":"Adyel e Crescenzi se juntam \u00e0 sele\u00e7\u00e3o para eliminat\u00f3rias da AmeriCup","datePublished":"2024-11-29T15:00:10+00:00","mainEntityOfPage":{"@id":"https:\/\/transamerica93.com.br\/home\/adyel-e-crescenzi-se-juntam-a-selecao-para-eliminatorias-da-americup\/"},"wordCount":427,"publisher":{"@id":"https:\/\/transamerica93.com.br\/home\/#organization"},"image":{"@id":"https:\/\/transamerica93.com.br\/home\/adyel-e-crescenzi-se-juntam-a-selecao-para-eliminatorias-da-americup\/#primaryimage"},"thumbnailUrl":"https:\/\/transamerica93.com.br\/home\/wp-content\/uploads\/2024\/11\/5-1.jpg","articleSection":["Esportes"],"inLanguage":"pt-BR"},{"@type":"WebPage","@id":"https:\/\/transamerica93.com.br\/home\/adyel-e-crescenzi-se-juntam-a-selecao-para-eliminatorias-da-americup\/","url":"https:\/\/transamerica93.com.br\/home\/adyel-e-crescenzi-se-juntam-a-selecao-para-eliminatorias-da-americup\/","name":"Adyel e Crescenzi se juntam \u00e0 sele\u00e7\u00e3o para eliminat\u00f3rias da AmeriCup - Transam\u00e9rica Mococa 93,3","isPartOf":{"@id":"https:\/\/transamerica93.com.br\/home\/#website"},"primaryImageOfPage":{"@id":"https:\/\/transamerica93.com.br\/home\/adyel-e-crescenzi-se-juntam-a-selecao-para-eliminatorias-da-americup\/#primaryimage"},"image":{"@id":"https:\/\/transamerica93.com.br\/home\/adyel-e-crescenzi-se-juntam-a-selecao-para-eliminatorias-da-americup\/#primaryimage"},"thumbnailUrl":"https:\/\/transamerica93.com.br\/home\/wp-content\/uploads\/2024\/11\/5-1.jpg","datePublished":"2024-11-29T15:00:10+00:00","breadcrumb":{"@id":"https:\/\/transamerica93.com.br\/home\/adyel-e-crescenzi-se-juntam-a-selecao-para-eliminatorias-da-americup\/#breadcrumb"},"inLanguage":"pt-BR","potentialAction":[{"@type":"ReadAction","target":["https:\/\/transamerica93.com.br\/home\/adyel-e-crescenzi-se-juntam-a-selecao-para-eliminatorias-da-americup\/"]}]},{"@type":"ImageObject","inLanguage":"pt-BR","@id":"https:\/\/transamerica93.com.br\/home\/adyel-e-crescenzi-se-juntam-a-selecao-para-eliminatorias-da-americup\/#primaryimage","url":"https:\/\/transamerica93.com.br\/home\/wp-content\/uploads\/2024\/11\/5-1.jpg","contentUrl":"https:\/\/transamerica93.com.br\/home\/wp-content\/uploads\/2024\/11\/5-1.jpg","width":1170,"height":700,"caption":"\u00a9 Reprodu\u00e7\u00e3o X \/ Basquete Brasil-CBB"},{"@type":"BreadcrumbList","@id":"https:\/\/transamerica93.com.br\/home\/adyel-e-crescenzi-se-juntam-a-selecao-para-eliminatorias-da-americup\/#breadcrumb","itemListElement":[{"@type":"ListItem","position":1,"name":"In\u00edcio","item":"https:\/\/transamerica93.com.br\/home\/"},{"@type":"ListItem","position":2,"name":"Adyel e Crescenzi se juntam \u00e0 sele\u00e7\u00e3o para eliminat\u00f3rias da AmeriCup"}]},{"@type":"WebSite","@id":"https:\/\/transamerica93.com.br\/home\/#website","url":"https:\/\/transamerica93.com.br\/home\/","name":"Transam\u00e9rica Mococa 93,3","description":"","publisher":{"@id":"https:\/\/transamerica93.com.br\/home\/#organization"},"potentialAction":[{"@type":"SearchAction","target":{"@type":"EntryPoint","urlTemplate":"https:\/\/transamerica93.com.br\/home\/?s={search_term_string}"},"query-input":{"@type":"PropertyValueSpecification","valueRequired":true,"valueName":"search_term_string"}}],"inLanguage":"pt-BR"},{"@type":"Organization","@id":"https:\/\/transamerica93.com.br\/home\/#organization","name":"Transam\u00e9rica Mococa 93,3","url":"https:\/\/transamerica93.com.br\/home\/","logo":{"@type":"ImageObject","inLanguage":"pt-BR","@id":"https:\/\/transamerica93.com.br\/home\/#\/schema\/logo\/image\/","url":"https:\/\/transamerica93.com.br\/home\/wp-content\/uploads\/2023\/10\/logo2.png","contentUrl":"https:\/\/transamerica93.com.br\/home\/wp-content\/uploads\/2023\/10\/logo2.png","width":800,"height":500,"caption":"Transam\u00e9rica Mococa 93,3"},"image":{"@id":"https:\/\/transamerica93.com.br\/home\/#\/schema\/logo\/image\/"},"sameAs":["https:\/\/www.facebook.com\/transamericamococa","https:\/\/x.com\/transamerica933","https:\/\/www.instagram.com\/transamericamococa"]},{"@type":"Person","@id":"https:\/\/transamerica93.com.br\/home\/#\/schema\/person\/7fed7c99c0d4562efa8561bc0f543172","name":"Reda\u00e7\u00e3o","image":{"@type":"ImageObject","inLanguage":"pt-BR","@id":"https:\/\/secure.gravatar.com\/avatar\/1072c6b775fb02ef8506ce967551d95926669a6b7d2c2147b42eea4d7c68395e?s=96&d=mm&r=g","url":"https:\/\/secure.gravatar.com\/avatar\/1072c6b775fb02ef8506ce967551d95926669a6b7d2c2147b42eea4d7c68395e?s=96&d=mm&r=g","contentUrl":"https:\/\/secure.gravatar.com\/avatar\/1072c6b775fb02ef8506ce967551d95926669a6b7d2c2147b42eea4d7c68395e?s=96&d=mm&r=g","caption":"Reda\u00e7\u00e3o"},"sameAs":["https:\/\/transamerica93.com.br\/home"],"url":"https:\/\/transamerica93.com.br\/home\/author\/william\/"}]}},"_links":{"self":[{"href":"https:\/\/transamerica93.com.br\/home\/wp-json\/wp\/v2\/posts\/4154","targetHints":{"allow":["GET"]}}],"collection":[{"href":"https:\/\/transamerica93.com.br\/home\/wp-json\/wp\/v2\/posts"}],"about":[{"href":"https:\/\/transamerica93.com.br\/home\/wp-json\/wp\/v2\/types\/post"}],"author":[{"embeddable":true,"href":"https:\/\/transamerica93.com.br\/home\/wp-json\/wp\/v2\/users\/1"}],"replies":[{"embeddable":true,"href":"https:\/\/transamerica93.com.br\/home\/wp-json\/wp\/v2\/comments?post=4154"}],"version-history":[{"count":1,"href":"https:\/\/transamerica93.com.br\/home\/wp-json\/wp\/v2\/posts\/4154\/revisions"}],"predecessor-version":[{"id":4156,"href":"https:\/\/transamerica93.com.br\/home\/wp-json\/wp\/v2\/posts\/4154\/revisions\/4156"}],"wp:featuredmedia":[{"embeddable":true,"href":"https:\/\/transamerica93.com.br\/home\/wp-json\/wp\/v2\/media\/4155"}],"wp:attachment":[{"href":"https:\/\/transamerica93.com.br\/home\/wp-json\/wp\/v2\/media?parent=4154"}],"wp:term":[{"taxonomy":"category","embeddable":true,"href":"https:\/\/transamerica93.com.br\/home\/wp-json\/wp\/v2\/categories?post=4154"},{"taxonomy":"post_tag","embeddable":true,"href":"https:\/\/transamerica93.com.br\/home\/wp-json\/wp\/v2\/tags?post=4154"}],"curies":[{"name":"wp","href":"https:\/\/api.w.org\/{rel}","templated":true}]}}