{"id":4158,"date":"2024-11-25T18:00:56","date_gmt":"2024-11-25T21:00:56","guid":{"rendered":"https:\/\/transamerica93.com.br\/home\/?p=4158"},"modified":"2024-11-20T10:26:55","modified_gmt":"2024-11-20T13:26:55","slug":"iza-mostra-o-rosto-de-sua-filha-nala-pela-primeira-vez","status":"publish","type":"post","link":"https:\/\/transamerica93.com.br\/home\/iza-mostra-o-rosto-de-sua-filha-nala-pela-primeira-vez\/","title":{"rendered":"Iza mostra o rosto de sua filha, Nala, pela primeira vez"},"content":{"rendered":"<h6 class=\"Assina\">Por Reda\u00e7\u00e3o E+<\/h6>\n<p>Iza usou suas redes sociais para mostrar o rosto de Nala pela primeira vez quase um m\u00eas ap\u00f3s ao nascimento da pequena. A cantora pegou os f\u00e3s de surpresa no \u00faltimo s\u00e1bado, 9, ao abrir um \u00e1lbum de fotos de familiares com a beb\u00ea.<\/p>\n<p>&#8220;Vivendo e recebendo o maior amor do mundo por aqui. Alguns registros dos primeiros dias com a fam\u00edlia mais especial. \u00d4, sorte! Obrigada por cada mensagem de carinho&#8221;, escreveu na legenda da publica\u00e7\u00e3o.<\/p>\n<p>Apenas uma das fotos publicadas pela artista mostra o rosto de Nala.<\/p>\n<p>Nos coment\u00e1rios, f\u00e3s, amigos e internautas celebraram a vida da pequena. &#8220;Sa\u00fade e muito amor para voc\u00ea e Nala, Iza&#8221;, desejou J\u00e9ssica Ellen. &#8220;Nala, que Nossa Senhora te proteja. Parab\u00e9ns mam\u00e3e linda&#8221;, disse Eliana. &#8220;Seja bem-vinda Nala! Sa\u00fade, paz e muito amor&#8221;, escreveu Astrid Fontenelle.<\/p>\n<p>Nala nasceu em 13 de outubro e \u00e9 fruto do relacionamento de Iza com o jogador de futebol Yuri Lima.<\/p>\n<p><a href=\"https:\/\/www.instagram.com\/p\/DCKmhP4ydyv\/?\" target=\"_blank\" rel=\"noopener\"><u>Confira aqui<\/u><\/a><\/p>\n","protected":false},"excerpt":{"rendered":"<p>Por Reda\u00e7\u00e3o E+ Iza usou suas redes sociais para mostrar o rosto de Nala pela primeira vez quase um m\u00eas ap\u00f3s ao nascimento da pequena. A cantora pegou os f\u00e3s de surpresa no \u00faltimo s\u00e1bado, 9, ao abrir um \u00e1lbum de fotos de familiares com a beb\u00ea. &#8220;Vivendo e recebendo o maior amor do mundo &hellip;<\/p>\n","protected":false},"author":1,"featured_media":4159,"comment_status":"closed","ping_status":"closed","sticky":false,"template":"","format":"standard","meta":{"footnotes":""},"categories":[24],"tags":[],"class_list":["post-4158","post","type-post","status-publish","format-standard","has-post-thumbnail","hentry","category-entretenimento"],"yoast_head":"<!-- This site is optimized with the Yoast SEO plugin v27.4 - https:\/\/yoast.com\/product\/yoast-seo-wordpress\/ -->\n<title>Iza mostra o rosto de sua filha, Nala, pela primeira vez - Transam\u00e9rica Mococa 93,3<\/title>\n<meta name=\"robots\" content=\"index, follow, max-snippet:-1, max-image-preview:large, max-video-preview:-1\" \/>\n<link rel=\"canonical\" href=\"https:\/\/transamerica93.com.br\/home\/iza-mostra-o-rosto-de-sua-filha-nala-pela-primeira-vez\/\" \/>\n<meta property=\"og:locale\" content=\"pt_BR\" \/>\n<meta property=\"og:type\" content=\"article\" \/>\n<meta property=\"og:title\" content=\"Iza mostra o rosto de sua filha, Nala, pela primeira vez - Transam\u00e9rica Mococa 93,3\" \/>\n<meta property=\"og:description\" content=\"Por Reda\u00e7\u00e3o E+ Iza usou suas redes sociais para mostrar o rosto de Nala pela primeira vez quase um m\u00eas ap\u00f3s ao nascimento da pequena. A cantora pegou os f\u00e3s de surpresa no \u00faltimo s\u00e1bado, 9, ao abrir um \u00e1lbum de fotos de familiares com a beb\u00ea. &#8220;Vivendo e recebendo o maior amor do mundo &hellip;\" \/>\n<meta property=\"og:url\" content=\"https:\/\/transamerica93.com.br\/home\/iza-mostra-o-rosto-de-sua-filha-nala-pela-primeira-vez\/\" \/>\n<meta property=\"og:site_name\" content=\"Transam\u00e9rica Mococa 93,3\" \/>\n<meta property=\"article:publisher\" content=\"https:\/\/www.facebook.com\/transamericamococa\" \/>\n<meta property=\"article:published_time\" content=\"2024-11-25T21:00:56+00:00\" \/>\n<meta property=\"og:image\" content=\"https:\/\/transamerica93.com.br\/home\/wp-content\/uploads\/2024\/11\/5-2.jpg\" \/>\n\t<meta property=\"og:image:width\" content=\"1280\" \/>\n\t<meta property=\"og:image:height\" content=\"720\" \/>\n\t<meta property=\"og:image:type\" content=\"image\/jpeg\" \/>\n<meta name=\"author\" content=\"Reda\u00e7\u00e3o\" \/>\n<meta name=\"twitter:card\" content=\"summary_large_image\" \/>\n<meta name=\"twitter:creator\" content=\"@transamerica933\" \/>\n<meta name=\"twitter:site\" content=\"@transamerica933\" \/>\n<meta name=\"twitter:label1\" content=\"Escrito por\" \/>\n\t<meta name=\"twitter:data1\" content=\"Reda\u00e7\u00e3o\" \/>\n\t<meta name=\"twitter:label2\" content=\"Est. tempo de leitura\" \/>\n\t<meta name=\"twitter:data2\" content=\"2 minutos\" \/>\n<script type=\"application\/ld+json\" class=\"yoast-schema-graph\">{\"@context\":\"https:\\\/\\\/schema.org\",\"@graph\":[{\"@type\":\"Article\",\"@id\":\"https:\\\/\\\/transamerica93.com.br\\\/home\\\/iza-mostra-o-rosto-de-sua-filha-nala-pela-primeira-vez\\\/#article\",\"isPartOf\":{\"@id\":\"https:\\\/\\\/transamerica93.com.br\\\/home\\\/iza-mostra-o-rosto-de-sua-filha-nala-pela-primeira-vez\\\/\"},\"author\":{\"name\":\"Reda\u00e7\u00e3o\",\"@id\":\"https:\\\/\\\/transamerica93.com.br\\\/home\\\/#\\\/schema\\\/person\\\/7fed7c99c0d4562efa8561bc0f543172\"},\"headline\":\"Iza mostra o rosto de sua filha, Nala, pela primeira vez\",\"datePublished\":\"2024-11-25T21:00:56+00:00\",\"mainEntityOfPage\":{\"@id\":\"https:\\\/\\\/transamerica93.com.br\\\/home\\\/iza-mostra-o-rosto-de-sua-filha-nala-pela-primeira-vez\\\/\"},\"wordCount\":180,\"publisher\":{\"@id\":\"https:\\\/\\\/transamerica93.com.br\\\/home\\\/#organization\"},\"image\":{\"@id\":\"https:\\\/\\\/transamerica93.com.br\\\/home\\\/iza-mostra-o-rosto-de-sua-filha-nala-pela-primeira-vez\\\/#primaryimage\"},\"thumbnailUrl\":\"https:\\\/\\\/transamerica93.com.br\\\/home\\\/wp-content\\\/uploads\\\/2024\\\/11\\\/5-2.jpg\",\"articleSection\":[\"Entretenimento\"],\"inLanguage\":\"pt-BR\"},{\"@type\":\"WebPage\",\"@id\":\"https:\\\/\\\/transamerica93.com.br\\\/home\\\/iza-mostra-o-rosto-de-sua-filha-nala-pela-primeira-vez\\\/\",\"url\":\"https:\\\/\\\/transamerica93.com.br\\\/home\\\/iza-mostra-o-rosto-de-sua-filha-nala-pela-primeira-vez\\\/\",\"name\":\"Iza mostra o rosto de sua filha, Nala, pela primeira vez - Transam\u00e9rica Mococa 93,3\",\"isPartOf\":{\"@id\":\"https:\\\/\\\/transamerica93.com.br\\\/home\\\/#website\"},\"primaryImageOfPage\":{\"@id\":\"https:\\\/\\\/transamerica93.com.br\\\/home\\\/iza-mostra-o-rosto-de-sua-filha-nala-pela-primeira-vez\\\/#primaryimage\"},\"image\":{\"@id\":\"https:\\\/\\\/transamerica93.com.br\\\/home\\\/iza-mostra-o-rosto-de-sua-filha-nala-pela-primeira-vez\\\/#primaryimage\"},\"thumbnailUrl\":\"https:\\\/\\\/transamerica93.com.br\\\/home\\\/wp-content\\\/uploads\\\/2024\\\/11\\\/5-2.jpg\",\"datePublished\":\"2024-11-25T21:00:56+00:00\",\"breadcrumb\":{\"@id\":\"https:\\\/\\\/transamerica93.com.br\\\/home\\\/iza-mostra-o-rosto-de-sua-filha-nala-pela-primeira-vez\\\/#breadcrumb\"},\"inLanguage\":\"pt-BR\",\"potentialAction\":[{\"@type\":\"ReadAction\",\"target\":[\"https:\\\/\\\/transamerica93.com.br\\\/home\\\/iza-mostra-o-rosto-de-sua-filha-nala-pela-primeira-vez\\\/\"]}]},{\"@type\":\"ImageObject\",\"inLanguage\":\"pt-BR\",\"@id\":\"https:\\\/\\\/transamerica93.com.br\\\/home\\\/iza-mostra-o-rosto-de-sua-filha-nala-pela-primeira-vez\\\/#primaryimage\",\"url\":\"https:\\\/\\\/transamerica93.com.br\\\/home\\\/wp-content\\\/uploads\\\/2024\\\/11\\\/5-2.jpg\",\"contentUrl\":\"https:\\\/\\\/transamerica93.com.br\\\/home\\\/wp-content\\\/uploads\\\/2024\\\/11\\\/5-2.jpg\",\"width\":1280,\"height\":720},{\"@type\":\"BreadcrumbList\",\"@id\":\"https:\\\/\\\/transamerica93.com.br\\\/home\\\/iza-mostra-o-rosto-de-sua-filha-nala-pela-primeira-vez\\\/#breadcrumb\",\"itemListElement\":[{\"@type\":\"ListItem\",\"position\":1,\"name\":\"In\u00edcio\",\"item\":\"https:\\\/\\\/transamerica93.com.br\\\/home\\\/\"},{\"@type\":\"ListItem\",\"position\":2,\"name\":\"Iza mostra o rosto de sua filha, Nala, pela primeira vez\"}]},{\"@type\":\"WebSite\",\"@id\":\"https:\\\/\\\/transamerica93.com.br\\\/home\\\/#website\",\"url\":\"https:\\\/\\\/transamerica93.com.br\\\/home\\\/\",\"name\":\"Transam\u00e9rica Mococa 93,3\",\"description\":\"\",\"publisher\":{\"@id\":\"https:\\\/\\\/transamerica93.com.br\\\/home\\\/#organization\"},\"potentialAction\":[{\"@type\":\"SearchAction\",\"target\":{\"@type\":\"EntryPoint\",\"urlTemplate\":\"https:\\\/\\\/transamerica93.com.br\\\/home\\\/?s={search_term_string}\"},\"query-input\":{\"@type\":\"PropertyValueSpecification\",\"valueRequired\":true,\"valueName\":\"search_term_string\"}}],\"inLanguage\":\"pt-BR\"},{\"@type\":\"Organization\",\"@id\":\"https:\\\/\\\/transamerica93.com.br\\\/home\\\/#organization\",\"name\":\"Transam\u00e9rica Mococa 93,3\",\"url\":\"https:\\\/\\\/transamerica93.com.br\\\/home\\\/\",\"logo\":{\"@type\":\"ImageObject\",\"inLanguage\":\"pt-BR\",\"@id\":\"https:\\\/\\\/transamerica93.com.br\\\/home\\\/#\\\/schema\\\/logo\\\/image\\\/\",\"url\":\"https:\\\/\\\/transamerica93.com.br\\\/home\\\/wp-content\\\/uploads\\\/2023\\\/10\\\/logo2.png\",\"contentUrl\":\"https:\\\/\\\/transamerica93.com.br\\\/home\\\/wp-content\\\/uploads\\\/2023\\\/10\\\/logo2.png\",\"width\":800,\"height\":500,\"caption\":\"Transam\u00e9rica Mococa 93,3\"},\"image\":{\"@id\":\"https:\\\/\\\/transamerica93.com.br\\\/home\\\/#\\\/schema\\\/logo\\\/image\\\/\"},\"sameAs\":[\"https:\\\/\\\/www.facebook.com\\\/transamericamococa\",\"https:\\\/\\\/x.com\\\/transamerica933\",\"https:\\\/\\\/www.instagram.com\\\/transamericamococa\"]},{\"@type\":\"Person\",\"@id\":\"https:\\\/\\\/transamerica93.com.br\\\/home\\\/#\\\/schema\\\/person\\\/7fed7c99c0d4562efa8561bc0f543172\",\"name\":\"Reda\u00e7\u00e3o\",\"image\":{\"@type\":\"ImageObject\",\"inLanguage\":\"pt-BR\",\"@id\":\"https:\\\/\\\/secure.gravatar.com\\\/avatar\\\/1072c6b775fb02ef8506ce967551d95926669a6b7d2c2147b42eea4d7c68395e?s=96&d=mm&r=g\",\"url\":\"https:\\\/\\\/secure.gravatar.com\\\/avatar\\\/1072c6b775fb02ef8506ce967551d95926669a6b7d2c2147b42eea4d7c68395e?s=96&d=mm&r=g\",\"contentUrl\":\"https:\\\/\\\/secure.gravatar.com\\\/avatar\\\/1072c6b775fb02ef8506ce967551d95926669a6b7d2c2147b42eea4d7c68395e?s=96&d=mm&r=g\",\"caption\":\"Reda\u00e7\u00e3o\"},\"sameAs\":[\"https:\\\/\\\/transamerica93.com.br\\\/home\"],\"url\":\"https:\\\/\\\/transamerica93.com.br\\\/home\\\/author\\\/william\\\/\"}]}<\/script>\n<!-- \/ Yoast SEO plugin. -->","yoast_head_json":{"title":"Iza mostra o rosto de sua filha, Nala, pela primeira vez - Transam\u00e9rica Mococa 93,3","robots":{"index":"index","follow":"follow","max-snippet":"max-snippet:-1","max-image-preview":"max-image-preview:large","max-video-preview":"max-video-preview:-1"},"canonical":"https:\/\/transamerica93.com.br\/home\/iza-mostra-o-rosto-de-sua-filha-nala-pela-primeira-vez\/","og_locale":"pt_BR","og_type":"article","og_title":"Iza mostra o rosto de sua filha, Nala, pela primeira vez - Transam\u00e9rica Mococa 93,3","og_description":"Por Reda\u00e7\u00e3o E+ Iza usou suas redes sociais para mostrar o rosto de Nala pela primeira vez quase um m\u00eas ap\u00f3s ao nascimento da pequena. A cantora pegou os f\u00e3s de surpresa no \u00faltimo s\u00e1bado, 9, ao abrir um \u00e1lbum de fotos de familiares com a beb\u00ea. &#8220;Vivendo e recebendo o maior amor do mundo &hellip;","og_url":"https:\/\/transamerica93.com.br\/home\/iza-mostra-o-rosto-de-sua-filha-nala-pela-primeira-vez\/","og_site_name":"Transam\u00e9rica Mococa 93,3","article_publisher":"https:\/\/www.facebook.com\/transamericamococa","article_published_time":"2024-11-25T21:00:56+00:00","og_image":[{"width":1280,"height":720,"url":"https:\/\/transamerica93.com.br\/home\/wp-content\/uploads\/2024\/11\/5-2.jpg","type":"image\/jpeg"}],"author":"Reda\u00e7\u00e3o","twitter_card":"summary_large_image","twitter_creator":"@transamerica933","twitter_site":"@transamerica933","twitter_misc":{"Escrito por":"Reda\u00e7\u00e3o","Est. tempo de leitura":"2 minutos"},"schema":{"@context":"https:\/\/schema.org","@graph":[{"@type":"Article","@id":"https:\/\/transamerica93.com.br\/home\/iza-mostra-o-rosto-de-sua-filha-nala-pela-primeira-vez\/#article","isPartOf":{"@id":"https:\/\/transamerica93.com.br\/home\/iza-mostra-o-rosto-de-sua-filha-nala-pela-primeira-vez\/"},"author":{"name":"Reda\u00e7\u00e3o","@id":"https:\/\/transamerica93.com.br\/home\/#\/schema\/person\/7fed7c99c0d4562efa8561bc0f543172"},"headline":"Iza mostra o rosto de sua filha, Nala, pela primeira vez","datePublished":"2024-11-25T21:00:56+00:00","mainEntityOfPage":{"@id":"https:\/\/transamerica93.com.br\/home\/iza-mostra-o-rosto-de-sua-filha-nala-pela-primeira-vez\/"},"wordCount":180,"publisher":{"@id":"https:\/\/transamerica93.com.br\/home\/#organization"},"image":{"@id":"https:\/\/transamerica93.com.br\/home\/iza-mostra-o-rosto-de-sua-filha-nala-pela-primeira-vez\/#primaryimage"},"thumbnailUrl":"https:\/\/transamerica93.com.br\/home\/wp-content\/uploads\/2024\/11\/5-2.jpg","articleSection":["Entretenimento"],"inLanguage":"pt-BR"},{"@type":"WebPage","@id":"https:\/\/transamerica93.com.br\/home\/iza-mostra-o-rosto-de-sua-filha-nala-pela-primeira-vez\/","url":"https:\/\/transamerica93.com.br\/home\/iza-mostra-o-rosto-de-sua-filha-nala-pela-primeira-vez\/","name":"Iza mostra o rosto de sua filha, Nala, pela primeira vez - Transam\u00e9rica Mococa 93,3","isPartOf":{"@id":"https:\/\/transamerica93.com.br\/home\/#website"},"primaryImageOfPage":{"@id":"https:\/\/transamerica93.com.br\/home\/iza-mostra-o-rosto-de-sua-filha-nala-pela-primeira-vez\/#primaryimage"},"image":{"@id":"https:\/\/transamerica93.com.br\/home\/iza-mostra-o-rosto-de-sua-filha-nala-pela-primeira-vez\/#primaryimage"},"thumbnailUrl":"https:\/\/transamerica93.com.br\/home\/wp-content\/uploads\/2024\/11\/5-2.jpg","datePublished":"2024-11-25T21:00:56+00:00","breadcrumb":{"@id":"https:\/\/transamerica93.com.br\/home\/iza-mostra-o-rosto-de-sua-filha-nala-pela-primeira-vez\/#breadcrumb"},"inLanguage":"pt-BR","potentialAction":[{"@type":"ReadAction","target":["https:\/\/transamerica93.com.br\/home\/iza-mostra-o-rosto-de-sua-filha-nala-pela-primeira-vez\/"]}]},{"@type":"ImageObject","inLanguage":"pt-BR","@id":"https:\/\/transamerica93.com.br\/home\/iza-mostra-o-rosto-de-sua-filha-nala-pela-primeira-vez\/#primaryimage","url":"https:\/\/transamerica93.com.br\/home\/wp-content\/uploads\/2024\/11\/5-2.jpg","contentUrl":"https:\/\/transamerica93.com.br\/home\/wp-content\/uploads\/2024\/11\/5-2.jpg","width":1280,"height":720},{"@type":"BreadcrumbList","@id":"https:\/\/transamerica93.com.br\/home\/iza-mostra-o-rosto-de-sua-filha-nala-pela-primeira-vez\/#breadcrumb","itemListElement":[{"@type":"ListItem","position":1,"name":"In\u00edcio","item":"https:\/\/transamerica93.com.br\/home\/"},{"@type":"ListItem","position":2,"name":"Iza mostra o rosto de sua filha, Nala, pela primeira vez"}]},{"@type":"WebSite","@id":"https:\/\/transamerica93.com.br\/home\/#website","url":"https:\/\/transamerica93.com.br\/home\/","name":"Transam\u00e9rica Mococa 93,3","description":"","publisher":{"@id":"https:\/\/transamerica93.com.br\/home\/#organization"},"potentialAction":[{"@type":"SearchAction","target":{"@type":"EntryPoint","urlTemplate":"https:\/\/transamerica93.com.br\/home\/?s={search_term_string}"},"query-input":{"@type":"PropertyValueSpecification","valueRequired":true,"valueName":"search_term_string"}}],"inLanguage":"pt-BR"},{"@type":"Organization","@id":"https:\/\/transamerica93.com.br\/home\/#organization","name":"Transam\u00e9rica Mococa 93,3","url":"https:\/\/transamerica93.com.br\/home\/","logo":{"@type":"ImageObject","inLanguage":"pt-BR","@id":"https:\/\/transamerica93.com.br\/home\/#\/schema\/logo\/image\/","url":"https:\/\/transamerica93.com.br\/home\/wp-content\/uploads\/2023\/10\/logo2.png","contentUrl":"https:\/\/transamerica93.com.br\/home\/wp-content\/uploads\/2023\/10\/logo2.png","width":800,"height":500,"caption":"Transam\u00e9rica Mococa 93,3"},"image":{"@id":"https:\/\/transamerica93.com.br\/home\/#\/schema\/logo\/image\/"},"sameAs":["https:\/\/www.facebook.com\/transamericamococa","https:\/\/x.com\/transamerica933","https:\/\/www.instagram.com\/transamericamococa"]},{"@type":"Person","@id":"https:\/\/transamerica93.com.br\/home\/#\/schema\/person\/7fed7c99c0d4562efa8561bc0f543172","name":"Reda\u00e7\u00e3o","image":{"@type":"ImageObject","inLanguage":"pt-BR","@id":"https:\/\/secure.gravatar.com\/avatar\/1072c6b775fb02ef8506ce967551d95926669a6b7d2c2147b42eea4d7c68395e?s=96&d=mm&r=g","url":"https:\/\/secure.gravatar.com\/avatar\/1072c6b775fb02ef8506ce967551d95926669a6b7d2c2147b42eea4d7c68395e?s=96&d=mm&r=g","contentUrl":"https:\/\/secure.gravatar.com\/avatar\/1072c6b775fb02ef8506ce967551d95926669a6b7d2c2147b42eea4d7c68395e?s=96&d=mm&r=g","caption":"Reda\u00e7\u00e3o"},"sameAs":["https:\/\/transamerica93.com.br\/home"],"url":"https:\/\/transamerica93.com.br\/home\/author\/william\/"}]}},"_links":{"self":[{"href":"https:\/\/transamerica93.com.br\/home\/wp-json\/wp\/v2\/posts\/4158","targetHints":{"allow":["GET"]}}],"collection":[{"href":"https:\/\/transamerica93.com.br\/home\/wp-json\/wp\/v2\/posts"}],"about":[{"href":"https:\/\/transamerica93.com.br\/home\/wp-json\/wp\/v2\/types\/post"}],"author":[{"embeddable":true,"href":"https:\/\/transamerica93.com.br\/home\/wp-json\/wp\/v2\/users\/1"}],"replies":[{"embeddable":true,"href":"https:\/\/transamerica93.com.br\/home\/wp-json\/wp\/v2\/comments?post=4158"}],"version-history":[{"count":1,"href":"https:\/\/transamerica93.com.br\/home\/wp-json\/wp\/v2\/posts\/4158\/revisions"}],"predecessor-version":[{"id":4160,"href":"https:\/\/transamerica93.com.br\/home\/wp-json\/wp\/v2\/posts\/4158\/revisions\/4160"}],"wp:featuredmedia":[{"embeddable":true,"href":"https:\/\/transamerica93.com.br\/home\/wp-json\/wp\/v2\/media\/4159"}],"wp:attachment":[{"href":"https:\/\/transamerica93.com.br\/home\/wp-json\/wp\/v2\/media?parent=4158"}],"wp:term":[{"taxonomy":"category","embeddable":true,"href":"https:\/\/transamerica93.com.br\/home\/wp-json\/wp\/v2\/categories?post=4158"},{"taxonomy":"post_tag","embeddable":true,"href":"https:\/\/transamerica93.com.br\/home\/wp-json\/wp\/v2\/tags?post=4158"}],"curies":[{"name":"wp","href":"https:\/\/api.w.org\/{rel}","templated":true}]}}