{"id":4178,"date":"2024-12-02T09:00:14","date_gmt":"2024-12-02T12:00:14","guid":{"rendered":"https:\/\/transamerica93.com.br\/home\/?p=4178"},"modified":"2024-11-27T16:09:38","modified_gmt":"2024-11-27T19:09:38","slug":"violencia-aumenta-risco-de-internacao-psiquiatrica-entre-jovens","status":"publish","type":"post","link":"https:\/\/transamerica93.com.br\/home\/violencia-aumenta-risco-de-internacao-psiquiatrica-entre-jovens\/","title":{"rendered":"Viol\u00eancia aumenta risco de interna\u00e7\u00e3o psiqui\u00e1trica entre jovens"},"content":{"rendered":"<div class=\"conteudo-noticia\">\n<p>Crian\u00e7as, adolescentes e jovens com baixa renda, v\u00edtimas de viol\u00eancia, t\u00eam cinco vezes mais risco de precisar de uma interna\u00e7\u00e3o psiqui\u00e1trica, de acordo com estudo realizado pela Fiocruz Bahia em parceria com a Universidade de Harvard. Quando s\u00e3o analisadas apenas crian\u00e7as, o risco aumenta para sete vezes. As taxas de incid\u00eancia de hospitaliza\u00e7\u00e3o tamb\u00e9m apresentaram grande disparidade. Entre jovens v\u00edtimas de viol\u00eancia interpessoal foi de 80,1 por 100 mil pessoas ao ano, enquanto entre n\u00e3o v\u00edtimas foi de 11,67 a cada 100 mil.\u00a0\u00a0<img decoding=\"async\" data-src=\"https:\/\/agenciabrasil.ebc.com.br\/ebc.png?id=1621314&amp;o=node\" src=\"data:image\/svg+xml;base64,PHN2ZyB3aWR0aD0iMSIgaGVpZ2h0PSIxIiB4bWxucz0iaHR0cDovL3d3dy53My5vcmcvMjAwMC9zdmciPjwvc3ZnPg==\" class=\"lazyload\" \/><img decoding=\"async\" data-src=\"https:\/\/agenciabrasil.ebc.com.br\/ebc.gif?id=1621314&amp;o=node\" src=\"data:image\/svg+xml;base64,PHN2ZyB3aWR0aD0iMSIgaGVpZ2h0PSIxIiB4bWxucz0iaHR0cDovL3d3dy53My5vcmcvMjAwMC9zdmciPjwvc3ZnPg==\" class=\"lazyload\" \/><\/p>\n<p>O estudo utilizou dados do Sistema de Informa\u00e7\u00f5es Hospitalares, referentes a interna\u00e7\u00f5es volunt\u00e1rias ou n\u00e3o, e tamb\u00e9m do Sistema de Informa\u00e7\u00e3o de Agravos de Notifica\u00e7\u00e3o. No Brasil, desde 2011, os servi\u00e7os de sa\u00fade s\u00e3o obrigados a notificar todos os casos de pacientes que sofreram alguma viol\u00eancia f\u00edsica &#8211; de car\u00e1ter sexual ou n\u00e3o &#8211; ou psicol\u00f3gica.<\/p>\n<p>Ap\u00f3s analisar dados de mais de 9 milh\u00f5es de pessoas com baixa renda, de 5 a 24 anos de idade, entre 2011 e 2019, o estudo identificou cerca de 5,8 mil que j\u00e1 tinham sido internadas por algum transtorno mental, como causa prim\u00e1ria ou secund\u00e1ria.<\/p>\n<p>A pesquisadora associada ao Centro de Integra\u00e7\u00e3o de Dados e Conhecimentos para Sa\u00fade da Fiocruz Bahia Lidiane Toledo disse que em todas as faixas et\u00e1rias o registro pr\u00e9vio de notifica\u00e7\u00e3o de viol\u00eancia foi o principal fator associado ao risco de interna\u00e7\u00e3o psiqui\u00e1trica.<\/p>\n<p>&#8220;Jovens com condi\u00e7\u00f5es socioecon\u00f4micas mais desfavor\u00e1veis tamb\u00e9m apresentaram maior risco de interna\u00e7\u00e3o psiqui\u00e1trica\u201d.<\/p>\n<p>A pesquisadora ressalta ainda que apesar da interna\u00e7\u00e3o oferecer um suporte cl\u00ednico importante em casos graves, ela est\u00e1 associada a riscos de autoles\u00e3o, suic\u00eddio e reinterna\u00e7\u00f5es, e tamb\u00e9m a preju\u00edzos em outras \u00e1reas da vida, como a interrup\u00e7\u00e3o dos estudos. Por isso, segundo a pesquisadora, o estudo defende abordagens focadas na preven\u00e7\u00e3o da viol\u00eancia nas escolas, nas comunidades e nas fam\u00edlias, como programas que ensinem habilidades parentais positivas e respons\u00e1veis, e habilidades sociais que ajudem as crian\u00e7as e adolescentes a lidar com a raiva, resolver conflitos e enfrentar desafios.<\/p>\n<p>A pesquisadora refor\u00e7a tamb\u00e9m que s\u00e3o necess\u00e1rias interven\u00e7\u00f5es para romper o ciclo da pobreza.<\/p>\n<p>&#8220;Sofrer viol\u00eancia \u00e9 um grande fator de estresse ps\u00edquico, particularmente se a gente considerar os primeiros est\u00e1gios da vida. A viol\u00eancia est\u00e1 associada n\u00e3o somente a traumas agudos, mas tamb\u00e9m a repercuss\u00f5es negativas, como, por exemplo, a deteriora\u00e7\u00e3o da sa\u00fade mental durante o curso da vida. Ent\u00e3o \u00e9 important\u00edssimo n\u00e3o s\u00f3 o acolhimento imediato das v\u00edtimas de viol\u00eancia, mas tamb\u00e9m o acompanhamento de longo prazo&#8221;, explica Lidiane.<\/p>\n<div class=\"noticias-relacionadas rel-position rowflex\"><\/div>\n<\/div>\n<div class=\"footer-noticia\">\n<div class=\"editor rowflex\">\n<div class=\"nome-editor\">Fernando Fraga<\/div>\n<\/div>\n<\/div>\n","protected":false},"excerpt":{"rendered":"<p>Crian\u00e7as, adolescentes e jovens com baixa renda, v\u00edtimas de viol\u00eancia, t\u00eam cinco vezes mais risco de precisar de uma interna\u00e7\u00e3o psiqui\u00e1trica, de acordo com estudo realizado pela Fiocruz Bahia em parceria com a Universidade de Harvard. Quando s\u00e3o analisadas apenas crian\u00e7as, o risco aumenta para sete vezes. As taxas de incid\u00eancia de hospitaliza\u00e7\u00e3o tamb\u00e9m apresentaram &hellip;<\/p>\n","protected":false},"author":1,"featured_media":4179,"comment_status":"closed","ping_status":"closed","sticky":false,"template":"","format":"standard","meta":{"footnotes":""},"categories":[30],"tags":[],"class_list":["post-4178","post","type-post","status-publish","format-standard","has-post-thumbnail","hentry","category-geral"],"yoast_head":"<!-- This site is optimized with the Yoast SEO plugin v27.4 - https:\/\/yoast.com\/product\/yoast-seo-wordpress\/ -->\n<title>Viol\u00eancia aumenta risco de interna\u00e7\u00e3o psiqui\u00e1trica entre jovens - Transam\u00e9rica Mococa 93,3<\/title>\n<meta name=\"robots\" content=\"index, follow, max-snippet:-1, max-image-preview:large, max-video-preview:-1\" \/>\n<link rel=\"canonical\" href=\"https:\/\/transamerica93.com.br\/home\/violencia-aumenta-risco-de-internacao-psiquiatrica-entre-jovens\/\" \/>\n<meta property=\"og:locale\" content=\"pt_BR\" \/>\n<meta property=\"og:type\" content=\"article\" \/>\n<meta property=\"og:title\" content=\"Viol\u00eancia aumenta risco de interna\u00e7\u00e3o psiqui\u00e1trica entre jovens - Transam\u00e9rica Mococa 93,3\" \/>\n<meta property=\"og:description\" content=\"Crian\u00e7as, adolescentes e jovens com baixa renda, v\u00edtimas de viol\u00eancia, t\u00eam cinco vezes mais risco de precisar de uma interna\u00e7\u00e3o psiqui\u00e1trica, de acordo com estudo realizado pela Fiocruz Bahia em parceria com a Universidade de Harvard. Quando s\u00e3o analisadas apenas crian\u00e7as, o risco aumenta para sete vezes. As taxas de incid\u00eancia de hospitaliza\u00e7\u00e3o tamb\u00e9m apresentaram &hellip;\" \/>\n<meta property=\"og:url\" content=\"https:\/\/transamerica93.com.br\/home\/violencia-aumenta-risco-de-internacao-psiquiatrica-entre-jovens\/\" \/>\n<meta property=\"og:site_name\" content=\"Transam\u00e9rica Mococa 93,3\" \/>\n<meta property=\"article:publisher\" content=\"https:\/\/www.facebook.com\/transamericamococa\" \/>\n<meta property=\"article:published_time\" content=\"2024-12-02T12:00:14+00:00\" \/>\n<meta property=\"og:image\" content=\"https:\/\/transamerica93.com.br\/home\/wp-content\/uploads\/2024\/11\/1-1.jpg\" \/>\n\t<meta property=\"og:image:width\" content=\"1170\" \/>\n\t<meta property=\"og:image:height\" content=\"700\" \/>\n\t<meta property=\"og:image:type\" content=\"image\/jpeg\" \/>\n<meta name=\"author\" content=\"Reda\u00e7\u00e3o\" \/>\n<meta name=\"twitter:card\" content=\"summary_large_image\" \/>\n<meta name=\"twitter:creator\" content=\"@transamerica933\" \/>\n<meta name=\"twitter:site\" content=\"@transamerica933\" \/>\n<meta name=\"twitter:label1\" content=\"Escrito por\" \/>\n\t<meta name=\"twitter:data1\" content=\"Reda\u00e7\u00e3o\" \/>\n\t<meta name=\"twitter:label2\" content=\"Est. tempo de leitura\" \/>\n\t<meta name=\"twitter:data2\" content=\"3 minutos\" \/>\n<script type=\"application\/ld+json\" class=\"yoast-schema-graph\">{\"@context\":\"https:\\\/\\\/schema.org\",\"@graph\":[{\"@type\":\"Article\",\"@id\":\"https:\\\/\\\/transamerica93.com.br\\\/home\\\/violencia-aumenta-risco-de-internacao-psiquiatrica-entre-jovens\\\/#article\",\"isPartOf\":{\"@id\":\"https:\\\/\\\/transamerica93.com.br\\\/home\\\/violencia-aumenta-risco-de-internacao-psiquiatrica-entre-jovens\\\/\"},\"author\":{\"name\":\"Reda\u00e7\u00e3o\",\"@id\":\"https:\\\/\\\/transamerica93.com.br\\\/home\\\/#\\\/schema\\\/person\\\/7fed7c99c0d4562efa8561bc0f543172\"},\"headline\":\"Viol\u00eancia aumenta risco de interna\u00e7\u00e3o psiqui\u00e1trica entre jovens\",\"datePublished\":\"2024-12-02T12:00:14+00:00\",\"mainEntityOfPage\":{\"@id\":\"https:\\\/\\\/transamerica93.com.br\\\/home\\\/violencia-aumenta-risco-de-internacao-psiquiatrica-entre-jovens\\\/\"},\"wordCount\":490,\"publisher\":{\"@id\":\"https:\\\/\\\/transamerica93.com.br\\\/home\\\/#organization\"},\"image\":{\"@id\":\"https:\\\/\\\/transamerica93.com.br\\\/home\\\/violencia-aumenta-risco-de-internacao-psiquiatrica-entre-jovens\\\/#primaryimage\"},\"thumbnailUrl\":\"https:\\\/\\\/transamerica93.com.br\\\/home\\\/wp-content\\\/uploads\\\/2024\\\/11\\\/1-1.jpg\",\"articleSection\":[\"Geral\"],\"inLanguage\":\"pt-BR\"},{\"@type\":\"WebPage\",\"@id\":\"https:\\\/\\\/transamerica93.com.br\\\/home\\\/violencia-aumenta-risco-de-internacao-psiquiatrica-entre-jovens\\\/\",\"url\":\"https:\\\/\\\/transamerica93.com.br\\\/home\\\/violencia-aumenta-risco-de-internacao-psiquiatrica-entre-jovens\\\/\",\"name\":\"Viol\u00eancia aumenta risco de interna\u00e7\u00e3o psiqui\u00e1trica entre jovens - Transam\u00e9rica Mococa 93,3\",\"isPartOf\":{\"@id\":\"https:\\\/\\\/transamerica93.com.br\\\/home\\\/#website\"},\"primaryImageOfPage\":{\"@id\":\"https:\\\/\\\/transamerica93.com.br\\\/home\\\/violencia-aumenta-risco-de-internacao-psiquiatrica-entre-jovens\\\/#primaryimage\"},\"image\":{\"@id\":\"https:\\\/\\\/transamerica93.com.br\\\/home\\\/violencia-aumenta-risco-de-internacao-psiquiatrica-entre-jovens\\\/#primaryimage\"},\"thumbnailUrl\":\"https:\\\/\\\/transamerica93.com.br\\\/home\\\/wp-content\\\/uploads\\\/2024\\\/11\\\/1-1.jpg\",\"datePublished\":\"2024-12-02T12:00:14+00:00\",\"breadcrumb\":{\"@id\":\"https:\\\/\\\/transamerica93.com.br\\\/home\\\/violencia-aumenta-risco-de-internacao-psiquiatrica-entre-jovens\\\/#breadcrumb\"},\"inLanguage\":\"pt-BR\",\"potentialAction\":[{\"@type\":\"ReadAction\",\"target\":[\"https:\\\/\\\/transamerica93.com.br\\\/home\\\/violencia-aumenta-risco-de-internacao-psiquiatrica-entre-jovens\\\/\"]}]},{\"@type\":\"ImageObject\",\"inLanguage\":\"pt-BR\",\"@id\":\"https:\\\/\\\/transamerica93.com.br\\\/home\\\/violencia-aumenta-risco-de-internacao-psiquiatrica-entre-jovens\\\/#primaryimage\",\"url\":\"https:\\\/\\\/transamerica93.com.br\\\/home\\\/wp-content\\\/uploads\\\/2024\\\/11\\\/1-1.jpg\",\"contentUrl\":\"https:\\\/\\\/transamerica93.com.br\\\/home\\\/wp-content\\\/uploads\\\/2024\\\/11\\\/1-1.jpg\",\"width\":1170,\"height\":700,\"caption\":\"\u00a9 Marcelo Camargo\\\/Ag\u00eancia Brasil\\\/Arquivo\"},{\"@type\":\"BreadcrumbList\",\"@id\":\"https:\\\/\\\/transamerica93.com.br\\\/home\\\/violencia-aumenta-risco-de-internacao-psiquiatrica-entre-jovens\\\/#breadcrumb\",\"itemListElement\":[{\"@type\":\"ListItem\",\"position\":1,\"name\":\"In\u00edcio\",\"item\":\"https:\\\/\\\/transamerica93.com.br\\\/home\\\/\"},{\"@type\":\"ListItem\",\"position\":2,\"name\":\"Viol\u00eancia aumenta risco de interna\u00e7\u00e3o psiqui\u00e1trica entre jovens\"}]},{\"@type\":\"WebSite\",\"@id\":\"https:\\\/\\\/transamerica93.com.br\\\/home\\\/#website\",\"url\":\"https:\\\/\\\/transamerica93.com.br\\\/home\\\/\",\"name\":\"Transam\u00e9rica Mococa 93,3\",\"description\":\"\",\"publisher\":{\"@id\":\"https:\\\/\\\/transamerica93.com.br\\\/home\\\/#organization\"},\"potentialAction\":[{\"@type\":\"SearchAction\",\"target\":{\"@type\":\"EntryPoint\",\"urlTemplate\":\"https:\\\/\\\/transamerica93.com.br\\\/home\\\/?s={search_term_string}\"},\"query-input\":{\"@type\":\"PropertyValueSpecification\",\"valueRequired\":true,\"valueName\":\"search_term_string\"}}],\"inLanguage\":\"pt-BR\"},{\"@type\":\"Organization\",\"@id\":\"https:\\\/\\\/transamerica93.com.br\\\/home\\\/#organization\",\"name\":\"Transam\u00e9rica Mococa 93,3\",\"url\":\"https:\\\/\\\/transamerica93.com.br\\\/home\\\/\",\"logo\":{\"@type\":\"ImageObject\",\"inLanguage\":\"pt-BR\",\"@id\":\"https:\\\/\\\/transamerica93.com.br\\\/home\\\/#\\\/schema\\\/logo\\\/image\\\/\",\"url\":\"https:\\\/\\\/transamerica93.com.br\\\/home\\\/wp-content\\\/uploads\\\/2023\\\/10\\\/logo2.png\",\"contentUrl\":\"https:\\\/\\\/transamerica93.com.br\\\/home\\\/wp-content\\\/uploads\\\/2023\\\/10\\\/logo2.png\",\"width\":800,\"height\":500,\"caption\":\"Transam\u00e9rica Mococa 93,3\"},\"image\":{\"@id\":\"https:\\\/\\\/transamerica93.com.br\\\/home\\\/#\\\/schema\\\/logo\\\/image\\\/\"},\"sameAs\":[\"https:\\\/\\\/www.facebook.com\\\/transamericamococa\",\"https:\\\/\\\/x.com\\\/transamerica933\",\"https:\\\/\\\/www.instagram.com\\\/transamericamococa\"]},{\"@type\":\"Person\",\"@id\":\"https:\\\/\\\/transamerica93.com.br\\\/home\\\/#\\\/schema\\\/person\\\/7fed7c99c0d4562efa8561bc0f543172\",\"name\":\"Reda\u00e7\u00e3o\",\"image\":{\"@type\":\"ImageObject\",\"inLanguage\":\"pt-BR\",\"@id\":\"https:\\\/\\\/secure.gravatar.com\\\/avatar\\\/1072c6b775fb02ef8506ce967551d95926669a6b7d2c2147b42eea4d7c68395e?s=96&d=mm&r=g\",\"url\":\"https:\\\/\\\/secure.gravatar.com\\\/avatar\\\/1072c6b775fb02ef8506ce967551d95926669a6b7d2c2147b42eea4d7c68395e?s=96&d=mm&r=g\",\"contentUrl\":\"https:\\\/\\\/secure.gravatar.com\\\/avatar\\\/1072c6b775fb02ef8506ce967551d95926669a6b7d2c2147b42eea4d7c68395e?s=96&d=mm&r=g\",\"caption\":\"Reda\u00e7\u00e3o\"},\"sameAs\":[\"https:\\\/\\\/transamerica93.com.br\\\/home\"],\"url\":\"https:\\\/\\\/transamerica93.com.br\\\/home\\\/author\\\/william\\\/\"}]}<\/script>\n<!-- \/ Yoast SEO plugin. -->","yoast_head_json":{"title":"Viol\u00eancia aumenta risco de interna\u00e7\u00e3o psiqui\u00e1trica entre jovens - Transam\u00e9rica Mococa 93,3","robots":{"index":"index","follow":"follow","max-snippet":"max-snippet:-1","max-image-preview":"max-image-preview:large","max-video-preview":"max-video-preview:-1"},"canonical":"https:\/\/transamerica93.com.br\/home\/violencia-aumenta-risco-de-internacao-psiquiatrica-entre-jovens\/","og_locale":"pt_BR","og_type":"article","og_title":"Viol\u00eancia aumenta risco de interna\u00e7\u00e3o psiqui\u00e1trica entre jovens - Transam\u00e9rica Mococa 93,3","og_description":"Crian\u00e7as, adolescentes e jovens com baixa renda, v\u00edtimas de viol\u00eancia, t\u00eam cinco vezes mais risco de precisar de uma interna\u00e7\u00e3o psiqui\u00e1trica, de acordo com estudo realizado pela Fiocruz Bahia em parceria com a Universidade de Harvard. Quando s\u00e3o analisadas apenas crian\u00e7as, o risco aumenta para sete vezes. As taxas de incid\u00eancia de hospitaliza\u00e7\u00e3o tamb\u00e9m apresentaram &hellip;","og_url":"https:\/\/transamerica93.com.br\/home\/violencia-aumenta-risco-de-internacao-psiquiatrica-entre-jovens\/","og_site_name":"Transam\u00e9rica Mococa 93,3","article_publisher":"https:\/\/www.facebook.com\/transamericamococa","article_published_time":"2024-12-02T12:00:14+00:00","og_image":[{"width":1170,"height":700,"url":"https:\/\/transamerica93.com.br\/home\/wp-content\/uploads\/2024\/11\/1-1.jpg","type":"image\/jpeg"}],"author":"Reda\u00e7\u00e3o","twitter_card":"summary_large_image","twitter_creator":"@transamerica933","twitter_site":"@transamerica933","twitter_misc":{"Escrito por":"Reda\u00e7\u00e3o","Est. tempo de leitura":"3 minutos"},"schema":{"@context":"https:\/\/schema.org","@graph":[{"@type":"Article","@id":"https:\/\/transamerica93.com.br\/home\/violencia-aumenta-risco-de-internacao-psiquiatrica-entre-jovens\/#article","isPartOf":{"@id":"https:\/\/transamerica93.com.br\/home\/violencia-aumenta-risco-de-internacao-psiquiatrica-entre-jovens\/"},"author":{"name":"Reda\u00e7\u00e3o","@id":"https:\/\/transamerica93.com.br\/home\/#\/schema\/person\/7fed7c99c0d4562efa8561bc0f543172"},"headline":"Viol\u00eancia aumenta risco de interna\u00e7\u00e3o psiqui\u00e1trica entre jovens","datePublished":"2024-12-02T12:00:14+00:00","mainEntityOfPage":{"@id":"https:\/\/transamerica93.com.br\/home\/violencia-aumenta-risco-de-internacao-psiquiatrica-entre-jovens\/"},"wordCount":490,"publisher":{"@id":"https:\/\/transamerica93.com.br\/home\/#organization"},"image":{"@id":"https:\/\/transamerica93.com.br\/home\/violencia-aumenta-risco-de-internacao-psiquiatrica-entre-jovens\/#primaryimage"},"thumbnailUrl":"https:\/\/transamerica93.com.br\/home\/wp-content\/uploads\/2024\/11\/1-1.jpg","articleSection":["Geral"],"inLanguage":"pt-BR"},{"@type":"WebPage","@id":"https:\/\/transamerica93.com.br\/home\/violencia-aumenta-risco-de-internacao-psiquiatrica-entre-jovens\/","url":"https:\/\/transamerica93.com.br\/home\/violencia-aumenta-risco-de-internacao-psiquiatrica-entre-jovens\/","name":"Viol\u00eancia aumenta risco de interna\u00e7\u00e3o psiqui\u00e1trica entre jovens - Transam\u00e9rica Mococa 93,3","isPartOf":{"@id":"https:\/\/transamerica93.com.br\/home\/#website"},"primaryImageOfPage":{"@id":"https:\/\/transamerica93.com.br\/home\/violencia-aumenta-risco-de-internacao-psiquiatrica-entre-jovens\/#primaryimage"},"image":{"@id":"https:\/\/transamerica93.com.br\/home\/violencia-aumenta-risco-de-internacao-psiquiatrica-entre-jovens\/#primaryimage"},"thumbnailUrl":"https:\/\/transamerica93.com.br\/home\/wp-content\/uploads\/2024\/11\/1-1.jpg","datePublished":"2024-12-02T12:00:14+00:00","breadcrumb":{"@id":"https:\/\/transamerica93.com.br\/home\/violencia-aumenta-risco-de-internacao-psiquiatrica-entre-jovens\/#breadcrumb"},"inLanguage":"pt-BR","potentialAction":[{"@type":"ReadAction","target":["https:\/\/transamerica93.com.br\/home\/violencia-aumenta-risco-de-internacao-psiquiatrica-entre-jovens\/"]}]},{"@type":"ImageObject","inLanguage":"pt-BR","@id":"https:\/\/transamerica93.com.br\/home\/violencia-aumenta-risco-de-internacao-psiquiatrica-entre-jovens\/#primaryimage","url":"https:\/\/transamerica93.com.br\/home\/wp-content\/uploads\/2024\/11\/1-1.jpg","contentUrl":"https:\/\/transamerica93.com.br\/home\/wp-content\/uploads\/2024\/11\/1-1.jpg","width":1170,"height":700,"caption":"\u00a9 Marcelo Camargo\/Ag\u00eancia Brasil\/Arquivo"},{"@type":"BreadcrumbList","@id":"https:\/\/transamerica93.com.br\/home\/violencia-aumenta-risco-de-internacao-psiquiatrica-entre-jovens\/#breadcrumb","itemListElement":[{"@type":"ListItem","position":1,"name":"In\u00edcio","item":"https:\/\/transamerica93.com.br\/home\/"},{"@type":"ListItem","position":2,"name":"Viol\u00eancia aumenta risco de interna\u00e7\u00e3o psiqui\u00e1trica entre jovens"}]},{"@type":"WebSite","@id":"https:\/\/transamerica93.com.br\/home\/#website","url":"https:\/\/transamerica93.com.br\/home\/","name":"Transam\u00e9rica Mococa 93,3","description":"","publisher":{"@id":"https:\/\/transamerica93.com.br\/home\/#organization"},"potentialAction":[{"@type":"SearchAction","target":{"@type":"EntryPoint","urlTemplate":"https:\/\/transamerica93.com.br\/home\/?s={search_term_string}"},"query-input":{"@type":"PropertyValueSpecification","valueRequired":true,"valueName":"search_term_string"}}],"inLanguage":"pt-BR"},{"@type":"Organization","@id":"https:\/\/transamerica93.com.br\/home\/#organization","name":"Transam\u00e9rica Mococa 93,3","url":"https:\/\/transamerica93.com.br\/home\/","logo":{"@type":"ImageObject","inLanguage":"pt-BR","@id":"https:\/\/transamerica93.com.br\/home\/#\/schema\/logo\/image\/","url":"https:\/\/transamerica93.com.br\/home\/wp-content\/uploads\/2023\/10\/logo2.png","contentUrl":"https:\/\/transamerica93.com.br\/home\/wp-content\/uploads\/2023\/10\/logo2.png","width":800,"height":500,"caption":"Transam\u00e9rica Mococa 93,3"},"image":{"@id":"https:\/\/transamerica93.com.br\/home\/#\/schema\/logo\/image\/"},"sameAs":["https:\/\/www.facebook.com\/transamericamococa","https:\/\/x.com\/transamerica933","https:\/\/www.instagram.com\/transamericamococa"]},{"@type":"Person","@id":"https:\/\/transamerica93.com.br\/home\/#\/schema\/person\/7fed7c99c0d4562efa8561bc0f543172","name":"Reda\u00e7\u00e3o","image":{"@type":"ImageObject","inLanguage":"pt-BR","@id":"https:\/\/secure.gravatar.com\/avatar\/1072c6b775fb02ef8506ce967551d95926669a6b7d2c2147b42eea4d7c68395e?s=96&d=mm&r=g","url":"https:\/\/secure.gravatar.com\/avatar\/1072c6b775fb02ef8506ce967551d95926669a6b7d2c2147b42eea4d7c68395e?s=96&d=mm&r=g","contentUrl":"https:\/\/secure.gravatar.com\/avatar\/1072c6b775fb02ef8506ce967551d95926669a6b7d2c2147b42eea4d7c68395e?s=96&d=mm&r=g","caption":"Reda\u00e7\u00e3o"},"sameAs":["https:\/\/transamerica93.com.br\/home"],"url":"https:\/\/transamerica93.com.br\/home\/author\/william\/"}]}},"_links":{"self":[{"href":"https:\/\/transamerica93.com.br\/home\/wp-json\/wp\/v2\/posts\/4178","targetHints":{"allow":["GET"]}}],"collection":[{"href":"https:\/\/transamerica93.com.br\/home\/wp-json\/wp\/v2\/posts"}],"about":[{"href":"https:\/\/transamerica93.com.br\/home\/wp-json\/wp\/v2\/types\/post"}],"author":[{"embeddable":true,"href":"https:\/\/transamerica93.com.br\/home\/wp-json\/wp\/v2\/users\/1"}],"replies":[{"embeddable":true,"href":"https:\/\/transamerica93.com.br\/home\/wp-json\/wp\/v2\/comments?post=4178"}],"version-history":[{"count":1,"href":"https:\/\/transamerica93.com.br\/home\/wp-json\/wp\/v2\/posts\/4178\/revisions"}],"predecessor-version":[{"id":4184,"href":"https:\/\/transamerica93.com.br\/home\/wp-json\/wp\/v2\/posts\/4178\/revisions\/4184"}],"wp:featuredmedia":[{"embeddable":true,"href":"https:\/\/transamerica93.com.br\/home\/wp-json\/wp\/v2\/media\/4179"}],"wp:attachment":[{"href":"https:\/\/transamerica93.com.br\/home\/wp-json\/wp\/v2\/media?parent=4178"}],"wp:term":[{"taxonomy":"category","embeddable":true,"href":"https:\/\/transamerica93.com.br\/home\/wp-json\/wp\/v2\/categories?post=4178"},{"taxonomy":"post_tag","embeddable":true,"href":"https:\/\/transamerica93.com.br\/home\/wp-json\/wp\/v2\/tags?post=4178"}],"curies":[{"name":"wp","href":"https:\/\/api.w.org\/{rel}","templated":true}]}}