{"id":4191,"date":"2024-12-06T09:00:09","date_gmt":"2024-12-06T12:00:09","guid":{"rendered":"https:\/\/transamerica93.com.br\/home\/?p=4191"},"modified":"2024-11-27T16:15:20","modified_gmt":"2024-11-27T19:15:20","slug":"campanha-digital-de-alerta-contra-a-aids-tem-foco-nos-jovens","status":"publish","type":"post","link":"https:\/\/transamerica93.com.br\/home\/campanha-digital-de-alerta-contra-a-aids-tem-foco-nos-jovens\/","title":{"rendered":"Campanha digital de alerta contra a Aids tem foco nos jovens"},"content":{"rendered":"<div class=\"conteudo-noticia\">\n<p>A Sociedade Brasileira de Infectologia (SBI) lan\u00e7ou a campanha digital <em>HIV\/Aids &#8211; Lembrar para jamais esquecer<\/em>, que consistir\u00e1 na divulga\u00e7\u00e3o de informa\u00e7\u00f5es sobre a transmiss\u00e3o do v\u00edrus e o desenvolvimento da doen\u00e7a, recuperando a hist\u00f3ria da Aids\u00a0no mundo, o que inclui falar sobre sua rela\u00e7\u00e3o com a desigualdade social e o estigma. A popula\u00e7\u00e3o que tem entre 13 e 29 anos \u00e9 o principal p\u00fablico-alvo da a\u00e7\u00e3o.<img decoding=\"async\" data-src=\"https:\/\/agenciabrasil.ebc.com.br\/ebc.png?id=1621322&amp;o=node\" src=\"data:image\/svg+xml;base64,PHN2ZyB3aWR0aD0iMSIgaGVpZ2h0PSIxIiB4bWxucz0iaHR0cDovL3d3dy53My5vcmcvMjAwMC9zdmciPjwvc3ZnPg==\" class=\"lazyload\" \/><img decoding=\"async\" data-src=\"https:\/\/agenciabrasil.ebc.com.br\/ebc.gif?id=1621322&amp;o=node\" src=\"data:image\/svg+xml;base64,PHN2ZyB3aWR0aD0iMSIgaGVpZ2h0PSIxIiB4bWxucz0iaHR0cDovL3d3dy53My5vcmcvMjAwMC9zdmciPjwvc3ZnPg==\" class=\"lazyload\" \/><\/p>\n<p>Postagens, v\u00eddeos e uma miniss\u00e9rie documental destacam, entre outros dados,\u00a0que em 2022, quase um quarto (23,4%) dos diagn\u00f3sticos foram de jovens com idade entre 15 e 24 anos.<\/p>\n<p>O primeiro dos quatro epis\u00f3dios da miniss\u00e9rie\u00a0ir\u00e1 ao ar no canal da entidade no\u00a0<a href=\"https:\/\/www.youtube.com\/channel\/UC_wYNM7oYzT68pPwRPob9fA\" target=\"_blank\" rel=\"noopener\">YouTube<\/a>, no dia 1\u00ba de dezembro, Dia Mundial de Combate \u00e0 Aids. Produ\u00e7\u00e3o traz\u00a0balan\u00e7o das quatro d\u00e9cadas do HIV no pa\u00eds e relatos de hist\u00f3rias e experi\u00eancias de quem viveu e conviveu com o v\u00edrus, em \u00e9pocas e realidades diferentes, mostrando as mudan\u00e7as e transforma\u00e7\u00f5es da jornada de quem lida com isso diariamente.<\/p>\n<h2>Veja teaser da miniss\u00e9rie<\/h2>\n<div class=\"embed-container\"><iframe data-src=\"https:\/\/www.youtube.com\/embed\/JSQrG8zH9kY\" frameborder=\"0\" allowfullscreen=\"allowfullscreen\" data-mce-fragment=\"1\" src=\"data:image\/svg+xml;base64,PHN2ZyB3aWR0aD0iMSIgaGVpZ2h0PSIxIiB4bWxucz0iaHR0cDovL3d3dy53My5vcmcvMjAwMC9zdmciPjwvc3ZnPg==\" class=\"lazyload\" data-load-mode=\"1\"><\/iframe><\/div>\n<h2>Boletim<\/h2>\n<p>A entidade tamb\u00e9m alerta para o aumento de casos entre mulheres com 50 anos de idade ou mais. A porcentagem subiu de 11,4% dos diagn\u00f3sticos, em 2012, para 20,3% em 2022. Naquele ano, o \u00faltimo que tem os dados consolidados em relat\u00f3rio pelo Minist\u00e9rio da Sa\u00fade, verificou-se uma porcentagem de 40,7% de casos novos entre pessoas com idade entre 20 e 29 anos.<\/p>\n<p>De acordo com o\u00a0<a href=\"https:\/\/www.gov.br\/aids\/pt-br\/central-de-conteudo\/boletins-epidemiologicos\/2023\/hiv-aids\/boletim-epidemiologico-hiv-e-aids-2023.pdf\/view\" target=\"_blank\" rel=\"noopener\">Boletim Epidemiol\u00f3gico HIV\/Aids<\/a>\u00a0divulgado em dezembro de 2023, pelo Minist\u00e9rio da Sa\u00fade, 489.594 infec\u00e7\u00f5es foram notificadas entre 2007 e 2023. A maioria dos casos, 345.069 (70,5%), em homens, ante 144.364 (29,5%) em mulheres.<\/p>\n<p>De 1980 a junho de 2023, foram registrados\u00a01.124.063 casos de aids no Brasil. O boletim destaca que, em m\u00e9dia, houve 35,9 mil novos\u00a0casos de aids nos \u00faltimos cinco anos.<\/p>\n<p>Conforme ressalta o coordenador cient\u00edfico da SBI, Alexandre Naime Barbosa, \u00e9 importante detectar a infec\u00e7\u00e3o por HIV o quanto antes. Ele observa, por\u00e9m, que parte significativa da popula\u00e7\u00e3o fica sem acesso \u00e0 rede de atendimento em sa\u00fade, tanto a\u00a0que permitiria o diagn\u00f3stico precoce, por meio de testes, como ao tratamento. O direito ao teste consta da\u00a0Lei\u00a09.313\/96, que data do governo de Jos\u00e9 Sarney. O texto diz que \u00e9 obrigat\u00f3rio assegurar\u00a0acesso universal e gratuito aos medicamentos anti-retrovirais pelo Sistema \u00danico de Sa\u00fade (SUS).<\/p>\n<h2>PrEP<\/h2>\n<p>&#8220;Assim como tuberculose, hansen\u00edase e um s\u00e9rie de outras infec\u00e7\u00f5es, o HIV\/Aids \u00e9, no Brasil, uma doen\u00e7a determinante social. Ao todo, 65% dos novos casos, em 2022, foram entre pretos e pardos, ou seja, negros, porque eles t\u00eam menos acesso a estrat\u00e9gias de preven\u00e7\u00e3o. \u00c9 onde a PrEP [Profilaxia Pr\u00e9-Exposi\u00e7\u00e3o] nem chega, as pessoas n\u00e3o conhecem&#8221;, afirma Barbosa. O boletim da pasta de Sa\u00fade destaca\u00a0que, &#8220;at\u00e9 2013, a cor de pele branca representava a maior parte dos casos. Nos anos subsequentes, houve um aumento de casos notificados entre pretos e principalmente em pardos, representando mais da metade das ocorr\u00eancias a partir de 2015. Em 2022, entre os casos notificados no Sinan [Sistema de Informa\u00e7\u00e3o de Agravos de Notifica\u00e7\u00e3o], 29,9% ocorreram entre brancos e 62,8% entre negros&#8221;.<\/p>\n<p>A\u00a0<a href=\"https:\/\/www.gov.br\/aids\/pt-br\/assuntos\/prevencao-combinada\/prep-profilaxia-pre-exposicao\/prep-profilaxia-pre-exposicao#:~:text=Ela%20consiste%20na%20tomada%20de,Infec%C3%A7%C3%B5es%20Sexualmente%20Transmiss%C3%ADveis%20(IST\" target=\"_blank\" rel=\"noopener\">PrEP<\/a>\u00a0consiste em, antes da rela\u00e7\u00e3o sexual, tomar comprimidos (tenofovir + entricitabina) que blindam o organismo de poss\u00edveis contatos com o HIV. A pessoa em PrEP realiza acompanhamento regular, por meio de consultas m\u00e9dicas e testagem para o HIV e outras Infec\u00e7\u00f5es Sexualmente Transmiss\u00edveis (IST).<\/p>\n<p>A PrEP est\u00e1 dispon\u00edvel no SUS desde 2018 e tem sido usada principalmente por homens gays e brancos. Al\u00e9m dessa caracter\u00edstica de orienta\u00e7\u00e3o sexual, tamb\u00e9m corresponde ao perfil predominante dos usu\u00e1rios a alta escolaridade. Em 2022, cerca de 50 mil pessoas utilizavam o m\u00e9todo preventivo, n\u00famero que saltou para 73 mil\u00a0no ano passado. Somente na capital paulista, s\u00e3o quase 26 mil pessoas.<\/p>\n<p>Perguntado em rela\u00e7\u00e3o ao desenvolvimento de uma vacina que imunize contra o HIV, o coordenador do Comit\u00ea Cient\u00edfico de HIV\/Aids e ISTs da entidade, Jos\u00e9 Valdez Madruga, lembra o fracasso do Estudo Mosaico, realizado em oito pa\u00edses da Europa e Am\u00e9ricas e que testou uma subst\u00e2ncia em 3,9 mil pessoas. A conclus\u00e3o foi a de que o imunizante n\u00e3o tinha efic\u00e1cia. &#8220;Foi um banho de \u00e1gua fria. O estudo pegava partes do v\u00edrus HIV e foi interrompido, porque a vacina era segura, mas n\u00e3o prevenia contra o HIV&#8221;, explica.<\/p>\n<p>Na coletiva de imprensa do lan\u00e7amento da campanha, diversos influencers foram convidados a debater aspectos da comunica\u00e7\u00e3o em torno da tem\u00e1tica. Uma das sugest\u00f5es foi a de que haja multiplicidade de ve\u00edculos e linguagens de comunica\u00e7\u00e3o ao transmitir as mensagens, que devem simplificar os termos e evitar um vocabul\u00e1rio rebuscado, para facilitar a compreens\u00e3o por todo o p\u00fablico.<\/p>\n<p>Na ocasi\u00e3o, o influenciador Lucas Raniel defendeu que os comunicadores, jornalistas ou n\u00e3o, substituam palavras que remetam \u00e0 guerra, parando de escrever ou dizer express\u00f5es como &#8220;luta contra o HIV\/Aids&#8221;. &#8220;A gente \u00e9 tratada como alvo&#8221;, declara.<\/p>\n<div class=\"noticias-relacionadas rel-position rowflex\"><\/div>\n<\/div>\n<div class=\"footer-noticia\">\n<div class=\"editor rowflex\">\n<div class=\"nome-editor\">Aline Leal<\/div>\n<\/div>\n<\/div>\n","protected":false},"excerpt":{"rendered":"<p>A Sociedade Brasileira de Infectologia (SBI) lan\u00e7ou a campanha digital HIV\/Aids &#8211; Lembrar para jamais esquecer, que consistir\u00e1 na divulga\u00e7\u00e3o de informa\u00e7\u00f5es sobre a transmiss\u00e3o do v\u00edrus e o desenvolvimento da doen\u00e7a, recuperando a hist\u00f3ria da Aids\u00a0no mundo, o que inclui falar sobre sua rela\u00e7\u00e3o com a desigualdade social e o estigma. A popula\u00e7\u00e3o que &hellip;<\/p>\n","protected":false},"author":1,"featured_media":4183,"comment_status":"closed","ping_status":"closed","sticky":false,"template":"","format":"standard","meta":{"footnotes":""},"categories":[30],"tags":[],"class_list":["post-4191","post","type-post","status-publish","format-standard","has-post-thumbnail","hentry","category-geral"],"yoast_head":"<!-- This site is optimized with the Yoast SEO plugin v27.4 - https:\/\/yoast.com\/product\/yoast-seo-wordpress\/ -->\n<title>Campanha digital de alerta contra a Aids tem foco nos jovens - Transam\u00e9rica Mococa 93,3<\/title>\n<meta name=\"robots\" content=\"index, follow, max-snippet:-1, max-image-preview:large, max-video-preview:-1\" \/>\n<link rel=\"canonical\" href=\"https:\/\/transamerica93.com.br\/home\/campanha-digital-de-alerta-contra-a-aids-tem-foco-nos-jovens\/\" \/>\n<meta property=\"og:locale\" content=\"pt_BR\" \/>\n<meta property=\"og:type\" content=\"article\" \/>\n<meta property=\"og:title\" content=\"Campanha digital de alerta contra a Aids tem foco nos jovens - Transam\u00e9rica Mococa 93,3\" \/>\n<meta property=\"og:description\" content=\"A Sociedade Brasileira de Infectologia (SBI) lan\u00e7ou a campanha digital HIV\/Aids &#8211; Lembrar para jamais esquecer, que consistir\u00e1 na divulga\u00e7\u00e3o de informa\u00e7\u00f5es sobre a transmiss\u00e3o do v\u00edrus e o desenvolvimento da doen\u00e7a, recuperando a hist\u00f3ria da Aids\u00a0no mundo, o que inclui falar sobre sua rela\u00e7\u00e3o com a desigualdade social e o estigma. A popula\u00e7\u00e3o que &hellip;\" \/>\n<meta property=\"og:url\" content=\"https:\/\/transamerica93.com.br\/home\/campanha-digital-de-alerta-contra-a-aids-tem-foco-nos-jovens\/\" \/>\n<meta property=\"og:site_name\" content=\"Transam\u00e9rica Mococa 93,3\" \/>\n<meta property=\"article:publisher\" content=\"https:\/\/www.facebook.com\/transamericamococa\" \/>\n<meta property=\"article:published_time\" content=\"2024-12-06T12:00:09+00:00\" \/>\n<meta property=\"og:image\" content=\"https:\/\/transamerica93.com.br\/home\/wp-content\/uploads\/2024\/11\/5-7.jpg\" \/>\n\t<meta property=\"og:image:width\" content=\"1170\" \/>\n\t<meta property=\"og:image:height\" content=\"700\" \/>\n\t<meta property=\"og:image:type\" content=\"image\/jpeg\" \/>\n<meta name=\"author\" content=\"Reda\u00e7\u00e3o\" \/>\n<meta name=\"twitter:card\" content=\"summary_large_image\" \/>\n<meta name=\"twitter:creator\" content=\"@transamerica933\" \/>\n<meta name=\"twitter:site\" content=\"@transamerica933\" \/>\n<meta name=\"twitter:label1\" content=\"Escrito por\" \/>\n\t<meta name=\"twitter:data1\" content=\"Reda\u00e7\u00e3o\" \/>\n\t<meta name=\"twitter:label2\" content=\"Est. tempo de leitura\" \/>\n\t<meta name=\"twitter:data2\" content=\"6 minutos\" \/>\n<script type=\"application\/ld+json\" class=\"yoast-schema-graph\">{\"@context\":\"https:\\\/\\\/schema.org\",\"@graph\":[{\"@type\":\"Article\",\"@id\":\"https:\\\/\\\/transamerica93.com.br\\\/home\\\/campanha-digital-de-alerta-contra-a-aids-tem-foco-nos-jovens\\\/#article\",\"isPartOf\":{\"@id\":\"https:\\\/\\\/transamerica93.com.br\\\/home\\\/campanha-digital-de-alerta-contra-a-aids-tem-foco-nos-jovens\\\/\"},\"author\":{\"name\":\"Reda\u00e7\u00e3o\",\"@id\":\"https:\\\/\\\/transamerica93.com.br\\\/home\\\/#\\\/schema\\\/person\\\/7fed7c99c0d4562efa8561bc0f543172\"},\"headline\":\"Campanha digital de alerta contra a Aids tem foco nos jovens\",\"datePublished\":\"2024-12-06T12:00:09+00:00\",\"mainEntityOfPage\":{\"@id\":\"https:\\\/\\\/transamerica93.com.br\\\/home\\\/campanha-digital-de-alerta-contra-a-aids-tem-foco-nos-jovens\\\/\"},\"wordCount\":870,\"publisher\":{\"@id\":\"https:\\\/\\\/transamerica93.com.br\\\/home\\\/#organization\"},\"image\":{\"@id\":\"https:\\\/\\\/transamerica93.com.br\\\/home\\\/campanha-digital-de-alerta-contra-a-aids-tem-foco-nos-jovens\\\/#primaryimage\"},\"thumbnailUrl\":\"https:\\\/\\\/transamerica93.com.br\\\/home\\\/wp-content\\\/uploads\\\/2024\\\/11\\\/5-7.jpg\",\"articleSection\":[\"Geral\"],\"inLanguage\":\"pt-BR\"},{\"@type\":\"WebPage\",\"@id\":\"https:\\\/\\\/transamerica93.com.br\\\/home\\\/campanha-digital-de-alerta-contra-a-aids-tem-foco-nos-jovens\\\/\",\"url\":\"https:\\\/\\\/transamerica93.com.br\\\/home\\\/campanha-digital-de-alerta-contra-a-aids-tem-foco-nos-jovens\\\/\",\"name\":\"Campanha digital de alerta contra a Aids tem foco nos jovens - Transam\u00e9rica Mococa 93,3\",\"isPartOf\":{\"@id\":\"https:\\\/\\\/transamerica93.com.br\\\/home\\\/#website\"},\"primaryImageOfPage\":{\"@id\":\"https:\\\/\\\/transamerica93.com.br\\\/home\\\/campanha-digital-de-alerta-contra-a-aids-tem-foco-nos-jovens\\\/#primaryimage\"},\"image\":{\"@id\":\"https:\\\/\\\/transamerica93.com.br\\\/home\\\/campanha-digital-de-alerta-contra-a-aids-tem-foco-nos-jovens\\\/#primaryimage\"},\"thumbnailUrl\":\"https:\\\/\\\/transamerica93.com.br\\\/home\\\/wp-content\\\/uploads\\\/2024\\\/11\\\/5-7.jpg\",\"datePublished\":\"2024-12-06T12:00:09+00:00\",\"breadcrumb\":{\"@id\":\"https:\\\/\\\/transamerica93.com.br\\\/home\\\/campanha-digital-de-alerta-contra-a-aids-tem-foco-nos-jovens\\\/#breadcrumb\"},\"inLanguage\":\"pt-BR\",\"potentialAction\":[{\"@type\":\"ReadAction\",\"target\":[\"https:\\\/\\\/transamerica93.com.br\\\/home\\\/campanha-digital-de-alerta-contra-a-aids-tem-foco-nos-jovens\\\/\"]}]},{\"@type\":\"ImageObject\",\"inLanguage\":\"pt-BR\",\"@id\":\"https:\\\/\\\/transamerica93.com.br\\\/home\\\/campanha-digital-de-alerta-contra-a-aids-tem-foco-nos-jovens\\\/#primaryimage\",\"url\":\"https:\\\/\\\/transamerica93.com.br\\\/home\\\/wp-content\\\/uploads\\\/2024\\\/11\\\/5-7.jpg\",\"contentUrl\":\"https:\\\/\\\/transamerica93.com.br\\\/home\\\/wp-content\\\/uploads\\\/2024\\\/11\\\/5-7.jpg\",\"width\":1170,\"height\":700,\"caption\":\"\u00a9 SBI\\\/Divulga\u00e7\u00e3o\"},{\"@type\":\"BreadcrumbList\",\"@id\":\"https:\\\/\\\/transamerica93.com.br\\\/home\\\/campanha-digital-de-alerta-contra-a-aids-tem-foco-nos-jovens\\\/#breadcrumb\",\"itemListElement\":[{\"@type\":\"ListItem\",\"position\":1,\"name\":\"In\u00edcio\",\"item\":\"https:\\\/\\\/transamerica93.com.br\\\/home\\\/\"},{\"@type\":\"ListItem\",\"position\":2,\"name\":\"Campanha digital de alerta contra a Aids tem foco nos jovens\"}]},{\"@type\":\"WebSite\",\"@id\":\"https:\\\/\\\/transamerica93.com.br\\\/home\\\/#website\",\"url\":\"https:\\\/\\\/transamerica93.com.br\\\/home\\\/\",\"name\":\"Transam\u00e9rica Mococa 93,3\",\"description\":\"\",\"publisher\":{\"@id\":\"https:\\\/\\\/transamerica93.com.br\\\/home\\\/#organization\"},\"potentialAction\":[{\"@type\":\"SearchAction\",\"target\":{\"@type\":\"EntryPoint\",\"urlTemplate\":\"https:\\\/\\\/transamerica93.com.br\\\/home\\\/?s={search_term_string}\"},\"query-input\":{\"@type\":\"PropertyValueSpecification\",\"valueRequired\":true,\"valueName\":\"search_term_string\"}}],\"inLanguage\":\"pt-BR\"},{\"@type\":\"Organization\",\"@id\":\"https:\\\/\\\/transamerica93.com.br\\\/home\\\/#organization\",\"name\":\"Transam\u00e9rica Mococa 93,3\",\"url\":\"https:\\\/\\\/transamerica93.com.br\\\/home\\\/\",\"logo\":{\"@type\":\"ImageObject\",\"inLanguage\":\"pt-BR\",\"@id\":\"https:\\\/\\\/transamerica93.com.br\\\/home\\\/#\\\/schema\\\/logo\\\/image\\\/\",\"url\":\"https:\\\/\\\/transamerica93.com.br\\\/home\\\/wp-content\\\/uploads\\\/2023\\\/10\\\/logo2.png\",\"contentUrl\":\"https:\\\/\\\/transamerica93.com.br\\\/home\\\/wp-content\\\/uploads\\\/2023\\\/10\\\/logo2.png\",\"width\":800,\"height\":500,\"caption\":\"Transam\u00e9rica Mococa 93,3\"},\"image\":{\"@id\":\"https:\\\/\\\/transamerica93.com.br\\\/home\\\/#\\\/schema\\\/logo\\\/image\\\/\"},\"sameAs\":[\"https:\\\/\\\/www.facebook.com\\\/transamericamococa\",\"https:\\\/\\\/x.com\\\/transamerica933\",\"https:\\\/\\\/www.instagram.com\\\/transamericamococa\"]},{\"@type\":\"Person\",\"@id\":\"https:\\\/\\\/transamerica93.com.br\\\/home\\\/#\\\/schema\\\/person\\\/7fed7c99c0d4562efa8561bc0f543172\",\"name\":\"Reda\u00e7\u00e3o\",\"image\":{\"@type\":\"ImageObject\",\"inLanguage\":\"pt-BR\",\"@id\":\"https:\\\/\\\/secure.gravatar.com\\\/avatar\\\/1072c6b775fb02ef8506ce967551d95926669a6b7d2c2147b42eea4d7c68395e?s=96&d=mm&r=g\",\"url\":\"https:\\\/\\\/secure.gravatar.com\\\/avatar\\\/1072c6b775fb02ef8506ce967551d95926669a6b7d2c2147b42eea4d7c68395e?s=96&d=mm&r=g\",\"contentUrl\":\"https:\\\/\\\/secure.gravatar.com\\\/avatar\\\/1072c6b775fb02ef8506ce967551d95926669a6b7d2c2147b42eea4d7c68395e?s=96&d=mm&r=g\",\"caption\":\"Reda\u00e7\u00e3o\"},\"sameAs\":[\"https:\\\/\\\/transamerica93.com.br\\\/home\"],\"url\":\"https:\\\/\\\/transamerica93.com.br\\\/home\\\/author\\\/william\\\/\"}]}<\/script>\n<!-- \/ Yoast SEO plugin. -->","yoast_head_json":{"title":"Campanha digital de alerta contra a Aids tem foco nos jovens - Transam\u00e9rica Mococa 93,3","robots":{"index":"index","follow":"follow","max-snippet":"max-snippet:-1","max-image-preview":"max-image-preview:large","max-video-preview":"max-video-preview:-1"},"canonical":"https:\/\/transamerica93.com.br\/home\/campanha-digital-de-alerta-contra-a-aids-tem-foco-nos-jovens\/","og_locale":"pt_BR","og_type":"article","og_title":"Campanha digital de alerta contra a Aids tem foco nos jovens - Transam\u00e9rica Mococa 93,3","og_description":"A Sociedade Brasileira de Infectologia (SBI) lan\u00e7ou a campanha digital HIV\/Aids &#8211; Lembrar para jamais esquecer, que consistir\u00e1 na divulga\u00e7\u00e3o de informa\u00e7\u00f5es sobre a transmiss\u00e3o do v\u00edrus e o desenvolvimento da doen\u00e7a, recuperando a hist\u00f3ria da Aids\u00a0no mundo, o que inclui falar sobre sua rela\u00e7\u00e3o com a desigualdade social e o estigma. A popula\u00e7\u00e3o que &hellip;","og_url":"https:\/\/transamerica93.com.br\/home\/campanha-digital-de-alerta-contra-a-aids-tem-foco-nos-jovens\/","og_site_name":"Transam\u00e9rica Mococa 93,3","article_publisher":"https:\/\/www.facebook.com\/transamericamococa","article_published_time":"2024-12-06T12:00:09+00:00","og_image":[{"width":1170,"height":700,"url":"https:\/\/transamerica93.com.br\/home\/wp-content\/uploads\/2024\/11\/5-7.jpg","type":"image\/jpeg"}],"author":"Reda\u00e7\u00e3o","twitter_card":"summary_large_image","twitter_creator":"@transamerica933","twitter_site":"@transamerica933","twitter_misc":{"Escrito por":"Reda\u00e7\u00e3o","Est. tempo de leitura":"6 minutos"},"schema":{"@context":"https:\/\/schema.org","@graph":[{"@type":"Article","@id":"https:\/\/transamerica93.com.br\/home\/campanha-digital-de-alerta-contra-a-aids-tem-foco-nos-jovens\/#article","isPartOf":{"@id":"https:\/\/transamerica93.com.br\/home\/campanha-digital-de-alerta-contra-a-aids-tem-foco-nos-jovens\/"},"author":{"name":"Reda\u00e7\u00e3o","@id":"https:\/\/transamerica93.com.br\/home\/#\/schema\/person\/7fed7c99c0d4562efa8561bc0f543172"},"headline":"Campanha digital de alerta contra a Aids tem foco nos jovens","datePublished":"2024-12-06T12:00:09+00:00","mainEntityOfPage":{"@id":"https:\/\/transamerica93.com.br\/home\/campanha-digital-de-alerta-contra-a-aids-tem-foco-nos-jovens\/"},"wordCount":870,"publisher":{"@id":"https:\/\/transamerica93.com.br\/home\/#organization"},"image":{"@id":"https:\/\/transamerica93.com.br\/home\/campanha-digital-de-alerta-contra-a-aids-tem-foco-nos-jovens\/#primaryimage"},"thumbnailUrl":"https:\/\/transamerica93.com.br\/home\/wp-content\/uploads\/2024\/11\/5-7.jpg","articleSection":["Geral"],"inLanguage":"pt-BR"},{"@type":"WebPage","@id":"https:\/\/transamerica93.com.br\/home\/campanha-digital-de-alerta-contra-a-aids-tem-foco-nos-jovens\/","url":"https:\/\/transamerica93.com.br\/home\/campanha-digital-de-alerta-contra-a-aids-tem-foco-nos-jovens\/","name":"Campanha digital de alerta contra a Aids tem foco nos jovens - Transam\u00e9rica Mococa 93,3","isPartOf":{"@id":"https:\/\/transamerica93.com.br\/home\/#website"},"primaryImageOfPage":{"@id":"https:\/\/transamerica93.com.br\/home\/campanha-digital-de-alerta-contra-a-aids-tem-foco-nos-jovens\/#primaryimage"},"image":{"@id":"https:\/\/transamerica93.com.br\/home\/campanha-digital-de-alerta-contra-a-aids-tem-foco-nos-jovens\/#primaryimage"},"thumbnailUrl":"https:\/\/transamerica93.com.br\/home\/wp-content\/uploads\/2024\/11\/5-7.jpg","datePublished":"2024-12-06T12:00:09+00:00","breadcrumb":{"@id":"https:\/\/transamerica93.com.br\/home\/campanha-digital-de-alerta-contra-a-aids-tem-foco-nos-jovens\/#breadcrumb"},"inLanguage":"pt-BR","potentialAction":[{"@type":"ReadAction","target":["https:\/\/transamerica93.com.br\/home\/campanha-digital-de-alerta-contra-a-aids-tem-foco-nos-jovens\/"]}]},{"@type":"ImageObject","inLanguage":"pt-BR","@id":"https:\/\/transamerica93.com.br\/home\/campanha-digital-de-alerta-contra-a-aids-tem-foco-nos-jovens\/#primaryimage","url":"https:\/\/transamerica93.com.br\/home\/wp-content\/uploads\/2024\/11\/5-7.jpg","contentUrl":"https:\/\/transamerica93.com.br\/home\/wp-content\/uploads\/2024\/11\/5-7.jpg","width":1170,"height":700,"caption":"\u00a9 SBI\/Divulga\u00e7\u00e3o"},{"@type":"BreadcrumbList","@id":"https:\/\/transamerica93.com.br\/home\/campanha-digital-de-alerta-contra-a-aids-tem-foco-nos-jovens\/#breadcrumb","itemListElement":[{"@type":"ListItem","position":1,"name":"In\u00edcio","item":"https:\/\/transamerica93.com.br\/home\/"},{"@type":"ListItem","position":2,"name":"Campanha digital de alerta contra a Aids tem foco nos jovens"}]},{"@type":"WebSite","@id":"https:\/\/transamerica93.com.br\/home\/#website","url":"https:\/\/transamerica93.com.br\/home\/","name":"Transam\u00e9rica Mococa 93,3","description":"","publisher":{"@id":"https:\/\/transamerica93.com.br\/home\/#organization"},"potentialAction":[{"@type":"SearchAction","target":{"@type":"EntryPoint","urlTemplate":"https:\/\/transamerica93.com.br\/home\/?s={search_term_string}"},"query-input":{"@type":"PropertyValueSpecification","valueRequired":true,"valueName":"search_term_string"}}],"inLanguage":"pt-BR"},{"@type":"Organization","@id":"https:\/\/transamerica93.com.br\/home\/#organization","name":"Transam\u00e9rica Mococa 93,3","url":"https:\/\/transamerica93.com.br\/home\/","logo":{"@type":"ImageObject","inLanguage":"pt-BR","@id":"https:\/\/transamerica93.com.br\/home\/#\/schema\/logo\/image\/","url":"https:\/\/transamerica93.com.br\/home\/wp-content\/uploads\/2023\/10\/logo2.png","contentUrl":"https:\/\/transamerica93.com.br\/home\/wp-content\/uploads\/2023\/10\/logo2.png","width":800,"height":500,"caption":"Transam\u00e9rica Mococa 93,3"},"image":{"@id":"https:\/\/transamerica93.com.br\/home\/#\/schema\/logo\/image\/"},"sameAs":["https:\/\/www.facebook.com\/transamericamococa","https:\/\/x.com\/transamerica933","https:\/\/www.instagram.com\/transamericamococa"]},{"@type":"Person","@id":"https:\/\/transamerica93.com.br\/home\/#\/schema\/person\/7fed7c99c0d4562efa8561bc0f543172","name":"Reda\u00e7\u00e3o","image":{"@type":"ImageObject","inLanguage":"pt-BR","@id":"https:\/\/secure.gravatar.com\/avatar\/1072c6b775fb02ef8506ce967551d95926669a6b7d2c2147b42eea4d7c68395e?s=96&d=mm&r=g","url":"https:\/\/secure.gravatar.com\/avatar\/1072c6b775fb02ef8506ce967551d95926669a6b7d2c2147b42eea4d7c68395e?s=96&d=mm&r=g","contentUrl":"https:\/\/secure.gravatar.com\/avatar\/1072c6b775fb02ef8506ce967551d95926669a6b7d2c2147b42eea4d7c68395e?s=96&d=mm&r=g","caption":"Reda\u00e7\u00e3o"},"sameAs":["https:\/\/transamerica93.com.br\/home"],"url":"https:\/\/transamerica93.com.br\/home\/author\/william\/"}]}},"_links":{"self":[{"href":"https:\/\/transamerica93.com.br\/home\/wp-json\/wp\/v2\/posts\/4191","targetHints":{"allow":["GET"]}}],"collection":[{"href":"https:\/\/transamerica93.com.br\/home\/wp-json\/wp\/v2\/posts"}],"about":[{"href":"https:\/\/transamerica93.com.br\/home\/wp-json\/wp\/v2\/types\/post"}],"author":[{"embeddable":true,"href":"https:\/\/transamerica93.com.br\/home\/wp-json\/wp\/v2\/users\/1"}],"replies":[{"embeddable":true,"href":"https:\/\/transamerica93.com.br\/home\/wp-json\/wp\/v2\/comments?post=4191"}],"version-history":[{"count":1,"href":"https:\/\/transamerica93.com.br\/home\/wp-json\/wp\/v2\/posts\/4191\/revisions"}],"predecessor-version":[{"id":4192,"href":"https:\/\/transamerica93.com.br\/home\/wp-json\/wp\/v2\/posts\/4191\/revisions\/4192"}],"wp:featuredmedia":[{"embeddable":true,"href":"https:\/\/transamerica93.com.br\/home\/wp-json\/wp\/v2\/media\/4183"}],"wp:attachment":[{"href":"https:\/\/transamerica93.com.br\/home\/wp-json\/wp\/v2\/media?parent=4191"}],"wp:term":[{"taxonomy":"category","embeddable":true,"href":"https:\/\/transamerica93.com.br\/home\/wp-json\/wp\/v2\/categories?post=4191"},{"taxonomy":"post_tag","embeddable":true,"href":"https:\/\/transamerica93.com.br\/home\/wp-json\/wp\/v2\/tags?post=4191"}],"curies":[{"name":"wp","href":"https:\/\/api.w.org\/{rel}","templated":true}]}}