{"id":4200,"date":"2024-12-03T12:00:49","date_gmt":"2024-12-03T15:00:49","guid":{"rendered":"https:\/\/transamerica93.com.br\/home\/?p=4200"},"modified":"2024-11-27T16:22:33","modified_gmt":"2024-11-27T19:22:33","slug":"cpb-inicia-votacao-do-atleta-da-galera-do-premio-paralimpicos","status":"publish","type":"post","link":"https:\/\/transamerica93.com.br\/home\/cpb-inicia-votacao-do-atleta-da-galera-do-premio-paralimpicos\/","title":{"rendered":"CPB inicia vota\u00e7\u00e3o do Atleta da Galera do Pr\u00eamio Paral\u00edmpicos"},"content":{"rendered":"<div class=\"conteudo-noticia\">\n<p>O Comit\u00ea Paral\u00edmpico Brasileiro (CPB) anunciou que teve in\u00edcio, nesta ter\u00e7a-feira (26), o per\u00edodo de vota\u00e7\u00e3o popular para a escolha do Atleta da Galera da 13\u00aa edi\u00e7\u00e3o do Pr\u00eamio Paral\u00edmpicos, que ser\u00e1 entregue no dia 12 de dezembro em cerim\u00f4nia realizada na casa de shows Tokio Marine Hall, em S\u00e3o Paulo.<img decoding=\"async\" data-src=\"https:\/\/agenciabrasil.ebc.com.br\/ebc.png?id=1621308&amp;o=node\" src=\"data:image\/svg+xml;base64,PHN2ZyB3aWR0aD0iMSIgaGVpZ2h0PSIxIiB4bWxucz0iaHR0cDovL3d3dy53My5vcmcvMjAwMC9zdmciPjwvc3ZnPg==\" class=\"lazyload\" \/><img decoding=\"async\" data-src=\"https:\/\/agenciabrasil.ebc.com.br\/ebc.gif?id=1621308&amp;o=node\" src=\"data:image\/svg+xml;base64,PHN2ZyB3aWR0aD0iMSIgaGVpZ2h0PSIxIiB4bWxucz0iaHR0cDovL3d3dy53My5vcmcvMjAwMC9zdmciPjwvc3ZnPg==\" class=\"lazyload\" \/><\/p>\n<p>Os cinco concorrentes para receber o trof\u00e9u de Atleta da Galera s\u00e3o Emerson Ernesto (goalball), Gabriel Ara\u00fajo (nata\u00e7\u00e3o), Jerusa Geber (atletismo), Giovanna Boscolo (atletismo) e Ra\u00edssa Machado (atletismo). Todos foram indicados ap\u00f3s uma elei\u00e7\u00e3o feita entre os colaboradores do CPB, o Conselho de Atletas do Comit\u00ea, jornalistas e patrocinadores (Loterias Caixa e Braskem). O p\u00fablico pode participar da vota\u00e7\u00e3o\u00a0<a href=\"https:\/\/materiais.cpb.org.br\/votacao-atletagalera2024?utm_campaign=2024_voto_registrado_com_sucesso_&amp;utm_medium=email&amp;utm_source=RD+Station&amp;_gl=1*mc7u2x*_ga*MTA4NTA5Mzc5LjE3MzI1Njc2MzY.*_ga_72D8ETS6P5*MTczMjY0NzAyNy4zLjEuMTczMjY0OTE1MC42MC4wLjA.\" target=\"_blank\" rel=\"noopener\">NESTE LINK<\/a>.<\/p>\n<p>Al\u00e9m do Atleta da Galera, o Pr\u00eamio Paral\u00edmpicos entregar\u00e1 os trof\u00e9us Aldo Miccolis, Personalidade Paral\u00edmpica, Pr\u00eamio Caixa, Mem\u00f3ria Paral\u00edmpica, Melhor T\u00e9cnico Individual, Melhor T\u00e9cnico Coletivo, Pr\u00eamio Braskem, Atleta Revela\u00e7\u00e3o, Melhor Atleta Masculino e Melhor Atleta Feminino.<\/p>\n<p>Tamb\u00e9m ser\u00e3o entregues trof\u00e9us para os atletas vencedores em cada uma destas 24 modalidades: atletismo, badminton, basquete em cadeira de rodas, bocha, canoagem, ciclismo, esgrima em cadeira de rodas, esportes de inverno, futebol de cegos, futebol de paralisados cerebrais, goalball, halterofilismo, hipismo, jud\u00f4, nata\u00e7\u00e3o, remo, r\u00fagbi em cadeira de rodas, taekwondo, t\u00eanis de mesa, t\u00eanis em cadeira de rodas, tiro com arco, tiro esportivo, triatlo e v\u00f4lei sentado.<\/p>\n<div class=\"noticias-relacionadas rel-position rowflex\"><\/div>\n<\/div>\n<div class=\"footer-noticia\">\n<div class=\"editor rowflex\">\n<div class=\"nome-editor\">F\u00e1bio Lisboa<\/div>\n<\/div>\n<\/div>\n","protected":false},"excerpt":{"rendered":"<p>O Comit\u00ea Paral\u00edmpico Brasileiro (CPB) anunciou que teve in\u00edcio, nesta ter\u00e7a-feira (26), o per\u00edodo de vota\u00e7\u00e3o popular para a escolha do Atleta da Galera da 13\u00aa edi\u00e7\u00e3o do Pr\u00eamio Paral\u00edmpicos, que ser\u00e1 entregue no dia 12 de dezembro em cerim\u00f4nia realizada na casa de shows Tokio Marine Hall, em S\u00e3o Paulo. Os cinco concorrentes para &hellip;<\/p>\n","protected":false},"author":1,"featured_media":4194,"comment_status":"closed","ping_status":"closed","sticky":false,"template":"","format":"standard","meta":{"footnotes":""},"categories":[31],"tags":[],"class_list":["post-4200","post","type-post","status-publish","format-standard","has-post-thumbnail","hentry","category-esportes"],"yoast_head":"<!-- This site is optimized with the Yoast SEO plugin v27.4 - https:\/\/yoast.com\/product\/yoast-seo-wordpress\/ -->\n<title>CPB inicia vota\u00e7\u00e3o do Atleta da Galera do Pr\u00eamio Paral\u00edmpicos - Transam\u00e9rica Mococa 93,3<\/title>\n<meta name=\"robots\" content=\"index, follow, max-snippet:-1, max-image-preview:large, max-video-preview:-1\" \/>\n<link rel=\"canonical\" href=\"https:\/\/transamerica93.com.br\/home\/cpb-inicia-votacao-do-atleta-da-galera-do-premio-paralimpicos\/\" \/>\n<meta property=\"og:locale\" content=\"pt_BR\" \/>\n<meta property=\"og:type\" content=\"article\" \/>\n<meta property=\"og:title\" content=\"CPB inicia vota\u00e7\u00e3o do Atleta da Galera do Pr\u00eamio Paral\u00edmpicos - Transam\u00e9rica Mococa 93,3\" \/>\n<meta property=\"og:description\" content=\"O Comit\u00ea Paral\u00edmpico Brasileiro (CPB) anunciou que teve in\u00edcio, nesta ter\u00e7a-feira (26), o per\u00edodo de vota\u00e7\u00e3o popular para a escolha do Atleta da Galera da 13\u00aa edi\u00e7\u00e3o do Pr\u00eamio Paral\u00edmpicos, que ser\u00e1 entregue no dia 12 de dezembro em cerim\u00f4nia realizada na casa de shows Tokio Marine Hall, em S\u00e3o Paulo. Os cinco concorrentes para &hellip;\" \/>\n<meta property=\"og:url\" content=\"https:\/\/transamerica93.com.br\/home\/cpb-inicia-votacao-do-atleta-da-galera-do-premio-paralimpicos\/\" \/>\n<meta property=\"og:site_name\" content=\"Transam\u00e9rica Mococa 93,3\" \/>\n<meta property=\"article:publisher\" content=\"https:\/\/www.facebook.com\/transamericamococa\" \/>\n<meta property=\"article:published_time\" content=\"2024-12-03T15:00:49+00:00\" \/>\n<meta property=\"og:image\" content=\"https:\/\/transamerica93.com.br\/home\/wp-content\/uploads\/2024\/11\/1-2.jpg\" \/>\n\t<meta property=\"og:image:width\" content=\"1170\" \/>\n\t<meta property=\"og:image:height\" content=\"700\" \/>\n\t<meta property=\"og:image:type\" content=\"image\/jpeg\" \/>\n<meta name=\"author\" content=\"Reda\u00e7\u00e3o\" \/>\n<meta name=\"twitter:card\" content=\"summary_large_image\" \/>\n<meta name=\"twitter:creator\" content=\"@transamerica933\" \/>\n<meta name=\"twitter:site\" content=\"@transamerica933\" \/>\n<meta name=\"twitter:label1\" content=\"Escrito por\" \/>\n\t<meta name=\"twitter:data1\" content=\"Reda\u00e7\u00e3o\" \/>\n\t<meta name=\"twitter:label2\" content=\"Est. tempo de leitura\" \/>\n\t<meta name=\"twitter:data2\" content=\"2 minutos\" \/>\n<script type=\"application\/ld+json\" class=\"yoast-schema-graph\">{\"@context\":\"https:\\\/\\\/schema.org\",\"@graph\":[{\"@type\":\"Article\",\"@id\":\"https:\\\/\\\/transamerica93.com.br\\\/home\\\/cpb-inicia-votacao-do-atleta-da-galera-do-premio-paralimpicos\\\/#article\",\"isPartOf\":{\"@id\":\"https:\\\/\\\/transamerica93.com.br\\\/home\\\/cpb-inicia-votacao-do-atleta-da-galera-do-premio-paralimpicos\\\/\"},\"author\":{\"name\":\"Reda\u00e7\u00e3o\",\"@id\":\"https:\\\/\\\/transamerica93.com.br\\\/home\\\/#\\\/schema\\\/person\\\/7fed7c99c0d4562efa8561bc0f543172\"},\"headline\":\"CPB inicia vota\u00e7\u00e3o do Atleta da Galera do Pr\u00eamio Paral\u00edmpicos\",\"datePublished\":\"2024-12-03T15:00:49+00:00\",\"mainEntityOfPage\":{\"@id\":\"https:\\\/\\\/transamerica93.com.br\\\/home\\\/cpb-inicia-votacao-do-atleta-da-galera-do-premio-paralimpicos\\\/\"},\"wordCount\":267,\"publisher\":{\"@id\":\"https:\\\/\\\/transamerica93.com.br\\\/home\\\/#organization\"},\"image\":{\"@id\":\"https:\\\/\\\/transamerica93.com.br\\\/home\\\/cpb-inicia-votacao-do-atleta-da-galera-do-premio-paralimpicos\\\/#primaryimage\"},\"thumbnailUrl\":\"https:\\\/\\\/transamerica93.com.br\\\/home\\\/wp-content\\\/uploads\\\/2024\\\/11\\\/1-2.jpg\",\"articleSection\":[\"Esportes\"],\"inLanguage\":\"pt-BR\"},{\"@type\":\"WebPage\",\"@id\":\"https:\\\/\\\/transamerica93.com.br\\\/home\\\/cpb-inicia-votacao-do-atleta-da-galera-do-premio-paralimpicos\\\/\",\"url\":\"https:\\\/\\\/transamerica93.com.br\\\/home\\\/cpb-inicia-votacao-do-atleta-da-galera-do-premio-paralimpicos\\\/\",\"name\":\"CPB inicia vota\u00e7\u00e3o do Atleta da Galera do Pr\u00eamio Paral\u00edmpicos - Transam\u00e9rica Mococa 93,3\",\"isPartOf\":{\"@id\":\"https:\\\/\\\/transamerica93.com.br\\\/home\\\/#website\"},\"primaryImageOfPage\":{\"@id\":\"https:\\\/\\\/transamerica93.com.br\\\/home\\\/cpb-inicia-votacao-do-atleta-da-galera-do-premio-paralimpicos\\\/#primaryimage\"},\"image\":{\"@id\":\"https:\\\/\\\/transamerica93.com.br\\\/home\\\/cpb-inicia-votacao-do-atleta-da-galera-do-premio-paralimpicos\\\/#primaryimage\"},\"thumbnailUrl\":\"https:\\\/\\\/transamerica93.com.br\\\/home\\\/wp-content\\\/uploads\\\/2024\\\/11\\\/1-2.jpg\",\"datePublished\":\"2024-12-03T15:00:49+00:00\",\"breadcrumb\":{\"@id\":\"https:\\\/\\\/transamerica93.com.br\\\/home\\\/cpb-inicia-votacao-do-atleta-da-galera-do-premio-paralimpicos\\\/#breadcrumb\"},\"inLanguage\":\"pt-BR\",\"potentialAction\":[{\"@type\":\"ReadAction\",\"target\":[\"https:\\\/\\\/transamerica93.com.br\\\/home\\\/cpb-inicia-votacao-do-atleta-da-galera-do-premio-paralimpicos\\\/\"]}]},{\"@type\":\"ImageObject\",\"inLanguage\":\"pt-BR\",\"@id\":\"https:\\\/\\\/transamerica93.com.br\\\/home\\\/cpb-inicia-votacao-do-atleta-da-galera-do-premio-paralimpicos\\\/#primaryimage\",\"url\":\"https:\\\/\\\/transamerica93.com.br\\\/home\\\/wp-content\\\/uploads\\\/2024\\\/11\\\/1-2.jpg\",\"contentUrl\":\"https:\\\/\\\/transamerica93.com.br\\\/home\\\/wp-content\\\/uploads\\\/2024\\\/11\\\/1-2.jpg\",\"width\":1170,\"height\":700,\"caption\":\"\u00a9 Alessandra Cabral\\\/CPB\\\/Direitos Reservados\"},{\"@type\":\"BreadcrumbList\",\"@id\":\"https:\\\/\\\/transamerica93.com.br\\\/home\\\/cpb-inicia-votacao-do-atleta-da-galera-do-premio-paralimpicos\\\/#breadcrumb\",\"itemListElement\":[{\"@type\":\"ListItem\",\"position\":1,\"name\":\"In\u00edcio\",\"item\":\"https:\\\/\\\/transamerica93.com.br\\\/home\\\/\"},{\"@type\":\"ListItem\",\"position\":2,\"name\":\"CPB inicia vota\u00e7\u00e3o do Atleta da Galera do Pr\u00eamio Paral\u00edmpicos\"}]},{\"@type\":\"WebSite\",\"@id\":\"https:\\\/\\\/transamerica93.com.br\\\/home\\\/#website\",\"url\":\"https:\\\/\\\/transamerica93.com.br\\\/home\\\/\",\"name\":\"Transam\u00e9rica Mococa 93,3\",\"description\":\"\",\"publisher\":{\"@id\":\"https:\\\/\\\/transamerica93.com.br\\\/home\\\/#organization\"},\"potentialAction\":[{\"@type\":\"SearchAction\",\"target\":{\"@type\":\"EntryPoint\",\"urlTemplate\":\"https:\\\/\\\/transamerica93.com.br\\\/home\\\/?s={search_term_string}\"},\"query-input\":{\"@type\":\"PropertyValueSpecification\",\"valueRequired\":true,\"valueName\":\"search_term_string\"}}],\"inLanguage\":\"pt-BR\"},{\"@type\":\"Organization\",\"@id\":\"https:\\\/\\\/transamerica93.com.br\\\/home\\\/#organization\",\"name\":\"Transam\u00e9rica Mococa 93,3\",\"url\":\"https:\\\/\\\/transamerica93.com.br\\\/home\\\/\",\"logo\":{\"@type\":\"ImageObject\",\"inLanguage\":\"pt-BR\",\"@id\":\"https:\\\/\\\/transamerica93.com.br\\\/home\\\/#\\\/schema\\\/logo\\\/image\\\/\",\"url\":\"https:\\\/\\\/transamerica93.com.br\\\/home\\\/wp-content\\\/uploads\\\/2023\\\/10\\\/logo2.png\",\"contentUrl\":\"https:\\\/\\\/transamerica93.com.br\\\/home\\\/wp-content\\\/uploads\\\/2023\\\/10\\\/logo2.png\",\"width\":800,\"height\":500,\"caption\":\"Transam\u00e9rica Mococa 93,3\"},\"image\":{\"@id\":\"https:\\\/\\\/transamerica93.com.br\\\/home\\\/#\\\/schema\\\/logo\\\/image\\\/\"},\"sameAs\":[\"https:\\\/\\\/www.facebook.com\\\/transamericamococa\",\"https:\\\/\\\/x.com\\\/transamerica933\",\"https:\\\/\\\/www.instagram.com\\\/transamericamococa\"]},{\"@type\":\"Person\",\"@id\":\"https:\\\/\\\/transamerica93.com.br\\\/home\\\/#\\\/schema\\\/person\\\/7fed7c99c0d4562efa8561bc0f543172\",\"name\":\"Reda\u00e7\u00e3o\",\"image\":{\"@type\":\"ImageObject\",\"inLanguage\":\"pt-BR\",\"@id\":\"https:\\\/\\\/secure.gravatar.com\\\/avatar\\\/1072c6b775fb02ef8506ce967551d95926669a6b7d2c2147b42eea4d7c68395e?s=96&d=mm&r=g\",\"url\":\"https:\\\/\\\/secure.gravatar.com\\\/avatar\\\/1072c6b775fb02ef8506ce967551d95926669a6b7d2c2147b42eea4d7c68395e?s=96&d=mm&r=g\",\"contentUrl\":\"https:\\\/\\\/secure.gravatar.com\\\/avatar\\\/1072c6b775fb02ef8506ce967551d95926669a6b7d2c2147b42eea4d7c68395e?s=96&d=mm&r=g\",\"caption\":\"Reda\u00e7\u00e3o\"},\"sameAs\":[\"https:\\\/\\\/transamerica93.com.br\\\/home\"],\"url\":\"https:\\\/\\\/transamerica93.com.br\\\/home\\\/author\\\/william\\\/\"}]}<\/script>\n<!-- \/ Yoast SEO plugin. -->","yoast_head_json":{"title":"CPB inicia vota\u00e7\u00e3o do Atleta da Galera do Pr\u00eamio Paral\u00edmpicos - Transam\u00e9rica Mococa 93,3","robots":{"index":"index","follow":"follow","max-snippet":"max-snippet:-1","max-image-preview":"max-image-preview:large","max-video-preview":"max-video-preview:-1"},"canonical":"https:\/\/transamerica93.com.br\/home\/cpb-inicia-votacao-do-atleta-da-galera-do-premio-paralimpicos\/","og_locale":"pt_BR","og_type":"article","og_title":"CPB inicia vota\u00e7\u00e3o do Atleta da Galera do Pr\u00eamio Paral\u00edmpicos - Transam\u00e9rica Mococa 93,3","og_description":"O Comit\u00ea Paral\u00edmpico Brasileiro (CPB) anunciou que teve in\u00edcio, nesta ter\u00e7a-feira (26), o per\u00edodo de vota\u00e7\u00e3o popular para a escolha do Atleta da Galera da 13\u00aa edi\u00e7\u00e3o do Pr\u00eamio Paral\u00edmpicos, que ser\u00e1 entregue no dia 12 de dezembro em cerim\u00f4nia realizada na casa de shows Tokio Marine Hall, em S\u00e3o Paulo. Os cinco concorrentes para &hellip;","og_url":"https:\/\/transamerica93.com.br\/home\/cpb-inicia-votacao-do-atleta-da-galera-do-premio-paralimpicos\/","og_site_name":"Transam\u00e9rica Mococa 93,3","article_publisher":"https:\/\/www.facebook.com\/transamericamococa","article_published_time":"2024-12-03T15:00:49+00:00","og_image":[{"width":1170,"height":700,"url":"https:\/\/transamerica93.com.br\/home\/wp-content\/uploads\/2024\/11\/1-2.jpg","type":"image\/jpeg"}],"author":"Reda\u00e7\u00e3o","twitter_card":"summary_large_image","twitter_creator":"@transamerica933","twitter_site":"@transamerica933","twitter_misc":{"Escrito por":"Reda\u00e7\u00e3o","Est. tempo de leitura":"2 minutos"},"schema":{"@context":"https:\/\/schema.org","@graph":[{"@type":"Article","@id":"https:\/\/transamerica93.com.br\/home\/cpb-inicia-votacao-do-atleta-da-galera-do-premio-paralimpicos\/#article","isPartOf":{"@id":"https:\/\/transamerica93.com.br\/home\/cpb-inicia-votacao-do-atleta-da-galera-do-premio-paralimpicos\/"},"author":{"name":"Reda\u00e7\u00e3o","@id":"https:\/\/transamerica93.com.br\/home\/#\/schema\/person\/7fed7c99c0d4562efa8561bc0f543172"},"headline":"CPB inicia vota\u00e7\u00e3o do Atleta da Galera do Pr\u00eamio Paral\u00edmpicos","datePublished":"2024-12-03T15:00:49+00:00","mainEntityOfPage":{"@id":"https:\/\/transamerica93.com.br\/home\/cpb-inicia-votacao-do-atleta-da-galera-do-premio-paralimpicos\/"},"wordCount":267,"publisher":{"@id":"https:\/\/transamerica93.com.br\/home\/#organization"},"image":{"@id":"https:\/\/transamerica93.com.br\/home\/cpb-inicia-votacao-do-atleta-da-galera-do-premio-paralimpicos\/#primaryimage"},"thumbnailUrl":"https:\/\/transamerica93.com.br\/home\/wp-content\/uploads\/2024\/11\/1-2.jpg","articleSection":["Esportes"],"inLanguage":"pt-BR"},{"@type":"WebPage","@id":"https:\/\/transamerica93.com.br\/home\/cpb-inicia-votacao-do-atleta-da-galera-do-premio-paralimpicos\/","url":"https:\/\/transamerica93.com.br\/home\/cpb-inicia-votacao-do-atleta-da-galera-do-premio-paralimpicos\/","name":"CPB inicia vota\u00e7\u00e3o do Atleta da Galera do Pr\u00eamio Paral\u00edmpicos - Transam\u00e9rica Mococa 93,3","isPartOf":{"@id":"https:\/\/transamerica93.com.br\/home\/#website"},"primaryImageOfPage":{"@id":"https:\/\/transamerica93.com.br\/home\/cpb-inicia-votacao-do-atleta-da-galera-do-premio-paralimpicos\/#primaryimage"},"image":{"@id":"https:\/\/transamerica93.com.br\/home\/cpb-inicia-votacao-do-atleta-da-galera-do-premio-paralimpicos\/#primaryimage"},"thumbnailUrl":"https:\/\/transamerica93.com.br\/home\/wp-content\/uploads\/2024\/11\/1-2.jpg","datePublished":"2024-12-03T15:00:49+00:00","breadcrumb":{"@id":"https:\/\/transamerica93.com.br\/home\/cpb-inicia-votacao-do-atleta-da-galera-do-premio-paralimpicos\/#breadcrumb"},"inLanguage":"pt-BR","potentialAction":[{"@type":"ReadAction","target":["https:\/\/transamerica93.com.br\/home\/cpb-inicia-votacao-do-atleta-da-galera-do-premio-paralimpicos\/"]}]},{"@type":"ImageObject","inLanguage":"pt-BR","@id":"https:\/\/transamerica93.com.br\/home\/cpb-inicia-votacao-do-atleta-da-galera-do-premio-paralimpicos\/#primaryimage","url":"https:\/\/transamerica93.com.br\/home\/wp-content\/uploads\/2024\/11\/1-2.jpg","contentUrl":"https:\/\/transamerica93.com.br\/home\/wp-content\/uploads\/2024\/11\/1-2.jpg","width":1170,"height":700,"caption":"\u00a9 Alessandra Cabral\/CPB\/Direitos Reservados"},{"@type":"BreadcrumbList","@id":"https:\/\/transamerica93.com.br\/home\/cpb-inicia-votacao-do-atleta-da-galera-do-premio-paralimpicos\/#breadcrumb","itemListElement":[{"@type":"ListItem","position":1,"name":"In\u00edcio","item":"https:\/\/transamerica93.com.br\/home\/"},{"@type":"ListItem","position":2,"name":"CPB inicia vota\u00e7\u00e3o do Atleta da Galera do Pr\u00eamio Paral\u00edmpicos"}]},{"@type":"WebSite","@id":"https:\/\/transamerica93.com.br\/home\/#website","url":"https:\/\/transamerica93.com.br\/home\/","name":"Transam\u00e9rica Mococa 93,3","description":"","publisher":{"@id":"https:\/\/transamerica93.com.br\/home\/#organization"},"potentialAction":[{"@type":"SearchAction","target":{"@type":"EntryPoint","urlTemplate":"https:\/\/transamerica93.com.br\/home\/?s={search_term_string}"},"query-input":{"@type":"PropertyValueSpecification","valueRequired":true,"valueName":"search_term_string"}}],"inLanguage":"pt-BR"},{"@type":"Organization","@id":"https:\/\/transamerica93.com.br\/home\/#organization","name":"Transam\u00e9rica Mococa 93,3","url":"https:\/\/transamerica93.com.br\/home\/","logo":{"@type":"ImageObject","inLanguage":"pt-BR","@id":"https:\/\/transamerica93.com.br\/home\/#\/schema\/logo\/image\/","url":"https:\/\/transamerica93.com.br\/home\/wp-content\/uploads\/2023\/10\/logo2.png","contentUrl":"https:\/\/transamerica93.com.br\/home\/wp-content\/uploads\/2023\/10\/logo2.png","width":800,"height":500,"caption":"Transam\u00e9rica Mococa 93,3"},"image":{"@id":"https:\/\/transamerica93.com.br\/home\/#\/schema\/logo\/image\/"},"sameAs":["https:\/\/www.facebook.com\/transamericamococa","https:\/\/x.com\/transamerica933","https:\/\/www.instagram.com\/transamericamococa"]},{"@type":"Person","@id":"https:\/\/transamerica93.com.br\/home\/#\/schema\/person\/7fed7c99c0d4562efa8561bc0f543172","name":"Reda\u00e7\u00e3o","image":{"@type":"ImageObject","inLanguage":"pt-BR","@id":"https:\/\/secure.gravatar.com\/avatar\/1072c6b775fb02ef8506ce967551d95926669a6b7d2c2147b42eea4d7c68395e?s=96&d=mm&r=g","url":"https:\/\/secure.gravatar.com\/avatar\/1072c6b775fb02ef8506ce967551d95926669a6b7d2c2147b42eea4d7c68395e?s=96&d=mm&r=g","contentUrl":"https:\/\/secure.gravatar.com\/avatar\/1072c6b775fb02ef8506ce967551d95926669a6b7d2c2147b42eea4d7c68395e?s=96&d=mm&r=g","caption":"Reda\u00e7\u00e3o"},"sameAs":["https:\/\/transamerica93.com.br\/home"],"url":"https:\/\/transamerica93.com.br\/home\/author\/william\/"}]}},"_links":{"self":[{"href":"https:\/\/transamerica93.com.br\/home\/wp-json\/wp\/v2\/posts\/4200","targetHints":{"allow":["GET"]}}],"collection":[{"href":"https:\/\/transamerica93.com.br\/home\/wp-json\/wp\/v2\/posts"}],"about":[{"href":"https:\/\/transamerica93.com.br\/home\/wp-json\/wp\/v2\/types\/post"}],"author":[{"embeddable":true,"href":"https:\/\/transamerica93.com.br\/home\/wp-json\/wp\/v2\/users\/1"}],"replies":[{"embeddable":true,"href":"https:\/\/transamerica93.com.br\/home\/wp-json\/wp\/v2\/comments?post=4200"}],"version-history":[{"count":1,"href":"https:\/\/transamerica93.com.br\/home\/wp-json\/wp\/v2\/posts\/4200\/revisions"}],"predecessor-version":[{"id":4201,"href":"https:\/\/transamerica93.com.br\/home\/wp-json\/wp\/v2\/posts\/4200\/revisions\/4201"}],"wp:featuredmedia":[{"embeddable":true,"href":"https:\/\/transamerica93.com.br\/home\/wp-json\/wp\/v2\/media\/4194"}],"wp:attachment":[{"href":"https:\/\/transamerica93.com.br\/home\/wp-json\/wp\/v2\/media?parent=4200"}],"wp:term":[{"taxonomy":"category","embeddable":true,"href":"https:\/\/transamerica93.com.br\/home\/wp-json\/wp\/v2\/categories?post=4200"},{"taxonomy":"post_tag","embeddable":true,"href":"https:\/\/transamerica93.com.br\/home\/wp-json\/wp\/v2\/tags?post=4200"}],"curies":[{"name":"wp","href":"https:\/\/api.w.org\/{rel}","templated":true}]}}