{"id":4208,"date":"2024-12-02T15:00:58","date_gmt":"2024-12-02T18:00:58","guid":{"rendered":"https:\/\/transamerica93.com.br\/home\/?p=4208"},"modified":"2024-11-27T16:29:39","modified_gmt":"2024-11-27T19:29:39","slug":"musical-sobre-o-paralamas-do-sucesso-abre-pre-venda-de-ingressos-para-sp","status":"publish","type":"post","link":"https:\/\/transamerica93.com.br\/home\/musical-sobre-o-paralamas-do-sucesso-abre-pre-venda-de-ingressos-para-sp\/","title":{"rendered":"Musical sobre o Paralamas do Sucesso abre pr\u00e9-venda de ingressos para SP"},"content":{"rendered":"<h6 class=\"Assina\">Por Leonardo Neto<\/h6>\n<p>S\u00e3o Paulo ter\u00e1 a chance de conhecer um pouco mais sobre a trajet\u00f3ria d\u2019Os Paralamas do Sucesso, banda formada nos anos 1980, dona de hits como\u00a0<i>\u00d3culos<\/i>\u00a0(1984),\u00a0<i>Lanterna dos Afogados<\/i>\u00a0(1989) e\u00a0<i>Ela Disse Adeus<\/i>\u00a0(1998). \u00c9 que a cidade vai receber, a partir de maio de 2025, o espet\u00e1culo\u00a0<i>Vital<\/i>, o musical dos Paralamas. A montagem chega a S\u00e3o Paulo depois de uma temporada no Rio de Janeiro.<\/p>\n<p>A estreia est\u00e1 marcada para o dia 3 de maio, no Teatro Sabesp Frei Caneca (R. Frei Caneca, 569 &#8211; Consola\u00e7\u00e3o, S\u00e3o Paulo &#8211; SP), mas os ingressos j\u00e1 come\u00e7am a ser vendidos nesta quinta-feira, 28, pelo sita da Uhuu. As entradas custam de R$ 42 a R$ 220. A temporada vai at\u00e9 o dia 22 de junho.<\/p>\n<p>O musical foi montado para celebrar os 40 anos de trajet\u00f3ria dos Paralamas e destaca a amizade de Herbert Vianna, Bi Ribeiro e Jo\u00e3o Barone como pilar central de sua longevidade e sucesso da banda.<\/p>\n<p>O espet\u00e1culo foi idealizado por Gustavo Nunes e Marcelo Pires, conta com texto de Patr\u00edcia Andrade, dire\u00e7\u00e3o de Pedro Br\u00edcio e dire\u00e7\u00e3o musical de Daniel Rocha.<\/p>\n<p><b>Servi\u00e7o:<\/b><\/p>\n<p>Vital, o musical dos Paralamas<\/p>\n<p>Onde: Teatro Sabesp Frei Caneca (R. Frei Caneca, 569 &#8211; Consola\u00e7\u00e3o, S\u00e3o Paulo &#8211; SP)<\/p>\n<p>Quando: de 3 de maio a 22 de junho de 2025<\/p>\n<p>Como: ingressos \u00e0 venda a partir de quinta-feira, 28, pelo sita da Uhuu<\/p>\n<p>Quanto: De R$ 42 a R$ 220<\/p>\n","protected":false},"excerpt":{"rendered":"<p>Por Leonardo Neto S\u00e3o Paulo ter\u00e1 a chance de conhecer um pouco mais sobre a trajet\u00f3ria d\u2019Os Paralamas do Sucesso, banda formada nos anos 1980, dona de hits como\u00a0\u00d3culos\u00a0(1984),\u00a0Lanterna dos Afogados\u00a0(1989) e\u00a0Ela Disse Adeus\u00a0(1998). \u00c9 que a cidade vai receber, a partir de maio de 2025, o espet\u00e1culo\u00a0Vital, o musical dos Paralamas. A montagem chega &hellip;<\/p>\n","protected":false},"author":1,"featured_media":4209,"comment_status":"closed","ping_status":"closed","sticky":false,"template":"","format":"standard","meta":{"footnotes":""},"categories":[25],"tags":[],"class_list":["post-4208","post","type-post","status-publish","format-standard","has-post-thumbnail","hentry","category-musica"],"yoast_head":"<!-- This site is optimized with the Yoast SEO plugin v27.4 - https:\/\/yoast.com\/product\/yoast-seo-wordpress\/ -->\n<title>Musical sobre o Paralamas do Sucesso abre pr\u00e9-venda de ingressos para SP - Transam\u00e9rica Mococa 93,3<\/title>\n<meta name=\"robots\" content=\"index, follow, max-snippet:-1, max-image-preview:large, max-video-preview:-1\" \/>\n<link rel=\"canonical\" href=\"https:\/\/transamerica93.com.br\/home\/musical-sobre-o-paralamas-do-sucesso-abre-pre-venda-de-ingressos-para-sp\/\" \/>\n<meta property=\"og:locale\" content=\"pt_BR\" \/>\n<meta property=\"og:type\" content=\"article\" \/>\n<meta property=\"og:title\" content=\"Musical sobre o Paralamas do Sucesso abre pr\u00e9-venda de ingressos para SP - Transam\u00e9rica Mococa 93,3\" \/>\n<meta property=\"og:description\" content=\"Por Leonardo Neto S\u00e3o Paulo ter\u00e1 a chance de conhecer um pouco mais sobre a trajet\u00f3ria d\u2019Os Paralamas do Sucesso, banda formada nos anos 1980, dona de hits como\u00a0\u00d3culos\u00a0(1984),\u00a0Lanterna dos Afogados\u00a0(1989) e\u00a0Ela Disse Adeus\u00a0(1998). \u00c9 que a cidade vai receber, a partir de maio de 2025, o espet\u00e1culo\u00a0Vital, o musical dos Paralamas. A montagem chega &hellip;\" \/>\n<meta property=\"og:url\" content=\"https:\/\/transamerica93.com.br\/home\/musical-sobre-o-paralamas-do-sucesso-abre-pre-venda-de-ingressos-para-sp\/\" \/>\n<meta property=\"og:site_name\" content=\"Transam\u00e9rica Mococa 93,3\" \/>\n<meta property=\"article:publisher\" content=\"https:\/\/www.facebook.com\/transamericamococa\" \/>\n<meta property=\"article:published_time\" content=\"2024-12-02T18:00:58+00:00\" \/>\n<meta property=\"og:image\" content=\"https:\/\/transamerica93.com.br\/home\/wp-content\/uploads\/2024\/11\/1-3.jpg\" \/>\n\t<meta property=\"og:image:width\" content=\"838\" \/>\n\t<meta property=\"og:image:height\" content=\"518\" \/>\n\t<meta property=\"og:image:type\" content=\"image\/jpeg\" \/>\n<meta name=\"author\" content=\"Reda\u00e7\u00e3o\" \/>\n<meta name=\"twitter:card\" content=\"summary_large_image\" \/>\n<meta name=\"twitter:creator\" content=\"@transamerica933\" \/>\n<meta name=\"twitter:site\" content=\"@transamerica933\" \/>\n<meta name=\"twitter:label1\" content=\"Escrito por\" \/>\n\t<meta name=\"twitter:data1\" content=\"Reda\u00e7\u00e3o\" \/>\n\t<meta name=\"twitter:label2\" content=\"Est. tempo de leitura\" \/>\n\t<meta name=\"twitter:data2\" content=\"2 minutos\" \/>\n<script type=\"application\/ld+json\" class=\"yoast-schema-graph\">{\"@context\":\"https:\\\/\\\/schema.org\",\"@graph\":[{\"@type\":\"Article\",\"@id\":\"https:\\\/\\\/transamerica93.com.br\\\/home\\\/musical-sobre-o-paralamas-do-sucesso-abre-pre-venda-de-ingressos-para-sp\\\/#article\",\"isPartOf\":{\"@id\":\"https:\\\/\\\/transamerica93.com.br\\\/home\\\/musical-sobre-o-paralamas-do-sucesso-abre-pre-venda-de-ingressos-para-sp\\\/\"},\"author\":{\"name\":\"Reda\u00e7\u00e3o\",\"@id\":\"https:\\\/\\\/transamerica93.com.br\\\/home\\\/#\\\/schema\\\/person\\\/7fed7c99c0d4562efa8561bc0f543172\"},\"headline\":\"Musical sobre o Paralamas do Sucesso abre pr\u00e9-venda de ingressos para SP\",\"datePublished\":\"2024-12-02T18:00:58+00:00\",\"mainEntityOfPage\":{\"@id\":\"https:\\\/\\\/transamerica93.com.br\\\/home\\\/musical-sobre-o-paralamas-do-sucesso-abre-pre-venda-de-ingressos-para-sp\\\/\"},\"wordCount\":254,\"publisher\":{\"@id\":\"https:\\\/\\\/transamerica93.com.br\\\/home\\\/#organization\"},\"image\":{\"@id\":\"https:\\\/\\\/transamerica93.com.br\\\/home\\\/musical-sobre-o-paralamas-do-sucesso-abre-pre-venda-de-ingressos-para-sp\\\/#primaryimage\"},\"thumbnailUrl\":\"https:\\\/\\\/transamerica93.com.br\\\/home\\\/wp-content\\\/uploads\\\/2024\\\/11\\\/1-3.jpg\",\"articleSection\":[\"M\u00fasica\"],\"inLanguage\":\"pt-BR\"},{\"@type\":\"WebPage\",\"@id\":\"https:\\\/\\\/transamerica93.com.br\\\/home\\\/musical-sobre-o-paralamas-do-sucesso-abre-pre-venda-de-ingressos-para-sp\\\/\",\"url\":\"https:\\\/\\\/transamerica93.com.br\\\/home\\\/musical-sobre-o-paralamas-do-sucesso-abre-pre-venda-de-ingressos-para-sp\\\/\",\"name\":\"Musical sobre o Paralamas do Sucesso abre pr\u00e9-venda de ingressos para SP - Transam\u00e9rica Mococa 93,3\",\"isPartOf\":{\"@id\":\"https:\\\/\\\/transamerica93.com.br\\\/home\\\/#website\"},\"primaryImageOfPage\":{\"@id\":\"https:\\\/\\\/transamerica93.com.br\\\/home\\\/musical-sobre-o-paralamas-do-sucesso-abre-pre-venda-de-ingressos-para-sp\\\/#primaryimage\"},\"image\":{\"@id\":\"https:\\\/\\\/transamerica93.com.br\\\/home\\\/musical-sobre-o-paralamas-do-sucesso-abre-pre-venda-de-ingressos-para-sp\\\/#primaryimage\"},\"thumbnailUrl\":\"https:\\\/\\\/transamerica93.com.br\\\/home\\\/wp-content\\\/uploads\\\/2024\\\/11\\\/1-3.jpg\",\"datePublished\":\"2024-12-02T18:00:58+00:00\",\"breadcrumb\":{\"@id\":\"https:\\\/\\\/transamerica93.com.br\\\/home\\\/musical-sobre-o-paralamas-do-sucesso-abre-pre-venda-de-ingressos-para-sp\\\/#breadcrumb\"},\"inLanguage\":\"pt-BR\",\"potentialAction\":[{\"@type\":\"ReadAction\",\"target\":[\"https:\\\/\\\/transamerica93.com.br\\\/home\\\/musical-sobre-o-paralamas-do-sucesso-abre-pre-venda-de-ingressos-para-sp\\\/\"]}]},{\"@type\":\"ImageObject\",\"inLanguage\":\"pt-BR\",\"@id\":\"https:\\\/\\\/transamerica93.com.br\\\/home\\\/musical-sobre-o-paralamas-do-sucesso-abre-pre-venda-de-ingressos-para-sp\\\/#primaryimage\",\"url\":\"https:\\\/\\\/transamerica93.com.br\\\/home\\\/wp-content\\\/uploads\\\/2024\\\/11\\\/1-3.jpg\",\"contentUrl\":\"https:\\\/\\\/transamerica93.com.br\\\/home\\\/wp-content\\\/uploads\\\/2024\\\/11\\\/1-3.jpg\",\"width\":838,\"height\":518,\"caption\":\"Reprodu\u00e7\u00e3o\"},{\"@type\":\"BreadcrumbList\",\"@id\":\"https:\\\/\\\/transamerica93.com.br\\\/home\\\/musical-sobre-o-paralamas-do-sucesso-abre-pre-venda-de-ingressos-para-sp\\\/#breadcrumb\",\"itemListElement\":[{\"@type\":\"ListItem\",\"position\":1,\"name\":\"In\u00edcio\",\"item\":\"https:\\\/\\\/transamerica93.com.br\\\/home\\\/\"},{\"@type\":\"ListItem\",\"position\":2,\"name\":\"Musical sobre o Paralamas do Sucesso abre pr\u00e9-venda de ingressos para SP\"}]},{\"@type\":\"WebSite\",\"@id\":\"https:\\\/\\\/transamerica93.com.br\\\/home\\\/#website\",\"url\":\"https:\\\/\\\/transamerica93.com.br\\\/home\\\/\",\"name\":\"Transam\u00e9rica Mococa 93,3\",\"description\":\"\",\"publisher\":{\"@id\":\"https:\\\/\\\/transamerica93.com.br\\\/home\\\/#organization\"},\"potentialAction\":[{\"@type\":\"SearchAction\",\"target\":{\"@type\":\"EntryPoint\",\"urlTemplate\":\"https:\\\/\\\/transamerica93.com.br\\\/home\\\/?s={search_term_string}\"},\"query-input\":{\"@type\":\"PropertyValueSpecification\",\"valueRequired\":true,\"valueName\":\"search_term_string\"}}],\"inLanguage\":\"pt-BR\"},{\"@type\":\"Organization\",\"@id\":\"https:\\\/\\\/transamerica93.com.br\\\/home\\\/#organization\",\"name\":\"Transam\u00e9rica Mococa 93,3\",\"url\":\"https:\\\/\\\/transamerica93.com.br\\\/home\\\/\",\"logo\":{\"@type\":\"ImageObject\",\"inLanguage\":\"pt-BR\",\"@id\":\"https:\\\/\\\/transamerica93.com.br\\\/home\\\/#\\\/schema\\\/logo\\\/image\\\/\",\"url\":\"https:\\\/\\\/transamerica93.com.br\\\/home\\\/wp-content\\\/uploads\\\/2023\\\/10\\\/logo2.png\",\"contentUrl\":\"https:\\\/\\\/transamerica93.com.br\\\/home\\\/wp-content\\\/uploads\\\/2023\\\/10\\\/logo2.png\",\"width\":800,\"height\":500,\"caption\":\"Transam\u00e9rica Mococa 93,3\"},\"image\":{\"@id\":\"https:\\\/\\\/transamerica93.com.br\\\/home\\\/#\\\/schema\\\/logo\\\/image\\\/\"},\"sameAs\":[\"https:\\\/\\\/www.facebook.com\\\/transamericamococa\",\"https:\\\/\\\/x.com\\\/transamerica933\",\"https:\\\/\\\/www.instagram.com\\\/transamericamococa\"]},{\"@type\":\"Person\",\"@id\":\"https:\\\/\\\/transamerica93.com.br\\\/home\\\/#\\\/schema\\\/person\\\/7fed7c99c0d4562efa8561bc0f543172\",\"name\":\"Reda\u00e7\u00e3o\",\"image\":{\"@type\":\"ImageObject\",\"inLanguage\":\"pt-BR\",\"@id\":\"https:\\\/\\\/secure.gravatar.com\\\/avatar\\\/1072c6b775fb02ef8506ce967551d95926669a6b7d2c2147b42eea4d7c68395e?s=96&d=mm&r=g\",\"url\":\"https:\\\/\\\/secure.gravatar.com\\\/avatar\\\/1072c6b775fb02ef8506ce967551d95926669a6b7d2c2147b42eea4d7c68395e?s=96&d=mm&r=g\",\"contentUrl\":\"https:\\\/\\\/secure.gravatar.com\\\/avatar\\\/1072c6b775fb02ef8506ce967551d95926669a6b7d2c2147b42eea4d7c68395e?s=96&d=mm&r=g\",\"caption\":\"Reda\u00e7\u00e3o\"},\"sameAs\":[\"https:\\\/\\\/transamerica93.com.br\\\/home\"],\"url\":\"https:\\\/\\\/transamerica93.com.br\\\/home\\\/author\\\/william\\\/\"}]}<\/script>\n<!-- \/ Yoast SEO plugin. -->","yoast_head_json":{"title":"Musical sobre o Paralamas do Sucesso abre pr\u00e9-venda de ingressos para SP - Transam\u00e9rica Mococa 93,3","robots":{"index":"index","follow":"follow","max-snippet":"max-snippet:-1","max-image-preview":"max-image-preview:large","max-video-preview":"max-video-preview:-1"},"canonical":"https:\/\/transamerica93.com.br\/home\/musical-sobre-o-paralamas-do-sucesso-abre-pre-venda-de-ingressos-para-sp\/","og_locale":"pt_BR","og_type":"article","og_title":"Musical sobre o Paralamas do Sucesso abre pr\u00e9-venda de ingressos para SP - Transam\u00e9rica Mococa 93,3","og_description":"Por Leonardo Neto S\u00e3o Paulo ter\u00e1 a chance de conhecer um pouco mais sobre a trajet\u00f3ria d\u2019Os Paralamas do Sucesso, banda formada nos anos 1980, dona de hits como\u00a0\u00d3culos\u00a0(1984),\u00a0Lanterna dos Afogados\u00a0(1989) e\u00a0Ela Disse Adeus\u00a0(1998). \u00c9 que a cidade vai receber, a partir de maio de 2025, o espet\u00e1culo\u00a0Vital, o musical dos Paralamas. A montagem chega &hellip;","og_url":"https:\/\/transamerica93.com.br\/home\/musical-sobre-o-paralamas-do-sucesso-abre-pre-venda-de-ingressos-para-sp\/","og_site_name":"Transam\u00e9rica Mococa 93,3","article_publisher":"https:\/\/www.facebook.com\/transamericamococa","article_published_time":"2024-12-02T18:00:58+00:00","og_image":[{"width":838,"height":518,"url":"https:\/\/transamerica93.com.br\/home\/wp-content\/uploads\/2024\/11\/1-3.jpg","type":"image\/jpeg"}],"author":"Reda\u00e7\u00e3o","twitter_card":"summary_large_image","twitter_creator":"@transamerica933","twitter_site":"@transamerica933","twitter_misc":{"Escrito por":"Reda\u00e7\u00e3o","Est. tempo de leitura":"2 minutos"},"schema":{"@context":"https:\/\/schema.org","@graph":[{"@type":"Article","@id":"https:\/\/transamerica93.com.br\/home\/musical-sobre-o-paralamas-do-sucesso-abre-pre-venda-de-ingressos-para-sp\/#article","isPartOf":{"@id":"https:\/\/transamerica93.com.br\/home\/musical-sobre-o-paralamas-do-sucesso-abre-pre-venda-de-ingressos-para-sp\/"},"author":{"name":"Reda\u00e7\u00e3o","@id":"https:\/\/transamerica93.com.br\/home\/#\/schema\/person\/7fed7c99c0d4562efa8561bc0f543172"},"headline":"Musical sobre o Paralamas do Sucesso abre pr\u00e9-venda de ingressos para SP","datePublished":"2024-12-02T18:00:58+00:00","mainEntityOfPage":{"@id":"https:\/\/transamerica93.com.br\/home\/musical-sobre-o-paralamas-do-sucesso-abre-pre-venda-de-ingressos-para-sp\/"},"wordCount":254,"publisher":{"@id":"https:\/\/transamerica93.com.br\/home\/#organization"},"image":{"@id":"https:\/\/transamerica93.com.br\/home\/musical-sobre-o-paralamas-do-sucesso-abre-pre-venda-de-ingressos-para-sp\/#primaryimage"},"thumbnailUrl":"https:\/\/transamerica93.com.br\/home\/wp-content\/uploads\/2024\/11\/1-3.jpg","articleSection":["M\u00fasica"],"inLanguage":"pt-BR"},{"@type":"WebPage","@id":"https:\/\/transamerica93.com.br\/home\/musical-sobre-o-paralamas-do-sucesso-abre-pre-venda-de-ingressos-para-sp\/","url":"https:\/\/transamerica93.com.br\/home\/musical-sobre-o-paralamas-do-sucesso-abre-pre-venda-de-ingressos-para-sp\/","name":"Musical sobre o Paralamas do Sucesso abre pr\u00e9-venda de ingressos para SP - Transam\u00e9rica Mococa 93,3","isPartOf":{"@id":"https:\/\/transamerica93.com.br\/home\/#website"},"primaryImageOfPage":{"@id":"https:\/\/transamerica93.com.br\/home\/musical-sobre-o-paralamas-do-sucesso-abre-pre-venda-de-ingressos-para-sp\/#primaryimage"},"image":{"@id":"https:\/\/transamerica93.com.br\/home\/musical-sobre-o-paralamas-do-sucesso-abre-pre-venda-de-ingressos-para-sp\/#primaryimage"},"thumbnailUrl":"https:\/\/transamerica93.com.br\/home\/wp-content\/uploads\/2024\/11\/1-3.jpg","datePublished":"2024-12-02T18:00:58+00:00","breadcrumb":{"@id":"https:\/\/transamerica93.com.br\/home\/musical-sobre-o-paralamas-do-sucesso-abre-pre-venda-de-ingressos-para-sp\/#breadcrumb"},"inLanguage":"pt-BR","potentialAction":[{"@type":"ReadAction","target":["https:\/\/transamerica93.com.br\/home\/musical-sobre-o-paralamas-do-sucesso-abre-pre-venda-de-ingressos-para-sp\/"]}]},{"@type":"ImageObject","inLanguage":"pt-BR","@id":"https:\/\/transamerica93.com.br\/home\/musical-sobre-o-paralamas-do-sucesso-abre-pre-venda-de-ingressos-para-sp\/#primaryimage","url":"https:\/\/transamerica93.com.br\/home\/wp-content\/uploads\/2024\/11\/1-3.jpg","contentUrl":"https:\/\/transamerica93.com.br\/home\/wp-content\/uploads\/2024\/11\/1-3.jpg","width":838,"height":518,"caption":"Reprodu\u00e7\u00e3o"},{"@type":"BreadcrumbList","@id":"https:\/\/transamerica93.com.br\/home\/musical-sobre-o-paralamas-do-sucesso-abre-pre-venda-de-ingressos-para-sp\/#breadcrumb","itemListElement":[{"@type":"ListItem","position":1,"name":"In\u00edcio","item":"https:\/\/transamerica93.com.br\/home\/"},{"@type":"ListItem","position":2,"name":"Musical sobre o Paralamas do Sucesso abre pr\u00e9-venda de ingressos para SP"}]},{"@type":"WebSite","@id":"https:\/\/transamerica93.com.br\/home\/#website","url":"https:\/\/transamerica93.com.br\/home\/","name":"Transam\u00e9rica Mococa 93,3","description":"","publisher":{"@id":"https:\/\/transamerica93.com.br\/home\/#organization"},"potentialAction":[{"@type":"SearchAction","target":{"@type":"EntryPoint","urlTemplate":"https:\/\/transamerica93.com.br\/home\/?s={search_term_string}"},"query-input":{"@type":"PropertyValueSpecification","valueRequired":true,"valueName":"search_term_string"}}],"inLanguage":"pt-BR"},{"@type":"Organization","@id":"https:\/\/transamerica93.com.br\/home\/#organization","name":"Transam\u00e9rica Mococa 93,3","url":"https:\/\/transamerica93.com.br\/home\/","logo":{"@type":"ImageObject","inLanguage":"pt-BR","@id":"https:\/\/transamerica93.com.br\/home\/#\/schema\/logo\/image\/","url":"https:\/\/transamerica93.com.br\/home\/wp-content\/uploads\/2023\/10\/logo2.png","contentUrl":"https:\/\/transamerica93.com.br\/home\/wp-content\/uploads\/2023\/10\/logo2.png","width":800,"height":500,"caption":"Transam\u00e9rica Mococa 93,3"},"image":{"@id":"https:\/\/transamerica93.com.br\/home\/#\/schema\/logo\/image\/"},"sameAs":["https:\/\/www.facebook.com\/transamericamococa","https:\/\/x.com\/transamerica933","https:\/\/www.instagram.com\/transamericamococa"]},{"@type":"Person","@id":"https:\/\/transamerica93.com.br\/home\/#\/schema\/person\/7fed7c99c0d4562efa8561bc0f543172","name":"Reda\u00e7\u00e3o","image":{"@type":"ImageObject","inLanguage":"pt-BR","@id":"https:\/\/secure.gravatar.com\/avatar\/1072c6b775fb02ef8506ce967551d95926669a6b7d2c2147b42eea4d7c68395e?s=96&d=mm&r=g","url":"https:\/\/secure.gravatar.com\/avatar\/1072c6b775fb02ef8506ce967551d95926669a6b7d2c2147b42eea4d7c68395e?s=96&d=mm&r=g","contentUrl":"https:\/\/secure.gravatar.com\/avatar\/1072c6b775fb02ef8506ce967551d95926669a6b7d2c2147b42eea4d7c68395e?s=96&d=mm&r=g","caption":"Reda\u00e7\u00e3o"},"sameAs":["https:\/\/transamerica93.com.br\/home"],"url":"https:\/\/transamerica93.com.br\/home\/author\/william\/"}]}},"_links":{"self":[{"href":"https:\/\/transamerica93.com.br\/home\/wp-json\/wp\/v2\/posts\/4208","targetHints":{"allow":["GET"]}}],"collection":[{"href":"https:\/\/transamerica93.com.br\/home\/wp-json\/wp\/v2\/posts"}],"about":[{"href":"https:\/\/transamerica93.com.br\/home\/wp-json\/wp\/v2\/types\/post"}],"author":[{"embeddable":true,"href":"https:\/\/transamerica93.com.br\/home\/wp-json\/wp\/v2\/users\/1"}],"replies":[{"embeddable":true,"href":"https:\/\/transamerica93.com.br\/home\/wp-json\/wp\/v2\/comments?post=4208"}],"version-history":[{"count":1,"href":"https:\/\/transamerica93.com.br\/home\/wp-json\/wp\/v2\/posts\/4208\/revisions"}],"predecessor-version":[{"id":4210,"href":"https:\/\/transamerica93.com.br\/home\/wp-json\/wp\/v2\/posts\/4208\/revisions\/4210"}],"wp:featuredmedia":[{"embeddable":true,"href":"https:\/\/transamerica93.com.br\/home\/wp-json\/wp\/v2\/media\/4209"}],"wp:attachment":[{"href":"https:\/\/transamerica93.com.br\/home\/wp-json\/wp\/v2\/media?parent=4208"}],"wp:term":[{"taxonomy":"category","embeddable":true,"href":"https:\/\/transamerica93.com.br\/home\/wp-json\/wp\/v2\/categories?post=4208"},{"taxonomy":"post_tag","embeddable":true,"href":"https:\/\/transamerica93.com.br\/home\/wp-json\/wp\/v2\/tags?post=4208"}],"curies":[{"name":"wp","href":"https:\/\/api.w.org\/{rel}","templated":true}]}}