{"id":4237,"date":"2024-12-11T09:00:26","date_gmt":"2024-12-11T12:00:26","guid":{"rendered":"https:\/\/transamerica93.com.br\/home\/?p=4237"},"modified":"2024-12-05T15:06:31","modified_gmt":"2024-12-05T18:06:31","slug":"acordo-sobre-desinformacao-permite-aprovacao-de-regulacao-da-ia","status":"publish","type":"post","link":"https:\/\/transamerica93.com.br\/home\/acordo-sobre-desinformacao-permite-aprovacao-de-regulacao-da-ia\/","title":{"rendered":"Acordo sobre desinforma\u00e7\u00e3o permite aprova\u00e7\u00e3o de regula\u00e7\u00e3o da IA"},"content":{"rendered":"<div class=\"conteudo-noticia\">\n<p>Um acordo firmado entre governo e oposi\u00e7\u00e3o permitiu a aprova\u00e7\u00e3o em Comiss\u00e3o Especial do Senado, por vota\u00e7\u00e3o simb\u00f3lica, do projeto de lei que regulamenta a Intelig\u00eancia Artificial (IA) no Brasil, na quinta-feira (5). Isso porque <a href=\"https:\/\/agenciabrasil.ebc.com.br\/politica\/noticia\/2024-12\/debate-sobre-desinformacao-adia-votacao-de-projeto-que-regula-ia\" target=\"_blank\" rel=\"noopener\">existe uma disputa em torno<\/a>\u00a0dos trechos que exigem que os sistemas de IA respeitem a integridade da informa\u00e7\u00e3o e que combatam \u00e0 desinforma\u00e7\u00e3o.<img decoding=\"async\" data-src=\"https:\/\/agenciabrasil.ebc.com.br\/ebc.png?id=1622560&amp;o=node\" src=\"data:image\/svg+xml;base64,PHN2ZyB3aWR0aD0iMSIgaGVpZ2h0PSIxIiB4bWxucz0iaHR0cDovL3d3dy53My5vcmcvMjAwMC9zdmciPjwvc3ZnPg==\" class=\"lazyload\" \/><img decoding=\"async\" data-src=\"https:\/\/agenciabrasil.ebc.com.br\/ebc.gif?id=1622560&amp;o=node\" src=\"data:image\/svg+xml;base64,PHN2ZyB3aWR0aD0iMSIgaGVpZ2h0PSIxIiB4bWxucz0iaHR0cDovL3d3dy53My5vcmcvMjAwMC9zdmciPjwvc3ZnPg==\" class=\"lazyload\" \/><\/p>\n<p>O Plen\u00e1rio do Senado aprovou, tamb\u00e9m nesta quinta-feira (5), a urg\u00eancia do texto e a expectativa \u00e9 de que o m\u00e9rito da medida seja analisado no Plen\u00e1rio da Casa na pr\u00f3xima ter\u00e7a-feira (10), quando os partidos ainda poder\u00e3o sugerir novas mudan\u00e7as no texto.<\/p>\n<p>Para conseguir aprovar por vota\u00e7\u00e3o simb\u00f3lica \u2013 quando h\u00e1 acordo e os parlamentares n\u00e3o registram o voto no sistema \u2013, o relator Eduardo Gomes (PL-TO)\u00a0<a href=\"https:\/\/agenciabrasil.ebc.com.br\/politica\/noticia\/2024-12\/relator-reforca-exclusao-de-big-tech-do-projeto-que-regula-ia-no-pais\" target=\"_blank\" rel=\"noopener\">retirou alguns trechos que mencionavam<\/a>\u00a0a integridade da informa\u00e7\u00e3o. Por outro lado, Gomes manteve o dispositivo que diz que a integridade da informa\u00e7\u00e3o \u00e9 um dos princ\u00edpios que regem o uso e o desenvolvimento de intelig\u00eancia artificial no Brasil.<\/p>\n<p>O l\u00edder do governo no Congresso, senador Randolfe Rodrigues (PT-AP), avaliou que o acordo n\u00e3o prejudicou o princ\u00edpio de que os sistemas de IA ter\u00e3o que respeitar a integridade das informa\u00e7\u00f5es.<\/p>\n<p>\u201cTeve a exclus\u00e3o de um dispositivo meio confuso, que o relator acatou pra construir essa unidade, mas n\u00e3o prejudica o princ\u00edpio da integridade da informa\u00e7\u00e3o\u201d, explicou Randolfe.<\/p>\n<p>O l\u00edder da oposi\u00e7\u00e3o, senador Marcos Rog\u00e9rio (PL-RO), sustentou que a preocupa\u00e7\u00e3o dele era de que esses trechos prejudicassem a liberdade de express\u00e3o.<\/p>\n<p>\u201cDo ponto de vista do que eu defendia, aprimoramos o texto. Pontos que ainda precisam de um cuidado aqui ou acol\u00e1 ainda existem, mas o texto ainda vai passar pelo Plen\u00e1rio do Senado e pela C\u00e2mara dos Deputados, voltando depois ao Senado se houver altera\u00e7\u00e3o na C\u00e2mara. Estou contente com o trabalho do relator que, em um ambiente de grande diverg\u00eancia, construiu um caminho de converg\u00eancia\u201d, explicou Rog\u00e9rio.<\/p>\n<p>O diretor do Instituto de Pesquisa em Direito e Tecnologia do Recife, Andr\u00e9 Fernandes, que integra a Coaliz\u00e3o Direitos na Rede, ressaltou \u00e0\u00a0<strong>Ag\u00eancia Brasil<\/strong>\u00a0que as mudan\u00e7as em rela\u00e7\u00e3o \u00e0 integridade da informa\u00e7\u00e3o desidratam o texto, mas pode ter efeito limitado.<\/p>\n<p>\u201cFoi o acordo para que o texto avan\u00e7asse, dentro da l\u00f3gica de que a base do relator, que \u00e9 bolsonarista, estava pressionando para a retirada desses elementos. E isso \u00e9 um problema. Obviamente, \u00e9 mais uma desidrata\u00e7\u00e3o do texto que pode ser in\u00f3cua ao final porque a integridade da informa\u00e7\u00e3o ainda est\u00e1 como fundamento [da IA no texto]\u201d, explicou.<\/p>\n<h2>Mudan\u00e7as<\/h2>\n<p>O relator Eduardo Gomes (PL-TO) excluiu do texto, a pedido da oposi\u00e7\u00e3o, dois dispositivos que citavam a necessidade de observar a integridade da informa\u00e7\u00e3o nos sistemas de IA.<\/p>\n<p>No documento anterior, estava previsto que, para classificar se um sistema de IA \u00e9 ou n\u00e3o de alto risco, era necess\u00e1rio analisar se a tecnologia poderia causar \u201crisco \u00e0 integridade da informa\u00e7\u00e3o, liberdade de express\u00e3o, o processo democr\u00e1tico e ao pluralismo pol\u00edtico\u201d. Esse trecho foi exclu\u00eddo.<\/p>\n<p>O relator tamb\u00e9m excluiu o Artigo 31, que previa que o desenvolvedor de um sistema de IA, antes de disponibilizar o\u00a0<em>software<\/em>\u00a0no mercado para fins comerciais, deveria \u201cgarantir a ado\u00e7\u00e3o de medidas para identifica\u00e7\u00e3o, an\u00e1lise e mitiga\u00e7\u00e3o de riscos razoavelmente previs\u00edveis no que tange a direitos fundamentais, o meio ambiente, a integridade da informa\u00e7\u00e3o, liberdade de express\u00e3o e o acesso \u00e0 informa\u00e7\u00e3o\u201d.<\/p>\n<p>Por outro lado, o relator manteve, entre os fundamentos para o uso e desenvolvimento de sistemas de IA no Brasil, o seguinte crit\u00e9rio: \u201cintegridade da informa\u00e7\u00e3o mediante a prote\u00e7\u00e3o e a promo\u00e7\u00e3o da confiabilidade, precis\u00e3o e consist\u00eancia das informa\u00e7\u00f5es para o fortalecimento da liberdade de express\u00e3o, acesso \u00e0 informa\u00e7\u00e3o e dos demais direitos fundamentais\u201d.<\/p>\n<p>O projeto de lei define que a integridade da informa\u00e7\u00e3o \u00e9 \u201cresultado de um ecossistema informacional que viabiliza e disponibiliza informa\u00e7\u00f5es e conhecimento confi\u00e1veis, diversos e precisos, em tempo h\u00e1bil para promo\u00e7\u00e3o da liberdade de express\u00e3o\u201d.<\/p>\n<h2>Projeto<\/h2>\n<p>De autoria do presidente do Senado, Rodrigo Pacheco (PSD\/MG), o texto estabelece os princ\u00edpios fundamentais para o desenvolvimento e uso de IA. Ele define que a tecnologia deve ser transparente, segura, confi\u00e1vel, \u00e9tica, livre de vieses discriminat\u00f3rios, respeitando os direitos humanos e valores democr\u00e1ticos. Al\u00e9m disso, o projeto exige que sejam contemplados o desenvolvimento tecnol\u00f3gico, a inova\u00e7\u00e3o, a livre iniciativa e a livre concorr\u00eancia.<\/p>\n<p>O texto tamb\u00e9m prev\u00ea o respeito aos direitos autorais de artistas e jornalistas que tenham suas obras usadas por sistemas de IA e prev\u00ea uma autoridade para governan\u00e7a da regula\u00e7\u00e3o da IA no Brasil, com a cria\u00e7\u00e3o do Sistema Nacional de Regula\u00e7\u00e3o e Governan\u00e7a de IA (SIA).<\/p>\n<p>Esse Sistema ter\u00e1 um papel residual, com o papel regulat\u00f3rio principal ficando com as atuais ag\u00eancias regulat\u00f3rias setoriais, que ainda ter\u00e3o acento no SIA.<\/p>\n<p>De acordo com o projeto, o SIA ser\u00e1 respons\u00e1vel por \u201cexercer compet\u00eancia normativa, regulat\u00f3ria, fiscalizat\u00f3ria e sancionat\u00f3ria plena para desenvolvimento, implementa\u00e7\u00e3o e uso de sistemas de intelig\u00eancia artificial para atividades econ\u00f4micas em que n\u00e3o haja \u00f3rg\u00e3o ou ente regulador setorial espec\u00edfico\u201d.<\/p>\n<p>O projeto ainda define quais sistemas de IA devem ser considerados de alto risco e, por isso, precisam de uma regula\u00e7\u00e3o mais r\u00edgida, al\u00e9m de proibir o desenvolvimento de tecnologias que causem danos \u00e0 sa\u00fade, seguran\u00e7a ou outros direitos fundamentais.<\/p>\n<p>O projeto pro\u00edbe, por exemplo, que o Poder P\u00fablico crie sistemas que classifiquem ou ranqueiem pessoas com base no comportamento social para acesso a bens e servi\u00e7os e pol\u00edticas p\u00fablicas \u201cde forma ileg\u00edtima ou desproporcional\u201d ou que facilitem o abuso ou explora\u00e7\u00e3o sexual de crian\u00e7as e adolescentes.<\/p>\n<div class=\"noticias-relacionadas rel-position rowflex\">\n<div class=\"titulo-noticia-relacionada\"><\/div>\n<\/div>\n<\/div>\n<div class=\"footer-noticia\">\n<div class=\"editor rowflex\">Edi\u00e7\u00e3o: Denise Griesinger<\/div>\n<\/div>\n","protected":false},"excerpt":{"rendered":"<p>Um acordo firmado entre governo e oposi\u00e7\u00e3o permitiu a aprova\u00e7\u00e3o em Comiss\u00e3o Especial do Senado, por vota\u00e7\u00e3o simb\u00f3lica, do projeto de lei que regulamenta a Intelig\u00eancia Artificial (IA) no Brasil, na quinta-feira (5). Isso porque existe uma disputa em torno\u00a0dos trechos que exigem que os sistemas de IA respeitem a integridade da informa\u00e7\u00e3o e que &hellip;<\/p>\n","protected":false},"author":1,"featured_media":4231,"comment_status":"closed","ping_status":"closed","sticky":false,"template":"","format":"standard","meta":{"footnotes":""},"categories":[30],"tags":[],"class_list":["post-4237","post","type-post","status-publish","format-standard","has-post-thumbnail","hentry","category-geral"],"yoast_head":"<!-- This site is optimized with the Yoast SEO plugin v27.4 - https:\/\/yoast.com\/product\/yoast-seo-wordpress\/ -->\n<title>Acordo sobre desinforma\u00e7\u00e3o permite aprova\u00e7\u00e3o de regula\u00e7\u00e3o da IA - Transam\u00e9rica Mococa 93,3<\/title>\n<meta name=\"robots\" content=\"index, follow, max-snippet:-1, max-image-preview:large, max-video-preview:-1\" \/>\n<link rel=\"canonical\" href=\"https:\/\/transamerica93.com.br\/home\/acordo-sobre-desinformacao-permite-aprovacao-de-regulacao-da-ia\/\" \/>\n<meta property=\"og:locale\" content=\"pt_BR\" \/>\n<meta property=\"og:type\" content=\"article\" \/>\n<meta property=\"og:title\" content=\"Acordo sobre desinforma\u00e7\u00e3o permite aprova\u00e7\u00e3o de regula\u00e7\u00e3o da IA - Transam\u00e9rica Mococa 93,3\" \/>\n<meta property=\"og:description\" content=\"Um acordo firmado entre governo e oposi\u00e7\u00e3o permitiu a aprova\u00e7\u00e3o em Comiss\u00e3o Especial do Senado, por vota\u00e7\u00e3o simb\u00f3lica, do projeto de lei que regulamenta a Intelig\u00eancia Artificial (IA) no Brasil, na quinta-feira (5). Isso porque existe uma disputa em torno\u00a0dos trechos que exigem que os sistemas de IA respeitem a integridade da informa\u00e7\u00e3o e que &hellip;\" \/>\n<meta property=\"og:url\" content=\"https:\/\/transamerica93.com.br\/home\/acordo-sobre-desinformacao-permite-aprovacao-de-regulacao-da-ia\/\" \/>\n<meta property=\"og:site_name\" content=\"Transam\u00e9rica Mococa 93,3\" \/>\n<meta property=\"article:publisher\" content=\"https:\/\/www.facebook.com\/transamericamococa\" \/>\n<meta property=\"article:published_time\" content=\"2024-12-11T12:00:26+00:00\" \/>\n<meta property=\"og:image\" content=\"https:\/\/transamerica93.com.br\/home\/wp-content\/uploads\/2024\/12\/3.jpg\" \/>\n\t<meta property=\"og:image:width\" content=\"1170\" \/>\n\t<meta property=\"og:image:height\" content=\"700\" \/>\n\t<meta property=\"og:image:type\" content=\"image\/jpeg\" \/>\n<meta name=\"author\" content=\"Reda\u00e7\u00e3o\" \/>\n<meta name=\"twitter:card\" content=\"summary_large_image\" \/>\n<meta name=\"twitter:creator\" content=\"@transamerica933\" \/>\n<meta name=\"twitter:site\" content=\"@transamerica933\" \/>\n<meta name=\"twitter:label1\" content=\"Escrito por\" \/>\n\t<meta name=\"twitter:data1\" content=\"Reda\u00e7\u00e3o\" \/>\n\t<meta name=\"twitter:label2\" content=\"Est. tempo de leitura\" \/>\n\t<meta name=\"twitter:data2\" content=\"6 minutos\" \/>\n<script type=\"application\/ld+json\" class=\"yoast-schema-graph\">{\"@context\":\"https:\\\/\\\/schema.org\",\"@graph\":[{\"@type\":\"Article\",\"@id\":\"https:\\\/\\\/transamerica93.com.br\\\/home\\\/acordo-sobre-desinformacao-permite-aprovacao-de-regulacao-da-ia\\\/#article\",\"isPartOf\":{\"@id\":\"https:\\\/\\\/transamerica93.com.br\\\/home\\\/acordo-sobre-desinformacao-permite-aprovacao-de-regulacao-da-ia\\\/\"},\"author\":{\"name\":\"Reda\u00e7\u00e3o\",\"@id\":\"https:\\\/\\\/transamerica93.com.br\\\/home\\\/#\\\/schema\\\/person\\\/7fed7c99c0d4562efa8561bc0f543172\"},\"headline\":\"Acordo sobre desinforma\u00e7\u00e3o permite aprova\u00e7\u00e3o de regula\u00e7\u00e3o da IA\",\"datePublished\":\"2024-12-11T12:00:26+00:00\",\"mainEntityOfPage\":{\"@id\":\"https:\\\/\\\/transamerica93.com.br\\\/home\\\/acordo-sobre-desinformacao-permite-aprovacao-de-regulacao-da-ia\\\/\"},\"wordCount\":1036,\"publisher\":{\"@id\":\"https:\\\/\\\/transamerica93.com.br\\\/home\\\/#organization\"},\"image\":{\"@id\":\"https:\\\/\\\/transamerica93.com.br\\\/home\\\/acordo-sobre-desinformacao-permite-aprovacao-de-regulacao-da-ia\\\/#primaryimage\"},\"thumbnailUrl\":\"https:\\\/\\\/transamerica93.com.br\\\/home\\\/wp-content\\\/uploads\\\/2024\\\/12\\\/3.jpg\",\"articleSection\":[\"Geral\"],\"inLanguage\":\"pt-BR\"},{\"@type\":\"WebPage\",\"@id\":\"https:\\\/\\\/transamerica93.com.br\\\/home\\\/acordo-sobre-desinformacao-permite-aprovacao-de-regulacao-da-ia\\\/\",\"url\":\"https:\\\/\\\/transamerica93.com.br\\\/home\\\/acordo-sobre-desinformacao-permite-aprovacao-de-regulacao-da-ia\\\/\",\"name\":\"Acordo sobre desinforma\u00e7\u00e3o permite aprova\u00e7\u00e3o de regula\u00e7\u00e3o da IA - Transam\u00e9rica Mococa 93,3\",\"isPartOf\":{\"@id\":\"https:\\\/\\\/transamerica93.com.br\\\/home\\\/#website\"},\"primaryImageOfPage\":{\"@id\":\"https:\\\/\\\/transamerica93.com.br\\\/home\\\/acordo-sobre-desinformacao-permite-aprovacao-de-regulacao-da-ia\\\/#primaryimage\"},\"image\":{\"@id\":\"https:\\\/\\\/transamerica93.com.br\\\/home\\\/acordo-sobre-desinformacao-permite-aprovacao-de-regulacao-da-ia\\\/#primaryimage\"},\"thumbnailUrl\":\"https:\\\/\\\/transamerica93.com.br\\\/home\\\/wp-content\\\/uploads\\\/2024\\\/12\\\/3.jpg\",\"datePublished\":\"2024-12-11T12:00:26+00:00\",\"breadcrumb\":{\"@id\":\"https:\\\/\\\/transamerica93.com.br\\\/home\\\/acordo-sobre-desinformacao-permite-aprovacao-de-regulacao-da-ia\\\/#breadcrumb\"},\"inLanguage\":\"pt-BR\",\"potentialAction\":[{\"@type\":\"ReadAction\",\"target\":[\"https:\\\/\\\/transamerica93.com.br\\\/home\\\/acordo-sobre-desinformacao-permite-aprovacao-de-regulacao-da-ia\\\/\"]}]},{\"@type\":\"ImageObject\",\"inLanguage\":\"pt-BR\",\"@id\":\"https:\\\/\\\/transamerica93.com.br\\\/home\\\/acordo-sobre-desinformacao-permite-aprovacao-de-regulacao-da-ia\\\/#primaryimage\",\"url\":\"https:\\\/\\\/transamerica93.com.br\\\/home\\\/wp-content\\\/uploads\\\/2024\\\/12\\\/3.jpg\",\"contentUrl\":\"https:\\\/\\\/transamerica93.com.br\\\/home\\\/wp-content\\\/uploads\\\/2024\\\/12\\\/3.jpg\",\"width\":1170,\"height\":700,\"caption\":\"\u00a9 Edilson Rodrigues\\\/Ag\u00eancia Senado\"},{\"@type\":\"BreadcrumbList\",\"@id\":\"https:\\\/\\\/transamerica93.com.br\\\/home\\\/acordo-sobre-desinformacao-permite-aprovacao-de-regulacao-da-ia\\\/#breadcrumb\",\"itemListElement\":[{\"@type\":\"ListItem\",\"position\":1,\"name\":\"In\u00edcio\",\"item\":\"https:\\\/\\\/transamerica93.com.br\\\/home\\\/\"},{\"@type\":\"ListItem\",\"position\":2,\"name\":\"Acordo sobre desinforma\u00e7\u00e3o permite aprova\u00e7\u00e3o de regula\u00e7\u00e3o da IA\"}]},{\"@type\":\"WebSite\",\"@id\":\"https:\\\/\\\/transamerica93.com.br\\\/home\\\/#website\",\"url\":\"https:\\\/\\\/transamerica93.com.br\\\/home\\\/\",\"name\":\"Transam\u00e9rica Mococa 93,3\",\"description\":\"\",\"publisher\":{\"@id\":\"https:\\\/\\\/transamerica93.com.br\\\/home\\\/#organization\"},\"potentialAction\":[{\"@type\":\"SearchAction\",\"target\":{\"@type\":\"EntryPoint\",\"urlTemplate\":\"https:\\\/\\\/transamerica93.com.br\\\/home\\\/?s={search_term_string}\"},\"query-input\":{\"@type\":\"PropertyValueSpecification\",\"valueRequired\":true,\"valueName\":\"search_term_string\"}}],\"inLanguage\":\"pt-BR\"},{\"@type\":\"Organization\",\"@id\":\"https:\\\/\\\/transamerica93.com.br\\\/home\\\/#organization\",\"name\":\"Transam\u00e9rica Mococa 93,3\",\"url\":\"https:\\\/\\\/transamerica93.com.br\\\/home\\\/\",\"logo\":{\"@type\":\"ImageObject\",\"inLanguage\":\"pt-BR\",\"@id\":\"https:\\\/\\\/transamerica93.com.br\\\/home\\\/#\\\/schema\\\/logo\\\/image\\\/\",\"url\":\"https:\\\/\\\/transamerica93.com.br\\\/home\\\/wp-content\\\/uploads\\\/2023\\\/10\\\/logo2.png\",\"contentUrl\":\"https:\\\/\\\/transamerica93.com.br\\\/home\\\/wp-content\\\/uploads\\\/2023\\\/10\\\/logo2.png\",\"width\":800,\"height\":500,\"caption\":\"Transam\u00e9rica Mococa 93,3\"},\"image\":{\"@id\":\"https:\\\/\\\/transamerica93.com.br\\\/home\\\/#\\\/schema\\\/logo\\\/image\\\/\"},\"sameAs\":[\"https:\\\/\\\/www.facebook.com\\\/transamericamococa\",\"https:\\\/\\\/x.com\\\/transamerica933\",\"https:\\\/\\\/www.instagram.com\\\/transamericamococa\"]},{\"@type\":\"Person\",\"@id\":\"https:\\\/\\\/transamerica93.com.br\\\/home\\\/#\\\/schema\\\/person\\\/7fed7c99c0d4562efa8561bc0f543172\",\"name\":\"Reda\u00e7\u00e3o\",\"image\":{\"@type\":\"ImageObject\",\"inLanguage\":\"pt-BR\",\"@id\":\"https:\\\/\\\/secure.gravatar.com\\\/avatar\\\/1072c6b775fb02ef8506ce967551d95926669a6b7d2c2147b42eea4d7c68395e?s=96&d=mm&r=g\",\"url\":\"https:\\\/\\\/secure.gravatar.com\\\/avatar\\\/1072c6b775fb02ef8506ce967551d95926669a6b7d2c2147b42eea4d7c68395e?s=96&d=mm&r=g\",\"contentUrl\":\"https:\\\/\\\/secure.gravatar.com\\\/avatar\\\/1072c6b775fb02ef8506ce967551d95926669a6b7d2c2147b42eea4d7c68395e?s=96&d=mm&r=g\",\"caption\":\"Reda\u00e7\u00e3o\"},\"sameAs\":[\"https:\\\/\\\/transamerica93.com.br\\\/home\"],\"url\":\"https:\\\/\\\/transamerica93.com.br\\\/home\\\/author\\\/william\\\/\"}]}<\/script>\n<!-- \/ Yoast SEO plugin. -->","yoast_head_json":{"title":"Acordo sobre desinforma\u00e7\u00e3o permite aprova\u00e7\u00e3o de regula\u00e7\u00e3o da IA - Transam\u00e9rica Mococa 93,3","robots":{"index":"index","follow":"follow","max-snippet":"max-snippet:-1","max-image-preview":"max-image-preview:large","max-video-preview":"max-video-preview:-1"},"canonical":"https:\/\/transamerica93.com.br\/home\/acordo-sobre-desinformacao-permite-aprovacao-de-regulacao-da-ia\/","og_locale":"pt_BR","og_type":"article","og_title":"Acordo sobre desinforma\u00e7\u00e3o permite aprova\u00e7\u00e3o de regula\u00e7\u00e3o da IA - Transam\u00e9rica Mococa 93,3","og_description":"Um acordo firmado entre governo e oposi\u00e7\u00e3o permitiu a aprova\u00e7\u00e3o em Comiss\u00e3o Especial do Senado, por vota\u00e7\u00e3o simb\u00f3lica, do projeto de lei que regulamenta a Intelig\u00eancia Artificial (IA) no Brasil, na quinta-feira (5). Isso porque existe uma disputa em torno\u00a0dos trechos que exigem que os sistemas de IA respeitem a integridade da informa\u00e7\u00e3o e que &hellip;","og_url":"https:\/\/transamerica93.com.br\/home\/acordo-sobre-desinformacao-permite-aprovacao-de-regulacao-da-ia\/","og_site_name":"Transam\u00e9rica Mococa 93,3","article_publisher":"https:\/\/www.facebook.com\/transamericamococa","article_published_time":"2024-12-11T12:00:26+00:00","og_image":[{"width":1170,"height":700,"url":"https:\/\/transamerica93.com.br\/home\/wp-content\/uploads\/2024\/12\/3.jpg","type":"image\/jpeg"}],"author":"Reda\u00e7\u00e3o","twitter_card":"summary_large_image","twitter_creator":"@transamerica933","twitter_site":"@transamerica933","twitter_misc":{"Escrito por":"Reda\u00e7\u00e3o","Est. tempo de leitura":"6 minutos"},"schema":{"@context":"https:\/\/schema.org","@graph":[{"@type":"Article","@id":"https:\/\/transamerica93.com.br\/home\/acordo-sobre-desinformacao-permite-aprovacao-de-regulacao-da-ia\/#article","isPartOf":{"@id":"https:\/\/transamerica93.com.br\/home\/acordo-sobre-desinformacao-permite-aprovacao-de-regulacao-da-ia\/"},"author":{"name":"Reda\u00e7\u00e3o","@id":"https:\/\/transamerica93.com.br\/home\/#\/schema\/person\/7fed7c99c0d4562efa8561bc0f543172"},"headline":"Acordo sobre desinforma\u00e7\u00e3o permite aprova\u00e7\u00e3o de regula\u00e7\u00e3o da IA","datePublished":"2024-12-11T12:00:26+00:00","mainEntityOfPage":{"@id":"https:\/\/transamerica93.com.br\/home\/acordo-sobre-desinformacao-permite-aprovacao-de-regulacao-da-ia\/"},"wordCount":1036,"publisher":{"@id":"https:\/\/transamerica93.com.br\/home\/#organization"},"image":{"@id":"https:\/\/transamerica93.com.br\/home\/acordo-sobre-desinformacao-permite-aprovacao-de-regulacao-da-ia\/#primaryimage"},"thumbnailUrl":"https:\/\/transamerica93.com.br\/home\/wp-content\/uploads\/2024\/12\/3.jpg","articleSection":["Geral"],"inLanguage":"pt-BR"},{"@type":"WebPage","@id":"https:\/\/transamerica93.com.br\/home\/acordo-sobre-desinformacao-permite-aprovacao-de-regulacao-da-ia\/","url":"https:\/\/transamerica93.com.br\/home\/acordo-sobre-desinformacao-permite-aprovacao-de-regulacao-da-ia\/","name":"Acordo sobre desinforma\u00e7\u00e3o permite aprova\u00e7\u00e3o de regula\u00e7\u00e3o da IA - Transam\u00e9rica Mococa 93,3","isPartOf":{"@id":"https:\/\/transamerica93.com.br\/home\/#website"},"primaryImageOfPage":{"@id":"https:\/\/transamerica93.com.br\/home\/acordo-sobre-desinformacao-permite-aprovacao-de-regulacao-da-ia\/#primaryimage"},"image":{"@id":"https:\/\/transamerica93.com.br\/home\/acordo-sobre-desinformacao-permite-aprovacao-de-regulacao-da-ia\/#primaryimage"},"thumbnailUrl":"https:\/\/transamerica93.com.br\/home\/wp-content\/uploads\/2024\/12\/3.jpg","datePublished":"2024-12-11T12:00:26+00:00","breadcrumb":{"@id":"https:\/\/transamerica93.com.br\/home\/acordo-sobre-desinformacao-permite-aprovacao-de-regulacao-da-ia\/#breadcrumb"},"inLanguage":"pt-BR","potentialAction":[{"@type":"ReadAction","target":["https:\/\/transamerica93.com.br\/home\/acordo-sobre-desinformacao-permite-aprovacao-de-regulacao-da-ia\/"]}]},{"@type":"ImageObject","inLanguage":"pt-BR","@id":"https:\/\/transamerica93.com.br\/home\/acordo-sobre-desinformacao-permite-aprovacao-de-regulacao-da-ia\/#primaryimage","url":"https:\/\/transamerica93.com.br\/home\/wp-content\/uploads\/2024\/12\/3.jpg","contentUrl":"https:\/\/transamerica93.com.br\/home\/wp-content\/uploads\/2024\/12\/3.jpg","width":1170,"height":700,"caption":"\u00a9 Edilson Rodrigues\/Ag\u00eancia Senado"},{"@type":"BreadcrumbList","@id":"https:\/\/transamerica93.com.br\/home\/acordo-sobre-desinformacao-permite-aprovacao-de-regulacao-da-ia\/#breadcrumb","itemListElement":[{"@type":"ListItem","position":1,"name":"In\u00edcio","item":"https:\/\/transamerica93.com.br\/home\/"},{"@type":"ListItem","position":2,"name":"Acordo sobre desinforma\u00e7\u00e3o permite aprova\u00e7\u00e3o de regula\u00e7\u00e3o da IA"}]},{"@type":"WebSite","@id":"https:\/\/transamerica93.com.br\/home\/#website","url":"https:\/\/transamerica93.com.br\/home\/","name":"Transam\u00e9rica Mococa 93,3","description":"","publisher":{"@id":"https:\/\/transamerica93.com.br\/home\/#organization"},"potentialAction":[{"@type":"SearchAction","target":{"@type":"EntryPoint","urlTemplate":"https:\/\/transamerica93.com.br\/home\/?s={search_term_string}"},"query-input":{"@type":"PropertyValueSpecification","valueRequired":true,"valueName":"search_term_string"}}],"inLanguage":"pt-BR"},{"@type":"Organization","@id":"https:\/\/transamerica93.com.br\/home\/#organization","name":"Transam\u00e9rica Mococa 93,3","url":"https:\/\/transamerica93.com.br\/home\/","logo":{"@type":"ImageObject","inLanguage":"pt-BR","@id":"https:\/\/transamerica93.com.br\/home\/#\/schema\/logo\/image\/","url":"https:\/\/transamerica93.com.br\/home\/wp-content\/uploads\/2023\/10\/logo2.png","contentUrl":"https:\/\/transamerica93.com.br\/home\/wp-content\/uploads\/2023\/10\/logo2.png","width":800,"height":500,"caption":"Transam\u00e9rica Mococa 93,3"},"image":{"@id":"https:\/\/transamerica93.com.br\/home\/#\/schema\/logo\/image\/"},"sameAs":["https:\/\/www.facebook.com\/transamericamococa","https:\/\/x.com\/transamerica933","https:\/\/www.instagram.com\/transamericamococa"]},{"@type":"Person","@id":"https:\/\/transamerica93.com.br\/home\/#\/schema\/person\/7fed7c99c0d4562efa8561bc0f543172","name":"Reda\u00e7\u00e3o","image":{"@type":"ImageObject","inLanguage":"pt-BR","@id":"https:\/\/secure.gravatar.com\/avatar\/1072c6b775fb02ef8506ce967551d95926669a6b7d2c2147b42eea4d7c68395e?s=96&d=mm&r=g","url":"https:\/\/secure.gravatar.com\/avatar\/1072c6b775fb02ef8506ce967551d95926669a6b7d2c2147b42eea4d7c68395e?s=96&d=mm&r=g","contentUrl":"https:\/\/secure.gravatar.com\/avatar\/1072c6b775fb02ef8506ce967551d95926669a6b7d2c2147b42eea4d7c68395e?s=96&d=mm&r=g","caption":"Reda\u00e7\u00e3o"},"sameAs":["https:\/\/transamerica93.com.br\/home"],"url":"https:\/\/transamerica93.com.br\/home\/author\/william\/"}]}},"_links":{"self":[{"href":"https:\/\/transamerica93.com.br\/home\/wp-json\/wp\/v2\/posts\/4237","targetHints":{"allow":["GET"]}}],"collection":[{"href":"https:\/\/transamerica93.com.br\/home\/wp-json\/wp\/v2\/posts"}],"about":[{"href":"https:\/\/transamerica93.com.br\/home\/wp-json\/wp\/v2\/types\/post"}],"author":[{"embeddable":true,"href":"https:\/\/transamerica93.com.br\/home\/wp-json\/wp\/v2\/users\/1"}],"replies":[{"embeddable":true,"href":"https:\/\/transamerica93.com.br\/home\/wp-json\/wp\/v2\/comments?post=4237"}],"version-history":[{"count":1,"href":"https:\/\/transamerica93.com.br\/home\/wp-json\/wp\/v2\/posts\/4237\/revisions"}],"predecessor-version":[{"id":4238,"href":"https:\/\/transamerica93.com.br\/home\/wp-json\/wp\/v2\/posts\/4237\/revisions\/4238"}],"wp:featuredmedia":[{"embeddable":true,"href":"https:\/\/transamerica93.com.br\/home\/wp-json\/wp\/v2\/media\/4231"}],"wp:attachment":[{"href":"https:\/\/transamerica93.com.br\/home\/wp-json\/wp\/v2\/media?parent=4237"}],"wp:term":[{"taxonomy":"category","embeddable":true,"href":"https:\/\/transamerica93.com.br\/home\/wp-json\/wp\/v2\/categories?post=4237"},{"taxonomy":"post_tag","embeddable":true,"href":"https:\/\/transamerica93.com.br\/home\/wp-json\/wp\/v2\/tags?post=4237"}],"curies":[{"name":"wp","href":"https:\/\/api.w.org\/{rel}","templated":true}]}}