{"id":4239,"date":"2024-12-12T09:00:51","date_gmt":"2024-12-12T12:00:51","guid":{"rendered":"https:\/\/transamerica93.com.br\/home\/?p=4239"},"modified":"2024-12-05T15:07:34","modified_gmt":"2024-12-05T18:07:34","slug":"pessoas-com-deficiencia-associada-ao-zika-terao-pensao-vitalicia","status":"publish","type":"post","link":"https:\/\/transamerica93.com.br\/home\/pessoas-com-deficiencia-associada-ao-zika-terao-pensao-vitalicia\/","title":{"rendered":"Pessoas com defici\u00eancia associada ao Zika ter\u00e3o pens\u00e3o vital\u00edcia"},"content":{"rendered":"<div class=\"conteudo-noticia\">\n<p>A C\u00e2mara dos Deputados aprovou nesta quarta-feira (4) projeto de lei que concede pens\u00e3o especial mensal e vital\u00edcia, equivalente ao teto do Regime Geral de Previd\u00eancia Social, atualmente em R$ 7.786,02, para pessoas com defici\u00eancia permanente decorrente de microcefalia associada \u00e0 infec\u00e7\u00e3o pelo v\u00edrus Zika. A proposta tamb\u00e9m concede indeniza\u00e7\u00e3o por dano moral, no valor de R$ 50 mil.\u00a0<img decoding=\"async\" data-src=\"https:\/\/agenciabrasil.ebc.com.br\/ebc.png?id=1622545&amp;o=node\" src=\"data:image\/svg+xml;base64,PHN2ZyB3aWR0aD0iMSIgaGVpZ2h0PSIxIiB4bWxucz0iaHR0cDovL3d3dy53My5vcmcvMjAwMC9zdmciPjwvc3ZnPg==\" class=\"lazyload\" \/><img decoding=\"async\" data-src=\"https:\/\/agenciabrasil.ebc.com.br\/ebc.gif?id=1622545&amp;o=node\" src=\"data:image\/svg+xml;base64,PHN2ZyB3aWR0aD0iMSIgaGVpZ2h0PSIxIiB4bWxucz0iaHR0cDovL3d3dy53My5vcmcvMjAwMC9zdmciPjwvc3ZnPg==\" class=\"lazyload\" \/><\/p>\n<p>O projeto de lei aprovado ser\u00e1 enviado \u00e0 san\u00e7\u00e3o presidencial.<\/p>\n<h2>Guillain-Barr\u00e9<\/h2>\n<p>Uma das emendas aprovadas, de autoria da senadora Mara Gabrilli (PSD-SP), retira da lista de beneficiados pessoas com defici\u00eancia permanente decorrente da S\u00edndrome de Guillain-Barr\u00e9 associada \u00e0 infec\u00e7\u00e3o pelo Zika.<\/p>\n<p>Outra emenda aprovada prev\u00ea que a pens\u00e3o seja paga tamb\u00e9m como abono a t\u00edtulo de 13\u00ba sal\u00e1rio, al\u00e9m de poder acumular com outros benef\u00edcios da Previd\u00eancia no valor de um sal\u00e1rio m\u00ednimo, com o Benef\u00edcio de Presta\u00e7\u00e3o Continuada (BPC) e com a indeniza\u00e7\u00e3o prevista.<\/p>\n<p>Uma terceira emenda impede a transmiss\u00e3o da pens\u00e3o ap\u00f3s a morte do benefici\u00e1rio para pessoa legalmente respons\u00e1vel que comprove ter cuidado do paciente desde o nascimento at\u00e9 o \u00f3bito.<\/p>\n<h2>Laudo<\/h2>\n<p>Para receber a pens\u00e3o, dever\u00e1 ser apresentado laudo de junta m\u00e9dica p\u00fablica ou privada respons\u00e1vel pelo acompanhamento da pessoa benefici\u00e1ria.<\/p>\n<p>O projeto ainda amplia em 60 dias o sal\u00e1rio-maternidade e a licen\u00e7a-maternidade para casos de nascimento de crian\u00e7a com microcefalia decorrente do v\u00edrus Zika. A decis\u00e3o vale, inclusive, para ado\u00e7\u00e3o ou guarda judicial.<\/p>\n<p>J\u00e1 a licen\u00e7a-paternidade prevista na Consolida\u00e7\u00e3o das Leis do Trabalho (CLT), de 5 dias, ser\u00e1 estendida para 20 dias para os casos em quest\u00e3o.<\/p>\n<p><em>* Com informa\u00e7\u00f5es da Ag\u00eancia C\u00e2mara<\/em><\/p>\n<\/div>\n<div class=\"footer-noticia\">\n<div class=\"editor rowflex\">Edi\u00e7\u00e3o: Fernando Fraga<\/div>\n<\/div>\n","protected":false},"excerpt":{"rendered":"<p>A C\u00e2mara dos Deputados aprovou nesta quarta-feira (4) projeto de lei que concede pens\u00e3o especial mensal e vital\u00edcia, equivalente ao teto do Regime Geral de Previd\u00eancia Social, atualmente em R$ 7.786,02, para pessoas com defici\u00eancia permanente decorrente de microcefalia associada \u00e0 infec\u00e7\u00e3o pelo v\u00edrus Zika. A proposta tamb\u00e9m concede indeniza\u00e7\u00e3o por dano moral, no valor &hellip;<\/p>\n","protected":false},"author":1,"featured_media":4232,"comment_status":"closed","ping_status":"closed","sticky":false,"template":"","format":"standard","meta":{"footnotes":""},"categories":[30],"tags":[],"class_list":["post-4239","post","type-post","status-publish","format-standard","has-post-thumbnail","hentry","category-geral"],"yoast_head":"<!-- This site is optimized with the Yoast SEO plugin v27.4 - https:\/\/yoast.com\/product\/yoast-seo-wordpress\/ -->\n<title>Pessoas com defici\u00eancia associada ao Zika ter\u00e3o pens\u00e3o vital\u00edcia - Transam\u00e9rica Mococa 93,3<\/title>\n<meta name=\"robots\" content=\"index, follow, max-snippet:-1, max-image-preview:large, max-video-preview:-1\" \/>\n<link rel=\"canonical\" href=\"https:\/\/transamerica93.com.br\/home\/pessoas-com-deficiencia-associada-ao-zika-terao-pensao-vitalicia\/\" \/>\n<meta property=\"og:locale\" content=\"pt_BR\" \/>\n<meta property=\"og:type\" content=\"article\" \/>\n<meta property=\"og:title\" content=\"Pessoas com defici\u00eancia associada ao Zika ter\u00e3o pens\u00e3o vital\u00edcia - Transam\u00e9rica Mococa 93,3\" \/>\n<meta property=\"og:description\" content=\"A C\u00e2mara dos Deputados aprovou nesta quarta-feira (4) projeto de lei que concede pens\u00e3o especial mensal e vital\u00edcia, equivalente ao teto do Regime Geral de Previd\u00eancia Social, atualmente em R$ 7.786,02, para pessoas com defici\u00eancia permanente decorrente de microcefalia associada \u00e0 infec\u00e7\u00e3o pelo v\u00edrus Zika. A proposta tamb\u00e9m concede indeniza\u00e7\u00e3o por dano moral, no valor &hellip;\" \/>\n<meta property=\"og:url\" content=\"https:\/\/transamerica93.com.br\/home\/pessoas-com-deficiencia-associada-ao-zika-terao-pensao-vitalicia\/\" \/>\n<meta property=\"og:site_name\" content=\"Transam\u00e9rica Mococa 93,3\" \/>\n<meta property=\"article:publisher\" content=\"https:\/\/www.facebook.com\/transamericamococa\" \/>\n<meta property=\"article:published_time\" content=\"2024-12-12T12:00:51+00:00\" \/>\n<meta property=\"og:image\" content=\"https:\/\/transamerica93.com.br\/home\/wp-content\/uploads\/2024\/12\/4.jpg\" \/>\n\t<meta property=\"og:image:width\" content=\"1170\" \/>\n\t<meta property=\"og:image:height\" content=\"700\" \/>\n\t<meta property=\"og:image:type\" content=\"image\/jpeg\" \/>\n<meta name=\"author\" content=\"Reda\u00e7\u00e3o\" \/>\n<meta name=\"twitter:card\" content=\"summary_large_image\" \/>\n<meta name=\"twitter:creator\" content=\"@transamerica933\" \/>\n<meta name=\"twitter:site\" content=\"@transamerica933\" \/>\n<meta name=\"twitter:label1\" content=\"Escrito por\" \/>\n\t<meta name=\"twitter:data1\" content=\"Reda\u00e7\u00e3o\" \/>\n\t<meta name=\"twitter:label2\" content=\"Est. tempo de leitura\" \/>\n\t<meta name=\"twitter:data2\" content=\"3 minutos\" \/>\n<script type=\"application\/ld+json\" class=\"yoast-schema-graph\">{\"@context\":\"https:\\\/\\\/schema.org\",\"@graph\":[{\"@type\":\"Article\",\"@id\":\"https:\\\/\\\/transamerica93.com.br\\\/home\\\/pessoas-com-deficiencia-associada-ao-zika-terao-pensao-vitalicia\\\/#article\",\"isPartOf\":{\"@id\":\"https:\\\/\\\/transamerica93.com.br\\\/home\\\/pessoas-com-deficiencia-associada-ao-zika-terao-pensao-vitalicia\\\/\"},\"author\":{\"name\":\"Reda\u00e7\u00e3o\",\"@id\":\"https:\\\/\\\/transamerica93.com.br\\\/home\\\/#\\\/schema\\\/person\\\/7fed7c99c0d4562efa8561bc0f543172\"},\"headline\":\"Pessoas com defici\u00eancia associada ao Zika ter\u00e3o pens\u00e3o vital\u00edcia\",\"datePublished\":\"2024-12-12T12:00:51+00:00\",\"mainEntityOfPage\":{\"@id\":\"https:\\\/\\\/transamerica93.com.br\\\/home\\\/pessoas-com-deficiencia-associada-ao-zika-terao-pensao-vitalicia\\\/\"},\"wordCount\":310,\"publisher\":{\"@id\":\"https:\\\/\\\/transamerica93.com.br\\\/home\\\/#organization\"},\"image\":{\"@id\":\"https:\\\/\\\/transamerica93.com.br\\\/home\\\/pessoas-com-deficiencia-associada-ao-zika-terao-pensao-vitalicia\\\/#primaryimage\"},\"thumbnailUrl\":\"https:\\\/\\\/transamerica93.com.br\\\/home\\\/wp-content\\\/uploads\\\/2024\\\/12\\\/4.jpg\",\"articleSection\":[\"Geral\"],\"inLanguage\":\"pt-BR\"},{\"@type\":\"WebPage\",\"@id\":\"https:\\\/\\\/transamerica93.com.br\\\/home\\\/pessoas-com-deficiencia-associada-ao-zika-terao-pensao-vitalicia\\\/\",\"url\":\"https:\\\/\\\/transamerica93.com.br\\\/home\\\/pessoas-com-deficiencia-associada-ao-zika-terao-pensao-vitalicia\\\/\",\"name\":\"Pessoas com defici\u00eancia associada ao Zika ter\u00e3o pens\u00e3o vital\u00edcia - Transam\u00e9rica Mococa 93,3\",\"isPartOf\":{\"@id\":\"https:\\\/\\\/transamerica93.com.br\\\/home\\\/#website\"},\"primaryImageOfPage\":{\"@id\":\"https:\\\/\\\/transamerica93.com.br\\\/home\\\/pessoas-com-deficiencia-associada-ao-zika-terao-pensao-vitalicia\\\/#primaryimage\"},\"image\":{\"@id\":\"https:\\\/\\\/transamerica93.com.br\\\/home\\\/pessoas-com-deficiencia-associada-ao-zika-terao-pensao-vitalicia\\\/#primaryimage\"},\"thumbnailUrl\":\"https:\\\/\\\/transamerica93.com.br\\\/home\\\/wp-content\\\/uploads\\\/2024\\\/12\\\/4.jpg\",\"datePublished\":\"2024-12-12T12:00:51+00:00\",\"breadcrumb\":{\"@id\":\"https:\\\/\\\/transamerica93.com.br\\\/home\\\/pessoas-com-deficiencia-associada-ao-zika-terao-pensao-vitalicia\\\/#breadcrumb\"},\"inLanguage\":\"pt-BR\",\"potentialAction\":[{\"@type\":\"ReadAction\",\"target\":[\"https:\\\/\\\/transamerica93.com.br\\\/home\\\/pessoas-com-deficiencia-associada-ao-zika-terao-pensao-vitalicia\\\/\"]}]},{\"@type\":\"ImageObject\",\"inLanguage\":\"pt-BR\",\"@id\":\"https:\\\/\\\/transamerica93.com.br\\\/home\\\/pessoas-com-deficiencia-associada-ao-zika-terao-pensao-vitalicia\\\/#primaryimage\",\"url\":\"https:\\\/\\\/transamerica93.com.br\\\/home\\\/wp-content\\\/uploads\\\/2024\\\/12\\\/4.jpg\",\"contentUrl\":\"https:\\\/\\\/transamerica93.com.br\\\/home\\\/wp-content\\\/uploads\\\/2024\\\/12\\\/4.jpg\",\"width\":1170,\"height\":700,\"caption\":\"\u00a9 TV Brasil\"},{\"@type\":\"BreadcrumbList\",\"@id\":\"https:\\\/\\\/transamerica93.com.br\\\/home\\\/pessoas-com-deficiencia-associada-ao-zika-terao-pensao-vitalicia\\\/#breadcrumb\",\"itemListElement\":[{\"@type\":\"ListItem\",\"position\":1,\"name\":\"In\u00edcio\",\"item\":\"https:\\\/\\\/transamerica93.com.br\\\/home\\\/\"},{\"@type\":\"ListItem\",\"position\":2,\"name\":\"Pessoas com defici\u00eancia associada ao Zika ter\u00e3o pens\u00e3o vital\u00edcia\"}]},{\"@type\":\"WebSite\",\"@id\":\"https:\\\/\\\/transamerica93.com.br\\\/home\\\/#website\",\"url\":\"https:\\\/\\\/transamerica93.com.br\\\/home\\\/\",\"name\":\"Transam\u00e9rica Mococa 93,3\",\"description\":\"\",\"publisher\":{\"@id\":\"https:\\\/\\\/transamerica93.com.br\\\/home\\\/#organization\"},\"potentialAction\":[{\"@type\":\"SearchAction\",\"target\":{\"@type\":\"EntryPoint\",\"urlTemplate\":\"https:\\\/\\\/transamerica93.com.br\\\/home\\\/?s={search_term_string}\"},\"query-input\":{\"@type\":\"PropertyValueSpecification\",\"valueRequired\":true,\"valueName\":\"search_term_string\"}}],\"inLanguage\":\"pt-BR\"},{\"@type\":\"Organization\",\"@id\":\"https:\\\/\\\/transamerica93.com.br\\\/home\\\/#organization\",\"name\":\"Transam\u00e9rica Mococa 93,3\",\"url\":\"https:\\\/\\\/transamerica93.com.br\\\/home\\\/\",\"logo\":{\"@type\":\"ImageObject\",\"inLanguage\":\"pt-BR\",\"@id\":\"https:\\\/\\\/transamerica93.com.br\\\/home\\\/#\\\/schema\\\/logo\\\/image\\\/\",\"url\":\"https:\\\/\\\/transamerica93.com.br\\\/home\\\/wp-content\\\/uploads\\\/2023\\\/10\\\/logo2.png\",\"contentUrl\":\"https:\\\/\\\/transamerica93.com.br\\\/home\\\/wp-content\\\/uploads\\\/2023\\\/10\\\/logo2.png\",\"width\":800,\"height\":500,\"caption\":\"Transam\u00e9rica Mococa 93,3\"},\"image\":{\"@id\":\"https:\\\/\\\/transamerica93.com.br\\\/home\\\/#\\\/schema\\\/logo\\\/image\\\/\"},\"sameAs\":[\"https:\\\/\\\/www.facebook.com\\\/transamericamococa\",\"https:\\\/\\\/x.com\\\/transamerica933\",\"https:\\\/\\\/www.instagram.com\\\/transamericamococa\"]},{\"@type\":\"Person\",\"@id\":\"https:\\\/\\\/transamerica93.com.br\\\/home\\\/#\\\/schema\\\/person\\\/7fed7c99c0d4562efa8561bc0f543172\",\"name\":\"Reda\u00e7\u00e3o\",\"image\":{\"@type\":\"ImageObject\",\"inLanguage\":\"pt-BR\",\"@id\":\"https:\\\/\\\/secure.gravatar.com\\\/avatar\\\/1072c6b775fb02ef8506ce967551d95926669a6b7d2c2147b42eea4d7c68395e?s=96&d=mm&r=g\",\"url\":\"https:\\\/\\\/secure.gravatar.com\\\/avatar\\\/1072c6b775fb02ef8506ce967551d95926669a6b7d2c2147b42eea4d7c68395e?s=96&d=mm&r=g\",\"contentUrl\":\"https:\\\/\\\/secure.gravatar.com\\\/avatar\\\/1072c6b775fb02ef8506ce967551d95926669a6b7d2c2147b42eea4d7c68395e?s=96&d=mm&r=g\",\"caption\":\"Reda\u00e7\u00e3o\"},\"sameAs\":[\"https:\\\/\\\/transamerica93.com.br\\\/home\"],\"url\":\"https:\\\/\\\/transamerica93.com.br\\\/home\\\/author\\\/william\\\/\"}]}<\/script>\n<!-- \/ Yoast SEO plugin. -->","yoast_head_json":{"title":"Pessoas com defici\u00eancia associada ao Zika ter\u00e3o pens\u00e3o vital\u00edcia - Transam\u00e9rica Mococa 93,3","robots":{"index":"index","follow":"follow","max-snippet":"max-snippet:-1","max-image-preview":"max-image-preview:large","max-video-preview":"max-video-preview:-1"},"canonical":"https:\/\/transamerica93.com.br\/home\/pessoas-com-deficiencia-associada-ao-zika-terao-pensao-vitalicia\/","og_locale":"pt_BR","og_type":"article","og_title":"Pessoas com defici\u00eancia associada ao Zika ter\u00e3o pens\u00e3o vital\u00edcia - Transam\u00e9rica Mococa 93,3","og_description":"A C\u00e2mara dos Deputados aprovou nesta quarta-feira (4) projeto de lei que concede pens\u00e3o especial mensal e vital\u00edcia, equivalente ao teto do Regime Geral de Previd\u00eancia Social, atualmente em R$ 7.786,02, para pessoas com defici\u00eancia permanente decorrente de microcefalia associada \u00e0 infec\u00e7\u00e3o pelo v\u00edrus Zika. A proposta tamb\u00e9m concede indeniza\u00e7\u00e3o por dano moral, no valor &hellip;","og_url":"https:\/\/transamerica93.com.br\/home\/pessoas-com-deficiencia-associada-ao-zika-terao-pensao-vitalicia\/","og_site_name":"Transam\u00e9rica Mococa 93,3","article_publisher":"https:\/\/www.facebook.com\/transamericamococa","article_published_time":"2024-12-12T12:00:51+00:00","og_image":[{"width":1170,"height":700,"url":"https:\/\/transamerica93.com.br\/home\/wp-content\/uploads\/2024\/12\/4.jpg","type":"image\/jpeg"}],"author":"Reda\u00e7\u00e3o","twitter_card":"summary_large_image","twitter_creator":"@transamerica933","twitter_site":"@transamerica933","twitter_misc":{"Escrito por":"Reda\u00e7\u00e3o","Est. tempo de leitura":"3 minutos"},"schema":{"@context":"https:\/\/schema.org","@graph":[{"@type":"Article","@id":"https:\/\/transamerica93.com.br\/home\/pessoas-com-deficiencia-associada-ao-zika-terao-pensao-vitalicia\/#article","isPartOf":{"@id":"https:\/\/transamerica93.com.br\/home\/pessoas-com-deficiencia-associada-ao-zika-terao-pensao-vitalicia\/"},"author":{"name":"Reda\u00e7\u00e3o","@id":"https:\/\/transamerica93.com.br\/home\/#\/schema\/person\/7fed7c99c0d4562efa8561bc0f543172"},"headline":"Pessoas com defici\u00eancia associada ao Zika ter\u00e3o pens\u00e3o vital\u00edcia","datePublished":"2024-12-12T12:00:51+00:00","mainEntityOfPage":{"@id":"https:\/\/transamerica93.com.br\/home\/pessoas-com-deficiencia-associada-ao-zika-terao-pensao-vitalicia\/"},"wordCount":310,"publisher":{"@id":"https:\/\/transamerica93.com.br\/home\/#organization"},"image":{"@id":"https:\/\/transamerica93.com.br\/home\/pessoas-com-deficiencia-associada-ao-zika-terao-pensao-vitalicia\/#primaryimage"},"thumbnailUrl":"https:\/\/transamerica93.com.br\/home\/wp-content\/uploads\/2024\/12\/4.jpg","articleSection":["Geral"],"inLanguage":"pt-BR"},{"@type":"WebPage","@id":"https:\/\/transamerica93.com.br\/home\/pessoas-com-deficiencia-associada-ao-zika-terao-pensao-vitalicia\/","url":"https:\/\/transamerica93.com.br\/home\/pessoas-com-deficiencia-associada-ao-zika-terao-pensao-vitalicia\/","name":"Pessoas com defici\u00eancia associada ao Zika ter\u00e3o pens\u00e3o vital\u00edcia - Transam\u00e9rica Mococa 93,3","isPartOf":{"@id":"https:\/\/transamerica93.com.br\/home\/#website"},"primaryImageOfPage":{"@id":"https:\/\/transamerica93.com.br\/home\/pessoas-com-deficiencia-associada-ao-zika-terao-pensao-vitalicia\/#primaryimage"},"image":{"@id":"https:\/\/transamerica93.com.br\/home\/pessoas-com-deficiencia-associada-ao-zika-terao-pensao-vitalicia\/#primaryimage"},"thumbnailUrl":"https:\/\/transamerica93.com.br\/home\/wp-content\/uploads\/2024\/12\/4.jpg","datePublished":"2024-12-12T12:00:51+00:00","breadcrumb":{"@id":"https:\/\/transamerica93.com.br\/home\/pessoas-com-deficiencia-associada-ao-zika-terao-pensao-vitalicia\/#breadcrumb"},"inLanguage":"pt-BR","potentialAction":[{"@type":"ReadAction","target":["https:\/\/transamerica93.com.br\/home\/pessoas-com-deficiencia-associada-ao-zika-terao-pensao-vitalicia\/"]}]},{"@type":"ImageObject","inLanguage":"pt-BR","@id":"https:\/\/transamerica93.com.br\/home\/pessoas-com-deficiencia-associada-ao-zika-terao-pensao-vitalicia\/#primaryimage","url":"https:\/\/transamerica93.com.br\/home\/wp-content\/uploads\/2024\/12\/4.jpg","contentUrl":"https:\/\/transamerica93.com.br\/home\/wp-content\/uploads\/2024\/12\/4.jpg","width":1170,"height":700,"caption":"\u00a9 TV Brasil"},{"@type":"BreadcrumbList","@id":"https:\/\/transamerica93.com.br\/home\/pessoas-com-deficiencia-associada-ao-zika-terao-pensao-vitalicia\/#breadcrumb","itemListElement":[{"@type":"ListItem","position":1,"name":"In\u00edcio","item":"https:\/\/transamerica93.com.br\/home\/"},{"@type":"ListItem","position":2,"name":"Pessoas com defici\u00eancia associada ao Zika ter\u00e3o pens\u00e3o vital\u00edcia"}]},{"@type":"WebSite","@id":"https:\/\/transamerica93.com.br\/home\/#website","url":"https:\/\/transamerica93.com.br\/home\/","name":"Transam\u00e9rica Mococa 93,3","description":"","publisher":{"@id":"https:\/\/transamerica93.com.br\/home\/#organization"},"potentialAction":[{"@type":"SearchAction","target":{"@type":"EntryPoint","urlTemplate":"https:\/\/transamerica93.com.br\/home\/?s={search_term_string}"},"query-input":{"@type":"PropertyValueSpecification","valueRequired":true,"valueName":"search_term_string"}}],"inLanguage":"pt-BR"},{"@type":"Organization","@id":"https:\/\/transamerica93.com.br\/home\/#organization","name":"Transam\u00e9rica Mococa 93,3","url":"https:\/\/transamerica93.com.br\/home\/","logo":{"@type":"ImageObject","inLanguage":"pt-BR","@id":"https:\/\/transamerica93.com.br\/home\/#\/schema\/logo\/image\/","url":"https:\/\/transamerica93.com.br\/home\/wp-content\/uploads\/2023\/10\/logo2.png","contentUrl":"https:\/\/transamerica93.com.br\/home\/wp-content\/uploads\/2023\/10\/logo2.png","width":800,"height":500,"caption":"Transam\u00e9rica Mococa 93,3"},"image":{"@id":"https:\/\/transamerica93.com.br\/home\/#\/schema\/logo\/image\/"},"sameAs":["https:\/\/www.facebook.com\/transamericamococa","https:\/\/x.com\/transamerica933","https:\/\/www.instagram.com\/transamericamococa"]},{"@type":"Person","@id":"https:\/\/transamerica93.com.br\/home\/#\/schema\/person\/7fed7c99c0d4562efa8561bc0f543172","name":"Reda\u00e7\u00e3o","image":{"@type":"ImageObject","inLanguage":"pt-BR","@id":"https:\/\/secure.gravatar.com\/avatar\/1072c6b775fb02ef8506ce967551d95926669a6b7d2c2147b42eea4d7c68395e?s=96&d=mm&r=g","url":"https:\/\/secure.gravatar.com\/avatar\/1072c6b775fb02ef8506ce967551d95926669a6b7d2c2147b42eea4d7c68395e?s=96&d=mm&r=g","contentUrl":"https:\/\/secure.gravatar.com\/avatar\/1072c6b775fb02ef8506ce967551d95926669a6b7d2c2147b42eea4d7c68395e?s=96&d=mm&r=g","caption":"Reda\u00e7\u00e3o"},"sameAs":["https:\/\/transamerica93.com.br\/home"],"url":"https:\/\/transamerica93.com.br\/home\/author\/william\/"}]}},"_links":{"self":[{"href":"https:\/\/transamerica93.com.br\/home\/wp-json\/wp\/v2\/posts\/4239","targetHints":{"allow":["GET"]}}],"collection":[{"href":"https:\/\/transamerica93.com.br\/home\/wp-json\/wp\/v2\/posts"}],"about":[{"href":"https:\/\/transamerica93.com.br\/home\/wp-json\/wp\/v2\/types\/post"}],"author":[{"embeddable":true,"href":"https:\/\/transamerica93.com.br\/home\/wp-json\/wp\/v2\/users\/1"}],"replies":[{"embeddable":true,"href":"https:\/\/transamerica93.com.br\/home\/wp-json\/wp\/v2\/comments?post=4239"}],"version-history":[{"count":1,"href":"https:\/\/transamerica93.com.br\/home\/wp-json\/wp\/v2\/posts\/4239\/revisions"}],"predecessor-version":[{"id":4240,"href":"https:\/\/transamerica93.com.br\/home\/wp-json\/wp\/v2\/posts\/4239\/revisions\/4240"}],"wp:featuredmedia":[{"embeddable":true,"href":"https:\/\/transamerica93.com.br\/home\/wp-json\/wp\/v2\/media\/4232"}],"wp:attachment":[{"href":"https:\/\/transamerica93.com.br\/home\/wp-json\/wp\/v2\/media?parent=4239"}],"wp:term":[{"taxonomy":"category","embeddable":true,"href":"https:\/\/transamerica93.com.br\/home\/wp-json\/wp\/v2\/categories?post=4239"},{"taxonomy":"post_tag","embeddable":true,"href":"https:\/\/transamerica93.com.br\/home\/wp-json\/wp\/v2\/tags?post=4239"}],"curies":[{"name":"wp","href":"https:\/\/api.w.org\/{rel}","templated":true}]}}