{"id":4262,"date":"2024-12-09T15:00:59","date_gmt":"2024-12-09T18:00:59","guid":{"rendered":"https:\/\/transamerica93.com.br\/home\/?p=4262"},"modified":"2024-12-05T18:05:42","modified_gmt":"2024-12-05T21:05:42","slug":"elton-john-diz-que-nao-consegue-assistir-ao-proprio-musical-apos-perder-a-visao","status":"publish","type":"post","link":"https:\/\/transamerica93.com.br\/home\/elton-john-diz-que-nao-consegue-assistir-ao-proprio-musical-apos-perder-a-visao\/","title":{"rendered":"Elton John diz que n\u00e3o consegue assistir ao pr\u00f3prio musical ap\u00f3s perder a vis\u00e3o"},"content":{"rendered":"<div id=\"Corpo\">\n<h6 class=\"Assina\">Por Reda\u00e7\u00e3o C2<\/h6>\n<p>Elton John, aos 77 anos, confessou que n\u00e3o consegue assistir ao pr\u00f3prio musical ap\u00f3s complica\u00e7\u00f5es que o levaram \u00e0 perda da vis\u00e3o. O m\u00fasico assina a composi\u00e7\u00e3o de O Diabo Veste Prada, que acaba de estrear no West End de Londres, no Reino Unido, conhecido como a Broadway brit\u00e2nica.<\/p>\n<p>&#8220;N\u00e3o consegui vir a muitas das pr\u00e9vias [do espet\u00e1culo] porque, como voc\u00eas sabem, perdi a vis\u00e3o. Ent\u00e3o \u00e9 dif\u00edcil para mim ver. Mas adoro ouvir e, cara, soou bem esta noite&#8221;, disse o cantor ap\u00f3s a apresenta\u00e7\u00e3o do musical em uma noite de gala, realizada no domingo, 1\u00ba. O evento beneficente arrecadou fundos para a Elton John Aids Foundation.<\/p>\n<p>O musical \u00e9 baseado tanto no filme estrelado por Meryl Streep e Anne Hathaway, de 2006, quanto no material original do livro publicado por Lauren Weisberger em 2003.<\/p>\n<p>Na semana passada, em entrevista ao programa\u00a0<i>Good Morning America<\/i>, Elton John falou sobre a perda da vis\u00e3o do olho direito devido a uma infec\u00e7\u00e3o severa que contraiu em uma viagem pelo Sul da Fran\u00e7a. No outro olho, tem vis\u00e3o parcial.<\/p>\n<p>&#8220;Tenho esperan\u00e7as e quero acreditar que ficar\u00e1 tudo bem. Mas, no momento, estou travado. Posso at\u00e9 dar entrevistas, mas ainda n\u00e3o consigo gravar em est\u00fadio porque n\u00e3o consigo enxergar as letras&#8221;, disse.<\/p>\n<p>As complica\u00e7\u00f5es aconteceram em julho. Em setembro, o m\u00fasico publicou um comunicado no Instagram em que revelava a condi\u00e7\u00e3o. &#8220;Estou me recuperando, mas \u00e9 um processo extremamente lento e ainda vai levar um tempo at\u00e9 que eu recupere totalmente a vis\u00e3o no olho afetado&#8221;, dizia o texto.<\/p><\/div>\n","protected":false},"excerpt":{"rendered":"<p>Por Reda\u00e7\u00e3o C2 Elton John, aos 77 anos, confessou que n\u00e3o consegue assistir ao pr\u00f3prio musical ap\u00f3s complica\u00e7\u00f5es que o levaram \u00e0 perda da vis\u00e3o. O m\u00fasico assina a composi\u00e7\u00e3o de O Diabo Veste Prada, que acaba de estrear no West End de Londres, no Reino Unido, conhecido como a Broadway brit\u00e2nica. &#8220;N\u00e3o consegui vir &hellip;<\/p>\n","protected":false},"author":1,"featured_media":4263,"comment_status":"closed","ping_status":"closed","sticky":false,"template":"","format":"standard","meta":{"footnotes":""},"categories":[25],"tags":[],"class_list":["post-4262","post","type-post","status-publish","format-standard","has-post-thumbnail","hentry","category-musica"],"yoast_head":"<!-- This site is optimized with the Yoast SEO plugin v27.4 - https:\/\/yoast.com\/product\/yoast-seo-wordpress\/ -->\n<title>Elton John diz que n\u00e3o consegue assistir ao pr\u00f3prio musical ap\u00f3s perder a vis\u00e3o - Transam\u00e9rica Mococa 93,3<\/title>\n<meta name=\"robots\" content=\"index, follow, max-snippet:-1, max-image-preview:large, max-video-preview:-1\" \/>\n<link rel=\"canonical\" href=\"https:\/\/transamerica93.com.br\/home\/elton-john-diz-que-nao-consegue-assistir-ao-proprio-musical-apos-perder-a-visao\/\" \/>\n<meta property=\"og:locale\" content=\"pt_BR\" \/>\n<meta property=\"og:type\" content=\"article\" \/>\n<meta property=\"og:title\" content=\"Elton John diz que n\u00e3o consegue assistir ao pr\u00f3prio musical ap\u00f3s perder a vis\u00e3o - Transam\u00e9rica Mococa 93,3\" \/>\n<meta property=\"og:description\" content=\"Por Reda\u00e7\u00e3o C2 Elton John, aos 77 anos, confessou que n\u00e3o consegue assistir ao pr\u00f3prio musical ap\u00f3s complica\u00e7\u00f5es que o levaram \u00e0 perda da vis\u00e3o. O m\u00fasico assina a composi\u00e7\u00e3o de O Diabo Veste Prada, que acaba de estrear no West End de Londres, no Reino Unido, conhecido como a Broadway brit\u00e2nica. &#8220;N\u00e3o consegui vir &hellip;\" \/>\n<meta property=\"og:url\" content=\"https:\/\/transamerica93.com.br\/home\/elton-john-diz-que-nao-consegue-assistir-ao-proprio-musical-apos-perder-a-visao\/\" \/>\n<meta property=\"og:site_name\" content=\"Transam\u00e9rica Mococa 93,3\" \/>\n<meta property=\"article:publisher\" content=\"https:\/\/www.facebook.com\/transamericamococa\" \/>\n<meta property=\"article:published_time\" content=\"2024-12-09T18:00:59+00:00\" \/>\n<meta property=\"og:image\" content=\"https:\/\/transamerica93.com.br\/home\/wp-content\/uploads\/2024\/12\/Design-sem-nome-2024-12-02T150414.896.jpg\" \/>\n\t<meta property=\"og:image:width\" content=\"960\" \/>\n\t<meta property=\"og:image:height\" content=\"640\" \/>\n\t<meta property=\"og:image:type\" content=\"image\/jpeg\" \/>\n<meta name=\"author\" content=\"Reda\u00e7\u00e3o\" \/>\n<meta name=\"twitter:card\" content=\"summary_large_image\" \/>\n<meta name=\"twitter:creator\" content=\"@transamerica933\" \/>\n<meta name=\"twitter:site\" content=\"@transamerica933\" \/>\n<meta name=\"twitter:label1\" content=\"Escrito por\" \/>\n\t<meta name=\"twitter:data1\" content=\"Reda\u00e7\u00e3o\" \/>\n\t<meta name=\"twitter:label2\" content=\"Est. tempo de leitura\" \/>\n\t<meta name=\"twitter:data2\" content=\"2 minutos\" \/>\n<script type=\"application\/ld+json\" class=\"yoast-schema-graph\">{\"@context\":\"https:\\\/\\\/schema.org\",\"@graph\":[{\"@type\":\"Article\",\"@id\":\"https:\\\/\\\/transamerica93.com.br\\\/home\\\/elton-john-diz-que-nao-consegue-assistir-ao-proprio-musical-apos-perder-a-visao\\\/#article\",\"isPartOf\":{\"@id\":\"https:\\\/\\\/transamerica93.com.br\\\/home\\\/elton-john-diz-que-nao-consegue-assistir-ao-proprio-musical-apos-perder-a-visao\\\/\"},\"author\":{\"name\":\"Reda\u00e7\u00e3o\",\"@id\":\"https:\\\/\\\/transamerica93.com.br\\\/home\\\/#\\\/schema\\\/person\\\/7fed7c99c0d4562efa8561bc0f543172\"},\"headline\":\"Elton John diz que n\u00e3o consegue assistir ao pr\u00f3prio musical ap\u00f3s perder a vis\u00e3o\",\"datePublished\":\"2024-12-09T18:00:59+00:00\",\"mainEntityOfPage\":{\"@id\":\"https:\\\/\\\/transamerica93.com.br\\\/home\\\/elton-john-diz-que-nao-consegue-assistir-ao-proprio-musical-apos-perder-a-visao\\\/\"},\"wordCount\":299,\"publisher\":{\"@id\":\"https:\\\/\\\/transamerica93.com.br\\\/home\\\/#organization\"},\"image\":{\"@id\":\"https:\\\/\\\/transamerica93.com.br\\\/home\\\/elton-john-diz-que-nao-consegue-assistir-ao-proprio-musical-apos-perder-a-visao\\\/#primaryimage\"},\"thumbnailUrl\":\"https:\\\/\\\/transamerica93.com.br\\\/home\\\/wp-content\\\/uploads\\\/2024\\\/12\\\/Design-sem-nome-2024-12-02T150414.896.jpg\",\"articleSection\":[\"M\u00fasica\"],\"inLanguage\":\"pt-BR\"},{\"@type\":\"WebPage\",\"@id\":\"https:\\\/\\\/transamerica93.com.br\\\/home\\\/elton-john-diz-que-nao-consegue-assistir-ao-proprio-musical-apos-perder-a-visao\\\/\",\"url\":\"https:\\\/\\\/transamerica93.com.br\\\/home\\\/elton-john-diz-que-nao-consegue-assistir-ao-proprio-musical-apos-perder-a-visao\\\/\",\"name\":\"Elton John diz que n\u00e3o consegue assistir ao pr\u00f3prio musical ap\u00f3s perder a vis\u00e3o - Transam\u00e9rica Mococa 93,3\",\"isPartOf\":{\"@id\":\"https:\\\/\\\/transamerica93.com.br\\\/home\\\/#website\"},\"primaryImageOfPage\":{\"@id\":\"https:\\\/\\\/transamerica93.com.br\\\/home\\\/elton-john-diz-que-nao-consegue-assistir-ao-proprio-musical-apos-perder-a-visao\\\/#primaryimage\"},\"image\":{\"@id\":\"https:\\\/\\\/transamerica93.com.br\\\/home\\\/elton-john-diz-que-nao-consegue-assistir-ao-proprio-musical-apos-perder-a-visao\\\/#primaryimage\"},\"thumbnailUrl\":\"https:\\\/\\\/transamerica93.com.br\\\/home\\\/wp-content\\\/uploads\\\/2024\\\/12\\\/Design-sem-nome-2024-12-02T150414.896.jpg\",\"datePublished\":\"2024-12-09T18:00:59+00:00\",\"breadcrumb\":{\"@id\":\"https:\\\/\\\/transamerica93.com.br\\\/home\\\/elton-john-diz-que-nao-consegue-assistir-ao-proprio-musical-apos-perder-a-visao\\\/#breadcrumb\"},\"inLanguage\":\"pt-BR\",\"potentialAction\":[{\"@type\":\"ReadAction\",\"target\":[\"https:\\\/\\\/transamerica93.com.br\\\/home\\\/elton-john-diz-que-nao-consegue-assistir-ao-proprio-musical-apos-perder-a-visao\\\/\"]}]},{\"@type\":\"ImageObject\",\"inLanguage\":\"pt-BR\",\"@id\":\"https:\\\/\\\/transamerica93.com.br\\\/home\\\/elton-john-diz-que-nao-consegue-assistir-ao-proprio-musical-apos-perder-a-visao\\\/#primaryimage\",\"url\":\"https:\\\/\\\/transamerica93.com.br\\\/home\\\/wp-content\\\/uploads\\\/2024\\\/12\\\/Design-sem-nome-2024-12-02T150414.896.jpg\",\"contentUrl\":\"https:\\\/\\\/transamerica93.com.br\\\/home\\\/wp-content\\\/uploads\\\/2024\\\/12\\\/Design-sem-nome-2024-12-02T150414.896.jpg\",\"width\":960,\"height\":640},{\"@type\":\"BreadcrumbList\",\"@id\":\"https:\\\/\\\/transamerica93.com.br\\\/home\\\/elton-john-diz-que-nao-consegue-assistir-ao-proprio-musical-apos-perder-a-visao\\\/#breadcrumb\",\"itemListElement\":[{\"@type\":\"ListItem\",\"position\":1,\"name\":\"In\u00edcio\",\"item\":\"https:\\\/\\\/transamerica93.com.br\\\/home\\\/\"},{\"@type\":\"ListItem\",\"position\":2,\"name\":\"Elton John diz que n\u00e3o consegue assistir ao pr\u00f3prio musical ap\u00f3s perder a vis\u00e3o\"}]},{\"@type\":\"WebSite\",\"@id\":\"https:\\\/\\\/transamerica93.com.br\\\/home\\\/#website\",\"url\":\"https:\\\/\\\/transamerica93.com.br\\\/home\\\/\",\"name\":\"Transam\u00e9rica Mococa 93,3\",\"description\":\"\",\"publisher\":{\"@id\":\"https:\\\/\\\/transamerica93.com.br\\\/home\\\/#organization\"},\"potentialAction\":[{\"@type\":\"SearchAction\",\"target\":{\"@type\":\"EntryPoint\",\"urlTemplate\":\"https:\\\/\\\/transamerica93.com.br\\\/home\\\/?s={search_term_string}\"},\"query-input\":{\"@type\":\"PropertyValueSpecification\",\"valueRequired\":true,\"valueName\":\"search_term_string\"}}],\"inLanguage\":\"pt-BR\"},{\"@type\":\"Organization\",\"@id\":\"https:\\\/\\\/transamerica93.com.br\\\/home\\\/#organization\",\"name\":\"Transam\u00e9rica Mococa 93,3\",\"url\":\"https:\\\/\\\/transamerica93.com.br\\\/home\\\/\",\"logo\":{\"@type\":\"ImageObject\",\"inLanguage\":\"pt-BR\",\"@id\":\"https:\\\/\\\/transamerica93.com.br\\\/home\\\/#\\\/schema\\\/logo\\\/image\\\/\",\"url\":\"https:\\\/\\\/transamerica93.com.br\\\/home\\\/wp-content\\\/uploads\\\/2023\\\/10\\\/logo2.png\",\"contentUrl\":\"https:\\\/\\\/transamerica93.com.br\\\/home\\\/wp-content\\\/uploads\\\/2023\\\/10\\\/logo2.png\",\"width\":800,\"height\":500,\"caption\":\"Transam\u00e9rica Mococa 93,3\"},\"image\":{\"@id\":\"https:\\\/\\\/transamerica93.com.br\\\/home\\\/#\\\/schema\\\/logo\\\/image\\\/\"},\"sameAs\":[\"https:\\\/\\\/www.facebook.com\\\/transamericamococa\",\"https:\\\/\\\/x.com\\\/transamerica933\",\"https:\\\/\\\/www.instagram.com\\\/transamericamococa\"]},{\"@type\":\"Person\",\"@id\":\"https:\\\/\\\/transamerica93.com.br\\\/home\\\/#\\\/schema\\\/person\\\/7fed7c99c0d4562efa8561bc0f543172\",\"name\":\"Reda\u00e7\u00e3o\",\"image\":{\"@type\":\"ImageObject\",\"inLanguage\":\"pt-BR\",\"@id\":\"https:\\\/\\\/secure.gravatar.com\\\/avatar\\\/1072c6b775fb02ef8506ce967551d95926669a6b7d2c2147b42eea4d7c68395e?s=96&d=mm&r=g\",\"url\":\"https:\\\/\\\/secure.gravatar.com\\\/avatar\\\/1072c6b775fb02ef8506ce967551d95926669a6b7d2c2147b42eea4d7c68395e?s=96&d=mm&r=g\",\"contentUrl\":\"https:\\\/\\\/secure.gravatar.com\\\/avatar\\\/1072c6b775fb02ef8506ce967551d95926669a6b7d2c2147b42eea4d7c68395e?s=96&d=mm&r=g\",\"caption\":\"Reda\u00e7\u00e3o\"},\"sameAs\":[\"https:\\\/\\\/transamerica93.com.br\\\/home\"],\"url\":\"https:\\\/\\\/transamerica93.com.br\\\/home\\\/author\\\/william\\\/\"}]}<\/script>\n<!-- \/ Yoast SEO plugin. -->","yoast_head_json":{"title":"Elton John diz que n\u00e3o consegue assistir ao pr\u00f3prio musical ap\u00f3s perder a vis\u00e3o - Transam\u00e9rica Mococa 93,3","robots":{"index":"index","follow":"follow","max-snippet":"max-snippet:-1","max-image-preview":"max-image-preview:large","max-video-preview":"max-video-preview:-1"},"canonical":"https:\/\/transamerica93.com.br\/home\/elton-john-diz-que-nao-consegue-assistir-ao-proprio-musical-apos-perder-a-visao\/","og_locale":"pt_BR","og_type":"article","og_title":"Elton John diz que n\u00e3o consegue assistir ao pr\u00f3prio musical ap\u00f3s perder a vis\u00e3o - Transam\u00e9rica Mococa 93,3","og_description":"Por Reda\u00e7\u00e3o C2 Elton John, aos 77 anos, confessou que n\u00e3o consegue assistir ao pr\u00f3prio musical ap\u00f3s complica\u00e7\u00f5es que o levaram \u00e0 perda da vis\u00e3o. O m\u00fasico assina a composi\u00e7\u00e3o de O Diabo Veste Prada, que acaba de estrear no West End de Londres, no Reino Unido, conhecido como a Broadway brit\u00e2nica. &#8220;N\u00e3o consegui vir &hellip;","og_url":"https:\/\/transamerica93.com.br\/home\/elton-john-diz-que-nao-consegue-assistir-ao-proprio-musical-apos-perder-a-visao\/","og_site_name":"Transam\u00e9rica Mococa 93,3","article_publisher":"https:\/\/www.facebook.com\/transamericamococa","article_published_time":"2024-12-09T18:00:59+00:00","og_image":[{"width":960,"height":640,"url":"https:\/\/transamerica93.com.br\/home\/wp-content\/uploads\/2024\/12\/Design-sem-nome-2024-12-02T150414.896.jpg","type":"image\/jpeg"}],"author":"Reda\u00e7\u00e3o","twitter_card":"summary_large_image","twitter_creator":"@transamerica933","twitter_site":"@transamerica933","twitter_misc":{"Escrito por":"Reda\u00e7\u00e3o","Est. tempo de leitura":"2 minutos"},"schema":{"@context":"https:\/\/schema.org","@graph":[{"@type":"Article","@id":"https:\/\/transamerica93.com.br\/home\/elton-john-diz-que-nao-consegue-assistir-ao-proprio-musical-apos-perder-a-visao\/#article","isPartOf":{"@id":"https:\/\/transamerica93.com.br\/home\/elton-john-diz-que-nao-consegue-assistir-ao-proprio-musical-apos-perder-a-visao\/"},"author":{"name":"Reda\u00e7\u00e3o","@id":"https:\/\/transamerica93.com.br\/home\/#\/schema\/person\/7fed7c99c0d4562efa8561bc0f543172"},"headline":"Elton John diz que n\u00e3o consegue assistir ao pr\u00f3prio musical ap\u00f3s perder a vis\u00e3o","datePublished":"2024-12-09T18:00:59+00:00","mainEntityOfPage":{"@id":"https:\/\/transamerica93.com.br\/home\/elton-john-diz-que-nao-consegue-assistir-ao-proprio-musical-apos-perder-a-visao\/"},"wordCount":299,"publisher":{"@id":"https:\/\/transamerica93.com.br\/home\/#organization"},"image":{"@id":"https:\/\/transamerica93.com.br\/home\/elton-john-diz-que-nao-consegue-assistir-ao-proprio-musical-apos-perder-a-visao\/#primaryimage"},"thumbnailUrl":"https:\/\/transamerica93.com.br\/home\/wp-content\/uploads\/2024\/12\/Design-sem-nome-2024-12-02T150414.896.jpg","articleSection":["M\u00fasica"],"inLanguage":"pt-BR"},{"@type":"WebPage","@id":"https:\/\/transamerica93.com.br\/home\/elton-john-diz-que-nao-consegue-assistir-ao-proprio-musical-apos-perder-a-visao\/","url":"https:\/\/transamerica93.com.br\/home\/elton-john-diz-que-nao-consegue-assistir-ao-proprio-musical-apos-perder-a-visao\/","name":"Elton John diz que n\u00e3o consegue assistir ao pr\u00f3prio musical ap\u00f3s perder a vis\u00e3o - Transam\u00e9rica Mococa 93,3","isPartOf":{"@id":"https:\/\/transamerica93.com.br\/home\/#website"},"primaryImageOfPage":{"@id":"https:\/\/transamerica93.com.br\/home\/elton-john-diz-que-nao-consegue-assistir-ao-proprio-musical-apos-perder-a-visao\/#primaryimage"},"image":{"@id":"https:\/\/transamerica93.com.br\/home\/elton-john-diz-que-nao-consegue-assistir-ao-proprio-musical-apos-perder-a-visao\/#primaryimage"},"thumbnailUrl":"https:\/\/transamerica93.com.br\/home\/wp-content\/uploads\/2024\/12\/Design-sem-nome-2024-12-02T150414.896.jpg","datePublished":"2024-12-09T18:00:59+00:00","breadcrumb":{"@id":"https:\/\/transamerica93.com.br\/home\/elton-john-diz-que-nao-consegue-assistir-ao-proprio-musical-apos-perder-a-visao\/#breadcrumb"},"inLanguage":"pt-BR","potentialAction":[{"@type":"ReadAction","target":["https:\/\/transamerica93.com.br\/home\/elton-john-diz-que-nao-consegue-assistir-ao-proprio-musical-apos-perder-a-visao\/"]}]},{"@type":"ImageObject","inLanguage":"pt-BR","@id":"https:\/\/transamerica93.com.br\/home\/elton-john-diz-que-nao-consegue-assistir-ao-proprio-musical-apos-perder-a-visao\/#primaryimage","url":"https:\/\/transamerica93.com.br\/home\/wp-content\/uploads\/2024\/12\/Design-sem-nome-2024-12-02T150414.896.jpg","contentUrl":"https:\/\/transamerica93.com.br\/home\/wp-content\/uploads\/2024\/12\/Design-sem-nome-2024-12-02T150414.896.jpg","width":960,"height":640},{"@type":"BreadcrumbList","@id":"https:\/\/transamerica93.com.br\/home\/elton-john-diz-que-nao-consegue-assistir-ao-proprio-musical-apos-perder-a-visao\/#breadcrumb","itemListElement":[{"@type":"ListItem","position":1,"name":"In\u00edcio","item":"https:\/\/transamerica93.com.br\/home\/"},{"@type":"ListItem","position":2,"name":"Elton John diz que n\u00e3o consegue assistir ao pr\u00f3prio musical ap\u00f3s perder a vis\u00e3o"}]},{"@type":"WebSite","@id":"https:\/\/transamerica93.com.br\/home\/#website","url":"https:\/\/transamerica93.com.br\/home\/","name":"Transam\u00e9rica Mococa 93,3","description":"","publisher":{"@id":"https:\/\/transamerica93.com.br\/home\/#organization"},"potentialAction":[{"@type":"SearchAction","target":{"@type":"EntryPoint","urlTemplate":"https:\/\/transamerica93.com.br\/home\/?s={search_term_string}"},"query-input":{"@type":"PropertyValueSpecification","valueRequired":true,"valueName":"search_term_string"}}],"inLanguage":"pt-BR"},{"@type":"Organization","@id":"https:\/\/transamerica93.com.br\/home\/#organization","name":"Transam\u00e9rica Mococa 93,3","url":"https:\/\/transamerica93.com.br\/home\/","logo":{"@type":"ImageObject","inLanguage":"pt-BR","@id":"https:\/\/transamerica93.com.br\/home\/#\/schema\/logo\/image\/","url":"https:\/\/transamerica93.com.br\/home\/wp-content\/uploads\/2023\/10\/logo2.png","contentUrl":"https:\/\/transamerica93.com.br\/home\/wp-content\/uploads\/2023\/10\/logo2.png","width":800,"height":500,"caption":"Transam\u00e9rica Mococa 93,3"},"image":{"@id":"https:\/\/transamerica93.com.br\/home\/#\/schema\/logo\/image\/"},"sameAs":["https:\/\/www.facebook.com\/transamericamococa","https:\/\/x.com\/transamerica933","https:\/\/www.instagram.com\/transamericamococa"]},{"@type":"Person","@id":"https:\/\/transamerica93.com.br\/home\/#\/schema\/person\/7fed7c99c0d4562efa8561bc0f543172","name":"Reda\u00e7\u00e3o","image":{"@type":"ImageObject","inLanguage":"pt-BR","@id":"https:\/\/secure.gravatar.com\/avatar\/1072c6b775fb02ef8506ce967551d95926669a6b7d2c2147b42eea4d7c68395e?s=96&d=mm&r=g","url":"https:\/\/secure.gravatar.com\/avatar\/1072c6b775fb02ef8506ce967551d95926669a6b7d2c2147b42eea4d7c68395e?s=96&d=mm&r=g","contentUrl":"https:\/\/secure.gravatar.com\/avatar\/1072c6b775fb02ef8506ce967551d95926669a6b7d2c2147b42eea4d7c68395e?s=96&d=mm&r=g","caption":"Reda\u00e7\u00e3o"},"sameAs":["https:\/\/transamerica93.com.br\/home"],"url":"https:\/\/transamerica93.com.br\/home\/author\/william\/"}]}},"_links":{"self":[{"href":"https:\/\/transamerica93.com.br\/home\/wp-json\/wp\/v2\/posts\/4262","targetHints":{"allow":["GET"]}}],"collection":[{"href":"https:\/\/transamerica93.com.br\/home\/wp-json\/wp\/v2\/posts"}],"about":[{"href":"https:\/\/transamerica93.com.br\/home\/wp-json\/wp\/v2\/types\/post"}],"author":[{"embeddable":true,"href":"https:\/\/transamerica93.com.br\/home\/wp-json\/wp\/v2\/users\/1"}],"replies":[{"embeddable":true,"href":"https:\/\/transamerica93.com.br\/home\/wp-json\/wp\/v2\/comments?post=4262"}],"version-history":[{"count":1,"href":"https:\/\/transamerica93.com.br\/home\/wp-json\/wp\/v2\/posts\/4262\/revisions"}],"predecessor-version":[{"id":4264,"href":"https:\/\/transamerica93.com.br\/home\/wp-json\/wp\/v2\/posts\/4262\/revisions\/4264"}],"wp:featuredmedia":[{"embeddable":true,"href":"https:\/\/transamerica93.com.br\/home\/wp-json\/wp\/v2\/media\/4263"}],"wp:attachment":[{"href":"https:\/\/transamerica93.com.br\/home\/wp-json\/wp\/v2\/media?parent=4262"}],"wp:term":[{"taxonomy":"category","embeddable":true,"href":"https:\/\/transamerica93.com.br\/home\/wp-json\/wp\/v2\/categories?post=4262"},{"taxonomy":"post_tag","embeddable":true,"href":"https:\/\/transamerica93.com.br\/home\/wp-json\/wp\/v2\/tags?post=4262"}],"curies":[{"name":"wp","href":"https:\/\/api.w.org\/{rel}","templated":true}]}}