{"id":4265,"date":"2024-12-10T15:00:10","date_gmt":"2024-12-10T18:00:10","guid":{"rendered":"https:\/\/transamerica93.com.br\/home\/?p=4265"},"modified":"2024-12-05T18:09:18","modified_gmt":"2024-12-05T21:09:18","slug":"passageiro-morre-durante-cruzeiro-de-maiara-e-maraisa-no-rio-de-janeiro","status":"publish","type":"post","link":"https:\/\/transamerica93.com.br\/home\/passageiro-morre-durante-cruzeiro-de-maiara-e-maraisa-no-rio-de-janeiro\/","title":{"rendered":"Passageiro morre durante cruzeiro de Maiara e Mara\u00edsa no Rio de Janeiro"},"content":{"rendered":"<div id=\"Corpo\">\n<h6 class=\"Assina\">Por Reda\u00e7\u00e3o, O Estado de S. Paulo<\/h6>\n<p>Um passageiro do Cruzeiro Maiara e Mara\u00edsa Em Alto Mar morreu no \u00faltimo s\u00e1bado, 30, no navio MSC Seaview. A informa\u00e7\u00e3o foi confirmada ao\u00a0<b>Estad\u00e3o<\/b>\u00a0pela PromoA\u00e7\u00e3o, que faz a organiza\u00e7\u00e3o do evento, e pela Marinha brasileira neste domingo, 1.\u00ba.<\/p>\n<p>A causa da morte teria sido um mal s\u00fabito durante a noite de sexta para s\u00e1bado. A identidade do passageiro n\u00e3o foi divulgada, mas ele estava acompanhado por sua mulher e a filha na embarca\u00e7\u00e3o.<\/p>\n<p>&#8220;A PromoA\u00e7\u00e3o e a dupla [Maiara e Mara\u00edsa] lamentam profundamente o ocorrido, se solidarizam com a fam\u00edlia e amigos neste momento de dor, e seguem oferecendo apoio integral para ajud\u00e1-los a enfrentar essa dif\u00edcil situa\u00e7\u00e3o&#8221;, informou a assessoria em nota<\/p>\n<p>A Marinha do Brasil informou que o fato ocorreu na regi\u00e3o da Ilha do Maia, em Angra dos Reis, no Rio de Janeiro, e que a Delegacia da Capitania dos Portos do local foi ao navio do cruzeiro para obter informa\u00e7\u00f5es e esclarecimentos para um inqu\u00e9rito administrativo sobre acidentes e fatos da navega\u00e7\u00e3o, que ser\u00e1 encaminhado ao Tribunal Mar\u00edtimo. Veja mais detalhes abaixo.<\/p>\n<p><b>NOTA DA PROMOA\u00c7\u00c3O SOBRE PASSAGEIRO QUE MORREU NO CRUZEIRO DE MAIARA E MARA\u00cdSA<\/b><\/p>\n<p><i>Informamos o falecimento de um passageiro de 41 anos, durante a viagem no navio tem\u00e1tico &#8220;Maiara &amp; Maraisa em alto mar&#8221; com realiza\u00e7\u00e3o da PromoA\u00e7\u00e3o. O h\u00f3spede estava acompanhado por sua esposa e filha. De acordo com laudo pericial, o h\u00f3spede foi acometido por um mal s\u00fabito, durante a noite e foi encontrado sem vida na manh\u00e3 deste s\u00e1bado, 30 de novembro.<\/p>\n<p>Assim que relatado, as equipes m\u00e9dicas a bordo foram acionadas de imediato e prestaram toda a assist\u00eancia necess\u00e1ria \u00e0 fam\u00edlia. Al\u00e9m disso, estamos trabalhando em total colabora\u00e7\u00e3o com as autoridades competentes para assegurar que todos os procedimentos sejam realizados de maneira adequada e respeitosa<\/p>\n<p>A PromoA\u00e7\u00e3o e a dupla lamentam profundamente o ocorrido, se solidarizam com a fam\u00edlia e amigos neste momento de dor, e seguem oferecendo apoio integral para ajud\u00e1-los a enfrentar essa dif\u00edcil situa\u00e7\u00e3o.<\/i><\/p>\n<p><b>NOTA DA MARINHA SOBRE PASSAGEIRO QUE MORREU NO CRUZEIRO DE MAIARA E MARA\u00cdSA<\/b><\/p>\n<p><i>A Marinha do Brasil (MB), por interm\u00e9dio do Comando do 1\u00ba Distrito Naval (Com1\u00baDN), informa que a Delegacia da Capitania dos Portos em Angra dos Reis (DelAReis) recebeu um Comunicado Oficial sobre o falecimento de um passageiro a bordo da embarca\u00e7\u00e3o &#8216;MSC SEAVIEW&#8217;, na tarde deste s\u00e1bado (30), nas proximidades da Ilha do Maia em Angra dos Reis, Rio de Janeiro.<\/p>\n<p>Assim que tomou conhecimento do ocorrido, a DelAReis enviou uma equipe ao local para obter informa\u00e7\u00f5es e coletar esclarecimentos sobre o fato, a fim de subsidiar o inqu\u00e9rito administrativo sobre acidentes e fatos da navega\u00e7\u00e3o (IAFN). Conclu\u00eddo o procedimento e cumpridas as formalidades legais, o IAFN ser\u00e1 encaminhado ao Tribunal Mar\u00edtimo, que far\u00e1 a devida distribui\u00e7\u00e3o e autua\u00e7\u00e3o, o qual dar\u00e1 vista \u00e0 Procuradoria Especial da Marinha para que adote as medidas previstas no Art. 42 da Lei n\u00b0 2 180\/54.<\/p>\n<p>Cabe destacar que a Marinha incentiva e considera importante a participa\u00e7\u00e3o da sociedade, que pode ser feita pelos telefones 185 (n\u00famero para emerg\u00eancias mar\u00edtimas e pedidos de aux\u00edlio) e (24) 3365-1854 (diretamente com a Delegacia da Capitania dos Portos em Angra dos Reis &#8211; DelAReis para outros assuntos, inclusive den\u00fancias). Tamb\u00e9m est\u00e1 dispon\u00edvel o e-mail delareis ouvidoria@marinha.mil.br.<\/i><\/div>\n","protected":false},"excerpt":{"rendered":"<p>Por Reda\u00e7\u00e3o, O Estado de S. Paulo Um passageiro do Cruzeiro Maiara e Mara\u00edsa Em Alto Mar morreu no \u00faltimo s\u00e1bado, 30, no navio MSC Seaview. A informa\u00e7\u00e3o foi confirmada ao\u00a0Estad\u00e3o\u00a0pela PromoA\u00e7\u00e3o, que faz a organiza\u00e7\u00e3o do evento, e pela Marinha brasileira neste domingo, 1.\u00ba. A causa da morte teria sido um mal s\u00fabito durante &hellip;<\/p>\n","protected":false},"author":1,"featured_media":4266,"comment_status":"closed","ping_status":"closed","sticky":false,"template":"","format":"standard","meta":{"footnotes":""},"categories":[25],"tags":[],"class_list":["post-4265","post","type-post","status-publish","format-standard","has-post-thumbnail","hentry","category-musica"],"yoast_head":"<!-- This site is optimized with the Yoast SEO plugin v27.4 - https:\/\/yoast.com\/product\/yoast-seo-wordpress\/ -->\n<title>Passageiro morre durante cruzeiro de Maiara e Mara\u00edsa no Rio de Janeiro - Transam\u00e9rica Mococa 93,3<\/title>\n<meta name=\"robots\" content=\"index, follow, max-snippet:-1, max-image-preview:large, max-video-preview:-1\" \/>\n<link rel=\"canonical\" href=\"https:\/\/transamerica93.com.br\/home\/passageiro-morre-durante-cruzeiro-de-maiara-e-maraisa-no-rio-de-janeiro\/\" \/>\n<meta property=\"og:locale\" content=\"pt_BR\" \/>\n<meta property=\"og:type\" content=\"article\" \/>\n<meta property=\"og:title\" content=\"Passageiro morre durante cruzeiro de Maiara e Mara\u00edsa no Rio de Janeiro - Transam\u00e9rica Mococa 93,3\" \/>\n<meta property=\"og:description\" content=\"Por Reda\u00e7\u00e3o, O Estado de S. Paulo Um passageiro do Cruzeiro Maiara e Mara\u00edsa Em Alto Mar morreu no \u00faltimo s\u00e1bado, 30, no navio MSC Seaview. A informa\u00e7\u00e3o foi confirmada ao\u00a0Estad\u00e3o\u00a0pela PromoA\u00e7\u00e3o, que faz a organiza\u00e7\u00e3o do evento, e pela Marinha brasileira neste domingo, 1.\u00ba. A causa da morte teria sido um mal s\u00fabito durante &hellip;\" \/>\n<meta property=\"og:url\" content=\"https:\/\/transamerica93.com.br\/home\/passageiro-morre-durante-cruzeiro-de-maiara-e-maraisa-no-rio-de-janeiro\/\" \/>\n<meta property=\"og:site_name\" content=\"Transam\u00e9rica Mococa 93,3\" \/>\n<meta property=\"article:publisher\" content=\"https:\/\/www.facebook.com\/transamericamococa\" \/>\n<meta property=\"article:published_time\" content=\"2024-12-10T18:00:10+00:00\" \/>\n<meta property=\"og:image\" content=\"https:\/\/transamerica93.com.br\/home\/wp-content\/uploads\/2024\/12\/1-2.jpg\" \/>\n\t<meta property=\"og:image:width\" content=\"899\" \/>\n\t<meta property=\"og:image:height\" content=\"502\" \/>\n\t<meta property=\"og:image:type\" content=\"image\/jpeg\" \/>\n<meta name=\"author\" content=\"Reda\u00e7\u00e3o\" \/>\n<meta name=\"twitter:card\" content=\"summary_large_image\" \/>\n<meta name=\"twitter:creator\" content=\"@transamerica933\" \/>\n<meta name=\"twitter:site\" content=\"@transamerica933\" \/>\n<meta name=\"twitter:label1\" content=\"Escrito por\" \/>\n\t<meta name=\"twitter:data1\" content=\"Reda\u00e7\u00e3o\" \/>\n\t<meta name=\"twitter:label2\" content=\"Est. tempo de leitura\" \/>\n\t<meta name=\"twitter:data2\" content=\"4 minutos\" \/>\n<script type=\"application\/ld+json\" class=\"yoast-schema-graph\">{\"@context\":\"https:\\\/\\\/schema.org\",\"@graph\":[{\"@type\":\"Article\",\"@id\":\"https:\\\/\\\/transamerica93.com.br\\\/home\\\/passageiro-morre-durante-cruzeiro-de-maiara-e-maraisa-no-rio-de-janeiro\\\/#article\",\"isPartOf\":{\"@id\":\"https:\\\/\\\/transamerica93.com.br\\\/home\\\/passageiro-morre-durante-cruzeiro-de-maiara-e-maraisa-no-rio-de-janeiro\\\/\"},\"author\":{\"name\":\"Reda\u00e7\u00e3o\",\"@id\":\"https:\\\/\\\/transamerica93.com.br\\\/home\\\/#\\\/schema\\\/person\\\/7fed7c99c0d4562efa8561bc0f543172\"},\"headline\":\"Passageiro morre durante cruzeiro de Maiara e Mara\u00edsa no Rio de Janeiro\",\"datePublished\":\"2024-12-10T18:00:10+00:00\",\"mainEntityOfPage\":{\"@id\":\"https:\\\/\\\/transamerica93.com.br\\\/home\\\/passageiro-morre-durante-cruzeiro-de-maiara-e-maraisa-no-rio-de-janeiro\\\/\"},\"wordCount\":613,\"publisher\":{\"@id\":\"https:\\\/\\\/transamerica93.com.br\\\/home\\\/#organization\"},\"image\":{\"@id\":\"https:\\\/\\\/transamerica93.com.br\\\/home\\\/passageiro-morre-durante-cruzeiro-de-maiara-e-maraisa-no-rio-de-janeiro\\\/#primaryimage\"},\"thumbnailUrl\":\"https:\\\/\\\/transamerica93.com.br\\\/home\\\/wp-content\\\/uploads\\\/2024\\\/12\\\/1-2.jpg\",\"articleSection\":[\"M\u00fasica\"],\"inLanguage\":\"pt-BR\"},{\"@type\":\"WebPage\",\"@id\":\"https:\\\/\\\/transamerica93.com.br\\\/home\\\/passageiro-morre-durante-cruzeiro-de-maiara-e-maraisa-no-rio-de-janeiro\\\/\",\"url\":\"https:\\\/\\\/transamerica93.com.br\\\/home\\\/passageiro-morre-durante-cruzeiro-de-maiara-e-maraisa-no-rio-de-janeiro\\\/\",\"name\":\"Passageiro morre durante cruzeiro de Maiara e Mara\u00edsa no Rio de Janeiro - Transam\u00e9rica Mococa 93,3\",\"isPartOf\":{\"@id\":\"https:\\\/\\\/transamerica93.com.br\\\/home\\\/#website\"},\"primaryImageOfPage\":{\"@id\":\"https:\\\/\\\/transamerica93.com.br\\\/home\\\/passageiro-morre-durante-cruzeiro-de-maiara-e-maraisa-no-rio-de-janeiro\\\/#primaryimage\"},\"image\":{\"@id\":\"https:\\\/\\\/transamerica93.com.br\\\/home\\\/passageiro-morre-durante-cruzeiro-de-maiara-e-maraisa-no-rio-de-janeiro\\\/#primaryimage\"},\"thumbnailUrl\":\"https:\\\/\\\/transamerica93.com.br\\\/home\\\/wp-content\\\/uploads\\\/2024\\\/12\\\/1-2.jpg\",\"datePublished\":\"2024-12-10T18:00:10+00:00\",\"breadcrumb\":{\"@id\":\"https:\\\/\\\/transamerica93.com.br\\\/home\\\/passageiro-morre-durante-cruzeiro-de-maiara-e-maraisa-no-rio-de-janeiro\\\/#breadcrumb\"},\"inLanguage\":\"pt-BR\",\"potentialAction\":[{\"@type\":\"ReadAction\",\"target\":[\"https:\\\/\\\/transamerica93.com.br\\\/home\\\/passageiro-morre-durante-cruzeiro-de-maiara-e-maraisa-no-rio-de-janeiro\\\/\"]}]},{\"@type\":\"ImageObject\",\"inLanguage\":\"pt-BR\",\"@id\":\"https:\\\/\\\/transamerica93.com.br\\\/home\\\/passageiro-morre-durante-cruzeiro-de-maiara-e-maraisa-no-rio-de-janeiro\\\/#primaryimage\",\"url\":\"https:\\\/\\\/transamerica93.com.br\\\/home\\\/wp-content\\\/uploads\\\/2024\\\/12\\\/1-2.jpg\",\"contentUrl\":\"https:\\\/\\\/transamerica93.com.br\\\/home\\\/wp-content\\\/uploads\\\/2024\\\/12\\\/1-2.jpg\",\"width\":899,\"height\":502,\"caption\":\"Imagem: Manuela Scarpa\\\/Brazil News\"},{\"@type\":\"BreadcrumbList\",\"@id\":\"https:\\\/\\\/transamerica93.com.br\\\/home\\\/passageiro-morre-durante-cruzeiro-de-maiara-e-maraisa-no-rio-de-janeiro\\\/#breadcrumb\",\"itemListElement\":[{\"@type\":\"ListItem\",\"position\":1,\"name\":\"In\u00edcio\",\"item\":\"https:\\\/\\\/transamerica93.com.br\\\/home\\\/\"},{\"@type\":\"ListItem\",\"position\":2,\"name\":\"Passageiro morre durante cruzeiro de Maiara e Mara\u00edsa no Rio de Janeiro\"}]},{\"@type\":\"WebSite\",\"@id\":\"https:\\\/\\\/transamerica93.com.br\\\/home\\\/#website\",\"url\":\"https:\\\/\\\/transamerica93.com.br\\\/home\\\/\",\"name\":\"Transam\u00e9rica Mococa 93,3\",\"description\":\"\",\"publisher\":{\"@id\":\"https:\\\/\\\/transamerica93.com.br\\\/home\\\/#organization\"},\"potentialAction\":[{\"@type\":\"SearchAction\",\"target\":{\"@type\":\"EntryPoint\",\"urlTemplate\":\"https:\\\/\\\/transamerica93.com.br\\\/home\\\/?s={search_term_string}\"},\"query-input\":{\"@type\":\"PropertyValueSpecification\",\"valueRequired\":true,\"valueName\":\"search_term_string\"}}],\"inLanguage\":\"pt-BR\"},{\"@type\":\"Organization\",\"@id\":\"https:\\\/\\\/transamerica93.com.br\\\/home\\\/#organization\",\"name\":\"Transam\u00e9rica Mococa 93,3\",\"url\":\"https:\\\/\\\/transamerica93.com.br\\\/home\\\/\",\"logo\":{\"@type\":\"ImageObject\",\"inLanguage\":\"pt-BR\",\"@id\":\"https:\\\/\\\/transamerica93.com.br\\\/home\\\/#\\\/schema\\\/logo\\\/image\\\/\",\"url\":\"https:\\\/\\\/transamerica93.com.br\\\/home\\\/wp-content\\\/uploads\\\/2023\\\/10\\\/logo2.png\",\"contentUrl\":\"https:\\\/\\\/transamerica93.com.br\\\/home\\\/wp-content\\\/uploads\\\/2023\\\/10\\\/logo2.png\",\"width\":800,\"height\":500,\"caption\":\"Transam\u00e9rica Mococa 93,3\"},\"image\":{\"@id\":\"https:\\\/\\\/transamerica93.com.br\\\/home\\\/#\\\/schema\\\/logo\\\/image\\\/\"},\"sameAs\":[\"https:\\\/\\\/www.facebook.com\\\/transamericamococa\",\"https:\\\/\\\/x.com\\\/transamerica933\",\"https:\\\/\\\/www.instagram.com\\\/transamericamococa\"]},{\"@type\":\"Person\",\"@id\":\"https:\\\/\\\/transamerica93.com.br\\\/home\\\/#\\\/schema\\\/person\\\/7fed7c99c0d4562efa8561bc0f543172\",\"name\":\"Reda\u00e7\u00e3o\",\"image\":{\"@type\":\"ImageObject\",\"inLanguage\":\"pt-BR\",\"@id\":\"https:\\\/\\\/secure.gravatar.com\\\/avatar\\\/1072c6b775fb02ef8506ce967551d95926669a6b7d2c2147b42eea4d7c68395e?s=96&d=mm&r=g\",\"url\":\"https:\\\/\\\/secure.gravatar.com\\\/avatar\\\/1072c6b775fb02ef8506ce967551d95926669a6b7d2c2147b42eea4d7c68395e?s=96&d=mm&r=g\",\"contentUrl\":\"https:\\\/\\\/secure.gravatar.com\\\/avatar\\\/1072c6b775fb02ef8506ce967551d95926669a6b7d2c2147b42eea4d7c68395e?s=96&d=mm&r=g\",\"caption\":\"Reda\u00e7\u00e3o\"},\"sameAs\":[\"https:\\\/\\\/transamerica93.com.br\\\/home\"],\"url\":\"https:\\\/\\\/transamerica93.com.br\\\/home\\\/author\\\/william\\\/\"}]}<\/script>\n<!-- \/ Yoast SEO plugin. -->","yoast_head_json":{"title":"Passageiro morre durante cruzeiro de Maiara e Mara\u00edsa no Rio de Janeiro - Transam\u00e9rica Mococa 93,3","robots":{"index":"index","follow":"follow","max-snippet":"max-snippet:-1","max-image-preview":"max-image-preview:large","max-video-preview":"max-video-preview:-1"},"canonical":"https:\/\/transamerica93.com.br\/home\/passageiro-morre-durante-cruzeiro-de-maiara-e-maraisa-no-rio-de-janeiro\/","og_locale":"pt_BR","og_type":"article","og_title":"Passageiro morre durante cruzeiro de Maiara e Mara\u00edsa no Rio de Janeiro - Transam\u00e9rica Mococa 93,3","og_description":"Por Reda\u00e7\u00e3o, O Estado de S. Paulo Um passageiro do Cruzeiro Maiara e Mara\u00edsa Em Alto Mar morreu no \u00faltimo s\u00e1bado, 30, no navio MSC Seaview. A informa\u00e7\u00e3o foi confirmada ao\u00a0Estad\u00e3o\u00a0pela PromoA\u00e7\u00e3o, que faz a organiza\u00e7\u00e3o do evento, e pela Marinha brasileira neste domingo, 1.\u00ba. A causa da morte teria sido um mal s\u00fabito durante &hellip;","og_url":"https:\/\/transamerica93.com.br\/home\/passageiro-morre-durante-cruzeiro-de-maiara-e-maraisa-no-rio-de-janeiro\/","og_site_name":"Transam\u00e9rica Mococa 93,3","article_publisher":"https:\/\/www.facebook.com\/transamericamococa","article_published_time":"2024-12-10T18:00:10+00:00","og_image":[{"width":899,"height":502,"url":"https:\/\/transamerica93.com.br\/home\/wp-content\/uploads\/2024\/12\/1-2.jpg","type":"image\/jpeg"}],"author":"Reda\u00e7\u00e3o","twitter_card":"summary_large_image","twitter_creator":"@transamerica933","twitter_site":"@transamerica933","twitter_misc":{"Escrito por":"Reda\u00e7\u00e3o","Est. tempo de leitura":"4 minutos"},"schema":{"@context":"https:\/\/schema.org","@graph":[{"@type":"Article","@id":"https:\/\/transamerica93.com.br\/home\/passageiro-morre-durante-cruzeiro-de-maiara-e-maraisa-no-rio-de-janeiro\/#article","isPartOf":{"@id":"https:\/\/transamerica93.com.br\/home\/passageiro-morre-durante-cruzeiro-de-maiara-e-maraisa-no-rio-de-janeiro\/"},"author":{"name":"Reda\u00e7\u00e3o","@id":"https:\/\/transamerica93.com.br\/home\/#\/schema\/person\/7fed7c99c0d4562efa8561bc0f543172"},"headline":"Passageiro morre durante cruzeiro de Maiara e Mara\u00edsa no Rio de Janeiro","datePublished":"2024-12-10T18:00:10+00:00","mainEntityOfPage":{"@id":"https:\/\/transamerica93.com.br\/home\/passageiro-morre-durante-cruzeiro-de-maiara-e-maraisa-no-rio-de-janeiro\/"},"wordCount":613,"publisher":{"@id":"https:\/\/transamerica93.com.br\/home\/#organization"},"image":{"@id":"https:\/\/transamerica93.com.br\/home\/passageiro-morre-durante-cruzeiro-de-maiara-e-maraisa-no-rio-de-janeiro\/#primaryimage"},"thumbnailUrl":"https:\/\/transamerica93.com.br\/home\/wp-content\/uploads\/2024\/12\/1-2.jpg","articleSection":["M\u00fasica"],"inLanguage":"pt-BR"},{"@type":"WebPage","@id":"https:\/\/transamerica93.com.br\/home\/passageiro-morre-durante-cruzeiro-de-maiara-e-maraisa-no-rio-de-janeiro\/","url":"https:\/\/transamerica93.com.br\/home\/passageiro-morre-durante-cruzeiro-de-maiara-e-maraisa-no-rio-de-janeiro\/","name":"Passageiro morre durante cruzeiro de Maiara e Mara\u00edsa no Rio de Janeiro - Transam\u00e9rica Mococa 93,3","isPartOf":{"@id":"https:\/\/transamerica93.com.br\/home\/#website"},"primaryImageOfPage":{"@id":"https:\/\/transamerica93.com.br\/home\/passageiro-morre-durante-cruzeiro-de-maiara-e-maraisa-no-rio-de-janeiro\/#primaryimage"},"image":{"@id":"https:\/\/transamerica93.com.br\/home\/passageiro-morre-durante-cruzeiro-de-maiara-e-maraisa-no-rio-de-janeiro\/#primaryimage"},"thumbnailUrl":"https:\/\/transamerica93.com.br\/home\/wp-content\/uploads\/2024\/12\/1-2.jpg","datePublished":"2024-12-10T18:00:10+00:00","breadcrumb":{"@id":"https:\/\/transamerica93.com.br\/home\/passageiro-morre-durante-cruzeiro-de-maiara-e-maraisa-no-rio-de-janeiro\/#breadcrumb"},"inLanguage":"pt-BR","potentialAction":[{"@type":"ReadAction","target":["https:\/\/transamerica93.com.br\/home\/passageiro-morre-durante-cruzeiro-de-maiara-e-maraisa-no-rio-de-janeiro\/"]}]},{"@type":"ImageObject","inLanguage":"pt-BR","@id":"https:\/\/transamerica93.com.br\/home\/passageiro-morre-durante-cruzeiro-de-maiara-e-maraisa-no-rio-de-janeiro\/#primaryimage","url":"https:\/\/transamerica93.com.br\/home\/wp-content\/uploads\/2024\/12\/1-2.jpg","contentUrl":"https:\/\/transamerica93.com.br\/home\/wp-content\/uploads\/2024\/12\/1-2.jpg","width":899,"height":502,"caption":"Imagem: Manuela Scarpa\/Brazil News"},{"@type":"BreadcrumbList","@id":"https:\/\/transamerica93.com.br\/home\/passageiro-morre-durante-cruzeiro-de-maiara-e-maraisa-no-rio-de-janeiro\/#breadcrumb","itemListElement":[{"@type":"ListItem","position":1,"name":"In\u00edcio","item":"https:\/\/transamerica93.com.br\/home\/"},{"@type":"ListItem","position":2,"name":"Passageiro morre durante cruzeiro de Maiara e Mara\u00edsa no Rio de Janeiro"}]},{"@type":"WebSite","@id":"https:\/\/transamerica93.com.br\/home\/#website","url":"https:\/\/transamerica93.com.br\/home\/","name":"Transam\u00e9rica Mococa 93,3","description":"","publisher":{"@id":"https:\/\/transamerica93.com.br\/home\/#organization"},"potentialAction":[{"@type":"SearchAction","target":{"@type":"EntryPoint","urlTemplate":"https:\/\/transamerica93.com.br\/home\/?s={search_term_string}"},"query-input":{"@type":"PropertyValueSpecification","valueRequired":true,"valueName":"search_term_string"}}],"inLanguage":"pt-BR"},{"@type":"Organization","@id":"https:\/\/transamerica93.com.br\/home\/#organization","name":"Transam\u00e9rica Mococa 93,3","url":"https:\/\/transamerica93.com.br\/home\/","logo":{"@type":"ImageObject","inLanguage":"pt-BR","@id":"https:\/\/transamerica93.com.br\/home\/#\/schema\/logo\/image\/","url":"https:\/\/transamerica93.com.br\/home\/wp-content\/uploads\/2023\/10\/logo2.png","contentUrl":"https:\/\/transamerica93.com.br\/home\/wp-content\/uploads\/2023\/10\/logo2.png","width":800,"height":500,"caption":"Transam\u00e9rica Mococa 93,3"},"image":{"@id":"https:\/\/transamerica93.com.br\/home\/#\/schema\/logo\/image\/"},"sameAs":["https:\/\/www.facebook.com\/transamericamococa","https:\/\/x.com\/transamerica933","https:\/\/www.instagram.com\/transamericamococa"]},{"@type":"Person","@id":"https:\/\/transamerica93.com.br\/home\/#\/schema\/person\/7fed7c99c0d4562efa8561bc0f543172","name":"Reda\u00e7\u00e3o","image":{"@type":"ImageObject","inLanguage":"pt-BR","@id":"https:\/\/secure.gravatar.com\/avatar\/1072c6b775fb02ef8506ce967551d95926669a6b7d2c2147b42eea4d7c68395e?s=96&d=mm&r=g","url":"https:\/\/secure.gravatar.com\/avatar\/1072c6b775fb02ef8506ce967551d95926669a6b7d2c2147b42eea4d7c68395e?s=96&d=mm&r=g","contentUrl":"https:\/\/secure.gravatar.com\/avatar\/1072c6b775fb02ef8506ce967551d95926669a6b7d2c2147b42eea4d7c68395e?s=96&d=mm&r=g","caption":"Reda\u00e7\u00e3o"},"sameAs":["https:\/\/transamerica93.com.br\/home"],"url":"https:\/\/transamerica93.com.br\/home\/author\/william\/"}]}},"_links":{"self":[{"href":"https:\/\/transamerica93.com.br\/home\/wp-json\/wp\/v2\/posts\/4265","targetHints":{"allow":["GET"]}}],"collection":[{"href":"https:\/\/transamerica93.com.br\/home\/wp-json\/wp\/v2\/posts"}],"about":[{"href":"https:\/\/transamerica93.com.br\/home\/wp-json\/wp\/v2\/types\/post"}],"author":[{"embeddable":true,"href":"https:\/\/transamerica93.com.br\/home\/wp-json\/wp\/v2\/users\/1"}],"replies":[{"embeddable":true,"href":"https:\/\/transamerica93.com.br\/home\/wp-json\/wp\/v2\/comments?post=4265"}],"version-history":[{"count":1,"href":"https:\/\/transamerica93.com.br\/home\/wp-json\/wp\/v2\/posts\/4265\/revisions"}],"predecessor-version":[{"id":4267,"href":"https:\/\/transamerica93.com.br\/home\/wp-json\/wp\/v2\/posts\/4265\/revisions\/4267"}],"wp:featuredmedia":[{"embeddable":true,"href":"https:\/\/transamerica93.com.br\/home\/wp-json\/wp\/v2\/media\/4266"}],"wp:attachment":[{"href":"https:\/\/transamerica93.com.br\/home\/wp-json\/wp\/v2\/media?parent=4265"}],"wp:term":[{"taxonomy":"category","embeddable":true,"href":"https:\/\/transamerica93.com.br\/home\/wp-json\/wp\/v2\/categories?post=4265"},{"taxonomy":"post_tag","embeddable":true,"href":"https:\/\/transamerica93.com.br\/home\/wp-json\/wp\/v2\/tags?post=4265"}],"curies":[{"name":"wp","href":"https:\/\/api.w.org\/{rel}","templated":true}]}}