{"id":4271,"date":"2024-12-12T15:00:45","date_gmt":"2024-12-12T18:00:45","guid":{"rendered":"https:\/\/transamerica93.com.br\/home\/?p=4271"},"modified":"2024-12-05T18:15:51","modified_gmt":"2024-12-05T21:15:51","slug":"quem-e-amanda-magalhaes-cantora-que-lanca-musica-com-luana-piovani-apos-viralizar","status":"publish","type":"post","link":"https:\/\/transamerica93.com.br\/home\/quem-e-amanda-magalhaes-cantora-que-lanca-musica-com-luana-piovani-apos-viralizar\/","title":{"rendered":"Quem \u00e9 Amanda Magalh\u00e3es, cantora que lan\u00e7a m\u00fasica com Luana Piovani ap\u00f3s viralizar?"},"content":{"rendered":"<div id=\"Corpo\">Por Sabrina Legramandi<\/p>\n<p>Uma das falas mais &#8220;virais&#8221; de Luana Piovani se tornou m\u00fasica e, agora, chega at\u00e9 as plataformas de streaming.\u00a0<i>M\u00fasica, Poesia, Droga, Macho<\/i>, remix produzido pela artista Amanda Magalh\u00e3es, foi disponilizidado no Spotify nesta quarta-feira, 4. E com o aval da atriz, que tem o nome creditado ao lado do de Amanda.<\/p>\n<p>O pedido para que o single chegasse at\u00e9 a plataforma de \u00e1udio chegou aos montes at\u00e9 Amanda depois que ela recortou trechos de uma famosa entrevista de Luana e deu um ritmo dan\u00e7ante \u00e0s falas. O v\u00eddeo, publicado por ela no ano passado, teve 887 mil visualiza\u00e7\u00f5es no Instagram.<\/p>\n<p>Luana, por\u00e9m, n\u00e3o \u00e9 a \u00fanica que recebeu uma vers\u00e3o para as pistas. Amanda \u00e9 conhecida nas redes sociais por misturar &#8220;memes&#8221; de nomes como William Bonner, Ana Maria Braga e Mar\u00edlia Gabriela com remixes. Na m\u00fasica feita para Mar\u00edlia, a artista at\u00e9 recebeu um coment\u00e1rio da apresentadora, que riu da brincadeira.<\/p>\n<p><b>Quem \u00e9 Amanda Magalh\u00e3es?<\/b><\/p>\n<p>Amanda tem 33 anos \u00e9 um nome em ascens\u00e3o na cena da m\u00fasica nacional. Al\u00e9m de cantora, ela tamb\u00e9m \u00e9 produtora musical e atriz. A artista \u00e9 filha do pianista William Magalh\u00e3es e neta do saxofonista Oberdan Magalh\u00e3es, fundador da Banda Black Rio.<\/p>\n<p>A cantora chegou a deixar a m\u00fasica de lado depois de ingressar na Escola de Arte Dram\u00e1tica da Universidade de S\u00e3o Paulo (EAD-USP), mas, em entrevista em 2020 \u00e0\u00a0<i>Marie Claire<\/i>, contou que o pedido de uma diretora de uma montagem no teatro fez tudo mudar.<\/p>\n<p>&#8220;Para apresentar a pe\u00e7a\u00a0<i>Na Solid\u00e3o Nos Tempos de Algod\u00e3o<\/i>, a diretora pediu que eu cantasse\u00a0<i>Solitude<\/i>, da Billie Holiday. Tremi, porque sempre gostei de cantar, mas era cantora de chuveiro. Encarei o desafio, me apresentei e o feedback foi \u00f3timo. Com isso, resgatei a m\u00fasica na minha vida, passei a compor e a produzir no est\u00fadio em casa&#8221;, disse.<\/p>\n<p>Como atriz, Amanda ficou conhecida por atuar na s\u00e9rie\u00a0<i>3%<\/i>, lan\u00e7ada em 2016 pela Netflix com nomes como Bianca Comparato, Rodolfo Valente e Samuel de Assis. Recentemente, ela esteve em cartaz nos cinemas com o filme\u00a0<i>Meu Amigo Pinguim<\/i>, de David Sch\u00fcrmann.<\/p>\n<p>A cantora soma mais de 145 mil ouvintes mensais no Instagram e lan\u00e7ou seu primeiro \u00e1lbum em 2020,\u00a0<i>Fragma<\/i>, com participa\u00e7\u00e3o de Liniker e Seu Jorge. O \u00faltimo disco lan\u00e7ado pela artista foi\u00a0<i>Mar\u00e9 de Cheiro<\/i>, do ano passado.<\/p>\n<p>Amanda tamb\u00e9m tem uma de suas m\u00fasicas como parte da trilha sonora da novela\u00a0<i>Mania de Voc\u00ea<\/i>, no ar na Rede Globo. \u00c9 ela a cantora, compositora e produtora de\u00a0<i>O Amor Te D\u00e1<\/i>, lan\u00e7ada como um single em 2020.<\/div>\n","protected":false},"excerpt":{"rendered":"<p>Por Sabrina Legramandi Uma das falas mais &#8220;virais&#8221; de Luana Piovani se tornou m\u00fasica e, agora, chega at\u00e9 as plataformas de streaming.\u00a0M\u00fasica, Poesia, Droga, Macho, remix produzido pela artista Amanda Magalh\u00e3es, foi disponilizidado no Spotify nesta quarta-feira, 4. E com o aval da atriz, que tem o nome creditado ao lado do de Amanda. O &hellip;<\/p>\n","protected":false},"author":1,"featured_media":4272,"comment_status":"closed","ping_status":"closed","sticky":false,"template":"","format":"standard","meta":{"footnotes":""},"categories":[25],"tags":[],"class_list":["post-4271","post","type-post","status-publish","format-standard","has-post-thumbnail","hentry","category-musica"],"yoast_head":"<!-- This site is optimized with the Yoast SEO plugin v27.4 - https:\/\/yoast.com\/product\/yoast-seo-wordpress\/ -->\n<title>Quem \u00e9 Amanda Magalh\u00e3es, cantora que lan\u00e7a m\u00fasica com Luana Piovani ap\u00f3s viralizar? - Transam\u00e9rica Mococa 93,3<\/title>\n<meta name=\"robots\" content=\"index, follow, max-snippet:-1, max-image-preview:large, max-video-preview:-1\" \/>\n<link rel=\"canonical\" href=\"https:\/\/transamerica93.com.br\/home\/quem-e-amanda-magalhaes-cantora-que-lanca-musica-com-luana-piovani-apos-viralizar\/\" \/>\n<meta property=\"og:locale\" content=\"pt_BR\" \/>\n<meta property=\"og:type\" content=\"article\" \/>\n<meta property=\"og:title\" content=\"Quem \u00e9 Amanda Magalh\u00e3es, cantora que lan\u00e7a m\u00fasica com Luana Piovani ap\u00f3s viralizar? - Transam\u00e9rica Mococa 93,3\" \/>\n<meta property=\"og:description\" content=\"Por Sabrina Legramandi Uma das falas mais &#8220;virais&#8221; de Luana Piovani se tornou m\u00fasica e, agora, chega at\u00e9 as plataformas de streaming.\u00a0M\u00fasica, Poesia, Droga, Macho, remix produzido pela artista Amanda Magalh\u00e3es, foi disponilizidado no Spotify nesta quarta-feira, 4. E com o aval da atriz, que tem o nome creditado ao lado do de Amanda. O &hellip;\" \/>\n<meta property=\"og:url\" content=\"https:\/\/transamerica93.com.br\/home\/quem-e-amanda-magalhaes-cantora-que-lanca-musica-com-luana-piovani-apos-viralizar\/\" \/>\n<meta property=\"og:site_name\" content=\"Transam\u00e9rica Mococa 93,3\" \/>\n<meta property=\"article:publisher\" content=\"https:\/\/www.facebook.com\/transamericamococa\" \/>\n<meta property=\"article:published_time\" content=\"2024-12-12T18:00:45+00:00\" \/>\n<meta property=\"og:image\" content=\"https:\/\/transamerica93.com.br\/home\/wp-content\/uploads\/2024\/12\/1-3.jpg\" \/>\n\t<meta property=\"og:image:width\" content=\"899\" \/>\n\t<meta property=\"og:image:height\" content=\"502\" \/>\n\t<meta property=\"og:image:type\" content=\"image\/jpeg\" \/>\n<meta name=\"author\" content=\"Reda\u00e7\u00e3o\" \/>\n<meta name=\"twitter:card\" content=\"summary_large_image\" \/>\n<meta name=\"twitter:creator\" content=\"@transamerica933\" \/>\n<meta name=\"twitter:site\" content=\"@transamerica933\" \/>\n<meta name=\"twitter:label1\" content=\"Escrito por\" \/>\n\t<meta name=\"twitter:data1\" content=\"Reda\u00e7\u00e3o\" \/>\n\t<meta name=\"twitter:label2\" content=\"Est. tempo de leitura\" \/>\n\t<meta name=\"twitter:data2\" content=\"3 minutos\" \/>\n<script type=\"application\/ld+json\" class=\"yoast-schema-graph\">{\"@context\":\"https:\\\/\\\/schema.org\",\"@graph\":[{\"@type\":\"Article\",\"@id\":\"https:\\\/\\\/transamerica93.com.br\\\/home\\\/quem-e-amanda-magalhaes-cantora-que-lanca-musica-com-luana-piovani-apos-viralizar\\\/#article\",\"isPartOf\":{\"@id\":\"https:\\\/\\\/transamerica93.com.br\\\/home\\\/quem-e-amanda-magalhaes-cantora-que-lanca-musica-com-luana-piovani-apos-viralizar\\\/\"},\"author\":{\"name\":\"Reda\u00e7\u00e3o\",\"@id\":\"https:\\\/\\\/transamerica93.com.br\\\/home\\\/#\\\/schema\\\/person\\\/7fed7c99c0d4562efa8561bc0f543172\"},\"headline\":\"Quem \u00e9 Amanda Magalh\u00e3es, cantora que lan\u00e7a m\u00fasica com Luana Piovani ap\u00f3s viralizar?\",\"datePublished\":\"2024-12-12T18:00:45+00:00\",\"mainEntityOfPage\":{\"@id\":\"https:\\\/\\\/transamerica93.com.br\\\/home\\\/quem-e-amanda-magalhaes-cantora-que-lanca-musica-com-luana-piovani-apos-viralizar\\\/\"},\"wordCount\":466,\"publisher\":{\"@id\":\"https:\\\/\\\/transamerica93.com.br\\\/home\\\/#organization\"},\"image\":{\"@id\":\"https:\\\/\\\/transamerica93.com.br\\\/home\\\/quem-e-amanda-magalhaes-cantora-que-lanca-musica-com-luana-piovani-apos-viralizar\\\/#primaryimage\"},\"thumbnailUrl\":\"https:\\\/\\\/transamerica93.com.br\\\/home\\\/wp-content\\\/uploads\\\/2024\\\/12\\\/1-3.jpg\",\"articleSection\":[\"M\u00fasica\"],\"inLanguage\":\"pt-BR\"},{\"@type\":\"WebPage\",\"@id\":\"https:\\\/\\\/transamerica93.com.br\\\/home\\\/quem-e-amanda-magalhaes-cantora-que-lanca-musica-com-luana-piovani-apos-viralizar\\\/\",\"url\":\"https:\\\/\\\/transamerica93.com.br\\\/home\\\/quem-e-amanda-magalhaes-cantora-que-lanca-musica-com-luana-piovani-apos-viralizar\\\/\",\"name\":\"Quem \u00e9 Amanda Magalh\u00e3es, cantora que lan\u00e7a m\u00fasica com Luana Piovani ap\u00f3s viralizar? - Transam\u00e9rica Mococa 93,3\",\"isPartOf\":{\"@id\":\"https:\\\/\\\/transamerica93.com.br\\\/home\\\/#website\"},\"primaryImageOfPage\":{\"@id\":\"https:\\\/\\\/transamerica93.com.br\\\/home\\\/quem-e-amanda-magalhaes-cantora-que-lanca-musica-com-luana-piovani-apos-viralizar\\\/#primaryimage\"},\"image\":{\"@id\":\"https:\\\/\\\/transamerica93.com.br\\\/home\\\/quem-e-amanda-magalhaes-cantora-que-lanca-musica-com-luana-piovani-apos-viralizar\\\/#primaryimage\"},\"thumbnailUrl\":\"https:\\\/\\\/transamerica93.com.br\\\/home\\\/wp-content\\\/uploads\\\/2024\\\/12\\\/1-3.jpg\",\"datePublished\":\"2024-12-12T18:00:45+00:00\",\"breadcrumb\":{\"@id\":\"https:\\\/\\\/transamerica93.com.br\\\/home\\\/quem-e-amanda-magalhaes-cantora-que-lanca-musica-com-luana-piovani-apos-viralizar\\\/#breadcrumb\"},\"inLanguage\":\"pt-BR\",\"potentialAction\":[{\"@type\":\"ReadAction\",\"target\":[\"https:\\\/\\\/transamerica93.com.br\\\/home\\\/quem-e-amanda-magalhaes-cantora-que-lanca-musica-com-luana-piovani-apos-viralizar\\\/\"]}]},{\"@type\":\"ImageObject\",\"inLanguage\":\"pt-BR\",\"@id\":\"https:\\\/\\\/transamerica93.com.br\\\/home\\\/quem-e-amanda-magalhaes-cantora-que-lanca-musica-com-luana-piovani-apos-viralizar\\\/#primaryimage\",\"url\":\"https:\\\/\\\/transamerica93.com.br\\\/home\\\/wp-content\\\/uploads\\\/2024\\\/12\\\/1-3.jpg\",\"contentUrl\":\"https:\\\/\\\/transamerica93.com.br\\\/home\\\/wp-content\\\/uploads\\\/2024\\\/12\\\/1-3.jpg\",\"width\":899,\"height\":502,\"caption\":\"Foto: Redes Sociais\\\/ Reprodu\u00e7\u00e3o\"},{\"@type\":\"BreadcrumbList\",\"@id\":\"https:\\\/\\\/transamerica93.com.br\\\/home\\\/quem-e-amanda-magalhaes-cantora-que-lanca-musica-com-luana-piovani-apos-viralizar\\\/#breadcrumb\",\"itemListElement\":[{\"@type\":\"ListItem\",\"position\":1,\"name\":\"In\u00edcio\",\"item\":\"https:\\\/\\\/transamerica93.com.br\\\/home\\\/\"},{\"@type\":\"ListItem\",\"position\":2,\"name\":\"Quem \u00e9 Amanda Magalh\u00e3es, cantora que lan\u00e7a m\u00fasica com Luana Piovani ap\u00f3s viralizar?\"}]},{\"@type\":\"WebSite\",\"@id\":\"https:\\\/\\\/transamerica93.com.br\\\/home\\\/#website\",\"url\":\"https:\\\/\\\/transamerica93.com.br\\\/home\\\/\",\"name\":\"Transam\u00e9rica Mococa 93,3\",\"description\":\"\",\"publisher\":{\"@id\":\"https:\\\/\\\/transamerica93.com.br\\\/home\\\/#organization\"},\"potentialAction\":[{\"@type\":\"SearchAction\",\"target\":{\"@type\":\"EntryPoint\",\"urlTemplate\":\"https:\\\/\\\/transamerica93.com.br\\\/home\\\/?s={search_term_string}\"},\"query-input\":{\"@type\":\"PropertyValueSpecification\",\"valueRequired\":true,\"valueName\":\"search_term_string\"}}],\"inLanguage\":\"pt-BR\"},{\"@type\":\"Organization\",\"@id\":\"https:\\\/\\\/transamerica93.com.br\\\/home\\\/#organization\",\"name\":\"Transam\u00e9rica Mococa 93,3\",\"url\":\"https:\\\/\\\/transamerica93.com.br\\\/home\\\/\",\"logo\":{\"@type\":\"ImageObject\",\"inLanguage\":\"pt-BR\",\"@id\":\"https:\\\/\\\/transamerica93.com.br\\\/home\\\/#\\\/schema\\\/logo\\\/image\\\/\",\"url\":\"https:\\\/\\\/transamerica93.com.br\\\/home\\\/wp-content\\\/uploads\\\/2023\\\/10\\\/logo2.png\",\"contentUrl\":\"https:\\\/\\\/transamerica93.com.br\\\/home\\\/wp-content\\\/uploads\\\/2023\\\/10\\\/logo2.png\",\"width\":800,\"height\":500,\"caption\":\"Transam\u00e9rica Mococa 93,3\"},\"image\":{\"@id\":\"https:\\\/\\\/transamerica93.com.br\\\/home\\\/#\\\/schema\\\/logo\\\/image\\\/\"},\"sameAs\":[\"https:\\\/\\\/www.facebook.com\\\/transamericamococa\",\"https:\\\/\\\/x.com\\\/transamerica933\",\"https:\\\/\\\/www.instagram.com\\\/transamericamococa\"]},{\"@type\":\"Person\",\"@id\":\"https:\\\/\\\/transamerica93.com.br\\\/home\\\/#\\\/schema\\\/person\\\/7fed7c99c0d4562efa8561bc0f543172\",\"name\":\"Reda\u00e7\u00e3o\",\"image\":{\"@type\":\"ImageObject\",\"inLanguage\":\"pt-BR\",\"@id\":\"https:\\\/\\\/secure.gravatar.com\\\/avatar\\\/1072c6b775fb02ef8506ce967551d95926669a6b7d2c2147b42eea4d7c68395e?s=96&d=mm&r=g\",\"url\":\"https:\\\/\\\/secure.gravatar.com\\\/avatar\\\/1072c6b775fb02ef8506ce967551d95926669a6b7d2c2147b42eea4d7c68395e?s=96&d=mm&r=g\",\"contentUrl\":\"https:\\\/\\\/secure.gravatar.com\\\/avatar\\\/1072c6b775fb02ef8506ce967551d95926669a6b7d2c2147b42eea4d7c68395e?s=96&d=mm&r=g\",\"caption\":\"Reda\u00e7\u00e3o\"},\"sameAs\":[\"https:\\\/\\\/transamerica93.com.br\\\/home\"],\"url\":\"https:\\\/\\\/transamerica93.com.br\\\/home\\\/author\\\/william\\\/\"}]}<\/script>\n<!-- \/ Yoast SEO plugin. -->","yoast_head_json":{"title":"Quem \u00e9 Amanda Magalh\u00e3es, cantora que lan\u00e7a m\u00fasica com Luana Piovani ap\u00f3s viralizar? - Transam\u00e9rica Mococa 93,3","robots":{"index":"index","follow":"follow","max-snippet":"max-snippet:-1","max-image-preview":"max-image-preview:large","max-video-preview":"max-video-preview:-1"},"canonical":"https:\/\/transamerica93.com.br\/home\/quem-e-amanda-magalhaes-cantora-que-lanca-musica-com-luana-piovani-apos-viralizar\/","og_locale":"pt_BR","og_type":"article","og_title":"Quem \u00e9 Amanda Magalh\u00e3es, cantora que lan\u00e7a m\u00fasica com Luana Piovani ap\u00f3s viralizar? - Transam\u00e9rica Mococa 93,3","og_description":"Por Sabrina Legramandi Uma das falas mais &#8220;virais&#8221; de Luana Piovani se tornou m\u00fasica e, agora, chega at\u00e9 as plataformas de streaming.\u00a0M\u00fasica, Poesia, Droga, Macho, remix produzido pela artista Amanda Magalh\u00e3es, foi disponilizidado no Spotify nesta quarta-feira, 4. E com o aval da atriz, que tem o nome creditado ao lado do de Amanda. O &hellip;","og_url":"https:\/\/transamerica93.com.br\/home\/quem-e-amanda-magalhaes-cantora-que-lanca-musica-com-luana-piovani-apos-viralizar\/","og_site_name":"Transam\u00e9rica Mococa 93,3","article_publisher":"https:\/\/www.facebook.com\/transamericamococa","article_published_time":"2024-12-12T18:00:45+00:00","og_image":[{"width":899,"height":502,"url":"https:\/\/transamerica93.com.br\/home\/wp-content\/uploads\/2024\/12\/1-3.jpg","type":"image\/jpeg"}],"author":"Reda\u00e7\u00e3o","twitter_card":"summary_large_image","twitter_creator":"@transamerica933","twitter_site":"@transamerica933","twitter_misc":{"Escrito por":"Reda\u00e7\u00e3o","Est. tempo de leitura":"3 minutos"},"schema":{"@context":"https:\/\/schema.org","@graph":[{"@type":"Article","@id":"https:\/\/transamerica93.com.br\/home\/quem-e-amanda-magalhaes-cantora-que-lanca-musica-com-luana-piovani-apos-viralizar\/#article","isPartOf":{"@id":"https:\/\/transamerica93.com.br\/home\/quem-e-amanda-magalhaes-cantora-que-lanca-musica-com-luana-piovani-apos-viralizar\/"},"author":{"name":"Reda\u00e7\u00e3o","@id":"https:\/\/transamerica93.com.br\/home\/#\/schema\/person\/7fed7c99c0d4562efa8561bc0f543172"},"headline":"Quem \u00e9 Amanda Magalh\u00e3es, cantora que lan\u00e7a m\u00fasica com Luana Piovani ap\u00f3s viralizar?","datePublished":"2024-12-12T18:00:45+00:00","mainEntityOfPage":{"@id":"https:\/\/transamerica93.com.br\/home\/quem-e-amanda-magalhaes-cantora-que-lanca-musica-com-luana-piovani-apos-viralizar\/"},"wordCount":466,"publisher":{"@id":"https:\/\/transamerica93.com.br\/home\/#organization"},"image":{"@id":"https:\/\/transamerica93.com.br\/home\/quem-e-amanda-magalhaes-cantora-que-lanca-musica-com-luana-piovani-apos-viralizar\/#primaryimage"},"thumbnailUrl":"https:\/\/transamerica93.com.br\/home\/wp-content\/uploads\/2024\/12\/1-3.jpg","articleSection":["M\u00fasica"],"inLanguage":"pt-BR"},{"@type":"WebPage","@id":"https:\/\/transamerica93.com.br\/home\/quem-e-amanda-magalhaes-cantora-que-lanca-musica-com-luana-piovani-apos-viralizar\/","url":"https:\/\/transamerica93.com.br\/home\/quem-e-amanda-magalhaes-cantora-que-lanca-musica-com-luana-piovani-apos-viralizar\/","name":"Quem \u00e9 Amanda Magalh\u00e3es, cantora que lan\u00e7a m\u00fasica com Luana Piovani ap\u00f3s viralizar? - Transam\u00e9rica Mococa 93,3","isPartOf":{"@id":"https:\/\/transamerica93.com.br\/home\/#website"},"primaryImageOfPage":{"@id":"https:\/\/transamerica93.com.br\/home\/quem-e-amanda-magalhaes-cantora-que-lanca-musica-com-luana-piovani-apos-viralizar\/#primaryimage"},"image":{"@id":"https:\/\/transamerica93.com.br\/home\/quem-e-amanda-magalhaes-cantora-que-lanca-musica-com-luana-piovani-apos-viralizar\/#primaryimage"},"thumbnailUrl":"https:\/\/transamerica93.com.br\/home\/wp-content\/uploads\/2024\/12\/1-3.jpg","datePublished":"2024-12-12T18:00:45+00:00","breadcrumb":{"@id":"https:\/\/transamerica93.com.br\/home\/quem-e-amanda-magalhaes-cantora-que-lanca-musica-com-luana-piovani-apos-viralizar\/#breadcrumb"},"inLanguage":"pt-BR","potentialAction":[{"@type":"ReadAction","target":["https:\/\/transamerica93.com.br\/home\/quem-e-amanda-magalhaes-cantora-que-lanca-musica-com-luana-piovani-apos-viralizar\/"]}]},{"@type":"ImageObject","inLanguage":"pt-BR","@id":"https:\/\/transamerica93.com.br\/home\/quem-e-amanda-magalhaes-cantora-que-lanca-musica-com-luana-piovani-apos-viralizar\/#primaryimage","url":"https:\/\/transamerica93.com.br\/home\/wp-content\/uploads\/2024\/12\/1-3.jpg","contentUrl":"https:\/\/transamerica93.com.br\/home\/wp-content\/uploads\/2024\/12\/1-3.jpg","width":899,"height":502,"caption":"Foto: Redes Sociais\/ Reprodu\u00e7\u00e3o"},{"@type":"BreadcrumbList","@id":"https:\/\/transamerica93.com.br\/home\/quem-e-amanda-magalhaes-cantora-que-lanca-musica-com-luana-piovani-apos-viralizar\/#breadcrumb","itemListElement":[{"@type":"ListItem","position":1,"name":"In\u00edcio","item":"https:\/\/transamerica93.com.br\/home\/"},{"@type":"ListItem","position":2,"name":"Quem \u00e9 Amanda Magalh\u00e3es, cantora que lan\u00e7a m\u00fasica com Luana Piovani ap\u00f3s viralizar?"}]},{"@type":"WebSite","@id":"https:\/\/transamerica93.com.br\/home\/#website","url":"https:\/\/transamerica93.com.br\/home\/","name":"Transam\u00e9rica Mococa 93,3","description":"","publisher":{"@id":"https:\/\/transamerica93.com.br\/home\/#organization"},"potentialAction":[{"@type":"SearchAction","target":{"@type":"EntryPoint","urlTemplate":"https:\/\/transamerica93.com.br\/home\/?s={search_term_string}"},"query-input":{"@type":"PropertyValueSpecification","valueRequired":true,"valueName":"search_term_string"}}],"inLanguage":"pt-BR"},{"@type":"Organization","@id":"https:\/\/transamerica93.com.br\/home\/#organization","name":"Transam\u00e9rica Mococa 93,3","url":"https:\/\/transamerica93.com.br\/home\/","logo":{"@type":"ImageObject","inLanguage":"pt-BR","@id":"https:\/\/transamerica93.com.br\/home\/#\/schema\/logo\/image\/","url":"https:\/\/transamerica93.com.br\/home\/wp-content\/uploads\/2023\/10\/logo2.png","contentUrl":"https:\/\/transamerica93.com.br\/home\/wp-content\/uploads\/2023\/10\/logo2.png","width":800,"height":500,"caption":"Transam\u00e9rica Mococa 93,3"},"image":{"@id":"https:\/\/transamerica93.com.br\/home\/#\/schema\/logo\/image\/"},"sameAs":["https:\/\/www.facebook.com\/transamericamococa","https:\/\/x.com\/transamerica933","https:\/\/www.instagram.com\/transamericamococa"]},{"@type":"Person","@id":"https:\/\/transamerica93.com.br\/home\/#\/schema\/person\/7fed7c99c0d4562efa8561bc0f543172","name":"Reda\u00e7\u00e3o","image":{"@type":"ImageObject","inLanguage":"pt-BR","@id":"https:\/\/secure.gravatar.com\/avatar\/1072c6b775fb02ef8506ce967551d95926669a6b7d2c2147b42eea4d7c68395e?s=96&d=mm&r=g","url":"https:\/\/secure.gravatar.com\/avatar\/1072c6b775fb02ef8506ce967551d95926669a6b7d2c2147b42eea4d7c68395e?s=96&d=mm&r=g","contentUrl":"https:\/\/secure.gravatar.com\/avatar\/1072c6b775fb02ef8506ce967551d95926669a6b7d2c2147b42eea4d7c68395e?s=96&d=mm&r=g","caption":"Reda\u00e7\u00e3o"},"sameAs":["https:\/\/transamerica93.com.br\/home"],"url":"https:\/\/transamerica93.com.br\/home\/author\/william\/"}]}},"_links":{"self":[{"href":"https:\/\/transamerica93.com.br\/home\/wp-json\/wp\/v2\/posts\/4271","targetHints":{"allow":["GET"]}}],"collection":[{"href":"https:\/\/transamerica93.com.br\/home\/wp-json\/wp\/v2\/posts"}],"about":[{"href":"https:\/\/transamerica93.com.br\/home\/wp-json\/wp\/v2\/types\/post"}],"author":[{"embeddable":true,"href":"https:\/\/transamerica93.com.br\/home\/wp-json\/wp\/v2\/users\/1"}],"replies":[{"embeddable":true,"href":"https:\/\/transamerica93.com.br\/home\/wp-json\/wp\/v2\/comments?post=4271"}],"version-history":[{"count":1,"href":"https:\/\/transamerica93.com.br\/home\/wp-json\/wp\/v2\/posts\/4271\/revisions"}],"predecessor-version":[{"id":4273,"href":"https:\/\/transamerica93.com.br\/home\/wp-json\/wp\/v2\/posts\/4271\/revisions\/4273"}],"wp:featuredmedia":[{"embeddable":true,"href":"https:\/\/transamerica93.com.br\/home\/wp-json\/wp\/v2\/media\/4272"}],"wp:attachment":[{"href":"https:\/\/transamerica93.com.br\/home\/wp-json\/wp\/v2\/media?parent=4271"}],"wp:term":[{"taxonomy":"category","embeddable":true,"href":"https:\/\/transamerica93.com.br\/home\/wp-json\/wp\/v2\/categories?post=4271"},{"taxonomy":"post_tag","embeddable":true,"href":"https:\/\/transamerica93.com.br\/home\/wp-json\/wp\/v2\/tags?post=4271"}],"curies":[{"name":"wp","href":"https:\/\/api.w.org\/{rel}","templated":true}]}}