{"id":4289,"date":"2024-12-13T18:00:18","date_gmt":"2024-12-13T21:00:18","guid":{"rendered":"https:\/\/transamerica93.com.br\/home\/?p=4289"},"modified":"2024-12-05T18:32:19","modified_gmt":"2024-12-05T21:32:19","slug":"famosos-reagem-a-saida-de-rodrigo-faro-da-record","status":"publish","type":"post","link":"https:\/\/transamerica93.com.br\/home\/famosos-reagem-a-saida-de-rodrigo-faro-da-record\/","title":{"rendered":"Famosos reagem \u00e0 sa\u00edda de Rodrigo Faro da Record"},"content":{"rendered":"<div id=\"Corpo\">\n<h6 class=\"Assina\">Por Daniel Vila Nova<\/h6>\n<p>O apresentador Rodrigo Faro anunciou nesta quinta-feira, 5, sua sa\u00edda da TV Record ap\u00f3s 16 anos de parceria. Nas redes sociais, diversos famosos reagiram \u00e0 postagem do artista e o parabenizaram pela carreira constru\u00edda na emissora.<\/p>\n<p>Ana Hickmann, que tamb\u00e9m trabalha na emissora, afirmou que Faro \u00e9 &#8220;gigante&#8221;. &#8220;Muito obrigada e parab\u00e9ns por tudo o que realizou aqui na Record. Boa sorte e sucesso com o novo caminho&#8221;, desejou a apresentadora. Adriane Galisteu, que apresenta o reality show\u00a0<i>A Fazenda<\/i>, tamb\u00e9m se manifestou. &#8220;Ro, parab\u00e9ns por tudo! O melhor sempre est\u00e1 por vir\u2026 boa sorte no seu novo caminho!&#8221;, declarou.<\/p>\n<p>Outra colega de profiss\u00e3o que comentou no post de Faro foi Renata Alves, que comanda o Hoje Em Dia ao lado de Hickmann. &#8220;R\u00f4, que jornada incr\u00edvel voc\u00ea fez e ainda continuar\u00e1 fazendo! Deus aben\u00e7oe cada passo seu!&#8221;.<\/p>\n<p>Nomes como a jornalista Sonia Abr\u00e3o, David Brazil e o comediante Tirulipa tamb\u00e9m deixaram seus recados. &#8220;Rodrigo, o talento \u00e9 todo seu, n\u00e3o depende do local em que voc\u00ea esteja! Sempre vai brilhar&#8221;, afirmou a apresentadora do\u00a0<i>A Tarde \u00c9 Sua<\/i>. &#8220;A gente que te agradece irm\u00e3o, voc\u00ea revolucionou e renovou a TV Brasileira&#8221;, disse o humorista.<\/p>\n<p>O an\u00fancio foi feito no perfil do Instagram do apresentador e, segundo a postagem, a n\u00e3o renova\u00e7\u00e3o do contrato foi decidida de comum acordo entre Faro e a Record. &#8220;Foi uma decis\u00e3o tomada com muita reflex\u00e3o e com o cora\u00e7\u00e3o cheio de gratid\u00e3o. Foram anos de aprendizado, desafios, e realiza\u00e7\u00f5es que levarei para sempre comigo&#8221;, afirma ele, que apresentava o programa A Hora do Faro.<\/p>\n<p>&#8220;Este n\u00e3o \u00e9 um adeus, mas sim um at\u00e9 breve. Estou animado para os novos desafios e projetos que est\u00e3o por vir. Em breve contarei todas as novidades para voc\u00eas, e espero continuar contando com o apoio de voc\u00eas nessa nova fase da minha carreira&#8221;, adianta ele.<\/p>\n<p>A Record ainda n\u00e3o se manifestou sobre o tema.<\/p><\/div>\n","protected":false},"excerpt":{"rendered":"<p>Por Daniel Vila Nova O apresentador Rodrigo Faro anunciou nesta quinta-feira, 5, sua sa\u00edda da TV Record ap\u00f3s 16 anos de parceria. Nas redes sociais, diversos famosos reagiram \u00e0 postagem do artista e o parabenizaram pela carreira constru\u00edda na emissora. Ana Hickmann, que tamb\u00e9m trabalha na emissora, afirmou que Faro \u00e9 &#8220;gigante&#8221;. &#8220;Muito obrigada e &hellip;<\/p>\n","protected":false},"author":1,"featured_media":4290,"comment_status":"closed","ping_status":"closed","sticky":false,"template":"","format":"standard","meta":{"footnotes":""},"categories":[24],"tags":[],"class_list":["post-4289","post","type-post","status-publish","format-standard","has-post-thumbnail","hentry","category-entretenimento"],"yoast_head":"<!-- This site is optimized with the Yoast SEO plugin v27.4 - https:\/\/yoast.com\/product\/yoast-seo-wordpress\/ -->\n<title>Famosos reagem \u00e0 sa\u00edda de Rodrigo Faro da Record - Transam\u00e9rica Mococa 93,3<\/title>\n<meta name=\"robots\" content=\"index, follow, max-snippet:-1, max-image-preview:large, max-video-preview:-1\" \/>\n<link rel=\"canonical\" href=\"https:\/\/transamerica93.com.br\/home\/famosos-reagem-a-saida-de-rodrigo-faro-da-record\/\" \/>\n<meta property=\"og:locale\" content=\"pt_BR\" \/>\n<meta property=\"og:type\" content=\"article\" \/>\n<meta property=\"og:title\" content=\"Famosos reagem \u00e0 sa\u00edda de Rodrigo Faro da Record - Transam\u00e9rica Mococa 93,3\" \/>\n<meta property=\"og:description\" content=\"Por Daniel Vila Nova O apresentador Rodrigo Faro anunciou nesta quinta-feira, 5, sua sa\u00edda da TV Record ap\u00f3s 16 anos de parceria. Nas redes sociais, diversos famosos reagiram \u00e0 postagem do artista e o parabenizaram pela carreira constru\u00edda na emissora. Ana Hickmann, que tamb\u00e9m trabalha na emissora, afirmou que Faro \u00e9 &#8220;gigante&#8221;. &#8220;Muito obrigada e &hellip;\" \/>\n<meta property=\"og:url\" content=\"https:\/\/transamerica93.com.br\/home\/famosos-reagem-a-saida-de-rodrigo-faro-da-record\/\" \/>\n<meta property=\"og:site_name\" content=\"Transam\u00e9rica Mococa 93,3\" \/>\n<meta property=\"article:publisher\" content=\"https:\/\/www.facebook.com\/transamericamococa\" \/>\n<meta property=\"article:published_time\" content=\"2024-12-13T21:00:18+00:00\" \/>\n<meta property=\"og:image\" content=\"https:\/\/transamerica93.com.br\/home\/wp-content\/uploads\/2024\/12\/1-9.jpg\" \/>\n\t<meta property=\"og:image:width\" content=\"979\" \/>\n\t<meta property=\"og:image:height\" content=\"529\" \/>\n\t<meta property=\"og:image:type\" content=\"image\/jpeg\" \/>\n<meta name=\"author\" content=\"Reda\u00e7\u00e3o\" \/>\n<meta name=\"twitter:card\" content=\"summary_large_image\" \/>\n<meta name=\"twitter:creator\" content=\"@transamerica933\" \/>\n<meta name=\"twitter:site\" content=\"@transamerica933\" \/>\n<meta name=\"twitter:label1\" content=\"Escrito por\" \/>\n\t<meta name=\"twitter:data1\" content=\"Reda\u00e7\u00e3o\" \/>\n\t<meta name=\"twitter:label2\" content=\"Est. tempo de leitura\" \/>\n\t<meta name=\"twitter:data2\" content=\"2 minutos\" \/>\n<script type=\"application\/ld+json\" class=\"yoast-schema-graph\">{\"@context\":\"https:\\\/\\\/schema.org\",\"@graph\":[{\"@type\":\"Article\",\"@id\":\"https:\\\/\\\/transamerica93.com.br\\\/home\\\/famosos-reagem-a-saida-de-rodrigo-faro-da-record\\\/#article\",\"isPartOf\":{\"@id\":\"https:\\\/\\\/transamerica93.com.br\\\/home\\\/famosos-reagem-a-saida-de-rodrigo-faro-da-record\\\/\"},\"author\":{\"name\":\"Reda\u00e7\u00e3o\",\"@id\":\"https:\\\/\\\/transamerica93.com.br\\\/home\\\/#\\\/schema\\\/person\\\/7fed7c99c0d4562efa8561bc0f543172\"},\"headline\":\"Famosos reagem \u00e0 sa\u00edda de Rodrigo Faro da Record\",\"datePublished\":\"2024-12-13T21:00:18+00:00\",\"mainEntityOfPage\":{\"@id\":\"https:\\\/\\\/transamerica93.com.br\\\/home\\\/famosos-reagem-a-saida-de-rodrigo-faro-da-record\\\/\"},\"wordCount\":349,\"publisher\":{\"@id\":\"https:\\\/\\\/transamerica93.com.br\\\/home\\\/#organization\"},\"image\":{\"@id\":\"https:\\\/\\\/transamerica93.com.br\\\/home\\\/famosos-reagem-a-saida-de-rodrigo-faro-da-record\\\/#primaryimage\"},\"thumbnailUrl\":\"https:\\\/\\\/transamerica93.com.br\\\/home\\\/wp-content\\\/uploads\\\/2024\\\/12\\\/1-9.jpg\",\"articleSection\":[\"Entretenimento\"],\"inLanguage\":\"pt-BR\"},{\"@type\":\"WebPage\",\"@id\":\"https:\\\/\\\/transamerica93.com.br\\\/home\\\/famosos-reagem-a-saida-de-rodrigo-faro-da-record\\\/\",\"url\":\"https:\\\/\\\/transamerica93.com.br\\\/home\\\/famosos-reagem-a-saida-de-rodrigo-faro-da-record\\\/\",\"name\":\"Famosos reagem \u00e0 sa\u00edda de Rodrigo Faro da Record - Transam\u00e9rica Mococa 93,3\",\"isPartOf\":{\"@id\":\"https:\\\/\\\/transamerica93.com.br\\\/home\\\/#website\"},\"primaryImageOfPage\":{\"@id\":\"https:\\\/\\\/transamerica93.com.br\\\/home\\\/famosos-reagem-a-saida-de-rodrigo-faro-da-record\\\/#primaryimage\"},\"image\":{\"@id\":\"https:\\\/\\\/transamerica93.com.br\\\/home\\\/famosos-reagem-a-saida-de-rodrigo-faro-da-record\\\/#primaryimage\"},\"thumbnailUrl\":\"https:\\\/\\\/transamerica93.com.br\\\/home\\\/wp-content\\\/uploads\\\/2024\\\/12\\\/1-9.jpg\",\"datePublished\":\"2024-12-13T21:00:18+00:00\",\"breadcrumb\":{\"@id\":\"https:\\\/\\\/transamerica93.com.br\\\/home\\\/famosos-reagem-a-saida-de-rodrigo-faro-da-record\\\/#breadcrumb\"},\"inLanguage\":\"pt-BR\",\"potentialAction\":[{\"@type\":\"ReadAction\",\"target\":[\"https:\\\/\\\/transamerica93.com.br\\\/home\\\/famosos-reagem-a-saida-de-rodrigo-faro-da-record\\\/\"]}]},{\"@type\":\"ImageObject\",\"inLanguage\":\"pt-BR\",\"@id\":\"https:\\\/\\\/transamerica93.com.br\\\/home\\\/famosos-reagem-a-saida-de-rodrigo-faro-da-record\\\/#primaryimage\",\"url\":\"https:\\\/\\\/transamerica93.com.br\\\/home\\\/wp-content\\\/uploads\\\/2024\\\/12\\\/1-9.jpg\",\"contentUrl\":\"https:\\\/\\\/transamerica93.com.br\\\/home\\\/wp-content\\\/uploads\\\/2024\\\/12\\\/1-9.jpg\",\"width\":979,\"height\":529,\"caption\":\"Foto: Instagram\\\/@rodrigofaro\"},{\"@type\":\"BreadcrumbList\",\"@id\":\"https:\\\/\\\/transamerica93.com.br\\\/home\\\/famosos-reagem-a-saida-de-rodrigo-faro-da-record\\\/#breadcrumb\",\"itemListElement\":[{\"@type\":\"ListItem\",\"position\":1,\"name\":\"In\u00edcio\",\"item\":\"https:\\\/\\\/transamerica93.com.br\\\/home\\\/\"},{\"@type\":\"ListItem\",\"position\":2,\"name\":\"Famosos reagem \u00e0 sa\u00edda de Rodrigo Faro da Record\"}]},{\"@type\":\"WebSite\",\"@id\":\"https:\\\/\\\/transamerica93.com.br\\\/home\\\/#website\",\"url\":\"https:\\\/\\\/transamerica93.com.br\\\/home\\\/\",\"name\":\"Transam\u00e9rica Mococa 93,3\",\"description\":\"\",\"publisher\":{\"@id\":\"https:\\\/\\\/transamerica93.com.br\\\/home\\\/#organization\"},\"potentialAction\":[{\"@type\":\"SearchAction\",\"target\":{\"@type\":\"EntryPoint\",\"urlTemplate\":\"https:\\\/\\\/transamerica93.com.br\\\/home\\\/?s={search_term_string}\"},\"query-input\":{\"@type\":\"PropertyValueSpecification\",\"valueRequired\":true,\"valueName\":\"search_term_string\"}}],\"inLanguage\":\"pt-BR\"},{\"@type\":\"Organization\",\"@id\":\"https:\\\/\\\/transamerica93.com.br\\\/home\\\/#organization\",\"name\":\"Transam\u00e9rica Mococa 93,3\",\"url\":\"https:\\\/\\\/transamerica93.com.br\\\/home\\\/\",\"logo\":{\"@type\":\"ImageObject\",\"inLanguage\":\"pt-BR\",\"@id\":\"https:\\\/\\\/transamerica93.com.br\\\/home\\\/#\\\/schema\\\/logo\\\/image\\\/\",\"url\":\"https:\\\/\\\/transamerica93.com.br\\\/home\\\/wp-content\\\/uploads\\\/2023\\\/10\\\/logo2.png\",\"contentUrl\":\"https:\\\/\\\/transamerica93.com.br\\\/home\\\/wp-content\\\/uploads\\\/2023\\\/10\\\/logo2.png\",\"width\":800,\"height\":500,\"caption\":\"Transam\u00e9rica Mococa 93,3\"},\"image\":{\"@id\":\"https:\\\/\\\/transamerica93.com.br\\\/home\\\/#\\\/schema\\\/logo\\\/image\\\/\"},\"sameAs\":[\"https:\\\/\\\/www.facebook.com\\\/transamericamococa\",\"https:\\\/\\\/x.com\\\/transamerica933\",\"https:\\\/\\\/www.instagram.com\\\/transamericamococa\"]},{\"@type\":\"Person\",\"@id\":\"https:\\\/\\\/transamerica93.com.br\\\/home\\\/#\\\/schema\\\/person\\\/7fed7c99c0d4562efa8561bc0f543172\",\"name\":\"Reda\u00e7\u00e3o\",\"image\":{\"@type\":\"ImageObject\",\"inLanguage\":\"pt-BR\",\"@id\":\"https:\\\/\\\/secure.gravatar.com\\\/avatar\\\/1072c6b775fb02ef8506ce967551d95926669a6b7d2c2147b42eea4d7c68395e?s=96&d=mm&r=g\",\"url\":\"https:\\\/\\\/secure.gravatar.com\\\/avatar\\\/1072c6b775fb02ef8506ce967551d95926669a6b7d2c2147b42eea4d7c68395e?s=96&d=mm&r=g\",\"contentUrl\":\"https:\\\/\\\/secure.gravatar.com\\\/avatar\\\/1072c6b775fb02ef8506ce967551d95926669a6b7d2c2147b42eea4d7c68395e?s=96&d=mm&r=g\",\"caption\":\"Reda\u00e7\u00e3o\"},\"sameAs\":[\"https:\\\/\\\/transamerica93.com.br\\\/home\"],\"url\":\"https:\\\/\\\/transamerica93.com.br\\\/home\\\/author\\\/william\\\/\"}]}<\/script>\n<!-- \/ Yoast SEO plugin. -->","yoast_head_json":{"title":"Famosos reagem \u00e0 sa\u00edda de Rodrigo Faro da Record - Transam\u00e9rica Mococa 93,3","robots":{"index":"index","follow":"follow","max-snippet":"max-snippet:-1","max-image-preview":"max-image-preview:large","max-video-preview":"max-video-preview:-1"},"canonical":"https:\/\/transamerica93.com.br\/home\/famosos-reagem-a-saida-de-rodrigo-faro-da-record\/","og_locale":"pt_BR","og_type":"article","og_title":"Famosos reagem \u00e0 sa\u00edda de Rodrigo Faro da Record - Transam\u00e9rica Mococa 93,3","og_description":"Por Daniel Vila Nova O apresentador Rodrigo Faro anunciou nesta quinta-feira, 5, sua sa\u00edda da TV Record ap\u00f3s 16 anos de parceria. Nas redes sociais, diversos famosos reagiram \u00e0 postagem do artista e o parabenizaram pela carreira constru\u00edda na emissora. Ana Hickmann, que tamb\u00e9m trabalha na emissora, afirmou que Faro \u00e9 &#8220;gigante&#8221;. &#8220;Muito obrigada e &hellip;","og_url":"https:\/\/transamerica93.com.br\/home\/famosos-reagem-a-saida-de-rodrigo-faro-da-record\/","og_site_name":"Transam\u00e9rica Mococa 93,3","article_publisher":"https:\/\/www.facebook.com\/transamericamococa","article_published_time":"2024-12-13T21:00:18+00:00","og_image":[{"width":979,"height":529,"url":"https:\/\/transamerica93.com.br\/home\/wp-content\/uploads\/2024\/12\/1-9.jpg","type":"image\/jpeg"}],"author":"Reda\u00e7\u00e3o","twitter_card":"summary_large_image","twitter_creator":"@transamerica933","twitter_site":"@transamerica933","twitter_misc":{"Escrito por":"Reda\u00e7\u00e3o","Est. tempo de leitura":"2 minutos"},"schema":{"@context":"https:\/\/schema.org","@graph":[{"@type":"Article","@id":"https:\/\/transamerica93.com.br\/home\/famosos-reagem-a-saida-de-rodrigo-faro-da-record\/#article","isPartOf":{"@id":"https:\/\/transamerica93.com.br\/home\/famosos-reagem-a-saida-de-rodrigo-faro-da-record\/"},"author":{"name":"Reda\u00e7\u00e3o","@id":"https:\/\/transamerica93.com.br\/home\/#\/schema\/person\/7fed7c99c0d4562efa8561bc0f543172"},"headline":"Famosos reagem \u00e0 sa\u00edda de Rodrigo Faro da Record","datePublished":"2024-12-13T21:00:18+00:00","mainEntityOfPage":{"@id":"https:\/\/transamerica93.com.br\/home\/famosos-reagem-a-saida-de-rodrigo-faro-da-record\/"},"wordCount":349,"publisher":{"@id":"https:\/\/transamerica93.com.br\/home\/#organization"},"image":{"@id":"https:\/\/transamerica93.com.br\/home\/famosos-reagem-a-saida-de-rodrigo-faro-da-record\/#primaryimage"},"thumbnailUrl":"https:\/\/transamerica93.com.br\/home\/wp-content\/uploads\/2024\/12\/1-9.jpg","articleSection":["Entretenimento"],"inLanguage":"pt-BR"},{"@type":"WebPage","@id":"https:\/\/transamerica93.com.br\/home\/famosos-reagem-a-saida-de-rodrigo-faro-da-record\/","url":"https:\/\/transamerica93.com.br\/home\/famosos-reagem-a-saida-de-rodrigo-faro-da-record\/","name":"Famosos reagem \u00e0 sa\u00edda de Rodrigo Faro da Record - Transam\u00e9rica Mococa 93,3","isPartOf":{"@id":"https:\/\/transamerica93.com.br\/home\/#website"},"primaryImageOfPage":{"@id":"https:\/\/transamerica93.com.br\/home\/famosos-reagem-a-saida-de-rodrigo-faro-da-record\/#primaryimage"},"image":{"@id":"https:\/\/transamerica93.com.br\/home\/famosos-reagem-a-saida-de-rodrigo-faro-da-record\/#primaryimage"},"thumbnailUrl":"https:\/\/transamerica93.com.br\/home\/wp-content\/uploads\/2024\/12\/1-9.jpg","datePublished":"2024-12-13T21:00:18+00:00","breadcrumb":{"@id":"https:\/\/transamerica93.com.br\/home\/famosos-reagem-a-saida-de-rodrigo-faro-da-record\/#breadcrumb"},"inLanguage":"pt-BR","potentialAction":[{"@type":"ReadAction","target":["https:\/\/transamerica93.com.br\/home\/famosos-reagem-a-saida-de-rodrigo-faro-da-record\/"]}]},{"@type":"ImageObject","inLanguage":"pt-BR","@id":"https:\/\/transamerica93.com.br\/home\/famosos-reagem-a-saida-de-rodrigo-faro-da-record\/#primaryimage","url":"https:\/\/transamerica93.com.br\/home\/wp-content\/uploads\/2024\/12\/1-9.jpg","contentUrl":"https:\/\/transamerica93.com.br\/home\/wp-content\/uploads\/2024\/12\/1-9.jpg","width":979,"height":529,"caption":"Foto: Instagram\/@rodrigofaro"},{"@type":"BreadcrumbList","@id":"https:\/\/transamerica93.com.br\/home\/famosos-reagem-a-saida-de-rodrigo-faro-da-record\/#breadcrumb","itemListElement":[{"@type":"ListItem","position":1,"name":"In\u00edcio","item":"https:\/\/transamerica93.com.br\/home\/"},{"@type":"ListItem","position":2,"name":"Famosos reagem \u00e0 sa\u00edda de Rodrigo Faro da Record"}]},{"@type":"WebSite","@id":"https:\/\/transamerica93.com.br\/home\/#website","url":"https:\/\/transamerica93.com.br\/home\/","name":"Transam\u00e9rica Mococa 93,3","description":"","publisher":{"@id":"https:\/\/transamerica93.com.br\/home\/#organization"},"potentialAction":[{"@type":"SearchAction","target":{"@type":"EntryPoint","urlTemplate":"https:\/\/transamerica93.com.br\/home\/?s={search_term_string}"},"query-input":{"@type":"PropertyValueSpecification","valueRequired":true,"valueName":"search_term_string"}}],"inLanguage":"pt-BR"},{"@type":"Organization","@id":"https:\/\/transamerica93.com.br\/home\/#organization","name":"Transam\u00e9rica Mococa 93,3","url":"https:\/\/transamerica93.com.br\/home\/","logo":{"@type":"ImageObject","inLanguage":"pt-BR","@id":"https:\/\/transamerica93.com.br\/home\/#\/schema\/logo\/image\/","url":"https:\/\/transamerica93.com.br\/home\/wp-content\/uploads\/2023\/10\/logo2.png","contentUrl":"https:\/\/transamerica93.com.br\/home\/wp-content\/uploads\/2023\/10\/logo2.png","width":800,"height":500,"caption":"Transam\u00e9rica Mococa 93,3"},"image":{"@id":"https:\/\/transamerica93.com.br\/home\/#\/schema\/logo\/image\/"},"sameAs":["https:\/\/www.facebook.com\/transamericamococa","https:\/\/x.com\/transamerica933","https:\/\/www.instagram.com\/transamericamococa"]},{"@type":"Person","@id":"https:\/\/transamerica93.com.br\/home\/#\/schema\/person\/7fed7c99c0d4562efa8561bc0f543172","name":"Reda\u00e7\u00e3o","image":{"@type":"ImageObject","inLanguage":"pt-BR","@id":"https:\/\/secure.gravatar.com\/avatar\/1072c6b775fb02ef8506ce967551d95926669a6b7d2c2147b42eea4d7c68395e?s=96&d=mm&r=g","url":"https:\/\/secure.gravatar.com\/avatar\/1072c6b775fb02ef8506ce967551d95926669a6b7d2c2147b42eea4d7c68395e?s=96&d=mm&r=g","contentUrl":"https:\/\/secure.gravatar.com\/avatar\/1072c6b775fb02ef8506ce967551d95926669a6b7d2c2147b42eea4d7c68395e?s=96&d=mm&r=g","caption":"Reda\u00e7\u00e3o"},"sameAs":["https:\/\/transamerica93.com.br\/home"],"url":"https:\/\/transamerica93.com.br\/home\/author\/william\/"}]}},"_links":{"self":[{"href":"https:\/\/transamerica93.com.br\/home\/wp-json\/wp\/v2\/posts\/4289","targetHints":{"allow":["GET"]}}],"collection":[{"href":"https:\/\/transamerica93.com.br\/home\/wp-json\/wp\/v2\/posts"}],"about":[{"href":"https:\/\/transamerica93.com.br\/home\/wp-json\/wp\/v2\/types\/post"}],"author":[{"embeddable":true,"href":"https:\/\/transamerica93.com.br\/home\/wp-json\/wp\/v2\/users\/1"}],"replies":[{"embeddable":true,"href":"https:\/\/transamerica93.com.br\/home\/wp-json\/wp\/v2\/comments?post=4289"}],"version-history":[{"count":1,"href":"https:\/\/transamerica93.com.br\/home\/wp-json\/wp\/v2\/posts\/4289\/revisions"}],"predecessor-version":[{"id":4291,"href":"https:\/\/transamerica93.com.br\/home\/wp-json\/wp\/v2\/posts\/4289\/revisions\/4291"}],"wp:featuredmedia":[{"embeddable":true,"href":"https:\/\/transamerica93.com.br\/home\/wp-json\/wp\/v2\/media\/4290"}],"wp:attachment":[{"href":"https:\/\/transamerica93.com.br\/home\/wp-json\/wp\/v2\/media?parent=4289"}],"wp:term":[{"taxonomy":"category","embeddable":true,"href":"https:\/\/transamerica93.com.br\/home\/wp-json\/wp\/v2\/categories?post=4289"},{"taxonomy":"post_tag","embeddable":true,"href":"https:\/\/transamerica93.com.br\/home\/wp-json\/wp\/v2\/tags?post=4289"}],"curies":[{"name":"wp","href":"https:\/\/api.w.org\/{rel}","templated":true}]}}