{"id":4306,"date":"2024-12-17T09:00:43","date_gmt":"2024-12-17T12:00:43","guid":{"rendered":"https:\/\/transamerica93.com.br\/home\/?p=4306"},"modified":"2024-12-15T12:48:34","modified_gmt":"2024-12-15T15:48:34","slug":"curso-ensina-letramento-racial-a-trabalhadores-do-sus","status":"publish","type":"post","link":"https:\/\/transamerica93.com.br\/home\/curso-ensina-letramento-racial-a-trabalhadores-do-sus\/","title":{"rendered":"Curso ensina letramento racial a trabalhadores do SUS"},"content":{"rendered":"<div class=\"conteudo-noticia\">\n<p>No contexto das comemora\u00e7\u00f5es ao Dia da Consci\u00eancia Negra,\u00a0<a href=\"https:\/\/agenciabrasil.ebc.com.br\/geral\/noticia\/2024-10\/hoje-e-dia-pela-1a-vez-20-de-novembro-sera-feriado-nacional\" target=\"_blank\" rel=\"noopener\">celebrado pela primeira vez como feriado nacional neste ano<\/a>, a Escola Polit\u00e9cnica em Sa\u00fade Joaquim Ven\u00e2ncio, da Funda\u00e7\u00e3o Oswaldo Cruz (Fiocruz), e o Campus Virtual Fiocruz lan\u00e7aram o curso online gratuito\u00a0<a href=\"https:\/\/campusvirtual.fiocruz.br\/gestordecursos\/hotsite\/letramentoracialsus\/inscreva-se\/10482\" target=\"_blank\" rel=\"noopener\">Letramento racial para trabalhadores do SUS<\/a>. A forma\u00e7\u00e3o, com foco em trabalhadores do Sistema \u00danico de Sa\u00fade (SUS), busca conscientizar sobre a necessidade de desconstruir pr\u00e1ticas racistas e promover a diversidade e a equidade no campo da sa\u00fade.\u00a0<img decoding=\"async\" data-src=\"https:\/\/agenciabrasil.ebc.com.br\/ebc.png?id=1623549&amp;o=node\" src=\"data:image\/svg+xml;base64,PHN2ZyB3aWR0aD0iMSIgaGVpZ2h0PSIxIiB4bWxucz0iaHR0cDovL3d3dy53My5vcmcvMjAwMC9zdmciPjwvc3ZnPg==\" class=\"lazyload\" \/><img decoding=\"async\" data-src=\"https:\/\/agenciabrasil.ebc.com.br\/ebc.gif?id=1623549&amp;o=node\" src=\"data:image\/svg+xml;base64,PHN2ZyB3aWR0aD0iMSIgaGVpZ2h0PSIxIiB4bWxucz0iaHR0cDovL3d3dy53My5vcmcvMjAwMC9zdmciPjwvc3ZnPg==\" class=\"lazyload\" \/><\/p>\n<p>Coordenado pelas professoras Regimarina Reis e Let\u00edcia Batista, da escola polit\u00e9cnica, a iniciativa \u00e9 fruto de uma parceria entre a institui\u00e7\u00e3o e as universidades federais da Bahia (UFBA), do Maranh\u00e3o (UFMA), do Rio de Janeiro (UFRJ) e Fluminense (UFF), com apoio do Minist\u00e9rio da Educa\u00e7\u00e3o (MEC).<\/p>\n<p>Durante a capacita\u00e7\u00e3o, ser\u00e3o abordados temas como as rela\u00e7\u00f5es entre o racismo e a sa\u00fade como direito no Brasil e a pr\u00e1tica antirracista como princ\u00edpio do trabalho em sa\u00fade. O objetivo \u00e9 reconhecer e questionar estere\u00f3tipos, preconceitos, discrimina\u00e7\u00f5es e injusti\u00e7as raciais.<\/p>\n<h2>Forma\u00e7\u00e3o<\/h2>\n<p>A professora Regimarina Reis disse que o curso \u00e9 resultado de um conjunto de pesquisas desenvolvidas e coordenadas em parceria com a professora Let\u00edcia Batista, da UFF, e com o professor da Universidade Federal da Bahia Marcos Ara\u00fajo.<\/p>\n<p>\u201cDesenvolvemos o curso partindo da evid\u00eancia inquestion\u00e1vel de que a popula\u00e7\u00e3o negra \u00e9 desproporcionalmente afetada pelas desigualdades sociais no Brasil\u201d, explicou.<\/p>\n<p>Coordenadora adjunta do curso, Let\u00edcia Batista destaca que \u201co racismo \u00e9 uma produ\u00e7\u00e3o social e sua a\u00e7\u00e3o impacta tamb\u00e9m o SUS, reproduzindo iniquidades em sa\u00fade\u201d. A pesquisadora refor\u00e7a que a capacita\u00e7\u00e3o n\u00e3o busca apenas reconhecer o racismo, mas fortalecer a produ\u00e7\u00e3o de a\u00e7\u00f5es antirracistas no \u00e2mbito das pol\u00edticas voltadas para a sa\u00fade.<\/p>\n<p>A forma\u00e7\u00e3o \u00e9 a primeira desenvolvida no \u00e2mbito do edital Inova Educa\u00e7\u00e3o &#8211; Recursos Educacionais Abertos, iniciativa da Fiocruz. O curso \u00e9 aberto para todos os interessados pelo tema e pode ser adaptado e utilizado em outros materiais.<\/p>\n<p>\u201c\u00c9 nesse sentido que entendemos a import\u00e2ncia do curso, como processo formativo introdut\u00f3rio, com abrang\u00eancia nacional, que afirma e difunde o lugar da quest\u00e3o racial para compreender as rela\u00e7\u00f5es sociais e os processos de sa\u00fade e adoecimento no pa\u00eds. O racismo \u00e9 um obst\u00e1culo central para a realiza\u00e7\u00e3o da sa\u00fade como direito no Brasil, devendo ser enfrentado\u201d, resume Reis.<\/p>\n<p>\u201cCom racismo n\u00e3o h\u00e1 sa\u00fade, com racismo os princ\u00edpios do SUS s\u00e3o irrealiz\u00e1veis em sua plenitude. A expectativa \u00e9 que mais iniciativas formativas e de pr\u00e1ticas antirracistas possam ser realizadas ao n\u00edvel nacional e local\u201d.<\/p>\n<h2>Letramento racial<\/h2>\n<p>No Brasil,\u00a0<a href=\"https:\/\/agenciabrasil.ebc.com.br\/geral\/noticia\/2023-12\/maior-presenca-de-negros-no-pais-reflete-reconhecimento-racial\" target=\"_blank\" rel=\"noopener\">55,5% da popula\u00e7\u00e3o nacional se identifica como negra<\/a>\u00a0sendo 45,3% (92,1 milh\u00f5es) autodeclarada parda e 10,2% (20,7 milh\u00f5es) preta. Os dados s\u00e3o do Censo Demogr\u00e1fico 2022, realizado pelo Instituto Brasileiro de Geografia e Estat\u00edstica (IBGE). Mesmo representando a maioria da popula\u00e7\u00e3o, pessoas negras ainda t\u00eam menos acesso aos servi\u00e7os de sa\u00fade no pa\u00eds, principalmente em compara\u00e7\u00e3o \u00e0s pessoas brancas.<\/p>\n<p>Apenas 74,8% das pessoas pretas e 73,3% das pessoas pardas consultaram um m\u00e9dico nos 12 meses anteriores \u00e0 divulga\u00e7\u00e3o da\u00a0<a href=\"https:\/\/biblioteca.ibge.gov.br\/visualizacao\/livros\/liv101748.pdf\" target=\"_blank\" rel=\"noopener\">Pesquisa Nacional de Sa\u00fade 2019<\/a>, tamb\u00e9m realizada pelo IBGE, em conv\u00eanio com o Minist\u00e9rio da Sa\u00fade. Entre pessoas brancas, essa propor\u00e7\u00e3o passa para 79,4%.<\/p>\n<p>\u201cFato \u00e9 que negras e negros no pa\u00eds vivem em piores moradias, tem menos acesso \u00e0 educa\u00e7\u00e3o, apresentam piores condi\u00e7\u00f5es de sa\u00fade, recebem os menores sal\u00e1rios, ocupam menos as posi\u00e7\u00f5es de poder, s\u00e3o mais encarcerados, entre outros indicadores sociais que evidenciam a sub-representa\u00e7\u00e3o negra, em rela\u00e7\u00e3o \u00e0 popula\u00e7\u00e3o branca. Isso reflete o processo de forma\u00e7\u00e3o da sociedade brasileira, que \u00e9 fortemente ancorado em hierarquias raciais e tem o racismo estrutural como tecnologia de poder\u201d, reflete Reis.<\/p>\n<p>Para a coordenadora, a sociedade brasileira \u00e9 constru\u00edda com base no racismo estrutural, que organiza e orienta o cotidiano de pessoas negras e brancas. \u00c0 reportagem, ela ressalta que essa forma de discrimina\u00e7\u00e3o est\u00e1 presente n\u00e3o apenas nas rela\u00e7\u00f5es interpessoais, mas tamb\u00e9m nas institui\u00e7\u00f5es p\u00fablicas, incluindo o SUS.<\/p>\n<p>\u201cO racismo presente na sociedade \u00e9 tamb\u00e9m produzido e reproduzido nas organiza\u00e7\u00f5es de sa\u00fade, no trabalho em sa\u00fade e na forma\u00e7\u00e3o dos trabalhadores da sa\u00fade\u201d.<\/p>\n<p>Reis ainda aponta para a neglig\u00eancia de debates sobre o tema ao longo da forma\u00e7\u00e3o dos trabalhadores da \u00e1rea da sa\u00fade. \u201cO racismo \u00e9 promotor de adoecimento individual e coletivo, apesar disso, as quest\u00f5es raciais n\u00e3o s\u00e3o abordadas na forma\u00e7\u00e3o dos trabalhadores da sa\u00fade, e nem nos processos de trabalho. H\u00e1 uma interdi\u00e7\u00e3o dessa discuss\u00e3o em todas as categorias profissionais e n\u00edveis formativos em sa\u00fade\u201d.<\/p>\n<p>At\u00e9 o momento, a forma\u00e7\u00e3o conta com cerca de 7 mil inscritos, de todas as 27 unidades da Federa\u00e7\u00e3o.<\/p>\n<p><em>* Estagi\u00e1ria sob supervis\u00e3o de Vin\u00edcius Lisboa<\/em><\/p>\n<div class=\"noticias-relacionadas rel-position rowflex\">\n<div class=\"titulo-noticia-relacionada\">Edi\u00e7\u00e3o: Fernando Fraga<\/div>\n<\/div>\n<\/div>\n","protected":false},"excerpt":{"rendered":"<p>No contexto das comemora\u00e7\u00f5es ao Dia da Consci\u00eancia Negra,\u00a0celebrado pela primeira vez como feriado nacional neste ano, a Escola Polit\u00e9cnica em Sa\u00fade Joaquim Ven\u00e2ncio, da Funda\u00e7\u00e3o Oswaldo Cruz (Fiocruz), e o Campus Virtual Fiocruz lan\u00e7aram o curso online gratuito\u00a0Letramento racial para trabalhadores do SUS. A forma\u00e7\u00e3o, com foco em trabalhadores do Sistema \u00danico de Sa\u00fade &hellip;<\/p>\n","protected":false},"author":1,"featured_media":4295,"comment_status":"closed","ping_status":"closed","sticky":false,"template":"","format":"standard","meta":{"footnotes":""},"categories":[30],"tags":[],"class_list":["post-4306","post","type-post","status-publish","format-standard","has-post-thumbnail","hentry","category-geral"],"yoast_head":"<!-- This site is optimized with the Yoast SEO plugin v27.4 - https:\/\/yoast.com\/product\/yoast-seo-wordpress\/ -->\n<title>Curso ensina letramento racial a trabalhadores do SUS - Transam\u00e9rica Mococa 93,3<\/title>\n<meta name=\"robots\" content=\"index, follow, max-snippet:-1, max-image-preview:large, max-video-preview:-1\" \/>\n<link rel=\"canonical\" href=\"https:\/\/transamerica93.com.br\/home\/curso-ensina-letramento-racial-a-trabalhadores-do-sus\/\" \/>\n<meta property=\"og:locale\" content=\"pt_BR\" \/>\n<meta property=\"og:type\" content=\"article\" \/>\n<meta property=\"og:title\" content=\"Curso ensina letramento racial a trabalhadores do SUS - Transam\u00e9rica Mococa 93,3\" \/>\n<meta property=\"og:description\" content=\"No contexto das comemora\u00e7\u00f5es ao Dia da Consci\u00eancia Negra,\u00a0celebrado pela primeira vez como feriado nacional neste ano, a Escola Polit\u00e9cnica em Sa\u00fade Joaquim Ven\u00e2ncio, da Funda\u00e7\u00e3o Oswaldo Cruz (Fiocruz), e o Campus Virtual Fiocruz lan\u00e7aram o curso online gratuito\u00a0Letramento racial para trabalhadores do SUS. A forma\u00e7\u00e3o, com foco em trabalhadores do Sistema \u00danico de Sa\u00fade &hellip;\" \/>\n<meta property=\"og:url\" content=\"https:\/\/transamerica93.com.br\/home\/curso-ensina-letramento-racial-a-trabalhadores-do-sus\/\" \/>\n<meta property=\"og:site_name\" content=\"Transam\u00e9rica Mococa 93,3\" \/>\n<meta property=\"article:publisher\" content=\"https:\/\/www.facebook.com\/transamericamococa\" \/>\n<meta property=\"article:published_time\" content=\"2024-12-17T12:00:43+00:00\" \/>\n<meta property=\"og:image\" content=\"https:\/\/transamerica93.com.br\/home\/wp-content\/uploads\/2024\/12\/2-2.jpg\" \/>\n\t<meta property=\"og:image:width\" content=\"1170\" \/>\n\t<meta property=\"og:image:height\" content=\"700\" \/>\n\t<meta property=\"og:image:type\" content=\"image\/jpeg\" \/>\n<meta name=\"author\" content=\"Reda\u00e7\u00e3o\" \/>\n<meta name=\"twitter:card\" content=\"summary_large_image\" \/>\n<meta name=\"twitter:creator\" content=\"@transamerica933\" \/>\n<meta name=\"twitter:site\" content=\"@transamerica933\" \/>\n<meta name=\"twitter:label1\" content=\"Escrito por\" \/>\n\t<meta name=\"twitter:data1\" content=\"Reda\u00e7\u00e3o\" \/>\n\t<meta name=\"twitter:label2\" content=\"Est. tempo de leitura\" \/>\n\t<meta name=\"twitter:data2\" content=\"5 minutos\" \/>\n<script type=\"application\/ld+json\" class=\"yoast-schema-graph\">{\"@context\":\"https:\\\/\\\/schema.org\",\"@graph\":[{\"@type\":\"Article\",\"@id\":\"https:\\\/\\\/transamerica93.com.br\\\/home\\\/curso-ensina-letramento-racial-a-trabalhadores-do-sus\\\/#article\",\"isPartOf\":{\"@id\":\"https:\\\/\\\/transamerica93.com.br\\\/home\\\/curso-ensina-letramento-racial-a-trabalhadores-do-sus\\\/\"},\"author\":{\"name\":\"Reda\u00e7\u00e3o\",\"@id\":\"https:\\\/\\\/transamerica93.com.br\\\/home\\\/#\\\/schema\\\/person\\\/7fed7c99c0d4562efa8561bc0f543172\"},\"headline\":\"Curso ensina letramento racial a trabalhadores do SUS\",\"datePublished\":\"2024-12-17T12:00:43+00:00\",\"mainEntityOfPage\":{\"@id\":\"https:\\\/\\\/transamerica93.com.br\\\/home\\\/curso-ensina-letramento-racial-a-trabalhadores-do-sus\\\/\"},\"wordCount\":860,\"publisher\":{\"@id\":\"https:\\\/\\\/transamerica93.com.br\\\/home\\\/#organization\"},\"image\":{\"@id\":\"https:\\\/\\\/transamerica93.com.br\\\/home\\\/curso-ensina-letramento-racial-a-trabalhadores-do-sus\\\/#primaryimage\"},\"thumbnailUrl\":\"https:\\\/\\\/transamerica93.com.br\\\/home\\\/wp-content\\\/uploads\\\/2024\\\/12\\\/2-2.jpg\",\"articleSection\":[\"Geral\"],\"inLanguage\":\"pt-BR\"},{\"@type\":\"WebPage\",\"@id\":\"https:\\\/\\\/transamerica93.com.br\\\/home\\\/curso-ensina-letramento-racial-a-trabalhadores-do-sus\\\/\",\"url\":\"https:\\\/\\\/transamerica93.com.br\\\/home\\\/curso-ensina-letramento-racial-a-trabalhadores-do-sus\\\/\",\"name\":\"Curso ensina letramento racial a trabalhadores do SUS - Transam\u00e9rica Mococa 93,3\",\"isPartOf\":{\"@id\":\"https:\\\/\\\/transamerica93.com.br\\\/home\\\/#website\"},\"primaryImageOfPage\":{\"@id\":\"https:\\\/\\\/transamerica93.com.br\\\/home\\\/curso-ensina-letramento-racial-a-trabalhadores-do-sus\\\/#primaryimage\"},\"image\":{\"@id\":\"https:\\\/\\\/transamerica93.com.br\\\/home\\\/curso-ensina-letramento-racial-a-trabalhadores-do-sus\\\/#primaryimage\"},\"thumbnailUrl\":\"https:\\\/\\\/transamerica93.com.br\\\/home\\\/wp-content\\\/uploads\\\/2024\\\/12\\\/2-2.jpg\",\"datePublished\":\"2024-12-17T12:00:43+00:00\",\"breadcrumb\":{\"@id\":\"https:\\\/\\\/transamerica93.com.br\\\/home\\\/curso-ensina-letramento-racial-a-trabalhadores-do-sus\\\/#breadcrumb\"},\"inLanguage\":\"pt-BR\",\"potentialAction\":[{\"@type\":\"ReadAction\",\"target\":[\"https:\\\/\\\/transamerica93.com.br\\\/home\\\/curso-ensina-letramento-racial-a-trabalhadores-do-sus\\\/\"]}]},{\"@type\":\"ImageObject\",\"inLanguage\":\"pt-BR\",\"@id\":\"https:\\\/\\\/transamerica93.com.br\\\/home\\\/curso-ensina-letramento-racial-a-trabalhadores-do-sus\\\/#primaryimage\",\"url\":\"https:\\\/\\\/transamerica93.com.br\\\/home\\\/wp-content\\\/uploads\\\/2024\\\/12\\\/2-2.jpg\",\"contentUrl\":\"https:\\\/\\\/transamerica93.com.br\\\/home\\\/wp-content\\\/uploads\\\/2024\\\/12\\\/2-2.jpg\",\"width\":1170,\"height\":700,\"caption\":\"\u00a9 Marcello Casal Jr.\\\/Ag\u00eancia Brasil\"},{\"@type\":\"BreadcrumbList\",\"@id\":\"https:\\\/\\\/transamerica93.com.br\\\/home\\\/curso-ensina-letramento-racial-a-trabalhadores-do-sus\\\/#breadcrumb\",\"itemListElement\":[{\"@type\":\"ListItem\",\"position\":1,\"name\":\"In\u00edcio\",\"item\":\"https:\\\/\\\/transamerica93.com.br\\\/home\\\/\"},{\"@type\":\"ListItem\",\"position\":2,\"name\":\"Curso ensina letramento racial a trabalhadores do SUS\"}]},{\"@type\":\"WebSite\",\"@id\":\"https:\\\/\\\/transamerica93.com.br\\\/home\\\/#website\",\"url\":\"https:\\\/\\\/transamerica93.com.br\\\/home\\\/\",\"name\":\"Transam\u00e9rica Mococa 93,3\",\"description\":\"\",\"publisher\":{\"@id\":\"https:\\\/\\\/transamerica93.com.br\\\/home\\\/#organization\"},\"potentialAction\":[{\"@type\":\"SearchAction\",\"target\":{\"@type\":\"EntryPoint\",\"urlTemplate\":\"https:\\\/\\\/transamerica93.com.br\\\/home\\\/?s={search_term_string}\"},\"query-input\":{\"@type\":\"PropertyValueSpecification\",\"valueRequired\":true,\"valueName\":\"search_term_string\"}}],\"inLanguage\":\"pt-BR\"},{\"@type\":\"Organization\",\"@id\":\"https:\\\/\\\/transamerica93.com.br\\\/home\\\/#organization\",\"name\":\"Transam\u00e9rica Mococa 93,3\",\"url\":\"https:\\\/\\\/transamerica93.com.br\\\/home\\\/\",\"logo\":{\"@type\":\"ImageObject\",\"inLanguage\":\"pt-BR\",\"@id\":\"https:\\\/\\\/transamerica93.com.br\\\/home\\\/#\\\/schema\\\/logo\\\/image\\\/\",\"url\":\"https:\\\/\\\/transamerica93.com.br\\\/home\\\/wp-content\\\/uploads\\\/2023\\\/10\\\/logo2.png\",\"contentUrl\":\"https:\\\/\\\/transamerica93.com.br\\\/home\\\/wp-content\\\/uploads\\\/2023\\\/10\\\/logo2.png\",\"width\":800,\"height\":500,\"caption\":\"Transam\u00e9rica Mococa 93,3\"},\"image\":{\"@id\":\"https:\\\/\\\/transamerica93.com.br\\\/home\\\/#\\\/schema\\\/logo\\\/image\\\/\"},\"sameAs\":[\"https:\\\/\\\/www.facebook.com\\\/transamericamococa\",\"https:\\\/\\\/x.com\\\/transamerica933\",\"https:\\\/\\\/www.instagram.com\\\/transamericamococa\"]},{\"@type\":\"Person\",\"@id\":\"https:\\\/\\\/transamerica93.com.br\\\/home\\\/#\\\/schema\\\/person\\\/7fed7c99c0d4562efa8561bc0f543172\",\"name\":\"Reda\u00e7\u00e3o\",\"image\":{\"@type\":\"ImageObject\",\"inLanguage\":\"pt-BR\",\"@id\":\"https:\\\/\\\/secure.gravatar.com\\\/avatar\\\/1072c6b775fb02ef8506ce967551d95926669a6b7d2c2147b42eea4d7c68395e?s=96&d=mm&r=g\",\"url\":\"https:\\\/\\\/secure.gravatar.com\\\/avatar\\\/1072c6b775fb02ef8506ce967551d95926669a6b7d2c2147b42eea4d7c68395e?s=96&d=mm&r=g\",\"contentUrl\":\"https:\\\/\\\/secure.gravatar.com\\\/avatar\\\/1072c6b775fb02ef8506ce967551d95926669a6b7d2c2147b42eea4d7c68395e?s=96&d=mm&r=g\",\"caption\":\"Reda\u00e7\u00e3o\"},\"sameAs\":[\"https:\\\/\\\/transamerica93.com.br\\\/home\"],\"url\":\"https:\\\/\\\/transamerica93.com.br\\\/home\\\/author\\\/william\\\/\"}]}<\/script>\n<!-- \/ Yoast SEO plugin. -->","yoast_head_json":{"title":"Curso ensina letramento racial a trabalhadores do SUS - Transam\u00e9rica Mococa 93,3","robots":{"index":"index","follow":"follow","max-snippet":"max-snippet:-1","max-image-preview":"max-image-preview:large","max-video-preview":"max-video-preview:-1"},"canonical":"https:\/\/transamerica93.com.br\/home\/curso-ensina-letramento-racial-a-trabalhadores-do-sus\/","og_locale":"pt_BR","og_type":"article","og_title":"Curso ensina letramento racial a trabalhadores do SUS - Transam\u00e9rica Mococa 93,3","og_description":"No contexto das comemora\u00e7\u00f5es ao Dia da Consci\u00eancia Negra,\u00a0celebrado pela primeira vez como feriado nacional neste ano, a Escola Polit\u00e9cnica em Sa\u00fade Joaquim Ven\u00e2ncio, da Funda\u00e7\u00e3o Oswaldo Cruz (Fiocruz), e o Campus Virtual Fiocruz lan\u00e7aram o curso online gratuito\u00a0Letramento racial para trabalhadores do SUS. A forma\u00e7\u00e3o, com foco em trabalhadores do Sistema \u00danico de Sa\u00fade &hellip;","og_url":"https:\/\/transamerica93.com.br\/home\/curso-ensina-letramento-racial-a-trabalhadores-do-sus\/","og_site_name":"Transam\u00e9rica Mococa 93,3","article_publisher":"https:\/\/www.facebook.com\/transamericamococa","article_published_time":"2024-12-17T12:00:43+00:00","og_image":[{"width":1170,"height":700,"url":"https:\/\/transamerica93.com.br\/home\/wp-content\/uploads\/2024\/12\/2-2.jpg","type":"image\/jpeg"}],"author":"Reda\u00e7\u00e3o","twitter_card":"summary_large_image","twitter_creator":"@transamerica933","twitter_site":"@transamerica933","twitter_misc":{"Escrito por":"Reda\u00e7\u00e3o","Est. tempo de leitura":"5 minutos"},"schema":{"@context":"https:\/\/schema.org","@graph":[{"@type":"Article","@id":"https:\/\/transamerica93.com.br\/home\/curso-ensina-letramento-racial-a-trabalhadores-do-sus\/#article","isPartOf":{"@id":"https:\/\/transamerica93.com.br\/home\/curso-ensina-letramento-racial-a-trabalhadores-do-sus\/"},"author":{"name":"Reda\u00e7\u00e3o","@id":"https:\/\/transamerica93.com.br\/home\/#\/schema\/person\/7fed7c99c0d4562efa8561bc0f543172"},"headline":"Curso ensina letramento racial a trabalhadores do SUS","datePublished":"2024-12-17T12:00:43+00:00","mainEntityOfPage":{"@id":"https:\/\/transamerica93.com.br\/home\/curso-ensina-letramento-racial-a-trabalhadores-do-sus\/"},"wordCount":860,"publisher":{"@id":"https:\/\/transamerica93.com.br\/home\/#organization"},"image":{"@id":"https:\/\/transamerica93.com.br\/home\/curso-ensina-letramento-racial-a-trabalhadores-do-sus\/#primaryimage"},"thumbnailUrl":"https:\/\/transamerica93.com.br\/home\/wp-content\/uploads\/2024\/12\/2-2.jpg","articleSection":["Geral"],"inLanguage":"pt-BR"},{"@type":"WebPage","@id":"https:\/\/transamerica93.com.br\/home\/curso-ensina-letramento-racial-a-trabalhadores-do-sus\/","url":"https:\/\/transamerica93.com.br\/home\/curso-ensina-letramento-racial-a-trabalhadores-do-sus\/","name":"Curso ensina letramento racial a trabalhadores do SUS - Transam\u00e9rica Mococa 93,3","isPartOf":{"@id":"https:\/\/transamerica93.com.br\/home\/#website"},"primaryImageOfPage":{"@id":"https:\/\/transamerica93.com.br\/home\/curso-ensina-letramento-racial-a-trabalhadores-do-sus\/#primaryimage"},"image":{"@id":"https:\/\/transamerica93.com.br\/home\/curso-ensina-letramento-racial-a-trabalhadores-do-sus\/#primaryimage"},"thumbnailUrl":"https:\/\/transamerica93.com.br\/home\/wp-content\/uploads\/2024\/12\/2-2.jpg","datePublished":"2024-12-17T12:00:43+00:00","breadcrumb":{"@id":"https:\/\/transamerica93.com.br\/home\/curso-ensina-letramento-racial-a-trabalhadores-do-sus\/#breadcrumb"},"inLanguage":"pt-BR","potentialAction":[{"@type":"ReadAction","target":["https:\/\/transamerica93.com.br\/home\/curso-ensina-letramento-racial-a-trabalhadores-do-sus\/"]}]},{"@type":"ImageObject","inLanguage":"pt-BR","@id":"https:\/\/transamerica93.com.br\/home\/curso-ensina-letramento-racial-a-trabalhadores-do-sus\/#primaryimage","url":"https:\/\/transamerica93.com.br\/home\/wp-content\/uploads\/2024\/12\/2-2.jpg","contentUrl":"https:\/\/transamerica93.com.br\/home\/wp-content\/uploads\/2024\/12\/2-2.jpg","width":1170,"height":700,"caption":"\u00a9 Marcello Casal Jr.\/Ag\u00eancia Brasil"},{"@type":"BreadcrumbList","@id":"https:\/\/transamerica93.com.br\/home\/curso-ensina-letramento-racial-a-trabalhadores-do-sus\/#breadcrumb","itemListElement":[{"@type":"ListItem","position":1,"name":"In\u00edcio","item":"https:\/\/transamerica93.com.br\/home\/"},{"@type":"ListItem","position":2,"name":"Curso ensina letramento racial a trabalhadores do SUS"}]},{"@type":"WebSite","@id":"https:\/\/transamerica93.com.br\/home\/#website","url":"https:\/\/transamerica93.com.br\/home\/","name":"Transam\u00e9rica Mococa 93,3","description":"","publisher":{"@id":"https:\/\/transamerica93.com.br\/home\/#organization"},"potentialAction":[{"@type":"SearchAction","target":{"@type":"EntryPoint","urlTemplate":"https:\/\/transamerica93.com.br\/home\/?s={search_term_string}"},"query-input":{"@type":"PropertyValueSpecification","valueRequired":true,"valueName":"search_term_string"}}],"inLanguage":"pt-BR"},{"@type":"Organization","@id":"https:\/\/transamerica93.com.br\/home\/#organization","name":"Transam\u00e9rica Mococa 93,3","url":"https:\/\/transamerica93.com.br\/home\/","logo":{"@type":"ImageObject","inLanguage":"pt-BR","@id":"https:\/\/transamerica93.com.br\/home\/#\/schema\/logo\/image\/","url":"https:\/\/transamerica93.com.br\/home\/wp-content\/uploads\/2023\/10\/logo2.png","contentUrl":"https:\/\/transamerica93.com.br\/home\/wp-content\/uploads\/2023\/10\/logo2.png","width":800,"height":500,"caption":"Transam\u00e9rica Mococa 93,3"},"image":{"@id":"https:\/\/transamerica93.com.br\/home\/#\/schema\/logo\/image\/"},"sameAs":["https:\/\/www.facebook.com\/transamericamococa","https:\/\/x.com\/transamerica933","https:\/\/www.instagram.com\/transamericamococa"]},{"@type":"Person","@id":"https:\/\/transamerica93.com.br\/home\/#\/schema\/person\/7fed7c99c0d4562efa8561bc0f543172","name":"Reda\u00e7\u00e3o","image":{"@type":"ImageObject","inLanguage":"pt-BR","@id":"https:\/\/secure.gravatar.com\/avatar\/1072c6b775fb02ef8506ce967551d95926669a6b7d2c2147b42eea4d7c68395e?s=96&d=mm&r=g","url":"https:\/\/secure.gravatar.com\/avatar\/1072c6b775fb02ef8506ce967551d95926669a6b7d2c2147b42eea4d7c68395e?s=96&d=mm&r=g","contentUrl":"https:\/\/secure.gravatar.com\/avatar\/1072c6b775fb02ef8506ce967551d95926669a6b7d2c2147b42eea4d7c68395e?s=96&d=mm&r=g","caption":"Reda\u00e7\u00e3o"},"sameAs":["https:\/\/transamerica93.com.br\/home"],"url":"https:\/\/transamerica93.com.br\/home\/author\/william\/"}]}},"_links":{"self":[{"href":"https:\/\/transamerica93.com.br\/home\/wp-json\/wp\/v2\/posts\/4306","targetHints":{"allow":["GET"]}}],"collection":[{"href":"https:\/\/transamerica93.com.br\/home\/wp-json\/wp\/v2\/posts"}],"about":[{"href":"https:\/\/transamerica93.com.br\/home\/wp-json\/wp\/v2\/types\/post"}],"author":[{"embeddable":true,"href":"https:\/\/transamerica93.com.br\/home\/wp-json\/wp\/v2\/users\/1"}],"replies":[{"embeddable":true,"href":"https:\/\/transamerica93.com.br\/home\/wp-json\/wp\/v2\/comments?post=4306"}],"version-history":[{"count":1,"href":"https:\/\/transamerica93.com.br\/home\/wp-json\/wp\/v2\/posts\/4306\/revisions"}],"predecessor-version":[{"id":4307,"href":"https:\/\/transamerica93.com.br\/home\/wp-json\/wp\/v2\/posts\/4306\/revisions\/4307"}],"wp:featuredmedia":[{"embeddable":true,"href":"https:\/\/transamerica93.com.br\/home\/wp-json\/wp\/v2\/media\/4295"}],"wp:attachment":[{"href":"https:\/\/transamerica93.com.br\/home\/wp-json\/wp\/v2\/media?parent=4306"}],"wp:term":[{"taxonomy":"category","embeddable":true,"href":"https:\/\/transamerica93.com.br\/home\/wp-json\/wp\/v2\/categories?post=4306"},{"taxonomy":"post_tag","embeddable":true,"href":"https:\/\/transamerica93.com.br\/home\/wp-json\/wp\/v2\/tags?post=4306"}],"curies":[{"name":"wp","href":"https:\/\/api.w.org\/{rel}","templated":true}]}}