{"id":4320,"date":"2024-12-19T12:00:56","date_gmt":"2024-12-19T15:00:56","guid":{"rendered":"https:\/\/transamerica93.com.br\/home\/?p=4320"},"modified":"2024-12-15T12:56:47","modified_gmt":"2024-12-15T15:56:47","slug":"bia-souza-e-indicada-por-federacao-de-judo-a-premio-de-melhor-do-mundo","status":"publish","type":"post","link":"https:\/\/transamerica93.com.br\/home\/bia-souza-e-indicada-por-federacao-de-judo-a-premio-de-melhor-do-mundo\/","title":{"rendered":"Bia Souza \u00e9 indicada por Federa\u00e7\u00e3o de Jud\u00f4 a pr\u00eamio de melhor do mundo"},"content":{"rendered":"<div class=\"conteudo-noticia\">\n<p>\u00danica brasileira a conquistar ouro no jud\u00f4 na Olimp\u00edada de Paris, a atleta Beatriz Souza foi indicada ao pr\u00eamio de melhor judoca mulher do mundo em 2024, promovido pela Federa\u00e7\u00e3o Internacional de Jud\u00f4 (IJF, na sigla em ingl\u00eas).<a href=\"https:\/\/judotv.com\/awards#female-judoka-of-the-year\"><strong>\u00a0A vota\u00e7\u00e3o, aberta ao p\u00fablico\u00a0<\/strong><\/a>no site da IJF, j\u00e1 come\u00e7ou e vai at\u00e9 10 de janeiro do ano que vem. Campe\u00e3 ol\u00edmpica em sua primeira participa\u00e7\u00e3o em Jogos, Bia \u00e9 a \u00fanica representante do pa\u00eds na lista que inclui outras seis medalhistas de ouro em Paris: Natsumi Tsunoda (Jap\u00e3o), Diyora Keldiyorova (Uzbequist\u00e3o), Christa Deguchi (Canad\u00e1), a Andreja Leski (Eslov\u00eania), Barbara Matic (Cro\u00e1cia) e Alice Bellandi (It\u00e1lia).<img decoding=\"async\" data-src=\"https:\/\/agenciabrasil.ebc.com.br\/ebc.png?id=1623336&amp;o=node\" src=\"data:image\/svg+xml;base64,PHN2ZyB3aWR0aD0iMSIgaGVpZ2h0PSIxIiB4bWxucz0iaHR0cDovL3d3dy53My5vcmcvMjAwMC9zdmciPjwvc3ZnPg==\" class=\"lazyload\" \/><img decoding=\"async\" data-src=\"https:\/\/agenciabrasil.ebc.com.br\/ebc.gif?id=1623336&amp;o=node\" src=\"data:image\/svg+xml;base64,PHN2ZyB3aWR0aD0iMSIgaGVpZ2h0PSIxIiB4bWxucz0iaHR0cDovL3d3dy53My5vcmcvMjAwMC9zdmciPjwvc3ZnPg==\" class=\"lazyload\" \/><\/p>\n<div class=\"twitter-tweet twitter-tweet-rendered\"><iframe id=\"twitter-widget-0\" title=\"X Post\" data-src=\"https:\/\/platform.twitter.com\/embed\/Tweet.html?creatorScreenName=agenciabrasil&amp;dnt=false&amp;embedId=twitter-widget-0&amp;features=eyJ0ZndfdGltZWxpbmVfbGlzdCI6eyJidWNrZXQiOltdLCJ2ZXJzaW9uIjpudWxsfSwidGZ3X2ZvbGxvd2VyX2NvdW50X3N1bnNldCI6eyJidWNrZXQiOnRydWUsInZlcnNpb24iOm51bGx9LCJ0ZndfdHdlZXRfZWRpdF9iYWNrZW5kIjp7ImJ1Y2tldCI6Im9uIiwidmVyc2lvbiI6bnVsbH0sInRmd19yZWZzcmNfc2Vzc2lvbiI6eyJidWNrZXQiOiJvbiIsInZlcnNpb24iOm51bGx9LCJ0ZndfZm9zbnJfc29mdF9pbnRlcnZlbnRpb25zX2VuYWJsZWQiOnsiYnVja2V0Ijoib24iLCJ2ZXJzaW9uIjpudWxsfSwidGZ3X21peGVkX21lZGlhXzE1ODk3Ijp7ImJ1Y2tldCI6InRyZWF0bWVudCIsInZlcnNpb24iOm51bGx9LCJ0ZndfZXhwZXJpbWVudHNfY29va2llX2V4cGlyYXRpb24iOnsiYnVja2V0IjoxMjA5NjAwLCJ2ZXJzaW9uIjpudWxsfSwidGZ3X3Nob3dfYmlyZHdhdGNoX3Bpdm90c19lbmFibGVkIjp7ImJ1Y2tldCI6Im9uIiwidmVyc2lvbiI6bnVsbH0sInRmd19kdXBsaWNhdGVfc2NyaWJlc190b19zZXR0aW5ncyI6eyJidWNrZXQiOiJvbiIsInZlcnNpb24iOm51bGx9LCJ0ZndfdXNlX3Byb2ZpbGVfaW1hZ2Vfc2hhcGVfZW5hYmxlZCI6eyJidWNrZXQiOiJvbiIsInZlcnNpb24iOm51bGx9LCJ0ZndfdmlkZW9faGxzX2R5bmFtaWNfbWFuaWZlc3RzXzE1MDgyIjp7ImJ1Y2tldCI6InRydWVfYml0cmF0ZSIsInZlcnNpb24iOm51bGx9LCJ0ZndfbGVnYWN5X3RpbWVsaW5lX3N1bnNldCI6eyJidWNrZXQiOnRydWUsInZlcnNpb24iOm51bGx9LCJ0ZndfdHdlZXRfZWRpdF9mcm9udGVuZCI6eyJidWNrZXQiOiJvbiIsInZlcnNpb24iOm51bGx9fQ%3D%3D&amp;frame=false&amp;hideCard=false&amp;hideThread=false&amp;id=1866590468089249821&amp;lang=pt&amp;origin=https%3A%2F%2Fagenciabrasil.ebc.com.br%2Fesportes%2Fnoticia%2F2024-12%2Fbia-souza-e-indicada-por-federacao-de-judo-premio-de-melhor-do-mundo&amp;sessionId=9652b8720ecae7433e9167cd8d09c1b1e09f7b26&amp;siteScreenName=agenciabrasil&amp;theme=light&amp;widgetsVersion=2615f7e52b7e0%3A1702314776716&amp;width=550px\" frameborder=\"0\" scrolling=\"no\" allowfullscreen=\"allowfullscreen\" data-tweet-id=\"1866590468089249821\" data-mce-fragment=\"1\" src=\"data:image\/svg+xml;base64,PHN2ZyB3aWR0aD0iMSIgaGVpZ2h0PSIxIiB4bWxucz0iaHR0cDovL3d3dy53My5vcmcvMjAwMC9zdmciPjwvc3ZnPg==\" class=\"lazyload\" data-load-mode=\"1\"><\/iframe><\/div>\n<div><\/div>\n<p>Ao indicar Bia Souza a melhor do ano no pr\u00eamio IJF Judo Awards, a entidade ressaltou \u201ca t\u00e9cnica poderosa e resili\u00eancia [da atleta], fazendo dela uma das mais formid\u00e1veis estrelas do jud\u00f4, uma campe\u00e3 do povo em seu pa\u00eds natal, o Brasil\u201d. Os vencedores do IJF Awards ser\u00e3o anunciados em 2 de fevereiro, durante o Grand Slam de Paris, competi\u00e7\u00e3o que abre o calend\u00e1rio do jud\u00f4 de 2025.<\/p>\n<p>Al\u00e9m de faturar o ouro ol\u00edmpico na categoria dos 78 quilos, Bia Souza tamb\u00e9m foi bronze em Paris na disputa por equipes. Aos 26 anos, a paulista de Itariri (SP) vive um ano hist\u00f3rico: foi eleita a melhor judoca do ano no Pr\u00eamio Brasil Ol\u00edmpico e indicada \u00e0 Atleta Mulher do Ano na mesma premia\u00e7\u00e3o. Bia Souza concorre ainda nas categorias Atleta da Torcida; Pr\u00eamio Inspire; \u00a0e Influenciador do Ano. A cerim\u00f4nia de gala com entrega dos trof\u00e9us ocorre a partir das 19h (hor\u00e1rio de Bras\u00edlia) desta quarta (11), no Rio de Janeiro, \u00a0com<a href=\"https:\/\/www.youtube.com\/watch?v=ERPoQzcKC-A\"><strong>\u00a0transmiss\u00e3o ao vivo\u00a0<\/strong><\/a>no canal do Time Brasil no YouTube.<\/p>\n<p>Antes de Paris 2024,\u00a0<a href=\"https:\/\/agenciabrasil.ebc.com.br\/esportes\/noticia\/2024-03\/brasil-fatura-mais-2-ouros-e-1-bronze-no-grand-prix-de-judo-da-austria#:~:text=O%20Brasil%20fechou%20o%20%C3%BAltimo,conquistados%20neste%20domingo%20(10).\"><strong>Bia Souza\u00a0foi campe\u00e3 no Grand Prix da \u00c1ustria<\/strong><\/a>\u00a0em mar\u00e7o, e tamb\u00e9m<a href=\"https:\/\/agenciabrasil.ebc.com.br\/esportes\/noticia\/2024-04\/judo-brasil-fatura-16-podios-7-deles-de-ouro-em-pan-americano-no-rj\"><strong>\u00a0faturou ouro no m\u00eas seguinte no Campeonato Pan-Americano de jud\u00f4<\/strong><\/a>, no Rio de Janeiro. A brasileira fecha a temporada\u00a0na vice-lideran\u00e7a do ranking mundial dos 78 kg (pesos-pesados).<\/p>\n<div class=\"noticias-relacionadas rel-position rowflex\">\n<div class=\"titulo-noticia-relacionada\"><\/div>\n<\/div>\n<\/div>\n<div class=\"footer-noticia\">\n<div class=\"editor rowflex\">Edi\u00e7\u00e3o: Cl\u00e1udia Soares Rodrigues<\/div>\n<\/div>\n","protected":false},"excerpt":{"rendered":"<p>\u00danica brasileira a conquistar ouro no jud\u00f4 na Olimp\u00edada de Paris, a atleta Beatriz Souza foi indicada ao pr\u00eamio de melhor judoca mulher do mundo em 2024, promovido pela Federa\u00e7\u00e3o Internacional de Jud\u00f4 (IJF, na sigla em ingl\u00eas).\u00a0A vota\u00e7\u00e3o, aberta ao p\u00fablico\u00a0no site da IJF, j\u00e1 come\u00e7ou e vai at\u00e9 10 de janeiro do ano &hellip;<\/p>\n","protected":false},"author":1,"featured_media":4303,"comment_status":"closed","ping_status":"closed","sticky":false,"template":"","format":"standard","meta":{"footnotes":""},"categories":[31],"tags":[],"class_list":["post-4320","post","type-post","status-publish","format-standard","has-post-thumbnail","hentry","category-esportes"],"yoast_head":"<!-- This site is optimized with the Yoast SEO plugin v27.4 - https:\/\/yoast.com\/product\/yoast-seo-wordpress\/ -->\n<title>Bia Souza \u00e9 indicada por Federa\u00e7\u00e3o de Jud\u00f4 a pr\u00eamio de melhor do mundo - Transam\u00e9rica Mococa 93,3<\/title>\n<meta name=\"robots\" content=\"index, follow, max-snippet:-1, max-image-preview:large, max-video-preview:-1\" \/>\n<link rel=\"canonical\" href=\"https:\/\/transamerica93.com.br\/home\/bia-souza-e-indicada-por-federacao-de-judo-a-premio-de-melhor-do-mundo\/\" \/>\n<meta property=\"og:locale\" content=\"pt_BR\" \/>\n<meta property=\"og:type\" content=\"article\" \/>\n<meta property=\"og:title\" content=\"Bia Souza \u00e9 indicada por Federa\u00e7\u00e3o de Jud\u00f4 a pr\u00eamio de melhor do mundo - Transam\u00e9rica Mococa 93,3\" \/>\n<meta property=\"og:description\" content=\"\u00danica brasileira a conquistar ouro no jud\u00f4 na Olimp\u00edada de Paris, a atleta Beatriz Souza foi indicada ao pr\u00eamio de melhor judoca mulher do mundo em 2024, promovido pela Federa\u00e7\u00e3o Internacional de Jud\u00f4 (IJF, na sigla em ingl\u00eas).\u00a0A vota\u00e7\u00e3o, aberta ao p\u00fablico\u00a0no site da IJF, j\u00e1 come\u00e7ou e vai at\u00e9 10 de janeiro do ano &hellip;\" \/>\n<meta property=\"og:url\" content=\"https:\/\/transamerica93.com.br\/home\/bia-souza-e-indicada-por-federacao-de-judo-a-premio-de-melhor-do-mundo\/\" \/>\n<meta property=\"og:site_name\" content=\"Transam\u00e9rica Mococa 93,3\" \/>\n<meta property=\"article:publisher\" content=\"https:\/\/www.facebook.com\/transamericamococa\" \/>\n<meta property=\"article:published_time\" content=\"2024-12-19T15:00:56+00:00\" \/>\n<meta property=\"og:image\" content=\"https:\/\/transamerica93.com.br\/home\/wp-content\/uploads\/2024\/12\/10.jpg\" \/>\n\t<meta property=\"og:image:width\" content=\"1170\" \/>\n\t<meta property=\"og:image:height\" content=\"700\" \/>\n\t<meta property=\"og:image:type\" content=\"image\/jpeg\" \/>\n<meta name=\"author\" content=\"Reda\u00e7\u00e3o\" \/>\n<meta name=\"twitter:card\" content=\"summary_large_image\" \/>\n<meta name=\"twitter:creator\" content=\"@transamerica933\" \/>\n<meta name=\"twitter:site\" content=\"@transamerica933\" \/>\n<meta name=\"twitter:label1\" content=\"Escrito por\" \/>\n\t<meta name=\"twitter:data1\" content=\"Reda\u00e7\u00e3o\" \/>\n\t<meta name=\"twitter:label2\" content=\"Est. tempo de leitura\" \/>\n\t<meta name=\"twitter:data2\" content=\"3 minutos\" \/>\n<script type=\"application\/ld+json\" class=\"yoast-schema-graph\">{\"@context\":\"https:\\\/\\\/schema.org\",\"@graph\":[{\"@type\":\"Article\",\"@id\":\"https:\\\/\\\/transamerica93.com.br\\\/home\\\/bia-souza-e-indicada-por-federacao-de-judo-a-premio-de-melhor-do-mundo\\\/#article\",\"isPartOf\":{\"@id\":\"https:\\\/\\\/transamerica93.com.br\\\/home\\\/bia-souza-e-indicada-por-federacao-de-judo-a-premio-de-melhor-do-mundo\\\/\"},\"author\":{\"name\":\"Reda\u00e7\u00e3o\",\"@id\":\"https:\\\/\\\/transamerica93.com.br\\\/home\\\/#\\\/schema\\\/person\\\/7fed7c99c0d4562efa8561bc0f543172\"},\"headline\":\"Bia Souza \u00e9 indicada por Federa\u00e7\u00e3o de Jud\u00f4 a pr\u00eamio de melhor do mundo\",\"datePublished\":\"2024-12-19T15:00:56+00:00\",\"mainEntityOfPage\":{\"@id\":\"https:\\\/\\\/transamerica93.com.br\\\/home\\\/bia-souza-e-indicada-por-federacao-de-judo-a-premio-de-melhor-do-mundo\\\/\"},\"wordCount\":372,\"publisher\":{\"@id\":\"https:\\\/\\\/transamerica93.com.br\\\/home\\\/#organization\"},\"image\":{\"@id\":\"https:\\\/\\\/transamerica93.com.br\\\/home\\\/bia-souza-e-indicada-por-federacao-de-judo-a-premio-de-melhor-do-mundo\\\/#primaryimage\"},\"thumbnailUrl\":\"https:\\\/\\\/transamerica93.com.br\\\/home\\\/wp-content\\\/uploads\\\/2024\\\/12\\\/10.jpg\",\"articleSection\":[\"Esportes\"],\"inLanguage\":\"pt-BR\"},{\"@type\":\"WebPage\",\"@id\":\"https:\\\/\\\/transamerica93.com.br\\\/home\\\/bia-souza-e-indicada-por-federacao-de-judo-a-premio-de-melhor-do-mundo\\\/\",\"url\":\"https:\\\/\\\/transamerica93.com.br\\\/home\\\/bia-souza-e-indicada-por-federacao-de-judo-a-premio-de-melhor-do-mundo\\\/\",\"name\":\"Bia Souza \u00e9 indicada por Federa\u00e7\u00e3o de Jud\u00f4 a pr\u00eamio de melhor do mundo - Transam\u00e9rica Mococa 93,3\",\"isPartOf\":{\"@id\":\"https:\\\/\\\/transamerica93.com.br\\\/home\\\/#website\"},\"primaryImageOfPage\":{\"@id\":\"https:\\\/\\\/transamerica93.com.br\\\/home\\\/bia-souza-e-indicada-por-federacao-de-judo-a-premio-de-melhor-do-mundo\\\/#primaryimage\"},\"image\":{\"@id\":\"https:\\\/\\\/transamerica93.com.br\\\/home\\\/bia-souza-e-indicada-por-federacao-de-judo-a-premio-de-melhor-do-mundo\\\/#primaryimage\"},\"thumbnailUrl\":\"https:\\\/\\\/transamerica93.com.br\\\/home\\\/wp-content\\\/uploads\\\/2024\\\/12\\\/10.jpg\",\"datePublished\":\"2024-12-19T15:00:56+00:00\",\"breadcrumb\":{\"@id\":\"https:\\\/\\\/transamerica93.com.br\\\/home\\\/bia-souza-e-indicada-por-federacao-de-judo-a-premio-de-melhor-do-mundo\\\/#breadcrumb\"},\"inLanguage\":\"pt-BR\",\"potentialAction\":[{\"@type\":\"ReadAction\",\"target\":[\"https:\\\/\\\/transamerica93.com.br\\\/home\\\/bia-souza-e-indicada-por-federacao-de-judo-a-premio-de-melhor-do-mundo\\\/\"]}]},{\"@type\":\"ImageObject\",\"inLanguage\":\"pt-BR\",\"@id\":\"https:\\\/\\\/transamerica93.com.br\\\/home\\\/bia-souza-e-indicada-por-federacao-de-judo-a-premio-de-melhor-do-mundo\\\/#primaryimage\",\"url\":\"https:\\\/\\\/transamerica93.com.br\\\/home\\\/wp-content\\\/uploads\\\/2024\\\/12\\\/10.jpg\",\"contentUrl\":\"https:\\\/\\\/transamerica93.com.br\\\/home\\\/wp-content\\\/uploads\\\/2024\\\/12\\\/10.jpg\",\"width\":1170,\"height\":700,\"caption\":\"\u00a9 REUTERS\\\/Arlette Bashizi\"},{\"@type\":\"BreadcrumbList\",\"@id\":\"https:\\\/\\\/transamerica93.com.br\\\/home\\\/bia-souza-e-indicada-por-federacao-de-judo-a-premio-de-melhor-do-mundo\\\/#breadcrumb\",\"itemListElement\":[{\"@type\":\"ListItem\",\"position\":1,\"name\":\"In\u00edcio\",\"item\":\"https:\\\/\\\/transamerica93.com.br\\\/home\\\/\"},{\"@type\":\"ListItem\",\"position\":2,\"name\":\"Bia Souza \u00e9 indicada por Federa\u00e7\u00e3o de Jud\u00f4 a pr\u00eamio de melhor do mundo\"}]},{\"@type\":\"WebSite\",\"@id\":\"https:\\\/\\\/transamerica93.com.br\\\/home\\\/#website\",\"url\":\"https:\\\/\\\/transamerica93.com.br\\\/home\\\/\",\"name\":\"Transam\u00e9rica Mococa 93,3\",\"description\":\"\",\"publisher\":{\"@id\":\"https:\\\/\\\/transamerica93.com.br\\\/home\\\/#organization\"},\"potentialAction\":[{\"@type\":\"SearchAction\",\"target\":{\"@type\":\"EntryPoint\",\"urlTemplate\":\"https:\\\/\\\/transamerica93.com.br\\\/home\\\/?s={search_term_string}\"},\"query-input\":{\"@type\":\"PropertyValueSpecification\",\"valueRequired\":true,\"valueName\":\"search_term_string\"}}],\"inLanguage\":\"pt-BR\"},{\"@type\":\"Organization\",\"@id\":\"https:\\\/\\\/transamerica93.com.br\\\/home\\\/#organization\",\"name\":\"Transam\u00e9rica Mococa 93,3\",\"url\":\"https:\\\/\\\/transamerica93.com.br\\\/home\\\/\",\"logo\":{\"@type\":\"ImageObject\",\"inLanguage\":\"pt-BR\",\"@id\":\"https:\\\/\\\/transamerica93.com.br\\\/home\\\/#\\\/schema\\\/logo\\\/image\\\/\",\"url\":\"https:\\\/\\\/transamerica93.com.br\\\/home\\\/wp-content\\\/uploads\\\/2023\\\/10\\\/logo2.png\",\"contentUrl\":\"https:\\\/\\\/transamerica93.com.br\\\/home\\\/wp-content\\\/uploads\\\/2023\\\/10\\\/logo2.png\",\"width\":800,\"height\":500,\"caption\":\"Transam\u00e9rica Mococa 93,3\"},\"image\":{\"@id\":\"https:\\\/\\\/transamerica93.com.br\\\/home\\\/#\\\/schema\\\/logo\\\/image\\\/\"},\"sameAs\":[\"https:\\\/\\\/www.facebook.com\\\/transamericamococa\",\"https:\\\/\\\/x.com\\\/transamerica933\",\"https:\\\/\\\/www.instagram.com\\\/transamericamococa\"]},{\"@type\":\"Person\",\"@id\":\"https:\\\/\\\/transamerica93.com.br\\\/home\\\/#\\\/schema\\\/person\\\/7fed7c99c0d4562efa8561bc0f543172\",\"name\":\"Reda\u00e7\u00e3o\",\"image\":{\"@type\":\"ImageObject\",\"inLanguage\":\"pt-BR\",\"@id\":\"https:\\\/\\\/secure.gravatar.com\\\/avatar\\\/1072c6b775fb02ef8506ce967551d95926669a6b7d2c2147b42eea4d7c68395e?s=96&d=mm&r=g\",\"url\":\"https:\\\/\\\/secure.gravatar.com\\\/avatar\\\/1072c6b775fb02ef8506ce967551d95926669a6b7d2c2147b42eea4d7c68395e?s=96&d=mm&r=g\",\"contentUrl\":\"https:\\\/\\\/secure.gravatar.com\\\/avatar\\\/1072c6b775fb02ef8506ce967551d95926669a6b7d2c2147b42eea4d7c68395e?s=96&d=mm&r=g\",\"caption\":\"Reda\u00e7\u00e3o\"},\"sameAs\":[\"https:\\\/\\\/transamerica93.com.br\\\/home\"],\"url\":\"https:\\\/\\\/transamerica93.com.br\\\/home\\\/author\\\/william\\\/\"}]}<\/script>\n<!-- \/ Yoast SEO plugin. -->","yoast_head_json":{"title":"Bia Souza \u00e9 indicada por Federa\u00e7\u00e3o de Jud\u00f4 a pr\u00eamio de melhor do mundo - Transam\u00e9rica Mococa 93,3","robots":{"index":"index","follow":"follow","max-snippet":"max-snippet:-1","max-image-preview":"max-image-preview:large","max-video-preview":"max-video-preview:-1"},"canonical":"https:\/\/transamerica93.com.br\/home\/bia-souza-e-indicada-por-federacao-de-judo-a-premio-de-melhor-do-mundo\/","og_locale":"pt_BR","og_type":"article","og_title":"Bia Souza \u00e9 indicada por Federa\u00e7\u00e3o de Jud\u00f4 a pr\u00eamio de melhor do mundo - Transam\u00e9rica Mococa 93,3","og_description":"\u00danica brasileira a conquistar ouro no jud\u00f4 na Olimp\u00edada de Paris, a atleta Beatriz Souza foi indicada ao pr\u00eamio de melhor judoca mulher do mundo em 2024, promovido pela Federa\u00e7\u00e3o Internacional de Jud\u00f4 (IJF, na sigla em ingl\u00eas).\u00a0A vota\u00e7\u00e3o, aberta ao p\u00fablico\u00a0no site da IJF, j\u00e1 come\u00e7ou e vai at\u00e9 10 de janeiro do ano &hellip;","og_url":"https:\/\/transamerica93.com.br\/home\/bia-souza-e-indicada-por-federacao-de-judo-a-premio-de-melhor-do-mundo\/","og_site_name":"Transam\u00e9rica Mococa 93,3","article_publisher":"https:\/\/www.facebook.com\/transamericamococa","article_published_time":"2024-12-19T15:00:56+00:00","og_image":[{"width":1170,"height":700,"url":"https:\/\/transamerica93.com.br\/home\/wp-content\/uploads\/2024\/12\/10.jpg","type":"image\/jpeg"}],"author":"Reda\u00e7\u00e3o","twitter_card":"summary_large_image","twitter_creator":"@transamerica933","twitter_site":"@transamerica933","twitter_misc":{"Escrito por":"Reda\u00e7\u00e3o","Est. tempo de leitura":"3 minutos"},"schema":{"@context":"https:\/\/schema.org","@graph":[{"@type":"Article","@id":"https:\/\/transamerica93.com.br\/home\/bia-souza-e-indicada-por-federacao-de-judo-a-premio-de-melhor-do-mundo\/#article","isPartOf":{"@id":"https:\/\/transamerica93.com.br\/home\/bia-souza-e-indicada-por-federacao-de-judo-a-premio-de-melhor-do-mundo\/"},"author":{"name":"Reda\u00e7\u00e3o","@id":"https:\/\/transamerica93.com.br\/home\/#\/schema\/person\/7fed7c99c0d4562efa8561bc0f543172"},"headline":"Bia Souza \u00e9 indicada por Federa\u00e7\u00e3o de Jud\u00f4 a pr\u00eamio de melhor do mundo","datePublished":"2024-12-19T15:00:56+00:00","mainEntityOfPage":{"@id":"https:\/\/transamerica93.com.br\/home\/bia-souza-e-indicada-por-federacao-de-judo-a-premio-de-melhor-do-mundo\/"},"wordCount":372,"publisher":{"@id":"https:\/\/transamerica93.com.br\/home\/#organization"},"image":{"@id":"https:\/\/transamerica93.com.br\/home\/bia-souza-e-indicada-por-federacao-de-judo-a-premio-de-melhor-do-mundo\/#primaryimage"},"thumbnailUrl":"https:\/\/transamerica93.com.br\/home\/wp-content\/uploads\/2024\/12\/10.jpg","articleSection":["Esportes"],"inLanguage":"pt-BR"},{"@type":"WebPage","@id":"https:\/\/transamerica93.com.br\/home\/bia-souza-e-indicada-por-federacao-de-judo-a-premio-de-melhor-do-mundo\/","url":"https:\/\/transamerica93.com.br\/home\/bia-souza-e-indicada-por-federacao-de-judo-a-premio-de-melhor-do-mundo\/","name":"Bia Souza \u00e9 indicada por Federa\u00e7\u00e3o de Jud\u00f4 a pr\u00eamio de melhor do mundo - Transam\u00e9rica Mococa 93,3","isPartOf":{"@id":"https:\/\/transamerica93.com.br\/home\/#website"},"primaryImageOfPage":{"@id":"https:\/\/transamerica93.com.br\/home\/bia-souza-e-indicada-por-federacao-de-judo-a-premio-de-melhor-do-mundo\/#primaryimage"},"image":{"@id":"https:\/\/transamerica93.com.br\/home\/bia-souza-e-indicada-por-federacao-de-judo-a-premio-de-melhor-do-mundo\/#primaryimage"},"thumbnailUrl":"https:\/\/transamerica93.com.br\/home\/wp-content\/uploads\/2024\/12\/10.jpg","datePublished":"2024-12-19T15:00:56+00:00","breadcrumb":{"@id":"https:\/\/transamerica93.com.br\/home\/bia-souza-e-indicada-por-federacao-de-judo-a-premio-de-melhor-do-mundo\/#breadcrumb"},"inLanguage":"pt-BR","potentialAction":[{"@type":"ReadAction","target":["https:\/\/transamerica93.com.br\/home\/bia-souza-e-indicada-por-federacao-de-judo-a-premio-de-melhor-do-mundo\/"]}]},{"@type":"ImageObject","inLanguage":"pt-BR","@id":"https:\/\/transamerica93.com.br\/home\/bia-souza-e-indicada-por-federacao-de-judo-a-premio-de-melhor-do-mundo\/#primaryimage","url":"https:\/\/transamerica93.com.br\/home\/wp-content\/uploads\/2024\/12\/10.jpg","contentUrl":"https:\/\/transamerica93.com.br\/home\/wp-content\/uploads\/2024\/12\/10.jpg","width":1170,"height":700,"caption":"\u00a9 REUTERS\/Arlette Bashizi"},{"@type":"BreadcrumbList","@id":"https:\/\/transamerica93.com.br\/home\/bia-souza-e-indicada-por-federacao-de-judo-a-premio-de-melhor-do-mundo\/#breadcrumb","itemListElement":[{"@type":"ListItem","position":1,"name":"In\u00edcio","item":"https:\/\/transamerica93.com.br\/home\/"},{"@type":"ListItem","position":2,"name":"Bia Souza \u00e9 indicada por Federa\u00e7\u00e3o de Jud\u00f4 a pr\u00eamio de melhor do mundo"}]},{"@type":"WebSite","@id":"https:\/\/transamerica93.com.br\/home\/#website","url":"https:\/\/transamerica93.com.br\/home\/","name":"Transam\u00e9rica Mococa 93,3","description":"","publisher":{"@id":"https:\/\/transamerica93.com.br\/home\/#organization"},"potentialAction":[{"@type":"SearchAction","target":{"@type":"EntryPoint","urlTemplate":"https:\/\/transamerica93.com.br\/home\/?s={search_term_string}"},"query-input":{"@type":"PropertyValueSpecification","valueRequired":true,"valueName":"search_term_string"}}],"inLanguage":"pt-BR"},{"@type":"Organization","@id":"https:\/\/transamerica93.com.br\/home\/#organization","name":"Transam\u00e9rica Mococa 93,3","url":"https:\/\/transamerica93.com.br\/home\/","logo":{"@type":"ImageObject","inLanguage":"pt-BR","@id":"https:\/\/transamerica93.com.br\/home\/#\/schema\/logo\/image\/","url":"https:\/\/transamerica93.com.br\/home\/wp-content\/uploads\/2023\/10\/logo2.png","contentUrl":"https:\/\/transamerica93.com.br\/home\/wp-content\/uploads\/2023\/10\/logo2.png","width":800,"height":500,"caption":"Transam\u00e9rica Mococa 93,3"},"image":{"@id":"https:\/\/transamerica93.com.br\/home\/#\/schema\/logo\/image\/"},"sameAs":["https:\/\/www.facebook.com\/transamericamococa","https:\/\/x.com\/transamerica933","https:\/\/www.instagram.com\/transamericamococa"]},{"@type":"Person","@id":"https:\/\/transamerica93.com.br\/home\/#\/schema\/person\/7fed7c99c0d4562efa8561bc0f543172","name":"Reda\u00e7\u00e3o","image":{"@type":"ImageObject","inLanguage":"pt-BR","@id":"https:\/\/secure.gravatar.com\/avatar\/1072c6b775fb02ef8506ce967551d95926669a6b7d2c2147b42eea4d7c68395e?s=96&d=mm&r=g","url":"https:\/\/secure.gravatar.com\/avatar\/1072c6b775fb02ef8506ce967551d95926669a6b7d2c2147b42eea4d7c68395e?s=96&d=mm&r=g","contentUrl":"https:\/\/secure.gravatar.com\/avatar\/1072c6b775fb02ef8506ce967551d95926669a6b7d2c2147b42eea4d7c68395e?s=96&d=mm&r=g","caption":"Reda\u00e7\u00e3o"},"sameAs":["https:\/\/transamerica93.com.br\/home"],"url":"https:\/\/transamerica93.com.br\/home\/author\/william\/"}]}},"_links":{"self":[{"href":"https:\/\/transamerica93.com.br\/home\/wp-json\/wp\/v2\/posts\/4320","targetHints":{"allow":["GET"]}}],"collection":[{"href":"https:\/\/transamerica93.com.br\/home\/wp-json\/wp\/v2\/posts"}],"about":[{"href":"https:\/\/transamerica93.com.br\/home\/wp-json\/wp\/v2\/types\/post"}],"author":[{"embeddable":true,"href":"https:\/\/transamerica93.com.br\/home\/wp-json\/wp\/v2\/users\/1"}],"replies":[{"embeddable":true,"href":"https:\/\/transamerica93.com.br\/home\/wp-json\/wp\/v2\/comments?post=4320"}],"version-history":[{"count":1,"href":"https:\/\/transamerica93.com.br\/home\/wp-json\/wp\/v2\/posts\/4320\/revisions"}],"predecessor-version":[{"id":4321,"href":"https:\/\/transamerica93.com.br\/home\/wp-json\/wp\/v2\/posts\/4320\/revisions\/4321"}],"wp:featuredmedia":[{"embeddable":true,"href":"https:\/\/transamerica93.com.br\/home\/wp-json\/wp\/v2\/media\/4303"}],"wp:attachment":[{"href":"https:\/\/transamerica93.com.br\/home\/wp-json\/wp\/v2\/media?parent=4320"}],"wp:term":[{"taxonomy":"category","embeddable":true,"href":"https:\/\/transamerica93.com.br\/home\/wp-json\/wp\/v2\/categories?post=4320"},{"taxonomy":"post_tag","embeddable":true,"href":"https:\/\/transamerica93.com.br\/home\/wp-json\/wp\/v2\/tags?post=4320"}],"curies":[{"name":"wp","href":"https:\/\/api.w.org\/{rel}","templated":true}]}}