{"id":4325,"date":"2024-12-16T15:00:41","date_gmt":"2024-12-16T18:00:41","guid":{"rendered":"https:\/\/transamerica93.com.br\/home\/?p=4325"},"modified":"2024-12-15T13:01:26","modified_gmt":"2024-12-15T16:01:26","slug":"jorge-e-mateus-dupla-sertaneja-anuncia-pausa-por-tempo-indeterminado","status":"publish","type":"post","link":"https:\/\/transamerica93.com.br\/home\/jorge-e-mateus-dupla-sertaneja-anuncia-pausa-por-tempo-indeterminado\/","title":{"rendered":"Jorge e Mateus: dupla sertaneja anuncia pausa por tempo indeterminado"},"content":{"rendered":"<div id=\"Corpo\">\n<h6 class=\"Assina\">Por Reda\u00e7\u00e3o C2<\/h6>\n<p>A dupla sertaneja Jorge e Mateus anunciou que ir\u00e1 realizar uma pausa por tempo indefinido ap\u00f3s o fim da turn\u00ea em comemora\u00e7\u00e3o de 20 anos de carreira. Os cantores revelaram que a decis\u00e3o foi tomada por conta da rotina intensa e cansativa.<\/p>\n<p>&#8220;Quem estiver com a gente durante essa turn\u00ea toda possivelmente estar\u00e1 assistindo ao \u00faltimo show de um tempo indefinido que a gente vai tirar para descansar. Estamos falando sobre isso, s\u00e3o 20 anos e, desde os 18 anos, todos os finais de semana fora de casa. Decidimos internamente dar um tempinho&#8221;, disseram em entrevista ao jornalista Andr\u00e9 Piunti, da Rede Globo.<\/p>\n<p>Jorge explicou que usar\u00e1 o tempo de descanso para se dedicar a sua fam\u00edlia e focar em outros assuntos antes de voltar ao trabalho.<\/p>\n<p>&#8220;A gente tem o tempo indefinido porque realmente quer curtir o processo. Vamos passar um m\u00eas ou dois e ver como nos sentimos em casa&#8221;, disse Matheus.<\/p>\n<p>Na manh\u00e3 desta segunda-feira, 9, a dupla anunciou as datas dos shows da turn\u00ea em comemora\u00e7\u00e3o aos 20 anos de carreira. Em 2025, eles passar\u00e3o por S\u00e3o Paulo, Bras\u00edlia, Bel\u00e9m, Manaus, Cuiab\u00e1, Porto Alegre, Goi\u00e2nia, Belo Horizonte, Salvador, S\u00e3o Lu\u00eds, Natal, Palmas, Vit\u00f3ria, Recife, Vit\u00f3ria da Conquista, Rio de Janeiro, Jo\u00e3o Pessoa, Macei\u00f3, Teresina, Fortaleza, Aracaju e Balne\u00e1rio Cambori\u00fa.<\/p>\n<p>As vendas de ingressos ainda n\u00e3o come\u00e7aram.<\/p><\/div>\n","protected":false},"excerpt":{"rendered":"<p>Por Reda\u00e7\u00e3o C2 A dupla sertaneja Jorge e Mateus anunciou que ir\u00e1 realizar uma pausa por tempo indefinido ap\u00f3s o fim da turn\u00ea em comemora\u00e7\u00e3o de 20 anos de carreira. Os cantores revelaram que a decis\u00e3o foi tomada por conta da rotina intensa e cansativa. &#8220;Quem estiver com a gente durante essa turn\u00ea toda possivelmente &hellip;<\/p>\n","protected":false},"author":1,"featured_media":4327,"comment_status":"closed","ping_status":"closed","sticky":false,"template":"","format":"standard","meta":{"footnotes":""},"categories":[25],"tags":[],"class_list":["post-4325","post","type-post","status-publish","format-standard","has-post-thumbnail","hentry","category-musica"],"yoast_head":"<!-- This site is optimized with the Yoast SEO plugin v27.4 - https:\/\/yoast.com\/product\/yoast-seo-wordpress\/ -->\n<title>Jorge e Mateus: dupla sertaneja anuncia pausa por tempo indeterminado - Transam\u00e9rica Mococa 93,3<\/title>\n<meta name=\"robots\" content=\"index, follow, max-snippet:-1, max-image-preview:large, max-video-preview:-1\" \/>\n<link rel=\"canonical\" href=\"https:\/\/transamerica93.com.br\/home\/jorge-e-mateus-dupla-sertaneja-anuncia-pausa-por-tempo-indeterminado\/\" \/>\n<meta property=\"og:locale\" content=\"pt_BR\" \/>\n<meta property=\"og:type\" content=\"article\" \/>\n<meta property=\"og:title\" content=\"Jorge e Mateus: dupla sertaneja anuncia pausa por tempo indeterminado - Transam\u00e9rica Mococa 93,3\" \/>\n<meta property=\"og:description\" content=\"Por Reda\u00e7\u00e3o C2 A dupla sertaneja Jorge e Mateus anunciou que ir\u00e1 realizar uma pausa por tempo indefinido ap\u00f3s o fim da turn\u00ea em comemora\u00e7\u00e3o de 20 anos de carreira. Os cantores revelaram que a decis\u00e3o foi tomada por conta da rotina intensa e cansativa. &#8220;Quem estiver com a gente durante essa turn\u00ea toda possivelmente &hellip;\" \/>\n<meta property=\"og:url\" content=\"https:\/\/transamerica93.com.br\/home\/jorge-e-mateus-dupla-sertaneja-anuncia-pausa-por-tempo-indeterminado\/\" \/>\n<meta property=\"og:site_name\" content=\"Transam\u00e9rica Mococa 93,3\" \/>\n<meta property=\"article:publisher\" content=\"https:\/\/www.facebook.com\/transamericamococa\" \/>\n<meta property=\"article:published_time\" content=\"2024-12-16T18:00:41+00:00\" \/>\n<meta property=\"og:image\" content=\"https:\/\/transamerica93.com.br\/home\/wp-content\/uploads\/2024\/12\/ddd.jpg\" \/>\n\t<meta property=\"og:image:width\" content=\"1059\" \/>\n\t<meta property=\"og:image:height\" content=\"611\" \/>\n\t<meta property=\"og:image:type\" content=\"image\/jpeg\" \/>\n<meta name=\"author\" content=\"Reda\u00e7\u00e3o\" \/>\n<meta name=\"twitter:card\" content=\"summary_large_image\" \/>\n<meta name=\"twitter:creator\" content=\"@transamerica933\" \/>\n<meta name=\"twitter:site\" content=\"@transamerica933\" \/>\n<meta name=\"twitter:label1\" content=\"Escrito por\" \/>\n\t<meta name=\"twitter:data1\" content=\"Reda\u00e7\u00e3o\" \/>\n\t<meta name=\"twitter:label2\" content=\"Est. tempo de leitura\" \/>\n\t<meta name=\"twitter:data2\" content=\"2 minutos\" \/>\n<script type=\"application\/ld+json\" class=\"yoast-schema-graph\">{\"@context\":\"https:\\\/\\\/schema.org\",\"@graph\":[{\"@type\":\"Article\",\"@id\":\"https:\\\/\\\/transamerica93.com.br\\\/home\\\/jorge-e-mateus-dupla-sertaneja-anuncia-pausa-por-tempo-indeterminado\\\/#article\",\"isPartOf\":{\"@id\":\"https:\\\/\\\/transamerica93.com.br\\\/home\\\/jorge-e-mateus-dupla-sertaneja-anuncia-pausa-por-tempo-indeterminado\\\/\"},\"author\":{\"name\":\"Reda\u00e7\u00e3o\",\"@id\":\"https:\\\/\\\/transamerica93.com.br\\\/home\\\/#\\\/schema\\\/person\\\/7fed7c99c0d4562efa8561bc0f543172\"},\"headline\":\"Jorge e Mateus: dupla sertaneja anuncia pausa por tempo indeterminado\",\"datePublished\":\"2024-12-16T18:00:41+00:00\",\"mainEntityOfPage\":{\"@id\":\"https:\\\/\\\/transamerica93.com.br\\\/home\\\/jorge-e-mateus-dupla-sertaneja-anuncia-pausa-por-tempo-indeterminado\\\/\"},\"wordCount\":248,\"publisher\":{\"@id\":\"https:\\\/\\\/transamerica93.com.br\\\/home\\\/#organization\"},\"image\":{\"@id\":\"https:\\\/\\\/transamerica93.com.br\\\/home\\\/jorge-e-mateus-dupla-sertaneja-anuncia-pausa-por-tempo-indeterminado\\\/#primaryimage\"},\"thumbnailUrl\":\"https:\\\/\\\/transamerica93.com.br\\\/home\\\/wp-content\\\/uploads\\\/2024\\\/12\\\/ddd.jpg\",\"articleSection\":[\"M\u00fasica\"],\"inLanguage\":\"pt-BR\"},{\"@type\":\"WebPage\",\"@id\":\"https:\\\/\\\/transamerica93.com.br\\\/home\\\/jorge-e-mateus-dupla-sertaneja-anuncia-pausa-por-tempo-indeterminado\\\/\",\"url\":\"https:\\\/\\\/transamerica93.com.br\\\/home\\\/jorge-e-mateus-dupla-sertaneja-anuncia-pausa-por-tempo-indeterminado\\\/\",\"name\":\"Jorge e Mateus: dupla sertaneja anuncia pausa por tempo indeterminado - Transam\u00e9rica Mococa 93,3\",\"isPartOf\":{\"@id\":\"https:\\\/\\\/transamerica93.com.br\\\/home\\\/#website\"},\"primaryImageOfPage\":{\"@id\":\"https:\\\/\\\/transamerica93.com.br\\\/home\\\/jorge-e-mateus-dupla-sertaneja-anuncia-pausa-por-tempo-indeterminado\\\/#primaryimage\"},\"image\":{\"@id\":\"https:\\\/\\\/transamerica93.com.br\\\/home\\\/jorge-e-mateus-dupla-sertaneja-anuncia-pausa-por-tempo-indeterminado\\\/#primaryimage\"},\"thumbnailUrl\":\"https:\\\/\\\/transamerica93.com.br\\\/home\\\/wp-content\\\/uploads\\\/2024\\\/12\\\/ddd.jpg\",\"datePublished\":\"2024-12-16T18:00:41+00:00\",\"breadcrumb\":{\"@id\":\"https:\\\/\\\/transamerica93.com.br\\\/home\\\/jorge-e-mateus-dupla-sertaneja-anuncia-pausa-por-tempo-indeterminado\\\/#breadcrumb\"},\"inLanguage\":\"pt-BR\",\"potentialAction\":[{\"@type\":\"ReadAction\",\"target\":[\"https:\\\/\\\/transamerica93.com.br\\\/home\\\/jorge-e-mateus-dupla-sertaneja-anuncia-pausa-por-tempo-indeterminado\\\/\"]}]},{\"@type\":\"ImageObject\",\"inLanguage\":\"pt-BR\",\"@id\":\"https:\\\/\\\/transamerica93.com.br\\\/home\\\/jorge-e-mateus-dupla-sertaneja-anuncia-pausa-por-tempo-indeterminado\\\/#primaryimage\",\"url\":\"https:\\\/\\\/transamerica93.com.br\\\/home\\\/wp-content\\\/uploads\\\/2024\\\/12\\\/ddd.jpg\",\"contentUrl\":\"https:\\\/\\\/transamerica93.com.br\\\/home\\\/wp-content\\\/uploads\\\/2024\\\/12\\\/ddd.jpg\",\"width\":1059,\"height\":611,\"caption\":\"Reprodu\u00e7\u00e3o\\\/Instagram\"},{\"@type\":\"BreadcrumbList\",\"@id\":\"https:\\\/\\\/transamerica93.com.br\\\/home\\\/jorge-e-mateus-dupla-sertaneja-anuncia-pausa-por-tempo-indeterminado\\\/#breadcrumb\",\"itemListElement\":[{\"@type\":\"ListItem\",\"position\":1,\"name\":\"In\u00edcio\",\"item\":\"https:\\\/\\\/transamerica93.com.br\\\/home\\\/\"},{\"@type\":\"ListItem\",\"position\":2,\"name\":\"Jorge e Mateus: dupla sertaneja anuncia pausa por tempo indeterminado\"}]},{\"@type\":\"WebSite\",\"@id\":\"https:\\\/\\\/transamerica93.com.br\\\/home\\\/#website\",\"url\":\"https:\\\/\\\/transamerica93.com.br\\\/home\\\/\",\"name\":\"Transam\u00e9rica Mococa 93,3\",\"description\":\"\",\"publisher\":{\"@id\":\"https:\\\/\\\/transamerica93.com.br\\\/home\\\/#organization\"},\"potentialAction\":[{\"@type\":\"SearchAction\",\"target\":{\"@type\":\"EntryPoint\",\"urlTemplate\":\"https:\\\/\\\/transamerica93.com.br\\\/home\\\/?s={search_term_string}\"},\"query-input\":{\"@type\":\"PropertyValueSpecification\",\"valueRequired\":true,\"valueName\":\"search_term_string\"}}],\"inLanguage\":\"pt-BR\"},{\"@type\":\"Organization\",\"@id\":\"https:\\\/\\\/transamerica93.com.br\\\/home\\\/#organization\",\"name\":\"Transam\u00e9rica Mococa 93,3\",\"url\":\"https:\\\/\\\/transamerica93.com.br\\\/home\\\/\",\"logo\":{\"@type\":\"ImageObject\",\"inLanguage\":\"pt-BR\",\"@id\":\"https:\\\/\\\/transamerica93.com.br\\\/home\\\/#\\\/schema\\\/logo\\\/image\\\/\",\"url\":\"https:\\\/\\\/transamerica93.com.br\\\/home\\\/wp-content\\\/uploads\\\/2023\\\/10\\\/logo2.png\",\"contentUrl\":\"https:\\\/\\\/transamerica93.com.br\\\/home\\\/wp-content\\\/uploads\\\/2023\\\/10\\\/logo2.png\",\"width\":800,\"height\":500,\"caption\":\"Transam\u00e9rica Mococa 93,3\"},\"image\":{\"@id\":\"https:\\\/\\\/transamerica93.com.br\\\/home\\\/#\\\/schema\\\/logo\\\/image\\\/\"},\"sameAs\":[\"https:\\\/\\\/www.facebook.com\\\/transamericamococa\",\"https:\\\/\\\/x.com\\\/transamerica933\",\"https:\\\/\\\/www.instagram.com\\\/transamericamococa\"]},{\"@type\":\"Person\",\"@id\":\"https:\\\/\\\/transamerica93.com.br\\\/home\\\/#\\\/schema\\\/person\\\/7fed7c99c0d4562efa8561bc0f543172\",\"name\":\"Reda\u00e7\u00e3o\",\"image\":{\"@type\":\"ImageObject\",\"inLanguage\":\"pt-BR\",\"@id\":\"https:\\\/\\\/secure.gravatar.com\\\/avatar\\\/1072c6b775fb02ef8506ce967551d95926669a6b7d2c2147b42eea4d7c68395e?s=96&d=mm&r=g\",\"url\":\"https:\\\/\\\/secure.gravatar.com\\\/avatar\\\/1072c6b775fb02ef8506ce967551d95926669a6b7d2c2147b42eea4d7c68395e?s=96&d=mm&r=g\",\"contentUrl\":\"https:\\\/\\\/secure.gravatar.com\\\/avatar\\\/1072c6b775fb02ef8506ce967551d95926669a6b7d2c2147b42eea4d7c68395e?s=96&d=mm&r=g\",\"caption\":\"Reda\u00e7\u00e3o\"},\"sameAs\":[\"https:\\\/\\\/transamerica93.com.br\\\/home\"],\"url\":\"https:\\\/\\\/transamerica93.com.br\\\/home\\\/author\\\/william\\\/\"}]}<\/script>\n<!-- \/ Yoast SEO plugin. -->","yoast_head_json":{"title":"Jorge e Mateus: dupla sertaneja anuncia pausa por tempo indeterminado - Transam\u00e9rica Mococa 93,3","robots":{"index":"index","follow":"follow","max-snippet":"max-snippet:-1","max-image-preview":"max-image-preview:large","max-video-preview":"max-video-preview:-1"},"canonical":"https:\/\/transamerica93.com.br\/home\/jorge-e-mateus-dupla-sertaneja-anuncia-pausa-por-tempo-indeterminado\/","og_locale":"pt_BR","og_type":"article","og_title":"Jorge e Mateus: dupla sertaneja anuncia pausa por tempo indeterminado - Transam\u00e9rica Mococa 93,3","og_description":"Por Reda\u00e7\u00e3o C2 A dupla sertaneja Jorge e Mateus anunciou que ir\u00e1 realizar uma pausa por tempo indefinido ap\u00f3s o fim da turn\u00ea em comemora\u00e7\u00e3o de 20 anos de carreira. Os cantores revelaram que a decis\u00e3o foi tomada por conta da rotina intensa e cansativa. &#8220;Quem estiver com a gente durante essa turn\u00ea toda possivelmente &hellip;","og_url":"https:\/\/transamerica93.com.br\/home\/jorge-e-mateus-dupla-sertaneja-anuncia-pausa-por-tempo-indeterminado\/","og_site_name":"Transam\u00e9rica Mococa 93,3","article_publisher":"https:\/\/www.facebook.com\/transamericamococa","article_published_time":"2024-12-16T18:00:41+00:00","og_image":[{"width":1059,"height":611,"url":"https:\/\/transamerica93.com.br\/home\/wp-content\/uploads\/2024\/12\/ddd.jpg","type":"image\/jpeg"}],"author":"Reda\u00e7\u00e3o","twitter_card":"summary_large_image","twitter_creator":"@transamerica933","twitter_site":"@transamerica933","twitter_misc":{"Escrito por":"Reda\u00e7\u00e3o","Est. tempo de leitura":"2 minutos"},"schema":{"@context":"https:\/\/schema.org","@graph":[{"@type":"Article","@id":"https:\/\/transamerica93.com.br\/home\/jorge-e-mateus-dupla-sertaneja-anuncia-pausa-por-tempo-indeterminado\/#article","isPartOf":{"@id":"https:\/\/transamerica93.com.br\/home\/jorge-e-mateus-dupla-sertaneja-anuncia-pausa-por-tempo-indeterminado\/"},"author":{"name":"Reda\u00e7\u00e3o","@id":"https:\/\/transamerica93.com.br\/home\/#\/schema\/person\/7fed7c99c0d4562efa8561bc0f543172"},"headline":"Jorge e Mateus: dupla sertaneja anuncia pausa por tempo indeterminado","datePublished":"2024-12-16T18:00:41+00:00","mainEntityOfPage":{"@id":"https:\/\/transamerica93.com.br\/home\/jorge-e-mateus-dupla-sertaneja-anuncia-pausa-por-tempo-indeterminado\/"},"wordCount":248,"publisher":{"@id":"https:\/\/transamerica93.com.br\/home\/#organization"},"image":{"@id":"https:\/\/transamerica93.com.br\/home\/jorge-e-mateus-dupla-sertaneja-anuncia-pausa-por-tempo-indeterminado\/#primaryimage"},"thumbnailUrl":"https:\/\/transamerica93.com.br\/home\/wp-content\/uploads\/2024\/12\/ddd.jpg","articleSection":["M\u00fasica"],"inLanguage":"pt-BR"},{"@type":"WebPage","@id":"https:\/\/transamerica93.com.br\/home\/jorge-e-mateus-dupla-sertaneja-anuncia-pausa-por-tempo-indeterminado\/","url":"https:\/\/transamerica93.com.br\/home\/jorge-e-mateus-dupla-sertaneja-anuncia-pausa-por-tempo-indeterminado\/","name":"Jorge e Mateus: dupla sertaneja anuncia pausa por tempo indeterminado - Transam\u00e9rica Mococa 93,3","isPartOf":{"@id":"https:\/\/transamerica93.com.br\/home\/#website"},"primaryImageOfPage":{"@id":"https:\/\/transamerica93.com.br\/home\/jorge-e-mateus-dupla-sertaneja-anuncia-pausa-por-tempo-indeterminado\/#primaryimage"},"image":{"@id":"https:\/\/transamerica93.com.br\/home\/jorge-e-mateus-dupla-sertaneja-anuncia-pausa-por-tempo-indeterminado\/#primaryimage"},"thumbnailUrl":"https:\/\/transamerica93.com.br\/home\/wp-content\/uploads\/2024\/12\/ddd.jpg","datePublished":"2024-12-16T18:00:41+00:00","breadcrumb":{"@id":"https:\/\/transamerica93.com.br\/home\/jorge-e-mateus-dupla-sertaneja-anuncia-pausa-por-tempo-indeterminado\/#breadcrumb"},"inLanguage":"pt-BR","potentialAction":[{"@type":"ReadAction","target":["https:\/\/transamerica93.com.br\/home\/jorge-e-mateus-dupla-sertaneja-anuncia-pausa-por-tempo-indeterminado\/"]}]},{"@type":"ImageObject","inLanguage":"pt-BR","@id":"https:\/\/transamerica93.com.br\/home\/jorge-e-mateus-dupla-sertaneja-anuncia-pausa-por-tempo-indeterminado\/#primaryimage","url":"https:\/\/transamerica93.com.br\/home\/wp-content\/uploads\/2024\/12\/ddd.jpg","contentUrl":"https:\/\/transamerica93.com.br\/home\/wp-content\/uploads\/2024\/12\/ddd.jpg","width":1059,"height":611,"caption":"Reprodu\u00e7\u00e3o\/Instagram"},{"@type":"BreadcrumbList","@id":"https:\/\/transamerica93.com.br\/home\/jorge-e-mateus-dupla-sertaneja-anuncia-pausa-por-tempo-indeterminado\/#breadcrumb","itemListElement":[{"@type":"ListItem","position":1,"name":"In\u00edcio","item":"https:\/\/transamerica93.com.br\/home\/"},{"@type":"ListItem","position":2,"name":"Jorge e Mateus: dupla sertaneja anuncia pausa por tempo indeterminado"}]},{"@type":"WebSite","@id":"https:\/\/transamerica93.com.br\/home\/#website","url":"https:\/\/transamerica93.com.br\/home\/","name":"Transam\u00e9rica Mococa 93,3","description":"","publisher":{"@id":"https:\/\/transamerica93.com.br\/home\/#organization"},"potentialAction":[{"@type":"SearchAction","target":{"@type":"EntryPoint","urlTemplate":"https:\/\/transamerica93.com.br\/home\/?s={search_term_string}"},"query-input":{"@type":"PropertyValueSpecification","valueRequired":true,"valueName":"search_term_string"}}],"inLanguage":"pt-BR"},{"@type":"Organization","@id":"https:\/\/transamerica93.com.br\/home\/#organization","name":"Transam\u00e9rica Mococa 93,3","url":"https:\/\/transamerica93.com.br\/home\/","logo":{"@type":"ImageObject","inLanguage":"pt-BR","@id":"https:\/\/transamerica93.com.br\/home\/#\/schema\/logo\/image\/","url":"https:\/\/transamerica93.com.br\/home\/wp-content\/uploads\/2023\/10\/logo2.png","contentUrl":"https:\/\/transamerica93.com.br\/home\/wp-content\/uploads\/2023\/10\/logo2.png","width":800,"height":500,"caption":"Transam\u00e9rica Mococa 93,3"},"image":{"@id":"https:\/\/transamerica93.com.br\/home\/#\/schema\/logo\/image\/"},"sameAs":["https:\/\/www.facebook.com\/transamericamococa","https:\/\/x.com\/transamerica933","https:\/\/www.instagram.com\/transamericamococa"]},{"@type":"Person","@id":"https:\/\/transamerica93.com.br\/home\/#\/schema\/person\/7fed7c99c0d4562efa8561bc0f543172","name":"Reda\u00e7\u00e3o","image":{"@type":"ImageObject","inLanguage":"pt-BR","@id":"https:\/\/secure.gravatar.com\/avatar\/1072c6b775fb02ef8506ce967551d95926669a6b7d2c2147b42eea4d7c68395e?s=96&d=mm&r=g","url":"https:\/\/secure.gravatar.com\/avatar\/1072c6b775fb02ef8506ce967551d95926669a6b7d2c2147b42eea4d7c68395e?s=96&d=mm&r=g","contentUrl":"https:\/\/secure.gravatar.com\/avatar\/1072c6b775fb02ef8506ce967551d95926669a6b7d2c2147b42eea4d7c68395e?s=96&d=mm&r=g","caption":"Reda\u00e7\u00e3o"},"sameAs":["https:\/\/transamerica93.com.br\/home"],"url":"https:\/\/transamerica93.com.br\/home\/author\/william\/"}]}},"_links":{"self":[{"href":"https:\/\/transamerica93.com.br\/home\/wp-json\/wp\/v2\/posts\/4325","targetHints":{"allow":["GET"]}}],"collection":[{"href":"https:\/\/transamerica93.com.br\/home\/wp-json\/wp\/v2\/posts"}],"about":[{"href":"https:\/\/transamerica93.com.br\/home\/wp-json\/wp\/v2\/types\/post"}],"author":[{"embeddable":true,"href":"https:\/\/transamerica93.com.br\/home\/wp-json\/wp\/v2\/users\/1"}],"replies":[{"embeddable":true,"href":"https:\/\/transamerica93.com.br\/home\/wp-json\/wp\/v2\/comments?post=4325"}],"version-history":[{"count":1,"href":"https:\/\/transamerica93.com.br\/home\/wp-json\/wp\/v2\/posts\/4325\/revisions"}],"predecessor-version":[{"id":4328,"href":"https:\/\/transamerica93.com.br\/home\/wp-json\/wp\/v2\/posts\/4325\/revisions\/4328"}],"wp:featuredmedia":[{"embeddable":true,"href":"https:\/\/transamerica93.com.br\/home\/wp-json\/wp\/v2\/media\/4327"}],"wp:attachment":[{"href":"https:\/\/transamerica93.com.br\/home\/wp-json\/wp\/v2\/media?parent=4325"}],"wp:term":[{"taxonomy":"category","embeddable":true,"href":"https:\/\/transamerica93.com.br\/home\/wp-json\/wp\/v2\/categories?post=4325"},{"taxonomy":"post_tag","embeddable":true,"href":"https:\/\/transamerica93.com.br\/home\/wp-json\/wp\/v2\/tags?post=4325"}],"curies":[{"name":"wp","href":"https:\/\/api.w.org\/{rel}","templated":true}]}}