{"id":4345,"date":"2024-12-17T18:00:41","date_gmt":"2024-12-17T21:00:41","guid":{"rendered":"https:\/\/transamerica93.com.br\/home\/?p=4345"},"modified":"2024-12-15T13:19:04","modified_gmt":"2024-12-15T16:19:04","slug":"mariana-rios-perdeu-30-da-audicao","status":"publish","type":"post","link":"https:\/\/transamerica93.com.br\/home\/mariana-rios-perdeu-30-da-audicao\/","title":{"rendered":"Mariana Rios perdeu 30% da audi\u00e7\u00e3o"},"content":{"rendered":"<div id=\"Corpo\">\n<h6 class=\"Assina\">Por Leonardo Neto<\/h6>\n<p>A atriz Mariana Rios participou do programa <i>The Noite com Danilo Gentili<\/i>, no SBT. Na conversa com o apresentador, Mariana revelou o diagn\u00f3stico de S\u00edndrome de Meni\u00e9re, uma doen\u00e7a autoimune que a levou a perder 30% da audi\u00e7\u00e3o no ouvido esquerdo.<\/p>\n<p>O primeiro sinal ocorreu depois de um per\u00edodo muito estressante. &#8220;Eu estava no trabalho, super estressada, fazendo toda hora a ponte a\u00e9rea entre Rio de Janeiro e S\u00e3o Paulo, e meu ouvido come\u00e7ou um zumbido sem fim durante esse pico de estresse&#8221;, lembrou.<\/p>\n<p>Mariana contou que ficou sentindo o zumbido no ouvido por mais ou menos um m\u00eas e s\u00f3 procurou um m\u00e9dico quando se sentiu tonta. &#8220;Fui ao m\u00e9dico, e ele disse: \u2018Voc\u00ea veio tarde. Deveria ter vindo nas primeiras 36 horas. Voc\u00ea perdeu 30% da audi\u00e7\u00e3o, e n\u00e3o h\u00e1 como reverter\u2019&#8221;, completou.<\/p>\n<p>A atriz disse que, depois do diagn\u00f3stico, reajustou a sua rotina para evitar momentos de muito estresse. Ela disse que precisa dormir pelo menos oito horas por dia e ainda faz medita\u00e7\u00e3o.<\/p>\n<p>A S\u00edndrome de Meni\u00e9re \u00e9 caracterizada pelo ac\u00famulo de l\u00edquido no labirinto, parte da orelha interna respons\u00e1vel pelo equil\u00edbrio e por transmitir os impulsos auditivos.<\/p>\n<p>Estima-se que duas a cada mil pessoas podem apresentar os sintomas da S\u00edndrome de Meni\u00e9re, que pode apresentar os seguintes sintomas:<\/p>\n<p>&#8211; Crise de tontura persistente, por mais de 20 minutos<\/p>\n<p>&#8211; Perda auditiva que pode vir acompanhada de um zumbido<\/p>\n<p>&#8211; Sensa\u00e7\u00e3o de ouvido tapado<\/p>\n<p>A doen\u00e7a n\u00e3o tem cura. O tratamento visa o controle, atrav\u00e9s de diminui\u00e7\u00e3o da reten\u00e7\u00e3o de l\u00edquidos no corpo, evitando sal, por exemplo. Em alguns casos pode ser indicado o uso de diur\u00e9ticos.<\/p><\/div>\n","protected":false},"excerpt":{"rendered":"<p>Por Leonardo Neto A atriz Mariana Rios participou do programa The Noite com Danilo Gentili, no SBT. Na conversa com o apresentador, Mariana revelou o diagn\u00f3stico de S\u00edndrome de Meni\u00e9re, uma doen\u00e7a autoimune que a levou a perder 30% da audi\u00e7\u00e3o no ouvido esquerdo. O primeiro sinal ocorreu depois de um per\u00edodo muito estressante. &#8220;Eu &hellip;<\/p>\n","protected":false},"author":1,"featured_media":4346,"comment_status":"closed","ping_status":"closed","sticky":false,"template":"","format":"standard","meta":{"footnotes":""},"categories":[24],"tags":[],"class_list":["post-4345","post","type-post","status-publish","format-standard","has-post-thumbnail","hentry","category-entretenimento"],"yoast_head":"<!-- This site is optimized with the Yoast SEO plugin v27.4 - https:\/\/yoast.com\/product\/yoast-seo-wordpress\/ -->\n<title>Mariana Rios perdeu 30% da audi\u00e7\u00e3o - Transam\u00e9rica Mococa 93,3<\/title>\n<meta name=\"robots\" content=\"index, follow, max-snippet:-1, max-image-preview:large, max-video-preview:-1\" \/>\n<link rel=\"canonical\" href=\"https:\/\/transamerica93.com.br\/home\/mariana-rios-perdeu-30-da-audicao\/\" \/>\n<meta property=\"og:locale\" content=\"pt_BR\" \/>\n<meta property=\"og:type\" content=\"article\" \/>\n<meta property=\"og:title\" content=\"Mariana Rios perdeu 30% da audi\u00e7\u00e3o - Transam\u00e9rica Mococa 93,3\" \/>\n<meta property=\"og:description\" content=\"Por Leonardo Neto A atriz Mariana Rios participou do programa The Noite com Danilo Gentili, no SBT. Na conversa com o apresentador, Mariana revelou o diagn\u00f3stico de S\u00edndrome de Meni\u00e9re, uma doen\u00e7a autoimune que a levou a perder 30% da audi\u00e7\u00e3o no ouvido esquerdo. O primeiro sinal ocorreu depois de um per\u00edodo muito estressante. &#8220;Eu &hellip;\" \/>\n<meta property=\"og:url\" content=\"https:\/\/transamerica93.com.br\/home\/mariana-rios-perdeu-30-da-audicao\/\" \/>\n<meta property=\"og:site_name\" content=\"Transam\u00e9rica Mococa 93,3\" \/>\n<meta property=\"article:publisher\" content=\"https:\/\/www.facebook.com\/transamericamococa\" \/>\n<meta property=\"article:published_time\" content=\"2024-12-17T21:00:41+00:00\" \/>\n<meta property=\"og:image\" content=\"https:\/\/transamerica93.com.br\/home\/wp-content\/uploads\/2024\/12\/Untitled-2.png\" \/>\n\t<meta property=\"og:image:width\" content=\"1024\" \/>\n\t<meta property=\"og:image:height\" content=\"605\" \/>\n\t<meta property=\"og:image:type\" content=\"image\/png\" \/>\n<meta name=\"author\" content=\"Reda\u00e7\u00e3o\" \/>\n<meta name=\"twitter:card\" content=\"summary_large_image\" \/>\n<meta name=\"twitter:creator\" content=\"@transamerica933\" \/>\n<meta name=\"twitter:site\" content=\"@transamerica933\" \/>\n<meta name=\"twitter:label1\" content=\"Escrito por\" \/>\n\t<meta name=\"twitter:data1\" content=\"Reda\u00e7\u00e3o\" \/>\n\t<meta name=\"twitter:label2\" content=\"Est. tempo de leitura\" \/>\n\t<meta name=\"twitter:data2\" content=\"2 minutos\" \/>\n<script type=\"application\/ld+json\" class=\"yoast-schema-graph\">{\"@context\":\"https:\\\/\\\/schema.org\",\"@graph\":[{\"@type\":\"Article\",\"@id\":\"https:\\\/\\\/transamerica93.com.br\\\/home\\\/mariana-rios-perdeu-30-da-audicao\\\/#article\",\"isPartOf\":{\"@id\":\"https:\\\/\\\/transamerica93.com.br\\\/home\\\/mariana-rios-perdeu-30-da-audicao\\\/\"},\"author\":{\"name\":\"Reda\u00e7\u00e3o\",\"@id\":\"https:\\\/\\\/transamerica93.com.br\\\/home\\\/#\\\/schema\\\/person\\\/7fed7c99c0d4562efa8561bc0f543172\"},\"headline\":\"Mariana Rios perdeu 30% da audi\u00e7\u00e3o\",\"datePublished\":\"2024-12-17T21:00:41+00:00\",\"mainEntityOfPage\":{\"@id\":\"https:\\\/\\\/transamerica93.com.br\\\/home\\\/mariana-rios-perdeu-30-da-audicao\\\/\"},\"wordCount\":307,\"publisher\":{\"@id\":\"https:\\\/\\\/transamerica93.com.br\\\/home\\\/#organization\"},\"image\":{\"@id\":\"https:\\\/\\\/transamerica93.com.br\\\/home\\\/mariana-rios-perdeu-30-da-audicao\\\/#primaryimage\"},\"thumbnailUrl\":\"https:\\\/\\\/transamerica93.com.br\\\/home\\\/wp-content\\\/uploads\\\/2024\\\/12\\\/Untitled-2.png\",\"articleSection\":[\"Entretenimento\"],\"inLanguage\":\"pt-BR\"},{\"@type\":\"WebPage\",\"@id\":\"https:\\\/\\\/transamerica93.com.br\\\/home\\\/mariana-rios-perdeu-30-da-audicao\\\/\",\"url\":\"https:\\\/\\\/transamerica93.com.br\\\/home\\\/mariana-rios-perdeu-30-da-audicao\\\/\",\"name\":\"Mariana Rios perdeu 30% da audi\u00e7\u00e3o - Transam\u00e9rica Mococa 93,3\",\"isPartOf\":{\"@id\":\"https:\\\/\\\/transamerica93.com.br\\\/home\\\/#website\"},\"primaryImageOfPage\":{\"@id\":\"https:\\\/\\\/transamerica93.com.br\\\/home\\\/mariana-rios-perdeu-30-da-audicao\\\/#primaryimage\"},\"image\":{\"@id\":\"https:\\\/\\\/transamerica93.com.br\\\/home\\\/mariana-rios-perdeu-30-da-audicao\\\/#primaryimage\"},\"thumbnailUrl\":\"https:\\\/\\\/transamerica93.com.br\\\/home\\\/wp-content\\\/uploads\\\/2024\\\/12\\\/Untitled-2.png\",\"datePublished\":\"2024-12-17T21:00:41+00:00\",\"breadcrumb\":{\"@id\":\"https:\\\/\\\/transamerica93.com.br\\\/home\\\/mariana-rios-perdeu-30-da-audicao\\\/#breadcrumb\"},\"inLanguage\":\"pt-BR\",\"potentialAction\":[{\"@type\":\"ReadAction\",\"target\":[\"https:\\\/\\\/transamerica93.com.br\\\/home\\\/mariana-rios-perdeu-30-da-audicao\\\/\"]}]},{\"@type\":\"ImageObject\",\"inLanguage\":\"pt-BR\",\"@id\":\"https:\\\/\\\/transamerica93.com.br\\\/home\\\/mariana-rios-perdeu-30-da-audicao\\\/#primaryimage\",\"url\":\"https:\\\/\\\/transamerica93.com.br\\\/home\\\/wp-content\\\/uploads\\\/2024\\\/12\\\/Untitled-2.png\",\"contentUrl\":\"https:\\\/\\\/transamerica93.com.br\\\/home\\\/wp-content\\\/uploads\\\/2024\\\/12\\\/Untitled-2.png\",\"width\":1024,\"height\":605,\"caption\":\"Reprodu\u00e7\u00e3o\\\/ Instagram\"},{\"@type\":\"BreadcrumbList\",\"@id\":\"https:\\\/\\\/transamerica93.com.br\\\/home\\\/mariana-rios-perdeu-30-da-audicao\\\/#breadcrumb\",\"itemListElement\":[{\"@type\":\"ListItem\",\"position\":1,\"name\":\"In\u00edcio\",\"item\":\"https:\\\/\\\/transamerica93.com.br\\\/home\\\/\"},{\"@type\":\"ListItem\",\"position\":2,\"name\":\"Mariana Rios perdeu 30% da audi\u00e7\u00e3o\"}]},{\"@type\":\"WebSite\",\"@id\":\"https:\\\/\\\/transamerica93.com.br\\\/home\\\/#website\",\"url\":\"https:\\\/\\\/transamerica93.com.br\\\/home\\\/\",\"name\":\"Transam\u00e9rica Mococa 93,3\",\"description\":\"\",\"publisher\":{\"@id\":\"https:\\\/\\\/transamerica93.com.br\\\/home\\\/#organization\"},\"potentialAction\":[{\"@type\":\"SearchAction\",\"target\":{\"@type\":\"EntryPoint\",\"urlTemplate\":\"https:\\\/\\\/transamerica93.com.br\\\/home\\\/?s={search_term_string}\"},\"query-input\":{\"@type\":\"PropertyValueSpecification\",\"valueRequired\":true,\"valueName\":\"search_term_string\"}}],\"inLanguage\":\"pt-BR\"},{\"@type\":\"Organization\",\"@id\":\"https:\\\/\\\/transamerica93.com.br\\\/home\\\/#organization\",\"name\":\"Transam\u00e9rica Mococa 93,3\",\"url\":\"https:\\\/\\\/transamerica93.com.br\\\/home\\\/\",\"logo\":{\"@type\":\"ImageObject\",\"inLanguage\":\"pt-BR\",\"@id\":\"https:\\\/\\\/transamerica93.com.br\\\/home\\\/#\\\/schema\\\/logo\\\/image\\\/\",\"url\":\"https:\\\/\\\/transamerica93.com.br\\\/home\\\/wp-content\\\/uploads\\\/2023\\\/10\\\/logo2.png\",\"contentUrl\":\"https:\\\/\\\/transamerica93.com.br\\\/home\\\/wp-content\\\/uploads\\\/2023\\\/10\\\/logo2.png\",\"width\":800,\"height\":500,\"caption\":\"Transam\u00e9rica Mococa 93,3\"},\"image\":{\"@id\":\"https:\\\/\\\/transamerica93.com.br\\\/home\\\/#\\\/schema\\\/logo\\\/image\\\/\"},\"sameAs\":[\"https:\\\/\\\/www.facebook.com\\\/transamericamococa\",\"https:\\\/\\\/x.com\\\/transamerica933\",\"https:\\\/\\\/www.instagram.com\\\/transamericamococa\"]},{\"@type\":\"Person\",\"@id\":\"https:\\\/\\\/transamerica93.com.br\\\/home\\\/#\\\/schema\\\/person\\\/7fed7c99c0d4562efa8561bc0f543172\",\"name\":\"Reda\u00e7\u00e3o\",\"image\":{\"@type\":\"ImageObject\",\"inLanguage\":\"pt-BR\",\"@id\":\"https:\\\/\\\/secure.gravatar.com\\\/avatar\\\/1072c6b775fb02ef8506ce967551d95926669a6b7d2c2147b42eea4d7c68395e?s=96&d=mm&r=g\",\"url\":\"https:\\\/\\\/secure.gravatar.com\\\/avatar\\\/1072c6b775fb02ef8506ce967551d95926669a6b7d2c2147b42eea4d7c68395e?s=96&d=mm&r=g\",\"contentUrl\":\"https:\\\/\\\/secure.gravatar.com\\\/avatar\\\/1072c6b775fb02ef8506ce967551d95926669a6b7d2c2147b42eea4d7c68395e?s=96&d=mm&r=g\",\"caption\":\"Reda\u00e7\u00e3o\"},\"sameAs\":[\"https:\\\/\\\/transamerica93.com.br\\\/home\"],\"url\":\"https:\\\/\\\/transamerica93.com.br\\\/home\\\/author\\\/william\\\/\"}]}<\/script>\n<!-- \/ Yoast SEO plugin. -->","yoast_head_json":{"title":"Mariana Rios perdeu 30% da audi\u00e7\u00e3o - Transam\u00e9rica Mococa 93,3","robots":{"index":"index","follow":"follow","max-snippet":"max-snippet:-1","max-image-preview":"max-image-preview:large","max-video-preview":"max-video-preview:-1"},"canonical":"https:\/\/transamerica93.com.br\/home\/mariana-rios-perdeu-30-da-audicao\/","og_locale":"pt_BR","og_type":"article","og_title":"Mariana Rios perdeu 30% da audi\u00e7\u00e3o - Transam\u00e9rica Mococa 93,3","og_description":"Por Leonardo Neto A atriz Mariana Rios participou do programa The Noite com Danilo Gentili, no SBT. Na conversa com o apresentador, Mariana revelou o diagn\u00f3stico de S\u00edndrome de Meni\u00e9re, uma doen\u00e7a autoimune que a levou a perder 30% da audi\u00e7\u00e3o no ouvido esquerdo. O primeiro sinal ocorreu depois de um per\u00edodo muito estressante. &#8220;Eu &hellip;","og_url":"https:\/\/transamerica93.com.br\/home\/mariana-rios-perdeu-30-da-audicao\/","og_site_name":"Transam\u00e9rica Mococa 93,3","article_publisher":"https:\/\/www.facebook.com\/transamericamococa","article_published_time":"2024-12-17T21:00:41+00:00","og_image":[{"width":1024,"height":605,"url":"https:\/\/transamerica93.com.br\/home\/wp-content\/uploads\/2024\/12\/Untitled-2.png","type":"image\/png"}],"author":"Reda\u00e7\u00e3o","twitter_card":"summary_large_image","twitter_creator":"@transamerica933","twitter_site":"@transamerica933","twitter_misc":{"Escrito por":"Reda\u00e7\u00e3o","Est. tempo de leitura":"2 minutos"},"schema":{"@context":"https:\/\/schema.org","@graph":[{"@type":"Article","@id":"https:\/\/transamerica93.com.br\/home\/mariana-rios-perdeu-30-da-audicao\/#article","isPartOf":{"@id":"https:\/\/transamerica93.com.br\/home\/mariana-rios-perdeu-30-da-audicao\/"},"author":{"name":"Reda\u00e7\u00e3o","@id":"https:\/\/transamerica93.com.br\/home\/#\/schema\/person\/7fed7c99c0d4562efa8561bc0f543172"},"headline":"Mariana Rios perdeu 30% da audi\u00e7\u00e3o","datePublished":"2024-12-17T21:00:41+00:00","mainEntityOfPage":{"@id":"https:\/\/transamerica93.com.br\/home\/mariana-rios-perdeu-30-da-audicao\/"},"wordCount":307,"publisher":{"@id":"https:\/\/transamerica93.com.br\/home\/#organization"},"image":{"@id":"https:\/\/transamerica93.com.br\/home\/mariana-rios-perdeu-30-da-audicao\/#primaryimage"},"thumbnailUrl":"https:\/\/transamerica93.com.br\/home\/wp-content\/uploads\/2024\/12\/Untitled-2.png","articleSection":["Entretenimento"],"inLanguage":"pt-BR"},{"@type":"WebPage","@id":"https:\/\/transamerica93.com.br\/home\/mariana-rios-perdeu-30-da-audicao\/","url":"https:\/\/transamerica93.com.br\/home\/mariana-rios-perdeu-30-da-audicao\/","name":"Mariana Rios perdeu 30% da audi\u00e7\u00e3o - Transam\u00e9rica Mococa 93,3","isPartOf":{"@id":"https:\/\/transamerica93.com.br\/home\/#website"},"primaryImageOfPage":{"@id":"https:\/\/transamerica93.com.br\/home\/mariana-rios-perdeu-30-da-audicao\/#primaryimage"},"image":{"@id":"https:\/\/transamerica93.com.br\/home\/mariana-rios-perdeu-30-da-audicao\/#primaryimage"},"thumbnailUrl":"https:\/\/transamerica93.com.br\/home\/wp-content\/uploads\/2024\/12\/Untitled-2.png","datePublished":"2024-12-17T21:00:41+00:00","breadcrumb":{"@id":"https:\/\/transamerica93.com.br\/home\/mariana-rios-perdeu-30-da-audicao\/#breadcrumb"},"inLanguage":"pt-BR","potentialAction":[{"@type":"ReadAction","target":["https:\/\/transamerica93.com.br\/home\/mariana-rios-perdeu-30-da-audicao\/"]}]},{"@type":"ImageObject","inLanguage":"pt-BR","@id":"https:\/\/transamerica93.com.br\/home\/mariana-rios-perdeu-30-da-audicao\/#primaryimage","url":"https:\/\/transamerica93.com.br\/home\/wp-content\/uploads\/2024\/12\/Untitled-2.png","contentUrl":"https:\/\/transamerica93.com.br\/home\/wp-content\/uploads\/2024\/12\/Untitled-2.png","width":1024,"height":605,"caption":"Reprodu\u00e7\u00e3o\/ Instagram"},{"@type":"BreadcrumbList","@id":"https:\/\/transamerica93.com.br\/home\/mariana-rios-perdeu-30-da-audicao\/#breadcrumb","itemListElement":[{"@type":"ListItem","position":1,"name":"In\u00edcio","item":"https:\/\/transamerica93.com.br\/home\/"},{"@type":"ListItem","position":2,"name":"Mariana Rios perdeu 30% da audi\u00e7\u00e3o"}]},{"@type":"WebSite","@id":"https:\/\/transamerica93.com.br\/home\/#website","url":"https:\/\/transamerica93.com.br\/home\/","name":"Transam\u00e9rica Mococa 93,3","description":"","publisher":{"@id":"https:\/\/transamerica93.com.br\/home\/#organization"},"potentialAction":[{"@type":"SearchAction","target":{"@type":"EntryPoint","urlTemplate":"https:\/\/transamerica93.com.br\/home\/?s={search_term_string}"},"query-input":{"@type":"PropertyValueSpecification","valueRequired":true,"valueName":"search_term_string"}}],"inLanguage":"pt-BR"},{"@type":"Organization","@id":"https:\/\/transamerica93.com.br\/home\/#organization","name":"Transam\u00e9rica Mococa 93,3","url":"https:\/\/transamerica93.com.br\/home\/","logo":{"@type":"ImageObject","inLanguage":"pt-BR","@id":"https:\/\/transamerica93.com.br\/home\/#\/schema\/logo\/image\/","url":"https:\/\/transamerica93.com.br\/home\/wp-content\/uploads\/2023\/10\/logo2.png","contentUrl":"https:\/\/transamerica93.com.br\/home\/wp-content\/uploads\/2023\/10\/logo2.png","width":800,"height":500,"caption":"Transam\u00e9rica Mococa 93,3"},"image":{"@id":"https:\/\/transamerica93.com.br\/home\/#\/schema\/logo\/image\/"},"sameAs":["https:\/\/www.facebook.com\/transamericamococa","https:\/\/x.com\/transamerica933","https:\/\/www.instagram.com\/transamericamococa"]},{"@type":"Person","@id":"https:\/\/transamerica93.com.br\/home\/#\/schema\/person\/7fed7c99c0d4562efa8561bc0f543172","name":"Reda\u00e7\u00e3o","image":{"@type":"ImageObject","inLanguage":"pt-BR","@id":"https:\/\/secure.gravatar.com\/avatar\/1072c6b775fb02ef8506ce967551d95926669a6b7d2c2147b42eea4d7c68395e?s=96&d=mm&r=g","url":"https:\/\/secure.gravatar.com\/avatar\/1072c6b775fb02ef8506ce967551d95926669a6b7d2c2147b42eea4d7c68395e?s=96&d=mm&r=g","contentUrl":"https:\/\/secure.gravatar.com\/avatar\/1072c6b775fb02ef8506ce967551d95926669a6b7d2c2147b42eea4d7c68395e?s=96&d=mm&r=g","caption":"Reda\u00e7\u00e3o"},"sameAs":["https:\/\/transamerica93.com.br\/home"],"url":"https:\/\/transamerica93.com.br\/home\/author\/william\/"}]}},"_links":{"self":[{"href":"https:\/\/transamerica93.com.br\/home\/wp-json\/wp\/v2\/posts\/4345","targetHints":{"allow":["GET"]}}],"collection":[{"href":"https:\/\/transamerica93.com.br\/home\/wp-json\/wp\/v2\/posts"}],"about":[{"href":"https:\/\/transamerica93.com.br\/home\/wp-json\/wp\/v2\/types\/post"}],"author":[{"embeddable":true,"href":"https:\/\/transamerica93.com.br\/home\/wp-json\/wp\/v2\/users\/1"}],"replies":[{"embeddable":true,"href":"https:\/\/transamerica93.com.br\/home\/wp-json\/wp\/v2\/comments?post=4345"}],"version-history":[{"count":1,"href":"https:\/\/transamerica93.com.br\/home\/wp-json\/wp\/v2\/posts\/4345\/revisions"}],"predecessor-version":[{"id":4347,"href":"https:\/\/transamerica93.com.br\/home\/wp-json\/wp\/v2\/posts\/4345\/revisions\/4347"}],"wp:featuredmedia":[{"embeddable":true,"href":"https:\/\/transamerica93.com.br\/home\/wp-json\/wp\/v2\/media\/4346"}],"wp:attachment":[{"href":"https:\/\/transamerica93.com.br\/home\/wp-json\/wp\/v2\/media?parent=4345"}],"wp:term":[{"taxonomy":"category","embeddable":true,"href":"https:\/\/transamerica93.com.br\/home\/wp-json\/wp\/v2\/categories?post=4345"},{"taxonomy":"post_tag","embeddable":true,"href":"https:\/\/transamerica93.com.br\/home\/wp-json\/wp\/v2\/tags?post=4345"}],"curies":[{"name":"wp","href":"https:\/\/api.w.org\/{rel}","templated":true}]}}