{"id":4348,"date":"2024-12-18T18:00:20","date_gmt":"2024-12-18T21:00:20","guid":{"rendered":"https:\/\/transamerica93.com.br\/home\/?p=4348"},"modified":"2024-12-15T13:21:25","modified_gmt":"2024-12-15T16:21:25","slug":"preciso-de-ferias-diz-paulo-mathias-apos-ser-demitido-pelo-sbt","status":"publish","type":"post","link":"https:\/\/transamerica93.com.br\/home\/preciso-de-ferias-diz-paulo-mathias-apos-ser-demitido-pelo-sbt\/","title":{"rendered":"&#8216;Preciso de f\u00e9rias&#8217;, diz Paulo Mathias ap\u00f3s ser demitido pelo SBT"},"content":{"rendered":"<div id=\"Corpo\">\n<h6 class=\"Assina\">Por Reda\u00e7\u00e3o O Estado de S. Paulo<\/h6>\n<p>O jornalista Paulo Mathias n\u00e3o faz mais parte do elenco do SBT. Ele foi demitido quatro dias depois do fim do matinal\u00a0<i>Chega Mais<\/i>, que estreou em mar\u00e7o. Em suas redes sociais, o jornalista se pronunciou sobre sua demiss\u00e3o: &#8220;Parei o carro para dar uma not\u00edcia importante a quem me acompanha. Hoje, eu me desligo oficialmente do SBT&#8221;, come\u00e7ou.<\/p>\n<p>&#8220;Gente, calma, aqui dentro do meu cora\u00e7\u00e3o t\u00e1 o mais profundo sentimento de gratid\u00e3o a essa casa maravilhosa que me acolheu no in\u00edcio do ano e que me fez ter um 2024 muito, mas muito feliz&#8221;.<\/p>\n<p>Apesar da demiss\u00e3o e do fim do programa, Mathias afirma que est\u00e1 bem e realizado. &#8220;E eu quero muito agradecer a toda a fam\u00edlia Abravanel, em nome da Daniela , que est\u00e1 \u00e0 frente do SBT agora, em todo esse processo de reestrutura\u00e7\u00e3o e que sempre gostou do meu trabalho, acreditou em mim e torceu tanto por mim. Muito obrigado, Dani, obrigado a toda a fam\u00edlia Abravanel, a todas as irm\u00e3s, a toda a fam\u00edlia mesmo pelo carinho&#8221;, ressalta.<\/p>\n<p>O jornalista tamb\u00e9m agradeceu aos f\u00e3s que o acompanharam depois que ele deixou a Jovem Pan para tentar a empreitada na emissora de Silvio Santos, que morreu em agosto de 2024. &#8220;Obrigado a voc\u00ea que me assistiu no SBT, firme e forte, e todo santo dia, a minha gratid\u00e3o e o meu obrigado.&#8221;<\/p>\n<p>Entretanto, o jornalista desconversou sobre seus pr\u00f3ximos passos profissionais. &#8220;E a\u00ed voc\u00eas v\u00e3o me perguntar: \u2018\u00d4, Paulo, o que voc\u00ea vai fazer agora, hein?\u2019. E eu vou responder uma coisa: eu vou tirar umas f\u00e9rias maravilhosas, dar aquela descansada que eu estou precisando&#8221;, apontou, bem-humorado.<\/p>\n<p><b>Regina Volpato e Michelle Barros tamb\u00e9m foram demitidas<\/b><\/p>\n<p>Com o fim repentino do\u00a0<i>Chega Mais<\/i>, Regina Volpato e Michelle Barros, que comandavam a atra\u00e7\u00e3o com Paulo Mathias, tamb\u00e9m foram desligadas. As duas agradeceram ao SBT pelo tempo em que ficaram no ar no programa matinal.<\/p>\n<p>&#8220;Enxergo como um neg\u00f3cio. O programa era um produto, a empresa esperava um retorno espec\u00edfico dele e entendeu que n\u00e3o alcan\u00e7ou esse retorno. O SBT foi incr\u00edvel ao abrir as portas para mim e permitir que eu mergulhasse nesse projeto que era, sim, algo que queria muito fazer&#8221;, disse Michelle.<\/p>\n<p>Regina mostrou em suas redes sociais um buqu\u00ea de flores e um cart\u00e3o enviado pelo SBT, agradecendo sua presen\u00e7a na emissora, assinado pela presidente Daniela Beyruti. Ela devolveu agradecendo a executiva.<\/p>\n<p>Essa foi a segunda passagem de Regina Volpato pelo SBT. Entre 2004 e 2008, a apresentadora comandou primeira fase do\u00a0<i>Casos de Fam\u00edlia<\/i>, sendo substitu\u00edda por Christina Rocha. Ap\u00f3s deixar o canal de Silvio Santos, ela teve passagens por emissoras como RedeTV! e TV Gazeta, onde comandou o\u00a0<i>Mulheres<\/i>.<\/div>\n","protected":false},"excerpt":{"rendered":"<p>Por Reda\u00e7\u00e3o O Estado de S. Paulo O jornalista Paulo Mathias n\u00e3o faz mais parte do elenco do SBT. Ele foi demitido quatro dias depois do fim do matinal\u00a0Chega Mais, que estreou em mar\u00e7o. Em suas redes sociais, o jornalista se pronunciou sobre sua demiss\u00e3o: &#8220;Parei o carro para dar uma not\u00edcia importante a quem &hellip;<\/p>\n","protected":false},"author":1,"featured_media":4350,"comment_status":"closed","ping_status":"closed","sticky":false,"template":"","format":"standard","meta":{"footnotes":""},"categories":[24],"tags":[],"class_list":["post-4348","post","type-post","status-publish","format-standard","has-post-thumbnail","hentry","category-entretenimento"],"yoast_head":"<!-- This site is optimized with the Yoast SEO plugin v27.4 - https:\/\/yoast.com\/product\/yoast-seo-wordpress\/ -->\n<title>&#039;Preciso de f\u00e9rias&#039;, diz Paulo Mathias ap\u00f3s ser demitido pelo SBT - Transam\u00e9rica Mococa 93,3<\/title>\n<meta name=\"robots\" content=\"index, follow, max-snippet:-1, max-image-preview:large, max-video-preview:-1\" \/>\n<link rel=\"canonical\" href=\"https:\/\/transamerica93.com.br\/home\/preciso-de-ferias-diz-paulo-mathias-apos-ser-demitido-pelo-sbt\/\" \/>\n<meta property=\"og:locale\" content=\"pt_BR\" \/>\n<meta property=\"og:type\" content=\"article\" \/>\n<meta property=\"og:title\" content=\"&#039;Preciso de f\u00e9rias&#039;, diz Paulo Mathias ap\u00f3s ser demitido pelo SBT - Transam\u00e9rica Mococa 93,3\" \/>\n<meta property=\"og:description\" content=\"Por Reda\u00e7\u00e3o O Estado de S. Paulo O jornalista Paulo Mathias n\u00e3o faz mais parte do elenco do SBT. Ele foi demitido quatro dias depois do fim do matinal\u00a0Chega Mais, que estreou em mar\u00e7o. Em suas redes sociais, o jornalista se pronunciou sobre sua demiss\u00e3o: &#8220;Parei o carro para dar uma not\u00edcia importante a quem &hellip;\" \/>\n<meta property=\"og:url\" content=\"https:\/\/transamerica93.com.br\/home\/preciso-de-ferias-diz-paulo-mathias-apos-ser-demitido-pelo-sbt\/\" \/>\n<meta property=\"og:site_name\" content=\"Transam\u00e9rica Mococa 93,3\" \/>\n<meta property=\"article:publisher\" content=\"https:\/\/www.facebook.com\/transamericamococa\" \/>\n<meta property=\"article:published_time\" content=\"2024-12-18T21:00:20+00:00\" \/>\n<meta property=\"og:image\" content=\"https:\/\/transamerica93.com.br\/home\/wp-content\/uploads\/2024\/12\/Untitled-3.png\" \/>\n\t<meta property=\"og:image:width\" content=\"1024\" \/>\n\t<meta property=\"og:image:height\" content=\"605\" \/>\n\t<meta property=\"og:image:type\" content=\"image\/png\" \/>\n<meta name=\"author\" content=\"Reda\u00e7\u00e3o\" \/>\n<meta name=\"twitter:card\" content=\"summary_large_image\" \/>\n<meta name=\"twitter:creator\" content=\"@transamerica933\" \/>\n<meta name=\"twitter:site\" content=\"@transamerica933\" \/>\n<meta name=\"twitter:label1\" content=\"Escrito por\" \/>\n\t<meta name=\"twitter:data1\" content=\"Reda\u00e7\u00e3o\" \/>\n\t<meta name=\"twitter:label2\" content=\"Est. tempo de leitura\" \/>\n\t<meta name=\"twitter:data2\" content=\"3 minutos\" \/>\n<script type=\"application\/ld+json\" class=\"yoast-schema-graph\">{\"@context\":\"https:\\\/\\\/schema.org\",\"@graph\":[{\"@type\":\"Article\",\"@id\":\"https:\\\/\\\/transamerica93.com.br\\\/home\\\/preciso-de-ferias-diz-paulo-mathias-apos-ser-demitido-pelo-sbt\\\/#article\",\"isPartOf\":{\"@id\":\"https:\\\/\\\/transamerica93.com.br\\\/home\\\/preciso-de-ferias-diz-paulo-mathias-apos-ser-demitido-pelo-sbt\\\/\"},\"author\":{\"name\":\"Reda\u00e7\u00e3o\",\"@id\":\"https:\\\/\\\/transamerica93.com.br\\\/home\\\/#\\\/schema\\\/person\\\/7fed7c99c0d4562efa8561bc0f543172\"},\"headline\":\"&#8216;Preciso de f\u00e9rias&#8217;, diz Paulo Mathias ap\u00f3s ser demitido pelo SBT\",\"datePublished\":\"2024-12-18T21:00:20+00:00\",\"mainEntityOfPage\":{\"@id\":\"https:\\\/\\\/transamerica93.com.br\\\/home\\\/preciso-de-ferias-diz-paulo-mathias-apos-ser-demitido-pelo-sbt\\\/\"},\"wordCount\":495,\"publisher\":{\"@id\":\"https:\\\/\\\/transamerica93.com.br\\\/home\\\/#organization\"},\"image\":{\"@id\":\"https:\\\/\\\/transamerica93.com.br\\\/home\\\/preciso-de-ferias-diz-paulo-mathias-apos-ser-demitido-pelo-sbt\\\/#primaryimage\"},\"thumbnailUrl\":\"https:\\\/\\\/transamerica93.com.br\\\/home\\\/wp-content\\\/uploads\\\/2024\\\/12\\\/Untitled-3.png\",\"articleSection\":[\"Entretenimento\"],\"inLanguage\":\"pt-BR\"},{\"@type\":\"WebPage\",\"@id\":\"https:\\\/\\\/transamerica93.com.br\\\/home\\\/preciso-de-ferias-diz-paulo-mathias-apos-ser-demitido-pelo-sbt\\\/\",\"url\":\"https:\\\/\\\/transamerica93.com.br\\\/home\\\/preciso-de-ferias-diz-paulo-mathias-apos-ser-demitido-pelo-sbt\\\/\",\"name\":\"'Preciso de f\u00e9rias', diz Paulo Mathias ap\u00f3s ser demitido pelo SBT - Transam\u00e9rica Mococa 93,3\",\"isPartOf\":{\"@id\":\"https:\\\/\\\/transamerica93.com.br\\\/home\\\/#website\"},\"primaryImageOfPage\":{\"@id\":\"https:\\\/\\\/transamerica93.com.br\\\/home\\\/preciso-de-ferias-diz-paulo-mathias-apos-ser-demitido-pelo-sbt\\\/#primaryimage\"},\"image\":{\"@id\":\"https:\\\/\\\/transamerica93.com.br\\\/home\\\/preciso-de-ferias-diz-paulo-mathias-apos-ser-demitido-pelo-sbt\\\/#primaryimage\"},\"thumbnailUrl\":\"https:\\\/\\\/transamerica93.com.br\\\/home\\\/wp-content\\\/uploads\\\/2024\\\/12\\\/Untitled-3.png\",\"datePublished\":\"2024-12-18T21:00:20+00:00\",\"breadcrumb\":{\"@id\":\"https:\\\/\\\/transamerica93.com.br\\\/home\\\/preciso-de-ferias-diz-paulo-mathias-apos-ser-demitido-pelo-sbt\\\/#breadcrumb\"},\"inLanguage\":\"pt-BR\",\"potentialAction\":[{\"@type\":\"ReadAction\",\"target\":[\"https:\\\/\\\/transamerica93.com.br\\\/home\\\/preciso-de-ferias-diz-paulo-mathias-apos-ser-demitido-pelo-sbt\\\/\"]}]},{\"@type\":\"ImageObject\",\"inLanguage\":\"pt-BR\",\"@id\":\"https:\\\/\\\/transamerica93.com.br\\\/home\\\/preciso-de-ferias-diz-paulo-mathias-apos-ser-demitido-pelo-sbt\\\/#primaryimage\",\"url\":\"https:\\\/\\\/transamerica93.com.br\\\/home\\\/wp-content\\\/uploads\\\/2024\\\/12\\\/Untitled-3.png\",\"contentUrl\":\"https:\\\/\\\/transamerica93.com.br\\\/home\\\/wp-content\\\/uploads\\\/2024\\\/12\\\/Untitled-3.png\",\"width\":1024,\"height\":605,\"caption\":\"Foto: Reprodu\u00e7\u00e3o\"},{\"@type\":\"BreadcrumbList\",\"@id\":\"https:\\\/\\\/transamerica93.com.br\\\/home\\\/preciso-de-ferias-diz-paulo-mathias-apos-ser-demitido-pelo-sbt\\\/#breadcrumb\",\"itemListElement\":[{\"@type\":\"ListItem\",\"position\":1,\"name\":\"In\u00edcio\",\"item\":\"https:\\\/\\\/transamerica93.com.br\\\/home\\\/\"},{\"@type\":\"ListItem\",\"position\":2,\"name\":\"&#8216;Preciso de f\u00e9rias&#8217;, diz Paulo Mathias ap\u00f3s ser demitido pelo SBT\"}]},{\"@type\":\"WebSite\",\"@id\":\"https:\\\/\\\/transamerica93.com.br\\\/home\\\/#website\",\"url\":\"https:\\\/\\\/transamerica93.com.br\\\/home\\\/\",\"name\":\"Transam\u00e9rica Mococa 93,3\",\"description\":\"\",\"publisher\":{\"@id\":\"https:\\\/\\\/transamerica93.com.br\\\/home\\\/#organization\"},\"potentialAction\":[{\"@type\":\"SearchAction\",\"target\":{\"@type\":\"EntryPoint\",\"urlTemplate\":\"https:\\\/\\\/transamerica93.com.br\\\/home\\\/?s={search_term_string}\"},\"query-input\":{\"@type\":\"PropertyValueSpecification\",\"valueRequired\":true,\"valueName\":\"search_term_string\"}}],\"inLanguage\":\"pt-BR\"},{\"@type\":\"Organization\",\"@id\":\"https:\\\/\\\/transamerica93.com.br\\\/home\\\/#organization\",\"name\":\"Transam\u00e9rica Mococa 93,3\",\"url\":\"https:\\\/\\\/transamerica93.com.br\\\/home\\\/\",\"logo\":{\"@type\":\"ImageObject\",\"inLanguage\":\"pt-BR\",\"@id\":\"https:\\\/\\\/transamerica93.com.br\\\/home\\\/#\\\/schema\\\/logo\\\/image\\\/\",\"url\":\"https:\\\/\\\/transamerica93.com.br\\\/home\\\/wp-content\\\/uploads\\\/2023\\\/10\\\/logo2.png\",\"contentUrl\":\"https:\\\/\\\/transamerica93.com.br\\\/home\\\/wp-content\\\/uploads\\\/2023\\\/10\\\/logo2.png\",\"width\":800,\"height\":500,\"caption\":\"Transam\u00e9rica Mococa 93,3\"},\"image\":{\"@id\":\"https:\\\/\\\/transamerica93.com.br\\\/home\\\/#\\\/schema\\\/logo\\\/image\\\/\"},\"sameAs\":[\"https:\\\/\\\/www.facebook.com\\\/transamericamococa\",\"https:\\\/\\\/x.com\\\/transamerica933\",\"https:\\\/\\\/www.instagram.com\\\/transamericamococa\"]},{\"@type\":\"Person\",\"@id\":\"https:\\\/\\\/transamerica93.com.br\\\/home\\\/#\\\/schema\\\/person\\\/7fed7c99c0d4562efa8561bc0f543172\",\"name\":\"Reda\u00e7\u00e3o\",\"image\":{\"@type\":\"ImageObject\",\"inLanguage\":\"pt-BR\",\"@id\":\"https:\\\/\\\/secure.gravatar.com\\\/avatar\\\/1072c6b775fb02ef8506ce967551d95926669a6b7d2c2147b42eea4d7c68395e?s=96&d=mm&r=g\",\"url\":\"https:\\\/\\\/secure.gravatar.com\\\/avatar\\\/1072c6b775fb02ef8506ce967551d95926669a6b7d2c2147b42eea4d7c68395e?s=96&d=mm&r=g\",\"contentUrl\":\"https:\\\/\\\/secure.gravatar.com\\\/avatar\\\/1072c6b775fb02ef8506ce967551d95926669a6b7d2c2147b42eea4d7c68395e?s=96&d=mm&r=g\",\"caption\":\"Reda\u00e7\u00e3o\"},\"sameAs\":[\"https:\\\/\\\/transamerica93.com.br\\\/home\"],\"url\":\"https:\\\/\\\/transamerica93.com.br\\\/home\\\/author\\\/william\\\/\"}]}<\/script>\n<!-- \/ Yoast SEO plugin. -->","yoast_head_json":{"title":"'Preciso de f\u00e9rias', diz Paulo Mathias ap\u00f3s ser demitido pelo SBT - Transam\u00e9rica Mococa 93,3","robots":{"index":"index","follow":"follow","max-snippet":"max-snippet:-1","max-image-preview":"max-image-preview:large","max-video-preview":"max-video-preview:-1"},"canonical":"https:\/\/transamerica93.com.br\/home\/preciso-de-ferias-diz-paulo-mathias-apos-ser-demitido-pelo-sbt\/","og_locale":"pt_BR","og_type":"article","og_title":"'Preciso de f\u00e9rias', diz Paulo Mathias ap\u00f3s ser demitido pelo SBT - Transam\u00e9rica Mococa 93,3","og_description":"Por Reda\u00e7\u00e3o O Estado de S. Paulo O jornalista Paulo Mathias n\u00e3o faz mais parte do elenco do SBT. Ele foi demitido quatro dias depois do fim do matinal\u00a0Chega Mais, que estreou em mar\u00e7o. Em suas redes sociais, o jornalista se pronunciou sobre sua demiss\u00e3o: &#8220;Parei o carro para dar uma not\u00edcia importante a quem &hellip;","og_url":"https:\/\/transamerica93.com.br\/home\/preciso-de-ferias-diz-paulo-mathias-apos-ser-demitido-pelo-sbt\/","og_site_name":"Transam\u00e9rica Mococa 93,3","article_publisher":"https:\/\/www.facebook.com\/transamericamococa","article_published_time":"2024-12-18T21:00:20+00:00","og_image":[{"width":1024,"height":605,"url":"https:\/\/transamerica93.com.br\/home\/wp-content\/uploads\/2024\/12\/Untitled-3.png","type":"image\/png"}],"author":"Reda\u00e7\u00e3o","twitter_card":"summary_large_image","twitter_creator":"@transamerica933","twitter_site":"@transamerica933","twitter_misc":{"Escrito por":"Reda\u00e7\u00e3o","Est. tempo de leitura":"3 minutos"},"schema":{"@context":"https:\/\/schema.org","@graph":[{"@type":"Article","@id":"https:\/\/transamerica93.com.br\/home\/preciso-de-ferias-diz-paulo-mathias-apos-ser-demitido-pelo-sbt\/#article","isPartOf":{"@id":"https:\/\/transamerica93.com.br\/home\/preciso-de-ferias-diz-paulo-mathias-apos-ser-demitido-pelo-sbt\/"},"author":{"name":"Reda\u00e7\u00e3o","@id":"https:\/\/transamerica93.com.br\/home\/#\/schema\/person\/7fed7c99c0d4562efa8561bc0f543172"},"headline":"&#8216;Preciso de f\u00e9rias&#8217;, diz Paulo Mathias ap\u00f3s ser demitido pelo SBT","datePublished":"2024-12-18T21:00:20+00:00","mainEntityOfPage":{"@id":"https:\/\/transamerica93.com.br\/home\/preciso-de-ferias-diz-paulo-mathias-apos-ser-demitido-pelo-sbt\/"},"wordCount":495,"publisher":{"@id":"https:\/\/transamerica93.com.br\/home\/#organization"},"image":{"@id":"https:\/\/transamerica93.com.br\/home\/preciso-de-ferias-diz-paulo-mathias-apos-ser-demitido-pelo-sbt\/#primaryimage"},"thumbnailUrl":"https:\/\/transamerica93.com.br\/home\/wp-content\/uploads\/2024\/12\/Untitled-3.png","articleSection":["Entretenimento"],"inLanguage":"pt-BR"},{"@type":"WebPage","@id":"https:\/\/transamerica93.com.br\/home\/preciso-de-ferias-diz-paulo-mathias-apos-ser-demitido-pelo-sbt\/","url":"https:\/\/transamerica93.com.br\/home\/preciso-de-ferias-diz-paulo-mathias-apos-ser-demitido-pelo-sbt\/","name":"'Preciso de f\u00e9rias', diz Paulo Mathias ap\u00f3s ser demitido pelo SBT - Transam\u00e9rica Mococa 93,3","isPartOf":{"@id":"https:\/\/transamerica93.com.br\/home\/#website"},"primaryImageOfPage":{"@id":"https:\/\/transamerica93.com.br\/home\/preciso-de-ferias-diz-paulo-mathias-apos-ser-demitido-pelo-sbt\/#primaryimage"},"image":{"@id":"https:\/\/transamerica93.com.br\/home\/preciso-de-ferias-diz-paulo-mathias-apos-ser-demitido-pelo-sbt\/#primaryimage"},"thumbnailUrl":"https:\/\/transamerica93.com.br\/home\/wp-content\/uploads\/2024\/12\/Untitled-3.png","datePublished":"2024-12-18T21:00:20+00:00","breadcrumb":{"@id":"https:\/\/transamerica93.com.br\/home\/preciso-de-ferias-diz-paulo-mathias-apos-ser-demitido-pelo-sbt\/#breadcrumb"},"inLanguage":"pt-BR","potentialAction":[{"@type":"ReadAction","target":["https:\/\/transamerica93.com.br\/home\/preciso-de-ferias-diz-paulo-mathias-apos-ser-demitido-pelo-sbt\/"]}]},{"@type":"ImageObject","inLanguage":"pt-BR","@id":"https:\/\/transamerica93.com.br\/home\/preciso-de-ferias-diz-paulo-mathias-apos-ser-demitido-pelo-sbt\/#primaryimage","url":"https:\/\/transamerica93.com.br\/home\/wp-content\/uploads\/2024\/12\/Untitled-3.png","contentUrl":"https:\/\/transamerica93.com.br\/home\/wp-content\/uploads\/2024\/12\/Untitled-3.png","width":1024,"height":605,"caption":"Foto: Reprodu\u00e7\u00e3o"},{"@type":"BreadcrumbList","@id":"https:\/\/transamerica93.com.br\/home\/preciso-de-ferias-diz-paulo-mathias-apos-ser-demitido-pelo-sbt\/#breadcrumb","itemListElement":[{"@type":"ListItem","position":1,"name":"In\u00edcio","item":"https:\/\/transamerica93.com.br\/home\/"},{"@type":"ListItem","position":2,"name":"&#8216;Preciso de f\u00e9rias&#8217;, diz Paulo Mathias ap\u00f3s ser demitido pelo SBT"}]},{"@type":"WebSite","@id":"https:\/\/transamerica93.com.br\/home\/#website","url":"https:\/\/transamerica93.com.br\/home\/","name":"Transam\u00e9rica Mococa 93,3","description":"","publisher":{"@id":"https:\/\/transamerica93.com.br\/home\/#organization"},"potentialAction":[{"@type":"SearchAction","target":{"@type":"EntryPoint","urlTemplate":"https:\/\/transamerica93.com.br\/home\/?s={search_term_string}"},"query-input":{"@type":"PropertyValueSpecification","valueRequired":true,"valueName":"search_term_string"}}],"inLanguage":"pt-BR"},{"@type":"Organization","@id":"https:\/\/transamerica93.com.br\/home\/#organization","name":"Transam\u00e9rica Mococa 93,3","url":"https:\/\/transamerica93.com.br\/home\/","logo":{"@type":"ImageObject","inLanguage":"pt-BR","@id":"https:\/\/transamerica93.com.br\/home\/#\/schema\/logo\/image\/","url":"https:\/\/transamerica93.com.br\/home\/wp-content\/uploads\/2023\/10\/logo2.png","contentUrl":"https:\/\/transamerica93.com.br\/home\/wp-content\/uploads\/2023\/10\/logo2.png","width":800,"height":500,"caption":"Transam\u00e9rica Mococa 93,3"},"image":{"@id":"https:\/\/transamerica93.com.br\/home\/#\/schema\/logo\/image\/"},"sameAs":["https:\/\/www.facebook.com\/transamericamococa","https:\/\/x.com\/transamerica933","https:\/\/www.instagram.com\/transamericamococa"]},{"@type":"Person","@id":"https:\/\/transamerica93.com.br\/home\/#\/schema\/person\/7fed7c99c0d4562efa8561bc0f543172","name":"Reda\u00e7\u00e3o","image":{"@type":"ImageObject","inLanguage":"pt-BR","@id":"https:\/\/secure.gravatar.com\/avatar\/1072c6b775fb02ef8506ce967551d95926669a6b7d2c2147b42eea4d7c68395e?s=96&d=mm&r=g","url":"https:\/\/secure.gravatar.com\/avatar\/1072c6b775fb02ef8506ce967551d95926669a6b7d2c2147b42eea4d7c68395e?s=96&d=mm&r=g","contentUrl":"https:\/\/secure.gravatar.com\/avatar\/1072c6b775fb02ef8506ce967551d95926669a6b7d2c2147b42eea4d7c68395e?s=96&d=mm&r=g","caption":"Reda\u00e7\u00e3o"},"sameAs":["https:\/\/transamerica93.com.br\/home"],"url":"https:\/\/transamerica93.com.br\/home\/author\/william\/"}]}},"_links":{"self":[{"href":"https:\/\/transamerica93.com.br\/home\/wp-json\/wp\/v2\/posts\/4348","targetHints":{"allow":["GET"]}}],"collection":[{"href":"https:\/\/transamerica93.com.br\/home\/wp-json\/wp\/v2\/posts"}],"about":[{"href":"https:\/\/transamerica93.com.br\/home\/wp-json\/wp\/v2\/types\/post"}],"author":[{"embeddable":true,"href":"https:\/\/transamerica93.com.br\/home\/wp-json\/wp\/v2\/users\/1"}],"replies":[{"embeddable":true,"href":"https:\/\/transamerica93.com.br\/home\/wp-json\/wp\/v2\/comments?post=4348"}],"version-history":[{"count":1,"href":"https:\/\/transamerica93.com.br\/home\/wp-json\/wp\/v2\/posts\/4348\/revisions"}],"predecessor-version":[{"id":4351,"href":"https:\/\/transamerica93.com.br\/home\/wp-json\/wp\/v2\/posts\/4348\/revisions\/4351"}],"wp:featuredmedia":[{"embeddable":true,"href":"https:\/\/transamerica93.com.br\/home\/wp-json\/wp\/v2\/media\/4350"}],"wp:attachment":[{"href":"https:\/\/transamerica93.com.br\/home\/wp-json\/wp\/v2\/media?parent=4348"}],"wp:term":[{"taxonomy":"category","embeddable":true,"href":"https:\/\/transamerica93.com.br\/home\/wp-json\/wp\/v2\/categories?post=4348"},{"taxonomy":"post_tag","embeddable":true,"href":"https:\/\/transamerica93.com.br\/home\/wp-json\/wp\/v2\/tags?post=4348"}],"curies":[{"name":"wp","href":"https:\/\/api.w.org\/{rel}","templated":true}]}}