{"id":4355,"date":"2024-12-20T18:00:00","date_gmt":"2024-12-20T21:00:00","guid":{"rendered":"https:\/\/transamerica93.com.br\/home\/?p=4355"},"modified":"2024-12-15T13:24:20","modified_gmt":"2024-12-15T16:24:20","slug":"carla-diaz-se-pronuncia-apos-ser-criticada-por-mudanca-em-aparencia-gente-eu-nao-fiz-nada","status":"publish","type":"post","link":"https:\/\/transamerica93.com.br\/home\/carla-diaz-se-pronuncia-apos-ser-criticada-por-mudanca-em-aparencia-gente-eu-nao-fiz-nada\/","title":{"rendered":"Carla Diaz se pronuncia ap\u00f3s ser criticada por mudan\u00e7a em apar\u00eancia: &#8216;Gente, eu n\u00e3o fiz nada!&#8217;"},"content":{"rendered":"<p>Por Reda\u00e7\u00e3o E+<\/p>\n<p>Carla Diaz se pronunciou nas redes sociais ap\u00f3s ser alvo de coment\u00e1rios sobre seu rosto. A atriz completou 34 anos no \u00faltimo dia 28 e compartilhou momentos da comemora\u00e7\u00e3o. Seus seguidores e f\u00e3s se &#8220;impressionaram&#8221; com o novo visual da atriz e perguntaram se ela realizou procedimentos est\u00e9ticos. Carla desativou os coment\u00e1rios.<\/p>\n<p>Na \u00faltima ter\u00e7a-feira, 10, a ex-<i>BBB<\/i>, que est\u00e1 realizando um interc\u00e2mbio em Nova York, nos Estados Unidos, decidiu responder aos seus seguidores. &#8220;Estou sabendo que hoje fui atacada no Brasil. Cheguei aqui e estou recebendo um monte de mensagem dizendo que falaram um monte de coisa minha, sobre minha apar\u00eancia, que estou mega diferente, irreconhec\u00edvel, que eu fiz isso, que eu fiz aquilo&#8230; Gente, eu n\u00e3o fiz nada! S\u00f3 para avisar voc\u00eas, estou aqui em Nova Iorque, estou estudando, e pintei meu cabelo na semana passada&#8221;, esclareceu.<\/p>\n<p>Apesar de criticar as pessoas que fizeram os coment\u00e1rios, a atriz explicou que n\u00e3o v\u00ea problemas em realizar procedimentos est\u00e9ticos, mas que esse n\u00e3o foi o caso.<\/p>\n<p>&#8220;N\u00e3o sou contra quem faz, mas s\u00f3 para esclarecer, porque o povo adora julgar, adora sair falando coisas, atacando, apontando, jogando hate&#8230; Mas vou nem parar para ler essas coisas, n\u00e3o, porque estou em Nova Iorque&#8221;, finalizou.<\/p>\n<p>Em julho de 2018, Carla Diaz passou por uma rinoplastia. Outros poss\u00edveis procedimentos est\u00e9ticos n\u00e3o foram compartilhados pela artista.<\/p>\n","protected":false},"excerpt":{"rendered":"<p>Por Reda\u00e7\u00e3o E+ Carla Diaz se pronunciou nas redes sociais ap\u00f3s ser alvo de coment\u00e1rios sobre seu rosto. A atriz completou 34 anos no \u00faltimo dia 28 e compartilhou momentos da comemora\u00e7\u00e3o. Seus seguidores e f\u00e3s se &#8220;impressionaram&#8221; com o novo visual da atriz e perguntaram se ela realizou procedimentos est\u00e9ticos. Carla desativou os coment\u00e1rios. &hellip;<\/p>\n","protected":false},"author":1,"featured_media":4356,"comment_status":"closed","ping_status":"closed","sticky":false,"template":"","format":"standard","meta":{"footnotes":""},"categories":[24],"tags":[],"class_list":["post-4355","post","type-post","status-publish","format-standard","has-post-thumbnail","hentry","category-entretenimento"],"yoast_head":"<!-- This site is optimized with the Yoast SEO plugin v27.4 - https:\/\/yoast.com\/product\/yoast-seo-wordpress\/ -->\n<title>Carla Diaz se pronuncia ap\u00f3s ser criticada por mudan\u00e7a em apar\u00eancia: &#039;Gente, eu n\u00e3o fiz nada!&#039; - Transam\u00e9rica Mococa 93,3<\/title>\n<meta name=\"robots\" content=\"index, follow, max-snippet:-1, max-image-preview:large, max-video-preview:-1\" \/>\n<link rel=\"canonical\" href=\"https:\/\/transamerica93.com.br\/home\/carla-diaz-se-pronuncia-apos-ser-criticada-por-mudanca-em-aparencia-gente-eu-nao-fiz-nada\/\" \/>\n<meta property=\"og:locale\" content=\"pt_BR\" \/>\n<meta property=\"og:type\" content=\"article\" \/>\n<meta property=\"og:title\" content=\"Carla Diaz se pronuncia ap\u00f3s ser criticada por mudan\u00e7a em apar\u00eancia: &#039;Gente, eu n\u00e3o fiz nada!&#039; - Transam\u00e9rica Mococa 93,3\" \/>\n<meta property=\"og:description\" content=\"Por Reda\u00e7\u00e3o E+ Carla Diaz se pronunciou nas redes sociais ap\u00f3s ser alvo de coment\u00e1rios sobre seu rosto. A atriz completou 34 anos no \u00faltimo dia 28 e compartilhou momentos da comemora\u00e7\u00e3o. Seus seguidores e f\u00e3s se &#8220;impressionaram&#8221; com o novo visual da atriz e perguntaram se ela realizou procedimentos est\u00e9ticos. Carla desativou os coment\u00e1rios. &hellip;\" \/>\n<meta property=\"og:url\" content=\"https:\/\/transamerica93.com.br\/home\/carla-diaz-se-pronuncia-apos-ser-criticada-por-mudanca-em-aparencia-gente-eu-nao-fiz-nada\/\" \/>\n<meta property=\"og:site_name\" content=\"Transam\u00e9rica Mococa 93,3\" \/>\n<meta property=\"article:publisher\" content=\"https:\/\/www.facebook.com\/transamericamococa\" \/>\n<meta property=\"article:published_time\" content=\"2024-12-20T21:00:00+00:00\" \/>\n<meta property=\"og:image\" content=\"https:\/\/transamerica93.com.br\/home\/wp-content\/uploads\/2024\/12\/Untitled-4.png\" \/>\n\t<meta property=\"og:image:width\" content=\"1200\" \/>\n\t<meta property=\"og:image:height\" content=\"630\" \/>\n\t<meta property=\"og:image:type\" content=\"image\/png\" \/>\n<meta name=\"author\" content=\"Reda\u00e7\u00e3o\" \/>\n<meta name=\"twitter:card\" content=\"summary_large_image\" \/>\n<meta name=\"twitter:creator\" content=\"@transamerica933\" \/>\n<meta name=\"twitter:site\" content=\"@transamerica933\" \/>\n<meta name=\"twitter:label1\" content=\"Escrito por\" \/>\n\t<meta name=\"twitter:data1\" content=\"Reda\u00e7\u00e3o\" \/>\n\t<meta name=\"twitter:label2\" content=\"Est. tempo de leitura\" \/>\n\t<meta name=\"twitter:data2\" content=\"2 minutos\" \/>\n<script type=\"application\/ld+json\" class=\"yoast-schema-graph\">{\"@context\":\"https:\\\/\\\/schema.org\",\"@graph\":[{\"@type\":\"Article\",\"@id\":\"https:\\\/\\\/transamerica93.com.br\\\/home\\\/carla-diaz-se-pronuncia-apos-ser-criticada-por-mudanca-em-aparencia-gente-eu-nao-fiz-nada\\\/#article\",\"isPartOf\":{\"@id\":\"https:\\\/\\\/transamerica93.com.br\\\/home\\\/carla-diaz-se-pronuncia-apos-ser-criticada-por-mudanca-em-aparencia-gente-eu-nao-fiz-nada\\\/\"},\"author\":{\"name\":\"Reda\u00e7\u00e3o\",\"@id\":\"https:\\\/\\\/transamerica93.com.br\\\/home\\\/#\\\/schema\\\/person\\\/7fed7c99c0d4562efa8561bc0f543172\"},\"headline\":\"Carla Diaz se pronuncia ap\u00f3s ser criticada por mudan\u00e7a em apar\u00eancia: &#8216;Gente, eu n\u00e3o fiz nada!&#8217;\",\"datePublished\":\"2024-12-20T21:00:00+00:00\",\"mainEntityOfPage\":{\"@id\":\"https:\\\/\\\/transamerica93.com.br\\\/home\\\/carla-diaz-se-pronuncia-apos-ser-criticada-por-mudanca-em-aparencia-gente-eu-nao-fiz-nada\\\/\"},\"wordCount\":263,\"publisher\":{\"@id\":\"https:\\\/\\\/transamerica93.com.br\\\/home\\\/#organization\"},\"image\":{\"@id\":\"https:\\\/\\\/transamerica93.com.br\\\/home\\\/carla-diaz-se-pronuncia-apos-ser-criticada-por-mudanca-em-aparencia-gente-eu-nao-fiz-nada\\\/#primaryimage\"},\"thumbnailUrl\":\"https:\\\/\\\/transamerica93.com.br\\\/home\\\/wp-content\\\/uploads\\\/2024\\\/12\\\/Untitled-4.png\",\"articleSection\":[\"Entretenimento\"],\"inLanguage\":\"pt-BR\"},{\"@type\":\"WebPage\",\"@id\":\"https:\\\/\\\/transamerica93.com.br\\\/home\\\/carla-diaz-se-pronuncia-apos-ser-criticada-por-mudanca-em-aparencia-gente-eu-nao-fiz-nada\\\/\",\"url\":\"https:\\\/\\\/transamerica93.com.br\\\/home\\\/carla-diaz-se-pronuncia-apos-ser-criticada-por-mudanca-em-aparencia-gente-eu-nao-fiz-nada\\\/\",\"name\":\"Carla Diaz se pronuncia ap\u00f3s ser criticada por mudan\u00e7a em apar\u00eancia: 'Gente, eu n\u00e3o fiz nada!' - Transam\u00e9rica Mococa 93,3\",\"isPartOf\":{\"@id\":\"https:\\\/\\\/transamerica93.com.br\\\/home\\\/#website\"},\"primaryImageOfPage\":{\"@id\":\"https:\\\/\\\/transamerica93.com.br\\\/home\\\/carla-diaz-se-pronuncia-apos-ser-criticada-por-mudanca-em-aparencia-gente-eu-nao-fiz-nada\\\/#primaryimage\"},\"image\":{\"@id\":\"https:\\\/\\\/transamerica93.com.br\\\/home\\\/carla-diaz-se-pronuncia-apos-ser-criticada-por-mudanca-em-aparencia-gente-eu-nao-fiz-nada\\\/#primaryimage\"},\"thumbnailUrl\":\"https:\\\/\\\/transamerica93.com.br\\\/home\\\/wp-content\\\/uploads\\\/2024\\\/12\\\/Untitled-4.png\",\"datePublished\":\"2024-12-20T21:00:00+00:00\",\"breadcrumb\":{\"@id\":\"https:\\\/\\\/transamerica93.com.br\\\/home\\\/carla-diaz-se-pronuncia-apos-ser-criticada-por-mudanca-em-aparencia-gente-eu-nao-fiz-nada\\\/#breadcrumb\"},\"inLanguage\":\"pt-BR\",\"potentialAction\":[{\"@type\":\"ReadAction\",\"target\":[\"https:\\\/\\\/transamerica93.com.br\\\/home\\\/carla-diaz-se-pronuncia-apos-ser-criticada-por-mudanca-em-aparencia-gente-eu-nao-fiz-nada\\\/\"]}]},{\"@type\":\"ImageObject\",\"inLanguage\":\"pt-BR\",\"@id\":\"https:\\\/\\\/transamerica93.com.br\\\/home\\\/carla-diaz-se-pronuncia-apos-ser-criticada-por-mudanca-em-aparencia-gente-eu-nao-fiz-nada\\\/#primaryimage\",\"url\":\"https:\\\/\\\/transamerica93.com.br\\\/home\\\/wp-content\\\/uploads\\\/2024\\\/12\\\/Untitled-4.png\",\"contentUrl\":\"https:\\\/\\\/transamerica93.com.br\\\/home\\\/wp-content\\\/uploads\\\/2024\\\/12\\\/Untitled-4.png\",\"width\":1200,\"height\":630},{\"@type\":\"BreadcrumbList\",\"@id\":\"https:\\\/\\\/transamerica93.com.br\\\/home\\\/carla-diaz-se-pronuncia-apos-ser-criticada-por-mudanca-em-aparencia-gente-eu-nao-fiz-nada\\\/#breadcrumb\",\"itemListElement\":[{\"@type\":\"ListItem\",\"position\":1,\"name\":\"In\u00edcio\",\"item\":\"https:\\\/\\\/transamerica93.com.br\\\/home\\\/\"},{\"@type\":\"ListItem\",\"position\":2,\"name\":\"Carla Diaz se pronuncia ap\u00f3s ser criticada por mudan\u00e7a em apar\u00eancia: &#8216;Gente, eu n\u00e3o fiz nada!&#8217;\"}]},{\"@type\":\"WebSite\",\"@id\":\"https:\\\/\\\/transamerica93.com.br\\\/home\\\/#website\",\"url\":\"https:\\\/\\\/transamerica93.com.br\\\/home\\\/\",\"name\":\"Transam\u00e9rica Mococa 93,3\",\"description\":\"\",\"publisher\":{\"@id\":\"https:\\\/\\\/transamerica93.com.br\\\/home\\\/#organization\"},\"potentialAction\":[{\"@type\":\"SearchAction\",\"target\":{\"@type\":\"EntryPoint\",\"urlTemplate\":\"https:\\\/\\\/transamerica93.com.br\\\/home\\\/?s={search_term_string}\"},\"query-input\":{\"@type\":\"PropertyValueSpecification\",\"valueRequired\":true,\"valueName\":\"search_term_string\"}}],\"inLanguage\":\"pt-BR\"},{\"@type\":\"Organization\",\"@id\":\"https:\\\/\\\/transamerica93.com.br\\\/home\\\/#organization\",\"name\":\"Transam\u00e9rica Mococa 93,3\",\"url\":\"https:\\\/\\\/transamerica93.com.br\\\/home\\\/\",\"logo\":{\"@type\":\"ImageObject\",\"inLanguage\":\"pt-BR\",\"@id\":\"https:\\\/\\\/transamerica93.com.br\\\/home\\\/#\\\/schema\\\/logo\\\/image\\\/\",\"url\":\"https:\\\/\\\/transamerica93.com.br\\\/home\\\/wp-content\\\/uploads\\\/2023\\\/10\\\/logo2.png\",\"contentUrl\":\"https:\\\/\\\/transamerica93.com.br\\\/home\\\/wp-content\\\/uploads\\\/2023\\\/10\\\/logo2.png\",\"width\":800,\"height\":500,\"caption\":\"Transam\u00e9rica Mococa 93,3\"},\"image\":{\"@id\":\"https:\\\/\\\/transamerica93.com.br\\\/home\\\/#\\\/schema\\\/logo\\\/image\\\/\"},\"sameAs\":[\"https:\\\/\\\/www.facebook.com\\\/transamericamococa\",\"https:\\\/\\\/x.com\\\/transamerica933\",\"https:\\\/\\\/www.instagram.com\\\/transamericamococa\"]},{\"@type\":\"Person\",\"@id\":\"https:\\\/\\\/transamerica93.com.br\\\/home\\\/#\\\/schema\\\/person\\\/7fed7c99c0d4562efa8561bc0f543172\",\"name\":\"Reda\u00e7\u00e3o\",\"image\":{\"@type\":\"ImageObject\",\"inLanguage\":\"pt-BR\",\"@id\":\"https:\\\/\\\/secure.gravatar.com\\\/avatar\\\/1072c6b775fb02ef8506ce967551d95926669a6b7d2c2147b42eea4d7c68395e?s=96&d=mm&r=g\",\"url\":\"https:\\\/\\\/secure.gravatar.com\\\/avatar\\\/1072c6b775fb02ef8506ce967551d95926669a6b7d2c2147b42eea4d7c68395e?s=96&d=mm&r=g\",\"contentUrl\":\"https:\\\/\\\/secure.gravatar.com\\\/avatar\\\/1072c6b775fb02ef8506ce967551d95926669a6b7d2c2147b42eea4d7c68395e?s=96&d=mm&r=g\",\"caption\":\"Reda\u00e7\u00e3o\"},\"sameAs\":[\"https:\\\/\\\/transamerica93.com.br\\\/home\"],\"url\":\"https:\\\/\\\/transamerica93.com.br\\\/home\\\/author\\\/william\\\/\"}]}<\/script>\n<!-- \/ Yoast SEO plugin. -->","yoast_head_json":{"title":"Carla Diaz se pronuncia ap\u00f3s ser criticada por mudan\u00e7a em apar\u00eancia: 'Gente, eu n\u00e3o fiz nada!' - Transam\u00e9rica Mococa 93,3","robots":{"index":"index","follow":"follow","max-snippet":"max-snippet:-1","max-image-preview":"max-image-preview:large","max-video-preview":"max-video-preview:-1"},"canonical":"https:\/\/transamerica93.com.br\/home\/carla-diaz-se-pronuncia-apos-ser-criticada-por-mudanca-em-aparencia-gente-eu-nao-fiz-nada\/","og_locale":"pt_BR","og_type":"article","og_title":"Carla Diaz se pronuncia ap\u00f3s ser criticada por mudan\u00e7a em apar\u00eancia: 'Gente, eu n\u00e3o fiz nada!' - Transam\u00e9rica Mococa 93,3","og_description":"Por Reda\u00e7\u00e3o E+ Carla Diaz se pronunciou nas redes sociais ap\u00f3s ser alvo de coment\u00e1rios sobre seu rosto. A atriz completou 34 anos no \u00faltimo dia 28 e compartilhou momentos da comemora\u00e7\u00e3o. Seus seguidores e f\u00e3s se &#8220;impressionaram&#8221; com o novo visual da atriz e perguntaram se ela realizou procedimentos est\u00e9ticos. Carla desativou os coment\u00e1rios. &hellip;","og_url":"https:\/\/transamerica93.com.br\/home\/carla-diaz-se-pronuncia-apos-ser-criticada-por-mudanca-em-aparencia-gente-eu-nao-fiz-nada\/","og_site_name":"Transam\u00e9rica Mococa 93,3","article_publisher":"https:\/\/www.facebook.com\/transamericamococa","article_published_time":"2024-12-20T21:00:00+00:00","og_image":[{"width":1200,"height":630,"url":"https:\/\/transamerica93.com.br\/home\/wp-content\/uploads\/2024\/12\/Untitled-4.png","type":"image\/png"}],"author":"Reda\u00e7\u00e3o","twitter_card":"summary_large_image","twitter_creator":"@transamerica933","twitter_site":"@transamerica933","twitter_misc":{"Escrito por":"Reda\u00e7\u00e3o","Est. tempo de leitura":"2 minutos"},"schema":{"@context":"https:\/\/schema.org","@graph":[{"@type":"Article","@id":"https:\/\/transamerica93.com.br\/home\/carla-diaz-se-pronuncia-apos-ser-criticada-por-mudanca-em-aparencia-gente-eu-nao-fiz-nada\/#article","isPartOf":{"@id":"https:\/\/transamerica93.com.br\/home\/carla-diaz-se-pronuncia-apos-ser-criticada-por-mudanca-em-aparencia-gente-eu-nao-fiz-nada\/"},"author":{"name":"Reda\u00e7\u00e3o","@id":"https:\/\/transamerica93.com.br\/home\/#\/schema\/person\/7fed7c99c0d4562efa8561bc0f543172"},"headline":"Carla Diaz se pronuncia ap\u00f3s ser criticada por mudan\u00e7a em apar\u00eancia: &#8216;Gente, eu n\u00e3o fiz nada!&#8217;","datePublished":"2024-12-20T21:00:00+00:00","mainEntityOfPage":{"@id":"https:\/\/transamerica93.com.br\/home\/carla-diaz-se-pronuncia-apos-ser-criticada-por-mudanca-em-aparencia-gente-eu-nao-fiz-nada\/"},"wordCount":263,"publisher":{"@id":"https:\/\/transamerica93.com.br\/home\/#organization"},"image":{"@id":"https:\/\/transamerica93.com.br\/home\/carla-diaz-se-pronuncia-apos-ser-criticada-por-mudanca-em-aparencia-gente-eu-nao-fiz-nada\/#primaryimage"},"thumbnailUrl":"https:\/\/transamerica93.com.br\/home\/wp-content\/uploads\/2024\/12\/Untitled-4.png","articleSection":["Entretenimento"],"inLanguage":"pt-BR"},{"@type":"WebPage","@id":"https:\/\/transamerica93.com.br\/home\/carla-diaz-se-pronuncia-apos-ser-criticada-por-mudanca-em-aparencia-gente-eu-nao-fiz-nada\/","url":"https:\/\/transamerica93.com.br\/home\/carla-diaz-se-pronuncia-apos-ser-criticada-por-mudanca-em-aparencia-gente-eu-nao-fiz-nada\/","name":"Carla Diaz se pronuncia ap\u00f3s ser criticada por mudan\u00e7a em apar\u00eancia: 'Gente, eu n\u00e3o fiz nada!' - Transam\u00e9rica Mococa 93,3","isPartOf":{"@id":"https:\/\/transamerica93.com.br\/home\/#website"},"primaryImageOfPage":{"@id":"https:\/\/transamerica93.com.br\/home\/carla-diaz-se-pronuncia-apos-ser-criticada-por-mudanca-em-aparencia-gente-eu-nao-fiz-nada\/#primaryimage"},"image":{"@id":"https:\/\/transamerica93.com.br\/home\/carla-diaz-se-pronuncia-apos-ser-criticada-por-mudanca-em-aparencia-gente-eu-nao-fiz-nada\/#primaryimage"},"thumbnailUrl":"https:\/\/transamerica93.com.br\/home\/wp-content\/uploads\/2024\/12\/Untitled-4.png","datePublished":"2024-12-20T21:00:00+00:00","breadcrumb":{"@id":"https:\/\/transamerica93.com.br\/home\/carla-diaz-se-pronuncia-apos-ser-criticada-por-mudanca-em-aparencia-gente-eu-nao-fiz-nada\/#breadcrumb"},"inLanguage":"pt-BR","potentialAction":[{"@type":"ReadAction","target":["https:\/\/transamerica93.com.br\/home\/carla-diaz-se-pronuncia-apos-ser-criticada-por-mudanca-em-aparencia-gente-eu-nao-fiz-nada\/"]}]},{"@type":"ImageObject","inLanguage":"pt-BR","@id":"https:\/\/transamerica93.com.br\/home\/carla-diaz-se-pronuncia-apos-ser-criticada-por-mudanca-em-aparencia-gente-eu-nao-fiz-nada\/#primaryimage","url":"https:\/\/transamerica93.com.br\/home\/wp-content\/uploads\/2024\/12\/Untitled-4.png","contentUrl":"https:\/\/transamerica93.com.br\/home\/wp-content\/uploads\/2024\/12\/Untitled-4.png","width":1200,"height":630},{"@type":"BreadcrumbList","@id":"https:\/\/transamerica93.com.br\/home\/carla-diaz-se-pronuncia-apos-ser-criticada-por-mudanca-em-aparencia-gente-eu-nao-fiz-nada\/#breadcrumb","itemListElement":[{"@type":"ListItem","position":1,"name":"In\u00edcio","item":"https:\/\/transamerica93.com.br\/home\/"},{"@type":"ListItem","position":2,"name":"Carla Diaz se pronuncia ap\u00f3s ser criticada por mudan\u00e7a em apar\u00eancia: &#8216;Gente, eu n\u00e3o fiz nada!&#8217;"}]},{"@type":"WebSite","@id":"https:\/\/transamerica93.com.br\/home\/#website","url":"https:\/\/transamerica93.com.br\/home\/","name":"Transam\u00e9rica Mococa 93,3","description":"","publisher":{"@id":"https:\/\/transamerica93.com.br\/home\/#organization"},"potentialAction":[{"@type":"SearchAction","target":{"@type":"EntryPoint","urlTemplate":"https:\/\/transamerica93.com.br\/home\/?s={search_term_string}"},"query-input":{"@type":"PropertyValueSpecification","valueRequired":true,"valueName":"search_term_string"}}],"inLanguage":"pt-BR"},{"@type":"Organization","@id":"https:\/\/transamerica93.com.br\/home\/#organization","name":"Transam\u00e9rica Mococa 93,3","url":"https:\/\/transamerica93.com.br\/home\/","logo":{"@type":"ImageObject","inLanguage":"pt-BR","@id":"https:\/\/transamerica93.com.br\/home\/#\/schema\/logo\/image\/","url":"https:\/\/transamerica93.com.br\/home\/wp-content\/uploads\/2023\/10\/logo2.png","contentUrl":"https:\/\/transamerica93.com.br\/home\/wp-content\/uploads\/2023\/10\/logo2.png","width":800,"height":500,"caption":"Transam\u00e9rica Mococa 93,3"},"image":{"@id":"https:\/\/transamerica93.com.br\/home\/#\/schema\/logo\/image\/"},"sameAs":["https:\/\/www.facebook.com\/transamericamococa","https:\/\/x.com\/transamerica933","https:\/\/www.instagram.com\/transamericamococa"]},{"@type":"Person","@id":"https:\/\/transamerica93.com.br\/home\/#\/schema\/person\/7fed7c99c0d4562efa8561bc0f543172","name":"Reda\u00e7\u00e3o","image":{"@type":"ImageObject","inLanguage":"pt-BR","@id":"https:\/\/secure.gravatar.com\/avatar\/1072c6b775fb02ef8506ce967551d95926669a6b7d2c2147b42eea4d7c68395e?s=96&d=mm&r=g","url":"https:\/\/secure.gravatar.com\/avatar\/1072c6b775fb02ef8506ce967551d95926669a6b7d2c2147b42eea4d7c68395e?s=96&d=mm&r=g","contentUrl":"https:\/\/secure.gravatar.com\/avatar\/1072c6b775fb02ef8506ce967551d95926669a6b7d2c2147b42eea4d7c68395e?s=96&d=mm&r=g","caption":"Reda\u00e7\u00e3o"},"sameAs":["https:\/\/transamerica93.com.br\/home"],"url":"https:\/\/transamerica93.com.br\/home\/author\/william\/"}]}},"_links":{"self":[{"href":"https:\/\/transamerica93.com.br\/home\/wp-json\/wp\/v2\/posts\/4355","targetHints":{"allow":["GET"]}}],"collection":[{"href":"https:\/\/transamerica93.com.br\/home\/wp-json\/wp\/v2\/posts"}],"about":[{"href":"https:\/\/transamerica93.com.br\/home\/wp-json\/wp\/v2\/types\/post"}],"author":[{"embeddable":true,"href":"https:\/\/transamerica93.com.br\/home\/wp-json\/wp\/v2\/users\/1"}],"replies":[{"embeddable":true,"href":"https:\/\/transamerica93.com.br\/home\/wp-json\/wp\/v2\/comments?post=4355"}],"version-history":[{"count":1,"href":"https:\/\/transamerica93.com.br\/home\/wp-json\/wp\/v2\/posts\/4355\/revisions"}],"predecessor-version":[{"id":4357,"href":"https:\/\/transamerica93.com.br\/home\/wp-json\/wp\/v2\/posts\/4355\/revisions\/4357"}],"wp:featuredmedia":[{"embeddable":true,"href":"https:\/\/transamerica93.com.br\/home\/wp-json\/wp\/v2\/media\/4356"}],"wp:attachment":[{"href":"https:\/\/transamerica93.com.br\/home\/wp-json\/wp\/v2\/media?parent=4355"}],"wp:term":[{"taxonomy":"category","embeddable":true,"href":"https:\/\/transamerica93.com.br\/home\/wp-json\/wp\/v2\/categories?post=4355"},{"taxonomy":"post_tag","embeddable":true,"href":"https:\/\/transamerica93.com.br\/home\/wp-json\/wp\/v2\/tags?post=4355"}],"curies":[{"name":"wp","href":"https:\/\/api.w.org\/{rel}","templated":true}]}}