{"id":4359,"date":"2024-12-23T09:00:21","date_gmt":"2024-12-23T12:00:21","guid":{"rendered":"https:\/\/transamerica93.com.br\/home\/?p=4359"},"modified":"2024-12-18T11:45:06","modified_gmt":"2024-12-18T14:45:06","slug":"feiroes-de-negociacao-de-dividas-fecham-ano-de-olho-no-13o","status":"publish","type":"post","link":"https:\/\/transamerica93.com.br\/home\/feiroes-de-negociacao-de-dividas-fecham-ano-de-olho-no-13o\/","title":{"rendered":"Feir\u00f5es de negocia\u00e7\u00e3o de d\u00edvidas fecham ano de olho no 13\u00ba"},"content":{"rendered":"<div class=\"conteudo-noticia\">\n<p>Com o pagamento da segunda parcela do d\u00e9cimo terceiro sal\u00e1rio, em <a href=\"https:\/\/agenciabrasil.ebc.com.br\/economia\/noticia\/2024-12\/segunda-parcela-do-decimo-terceiro-deve-ser-depositada-ate-sexta-feira\" target=\"_blank\" rel=\"noopener\">20 de dezembro<\/a>, as campanhas de regulariza\u00e7\u00e3o de d\u00edvidas aceleram a divulga\u00e7\u00e3o e a busca ativa por clientes.<img decoding=\"async\" data-src=\"https:\/\/agenciabrasil.ebc.com.br\/ebc.png?id=1623938&amp;o=node\" src=\"data:image\/svg+xml;base64,PHN2ZyB3aWR0aD0iMSIgaGVpZ2h0PSIxIiB4bWxucz0iaHR0cDovL3d3dy53My5vcmcvMjAwMC9zdmciPjwvc3ZnPg==\" class=\"lazyload\" \/><img decoding=\"async\" data-src=\"https:\/\/agenciabrasil.ebc.com.br\/ebc.gif?id=1623938&amp;o=node\" src=\"data:image\/svg+xml;base64,PHN2ZyB3aWR0aD0iMSIgaGVpZ2h0PSIxIiB4bWxucz0iaHR0cDovL3d3dy53My5vcmcvMjAwMC9zdmciPjwvc3ZnPg==\" class=\"lazyload\" \/><\/p>\n<p>Entre outubro e novembro foram tr\u00eas feir\u00f5es de maior volume: o da Federa\u00e7\u00e3o\u00a0Brasileira de Bancos (Febraban) e pela plataforma consumidor.gov.br, que foi at\u00e9 o final de novembro; o do\u00a0Serasa, em parceria com os Correios, que se encerra justamente no dia 20 de dezembro; e o\u00a0<a href=\"https:\/\/agenciabrasil.ebc.com.br\/radioagencia-nacional\/economia\/audio\/2024-12\/procon-inicia-renegocia-para-negociacao-de-dividas-em-todo-brasil\" target=\"_blank\" rel=\"noopener\">promovido pelos Procons<\/a>, que ir\u00e1 at\u00e9 17 de janeiro.<\/p>\n<p>Balan\u00e7o parcial divulgado pela Serasa nesta segunda-feira (16) registrou 180 mil negocia\u00e7\u00f5es por dia nessa 32\u00aa\u00a0edi\u00e7\u00e3o do feir\u00e3o, iniciada em 28 de novembro, com 9,5 milh\u00f5es de acordos at\u00e9 hoje. No dia 29 de novembro registraram o pico de 458 mil acordos negociados, recorde da institui\u00e7\u00e3o em seus feir\u00f5es de negocia\u00e7\u00e3o de d\u00edvidas.<\/p>\n<p>A maior parte das d\u00edvidas negociadas estava relacionada a empresas do ramo financeiro, sendo 24,07% das d\u00edvidas com Securitizadoras e 23,07% com Bancos e Financeiras, seguidos de perto por Empresas de Telecomunica\u00e7\u00e3o, com 21,51% das d\u00edvidas negociadas. Levantamento da Confedera\u00e7\u00e3o Nacional de Com\u00e9rcio estima que em novembro,\u00a0<a href=\"https:\/\/agenciabrasil.ebc.com.br\/economia\/noticia\/2024-12\/inadimplencia-atinge-em-novembro-maior-indice-desde-outubro-de-2023\" target=\"_blank\" rel=\"noopener\">29,4% das fam\u00edlias<\/a>\u00a0tinham\u00a0d\u00edvidas.<\/p>\n<p>A negocia\u00e7\u00e3o pode ser feita de maneira virtual, pelo site da empresa, que alerta cuidados com fraudes, ou presencialmente, em ag\u00eancias dos Correios, que integrou 10 mil unidades na campanha. Em novembro, foram mais de 133 mil atendimentos realizados nas ag\u00eancias da estatal. Endere\u00e7os e hor\u00e1rio de funcionamento podem ser consultados na\u00a0<a href=\"https:\/\/mais.correios.com.br\/app\/index.php\" target=\"_blank\" rel=\"noopener\">p\u00e1gina da estatal<\/a>.<\/p>\n<p>&#8220;Nossas ag\u00eancias est\u00e3o de portas abertas para ajudar brasileiras e brasileiros a retomarem seu poder de compra. Milhares de pessoas podem resolver suas pend\u00eancias de forma acess\u00edvel e simples em uma ag\u00eancia perto de casa ou do trabalho. A parceria com a Serasa trar\u00e1 al\u00edvio financeiro a milhares de cidad\u00e3s e cidad\u00e3os e impulsionar\u00e1 a economia brasileira\u201d, disse, em nota, o presidente dos Correios, Fabiano Silva dos Santos.<\/p>\n<p>Levantamento anterior da empresa sobre inten\u00e7\u00e3o de uso do d\u00e9cimo terceiro indicou que 31% dos que se planejaram em rela\u00e7\u00e3o aos gastos com essa fonte pretendiam us\u00e1-la para quitar d\u00edvidas. A proje\u00e7\u00e3o \u00e9 de que 2 milh\u00f5es de d\u00edvidas sejam quitadas com esses valores. Segundo o Departamento Intersindical de Estat\u00edstica e Estudos Socioecon\u00f4micos (Dieese), o sal\u00e1rio extra injetar\u00e1 R$ 321,4 bilh\u00f5es na economia neste ano. Em m\u00e9dia, cada trabalhador dever\u00e1 receber R$ 3.096,78, somadas as duas parcelas.<\/p>\n<\/div>\n<div class=\"footer-noticia\">\n<div class=\"editor rowflex\">Edi\u00e7\u00e3o: Aline Leal<\/div>\n<\/div>\n","protected":false},"excerpt":{"rendered":"<p>Com o pagamento da segunda parcela do d\u00e9cimo terceiro sal\u00e1rio, em 20 de dezembro, as campanhas de regulariza\u00e7\u00e3o de d\u00edvidas aceleram a divulga\u00e7\u00e3o e a busca ativa por clientes. Entre outubro e novembro foram tr\u00eas feir\u00f5es de maior volume: o da Federa\u00e7\u00e3o\u00a0Brasileira de Bancos (Febraban) e pela plataforma consumidor.gov.br, que foi at\u00e9 o final de &hellip;<\/p>\n","protected":false},"author":1,"featured_media":4360,"comment_status":"closed","ping_status":"closed","sticky":false,"template":"","format":"standard","meta":{"footnotes":""},"categories":[30],"tags":[],"class_list":["post-4359","post","type-post","status-publish","format-standard","has-post-thumbnail","hentry","category-geral"],"yoast_head":"<!-- This site is optimized with the Yoast SEO plugin v27.4 - https:\/\/yoast.com\/product\/yoast-seo-wordpress\/ -->\n<title>Feir\u00f5es de negocia\u00e7\u00e3o de d\u00edvidas fecham ano de olho no 13\u00ba - Transam\u00e9rica Mococa 93,3<\/title>\n<meta name=\"robots\" content=\"index, follow, max-snippet:-1, max-image-preview:large, max-video-preview:-1\" \/>\n<link rel=\"canonical\" href=\"https:\/\/transamerica93.com.br\/home\/feiroes-de-negociacao-de-dividas-fecham-ano-de-olho-no-13o\/\" \/>\n<meta property=\"og:locale\" content=\"pt_BR\" \/>\n<meta property=\"og:type\" content=\"article\" \/>\n<meta property=\"og:title\" content=\"Feir\u00f5es de negocia\u00e7\u00e3o de d\u00edvidas fecham ano de olho no 13\u00ba - Transam\u00e9rica Mococa 93,3\" \/>\n<meta property=\"og:description\" content=\"Com o pagamento da segunda parcela do d\u00e9cimo terceiro sal\u00e1rio, em 20 de dezembro, as campanhas de regulariza\u00e7\u00e3o de d\u00edvidas aceleram a divulga\u00e7\u00e3o e a busca ativa por clientes. Entre outubro e novembro foram tr\u00eas feir\u00f5es de maior volume: o da Federa\u00e7\u00e3o\u00a0Brasileira de Bancos (Febraban) e pela plataforma consumidor.gov.br, que foi at\u00e9 o final de &hellip;\" \/>\n<meta property=\"og:url\" content=\"https:\/\/transamerica93.com.br\/home\/feiroes-de-negociacao-de-dividas-fecham-ano-de-olho-no-13o\/\" \/>\n<meta property=\"og:site_name\" content=\"Transam\u00e9rica Mococa 93,3\" \/>\n<meta property=\"article:publisher\" content=\"https:\/\/www.facebook.com\/transamericamococa\" \/>\n<meta property=\"article:published_time\" content=\"2024-12-23T12:00:21+00:00\" \/>\n<meta property=\"og:image\" content=\"https:\/\/transamerica93.com.br\/home\/wp-content\/uploads\/2024\/12\/1-11.jpg\" \/>\n\t<meta property=\"og:image:width\" content=\"1169\" \/>\n\t<meta property=\"og:image:height\" content=\"697\" \/>\n\t<meta property=\"og:image:type\" content=\"image\/jpeg\" \/>\n<meta name=\"author\" content=\"Reda\u00e7\u00e3o\" \/>\n<meta name=\"twitter:card\" content=\"summary_large_image\" \/>\n<meta name=\"twitter:creator\" content=\"@transamerica933\" \/>\n<meta name=\"twitter:site\" content=\"@transamerica933\" \/>\n<meta name=\"twitter:label1\" content=\"Escrito por\" \/>\n\t<meta name=\"twitter:data1\" content=\"Reda\u00e7\u00e3o\" \/>\n\t<meta name=\"twitter:label2\" content=\"Est. tempo de leitura\" \/>\n\t<meta name=\"twitter:data2\" content=\"3 minutos\" \/>\n<script type=\"application\/ld+json\" class=\"yoast-schema-graph\">{\"@context\":\"https:\\\/\\\/schema.org\",\"@graph\":[{\"@type\":\"Article\",\"@id\":\"https:\\\/\\\/transamerica93.com.br\\\/home\\\/feiroes-de-negociacao-de-dividas-fecham-ano-de-olho-no-13o\\\/#article\",\"isPartOf\":{\"@id\":\"https:\\\/\\\/transamerica93.com.br\\\/home\\\/feiroes-de-negociacao-de-dividas-fecham-ano-de-olho-no-13o\\\/\"},\"author\":{\"name\":\"Reda\u00e7\u00e3o\",\"@id\":\"https:\\\/\\\/transamerica93.com.br\\\/home\\\/#\\\/schema\\\/person\\\/7fed7c99c0d4562efa8561bc0f543172\"},\"headline\":\"Feir\u00f5es de negocia\u00e7\u00e3o de d\u00edvidas fecham ano de olho no 13\u00ba\",\"datePublished\":\"2024-12-23T12:00:21+00:00\",\"mainEntityOfPage\":{\"@id\":\"https:\\\/\\\/transamerica93.com.br\\\/home\\\/feiroes-de-negociacao-de-dividas-fecham-ano-de-olho-no-13o\\\/\"},\"wordCount\":441,\"publisher\":{\"@id\":\"https:\\\/\\\/transamerica93.com.br\\\/home\\\/#organization\"},\"image\":{\"@id\":\"https:\\\/\\\/transamerica93.com.br\\\/home\\\/feiroes-de-negociacao-de-dividas-fecham-ano-de-olho-no-13o\\\/#primaryimage\"},\"thumbnailUrl\":\"https:\\\/\\\/transamerica93.com.br\\\/home\\\/wp-content\\\/uploads\\\/2024\\\/12\\\/1-11.jpg\",\"articleSection\":[\"Geral\"],\"inLanguage\":\"pt-BR\"},{\"@type\":\"WebPage\",\"@id\":\"https:\\\/\\\/transamerica93.com.br\\\/home\\\/feiroes-de-negociacao-de-dividas-fecham-ano-de-olho-no-13o\\\/\",\"url\":\"https:\\\/\\\/transamerica93.com.br\\\/home\\\/feiroes-de-negociacao-de-dividas-fecham-ano-de-olho-no-13o\\\/\",\"name\":\"Feir\u00f5es de negocia\u00e7\u00e3o de d\u00edvidas fecham ano de olho no 13\u00ba - Transam\u00e9rica Mococa 93,3\",\"isPartOf\":{\"@id\":\"https:\\\/\\\/transamerica93.com.br\\\/home\\\/#website\"},\"primaryImageOfPage\":{\"@id\":\"https:\\\/\\\/transamerica93.com.br\\\/home\\\/feiroes-de-negociacao-de-dividas-fecham-ano-de-olho-no-13o\\\/#primaryimage\"},\"image\":{\"@id\":\"https:\\\/\\\/transamerica93.com.br\\\/home\\\/feiroes-de-negociacao-de-dividas-fecham-ano-de-olho-no-13o\\\/#primaryimage\"},\"thumbnailUrl\":\"https:\\\/\\\/transamerica93.com.br\\\/home\\\/wp-content\\\/uploads\\\/2024\\\/12\\\/1-11.jpg\",\"datePublished\":\"2024-12-23T12:00:21+00:00\",\"breadcrumb\":{\"@id\":\"https:\\\/\\\/transamerica93.com.br\\\/home\\\/feiroes-de-negociacao-de-dividas-fecham-ano-de-olho-no-13o\\\/#breadcrumb\"},\"inLanguage\":\"pt-BR\",\"potentialAction\":[{\"@type\":\"ReadAction\",\"target\":[\"https:\\\/\\\/transamerica93.com.br\\\/home\\\/feiroes-de-negociacao-de-dividas-fecham-ano-de-olho-no-13o\\\/\"]}]},{\"@type\":\"ImageObject\",\"inLanguage\":\"pt-BR\",\"@id\":\"https:\\\/\\\/transamerica93.com.br\\\/home\\\/feiroes-de-negociacao-de-dividas-fecham-ano-de-olho-no-13o\\\/#primaryimage\",\"url\":\"https:\\\/\\\/transamerica93.com.br\\\/home\\\/wp-content\\\/uploads\\\/2024\\\/12\\\/1-11.jpg\",\"contentUrl\":\"https:\\\/\\\/transamerica93.com.br\\\/home\\\/wp-content\\\/uploads\\\/2024\\\/12\\\/1-11.jpg\",\"width\":1169,\"height\":697,\"caption\":\"\u00a9 Jo\u00e9dson Alves\\\/Ag\u00eancia Brasil\"},{\"@type\":\"BreadcrumbList\",\"@id\":\"https:\\\/\\\/transamerica93.com.br\\\/home\\\/feiroes-de-negociacao-de-dividas-fecham-ano-de-olho-no-13o\\\/#breadcrumb\",\"itemListElement\":[{\"@type\":\"ListItem\",\"position\":1,\"name\":\"In\u00edcio\",\"item\":\"https:\\\/\\\/transamerica93.com.br\\\/home\\\/\"},{\"@type\":\"ListItem\",\"position\":2,\"name\":\"Feir\u00f5es de negocia\u00e7\u00e3o de d\u00edvidas fecham ano de olho no 13\u00ba\"}]},{\"@type\":\"WebSite\",\"@id\":\"https:\\\/\\\/transamerica93.com.br\\\/home\\\/#website\",\"url\":\"https:\\\/\\\/transamerica93.com.br\\\/home\\\/\",\"name\":\"Transam\u00e9rica Mococa 93,3\",\"description\":\"\",\"publisher\":{\"@id\":\"https:\\\/\\\/transamerica93.com.br\\\/home\\\/#organization\"},\"potentialAction\":[{\"@type\":\"SearchAction\",\"target\":{\"@type\":\"EntryPoint\",\"urlTemplate\":\"https:\\\/\\\/transamerica93.com.br\\\/home\\\/?s={search_term_string}\"},\"query-input\":{\"@type\":\"PropertyValueSpecification\",\"valueRequired\":true,\"valueName\":\"search_term_string\"}}],\"inLanguage\":\"pt-BR\"},{\"@type\":\"Organization\",\"@id\":\"https:\\\/\\\/transamerica93.com.br\\\/home\\\/#organization\",\"name\":\"Transam\u00e9rica Mococa 93,3\",\"url\":\"https:\\\/\\\/transamerica93.com.br\\\/home\\\/\",\"logo\":{\"@type\":\"ImageObject\",\"inLanguage\":\"pt-BR\",\"@id\":\"https:\\\/\\\/transamerica93.com.br\\\/home\\\/#\\\/schema\\\/logo\\\/image\\\/\",\"url\":\"https:\\\/\\\/transamerica93.com.br\\\/home\\\/wp-content\\\/uploads\\\/2023\\\/10\\\/logo2.png\",\"contentUrl\":\"https:\\\/\\\/transamerica93.com.br\\\/home\\\/wp-content\\\/uploads\\\/2023\\\/10\\\/logo2.png\",\"width\":800,\"height\":500,\"caption\":\"Transam\u00e9rica Mococa 93,3\"},\"image\":{\"@id\":\"https:\\\/\\\/transamerica93.com.br\\\/home\\\/#\\\/schema\\\/logo\\\/image\\\/\"},\"sameAs\":[\"https:\\\/\\\/www.facebook.com\\\/transamericamococa\",\"https:\\\/\\\/x.com\\\/transamerica933\",\"https:\\\/\\\/www.instagram.com\\\/transamericamococa\"]},{\"@type\":\"Person\",\"@id\":\"https:\\\/\\\/transamerica93.com.br\\\/home\\\/#\\\/schema\\\/person\\\/7fed7c99c0d4562efa8561bc0f543172\",\"name\":\"Reda\u00e7\u00e3o\",\"image\":{\"@type\":\"ImageObject\",\"inLanguage\":\"pt-BR\",\"@id\":\"https:\\\/\\\/secure.gravatar.com\\\/avatar\\\/1072c6b775fb02ef8506ce967551d95926669a6b7d2c2147b42eea4d7c68395e?s=96&d=mm&r=g\",\"url\":\"https:\\\/\\\/secure.gravatar.com\\\/avatar\\\/1072c6b775fb02ef8506ce967551d95926669a6b7d2c2147b42eea4d7c68395e?s=96&d=mm&r=g\",\"contentUrl\":\"https:\\\/\\\/secure.gravatar.com\\\/avatar\\\/1072c6b775fb02ef8506ce967551d95926669a6b7d2c2147b42eea4d7c68395e?s=96&d=mm&r=g\",\"caption\":\"Reda\u00e7\u00e3o\"},\"sameAs\":[\"https:\\\/\\\/transamerica93.com.br\\\/home\"],\"url\":\"https:\\\/\\\/transamerica93.com.br\\\/home\\\/author\\\/william\\\/\"}]}<\/script>\n<!-- \/ Yoast SEO plugin. -->","yoast_head_json":{"title":"Feir\u00f5es de negocia\u00e7\u00e3o de d\u00edvidas fecham ano de olho no 13\u00ba - Transam\u00e9rica Mococa 93,3","robots":{"index":"index","follow":"follow","max-snippet":"max-snippet:-1","max-image-preview":"max-image-preview:large","max-video-preview":"max-video-preview:-1"},"canonical":"https:\/\/transamerica93.com.br\/home\/feiroes-de-negociacao-de-dividas-fecham-ano-de-olho-no-13o\/","og_locale":"pt_BR","og_type":"article","og_title":"Feir\u00f5es de negocia\u00e7\u00e3o de d\u00edvidas fecham ano de olho no 13\u00ba - Transam\u00e9rica Mococa 93,3","og_description":"Com o pagamento da segunda parcela do d\u00e9cimo terceiro sal\u00e1rio, em 20 de dezembro, as campanhas de regulariza\u00e7\u00e3o de d\u00edvidas aceleram a divulga\u00e7\u00e3o e a busca ativa por clientes. Entre outubro e novembro foram tr\u00eas feir\u00f5es de maior volume: o da Federa\u00e7\u00e3o\u00a0Brasileira de Bancos (Febraban) e pela plataforma consumidor.gov.br, que foi at\u00e9 o final de &hellip;","og_url":"https:\/\/transamerica93.com.br\/home\/feiroes-de-negociacao-de-dividas-fecham-ano-de-olho-no-13o\/","og_site_name":"Transam\u00e9rica Mococa 93,3","article_publisher":"https:\/\/www.facebook.com\/transamericamococa","article_published_time":"2024-12-23T12:00:21+00:00","og_image":[{"width":1169,"height":697,"url":"https:\/\/transamerica93.com.br\/home\/wp-content\/uploads\/2024\/12\/1-11.jpg","type":"image\/jpeg"}],"author":"Reda\u00e7\u00e3o","twitter_card":"summary_large_image","twitter_creator":"@transamerica933","twitter_site":"@transamerica933","twitter_misc":{"Escrito por":"Reda\u00e7\u00e3o","Est. tempo de leitura":"3 minutos"},"schema":{"@context":"https:\/\/schema.org","@graph":[{"@type":"Article","@id":"https:\/\/transamerica93.com.br\/home\/feiroes-de-negociacao-de-dividas-fecham-ano-de-olho-no-13o\/#article","isPartOf":{"@id":"https:\/\/transamerica93.com.br\/home\/feiroes-de-negociacao-de-dividas-fecham-ano-de-olho-no-13o\/"},"author":{"name":"Reda\u00e7\u00e3o","@id":"https:\/\/transamerica93.com.br\/home\/#\/schema\/person\/7fed7c99c0d4562efa8561bc0f543172"},"headline":"Feir\u00f5es de negocia\u00e7\u00e3o de d\u00edvidas fecham ano de olho no 13\u00ba","datePublished":"2024-12-23T12:00:21+00:00","mainEntityOfPage":{"@id":"https:\/\/transamerica93.com.br\/home\/feiroes-de-negociacao-de-dividas-fecham-ano-de-olho-no-13o\/"},"wordCount":441,"publisher":{"@id":"https:\/\/transamerica93.com.br\/home\/#organization"},"image":{"@id":"https:\/\/transamerica93.com.br\/home\/feiroes-de-negociacao-de-dividas-fecham-ano-de-olho-no-13o\/#primaryimage"},"thumbnailUrl":"https:\/\/transamerica93.com.br\/home\/wp-content\/uploads\/2024\/12\/1-11.jpg","articleSection":["Geral"],"inLanguage":"pt-BR"},{"@type":"WebPage","@id":"https:\/\/transamerica93.com.br\/home\/feiroes-de-negociacao-de-dividas-fecham-ano-de-olho-no-13o\/","url":"https:\/\/transamerica93.com.br\/home\/feiroes-de-negociacao-de-dividas-fecham-ano-de-olho-no-13o\/","name":"Feir\u00f5es de negocia\u00e7\u00e3o de d\u00edvidas fecham ano de olho no 13\u00ba - Transam\u00e9rica Mococa 93,3","isPartOf":{"@id":"https:\/\/transamerica93.com.br\/home\/#website"},"primaryImageOfPage":{"@id":"https:\/\/transamerica93.com.br\/home\/feiroes-de-negociacao-de-dividas-fecham-ano-de-olho-no-13o\/#primaryimage"},"image":{"@id":"https:\/\/transamerica93.com.br\/home\/feiroes-de-negociacao-de-dividas-fecham-ano-de-olho-no-13o\/#primaryimage"},"thumbnailUrl":"https:\/\/transamerica93.com.br\/home\/wp-content\/uploads\/2024\/12\/1-11.jpg","datePublished":"2024-12-23T12:00:21+00:00","breadcrumb":{"@id":"https:\/\/transamerica93.com.br\/home\/feiroes-de-negociacao-de-dividas-fecham-ano-de-olho-no-13o\/#breadcrumb"},"inLanguage":"pt-BR","potentialAction":[{"@type":"ReadAction","target":["https:\/\/transamerica93.com.br\/home\/feiroes-de-negociacao-de-dividas-fecham-ano-de-olho-no-13o\/"]}]},{"@type":"ImageObject","inLanguage":"pt-BR","@id":"https:\/\/transamerica93.com.br\/home\/feiroes-de-negociacao-de-dividas-fecham-ano-de-olho-no-13o\/#primaryimage","url":"https:\/\/transamerica93.com.br\/home\/wp-content\/uploads\/2024\/12\/1-11.jpg","contentUrl":"https:\/\/transamerica93.com.br\/home\/wp-content\/uploads\/2024\/12\/1-11.jpg","width":1169,"height":697,"caption":"\u00a9 Jo\u00e9dson Alves\/Ag\u00eancia Brasil"},{"@type":"BreadcrumbList","@id":"https:\/\/transamerica93.com.br\/home\/feiroes-de-negociacao-de-dividas-fecham-ano-de-olho-no-13o\/#breadcrumb","itemListElement":[{"@type":"ListItem","position":1,"name":"In\u00edcio","item":"https:\/\/transamerica93.com.br\/home\/"},{"@type":"ListItem","position":2,"name":"Feir\u00f5es de negocia\u00e7\u00e3o de d\u00edvidas fecham ano de olho no 13\u00ba"}]},{"@type":"WebSite","@id":"https:\/\/transamerica93.com.br\/home\/#website","url":"https:\/\/transamerica93.com.br\/home\/","name":"Transam\u00e9rica Mococa 93,3","description":"","publisher":{"@id":"https:\/\/transamerica93.com.br\/home\/#organization"},"potentialAction":[{"@type":"SearchAction","target":{"@type":"EntryPoint","urlTemplate":"https:\/\/transamerica93.com.br\/home\/?s={search_term_string}"},"query-input":{"@type":"PropertyValueSpecification","valueRequired":true,"valueName":"search_term_string"}}],"inLanguage":"pt-BR"},{"@type":"Organization","@id":"https:\/\/transamerica93.com.br\/home\/#organization","name":"Transam\u00e9rica Mococa 93,3","url":"https:\/\/transamerica93.com.br\/home\/","logo":{"@type":"ImageObject","inLanguage":"pt-BR","@id":"https:\/\/transamerica93.com.br\/home\/#\/schema\/logo\/image\/","url":"https:\/\/transamerica93.com.br\/home\/wp-content\/uploads\/2023\/10\/logo2.png","contentUrl":"https:\/\/transamerica93.com.br\/home\/wp-content\/uploads\/2023\/10\/logo2.png","width":800,"height":500,"caption":"Transam\u00e9rica Mococa 93,3"},"image":{"@id":"https:\/\/transamerica93.com.br\/home\/#\/schema\/logo\/image\/"},"sameAs":["https:\/\/www.facebook.com\/transamericamococa","https:\/\/x.com\/transamerica933","https:\/\/www.instagram.com\/transamericamococa"]},{"@type":"Person","@id":"https:\/\/transamerica93.com.br\/home\/#\/schema\/person\/7fed7c99c0d4562efa8561bc0f543172","name":"Reda\u00e7\u00e3o","image":{"@type":"ImageObject","inLanguage":"pt-BR","@id":"https:\/\/secure.gravatar.com\/avatar\/1072c6b775fb02ef8506ce967551d95926669a6b7d2c2147b42eea4d7c68395e?s=96&d=mm&r=g","url":"https:\/\/secure.gravatar.com\/avatar\/1072c6b775fb02ef8506ce967551d95926669a6b7d2c2147b42eea4d7c68395e?s=96&d=mm&r=g","contentUrl":"https:\/\/secure.gravatar.com\/avatar\/1072c6b775fb02ef8506ce967551d95926669a6b7d2c2147b42eea4d7c68395e?s=96&d=mm&r=g","caption":"Reda\u00e7\u00e3o"},"sameAs":["https:\/\/transamerica93.com.br\/home"],"url":"https:\/\/transamerica93.com.br\/home\/author\/william\/"}]}},"_links":{"self":[{"href":"https:\/\/transamerica93.com.br\/home\/wp-json\/wp\/v2\/posts\/4359","targetHints":{"allow":["GET"]}}],"collection":[{"href":"https:\/\/transamerica93.com.br\/home\/wp-json\/wp\/v2\/posts"}],"about":[{"href":"https:\/\/transamerica93.com.br\/home\/wp-json\/wp\/v2\/types\/post"}],"author":[{"embeddable":true,"href":"https:\/\/transamerica93.com.br\/home\/wp-json\/wp\/v2\/users\/1"}],"replies":[{"embeddable":true,"href":"https:\/\/transamerica93.com.br\/home\/wp-json\/wp\/v2\/comments?post=4359"}],"version-history":[{"count":1,"href":"https:\/\/transamerica93.com.br\/home\/wp-json\/wp\/v2\/posts\/4359\/revisions"}],"predecessor-version":[{"id":4370,"href":"https:\/\/transamerica93.com.br\/home\/wp-json\/wp\/v2\/posts\/4359\/revisions\/4370"}],"wp:featuredmedia":[{"embeddable":true,"href":"https:\/\/transamerica93.com.br\/home\/wp-json\/wp\/v2\/media\/4360"}],"wp:attachment":[{"href":"https:\/\/transamerica93.com.br\/home\/wp-json\/wp\/v2\/media?parent=4359"}],"wp:term":[{"taxonomy":"category","embeddable":true,"href":"https:\/\/transamerica93.com.br\/home\/wp-json\/wp\/v2\/categories?post=4359"},{"taxonomy":"post_tag","embeddable":true,"href":"https:\/\/transamerica93.com.br\/home\/wp-json\/wp\/v2\/tags?post=4359"}],"curies":[{"name":"wp","href":"https:\/\/api.w.org\/{rel}","templated":true}]}}