{"id":4371,"date":"2024-12-24T09:00:18","date_gmt":"2024-12-24T12:00:18","guid":{"rendered":"https:\/\/transamerica93.com.br\/home\/?p=4371"},"modified":"2024-12-18T11:46:03","modified_gmt":"2024-12-18T14:46:03","slug":"procon-e-febraban-orientam-consumidores-sobre-gastos-no-fim-de-ano","status":"publish","type":"post","link":"https:\/\/transamerica93.com.br\/home\/procon-e-febraban-orientam-consumidores-sobre-gastos-no-fim-de-ano\/","title":{"rendered":"Procon e Febraban orientam consumidores sobre gastos no fim de ano"},"content":{"rendered":"<div class=\"conteudo-noticia\">\n<p>O portal de educa\u00e7\u00e3o financeira\u00a0<a href=\"https:\/\/plataforma.meubolsoemdia.com.br\/\" target=\"_blank\" rel=\"noopener\">Meu Bolso em Dia<\/a>, da Federa\u00e7\u00e3o Brasileira de Bancos (Febraban), disponibiliza recomenda\u00e7\u00f5es para evitar o endividamento neste fim de ano e entrar em janeiro com as contas em ordem.<img decoding=\"async\" data-src=\"https:\/\/agenciabrasil.ebc.com.br\/ebc.png?id=1624169&amp;o=node\" src=\"data:image\/svg+xml;base64,PHN2ZyB3aWR0aD0iMSIgaGVpZ2h0PSIxIiB4bWxucz0iaHR0cDovL3d3dy53My5vcmcvMjAwMC9zdmciPjwvc3ZnPg==\" class=\"lazyload\" \/><img decoding=\"async\" data-src=\"https:\/\/agenciabrasil.ebc.com.br\/ebc.gif?id=1624169&amp;o=node\" src=\"data:image\/svg+xml;base64,PHN2ZyB3aWR0aD0iMSIgaGVpZ2h0PSIxIiB4bWxucz0iaHR0cDovL3d3dy53My5vcmcvMjAwMC9zdmciPjwvc3ZnPg==\" class=\"lazyload\" \/><\/p>\n<p>O m\u00eas de dezembro tem diversos gastos extras, como presentes e ceias de Natal e Ano Novo, al\u00e9m de viagens de f\u00e9rias e as promo\u00e7\u00f5es do com\u00e9rcio que podem levar as pessoas a mais gastos. O diretor de Cidadania Financeira da Febraban, Amaury Oliva, disse que \u00e9 poss\u00edvel, com um pouco de planejamento, consumir com consci\u00eancia, sem precisar recorrer ao rotativo do cart\u00e3o ou contrair empr\u00e9stimos.<\/p>\n<p>\u201cDiferenciar desejos de necessidades e planejar os gastos de maneira equilibrada ajudam a come\u00e7ar 2025 sem d\u00edvidas. Ningu\u00e9m fica endividado por querer, mas h\u00e1 situa\u00e7\u00f5es que podem levar ao endividamento. Com orienta\u00e7\u00e3o financeira \u00e9 poss\u00edvel aproveitar ao m\u00e1ximo o recurso extra que entra no fim de ano e celebrar [o Natal e o ano novo] sem se endividar\u201d, disse, em nota, Oliva.<\/p>\n<p>Entre as dicas da Febraban, est\u00e3o reservar parte do 13\u00ba sal\u00e1rio para quitar d\u00edvidas ou antecipar despesas do in\u00edcio do ano; estabelecer um limite de gastos com presentes, viagens, decora\u00e7\u00f5es e itens para a ceia; dividir custos da ceia entre os convidados; e evitar acumular parcelas, preferindo pagar \u00e0 vista valores menores e usando o cart\u00e3o de cr\u00e9dito com modera\u00e7\u00e3o para compras maiores.<\/p>\n<p>O Procon-SP, \u00f3rg\u00e3o paulista de defesa de direitos do consumidor, divulgou orienta\u00e7\u00f5es sobre gastos com viagens, destacando a import\u00e2ncia de planejar todos os custos e ficar atento tamb\u00e9m aos gastos com cart\u00e3o de cr\u00e9dito.<\/p>\n<p>\u201cImportante considerar o planejamento financeiro para realizar a viagem, calculando n\u00e3o apenas o custo da viagem e hospedagem, mas, tamb\u00e9m os gastos com refei\u00e7\u00e3o, traslados, passeios e outros que ser\u00e3o realizados durante o per\u00edodo de f\u00e9rias\u201d, informou o\u00a0<a href=\"https:\/\/www.procon.sp.gov.br\/procon-sp-alerta-para-a-compra-de-pacotes-de-viagem-neste-final-de-ano\/\" target=\"_blank\" rel=\"noopener\">Procon<\/a>, em nota.<\/p>\n<h2>Projeto Ver\u00e3o<\/h2>\n<p>O Procon-SP fez levantamento de pre\u00e7os de produtos e servi\u00e7os para ajudar o consumidor durante as\u00a0<a href=\"http:\/\/https\/\/www.procon.sp.gov.br\/projeto-verao\/\" target=\"_blank\" rel=\"noopener\">f\u00e9rias de ver\u00e3o<\/a>, para que seja uma refer\u00eancia para que as pessoas possam fazer sua pesquisa com mais informa\u00e7\u00f5es e encaixar a viagem no or\u00e7amento.<\/p>\n<p>O \u00f3rg\u00e3o fez uma estimativa de custos com ped\u00e1gios, pre\u00e7os de passagens de \u00f4nibus e tempo de viagem entre 16 cidades que s\u00e3o destinos tur\u00edsticos no estado de S\u00e3o Paulo, mais a capital. O conte\u00fado oferece ainda um comparativo de pre\u00e7os de repelentes, de protetores solares e bronzeadores, que s\u00e3o itens em alta nesta temporada do ano.<\/p>\n<p>H\u00e1 ainda, no levantamento, pre\u00e7os m\u00e9dios de hospedagem e alimenta\u00e7\u00e3o. Foram coletados valores praticados por 125 estabelecimentos, entre hot\u00e9is e pousadas, e 195 restaurantes de 13 cidades tur\u00edsticas do interior e litoral do estado de S\u00e3o Paulo: \u00c1guas de Lindoia, Avar\u00e9, Brotas, Ol\u00edmpia, Socorro, Itu, Caraguatatuba, Guaruj\u00e1, Itanha\u00e9m, Peru\u00edbe, Praia Grande, Santos e S\u00e3o Sebasti\u00e3o.<\/p>\n<div class=\"noticias-relacionadas rel-position rowflex\">\n<div class=\"titulo-noticia-relacionada\">Edi\u00e7\u00e3o: Kleber Sampaio<\/div>\n<\/div>\n<\/div>\n","protected":false},"excerpt":{"rendered":"<p>O portal de educa\u00e7\u00e3o financeira\u00a0Meu Bolso em Dia, da Federa\u00e7\u00e3o Brasileira de Bancos (Febraban), disponibiliza recomenda\u00e7\u00f5es para evitar o endividamento neste fim de ano e entrar em janeiro com as contas em ordem. O m\u00eas de dezembro tem diversos gastos extras, como presentes e ceias de Natal e Ano Novo, al\u00e9m de viagens de f\u00e9rias &hellip;<\/p>\n","protected":false},"author":1,"featured_media":4361,"comment_status":"closed","ping_status":"closed","sticky":false,"template":"","format":"standard","meta":{"footnotes":""},"categories":[30],"tags":[],"class_list":["post-4371","post","type-post","status-publish","format-standard","has-post-thumbnail","hentry","category-geral"],"yoast_head":"<!-- This site is optimized with the Yoast SEO plugin v27.4 - https:\/\/yoast.com\/product\/yoast-seo-wordpress\/ -->\n<title>Procon e Febraban orientam consumidores sobre gastos no fim de ano - Transam\u00e9rica Mococa 93,3<\/title>\n<meta name=\"robots\" content=\"index, follow, max-snippet:-1, max-image-preview:large, max-video-preview:-1\" \/>\n<link rel=\"canonical\" href=\"https:\/\/transamerica93.com.br\/home\/procon-e-febraban-orientam-consumidores-sobre-gastos-no-fim-de-ano\/\" \/>\n<meta property=\"og:locale\" content=\"pt_BR\" \/>\n<meta property=\"og:type\" content=\"article\" \/>\n<meta property=\"og:title\" content=\"Procon e Febraban orientam consumidores sobre gastos no fim de ano - Transam\u00e9rica Mococa 93,3\" \/>\n<meta property=\"og:description\" content=\"O portal de educa\u00e7\u00e3o financeira\u00a0Meu Bolso em Dia, da Federa\u00e7\u00e3o Brasileira de Bancos (Febraban), disponibiliza recomenda\u00e7\u00f5es para evitar o endividamento neste fim de ano e entrar em janeiro com as contas em ordem. O m\u00eas de dezembro tem diversos gastos extras, como presentes e ceias de Natal e Ano Novo, al\u00e9m de viagens de f\u00e9rias &hellip;\" \/>\n<meta property=\"og:url\" content=\"https:\/\/transamerica93.com.br\/home\/procon-e-febraban-orientam-consumidores-sobre-gastos-no-fim-de-ano\/\" \/>\n<meta property=\"og:site_name\" content=\"Transam\u00e9rica Mococa 93,3\" \/>\n<meta property=\"article:publisher\" content=\"https:\/\/www.facebook.com\/transamericamococa\" \/>\n<meta property=\"article:published_time\" content=\"2024-12-24T12:00:18+00:00\" \/>\n<meta property=\"og:image\" content=\"https:\/\/transamerica93.com.br\/home\/wp-content\/uploads\/2024\/12\/2-3.jpg\" \/>\n\t<meta property=\"og:image:width\" content=\"1170\" \/>\n\t<meta property=\"og:image:height\" content=\"700\" \/>\n\t<meta property=\"og:image:type\" content=\"image\/jpeg\" \/>\n<meta name=\"author\" content=\"Reda\u00e7\u00e3o\" \/>\n<meta name=\"twitter:card\" content=\"summary_large_image\" \/>\n<meta name=\"twitter:creator\" content=\"@transamerica933\" \/>\n<meta name=\"twitter:site\" content=\"@transamerica933\" \/>\n<meta name=\"twitter:label1\" content=\"Escrito por\" \/>\n\t<meta name=\"twitter:data1\" content=\"Reda\u00e7\u00e3o\" \/>\n\t<meta name=\"twitter:label2\" content=\"Est. tempo de leitura\" \/>\n\t<meta name=\"twitter:data2\" content=\"4 minutos\" \/>\n<script type=\"application\/ld+json\" class=\"yoast-schema-graph\">{\"@context\":\"https:\\\/\\\/schema.org\",\"@graph\":[{\"@type\":\"Article\",\"@id\":\"https:\\\/\\\/transamerica93.com.br\\\/home\\\/procon-e-febraban-orientam-consumidores-sobre-gastos-no-fim-de-ano\\\/#article\",\"isPartOf\":{\"@id\":\"https:\\\/\\\/transamerica93.com.br\\\/home\\\/procon-e-febraban-orientam-consumidores-sobre-gastos-no-fim-de-ano\\\/\"},\"author\":{\"name\":\"Reda\u00e7\u00e3o\",\"@id\":\"https:\\\/\\\/transamerica93.com.br\\\/home\\\/#\\\/schema\\\/person\\\/7fed7c99c0d4562efa8561bc0f543172\"},\"headline\":\"Procon e Febraban orientam consumidores sobre gastos no fim de ano\",\"datePublished\":\"2024-12-24T12:00:18+00:00\",\"mainEntityOfPage\":{\"@id\":\"https:\\\/\\\/transamerica93.com.br\\\/home\\\/procon-e-febraban-orientam-consumidores-sobre-gastos-no-fim-de-ano\\\/\"},\"wordCount\":528,\"publisher\":{\"@id\":\"https:\\\/\\\/transamerica93.com.br\\\/home\\\/#organization\"},\"image\":{\"@id\":\"https:\\\/\\\/transamerica93.com.br\\\/home\\\/procon-e-febraban-orientam-consumidores-sobre-gastos-no-fim-de-ano\\\/#primaryimage\"},\"thumbnailUrl\":\"https:\\\/\\\/transamerica93.com.br\\\/home\\\/wp-content\\\/uploads\\\/2024\\\/12\\\/2-3.jpg\",\"articleSection\":[\"Geral\"],\"inLanguage\":\"pt-BR\"},{\"@type\":\"WebPage\",\"@id\":\"https:\\\/\\\/transamerica93.com.br\\\/home\\\/procon-e-febraban-orientam-consumidores-sobre-gastos-no-fim-de-ano\\\/\",\"url\":\"https:\\\/\\\/transamerica93.com.br\\\/home\\\/procon-e-febraban-orientam-consumidores-sobre-gastos-no-fim-de-ano\\\/\",\"name\":\"Procon e Febraban orientam consumidores sobre gastos no fim de ano - Transam\u00e9rica Mococa 93,3\",\"isPartOf\":{\"@id\":\"https:\\\/\\\/transamerica93.com.br\\\/home\\\/#website\"},\"primaryImageOfPage\":{\"@id\":\"https:\\\/\\\/transamerica93.com.br\\\/home\\\/procon-e-febraban-orientam-consumidores-sobre-gastos-no-fim-de-ano\\\/#primaryimage\"},\"image\":{\"@id\":\"https:\\\/\\\/transamerica93.com.br\\\/home\\\/procon-e-febraban-orientam-consumidores-sobre-gastos-no-fim-de-ano\\\/#primaryimage\"},\"thumbnailUrl\":\"https:\\\/\\\/transamerica93.com.br\\\/home\\\/wp-content\\\/uploads\\\/2024\\\/12\\\/2-3.jpg\",\"datePublished\":\"2024-12-24T12:00:18+00:00\",\"breadcrumb\":{\"@id\":\"https:\\\/\\\/transamerica93.com.br\\\/home\\\/procon-e-febraban-orientam-consumidores-sobre-gastos-no-fim-de-ano\\\/#breadcrumb\"},\"inLanguage\":\"pt-BR\",\"potentialAction\":[{\"@type\":\"ReadAction\",\"target\":[\"https:\\\/\\\/transamerica93.com.br\\\/home\\\/procon-e-febraban-orientam-consumidores-sobre-gastos-no-fim-de-ano\\\/\"]}]},{\"@type\":\"ImageObject\",\"inLanguage\":\"pt-BR\",\"@id\":\"https:\\\/\\\/transamerica93.com.br\\\/home\\\/procon-e-febraban-orientam-consumidores-sobre-gastos-no-fim-de-ano\\\/#primaryimage\",\"url\":\"https:\\\/\\\/transamerica93.com.br\\\/home\\\/wp-content\\\/uploads\\\/2024\\\/12\\\/2-3.jpg\",\"contentUrl\":\"https:\\\/\\\/transamerica93.com.br\\\/home\\\/wp-content\\\/uploads\\\/2024\\\/12\\\/2-3.jpg\",\"width\":1170,\"height\":700,\"caption\":\"\u00a9 Paulo Pinto\\\/Ag\u00eancia Brasil\"},{\"@type\":\"BreadcrumbList\",\"@id\":\"https:\\\/\\\/transamerica93.com.br\\\/home\\\/procon-e-febraban-orientam-consumidores-sobre-gastos-no-fim-de-ano\\\/#breadcrumb\",\"itemListElement\":[{\"@type\":\"ListItem\",\"position\":1,\"name\":\"In\u00edcio\",\"item\":\"https:\\\/\\\/transamerica93.com.br\\\/home\\\/\"},{\"@type\":\"ListItem\",\"position\":2,\"name\":\"Procon e Febraban orientam consumidores sobre gastos no fim de ano\"}]},{\"@type\":\"WebSite\",\"@id\":\"https:\\\/\\\/transamerica93.com.br\\\/home\\\/#website\",\"url\":\"https:\\\/\\\/transamerica93.com.br\\\/home\\\/\",\"name\":\"Transam\u00e9rica Mococa 93,3\",\"description\":\"\",\"publisher\":{\"@id\":\"https:\\\/\\\/transamerica93.com.br\\\/home\\\/#organization\"},\"potentialAction\":[{\"@type\":\"SearchAction\",\"target\":{\"@type\":\"EntryPoint\",\"urlTemplate\":\"https:\\\/\\\/transamerica93.com.br\\\/home\\\/?s={search_term_string}\"},\"query-input\":{\"@type\":\"PropertyValueSpecification\",\"valueRequired\":true,\"valueName\":\"search_term_string\"}}],\"inLanguage\":\"pt-BR\"},{\"@type\":\"Organization\",\"@id\":\"https:\\\/\\\/transamerica93.com.br\\\/home\\\/#organization\",\"name\":\"Transam\u00e9rica Mococa 93,3\",\"url\":\"https:\\\/\\\/transamerica93.com.br\\\/home\\\/\",\"logo\":{\"@type\":\"ImageObject\",\"inLanguage\":\"pt-BR\",\"@id\":\"https:\\\/\\\/transamerica93.com.br\\\/home\\\/#\\\/schema\\\/logo\\\/image\\\/\",\"url\":\"https:\\\/\\\/transamerica93.com.br\\\/home\\\/wp-content\\\/uploads\\\/2023\\\/10\\\/logo2.png\",\"contentUrl\":\"https:\\\/\\\/transamerica93.com.br\\\/home\\\/wp-content\\\/uploads\\\/2023\\\/10\\\/logo2.png\",\"width\":800,\"height\":500,\"caption\":\"Transam\u00e9rica Mococa 93,3\"},\"image\":{\"@id\":\"https:\\\/\\\/transamerica93.com.br\\\/home\\\/#\\\/schema\\\/logo\\\/image\\\/\"},\"sameAs\":[\"https:\\\/\\\/www.facebook.com\\\/transamericamococa\",\"https:\\\/\\\/x.com\\\/transamerica933\",\"https:\\\/\\\/www.instagram.com\\\/transamericamococa\"]},{\"@type\":\"Person\",\"@id\":\"https:\\\/\\\/transamerica93.com.br\\\/home\\\/#\\\/schema\\\/person\\\/7fed7c99c0d4562efa8561bc0f543172\",\"name\":\"Reda\u00e7\u00e3o\",\"image\":{\"@type\":\"ImageObject\",\"inLanguage\":\"pt-BR\",\"@id\":\"https:\\\/\\\/secure.gravatar.com\\\/avatar\\\/1072c6b775fb02ef8506ce967551d95926669a6b7d2c2147b42eea4d7c68395e?s=96&d=mm&r=g\",\"url\":\"https:\\\/\\\/secure.gravatar.com\\\/avatar\\\/1072c6b775fb02ef8506ce967551d95926669a6b7d2c2147b42eea4d7c68395e?s=96&d=mm&r=g\",\"contentUrl\":\"https:\\\/\\\/secure.gravatar.com\\\/avatar\\\/1072c6b775fb02ef8506ce967551d95926669a6b7d2c2147b42eea4d7c68395e?s=96&d=mm&r=g\",\"caption\":\"Reda\u00e7\u00e3o\"},\"sameAs\":[\"https:\\\/\\\/transamerica93.com.br\\\/home\"],\"url\":\"https:\\\/\\\/transamerica93.com.br\\\/home\\\/author\\\/william\\\/\"}]}<\/script>\n<!-- \/ Yoast SEO plugin. -->","yoast_head_json":{"title":"Procon e Febraban orientam consumidores sobre gastos no fim de ano - Transam\u00e9rica Mococa 93,3","robots":{"index":"index","follow":"follow","max-snippet":"max-snippet:-1","max-image-preview":"max-image-preview:large","max-video-preview":"max-video-preview:-1"},"canonical":"https:\/\/transamerica93.com.br\/home\/procon-e-febraban-orientam-consumidores-sobre-gastos-no-fim-de-ano\/","og_locale":"pt_BR","og_type":"article","og_title":"Procon e Febraban orientam consumidores sobre gastos no fim de ano - Transam\u00e9rica Mococa 93,3","og_description":"O portal de educa\u00e7\u00e3o financeira\u00a0Meu Bolso em Dia, da Federa\u00e7\u00e3o Brasileira de Bancos (Febraban), disponibiliza recomenda\u00e7\u00f5es para evitar o endividamento neste fim de ano e entrar em janeiro com as contas em ordem. O m\u00eas de dezembro tem diversos gastos extras, como presentes e ceias de Natal e Ano Novo, al\u00e9m de viagens de f\u00e9rias &hellip;","og_url":"https:\/\/transamerica93.com.br\/home\/procon-e-febraban-orientam-consumidores-sobre-gastos-no-fim-de-ano\/","og_site_name":"Transam\u00e9rica Mococa 93,3","article_publisher":"https:\/\/www.facebook.com\/transamericamococa","article_published_time":"2024-12-24T12:00:18+00:00","og_image":[{"width":1170,"height":700,"url":"https:\/\/transamerica93.com.br\/home\/wp-content\/uploads\/2024\/12\/2-3.jpg","type":"image\/jpeg"}],"author":"Reda\u00e7\u00e3o","twitter_card":"summary_large_image","twitter_creator":"@transamerica933","twitter_site":"@transamerica933","twitter_misc":{"Escrito por":"Reda\u00e7\u00e3o","Est. tempo de leitura":"4 minutos"},"schema":{"@context":"https:\/\/schema.org","@graph":[{"@type":"Article","@id":"https:\/\/transamerica93.com.br\/home\/procon-e-febraban-orientam-consumidores-sobre-gastos-no-fim-de-ano\/#article","isPartOf":{"@id":"https:\/\/transamerica93.com.br\/home\/procon-e-febraban-orientam-consumidores-sobre-gastos-no-fim-de-ano\/"},"author":{"name":"Reda\u00e7\u00e3o","@id":"https:\/\/transamerica93.com.br\/home\/#\/schema\/person\/7fed7c99c0d4562efa8561bc0f543172"},"headline":"Procon e Febraban orientam consumidores sobre gastos no fim de ano","datePublished":"2024-12-24T12:00:18+00:00","mainEntityOfPage":{"@id":"https:\/\/transamerica93.com.br\/home\/procon-e-febraban-orientam-consumidores-sobre-gastos-no-fim-de-ano\/"},"wordCount":528,"publisher":{"@id":"https:\/\/transamerica93.com.br\/home\/#organization"},"image":{"@id":"https:\/\/transamerica93.com.br\/home\/procon-e-febraban-orientam-consumidores-sobre-gastos-no-fim-de-ano\/#primaryimage"},"thumbnailUrl":"https:\/\/transamerica93.com.br\/home\/wp-content\/uploads\/2024\/12\/2-3.jpg","articleSection":["Geral"],"inLanguage":"pt-BR"},{"@type":"WebPage","@id":"https:\/\/transamerica93.com.br\/home\/procon-e-febraban-orientam-consumidores-sobre-gastos-no-fim-de-ano\/","url":"https:\/\/transamerica93.com.br\/home\/procon-e-febraban-orientam-consumidores-sobre-gastos-no-fim-de-ano\/","name":"Procon e Febraban orientam consumidores sobre gastos no fim de ano - Transam\u00e9rica Mococa 93,3","isPartOf":{"@id":"https:\/\/transamerica93.com.br\/home\/#website"},"primaryImageOfPage":{"@id":"https:\/\/transamerica93.com.br\/home\/procon-e-febraban-orientam-consumidores-sobre-gastos-no-fim-de-ano\/#primaryimage"},"image":{"@id":"https:\/\/transamerica93.com.br\/home\/procon-e-febraban-orientam-consumidores-sobre-gastos-no-fim-de-ano\/#primaryimage"},"thumbnailUrl":"https:\/\/transamerica93.com.br\/home\/wp-content\/uploads\/2024\/12\/2-3.jpg","datePublished":"2024-12-24T12:00:18+00:00","breadcrumb":{"@id":"https:\/\/transamerica93.com.br\/home\/procon-e-febraban-orientam-consumidores-sobre-gastos-no-fim-de-ano\/#breadcrumb"},"inLanguage":"pt-BR","potentialAction":[{"@type":"ReadAction","target":["https:\/\/transamerica93.com.br\/home\/procon-e-febraban-orientam-consumidores-sobre-gastos-no-fim-de-ano\/"]}]},{"@type":"ImageObject","inLanguage":"pt-BR","@id":"https:\/\/transamerica93.com.br\/home\/procon-e-febraban-orientam-consumidores-sobre-gastos-no-fim-de-ano\/#primaryimage","url":"https:\/\/transamerica93.com.br\/home\/wp-content\/uploads\/2024\/12\/2-3.jpg","contentUrl":"https:\/\/transamerica93.com.br\/home\/wp-content\/uploads\/2024\/12\/2-3.jpg","width":1170,"height":700,"caption":"\u00a9 Paulo Pinto\/Ag\u00eancia Brasil"},{"@type":"BreadcrumbList","@id":"https:\/\/transamerica93.com.br\/home\/procon-e-febraban-orientam-consumidores-sobre-gastos-no-fim-de-ano\/#breadcrumb","itemListElement":[{"@type":"ListItem","position":1,"name":"In\u00edcio","item":"https:\/\/transamerica93.com.br\/home\/"},{"@type":"ListItem","position":2,"name":"Procon e Febraban orientam consumidores sobre gastos no fim de ano"}]},{"@type":"WebSite","@id":"https:\/\/transamerica93.com.br\/home\/#website","url":"https:\/\/transamerica93.com.br\/home\/","name":"Transam\u00e9rica Mococa 93,3","description":"","publisher":{"@id":"https:\/\/transamerica93.com.br\/home\/#organization"},"potentialAction":[{"@type":"SearchAction","target":{"@type":"EntryPoint","urlTemplate":"https:\/\/transamerica93.com.br\/home\/?s={search_term_string}"},"query-input":{"@type":"PropertyValueSpecification","valueRequired":true,"valueName":"search_term_string"}}],"inLanguage":"pt-BR"},{"@type":"Organization","@id":"https:\/\/transamerica93.com.br\/home\/#organization","name":"Transam\u00e9rica Mococa 93,3","url":"https:\/\/transamerica93.com.br\/home\/","logo":{"@type":"ImageObject","inLanguage":"pt-BR","@id":"https:\/\/transamerica93.com.br\/home\/#\/schema\/logo\/image\/","url":"https:\/\/transamerica93.com.br\/home\/wp-content\/uploads\/2023\/10\/logo2.png","contentUrl":"https:\/\/transamerica93.com.br\/home\/wp-content\/uploads\/2023\/10\/logo2.png","width":800,"height":500,"caption":"Transam\u00e9rica Mococa 93,3"},"image":{"@id":"https:\/\/transamerica93.com.br\/home\/#\/schema\/logo\/image\/"},"sameAs":["https:\/\/www.facebook.com\/transamericamococa","https:\/\/x.com\/transamerica933","https:\/\/www.instagram.com\/transamericamococa"]},{"@type":"Person","@id":"https:\/\/transamerica93.com.br\/home\/#\/schema\/person\/7fed7c99c0d4562efa8561bc0f543172","name":"Reda\u00e7\u00e3o","image":{"@type":"ImageObject","inLanguage":"pt-BR","@id":"https:\/\/secure.gravatar.com\/avatar\/1072c6b775fb02ef8506ce967551d95926669a6b7d2c2147b42eea4d7c68395e?s=96&d=mm&r=g","url":"https:\/\/secure.gravatar.com\/avatar\/1072c6b775fb02ef8506ce967551d95926669a6b7d2c2147b42eea4d7c68395e?s=96&d=mm&r=g","contentUrl":"https:\/\/secure.gravatar.com\/avatar\/1072c6b775fb02ef8506ce967551d95926669a6b7d2c2147b42eea4d7c68395e?s=96&d=mm&r=g","caption":"Reda\u00e7\u00e3o"},"sameAs":["https:\/\/transamerica93.com.br\/home"],"url":"https:\/\/transamerica93.com.br\/home\/author\/william\/"}]}},"_links":{"self":[{"href":"https:\/\/transamerica93.com.br\/home\/wp-json\/wp\/v2\/posts\/4371","targetHints":{"allow":["GET"]}}],"collection":[{"href":"https:\/\/transamerica93.com.br\/home\/wp-json\/wp\/v2\/posts"}],"about":[{"href":"https:\/\/transamerica93.com.br\/home\/wp-json\/wp\/v2\/types\/post"}],"author":[{"embeddable":true,"href":"https:\/\/transamerica93.com.br\/home\/wp-json\/wp\/v2\/users\/1"}],"replies":[{"embeddable":true,"href":"https:\/\/transamerica93.com.br\/home\/wp-json\/wp\/v2\/comments?post=4371"}],"version-history":[{"count":1,"href":"https:\/\/transamerica93.com.br\/home\/wp-json\/wp\/v2\/posts\/4371\/revisions"}],"predecessor-version":[{"id":4372,"href":"https:\/\/transamerica93.com.br\/home\/wp-json\/wp\/v2\/posts\/4371\/revisions\/4372"}],"wp:featuredmedia":[{"embeddable":true,"href":"https:\/\/transamerica93.com.br\/home\/wp-json\/wp\/v2\/media\/4361"}],"wp:attachment":[{"href":"https:\/\/transamerica93.com.br\/home\/wp-json\/wp\/v2\/media?parent=4371"}],"wp:term":[{"taxonomy":"category","embeddable":true,"href":"https:\/\/transamerica93.com.br\/home\/wp-json\/wp\/v2\/categories?post=4371"},{"taxonomy":"post_tag","embeddable":true,"href":"https:\/\/transamerica93.com.br\/home\/wp-json\/wp\/v2\/tags?post=4371"}],"curies":[{"name":"wp","href":"https:\/\/api.w.org\/{rel}","templated":true}]}}