{"id":4373,"date":"2024-12-25T09:00:14","date_gmt":"2024-12-25T12:00:14","guid":{"rendered":"https:\/\/transamerica93.com.br\/home\/?p=4373"},"modified":"2024-12-18T11:47:49","modified_gmt":"2024-12-18T14:47:49","slug":"regioes-brasileiras-tem-diferentes-desafios-na-acolhida-a-imigrantes","status":"publish","type":"post","link":"https:\/\/transamerica93.com.br\/home\/regioes-brasileiras-tem-diferentes-desafios-na-acolhida-a-imigrantes\/","title":{"rendered":"Regi\u00f5es brasileiras t\u00eam diferentes desafios na acolhida a imigrantes"},"content":{"rendered":"<div class=\"conteudo-noticia\">\n<p>O \u00faltimo relat\u00f3rio do Observat\u00f3rio das Migra\u00e7\u00f5es Internacionais (Obmigra), que deve ser integralmente divulgado na semana que vem, mostra\u00a0que as cinco regi\u00f5es brasileiras enfrentam diferentes desafios na acolhida a pessoas estrangeiras que escolhem o Brasil para viver.\u00a0<img decoding=\"async\" data-src=\"https:\/\/agenciabrasil.ebc.com.br\/ebc.png?id=1624154&amp;o=node\" src=\"data:image\/svg+xml;base64,PHN2ZyB3aWR0aD0iMSIgaGVpZ2h0PSIxIiB4bWxucz0iaHR0cDovL3d3dy53My5vcmcvMjAwMC9zdmciPjwvc3ZnPg==\" class=\"lazyload\" \/><img decoding=\"async\" data-src=\"https:\/\/agenciabrasil.ebc.com.br\/ebc.gif?id=1624154&amp;o=node\" src=\"data:image\/svg+xml;base64,PHN2ZyB3aWR0aD0iMSIgaGVpZ2h0PSIxIiB4bWxucz0iaHR0cDovL3d3dy53My5vcmcvMjAwMC9zdmciPjwvc3ZnPg==\" class=\"lazyload\" \/><\/p>\n<p>\u201cUma pol\u00edtica p\u00fablica para imigrantes no Nordeste tem que ser diferente para o Norte, o Sul e o Sudeste. A formula\u00e7\u00e3o dessas pol\u00edticas deve ser a partir de evid\u00eancias\u201d, afirmou o professor Leonardo Cavalcanti, da Universidade de Bras\u00edlia, e que esteve presente no lan\u00e7amento de um resumo dos dados no Minist\u00e9rio da Justi\u00e7a. O evento teve a inten\u00e7\u00e3o de marcas\u00a0o\u00a0Dia Internacional dos Migrantes, que \u00e9 celebrado nesta quarta-feira (18). \u201cAs Din\u00e2micas Migrat\u00f3rias nas Macrorregi\u00f5es do Brasil\u201d \u00e9 o nome do relat\u00f3rio.<\/p>\n<p>O levantamento\u00a0anual Obmigra abrange o per\u00edodo de 2022 ao primeiro semestre de 2024. O documento apresenta an\u00e1lise detalhada das din\u00e2micas migrat\u00f3rias nas cinco regi\u00f5es brasileiras. Os pesquisadores que apresentaram o resumo do documento explicaram que a pesquisa contou com informa\u00e7\u00f5es e participa\u00e7\u00e3o dos minist\u00e9rios da Justi\u00e7a, do Trabalho e Emprego e das Rela\u00e7\u00f5es Exteriores, al\u00e9m de dados da Pol\u00edcia Federal e do Instituto Brasileiro de Geografia e Estat\u00edstica. Informa\u00e7\u00f5es do Cadastro \u00danico (Cad\u00danico) foram utilizadas como fonte prim\u00e1ria para analisar o acesso de imigrantes a benef\u00edcios sociais.<\/p>\n<div class=\"dnd-widget-wrapper context-cheio_8colunas type-image\">\n<div class=\"dnd-atom-rendered\"><img decoding=\"async\" title=\"Wilson Dias\/Ag\u00eancia Brasil\" data-src=\"https:\/\/imagens.ebc.com.br\/W7QALbHBBboaX6goMtVxN5JYYgE=\/754x0\/smart\/https:\/\/agenciabrasil.ebc.com.br\/sites\/default\/files\/thumbnails\/image\/2024\/12\/17\/imgl5770.jpg?itok=gHFCYpO8\" alt=\"Bras\u00edlia (DF), 23\/11\/2024 - Prof. Leonardo Cavalcamti, OBMigra\/UNB, na apresenta\u00e7\u00e3o do Relat\u00f3rio Anual OBMigra, \" width=\"856\" height=\"571\" src=\"data:image\/svg+xml;base64,PHN2ZyB3aWR0aD0iMSIgaGVpZ2h0PSIxIiB4bWxucz0iaHR0cDovL3d3dy53My5vcmcvMjAwMC9zdmciPjwvc3ZnPg==\" class=\"lazyload\" style=\"--smush-placeholder-width: 856px; --smush-placeholder-aspect-ratio: 856\/571;\" \/><\/div>\n<div class=\"dnd-caption-wrapper\">\n<div class=\"meta\">Bras\u00edlia &#8211;\u00a0Professor\u00a0Leonardo Cavalcanti, da OBMigra\/UNB, na apresenta\u00e7\u00e3o de\u00a0relat\u00f3rio anual &#8211;\u00a0<strong>Wilson Dias\/Ag\u00eancia Brasil<\/strong><\/div>\n<\/div>\n<\/div>\n<h2>Diferen\u00e7as<\/h2>\n<p>\u201cA forma como os imigrantes se inserem no mercado de trabalho ou na escola\u00a0e como solicitam acesso a benef\u00edcios sociais por meio do\u00a0Cad\u00danico, al\u00e9m da composi\u00e7\u00e3o das nacionalidades, \u00e9\u00a0completamente diferente\u00a0entre uma regi\u00e3o e outra\u201d, afirma o pesquisador da UnB. Ele explica que os dados baseados em evid\u00eancias fazem com que os gestores e os formuladores de pol\u00edticas p\u00fablicas possam orientar essas\u00a0pol\u00edticas de forma mais racional e efetiva.<\/p>\n<p>O pesquisador observa\u00a0ainda que a Regi\u00e3o Norte, apesar de ser o caminho de ingresso para imigrantes, apresenta mais vulnerabilidades de acesso a benef\u00edcios e pol\u00edticas p\u00fablicas. Por isso, eles ficam menos tempo naqueles estados. \u201c\u00c9 a principal porta de entrada hoje dos venezuelanos, por exemplo\u201d, diz Leonardo Cavalcanti.<\/p>\n<h2>Desafios<\/h2>\n<p>O coordenador de imigra\u00e7\u00e3o laboral do Minist\u00e9rio da Justi\u00e7a, Jonatas Pabis, avalia que a maior parte dos imigrantes entra no Brasil, de fato, pela Regi\u00e3o Norte, mas se fixa\u00a0no Sul, incluindo \u00e1reas como o oeste de Santa Catarina, o oeste do Paran\u00e1 e\u00a0Mato Grosso do Sul, trabalhando no final da cadeia agroindustrial.<\/p>\n<div class=\"dnd-widget-wrapper context-cheio_8colunas type-image\">\n<div class=\"dnd-atom-rendered\"><img decoding=\"async\" title=\"Wilson Dias\/Ag\u00eancia Brasil\" data-src=\"https:\/\/imagens.ebc.com.br\/AmoBmny7gjokupWGgavxu0w02h4=\/754x0\/smart\/https:\/\/agenciabrasil.ebc.com.br\/sites\/default\/files\/thumbnails\/image\/2024\/12\/17\/imgl5685.jpg?itok=xDCN_oWz\" alt=\"Bras\u00edlia (DF), 23\/11\/2024 - Jonatas Luis Pabis, CNIG\/MJSP, na apresenta\u00e7\u00e3o do Relat\u00f3rio Anual OBMigra, \" width=\"844\" height=\"563\" src=\"data:image\/svg+xml;base64,PHN2ZyB3aWR0aD0iMSIgaGVpZ2h0PSIxIiB4bWxucz0iaHR0cDovL3d3dy53My5vcmcvMjAwMC9zdmciPjwvc3ZnPg==\" class=\"lazyload\" style=\"--smush-placeholder-width: 844px; --smush-placeholder-aspect-ratio: 844\/563;\" \/><\/div>\n<div class=\"dnd-caption-wrapper\">\n<div class=\"meta\">Bras\u00edlia &#8211;\u00a0Jonatas Luis Pabis, do Minist\u00e9rio da Justi\u00e7a,\u00a0na apresenta\u00e7\u00e3o do Relat\u00f3rio Anual OBMigra\u00a0&#8211;\u00a0<strong>Wilson Dias\/Ag\u00eancia Brasil<\/strong><\/div>\n<div><\/div>\n<\/div>\n<\/div>\n<p>\u201cO relat\u00f3rio pode lan\u00e7ar luz para a gente pensar o desafio de fazer a regulariza\u00e7\u00e3o migrat\u00f3ria e o acolhimento na Regi\u00e3o Norte, que nos apresenta\u00a0desafios log\u00edsticos, ao mesmo tempo de garantias e direitos de inser\u00e7\u00e3o desses imigrantes na sociedade nas regi\u00f5es Sul e Sudeste\u201d, diz Pabis.<\/p>\n<h2>Venezuelanos<\/h2>\n<p>O pesquisador Leonardo Cavalcanti explica que as imigra\u00e7\u00f5es dos haitianos (nos primeiros cincos anos da d\u00e9cada passada) e dos venezuelanos, na sequ\u00eancia, marcam o fluxo de pessoas para o Brasil. \u201cOs venezuelanos superaram os haitianos em todos os registros. Eles superaram as nossas migra\u00e7\u00f5es cl\u00e1ssicas, de portugueses e pessoas do norte global. Agora, vemos\u00a0gente da \u00c1frica, do Sudeste Asi\u00e1tico e da Am\u00e9rica Latina\u201d, diz.<\/p>\n<p>Jonatas Pabis entende que o Brasil \u00e9 um pa\u00eds acolhedor, tanto por sua identidade cultural quanto\u00a0pela legisla\u00e7\u00e3o robusta, em sintonia com os mecanismos internacionais de prote\u00e7\u00e3o de direitos humanos. \u201cHoje em dia, a gente v\u00ea que pessoas de todo o sul global t\u00eam interesse de criar uma vida aqui no Brasil.<\/p>\n<p>Os dois maiores contingentes de imigrantes haitianos e venezuelanos s\u00e3o movimentos dos \u00faltimos 20 anos\u201d. Ele destaca que a possibilidade de regulariza\u00e7\u00e3o migrat\u00f3ria est\u00e1 em conson\u00e2ncia com as garantias dos direitos humanos e acrescenta que essa consolida\u00e7\u00e3o ficou ainda mais vis\u00edvel depois da pandemia em busca de trabalho no Brasil.<\/p>\n<h2>Trabalho<\/h2>\n<p>Na Regi\u00e3o Sudeste, por exemplo, a de maior popula\u00e7\u00e3o do pa\u00eds, entre 2022 e 2023\u00a0houve crescimento de 10,4% no volume de trabalhadores imigrantes, que passaram de 73,9 mil para 81,5 mil. O per\u00edodo de janeiro a junho de 2024 mostrou, segundo os pesquisadores, tend\u00eancia de continuidade no crescimento do estoque de trabalhadores, que chegou a 87,5 mil.<\/p>\n<p>Ainda em rela\u00e7\u00e3o ao mercado de trabalho, os pesquisadores observaram que a Regi\u00e3o Sul absorve crescente n\u00famero de imigrantes, principalmente venezuelanos. Outro registro \u00e9 que os imigrantes empregados est\u00e3o, em sua maioria, em setores de m\u00e3o de obra intensiva, como abate de aves e su\u00ednos.<\/p>\n<div class=\"noticias-relacionadas rel-position rowflex\"><\/div>\n<\/div>\n<div class=\"footer-noticia\">\n<div class=\"editor rowflex\">Edi\u00e7\u00e3o: Gra\u00e7a Adjuto<\/div>\n<\/div>\n","protected":false},"excerpt":{"rendered":"<p>O \u00faltimo relat\u00f3rio do Observat\u00f3rio das Migra\u00e7\u00f5es Internacionais (Obmigra), que deve ser integralmente divulgado na semana que vem, mostra\u00a0que as cinco regi\u00f5es brasileiras enfrentam diferentes desafios na acolhida a pessoas estrangeiras que escolhem o Brasil para viver.\u00a0 \u201cUma pol\u00edtica p\u00fablica para imigrantes no Nordeste tem que ser diferente para o Norte, o Sul e o &hellip;<\/p>\n","protected":false},"author":1,"featured_media":4362,"comment_status":"closed","ping_status":"closed","sticky":false,"template":"","format":"standard","meta":{"footnotes":""},"categories":[30],"tags":[],"class_list":["post-4373","post","type-post","status-publish","format-standard","has-post-thumbnail","hentry","category-geral"],"yoast_head":"<!-- This site is optimized with the Yoast SEO plugin v27.4 - https:\/\/yoast.com\/product\/yoast-seo-wordpress\/ -->\n<title>Regi\u00f5es brasileiras t\u00eam diferentes desafios na acolhida a imigrantes - Transam\u00e9rica Mococa 93,3<\/title>\n<meta name=\"robots\" content=\"index, follow, max-snippet:-1, max-image-preview:large, max-video-preview:-1\" \/>\n<link rel=\"canonical\" href=\"https:\/\/transamerica93.com.br\/home\/regioes-brasileiras-tem-diferentes-desafios-na-acolhida-a-imigrantes\/\" \/>\n<meta property=\"og:locale\" content=\"pt_BR\" \/>\n<meta property=\"og:type\" content=\"article\" \/>\n<meta property=\"og:title\" content=\"Regi\u00f5es brasileiras t\u00eam diferentes desafios na acolhida a imigrantes - Transam\u00e9rica Mococa 93,3\" \/>\n<meta property=\"og:description\" content=\"O \u00faltimo relat\u00f3rio do Observat\u00f3rio das Migra\u00e7\u00f5es Internacionais (Obmigra), que deve ser integralmente divulgado na semana que vem, mostra\u00a0que as cinco regi\u00f5es brasileiras enfrentam diferentes desafios na acolhida a pessoas estrangeiras que escolhem o Brasil para viver.\u00a0 \u201cUma pol\u00edtica p\u00fablica para imigrantes no Nordeste tem que ser diferente para o Norte, o Sul e o &hellip;\" \/>\n<meta property=\"og:url\" content=\"https:\/\/transamerica93.com.br\/home\/regioes-brasileiras-tem-diferentes-desafios-na-acolhida-a-imigrantes\/\" \/>\n<meta property=\"og:site_name\" content=\"Transam\u00e9rica Mococa 93,3\" \/>\n<meta property=\"article:publisher\" content=\"https:\/\/www.facebook.com\/transamericamococa\" \/>\n<meta property=\"article:published_time\" content=\"2024-12-25T12:00:14+00:00\" \/>\n<meta property=\"og:image\" content=\"https:\/\/transamerica93.com.br\/home\/wp-content\/uploads\/2024\/12\/3-3.jpg\" \/>\n\t<meta property=\"og:image:width\" content=\"1170\" \/>\n\t<meta property=\"og:image:height\" content=\"700\" \/>\n\t<meta property=\"og:image:type\" content=\"image\/jpeg\" \/>\n<meta name=\"author\" content=\"Reda\u00e7\u00e3o\" \/>\n<meta name=\"twitter:card\" content=\"summary_large_image\" \/>\n<meta name=\"twitter:creator\" content=\"@transamerica933\" \/>\n<meta name=\"twitter:site\" content=\"@transamerica933\" \/>\n<meta name=\"twitter:label1\" content=\"Escrito por\" \/>\n\t<meta name=\"twitter:data1\" content=\"Reda\u00e7\u00e3o\" \/>\n\t<meta name=\"twitter:label2\" content=\"Est. tempo de leitura\" \/>\n\t<meta name=\"twitter:data2\" content=\"6 minutos\" \/>\n<script type=\"application\/ld+json\" class=\"yoast-schema-graph\">{\"@context\":\"https:\\\/\\\/schema.org\",\"@graph\":[{\"@type\":\"Article\",\"@id\":\"https:\\\/\\\/transamerica93.com.br\\\/home\\\/regioes-brasileiras-tem-diferentes-desafios-na-acolhida-a-imigrantes\\\/#article\",\"isPartOf\":{\"@id\":\"https:\\\/\\\/transamerica93.com.br\\\/home\\\/regioes-brasileiras-tem-diferentes-desafios-na-acolhida-a-imigrantes\\\/\"},\"author\":{\"name\":\"Reda\u00e7\u00e3o\",\"@id\":\"https:\\\/\\\/transamerica93.com.br\\\/home\\\/#\\\/schema\\\/person\\\/7fed7c99c0d4562efa8561bc0f543172\"},\"headline\":\"Regi\u00f5es brasileiras t\u00eam diferentes desafios na acolhida a imigrantes\",\"datePublished\":\"2024-12-25T12:00:14+00:00\",\"mainEntityOfPage\":{\"@id\":\"https:\\\/\\\/transamerica93.com.br\\\/home\\\/regioes-brasileiras-tem-diferentes-desafios-na-acolhida-a-imigrantes\\\/\"},\"wordCount\":841,\"publisher\":{\"@id\":\"https:\\\/\\\/transamerica93.com.br\\\/home\\\/#organization\"},\"image\":{\"@id\":\"https:\\\/\\\/transamerica93.com.br\\\/home\\\/regioes-brasileiras-tem-diferentes-desafios-na-acolhida-a-imigrantes\\\/#primaryimage\"},\"thumbnailUrl\":\"https:\\\/\\\/transamerica93.com.br\\\/home\\\/wp-content\\\/uploads\\\/2024\\\/12\\\/3-3.jpg\",\"articleSection\":[\"Geral\"],\"inLanguage\":\"pt-BR\"},{\"@type\":\"WebPage\",\"@id\":\"https:\\\/\\\/transamerica93.com.br\\\/home\\\/regioes-brasileiras-tem-diferentes-desafios-na-acolhida-a-imigrantes\\\/\",\"url\":\"https:\\\/\\\/transamerica93.com.br\\\/home\\\/regioes-brasileiras-tem-diferentes-desafios-na-acolhida-a-imigrantes\\\/\",\"name\":\"Regi\u00f5es brasileiras t\u00eam diferentes desafios na acolhida a imigrantes - Transam\u00e9rica Mococa 93,3\",\"isPartOf\":{\"@id\":\"https:\\\/\\\/transamerica93.com.br\\\/home\\\/#website\"},\"primaryImageOfPage\":{\"@id\":\"https:\\\/\\\/transamerica93.com.br\\\/home\\\/regioes-brasileiras-tem-diferentes-desafios-na-acolhida-a-imigrantes\\\/#primaryimage\"},\"image\":{\"@id\":\"https:\\\/\\\/transamerica93.com.br\\\/home\\\/regioes-brasileiras-tem-diferentes-desafios-na-acolhida-a-imigrantes\\\/#primaryimage\"},\"thumbnailUrl\":\"https:\\\/\\\/transamerica93.com.br\\\/home\\\/wp-content\\\/uploads\\\/2024\\\/12\\\/3-3.jpg\",\"datePublished\":\"2024-12-25T12:00:14+00:00\",\"breadcrumb\":{\"@id\":\"https:\\\/\\\/transamerica93.com.br\\\/home\\\/regioes-brasileiras-tem-diferentes-desafios-na-acolhida-a-imigrantes\\\/#breadcrumb\"},\"inLanguage\":\"pt-BR\",\"potentialAction\":[{\"@type\":\"ReadAction\",\"target\":[\"https:\\\/\\\/transamerica93.com.br\\\/home\\\/regioes-brasileiras-tem-diferentes-desafios-na-acolhida-a-imigrantes\\\/\"]}]},{\"@type\":\"ImageObject\",\"inLanguage\":\"pt-BR\",\"@id\":\"https:\\\/\\\/transamerica93.com.br\\\/home\\\/regioes-brasileiras-tem-diferentes-desafios-na-acolhida-a-imigrantes\\\/#primaryimage\",\"url\":\"https:\\\/\\\/transamerica93.com.br\\\/home\\\/wp-content\\\/uploads\\\/2024\\\/12\\\/3-3.jpg\",\"contentUrl\":\"https:\\\/\\\/transamerica93.com.br\\\/home\\\/wp-content\\\/uploads\\\/2024\\\/12\\\/3-3.jpg\",\"width\":1170,\"height\":700,\"caption\":\"\u00a9 Marcelo Camargo\\\/Ag\u00eancia Brasil\"},{\"@type\":\"BreadcrumbList\",\"@id\":\"https:\\\/\\\/transamerica93.com.br\\\/home\\\/regioes-brasileiras-tem-diferentes-desafios-na-acolhida-a-imigrantes\\\/#breadcrumb\",\"itemListElement\":[{\"@type\":\"ListItem\",\"position\":1,\"name\":\"In\u00edcio\",\"item\":\"https:\\\/\\\/transamerica93.com.br\\\/home\\\/\"},{\"@type\":\"ListItem\",\"position\":2,\"name\":\"Regi\u00f5es brasileiras t\u00eam diferentes desafios na acolhida a imigrantes\"}]},{\"@type\":\"WebSite\",\"@id\":\"https:\\\/\\\/transamerica93.com.br\\\/home\\\/#website\",\"url\":\"https:\\\/\\\/transamerica93.com.br\\\/home\\\/\",\"name\":\"Transam\u00e9rica Mococa 93,3\",\"description\":\"\",\"publisher\":{\"@id\":\"https:\\\/\\\/transamerica93.com.br\\\/home\\\/#organization\"},\"potentialAction\":[{\"@type\":\"SearchAction\",\"target\":{\"@type\":\"EntryPoint\",\"urlTemplate\":\"https:\\\/\\\/transamerica93.com.br\\\/home\\\/?s={search_term_string}\"},\"query-input\":{\"@type\":\"PropertyValueSpecification\",\"valueRequired\":true,\"valueName\":\"search_term_string\"}}],\"inLanguage\":\"pt-BR\"},{\"@type\":\"Organization\",\"@id\":\"https:\\\/\\\/transamerica93.com.br\\\/home\\\/#organization\",\"name\":\"Transam\u00e9rica Mococa 93,3\",\"url\":\"https:\\\/\\\/transamerica93.com.br\\\/home\\\/\",\"logo\":{\"@type\":\"ImageObject\",\"inLanguage\":\"pt-BR\",\"@id\":\"https:\\\/\\\/transamerica93.com.br\\\/home\\\/#\\\/schema\\\/logo\\\/image\\\/\",\"url\":\"https:\\\/\\\/transamerica93.com.br\\\/home\\\/wp-content\\\/uploads\\\/2023\\\/10\\\/logo2.png\",\"contentUrl\":\"https:\\\/\\\/transamerica93.com.br\\\/home\\\/wp-content\\\/uploads\\\/2023\\\/10\\\/logo2.png\",\"width\":800,\"height\":500,\"caption\":\"Transam\u00e9rica Mococa 93,3\"},\"image\":{\"@id\":\"https:\\\/\\\/transamerica93.com.br\\\/home\\\/#\\\/schema\\\/logo\\\/image\\\/\"},\"sameAs\":[\"https:\\\/\\\/www.facebook.com\\\/transamericamococa\",\"https:\\\/\\\/x.com\\\/transamerica933\",\"https:\\\/\\\/www.instagram.com\\\/transamericamococa\"]},{\"@type\":\"Person\",\"@id\":\"https:\\\/\\\/transamerica93.com.br\\\/home\\\/#\\\/schema\\\/person\\\/7fed7c99c0d4562efa8561bc0f543172\",\"name\":\"Reda\u00e7\u00e3o\",\"image\":{\"@type\":\"ImageObject\",\"inLanguage\":\"pt-BR\",\"@id\":\"https:\\\/\\\/secure.gravatar.com\\\/avatar\\\/1072c6b775fb02ef8506ce967551d95926669a6b7d2c2147b42eea4d7c68395e?s=96&d=mm&r=g\",\"url\":\"https:\\\/\\\/secure.gravatar.com\\\/avatar\\\/1072c6b775fb02ef8506ce967551d95926669a6b7d2c2147b42eea4d7c68395e?s=96&d=mm&r=g\",\"contentUrl\":\"https:\\\/\\\/secure.gravatar.com\\\/avatar\\\/1072c6b775fb02ef8506ce967551d95926669a6b7d2c2147b42eea4d7c68395e?s=96&d=mm&r=g\",\"caption\":\"Reda\u00e7\u00e3o\"},\"sameAs\":[\"https:\\\/\\\/transamerica93.com.br\\\/home\"],\"url\":\"https:\\\/\\\/transamerica93.com.br\\\/home\\\/author\\\/william\\\/\"}]}<\/script>\n<!-- \/ Yoast SEO plugin. -->","yoast_head_json":{"title":"Regi\u00f5es brasileiras t\u00eam diferentes desafios na acolhida a imigrantes - Transam\u00e9rica Mococa 93,3","robots":{"index":"index","follow":"follow","max-snippet":"max-snippet:-1","max-image-preview":"max-image-preview:large","max-video-preview":"max-video-preview:-1"},"canonical":"https:\/\/transamerica93.com.br\/home\/regioes-brasileiras-tem-diferentes-desafios-na-acolhida-a-imigrantes\/","og_locale":"pt_BR","og_type":"article","og_title":"Regi\u00f5es brasileiras t\u00eam diferentes desafios na acolhida a imigrantes - Transam\u00e9rica Mococa 93,3","og_description":"O \u00faltimo relat\u00f3rio do Observat\u00f3rio das Migra\u00e7\u00f5es Internacionais (Obmigra), que deve ser integralmente divulgado na semana que vem, mostra\u00a0que as cinco regi\u00f5es brasileiras enfrentam diferentes desafios na acolhida a pessoas estrangeiras que escolhem o Brasil para viver.\u00a0 \u201cUma pol\u00edtica p\u00fablica para imigrantes no Nordeste tem que ser diferente para o Norte, o Sul e o &hellip;","og_url":"https:\/\/transamerica93.com.br\/home\/regioes-brasileiras-tem-diferentes-desafios-na-acolhida-a-imigrantes\/","og_site_name":"Transam\u00e9rica Mococa 93,3","article_publisher":"https:\/\/www.facebook.com\/transamericamococa","article_published_time":"2024-12-25T12:00:14+00:00","og_image":[{"width":1170,"height":700,"url":"https:\/\/transamerica93.com.br\/home\/wp-content\/uploads\/2024\/12\/3-3.jpg","type":"image\/jpeg"}],"author":"Reda\u00e7\u00e3o","twitter_card":"summary_large_image","twitter_creator":"@transamerica933","twitter_site":"@transamerica933","twitter_misc":{"Escrito por":"Reda\u00e7\u00e3o","Est. tempo de leitura":"6 minutos"},"schema":{"@context":"https:\/\/schema.org","@graph":[{"@type":"Article","@id":"https:\/\/transamerica93.com.br\/home\/regioes-brasileiras-tem-diferentes-desafios-na-acolhida-a-imigrantes\/#article","isPartOf":{"@id":"https:\/\/transamerica93.com.br\/home\/regioes-brasileiras-tem-diferentes-desafios-na-acolhida-a-imigrantes\/"},"author":{"name":"Reda\u00e7\u00e3o","@id":"https:\/\/transamerica93.com.br\/home\/#\/schema\/person\/7fed7c99c0d4562efa8561bc0f543172"},"headline":"Regi\u00f5es brasileiras t\u00eam diferentes desafios na acolhida a imigrantes","datePublished":"2024-12-25T12:00:14+00:00","mainEntityOfPage":{"@id":"https:\/\/transamerica93.com.br\/home\/regioes-brasileiras-tem-diferentes-desafios-na-acolhida-a-imigrantes\/"},"wordCount":841,"publisher":{"@id":"https:\/\/transamerica93.com.br\/home\/#organization"},"image":{"@id":"https:\/\/transamerica93.com.br\/home\/regioes-brasileiras-tem-diferentes-desafios-na-acolhida-a-imigrantes\/#primaryimage"},"thumbnailUrl":"https:\/\/transamerica93.com.br\/home\/wp-content\/uploads\/2024\/12\/3-3.jpg","articleSection":["Geral"],"inLanguage":"pt-BR"},{"@type":"WebPage","@id":"https:\/\/transamerica93.com.br\/home\/regioes-brasileiras-tem-diferentes-desafios-na-acolhida-a-imigrantes\/","url":"https:\/\/transamerica93.com.br\/home\/regioes-brasileiras-tem-diferentes-desafios-na-acolhida-a-imigrantes\/","name":"Regi\u00f5es brasileiras t\u00eam diferentes desafios na acolhida a imigrantes - Transam\u00e9rica Mococa 93,3","isPartOf":{"@id":"https:\/\/transamerica93.com.br\/home\/#website"},"primaryImageOfPage":{"@id":"https:\/\/transamerica93.com.br\/home\/regioes-brasileiras-tem-diferentes-desafios-na-acolhida-a-imigrantes\/#primaryimage"},"image":{"@id":"https:\/\/transamerica93.com.br\/home\/regioes-brasileiras-tem-diferentes-desafios-na-acolhida-a-imigrantes\/#primaryimage"},"thumbnailUrl":"https:\/\/transamerica93.com.br\/home\/wp-content\/uploads\/2024\/12\/3-3.jpg","datePublished":"2024-12-25T12:00:14+00:00","breadcrumb":{"@id":"https:\/\/transamerica93.com.br\/home\/regioes-brasileiras-tem-diferentes-desafios-na-acolhida-a-imigrantes\/#breadcrumb"},"inLanguage":"pt-BR","potentialAction":[{"@type":"ReadAction","target":["https:\/\/transamerica93.com.br\/home\/regioes-brasileiras-tem-diferentes-desafios-na-acolhida-a-imigrantes\/"]}]},{"@type":"ImageObject","inLanguage":"pt-BR","@id":"https:\/\/transamerica93.com.br\/home\/regioes-brasileiras-tem-diferentes-desafios-na-acolhida-a-imigrantes\/#primaryimage","url":"https:\/\/transamerica93.com.br\/home\/wp-content\/uploads\/2024\/12\/3-3.jpg","contentUrl":"https:\/\/transamerica93.com.br\/home\/wp-content\/uploads\/2024\/12\/3-3.jpg","width":1170,"height":700,"caption":"\u00a9 Marcelo Camargo\/Ag\u00eancia Brasil"},{"@type":"BreadcrumbList","@id":"https:\/\/transamerica93.com.br\/home\/regioes-brasileiras-tem-diferentes-desafios-na-acolhida-a-imigrantes\/#breadcrumb","itemListElement":[{"@type":"ListItem","position":1,"name":"In\u00edcio","item":"https:\/\/transamerica93.com.br\/home\/"},{"@type":"ListItem","position":2,"name":"Regi\u00f5es brasileiras t\u00eam diferentes desafios na acolhida a imigrantes"}]},{"@type":"WebSite","@id":"https:\/\/transamerica93.com.br\/home\/#website","url":"https:\/\/transamerica93.com.br\/home\/","name":"Transam\u00e9rica Mococa 93,3","description":"","publisher":{"@id":"https:\/\/transamerica93.com.br\/home\/#organization"},"potentialAction":[{"@type":"SearchAction","target":{"@type":"EntryPoint","urlTemplate":"https:\/\/transamerica93.com.br\/home\/?s={search_term_string}"},"query-input":{"@type":"PropertyValueSpecification","valueRequired":true,"valueName":"search_term_string"}}],"inLanguage":"pt-BR"},{"@type":"Organization","@id":"https:\/\/transamerica93.com.br\/home\/#organization","name":"Transam\u00e9rica Mococa 93,3","url":"https:\/\/transamerica93.com.br\/home\/","logo":{"@type":"ImageObject","inLanguage":"pt-BR","@id":"https:\/\/transamerica93.com.br\/home\/#\/schema\/logo\/image\/","url":"https:\/\/transamerica93.com.br\/home\/wp-content\/uploads\/2023\/10\/logo2.png","contentUrl":"https:\/\/transamerica93.com.br\/home\/wp-content\/uploads\/2023\/10\/logo2.png","width":800,"height":500,"caption":"Transam\u00e9rica Mococa 93,3"},"image":{"@id":"https:\/\/transamerica93.com.br\/home\/#\/schema\/logo\/image\/"},"sameAs":["https:\/\/www.facebook.com\/transamericamococa","https:\/\/x.com\/transamerica933","https:\/\/www.instagram.com\/transamericamococa"]},{"@type":"Person","@id":"https:\/\/transamerica93.com.br\/home\/#\/schema\/person\/7fed7c99c0d4562efa8561bc0f543172","name":"Reda\u00e7\u00e3o","image":{"@type":"ImageObject","inLanguage":"pt-BR","@id":"https:\/\/secure.gravatar.com\/avatar\/1072c6b775fb02ef8506ce967551d95926669a6b7d2c2147b42eea4d7c68395e?s=96&d=mm&r=g","url":"https:\/\/secure.gravatar.com\/avatar\/1072c6b775fb02ef8506ce967551d95926669a6b7d2c2147b42eea4d7c68395e?s=96&d=mm&r=g","contentUrl":"https:\/\/secure.gravatar.com\/avatar\/1072c6b775fb02ef8506ce967551d95926669a6b7d2c2147b42eea4d7c68395e?s=96&d=mm&r=g","caption":"Reda\u00e7\u00e3o"},"sameAs":["https:\/\/transamerica93.com.br\/home"],"url":"https:\/\/transamerica93.com.br\/home\/author\/william\/"}]}},"_links":{"self":[{"href":"https:\/\/transamerica93.com.br\/home\/wp-json\/wp\/v2\/posts\/4373","targetHints":{"allow":["GET"]}}],"collection":[{"href":"https:\/\/transamerica93.com.br\/home\/wp-json\/wp\/v2\/posts"}],"about":[{"href":"https:\/\/transamerica93.com.br\/home\/wp-json\/wp\/v2\/types\/post"}],"author":[{"embeddable":true,"href":"https:\/\/transamerica93.com.br\/home\/wp-json\/wp\/v2\/users\/1"}],"replies":[{"embeddable":true,"href":"https:\/\/transamerica93.com.br\/home\/wp-json\/wp\/v2\/comments?post=4373"}],"version-history":[{"count":1,"href":"https:\/\/transamerica93.com.br\/home\/wp-json\/wp\/v2\/posts\/4373\/revisions"}],"predecessor-version":[{"id":4374,"href":"https:\/\/transamerica93.com.br\/home\/wp-json\/wp\/v2\/posts\/4373\/revisions\/4374"}],"wp:featuredmedia":[{"embeddable":true,"href":"https:\/\/transamerica93.com.br\/home\/wp-json\/wp\/v2\/media\/4362"}],"wp:attachment":[{"href":"https:\/\/transamerica93.com.br\/home\/wp-json\/wp\/v2\/media?parent=4373"}],"wp:term":[{"taxonomy":"category","embeddable":true,"href":"https:\/\/transamerica93.com.br\/home\/wp-json\/wp\/v2\/categories?post=4373"},{"taxonomy":"post_tag","embeddable":true,"href":"https:\/\/transamerica93.com.br\/home\/wp-json\/wp\/v2\/tags?post=4373"}],"curies":[{"name":"wp","href":"https:\/\/api.w.org\/{rel}","templated":true}]}}