{"id":4379,"date":"2024-12-30T09:00:38","date_gmt":"2024-12-30T12:00:38","guid":{"rendered":"https:\/\/transamerica93.com.br\/home\/?p=4379"},"modified":"2024-12-18T11:51:40","modified_gmt":"2024-12-18T14:51:40","slug":"ministros-assinam-acordos-de-cooperacao-para-modernizar-estatais","status":"publish","type":"post","link":"https:\/\/transamerica93.com.br\/home\/ministros-assinam-acordos-de-cooperacao-para-modernizar-estatais\/","title":{"rendered":"Ministros assinam acordos de coopera\u00e7\u00e3o para modernizar estatais"},"content":{"rendered":"<div class=\"conteudo-noticia\">\n<p>O governo federal formalizou cinco acordos de coopera\u00e7\u00e3o t\u00e9cnica no \u00e2mbito do Programa de Governan\u00e7a e Moderniza\u00e7\u00e3o das Empresas Estatais (Inova)<img decoding=\"async\" data-src=\"https:\/\/agenciabrasil.ebc.com.br\/ebc.png?id=1624043&amp;o=node\" src=\"data:image\/svg+xml;base64,PHN2ZyB3aWR0aD0iMSIgaGVpZ2h0PSIxIiB4bWxucz0iaHR0cDovL3d3dy53My5vcmcvMjAwMC9zdmciPjwvc3ZnPg==\" class=\"lazyload\" \/><img decoding=\"async\" data-src=\"https:\/\/agenciabrasil.ebc.com.br\/ebc.gif?id=1624043&amp;o=node\" src=\"data:image\/svg+xml;base64,PHN2ZyB3aWR0aD0iMSIgaGVpZ2h0PSIxIiB4bWxucz0iaHR0cDovL3d3dy53My5vcmcvMjAwMC9zdmciPjwvc3ZnPg==\" class=\"lazyload\" \/><\/p>\n<p>Os documentos foram firmados entre o Minist\u00e9rio da Gest\u00e3o e da Inova\u00e7\u00e3o em Servi\u00e7os P\u00fablicos e os seguintes minist\u00e9rios e empresas:<\/p>\n<p>Minist\u00e9rio de Minas e Energia: Empresa Brasileira de Participa\u00e7\u00f5es em Energia (ENBPar), Ind\u00fastrias Nucleares do Brasil (INB), Eletronuclear e Nuclebr\u00e1s Equipamentos Pesados S.A (Nuclep);<\/p>\n<p>Minist\u00e9rio das Comunica\u00e7\u00f5es: Telecomunica\u00e7\u00f5es Brasileiras S.A (Telebr\u00e1s);<\/p>\n<p>Minist\u00e9rio da Ci\u00eancia, Tecnologia e Inova\u00e7\u00f5es: Centro Nacional de Tecnologia Eletr\u00f4nica Avan\u00e7ada (Ceitec);<\/p>\n<p>Minist\u00e9rio da Defesa: Ind\u00fastria de Material B\u00e9lico do Brasil (Imbel);<\/p>\n<p>E o Minist\u00e9rio do Desenvolvimento Agr\u00e1rio: Banco Nacional de Desenvolvimento Econ\u00f4mico e Social (BNDES), Companhia de Entrepostos e Armaz\u00e9ns Gerais de S\u00e3o Paulo (Ceagesp), Companhia de Armaz\u00e9ns e Silos de Minas Gerais (Ceasaminas) e Companhia Nacional de Abastecimento (Conab).<\/p>\n<h2>Situa\u00e7\u00e3o das estatais<\/h2>\n<p>Na cerim\u00f4nia, a ministra da Gest\u00e3o e da Inova\u00e7\u00e3o em Servi\u00e7os P\u00fablicos, Esther Dweck (foto), disse que a assinatura dos documentos ocorre ap\u00f3s uma s\u00e9rie de reuni\u00f5es com o presidente Luiz In\u00e1cio Lula da Silva para discutir a situa\u00e7\u00e3o das estatais brasileiras.<\/p>\n<p>\u201cTemos aqui algo bastante representativo\u201d, afirmou ao citar a parceria com outros setores governamentais. \u201cO que a gente est\u00e1 querendo \u00e9 fortalecer essa coordena\u00e7\u00e3o\u201d, enfatizou.<\/p>\n<p>Em nota, o Minist\u00e9rio da Gest\u00e3o e da Inova\u00e7\u00e3o em Servi\u00e7os P\u00fablicos avaliou que os acordos refor\u00e7am a governan\u00e7a e moderniza\u00e7\u00e3o de empresas estatais.<\/p>\n<p>\u201cA assinatura dos acordos \u00e9 um passo significativo para a implementa\u00e7\u00e3o das diretrizes do Decreto n\u00ba 12.303, de 9 de dezembro de 2024, que institui o Programa Inova, com o objetivo de modernizar e fortalecer a governan\u00e7a das empresas estatais e as participa\u00e7\u00f5es acion\u00e1rias da Uni\u00e3o\u201d, acrescentou.<\/p>\n<h2>Entenda<\/h2>\n<p>Coordenado pelo Minist\u00e9rio da Gest\u00e3o e da Inova\u00e7\u00e3o em Servi\u00e7os P\u00fablicos, o Inova tem como proposta fortalecer a governan\u00e7a de empresas estatais, com foco em capacita\u00e7\u00e3o, moderniza\u00e7\u00e3o e alinhamento estrat\u00e9gico.<\/p>\n<div class=\"dnd-widget-wrapper context-cheio_8colunas type-image\">\n<div class=\"dnd-atom-rendered\"><img decoding=\"async\" title=\"Fabio Rodrigues-Pozzebom\/ Ag\u00eancia Brasil\" data-src=\"https:\/\/imagens.ebc.com.br\/rGRkvdIT39sTsdLWqVLSt9MkwoQ=\/754x0\/smart\/https:\/\/agenciabrasil.ebc.com.br\/sites\/default\/files\/thumbnails\/image\/2024\/12\/17\/pzzb5789.jpg?itok=rNzfk8fq\" alt=\"Bras\u00edlia (DF) 17\/12\/\/2024  Os ministros do do Desenvolvimento Agr\u00e1rio e Agricultura Familiar, Paulo Teixeira, de Minas e Energia, Alexandre Silveira, do MGI, Esther Dweck e das comunica\u00e7\u00f5es, Juscelino Filho, assinam acordos de coopera\u00e7\u00e3o t\u00e9cnica no \u00e2mbito do Programa de Governan\u00e7a e Moderniza\u00e7\u00e3o das Empresas Estatais no Minist\u00e9rio da Gest\u00e3o e da Inova\u00e7\u00e3o em Servi\u00e7os P\u00fablicos (MGI) Foto: Fabio Rodrigues-Pozzebom\/ Ag\u00eancia Brasil\" src=\"data:image\/svg+xml;base64,PHN2ZyB3aWR0aD0iMSIgaGVpZ2h0PSIxIiB4bWxucz0iaHR0cDovL3d3dy53My5vcmcvMjAwMC9zdmciPjwvc3ZnPg==\" class=\"lazyload\" \/><\/div>\n<div class=\"dnd-caption-wrapper\">\n<div class=\"meta\">Ministros assinaram acordos de coopera\u00e7\u00e3o t\u00e9cnica no \u00e2mbito do Programa de Governan\u00e7a e Moderniza\u00e7\u00e3o das Empresas Estatais<strong>\u00a0&#8211; foto &#8211;<\/strong>\u00a0<strong>Fabio Rodrigues-Pozzebom\/ Ag\u00eancia Brasil<\/strong><\/div>\n<div><\/div>\n<\/div>\n<\/div>\n<p>O Inova moderniza os instrumentos de gest\u00e3o e administra\u00e7\u00e3o das empresas estatais, al\u00e9m de promover a inclus\u00e3o de pol\u00edticas de diversidade e transpar\u00eancia, com destaque para a melhoria na governan\u00e7a e na competitividade dessas empresas.<\/p>\n<p>\u201cAs medidas de moderniza\u00e7\u00e3o tamb\u00e9m contribuir\u00e3o para o fortalecimento da soberania nacional, o desenvolvimento sustent\u00e1vel e a redu\u00e7\u00e3o das desigualdades sociais e regionais, alinhando-se aos objetivos estrat\u00e9gicos de desenvolvimento do Brasil\u201d, finalizou o minist\u00e9rio.<\/p>\n<\/div>\n<div class=\"footer-noticia\">\n<div class=\"editor rowflex\">Edi\u00e7\u00e3o: Kleber Sampaio<\/div>\n<\/div>\n","protected":false},"excerpt":{"rendered":"<p>O governo federal formalizou cinco acordos de coopera\u00e7\u00e3o t\u00e9cnica no \u00e2mbito do Programa de Governan\u00e7a e Moderniza\u00e7\u00e3o das Empresas Estatais (Inova) Os documentos foram firmados entre o Minist\u00e9rio da Gest\u00e3o e da Inova\u00e7\u00e3o em Servi\u00e7os P\u00fablicos e os seguintes minist\u00e9rios e empresas: Minist\u00e9rio de Minas e Energia: Empresa Brasileira de Participa\u00e7\u00f5es em Energia (ENBPar), Ind\u00fastrias &hellip;<\/p>\n","protected":false},"author":1,"featured_media":4365,"comment_status":"closed","ping_status":"closed","sticky":false,"template":"","format":"standard","meta":{"footnotes":""},"categories":[30],"tags":[],"class_list":["post-4379","post","type-post","status-publish","format-standard","has-post-thumbnail","hentry","category-geral"],"yoast_head":"<!-- This site is optimized with the Yoast SEO plugin v27.4 - https:\/\/yoast.com\/product\/yoast-seo-wordpress\/ -->\n<title>Ministros assinam acordos de coopera\u00e7\u00e3o para modernizar estatais - Transam\u00e9rica Mococa 93,3<\/title>\n<meta name=\"robots\" content=\"index, follow, max-snippet:-1, max-image-preview:large, max-video-preview:-1\" \/>\n<link rel=\"canonical\" href=\"https:\/\/transamerica93.com.br\/home\/ministros-assinam-acordos-de-cooperacao-para-modernizar-estatais\/\" \/>\n<meta property=\"og:locale\" content=\"pt_BR\" \/>\n<meta property=\"og:type\" content=\"article\" \/>\n<meta property=\"og:title\" content=\"Ministros assinam acordos de coopera\u00e7\u00e3o para modernizar estatais - Transam\u00e9rica Mococa 93,3\" \/>\n<meta property=\"og:description\" content=\"O governo federal formalizou cinco acordos de coopera\u00e7\u00e3o t\u00e9cnica no \u00e2mbito do Programa de Governan\u00e7a e Moderniza\u00e7\u00e3o das Empresas Estatais (Inova) Os documentos foram firmados entre o Minist\u00e9rio da Gest\u00e3o e da Inova\u00e7\u00e3o em Servi\u00e7os P\u00fablicos e os seguintes minist\u00e9rios e empresas: Minist\u00e9rio de Minas e Energia: Empresa Brasileira de Participa\u00e7\u00f5es em Energia (ENBPar), Ind\u00fastrias &hellip;\" \/>\n<meta property=\"og:url\" content=\"https:\/\/transamerica93.com.br\/home\/ministros-assinam-acordos-de-cooperacao-para-modernizar-estatais\/\" \/>\n<meta property=\"og:site_name\" content=\"Transam\u00e9rica Mococa 93,3\" \/>\n<meta property=\"article:publisher\" content=\"https:\/\/www.facebook.com\/transamericamococa\" \/>\n<meta property=\"article:published_time\" content=\"2024-12-30T12:00:38+00:00\" \/>\n<meta property=\"og:image\" content=\"https:\/\/transamerica93.com.br\/home\/wp-content\/uploads\/2024\/12\/6-1.jpg\" \/>\n\t<meta property=\"og:image:width\" content=\"1170\" \/>\n\t<meta property=\"og:image:height\" content=\"700\" \/>\n\t<meta property=\"og:image:type\" content=\"image\/jpeg\" \/>\n<meta name=\"author\" content=\"Reda\u00e7\u00e3o\" \/>\n<meta name=\"twitter:card\" content=\"summary_large_image\" \/>\n<meta name=\"twitter:creator\" content=\"@transamerica933\" \/>\n<meta name=\"twitter:site\" content=\"@transamerica933\" \/>\n<meta name=\"twitter:label1\" content=\"Escrito por\" \/>\n\t<meta name=\"twitter:data1\" content=\"Reda\u00e7\u00e3o\" \/>\n\t<meta name=\"twitter:label2\" content=\"Est. tempo de leitura\" \/>\n\t<meta name=\"twitter:data2\" content=\"4 minutos\" \/>\n<script type=\"application\/ld+json\" class=\"yoast-schema-graph\">{\"@context\":\"https:\\\/\\\/schema.org\",\"@graph\":[{\"@type\":\"Article\",\"@id\":\"https:\\\/\\\/transamerica93.com.br\\\/home\\\/ministros-assinam-acordos-de-cooperacao-para-modernizar-estatais\\\/#article\",\"isPartOf\":{\"@id\":\"https:\\\/\\\/transamerica93.com.br\\\/home\\\/ministros-assinam-acordos-de-cooperacao-para-modernizar-estatais\\\/\"},\"author\":{\"name\":\"Reda\u00e7\u00e3o\",\"@id\":\"https:\\\/\\\/transamerica93.com.br\\\/home\\\/#\\\/schema\\\/person\\\/7fed7c99c0d4562efa8561bc0f543172\"},\"headline\":\"Ministros assinam acordos de coopera\u00e7\u00e3o para modernizar estatais\",\"datePublished\":\"2024-12-30T12:00:38+00:00\",\"mainEntityOfPage\":{\"@id\":\"https:\\\/\\\/transamerica93.com.br\\\/home\\\/ministros-assinam-acordos-de-cooperacao-para-modernizar-estatais\\\/\"},\"wordCount\":495,\"publisher\":{\"@id\":\"https:\\\/\\\/transamerica93.com.br\\\/home\\\/#organization\"},\"image\":{\"@id\":\"https:\\\/\\\/transamerica93.com.br\\\/home\\\/ministros-assinam-acordos-de-cooperacao-para-modernizar-estatais\\\/#primaryimage\"},\"thumbnailUrl\":\"https:\\\/\\\/transamerica93.com.br\\\/home\\\/wp-content\\\/uploads\\\/2024\\\/12\\\/6-1.jpg\",\"articleSection\":[\"Geral\"],\"inLanguage\":\"pt-BR\"},{\"@type\":\"WebPage\",\"@id\":\"https:\\\/\\\/transamerica93.com.br\\\/home\\\/ministros-assinam-acordos-de-cooperacao-para-modernizar-estatais\\\/\",\"url\":\"https:\\\/\\\/transamerica93.com.br\\\/home\\\/ministros-assinam-acordos-de-cooperacao-para-modernizar-estatais\\\/\",\"name\":\"Ministros assinam acordos de coopera\u00e7\u00e3o para modernizar estatais - Transam\u00e9rica Mococa 93,3\",\"isPartOf\":{\"@id\":\"https:\\\/\\\/transamerica93.com.br\\\/home\\\/#website\"},\"primaryImageOfPage\":{\"@id\":\"https:\\\/\\\/transamerica93.com.br\\\/home\\\/ministros-assinam-acordos-de-cooperacao-para-modernizar-estatais\\\/#primaryimage\"},\"image\":{\"@id\":\"https:\\\/\\\/transamerica93.com.br\\\/home\\\/ministros-assinam-acordos-de-cooperacao-para-modernizar-estatais\\\/#primaryimage\"},\"thumbnailUrl\":\"https:\\\/\\\/transamerica93.com.br\\\/home\\\/wp-content\\\/uploads\\\/2024\\\/12\\\/6-1.jpg\",\"datePublished\":\"2024-12-30T12:00:38+00:00\",\"breadcrumb\":{\"@id\":\"https:\\\/\\\/transamerica93.com.br\\\/home\\\/ministros-assinam-acordos-de-cooperacao-para-modernizar-estatais\\\/#breadcrumb\"},\"inLanguage\":\"pt-BR\",\"potentialAction\":[{\"@type\":\"ReadAction\",\"target\":[\"https:\\\/\\\/transamerica93.com.br\\\/home\\\/ministros-assinam-acordos-de-cooperacao-para-modernizar-estatais\\\/\"]}]},{\"@type\":\"ImageObject\",\"inLanguage\":\"pt-BR\",\"@id\":\"https:\\\/\\\/transamerica93.com.br\\\/home\\\/ministros-assinam-acordos-de-cooperacao-para-modernizar-estatais\\\/#primaryimage\",\"url\":\"https:\\\/\\\/transamerica93.com.br\\\/home\\\/wp-content\\\/uploads\\\/2024\\\/12\\\/6-1.jpg\",\"contentUrl\":\"https:\\\/\\\/transamerica93.com.br\\\/home\\\/wp-content\\\/uploads\\\/2024\\\/12\\\/6-1.jpg\",\"width\":1170,\"height\":700,\"caption\":\"\u00a9 Fabio Rodrigues-Pozzebom\\\/ Ag\u00eancia Brasil\"},{\"@type\":\"BreadcrumbList\",\"@id\":\"https:\\\/\\\/transamerica93.com.br\\\/home\\\/ministros-assinam-acordos-de-cooperacao-para-modernizar-estatais\\\/#breadcrumb\",\"itemListElement\":[{\"@type\":\"ListItem\",\"position\":1,\"name\":\"In\u00edcio\",\"item\":\"https:\\\/\\\/transamerica93.com.br\\\/home\\\/\"},{\"@type\":\"ListItem\",\"position\":2,\"name\":\"Ministros assinam acordos de coopera\u00e7\u00e3o para modernizar estatais\"}]},{\"@type\":\"WebSite\",\"@id\":\"https:\\\/\\\/transamerica93.com.br\\\/home\\\/#website\",\"url\":\"https:\\\/\\\/transamerica93.com.br\\\/home\\\/\",\"name\":\"Transam\u00e9rica Mococa 93,3\",\"description\":\"\",\"publisher\":{\"@id\":\"https:\\\/\\\/transamerica93.com.br\\\/home\\\/#organization\"},\"potentialAction\":[{\"@type\":\"SearchAction\",\"target\":{\"@type\":\"EntryPoint\",\"urlTemplate\":\"https:\\\/\\\/transamerica93.com.br\\\/home\\\/?s={search_term_string}\"},\"query-input\":{\"@type\":\"PropertyValueSpecification\",\"valueRequired\":true,\"valueName\":\"search_term_string\"}}],\"inLanguage\":\"pt-BR\"},{\"@type\":\"Organization\",\"@id\":\"https:\\\/\\\/transamerica93.com.br\\\/home\\\/#organization\",\"name\":\"Transam\u00e9rica Mococa 93,3\",\"url\":\"https:\\\/\\\/transamerica93.com.br\\\/home\\\/\",\"logo\":{\"@type\":\"ImageObject\",\"inLanguage\":\"pt-BR\",\"@id\":\"https:\\\/\\\/transamerica93.com.br\\\/home\\\/#\\\/schema\\\/logo\\\/image\\\/\",\"url\":\"https:\\\/\\\/transamerica93.com.br\\\/home\\\/wp-content\\\/uploads\\\/2023\\\/10\\\/logo2.png\",\"contentUrl\":\"https:\\\/\\\/transamerica93.com.br\\\/home\\\/wp-content\\\/uploads\\\/2023\\\/10\\\/logo2.png\",\"width\":800,\"height\":500,\"caption\":\"Transam\u00e9rica Mococa 93,3\"},\"image\":{\"@id\":\"https:\\\/\\\/transamerica93.com.br\\\/home\\\/#\\\/schema\\\/logo\\\/image\\\/\"},\"sameAs\":[\"https:\\\/\\\/www.facebook.com\\\/transamericamococa\",\"https:\\\/\\\/x.com\\\/transamerica933\",\"https:\\\/\\\/www.instagram.com\\\/transamericamococa\"]},{\"@type\":\"Person\",\"@id\":\"https:\\\/\\\/transamerica93.com.br\\\/home\\\/#\\\/schema\\\/person\\\/7fed7c99c0d4562efa8561bc0f543172\",\"name\":\"Reda\u00e7\u00e3o\",\"image\":{\"@type\":\"ImageObject\",\"inLanguage\":\"pt-BR\",\"@id\":\"https:\\\/\\\/secure.gravatar.com\\\/avatar\\\/1072c6b775fb02ef8506ce967551d95926669a6b7d2c2147b42eea4d7c68395e?s=96&d=mm&r=g\",\"url\":\"https:\\\/\\\/secure.gravatar.com\\\/avatar\\\/1072c6b775fb02ef8506ce967551d95926669a6b7d2c2147b42eea4d7c68395e?s=96&d=mm&r=g\",\"contentUrl\":\"https:\\\/\\\/secure.gravatar.com\\\/avatar\\\/1072c6b775fb02ef8506ce967551d95926669a6b7d2c2147b42eea4d7c68395e?s=96&d=mm&r=g\",\"caption\":\"Reda\u00e7\u00e3o\"},\"sameAs\":[\"https:\\\/\\\/transamerica93.com.br\\\/home\"],\"url\":\"https:\\\/\\\/transamerica93.com.br\\\/home\\\/author\\\/william\\\/\"}]}<\/script>\n<!-- \/ Yoast SEO plugin. -->","yoast_head_json":{"title":"Ministros assinam acordos de coopera\u00e7\u00e3o para modernizar estatais - Transam\u00e9rica Mococa 93,3","robots":{"index":"index","follow":"follow","max-snippet":"max-snippet:-1","max-image-preview":"max-image-preview:large","max-video-preview":"max-video-preview:-1"},"canonical":"https:\/\/transamerica93.com.br\/home\/ministros-assinam-acordos-de-cooperacao-para-modernizar-estatais\/","og_locale":"pt_BR","og_type":"article","og_title":"Ministros assinam acordos de coopera\u00e7\u00e3o para modernizar estatais - Transam\u00e9rica Mococa 93,3","og_description":"O governo federal formalizou cinco acordos de coopera\u00e7\u00e3o t\u00e9cnica no \u00e2mbito do Programa de Governan\u00e7a e Moderniza\u00e7\u00e3o das Empresas Estatais (Inova) Os documentos foram firmados entre o Minist\u00e9rio da Gest\u00e3o e da Inova\u00e7\u00e3o em Servi\u00e7os P\u00fablicos e os seguintes minist\u00e9rios e empresas: Minist\u00e9rio de Minas e Energia: Empresa Brasileira de Participa\u00e7\u00f5es em Energia (ENBPar), Ind\u00fastrias &hellip;","og_url":"https:\/\/transamerica93.com.br\/home\/ministros-assinam-acordos-de-cooperacao-para-modernizar-estatais\/","og_site_name":"Transam\u00e9rica Mococa 93,3","article_publisher":"https:\/\/www.facebook.com\/transamericamococa","article_published_time":"2024-12-30T12:00:38+00:00","og_image":[{"width":1170,"height":700,"url":"https:\/\/transamerica93.com.br\/home\/wp-content\/uploads\/2024\/12\/6-1.jpg","type":"image\/jpeg"}],"author":"Reda\u00e7\u00e3o","twitter_card":"summary_large_image","twitter_creator":"@transamerica933","twitter_site":"@transamerica933","twitter_misc":{"Escrito por":"Reda\u00e7\u00e3o","Est. tempo de leitura":"4 minutos"},"schema":{"@context":"https:\/\/schema.org","@graph":[{"@type":"Article","@id":"https:\/\/transamerica93.com.br\/home\/ministros-assinam-acordos-de-cooperacao-para-modernizar-estatais\/#article","isPartOf":{"@id":"https:\/\/transamerica93.com.br\/home\/ministros-assinam-acordos-de-cooperacao-para-modernizar-estatais\/"},"author":{"name":"Reda\u00e7\u00e3o","@id":"https:\/\/transamerica93.com.br\/home\/#\/schema\/person\/7fed7c99c0d4562efa8561bc0f543172"},"headline":"Ministros assinam acordos de coopera\u00e7\u00e3o para modernizar estatais","datePublished":"2024-12-30T12:00:38+00:00","mainEntityOfPage":{"@id":"https:\/\/transamerica93.com.br\/home\/ministros-assinam-acordos-de-cooperacao-para-modernizar-estatais\/"},"wordCount":495,"publisher":{"@id":"https:\/\/transamerica93.com.br\/home\/#organization"},"image":{"@id":"https:\/\/transamerica93.com.br\/home\/ministros-assinam-acordos-de-cooperacao-para-modernizar-estatais\/#primaryimage"},"thumbnailUrl":"https:\/\/transamerica93.com.br\/home\/wp-content\/uploads\/2024\/12\/6-1.jpg","articleSection":["Geral"],"inLanguage":"pt-BR"},{"@type":"WebPage","@id":"https:\/\/transamerica93.com.br\/home\/ministros-assinam-acordos-de-cooperacao-para-modernizar-estatais\/","url":"https:\/\/transamerica93.com.br\/home\/ministros-assinam-acordos-de-cooperacao-para-modernizar-estatais\/","name":"Ministros assinam acordos de coopera\u00e7\u00e3o para modernizar estatais - Transam\u00e9rica Mococa 93,3","isPartOf":{"@id":"https:\/\/transamerica93.com.br\/home\/#website"},"primaryImageOfPage":{"@id":"https:\/\/transamerica93.com.br\/home\/ministros-assinam-acordos-de-cooperacao-para-modernizar-estatais\/#primaryimage"},"image":{"@id":"https:\/\/transamerica93.com.br\/home\/ministros-assinam-acordos-de-cooperacao-para-modernizar-estatais\/#primaryimage"},"thumbnailUrl":"https:\/\/transamerica93.com.br\/home\/wp-content\/uploads\/2024\/12\/6-1.jpg","datePublished":"2024-12-30T12:00:38+00:00","breadcrumb":{"@id":"https:\/\/transamerica93.com.br\/home\/ministros-assinam-acordos-de-cooperacao-para-modernizar-estatais\/#breadcrumb"},"inLanguage":"pt-BR","potentialAction":[{"@type":"ReadAction","target":["https:\/\/transamerica93.com.br\/home\/ministros-assinam-acordos-de-cooperacao-para-modernizar-estatais\/"]}]},{"@type":"ImageObject","inLanguage":"pt-BR","@id":"https:\/\/transamerica93.com.br\/home\/ministros-assinam-acordos-de-cooperacao-para-modernizar-estatais\/#primaryimage","url":"https:\/\/transamerica93.com.br\/home\/wp-content\/uploads\/2024\/12\/6-1.jpg","contentUrl":"https:\/\/transamerica93.com.br\/home\/wp-content\/uploads\/2024\/12\/6-1.jpg","width":1170,"height":700,"caption":"\u00a9 Fabio Rodrigues-Pozzebom\/ Ag\u00eancia Brasil"},{"@type":"BreadcrumbList","@id":"https:\/\/transamerica93.com.br\/home\/ministros-assinam-acordos-de-cooperacao-para-modernizar-estatais\/#breadcrumb","itemListElement":[{"@type":"ListItem","position":1,"name":"In\u00edcio","item":"https:\/\/transamerica93.com.br\/home\/"},{"@type":"ListItem","position":2,"name":"Ministros assinam acordos de coopera\u00e7\u00e3o para modernizar estatais"}]},{"@type":"WebSite","@id":"https:\/\/transamerica93.com.br\/home\/#website","url":"https:\/\/transamerica93.com.br\/home\/","name":"Transam\u00e9rica Mococa 93,3","description":"","publisher":{"@id":"https:\/\/transamerica93.com.br\/home\/#organization"},"potentialAction":[{"@type":"SearchAction","target":{"@type":"EntryPoint","urlTemplate":"https:\/\/transamerica93.com.br\/home\/?s={search_term_string}"},"query-input":{"@type":"PropertyValueSpecification","valueRequired":true,"valueName":"search_term_string"}}],"inLanguage":"pt-BR"},{"@type":"Organization","@id":"https:\/\/transamerica93.com.br\/home\/#organization","name":"Transam\u00e9rica Mococa 93,3","url":"https:\/\/transamerica93.com.br\/home\/","logo":{"@type":"ImageObject","inLanguage":"pt-BR","@id":"https:\/\/transamerica93.com.br\/home\/#\/schema\/logo\/image\/","url":"https:\/\/transamerica93.com.br\/home\/wp-content\/uploads\/2023\/10\/logo2.png","contentUrl":"https:\/\/transamerica93.com.br\/home\/wp-content\/uploads\/2023\/10\/logo2.png","width":800,"height":500,"caption":"Transam\u00e9rica Mococa 93,3"},"image":{"@id":"https:\/\/transamerica93.com.br\/home\/#\/schema\/logo\/image\/"},"sameAs":["https:\/\/www.facebook.com\/transamericamococa","https:\/\/x.com\/transamerica933","https:\/\/www.instagram.com\/transamericamococa"]},{"@type":"Person","@id":"https:\/\/transamerica93.com.br\/home\/#\/schema\/person\/7fed7c99c0d4562efa8561bc0f543172","name":"Reda\u00e7\u00e3o","image":{"@type":"ImageObject","inLanguage":"pt-BR","@id":"https:\/\/secure.gravatar.com\/avatar\/1072c6b775fb02ef8506ce967551d95926669a6b7d2c2147b42eea4d7c68395e?s=96&d=mm&r=g","url":"https:\/\/secure.gravatar.com\/avatar\/1072c6b775fb02ef8506ce967551d95926669a6b7d2c2147b42eea4d7c68395e?s=96&d=mm&r=g","contentUrl":"https:\/\/secure.gravatar.com\/avatar\/1072c6b775fb02ef8506ce967551d95926669a6b7d2c2147b42eea4d7c68395e?s=96&d=mm&r=g","caption":"Reda\u00e7\u00e3o"},"sameAs":["https:\/\/transamerica93.com.br\/home"],"url":"https:\/\/transamerica93.com.br\/home\/author\/william\/"}]}},"_links":{"self":[{"href":"https:\/\/transamerica93.com.br\/home\/wp-json\/wp\/v2\/posts\/4379","targetHints":{"allow":["GET"]}}],"collection":[{"href":"https:\/\/transamerica93.com.br\/home\/wp-json\/wp\/v2\/posts"}],"about":[{"href":"https:\/\/transamerica93.com.br\/home\/wp-json\/wp\/v2\/types\/post"}],"author":[{"embeddable":true,"href":"https:\/\/transamerica93.com.br\/home\/wp-json\/wp\/v2\/users\/1"}],"replies":[{"embeddable":true,"href":"https:\/\/transamerica93.com.br\/home\/wp-json\/wp\/v2\/comments?post=4379"}],"version-history":[{"count":1,"href":"https:\/\/transamerica93.com.br\/home\/wp-json\/wp\/v2\/posts\/4379\/revisions"}],"predecessor-version":[{"id":4380,"href":"https:\/\/transamerica93.com.br\/home\/wp-json\/wp\/v2\/posts\/4379\/revisions\/4380"}],"wp:featuredmedia":[{"embeddable":true,"href":"https:\/\/transamerica93.com.br\/home\/wp-json\/wp\/v2\/media\/4365"}],"wp:attachment":[{"href":"https:\/\/transamerica93.com.br\/home\/wp-json\/wp\/v2\/media?parent=4379"}],"wp:term":[{"taxonomy":"category","embeddable":true,"href":"https:\/\/transamerica93.com.br\/home\/wp-json\/wp\/v2\/categories?post=4379"},{"taxonomy":"post_tag","embeddable":true,"href":"https:\/\/transamerica93.com.br\/home\/wp-json\/wp\/v2\/tags?post=4379"}],"curies":[{"name":"wp","href":"https:\/\/api.w.org\/{rel}","templated":true}]}}