{"id":4392,"date":"2024-12-24T12:00:42","date_gmt":"2024-12-24T15:00:42","guid":{"rendered":"https:\/\/transamerica93.com.br\/home\/?p=4392"},"modified":"2024-12-18T12:26:52","modified_gmt":"2024-12-18T15:26:52","slug":"fifa-the-best-vascaino-menino-gui-vence-premio-de-torcedor-do-ano","status":"publish","type":"post","link":"https:\/\/transamerica93.com.br\/home\/fifa-the-best-vascaino-menino-gui-vence-premio-de-torcedor-do-ano\/","title":{"rendered":"Fifa The Best: Vasca\u00edno, menino Gui vence pr\u00eamio de torcedor do ano"},"content":{"rendered":"<div class=\"conteudo-noticia\">\n<p>Mais conhecido como Gui, o pequeno cruzmaltino Guilherme Gandra Moura, de 10 anos, \u00e9 o vencedor do pr\u00eamio torcedor do ano do Fifa The Best Awards, anunciado durante cerim\u00f4nia, em Doha (Catar). O menino, portador de epiderm\u00f3lise bolhosa &#8211; doen\u00e7a gen\u00e9tica rara &#8211; ficou conhecido em junho de 2023, ap\u00f3s aparecer em um v\u00eddeo que viralizou na intenet, ap\u00f3s ser compartilhado pela pr\u00f3pria m\u00e3e. Na ocasi\u00e3o, a nutricionista Tayane Gandra registrou o comovente reencontro com o filho, que acabara de receber alta hospitalar, ap\u00f3s 16 dias internado em coma induzido.<img decoding=\"async\" data-src=\"https:\/\/agenciabrasil.ebc.com.br\/ebc.png?id=1624081&amp;o=node\" src=\"data:image\/svg+xml;base64,PHN2ZyB3aWR0aD0iMSIgaGVpZ2h0PSIxIiB4bWxucz0iaHR0cDovL3d3dy53My5vcmcvMjAwMC9zdmciPjwvc3ZnPg==\" class=\"lazyload\" \/><img decoding=\"async\" data-src=\"https:\/\/agenciabrasil.ebc.com.br\/ebc.gif?id=1624081&amp;o=node\" src=\"data:image\/svg+xml;base64,PHN2ZyB3aWR0aD0iMSIgaGVpZ2h0PSIxIiB4bWxucz0iaHR0cDovL3d3dy53My5vcmcvMjAwMC9zdmciPjwvc3ZnPg==\" class=\"lazyload\" \/><\/p>\n<div class=\"twitter-tweet twitter-tweet-rendered\"><iframe id=\"twitter-widget-0\" title=\"X Post\" data-src=\"https:\/\/platform.twitter.com\/embed\/Tweet.html?creatorScreenName=agenciabrasil&amp;dnt=false&amp;embedId=twitter-widget-0&amp;features=eyJ0ZndfdGltZWxpbmVfbGlzdCI6eyJidWNrZXQiOltdLCJ2ZXJzaW9uIjpudWxsfSwidGZ3X2ZvbGxvd2VyX2NvdW50X3N1bnNldCI6eyJidWNrZXQiOnRydWUsInZlcnNpb24iOm51bGx9LCJ0ZndfdHdlZXRfZWRpdF9iYWNrZW5kIjp7ImJ1Y2tldCI6Im9uIiwidmVyc2lvbiI6bnVsbH0sInRmd19yZWZzcmNfc2Vzc2lvbiI6eyJidWNrZXQiOiJvbiIsInZlcnNpb24iOm51bGx9LCJ0ZndfZm9zbnJfc29mdF9pbnRlcnZlbnRpb25zX2VuYWJsZWQiOnsiYnVja2V0Ijoib24iLCJ2ZXJzaW9uIjpudWxsfSwidGZ3X21peGVkX21lZGlhXzE1ODk3Ijp7ImJ1Y2tldCI6InRyZWF0bWVudCIsInZlcnNpb24iOm51bGx9LCJ0ZndfZXhwZXJpbWVudHNfY29va2llX2V4cGlyYXRpb24iOnsiYnVja2V0IjoxMjA5NjAwLCJ2ZXJzaW9uIjpudWxsfSwidGZ3X3Nob3dfYmlyZHdhdGNoX3Bpdm90c19lbmFibGVkIjp7ImJ1Y2tldCI6Im9uIiwidmVyc2lvbiI6bnVsbH0sInRmd19kdXBsaWNhdGVfc2NyaWJlc190b19zZXR0aW5ncyI6eyJidWNrZXQiOiJvbiIsInZlcnNpb24iOm51bGx9LCJ0ZndfdXNlX3Byb2ZpbGVfaW1hZ2Vfc2hhcGVfZW5hYmxlZCI6eyJidWNrZXQiOiJvbiIsInZlcnNpb24iOm51bGx9LCJ0ZndfdmlkZW9faGxzX2R5bmFtaWNfbWFuaWZlc3RzXzE1MDgyIjp7ImJ1Y2tldCI6InRydWVfYml0cmF0ZSIsInZlcnNpb24iOm51bGx9LCJ0ZndfbGVnYWN5X3RpbWVsaW5lX3N1bnNldCI6eyJidWNrZXQiOnRydWUsInZlcnNpb24iOm51bGx9LCJ0ZndfdHdlZXRfZWRpdF9mcm9udGVuZCI6eyJidWNrZXQiOiJvbiIsInZlcnNpb24iOm51bGx9fQ%3D%3D&amp;frame=false&amp;hideCard=false&amp;hideThread=false&amp;id=1869084936088498255&amp;lang=pt&amp;origin=https%3A%2F%2Fagenciabrasil.ebc.com.br%2Fesportes%2Fnoticia%2F2024-12%2Ffifa-best-vascaino-menino-gui-vence-premio-de-torcedor-do-ano&amp;sessionId=3bcd7c20f99c64ee319402e42d61d9c18ca75c28&amp;siteScreenName=agenciabrasil&amp;theme=light&amp;widgetsVersion=2615f7e52b7e0%3A1702314776716&amp;width=550px\" frameborder=\"0\" scrolling=\"no\" allowfullscreen=\"allowfullscreen\" data-tweet-id=\"1869084936088498255\" data-mce-fragment=\"1\" src=\"data:image\/svg+xml;base64,PHN2ZyB3aWR0aD0iMSIgaGVpZ2h0PSIxIiB4bWxucz0iaHR0cDovL3d3dy53My5vcmcvMjAwMC9zdmciPjwvc3ZnPg==\" class=\"lazyload\" data-load-mode=\"1\"><\/iframe><\/div>\n<div><\/div>\n<p>Gui ficou conhecido nacionalmente ao revelar que era torcedor do Vasco e passou a ser s\u00edmbolo do time carioca. Com as imagens de entrevistas do pequeno carioca, que se comunica de maneira carism\u00e1tica, n\u00e3o demorou para que Gui fosse presenteado por outros clubes brasileiros e at\u00e9 mesmo convidado para visitar times estrangeiros, nos quais foi fotografado ao lado de v\u00e1rios jogadores.\u00a0Um dos craques a receb\u00ea-lo foi Neymar ao lado de Nen\u00ea, jogador do Juventude, em novembro do ano passado. Na \u00e9poca, Neymar se recuperava de uma cirurgia no joelho, no Brasil.<\/p>\n<p><a href=\"https:\/\/x.com\/LulaOficial\/status\/1722032192602140857?ref_src=twsrc%5Etfw%7Ctwcamp%5Etweetembed%7Ctwterm%5E1722032192602140857%7Ctwgr%5E0990bdf5044541b97bdd2599538270a277c963c3%7Ctwcon%5Es1_&amp;ref_url=https%3A%2F%2Fd-27718056671487575041.ampproject.net%2F2410292120000%2Fframe.html\"><strong>Outro encontro marcante de Gui foi com o presidente Lula<\/strong><\/a>, que chegou a publicar um v\u00eddeo nas rede sociais em que aparece contando\u00a0para o menino a respeito da sua amizade com grandes \u00eddolos do Vasco, como Roberto Dinamite, e revelando como\u00a0escolheu o Vasco como time do cora\u00e7\u00e3o.<\/p>\n<p>No final do ano passado, Gui foi uma das crian\u00e7as que entraram em campo com a sele\u00e7\u00e3o brasileira na partida contra a Argentina, no Maracan\u00e3.<\/p>\n<div class=\"noticias-relacionadas rel-position rowflex\">\n<div class=\"titulo-noticia-relacionada\">Edi\u00e7\u00e3o: Cl\u00e1udia Soares Rodrigues<\/div>\n<\/div>\n<\/div>\n","protected":false},"excerpt":{"rendered":"<p>Mais conhecido como Gui, o pequeno cruzmaltino Guilherme Gandra Moura, de 10 anos, \u00e9 o vencedor do pr\u00eamio torcedor do ano do Fifa The Best Awards, anunciado durante cerim\u00f4nia, em Doha (Catar). O menino, portador de epiderm\u00f3lise bolhosa &#8211; doen\u00e7a gen\u00e9tica rara &#8211; ficou conhecido em junho de 2023, ap\u00f3s aparecer em um v\u00eddeo que &hellip;<\/p>\n","protected":false},"author":1,"featured_media":4393,"comment_status":"closed","ping_status":"closed","sticky":false,"template":"","format":"standard","meta":{"footnotes":""},"categories":[31],"tags":[],"class_list":["post-4392","post","type-post","status-publish","format-standard","has-post-thumbnail","hentry","category-esportes"],"yoast_head":"<!-- This site is optimized with the Yoast SEO plugin v27.4 - https:\/\/yoast.com\/product\/yoast-seo-wordpress\/ -->\n<title>Fifa The Best: Vasca\u00edno, menino Gui vence pr\u00eamio de torcedor do ano - Transam\u00e9rica Mococa 93,3<\/title>\n<meta name=\"robots\" content=\"index, follow, max-snippet:-1, max-image-preview:large, max-video-preview:-1\" \/>\n<link rel=\"canonical\" href=\"https:\/\/transamerica93.com.br\/home\/fifa-the-best-vascaino-menino-gui-vence-premio-de-torcedor-do-ano\/\" \/>\n<meta property=\"og:locale\" content=\"pt_BR\" \/>\n<meta property=\"og:type\" content=\"article\" \/>\n<meta property=\"og:title\" content=\"Fifa The Best: Vasca\u00edno, menino Gui vence pr\u00eamio de torcedor do ano - Transam\u00e9rica Mococa 93,3\" \/>\n<meta property=\"og:description\" content=\"Mais conhecido como Gui, o pequeno cruzmaltino Guilherme Gandra Moura, de 10 anos, \u00e9 o vencedor do pr\u00eamio torcedor do ano do Fifa The Best Awards, anunciado durante cerim\u00f4nia, em Doha (Catar). O menino, portador de epiderm\u00f3lise bolhosa &#8211; doen\u00e7a gen\u00e9tica rara &#8211; ficou conhecido em junho de 2023, ap\u00f3s aparecer em um v\u00eddeo que &hellip;\" \/>\n<meta property=\"og:url\" content=\"https:\/\/transamerica93.com.br\/home\/fifa-the-best-vascaino-menino-gui-vence-premio-de-torcedor-do-ano\/\" \/>\n<meta property=\"og:site_name\" content=\"Transam\u00e9rica Mococa 93,3\" \/>\n<meta property=\"article:publisher\" content=\"https:\/\/www.facebook.com\/transamericamococa\" \/>\n<meta property=\"article:published_time\" content=\"2024-12-24T15:00:42+00:00\" \/>\n<meta property=\"og:image\" content=\"https:\/\/transamerica93.com.br\/home\/wp-content\/uploads\/2024\/12\/1-13.jpg\" \/>\n\t<meta property=\"og:image:width\" content=\"1170\" \/>\n\t<meta property=\"og:image:height\" content=\"700\" \/>\n\t<meta property=\"og:image:type\" content=\"image\/jpeg\" \/>\n<meta name=\"author\" content=\"Reda\u00e7\u00e3o\" \/>\n<meta name=\"twitter:card\" content=\"summary_large_image\" \/>\n<meta name=\"twitter:creator\" content=\"@transamerica933\" \/>\n<meta name=\"twitter:site\" content=\"@transamerica933\" \/>\n<meta name=\"twitter:label1\" content=\"Escrito por\" \/>\n\t<meta name=\"twitter:data1\" content=\"Reda\u00e7\u00e3o\" \/>\n\t<meta name=\"twitter:label2\" content=\"Est. tempo de leitura\" \/>\n\t<meta name=\"twitter:data2\" content=\"3 minutos\" \/>\n<script type=\"application\/ld+json\" class=\"yoast-schema-graph\">{\"@context\":\"https:\\\/\\\/schema.org\",\"@graph\":[{\"@type\":\"Article\",\"@id\":\"https:\\\/\\\/transamerica93.com.br\\\/home\\\/fifa-the-best-vascaino-menino-gui-vence-premio-de-torcedor-do-ano\\\/#article\",\"isPartOf\":{\"@id\":\"https:\\\/\\\/transamerica93.com.br\\\/home\\\/fifa-the-best-vascaino-menino-gui-vence-premio-de-torcedor-do-ano\\\/\"},\"author\":{\"name\":\"Reda\u00e7\u00e3o\",\"@id\":\"https:\\\/\\\/transamerica93.com.br\\\/home\\\/#\\\/schema\\\/person\\\/7fed7c99c0d4562efa8561bc0f543172\"},\"headline\":\"Fifa The Best: Vasca\u00edno, menino Gui vence pr\u00eamio de torcedor do ano\",\"datePublished\":\"2024-12-24T15:00:42+00:00\",\"mainEntityOfPage\":{\"@id\":\"https:\\\/\\\/transamerica93.com.br\\\/home\\\/fifa-the-best-vascaino-menino-gui-vence-premio-de-torcedor-do-ano\\\/\"},\"wordCount\":293,\"publisher\":{\"@id\":\"https:\\\/\\\/transamerica93.com.br\\\/home\\\/#organization\"},\"image\":{\"@id\":\"https:\\\/\\\/transamerica93.com.br\\\/home\\\/fifa-the-best-vascaino-menino-gui-vence-premio-de-torcedor-do-ano\\\/#primaryimage\"},\"thumbnailUrl\":\"https:\\\/\\\/transamerica93.com.br\\\/home\\\/wp-content\\\/uploads\\\/2024\\\/12\\\/1-13.jpg\",\"articleSection\":[\"Esportes\"],\"inLanguage\":\"pt-BR\"},{\"@type\":\"WebPage\",\"@id\":\"https:\\\/\\\/transamerica93.com.br\\\/home\\\/fifa-the-best-vascaino-menino-gui-vence-premio-de-torcedor-do-ano\\\/\",\"url\":\"https:\\\/\\\/transamerica93.com.br\\\/home\\\/fifa-the-best-vascaino-menino-gui-vence-premio-de-torcedor-do-ano\\\/\",\"name\":\"Fifa The Best: Vasca\u00edno, menino Gui vence pr\u00eamio de torcedor do ano - Transam\u00e9rica Mococa 93,3\",\"isPartOf\":{\"@id\":\"https:\\\/\\\/transamerica93.com.br\\\/home\\\/#website\"},\"primaryImageOfPage\":{\"@id\":\"https:\\\/\\\/transamerica93.com.br\\\/home\\\/fifa-the-best-vascaino-menino-gui-vence-premio-de-torcedor-do-ano\\\/#primaryimage\"},\"image\":{\"@id\":\"https:\\\/\\\/transamerica93.com.br\\\/home\\\/fifa-the-best-vascaino-menino-gui-vence-premio-de-torcedor-do-ano\\\/#primaryimage\"},\"thumbnailUrl\":\"https:\\\/\\\/transamerica93.com.br\\\/home\\\/wp-content\\\/uploads\\\/2024\\\/12\\\/1-13.jpg\",\"datePublished\":\"2024-12-24T15:00:42+00:00\",\"breadcrumb\":{\"@id\":\"https:\\\/\\\/transamerica93.com.br\\\/home\\\/fifa-the-best-vascaino-menino-gui-vence-premio-de-torcedor-do-ano\\\/#breadcrumb\"},\"inLanguage\":\"pt-BR\",\"potentialAction\":[{\"@type\":\"ReadAction\",\"target\":[\"https:\\\/\\\/transamerica93.com.br\\\/home\\\/fifa-the-best-vascaino-menino-gui-vence-premio-de-torcedor-do-ano\\\/\"]}]},{\"@type\":\"ImageObject\",\"inLanguage\":\"pt-BR\",\"@id\":\"https:\\\/\\\/transamerica93.com.br\\\/home\\\/fifa-the-best-vascaino-menino-gui-vence-premio-de-torcedor-do-ano\\\/#primaryimage\",\"url\":\"https:\\\/\\\/transamerica93.com.br\\\/home\\\/wp-content\\\/uploads\\\/2024\\\/12\\\/1-13.jpg\",\"contentUrl\":\"https:\\\/\\\/transamerica93.com.br\\\/home\\\/wp-content\\\/uploads\\\/2024\\\/12\\\/1-13.jpg\",\"width\":1170,\"height\":700,\"caption\":\"\u00a9 Reprodu\u00e7\u00e3o X\\\/Fifa World Cup\"},{\"@type\":\"BreadcrumbList\",\"@id\":\"https:\\\/\\\/transamerica93.com.br\\\/home\\\/fifa-the-best-vascaino-menino-gui-vence-premio-de-torcedor-do-ano\\\/#breadcrumb\",\"itemListElement\":[{\"@type\":\"ListItem\",\"position\":1,\"name\":\"In\u00edcio\",\"item\":\"https:\\\/\\\/transamerica93.com.br\\\/home\\\/\"},{\"@type\":\"ListItem\",\"position\":2,\"name\":\"Fifa The Best: Vasca\u00edno, menino Gui vence pr\u00eamio de torcedor do ano\"}]},{\"@type\":\"WebSite\",\"@id\":\"https:\\\/\\\/transamerica93.com.br\\\/home\\\/#website\",\"url\":\"https:\\\/\\\/transamerica93.com.br\\\/home\\\/\",\"name\":\"Transam\u00e9rica Mococa 93,3\",\"description\":\"\",\"publisher\":{\"@id\":\"https:\\\/\\\/transamerica93.com.br\\\/home\\\/#organization\"},\"potentialAction\":[{\"@type\":\"SearchAction\",\"target\":{\"@type\":\"EntryPoint\",\"urlTemplate\":\"https:\\\/\\\/transamerica93.com.br\\\/home\\\/?s={search_term_string}\"},\"query-input\":{\"@type\":\"PropertyValueSpecification\",\"valueRequired\":true,\"valueName\":\"search_term_string\"}}],\"inLanguage\":\"pt-BR\"},{\"@type\":\"Organization\",\"@id\":\"https:\\\/\\\/transamerica93.com.br\\\/home\\\/#organization\",\"name\":\"Transam\u00e9rica Mococa 93,3\",\"url\":\"https:\\\/\\\/transamerica93.com.br\\\/home\\\/\",\"logo\":{\"@type\":\"ImageObject\",\"inLanguage\":\"pt-BR\",\"@id\":\"https:\\\/\\\/transamerica93.com.br\\\/home\\\/#\\\/schema\\\/logo\\\/image\\\/\",\"url\":\"https:\\\/\\\/transamerica93.com.br\\\/home\\\/wp-content\\\/uploads\\\/2023\\\/10\\\/logo2.png\",\"contentUrl\":\"https:\\\/\\\/transamerica93.com.br\\\/home\\\/wp-content\\\/uploads\\\/2023\\\/10\\\/logo2.png\",\"width\":800,\"height\":500,\"caption\":\"Transam\u00e9rica Mococa 93,3\"},\"image\":{\"@id\":\"https:\\\/\\\/transamerica93.com.br\\\/home\\\/#\\\/schema\\\/logo\\\/image\\\/\"},\"sameAs\":[\"https:\\\/\\\/www.facebook.com\\\/transamericamococa\",\"https:\\\/\\\/x.com\\\/transamerica933\",\"https:\\\/\\\/www.instagram.com\\\/transamericamococa\"]},{\"@type\":\"Person\",\"@id\":\"https:\\\/\\\/transamerica93.com.br\\\/home\\\/#\\\/schema\\\/person\\\/7fed7c99c0d4562efa8561bc0f543172\",\"name\":\"Reda\u00e7\u00e3o\",\"image\":{\"@type\":\"ImageObject\",\"inLanguage\":\"pt-BR\",\"@id\":\"https:\\\/\\\/secure.gravatar.com\\\/avatar\\\/1072c6b775fb02ef8506ce967551d95926669a6b7d2c2147b42eea4d7c68395e?s=96&d=mm&r=g\",\"url\":\"https:\\\/\\\/secure.gravatar.com\\\/avatar\\\/1072c6b775fb02ef8506ce967551d95926669a6b7d2c2147b42eea4d7c68395e?s=96&d=mm&r=g\",\"contentUrl\":\"https:\\\/\\\/secure.gravatar.com\\\/avatar\\\/1072c6b775fb02ef8506ce967551d95926669a6b7d2c2147b42eea4d7c68395e?s=96&d=mm&r=g\",\"caption\":\"Reda\u00e7\u00e3o\"},\"sameAs\":[\"https:\\\/\\\/transamerica93.com.br\\\/home\"],\"url\":\"https:\\\/\\\/transamerica93.com.br\\\/home\\\/author\\\/william\\\/\"}]}<\/script>\n<!-- \/ Yoast SEO plugin. -->","yoast_head_json":{"title":"Fifa The Best: Vasca\u00edno, menino Gui vence pr\u00eamio de torcedor do ano - Transam\u00e9rica Mococa 93,3","robots":{"index":"index","follow":"follow","max-snippet":"max-snippet:-1","max-image-preview":"max-image-preview:large","max-video-preview":"max-video-preview:-1"},"canonical":"https:\/\/transamerica93.com.br\/home\/fifa-the-best-vascaino-menino-gui-vence-premio-de-torcedor-do-ano\/","og_locale":"pt_BR","og_type":"article","og_title":"Fifa The Best: Vasca\u00edno, menino Gui vence pr\u00eamio de torcedor do ano - Transam\u00e9rica Mococa 93,3","og_description":"Mais conhecido como Gui, o pequeno cruzmaltino Guilherme Gandra Moura, de 10 anos, \u00e9 o vencedor do pr\u00eamio torcedor do ano do Fifa The Best Awards, anunciado durante cerim\u00f4nia, em Doha (Catar). O menino, portador de epiderm\u00f3lise bolhosa &#8211; doen\u00e7a gen\u00e9tica rara &#8211; ficou conhecido em junho de 2023, ap\u00f3s aparecer em um v\u00eddeo que &hellip;","og_url":"https:\/\/transamerica93.com.br\/home\/fifa-the-best-vascaino-menino-gui-vence-premio-de-torcedor-do-ano\/","og_site_name":"Transam\u00e9rica Mococa 93,3","article_publisher":"https:\/\/www.facebook.com\/transamericamococa","article_published_time":"2024-12-24T15:00:42+00:00","og_image":[{"width":1170,"height":700,"url":"https:\/\/transamerica93.com.br\/home\/wp-content\/uploads\/2024\/12\/1-13.jpg","type":"image\/jpeg"}],"author":"Reda\u00e7\u00e3o","twitter_card":"summary_large_image","twitter_creator":"@transamerica933","twitter_site":"@transamerica933","twitter_misc":{"Escrito por":"Reda\u00e7\u00e3o","Est. tempo de leitura":"3 minutos"},"schema":{"@context":"https:\/\/schema.org","@graph":[{"@type":"Article","@id":"https:\/\/transamerica93.com.br\/home\/fifa-the-best-vascaino-menino-gui-vence-premio-de-torcedor-do-ano\/#article","isPartOf":{"@id":"https:\/\/transamerica93.com.br\/home\/fifa-the-best-vascaino-menino-gui-vence-premio-de-torcedor-do-ano\/"},"author":{"name":"Reda\u00e7\u00e3o","@id":"https:\/\/transamerica93.com.br\/home\/#\/schema\/person\/7fed7c99c0d4562efa8561bc0f543172"},"headline":"Fifa The Best: Vasca\u00edno, menino Gui vence pr\u00eamio de torcedor do ano","datePublished":"2024-12-24T15:00:42+00:00","mainEntityOfPage":{"@id":"https:\/\/transamerica93.com.br\/home\/fifa-the-best-vascaino-menino-gui-vence-premio-de-torcedor-do-ano\/"},"wordCount":293,"publisher":{"@id":"https:\/\/transamerica93.com.br\/home\/#organization"},"image":{"@id":"https:\/\/transamerica93.com.br\/home\/fifa-the-best-vascaino-menino-gui-vence-premio-de-torcedor-do-ano\/#primaryimage"},"thumbnailUrl":"https:\/\/transamerica93.com.br\/home\/wp-content\/uploads\/2024\/12\/1-13.jpg","articleSection":["Esportes"],"inLanguage":"pt-BR"},{"@type":"WebPage","@id":"https:\/\/transamerica93.com.br\/home\/fifa-the-best-vascaino-menino-gui-vence-premio-de-torcedor-do-ano\/","url":"https:\/\/transamerica93.com.br\/home\/fifa-the-best-vascaino-menino-gui-vence-premio-de-torcedor-do-ano\/","name":"Fifa The Best: Vasca\u00edno, menino Gui vence pr\u00eamio de torcedor do ano - Transam\u00e9rica Mococa 93,3","isPartOf":{"@id":"https:\/\/transamerica93.com.br\/home\/#website"},"primaryImageOfPage":{"@id":"https:\/\/transamerica93.com.br\/home\/fifa-the-best-vascaino-menino-gui-vence-premio-de-torcedor-do-ano\/#primaryimage"},"image":{"@id":"https:\/\/transamerica93.com.br\/home\/fifa-the-best-vascaino-menino-gui-vence-premio-de-torcedor-do-ano\/#primaryimage"},"thumbnailUrl":"https:\/\/transamerica93.com.br\/home\/wp-content\/uploads\/2024\/12\/1-13.jpg","datePublished":"2024-12-24T15:00:42+00:00","breadcrumb":{"@id":"https:\/\/transamerica93.com.br\/home\/fifa-the-best-vascaino-menino-gui-vence-premio-de-torcedor-do-ano\/#breadcrumb"},"inLanguage":"pt-BR","potentialAction":[{"@type":"ReadAction","target":["https:\/\/transamerica93.com.br\/home\/fifa-the-best-vascaino-menino-gui-vence-premio-de-torcedor-do-ano\/"]}]},{"@type":"ImageObject","inLanguage":"pt-BR","@id":"https:\/\/transamerica93.com.br\/home\/fifa-the-best-vascaino-menino-gui-vence-premio-de-torcedor-do-ano\/#primaryimage","url":"https:\/\/transamerica93.com.br\/home\/wp-content\/uploads\/2024\/12\/1-13.jpg","contentUrl":"https:\/\/transamerica93.com.br\/home\/wp-content\/uploads\/2024\/12\/1-13.jpg","width":1170,"height":700,"caption":"\u00a9 Reprodu\u00e7\u00e3o X\/Fifa World Cup"},{"@type":"BreadcrumbList","@id":"https:\/\/transamerica93.com.br\/home\/fifa-the-best-vascaino-menino-gui-vence-premio-de-torcedor-do-ano\/#breadcrumb","itemListElement":[{"@type":"ListItem","position":1,"name":"In\u00edcio","item":"https:\/\/transamerica93.com.br\/home\/"},{"@type":"ListItem","position":2,"name":"Fifa The Best: Vasca\u00edno, menino Gui vence pr\u00eamio de torcedor do ano"}]},{"@type":"WebSite","@id":"https:\/\/transamerica93.com.br\/home\/#website","url":"https:\/\/transamerica93.com.br\/home\/","name":"Transam\u00e9rica Mococa 93,3","description":"","publisher":{"@id":"https:\/\/transamerica93.com.br\/home\/#organization"},"potentialAction":[{"@type":"SearchAction","target":{"@type":"EntryPoint","urlTemplate":"https:\/\/transamerica93.com.br\/home\/?s={search_term_string}"},"query-input":{"@type":"PropertyValueSpecification","valueRequired":true,"valueName":"search_term_string"}}],"inLanguage":"pt-BR"},{"@type":"Organization","@id":"https:\/\/transamerica93.com.br\/home\/#organization","name":"Transam\u00e9rica Mococa 93,3","url":"https:\/\/transamerica93.com.br\/home\/","logo":{"@type":"ImageObject","inLanguage":"pt-BR","@id":"https:\/\/transamerica93.com.br\/home\/#\/schema\/logo\/image\/","url":"https:\/\/transamerica93.com.br\/home\/wp-content\/uploads\/2023\/10\/logo2.png","contentUrl":"https:\/\/transamerica93.com.br\/home\/wp-content\/uploads\/2023\/10\/logo2.png","width":800,"height":500,"caption":"Transam\u00e9rica Mococa 93,3"},"image":{"@id":"https:\/\/transamerica93.com.br\/home\/#\/schema\/logo\/image\/"},"sameAs":["https:\/\/www.facebook.com\/transamericamococa","https:\/\/x.com\/transamerica933","https:\/\/www.instagram.com\/transamericamococa"]},{"@type":"Person","@id":"https:\/\/transamerica93.com.br\/home\/#\/schema\/person\/7fed7c99c0d4562efa8561bc0f543172","name":"Reda\u00e7\u00e3o","image":{"@type":"ImageObject","inLanguage":"pt-BR","@id":"https:\/\/secure.gravatar.com\/avatar\/1072c6b775fb02ef8506ce967551d95926669a6b7d2c2147b42eea4d7c68395e?s=96&d=mm&r=g","url":"https:\/\/secure.gravatar.com\/avatar\/1072c6b775fb02ef8506ce967551d95926669a6b7d2c2147b42eea4d7c68395e?s=96&d=mm&r=g","contentUrl":"https:\/\/secure.gravatar.com\/avatar\/1072c6b775fb02ef8506ce967551d95926669a6b7d2c2147b42eea4d7c68395e?s=96&d=mm&r=g","caption":"Reda\u00e7\u00e3o"},"sameAs":["https:\/\/transamerica93.com.br\/home"],"url":"https:\/\/transamerica93.com.br\/home\/author\/william\/"}]}},"_links":{"self":[{"href":"https:\/\/transamerica93.com.br\/home\/wp-json\/wp\/v2\/posts\/4392","targetHints":{"allow":["GET"]}}],"collection":[{"href":"https:\/\/transamerica93.com.br\/home\/wp-json\/wp\/v2\/posts"}],"about":[{"href":"https:\/\/transamerica93.com.br\/home\/wp-json\/wp\/v2\/types\/post"}],"author":[{"embeddable":true,"href":"https:\/\/transamerica93.com.br\/home\/wp-json\/wp\/v2\/users\/1"}],"replies":[{"embeddable":true,"href":"https:\/\/transamerica93.com.br\/home\/wp-json\/wp\/v2\/comments?post=4392"}],"version-history":[{"count":1,"href":"https:\/\/transamerica93.com.br\/home\/wp-json\/wp\/v2\/posts\/4392\/revisions"}],"predecessor-version":[{"id":4394,"href":"https:\/\/transamerica93.com.br\/home\/wp-json\/wp\/v2\/posts\/4392\/revisions\/4394"}],"wp:featuredmedia":[{"embeddable":true,"href":"https:\/\/transamerica93.com.br\/home\/wp-json\/wp\/v2\/media\/4393"}],"wp:attachment":[{"href":"https:\/\/transamerica93.com.br\/home\/wp-json\/wp\/v2\/media?parent=4392"}],"wp:term":[{"taxonomy":"category","embeddable":true,"href":"https:\/\/transamerica93.com.br\/home\/wp-json\/wp\/v2\/categories?post=4392"},{"taxonomy":"post_tag","embeddable":true,"href":"https:\/\/transamerica93.com.br\/home\/wp-json\/wp\/v2\/tags?post=4392"}],"curies":[{"name":"wp","href":"https:\/\/api.w.org\/{rel}","templated":true}]}}