{"id":4401,"date":"2024-12-27T12:00:20","date_gmt":"2024-12-27T15:00:20","guid":{"rendered":"https:\/\/transamerica93.com.br\/home\/?p=4401"},"modified":"2024-12-18T12:35:02","modified_gmt":"2024-12-18T15:35:02","slug":"ex-corinthians-e-flamengo-tecnico-vitor-pereira-tem-acerto-com-clube-do-campeonato-ingles","status":"publish","type":"post","link":"https:\/\/transamerica93.com.br\/home\/ex-corinthians-e-flamengo-tecnico-vitor-pereira-tem-acerto-com-clube-do-campeonato-ingles\/","title":{"rendered":"Ex-Corinthians e Flamengo, t\u00e9cnico V\u00edtor Pereira tem acerto com clube do Campeonato Ingl\u00eas"},"content":{"rendered":"<div id=\"Corpo\">O t\u00e9cnico V\u00edtor Pereira tem um acordo para dirigir o Wolverhampton, da Inglaterra. A informa\u00e7\u00e3o foi divulgada, nesta ter\u00e7a-feira, pelo canal Sky Sports. O treinador portugu\u00eas est\u00e1 no Al-Shabab, da Ar\u00e1bia Saudita.<\/p>\n<p>V\u00edtor Pereira tem passagens por Corinthians e Flamengo no futebol brasileiro. Em 2022, o portugu\u00eas comandou o clube de Parque S\u00e3o Jorge. No ano seguinte, aceitou uma oferta para treinar a equipe carioca. No Brasil, V\u00edtor Pereira n\u00e3o conquistou t\u00edtulos.<\/p>\n<p>De acordo com a Sky Sports, V\u00edtor Pereira j\u00e1 est\u00e1 a caminho da Inglaterra. O an\u00fancio oficial deve acontecer at\u00e9 a pr\u00f3xima quarta-feira. O Wolverhampton j\u00e1 tem acordo com o treinador e com o time saudita.<\/p>\n<p>O Wolverhampton demitiu o t\u00e9cnico Gary O&#8217;Neil ap\u00f3s a derrota no \u00faltimo s\u00e1bado, em casa, para o Ipswich, por 2 a 1. Os Wolves est\u00e3o na pen\u00faltima posi\u00e7\u00e3o na tabela do Campeonato Ingl\u00eas, dentro da zona de rebaixamento, com nove pontos. O time tem uma campanha de duas vit\u00f3rias, tr\u00eas empates e onze derrotas no Campeonato Ingl\u00eas.<\/p>\n<p>O&#8217;Neil, de 41 anos, tinha sido contratado em agosto de 2023, ap\u00f3s a sa\u00edda do espanhol Julen Lopetegui. No primeiro ano no clube, terminou o Campeonato Ingl\u00eas na 14\u00aa posi\u00e7\u00e3o. Substituto de Gary O&#8217;Neil, V\u00edtor Pereira, al\u00e9m de Corinthians e Flamengo, tem passagens por clubes como Porto, Al-Ahli, Olympiacos e Fenerbah\u00e7e.<\/p><\/div>\n","protected":false},"excerpt":{"rendered":"<p>O t\u00e9cnico V\u00edtor Pereira tem um acordo para dirigir o Wolverhampton, da Inglaterra. A informa\u00e7\u00e3o foi divulgada, nesta ter\u00e7a-feira, pelo canal Sky Sports. O treinador portugu\u00eas est\u00e1 no Al-Shabab, da Ar\u00e1bia Saudita. V\u00edtor Pereira tem passagens por Corinthians e Flamengo no futebol brasileiro. Em 2022, o portugu\u00eas comandou o clube de Parque S\u00e3o Jorge. No &hellip;<\/p>\n","protected":false},"author":1,"featured_media":4402,"comment_status":"closed","ping_status":"closed","sticky":false,"template":"","format":"standard","meta":{"footnotes":""},"categories":[31],"tags":[],"class_list":["post-4401","post","type-post","status-publish","format-standard","has-post-thumbnail","hentry","category-esportes"],"yoast_head":"<!-- This site is optimized with the Yoast SEO plugin v27.4 - https:\/\/yoast.com\/product\/yoast-seo-wordpress\/ -->\n<title>Ex-Corinthians e Flamengo, t\u00e9cnico V\u00edtor Pereira tem acerto com clube do Campeonato Ingl\u00eas - Transam\u00e9rica Mococa 93,3<\/title>\n<meta name=\"robots\" content=\"index, follow, max-snippet:-1, max-image-preview:large, max-video-preview:-1\" \/>\n<link rel=\"canonical\" href=\"https:\/\/transamerica93.com.br\/home\/ex-corinthians-e-flamengo-tecnico-vitor-pereira-tem-acerto-com-clube-do-campeonato-ingles\/\" \/>\n<meta property=\"og:locale\" content=\"pt_BR\" \/>\n<meta property=\"og:type\" content=\"article\" \/>\n<meta property=\"og:title\" content=\"Ex-Corinthians e Flamengo, t\u00e9cnico V\u00edtor Pereira tem acerto com clube do Campeonato Ingl\u00eas - Transam\u00e9rica Mococa 93,3\" \/>\n<meta property=\"og:description\" content=\"O t\u00e9cnico V\u00edtor Pereira tem um acordo para dirigir o Wolverhampton, da Inglaterra. A informa\u00e7\u00e3o foi divulgada, nesta ter\u00e7a-feira, pelo canal Sky Sports. O treinador portugu\u00eas est\u00e1 no Al-Shabab, da Ar\u00e1bia Saudita. V\u00edtor Pereira tem passagens por Corinthians e Flamengo no futebol brasileiro. Em 2022, o portugu\u00eas comandou o clube de Parque S\u00e3o Jorge. No &hellip;\" \/>\n<meta property=\"og:url\" content=\"https:\/\/transamerica93.com.br\/home\/ex-corinthians-e-flamengo-tecnico-vitor-pereira-tem-acerto-com-clube-do-campeonato-ingles\/\" \/>\n<meta property=\"og:site_name\" content=\"Transam\u00e9rica Mococa 93,3\" \/>\n<meta property=\"article:publisher\" content=\"https:\/\/www.facebook.com\/transamericamococa\" \/>\n<meta property=\"article:published_time\" content=\"2024-12-27T15:00:20+00:00\" \/>\n<meta property=\"og:image\" content=\"https:\/\/transamerica93.com.br\/home\/wp-content\/uploads\/2024\/12\/1-16.jpg\" \/>\n\t<meta property=\"og:image:width\" content=\"1920\" \/>\n\t<meta property=\"og:image:height\" content=\"1080\" \/>\n\t<meta property=\"og:image:type\" content=\"image\/jpeg\" \/>\n<meta name=\"author\" content=\"Reda\u00e7\u00e3o\" \/>\n<meta name=\"twitter:card\" content=\"summary_large_image\" \/>\n<meta name=\"twitter:creator\" content=\"@transamerica933\" \/>\n<meta name=\"twitter:site\" content=\"@transamerica933\" \/>\n<meta name=\"twitter:label1\" content=\"Escrito por\" \/>\n\t<meta name=\"twitter:data1\" content=\"Reda\u00e7\u00e3o\" \/>\n\t<meta name=\"twitter:label2\" content=\"Est. tempo de leitura\" \/>\n\t<meta name=\"twitter:data2\" content=\"2 minutos\" \/>\n<script type=\"application\/ld+json\" class=\"yoast-schema-graph\">{\"@context\":\"https:\\\/\\\/schema.org\",\"@graph\":[{\"@type\":\"Article\",\"@id\":\"https:\\\/\\\/transamerica93.com.br\\\/home\\\/ex-corinthians-e-flamengo-tecnico-vitor-pereira-tem-acerto-com-clube-do-campeonato-ingles\\\/#article\",\"isPartOf\":{\"@id\":\"https:\\\/\\\/transamerica93.com.br\\\/home\\\/ex-corinthians-e-flamengo-tecnico-vitor-pereira-tem-acerto-com-clube-do-campeonato-ingles\\\/\"},\"author\":{\"name\":\"Reda\u00e7\u00e3o\",\"@id\":\"https:\\\/\\\/transamerica93.com.br\\\/home\\\/#\\\/schema\\\/person\\\/7fed7c99c0d4562efa8561bc0f543172\"},\"headline\":\"Ex-Corinthians e Flamengo, t\u00e9cnico V\u00edtor Pereira tem acerto com clube do Campeonato Ingl\u00eas\",\"datePublished\":\"2024-12-27T15:00:20+00:00\",\"mainEntityOfPage\":{\"@id\":\"https:\\\/\\\/transamerica93.com.br\\\/home\\\/ex-corinthians-e-flamengo-tecnico-vitor-pereira-tem-acerto-com-clube-do-campeonato-ingles\\\/\"},\"wordCount\":261,\"publisher\":{\"@id\":\"https:\\\/\\\/transamerica93.com.br\\\/home\\\/#organization\"},\"image\":{\"@id\":\"https:\\\/\\\/transamerica93.com.br\\\/home\\\/ex-corinthians-e-flamengo-tecnico-vitor-pereira-tem-acerto-com-clube-do-campeonato-ingles\\\/#primaryimage\"},\"thumbnailUrl\":\"https:\\\/\\\/transamerica93.com.br\\\/home\\\/wp-content\\\/uploads\\\/2024\\\/12\\\/1-16.jpg\",\"articleSection\":[\"Esportes\"],\"inLanguage\":\"pt-BR\"},{\"@type\":\"WebPage\",\"@id\":\"https:\\\/\\\/transamerica93.com.br\\\/home\\\/ex-corinthians-e-flamengo-tecnico-vitor-pereira-tem-acerto-com-clube-do-campeonato-ingles\\\/\",\"url\":\"https:\\\/\\\/transamerica93.com.br\\\/home\\\/ex-corinthians-e-flamengo-tecnico-vitor-pereira-tem-acerto-com-clube-do-campeonato-ingles\\\/\",\"name\":\"Ex-Corinthians e Flamengo, t\u00e9cnico V\u00edtor Pereira tem acerto com clube do Campeonato Ingl\u00eas - Transam\u00e9rica Mococa 93,3\",\"isPartOf\":{\"@id\":\"https:\\\/\\\/transamerica93.com.br\\\/home\\\/#website\"},\"primaryImageOfPage\":{\"@id\":\"https:\\\/\\\/transamerica93.com.br\\\/home\\\/ex-corinthians-e-flamengo-tecnico-vitor-pereira-tem-acerto-com-clube-do-campeonato-ingles\\\/#primaryimage\"},\"image\":{\"@id\":\"https:\\\/\\\/transamerica93.com.br\\\/home\\\/ex-corinthians-e-flamengo-tecnico-vitor-pereira-tem-acerto-com-clube-do-campeonato-ingles\\\/#primaryimage\"},\"thumbnailUrl\":\"https:\\\/\\\/transamerica93.com.br\\\/home\\\/wp-content\\\/uploads\\\/2024\\\/12\\\/1-16.jpg\",\"datePublished\":\"2024-12-27T15:00:20+00:00\",\"breadcrumb\":{\"@id\":\"https:\\\/\\\/transamerica93.com.br\\\/home\\\/ex-corinthians-e-flamengo-tecnico-vitor-pereira-tem-acerto-com-clube-do-campeonato-ingles\\\/#breadcrumb\"},\"inLanguage\":\"pt-BR\",\"potentialAction\":[{\"@type\":\"ReadAction\",\"target\":[\"https:\\\/\\\/transamerica93.com.br\\\/home\\\/ex-corinthians-e-flamengo-tecnico-vitor-pereira-tem-acerto-com-clube-do-campeonato-ingles\\\/\"]}]},{\"@type\":\"ImageObject\",\"inLanguage\":\"pt-BR\",\"@id\":\"https:\\\/\\\/transamerica93.com.br\\\/home\\\/ex-corinthians-e-flamengo-tecnico-vitor-pereira-tem-acerto-com-clube-do-campeonato-ingles\\\/#primaryimage\",\"url\":\"https:\\\/\\\/transamerica93.com.br\\\/home\\\/wp-content\\\/uploads\\\/2024\\\/12\\\/1-16.jpg\",\"contentUrl\":\"https:\\\/\\\/transamerica93.com.br\\\/home\\\/wp-content\\\/uploads\\\/2024\\\/12\\\/1-16.jpg\",\"width\":1920,\"height\":1080,\"caption\":\"\u00a9 Getty Images\"},{\"@type\":\"BreadcrumbList\",\"@id\":\"https:\\\/\\\/transamerica93.com.br\\\/home\\\/ex-corinthians-e-flamengo-tecnico-vitor-pereira-tem-acerto-com-clube-do-campeonato-ingles\\\/#breadcrumb\",\"itemListElement\":[{\"@type\":\"ListItem\",\"position\":1,\"name\":\"In\u00edcio\",\"item\":\"https:\\\/\\\/transamerica93.com.br\\\/home\\\/\"},{\"@type\":\"ListItem\",\"position\":2,\"name\":\"Ex-Corinthians e Flamengo, t\u00e9cnico V\u00edtor Pereira tem acerto com clube do Campeonato Ingl\u00eas\"}]},{\"@type\":\"WebSite\",\"@id\":\"https:\\\/\\\/transamerica93.com.br\\\/home\\\/#website\",\"url\":\"https:\\\/\\\/transamerica93.com.br\\\/home\\\/\",\"name\":\"Transam\u00e9rica Mococa 93,3\",\"description\":\"\",\"publisher\":{\"@id\":\"https:\\\/\\\/transamerica93.com.br\\\/home\\\/#organization\"},\"potentialAction\":[{\"@type\":\"SearchAction\",\"target\":{\"@type\":\"EntryPoint\",\"urlTemplate\":\"https:\\\/\\\/transamerica93.com.br\\\/home\\\/?s={search_term_string}\"},\"query-input\":{\"@type\":\"PropertyValueSpecification\",\"valueRequired\":true,\"valueName\":\"search_term_string\"}}],\"inLanguage\":\"pt-BR\"},{\"@type\":\"Organization\",\"@id\":\"https:\\\/\\\/transamerica93.com.br\\\/home\\\/#organization\",\"name\":\"Transam\u00e9rica Mococa 93,3\",\"url\":\"https:\\\/\\\/transamerica93.com.br\\\/home\\\/\",\"logo\":{\"@type\":\"ImageObject\",\"inLanguage\":\"pt-BR\",\"@id\":\"https:\\\/\\\/transamerica93.com.br\\\/home\\\/#\\\/schema\\\/logo\\\/image\\\/\",\"url\":\"https:\\\/\\\/transamerica93.com.br\\\/home\\\/wp-content\\\/uploads\\\/2023\\\/10\\\/logo2.png\",\"contentUrl\":\"https:\\\/\\\/transamerica93.com.br\\\/home\\\/wp-content\\\/uploads\\\/2023\\\/10\\\/logo2.png\",\"width\":800,\"height\":500,\"caption\":\"Transam\u00e9rica Mococa 93,3\"},\"image\":{\"@id\":\"https:\\\/\\\/transamerica93.com.br\\\/home\\\/#\\\/schema\\\/logo\\\/image\\\/\"},\"sameAs\":[\"https:\\\/\\\/www.facebook.com\\\/transamericamococa\",\"https:\\\/\\\/x.com\\\/transamerica933\",\"https:\\\/\\\/www.instagram.com\\\/transamericamococa\"]},{\"@type\":\"Person\",\"@id\":\"https:\\\/\\\/transamerica93.com.br\\\/home\\\/#\\\/schema\\\/person\\\/7fed7c99c0d4562efa8561bc0f543172\",\"name\":\"Reda\u00e7\u00e3o\",\"image\":{\"@type\":\"ImageObject\",\"inLanguage\":\"pt-BR\",\"@id\":\"https:\\\/\\\/secure.gravatar.com\\\/avatar\\\/1072c6b775fb02ef8506ce967551d95926669a6b7d2c2147b42eea4d7c68395e?s=96&d=mm&r=g\",\"url\":\"https:\\\/\\\/secure.gravatar.com\\\/avatar\\\/1072c6b775fb02ef8506ce967551d95926669a6b7d2c2147b42eea4d7c68395e?s=96&d=mm&r=g\",\"contentUrl\":\"https:\\\/\\\/secure.gravatar.com\\\/avatar\\\/1072c6b775fb02ef8506ce967551d95926669a6b7d2c2147b42eea4d7c68395e?s=96&d=mm&r=g\",\"caption\":\"Reda\u00e7\u00e3o\"},\"sameAs\":[\"https:\\\/\\\/transamerica93.com.br\\\/home\"],\"url\":\"https:\\\/\\\/transamerica93.com.br\\\/home\\\/author\\\/william\\\/\"}]}<\/script>\n<!-- \/ Yoast SEO plugin. -->","yoast_head_json":{"title":"Ex-Corinthians e Flamengo, t\u00e9cnico V\u00edtor Pereira tem acerto com clube do Campeonato Ingl\u00eas - Transam\u00e9rica Mococa 93,3","robots":{"index":"index","follow":"follow","max-snippet":"max-snippet:-1","max-image-preview":"max-image-preview:large","max-video-preview":"max-video-preview:-1"},"canonical":"https:\/\/transamerica93.com.br\/home\/ex-corinthians-e-flamengo-tecnico-vitor-pereira-tem-acerto-com-clube-do-campeonato-ingles\/","og_locale":"pt_BR","og_type":"article","og_title":"Ex-Corinthians e Flamengo, t\u00e9cnico V\u00edtor Pereira tem acerto com clube do Campeonato Ingl\u00eas - Transam\u00e9rica Mococa 93,3","og_description":"O t\u00e9cnico V\u00edtor Pereira tem um acordo para dirigir o Wolverhampton, da Inglaterra. A informa\u00e7\u00e3o foi divulgada, nesta ter\u00e7a-feira, pelo canal Sky Sports. O treinador portugu\u00eas est\u00e1 no Al-Shabab, da Ar\u00e1bia Saudita. V\u00edtor Pereira tem passagens por Corinthians e Flamengo no futebol brasileiro. Em 2022, o portugu\u00eas comandou o clube de Parque S\u00e3o Jorge. No &hellip;","og_url":"https:\/\/transamerica93.com.br\/home\/ex-corinthians-e-flamengo-tecnico-vitor-pereira-tem-acerto-com-clube-do-campeonato-ingles\/","og_site_name":"Transam\u00e9rica Mococa 93,3","article_publisher":"https:\/\/www.facebook.com\/transamericamococa","article_published_time":"2024-12-27T15:00:20+00:00","og_image":[{"width":1920,"height":1080,"url":"https:\/\/transamerica93.com.br\/home\/wp-content\/uploads\/2024\/12\/1-16.jpg","type":"image\/jpeg"}],"author":"Reda\u00e7\u00e3o","twitter_card":"summary_large_image","twitter_creator":"@transamerica933","twitter_site":"@transamerica933","twitter_misc":{"Escrito por":"Reda\u00e7\u00e3o","Est. tempo de leitura":"2 minutos"},"schema":{"@context":"https:\/\/schema.org","@graph":[{"@type":"Article","@id":"https:\/\/transamerica93.com.br\/home\/ex-corinthians-e-flamengo-tecnico-vitor-pereira-tem-acerto-com-clube-do-campeonato-ingles\/#article","isPartOf":{"@id":"https:\/\/transamerica93.com.br\/home\/ex-corinthians-e-flamengo-tecnico-vitor-pereira-tem-acerto-com-clube-do-campeonato-ingles\/"},"author":{"name":"Reda\u00e7\u00e3o","@id":"https:\/\/transamerica93.com.br\/home\/#\/schema\/person\/7fed7c99c0d4562efa8561bc0f543172"},"headline":"Ex-Corinthians e Flamengo, t\u00e9cnico V\u00edtor Pereira tem acerto com clube do Campeonato Ingl\u00eas","datePublished":"2024-12-27T15:00:20+00:00","mainEntityOfPage":{"@id":"https:\/\/transamerica93.com.br\/home\/ex-corinthians-e-flamengo-tecnico-vitor-pereira-tem-acerto-com-clube-do-campeonato-ingles\/"},"wordCount":261,"publisher":{"@id":"https:\/\/transamerica93.com.br\/home\/#organization"},"image":{"@id":"https:\/\/transamerica93.com.br\/home\/ex-corinthians-e-flamengo-tecnico-vitor-pereira-tem-acerto-com-clube-do-campeonato-ingles\/#primaryimage"},"thumbnailUrl":"https:\/\/transamerica93.com.br\/home\/wp-content\/uploads\/2024\/12\/1-16.jpg","articleSection":["Esportes"],"inLanguage":"pt-BR"},{"@type":"WebPage","@id":"https:\/\/transamerica93.com.br\/home\/ex-corinthians-e-flamengo-tecnico-vitor-pereira-tem-acerto-com-clube-do-campeonato-ingles\/","url":"https:\/\/transamerica93.com.br\/home\/ex-corinthians-e-flamengo-tecnico-vitor-pereira-tem-acerto-com-clube-do-campeonato-ingles\/","name":"Ex-Corinthians e Flamengo, t\u00e9cnico V\u00edtor Pereira tem acerto com clube do Campeonato Ingl\u00eas - Transam\u00e9rica Mococa 93,3","isPartOf":{"@id":"https:\/\/transamerica93.com.br\/home\/#website"},"primaryImageOfPage":{"@id":"https:\/\/transamerica93.com.br\/home\/ex-corinthians-e-flamengo-tecnico-vitor-pereira-tem-acerto-com-clube-do-campeonato-ingles\/#primaryimage"},"image":{"@id":"https:\/\/transamerica93.com.br\/home\/ex-corinthians-e-flamengo-tecnico-vitor-pereira-tem-acerto-com-clube-do-campeonato-ingles\/#primaryimage"},"thumbnailUrl":"https:\/\/transamerica93.com.br\/home\/wp-content\/uploads\/2024\/12\/1-16.jpg","datePublished":"2024-12-27T15:00:20+00:00","breadcrumb":{"@id":"https:\/\/transamerica93.com.br\/home\/ex-corinthians-e-flamengo-tecnico-vitor-pereira-tem-acerto-com-clube-do-campeonato-ingles\/#breadcrumb"},"inLanguage":"pt-BR","potentialAction":[{"@type":"ReadAction","target":["https:\/\/transamerica93.com.br\/home\/ex-corinthians-e-flamengo-tecnico-vitor-pereira-tem-acerto-com-clube-do-campeonato-ingles\/"]}]},{"@type":"ImageObject","inLanguage":"pt-BR","@id":"https:\/\/transamerica93.com.br\/home\/ex-corinthians-e-flamengo-tecnico-vitor-pereira-tem-acerto-com-clube-do-campeonato-ingles\/#primaryimage","url":"https:\/\/transamerica93.com.br\/home\/wp-content\/uploads\/2024\/12\/1-16.jpg","contentUrl":"https:\/\/transamerica93.com.br\/home\/wp-content\/uploads\/2024\/12\/1-16.jpg","width":1920,"height":1080,"caption":"\u00a9 Getty Images"},{"@type":"BreadcrumbList","@id":"https:\/\/transamerica93.com.br\/home\/ex-corinthians-e-flamengo-tecnico-vitor-pereira-tem-acerto-com-clube-do-campeonato-ingles\/#breadcrumb","itemListElement":[{"@type":"ListItem","position":1,"name":"In\u00edcio","item":"https:\/\/transamerica93.com.br\/home\/"},{"@type":"ListItem","position":2,"name":"Ex-Corinthians e Flamengo, t\u00e9cnico V\u00edtor Pereira tem acerto com clube do Campeonato Ingl\u00eas"}]},{"@type":"WebSite","@id":"https:\/\/transamerica93.com.br\/home\/#website","url":"https:\/\/transamerica93.com.br\/home\/","name":"Transam\u00e9rica Mococa 93,3","description":"","publisher":{"@id":"https:\/\/transamerica93.com.br\/home\/#organization"},"potentialAction":[{"@type":"SearchAction","target":{"@type":"EntryPoint","urlTemplate":"https:\/\/transamerica93.com.br\/home\/?s={search_term_string}"},"query-input":{"@type":"PropertyValueSpecification","valueRequired":true,"valueName":"search_term_string"}}],"inLanguage":"pt-BR"},{"@type":"Organization","@id":"https:\/\/transamerica93.com.br\/home\/#organization","name":"Transam\u00e9rica Mococa 93,3","url":"https:\/\/transamerica93.com.br\/home\/","logo":{"@type":"ImageObject","inLanguage":"pt-BR","@id":"https:\/\/transamerica93.com.br\/home\/#\/schema\/logo\/image\/","url":"https:\/\/transamerica93.com.br\/home\/wp-content\/uploads\/2023\/10\/logo2.png","contentUrl":"https:\/\/transamerica93.com.br\/home\/wp-content\/uploads\/2023\/10\/logo2.png","width":800,"height":500,"caption":"Transam\u00e9rica Mococa 93,3"},"image":{"@id":"https:\/\/transamerica93.com.br\/home\/#\/schema\/logo\/image\/"},"sameAs":["https:\/\/www.facebook.com\/transamericamococa","https:\/\/x.com\/transamerica933","https:\/\/www.instagram.com\/transamericamococa"]},{"@type":"Person","@id":"https:\/\/transamerica93.com.br\/home\/#\/schema\/person\/7fed7c99c0d4562efa8561bc0f543172","name":"Reda\u00e7\u00e3o","image":{"@type":"ImageObject","inLanguage":"pt-BR","@id":"https:\/\/secure.gravatar.com\/avatar\/1072c6b775fb02ef8506ce967551d95926669a6b7d2c2147b42eea4d7c68395e?s=96&d=mm&r=g","url":"https:\/\/secure.gravatar.com\/avatar\/1072c6b775fb02ef8506ce967551d95926669a6b7d2c2147b42eea4d7c68395e?s=96&d=mm&r=g","contentUrl":"https:\/\/secure.gravatar.com\/avatar\/1072c6b775fb02ef8506ce967551d95926669a6b7d2c2147b42eea4d7c68395e?s=96&d=mm&r=g","caption":"Reda\u00e7\u00e3o"},"sameAs":["https:\/\/transamerica93.com.br\/home"],"url":"https:\/\/transamerica93.com.br\/home\/author\/william\/"}]}},"_links":{"self":[{"href":"https:\/\/transamerica93.com.br\/home\/wp-json\/wp\/v2\/posts\/4401","targetHints":{"allow":["GET"]}}],"collection":[{"href":"https:\/\/transamerica93.com.br\/home\/wp-json\/wp\/v2\/posts"}],"about":[{"href":"https:\/\/transamerica93.com.br\/home\/wp-json\/wp\/v2\/types\/post"}],"author":[{"embeddable":true,"href":"https:\/\/transamerica93.com.br\/home\/wp-json\/wp\/v2\/users\/1"}],"replies":[{"embeddable":true,"href":"https:\/\/transamerica93.com.br\/home\/wp-json\/wp\/v2\/comments?post=4401"}],"version-history":[{"count":1,"href":"https:\/\/transamerica93.com.br\/home\/wp-json\/wp\/v2\/posts\/4401\/revisions"}],"predecessor-version":[{"id":4403,"href":"https:\/\/transamerica93.com.br\/home\/wp-json\/wp\/v2\/posts\/4401\/revisions\/4403"}],"wp:featuredmedia":[{"embeddable":true,"href":"https:\/\/transamerica93.com.br\/home\/wp-json\/wp\/v2\/media\/4402"}],"wp:attachment":[{"href":"https:\/\/transamerica93.com.br\/home\/wp-json\/wp\/v2\/media?parent=4401"}],"wp:term":[{"taxonomy":"category","embeddable":true,"href":"https:\/\/transamerica93.com.br\/home\/wp-json\/wp\/v2\/categories?post=4401"},{"taxonomy":"post_tag","embeddable":true,"href":"https:\/\/transamerica93.com.br\/home\/wp-json\/wp\/v2\/tags?post=4401"}],"curies":[{"name":"wp","href":"https:\/\/api.w.org\/{rel}","templated":true}]}}