{"id":4435,"date":"2024-12-23T15:00:42","date_gmt":"2024-12-23T18:00:42","guid":{"rendered":"https:\/\/transamerica93.com.br\/home\/?p=4435"},"modified":"2024-12-18T22:37:23","modified_gmt":"2024-12-19T01:37:23","slug":"madonna-publica-foto-de-ia-abracada-e-de-chamego-ao-papa-francisco","status":"publish","type":"post","link":"https:\/\/transamerica93.com.br\/home\/madonna-publica-foto-de-ia-abracada-e-de-chamego-ao-papa-francisco\/","title":{"rendered":"Madonna publica foto de ia abra\u00e7ada e de &#8216;chamego&#8217; ao papa Francisco"},"content":{"rendered":"<h6 class=\"Assina\">Por Reda\u00e7\u00e3o O Estado de S\u00e3o Paulo<\/h6>\n<p>Ela adora provocar! Madonna surpreendeu seus f\u00e3s ao publicar montagem de IA (Intelig\u00eancia Artificial) abra\u00e7ada e de &#8220;chamego&#8221; com o Papa Francisco.<\/p>\n<p>&#8220;Indo para o final de semana assim&#8221;, escreveu ela na legenda de uma das publica\u00e7\u00f5es. &#8220;\u00c9 bom ser vista&#8221;, disse Madonna na outra imagem. As fotos foram feitas pelo artista Rick Dick, que cria imagens de IA em sua p\u00e1gina no Instagram.<\/p>\n<p>Na internet, as imagens foram interpretadas como uma provoca\u00e7\u00e3o \u00e0 Igreja Cat\u00f3lica &#8211; que j\u00e1 excomungou Madonna tr\u00eas vezes.<\/p>\n<p><b>Madonna e os problemas com a Igreja Cat\u00f3lica<\/p>\n<p><\/b><\/p>\n<p>A primeira vez que Madonna foi excomungada pela Igreja Cat\u00f3lia aconteceu em 1989, quando a artista lan\u00e7ou a m\u00fasica Like A Prayer. No clipe, a cantora revoltou o clero por aparecer beijando uma divindade negra, que seria a representa\u00e7\u00e3o de Jesus<\/p>\n<p>Depois, em 1990, Madonna voltou a provocar a Igreja. No palco, durante uma turn\u00ea, a artista incluiu uma performance da m\u00fasica Like A Virgin em que simulava a masturba\u00e7\u00e3o.<\/p>\n","protected":false},"excerpt":{"rendered":"<p>Por Reda\u00e7\u00e3o O Estado de S\u00e3o Paulo Ela adora provocar! Madonna surpreendeu seus f\u00e3s ao publicar montagem de IA (Intelig\u00eancia Artificial) abra\u00e7ada e de &#8220;chamego&#8221; com o Papa Francisco. &#8220;Indo para o final de semana assim&#8221;, escreveu ela na legenda de uma das publica\u00e7\u00f5es. &#8220;\u00c9 bom ser vista&#8221;, disse Madonna na outra imagem. As fotos &hellip;<\/p>\n","protected":false},"author":1,"featured_media":4436,"comment_status":"closed","ping_status":"closed","sticky":false,"template":"","format":"standard","meta":{"footnotes":""},"categories":[25],"tags":[],"class_list":["post-4435","post","type-post","status-publish","format-standard","has-post-thumbnail","hentry","category-musica"],"yoast_head":"<!-- This site is optimized with the Yoast SEO plugin v27.4 - https:\/\/yoast.com\/product\/yoast-seo-wordpress\/ -->\n<title>Madonna publica foto de ia abra\u00e7ada e de &#039;chamego&#039; ao papa Francisco - Transam\u00e9rica Mococa 93,3<\/title>\n<meta name=\"robots\" content=\"index, follow, max-snippet:-1, max-image-preview:large, max-video-preview:-1\" \/>\n<link rel=\"canonical\" href=\"https:\/\/transamerica93.com.br\/home\/madonna-publica-foto-de-ia-abracada-e-de-chamego-ao-papa-francisco\/\" \/>\n<meta property=\"og:locale\" content=\"pt_BR\" \/>\n<meta property=\"og:type\" content=\"article\" \/>\n<meta property=\"og:title\" content=\"Madonna publica foto de ia abra\u00e7ada e de &#039;chamego&#039; ao papa Francisco - Transam\u00e9rica Mococa 93,3\" \/>\n<meta property=\"og:description\" content=\"Por Reda\u00e7\u00e3o O Estado de S\u00e3o Paulo Ela adora provocar! Madonna surpreendeu seus f\u00e3s ao publicar montagem de IA (Intelig\u00eancia Artificial) abra\u00e7ada e de &#8220;chamego&#8221; com o Papa Francisco. &#8220;Indo para o final de semana assim&#8221;, escreveu ela na legenda de uma das publica\u00e7\u00f5es. &#8220;\u00c9 bom ser vista&#8221;, disse Madonna na outra imagem. As fotos &hellip;\" \/>\n<meta property=\"og:url\" content=\"https:\/\/transamerica93.com.br\/home\/madonna-publica-foto-de-ia-abracada-e-de-chamego-ao-papa-francisco\/\" \/>\n<meta property=\"og:site_name\" content=\"Transam\u00e9rica Mococa 93,3\" \/>\n<meta property=\"article:publisher\" content=\"https:\/\/www.facebook.com\/transamericamococa\" \/>\n<meta property=\"article:published_time\" content=\"2024-12-23T18:00:42+00:00\" \/>\n<meta property=\"og:image\" content=\"https:\/\/transamerica93.com.br\/home\/wp-content\/uploads\/2024\/12\/1-26.jpg\" \/>\n\t<meta property=\"og:image:width\" content=\"1284\" \/>\n\t<meta property=\"og:image:height\" content=\"715\" \/>\n\t<meta property=\"og:image:type\" content=\"image\/jpeg\" \/>\n<meta name=\"author\" content=\"Reda\u00e7\u00e3o\" \/>\n<meta name=\"twitter:card\" content=\"summary_large_image\" \/>\n<meta name=\"twitter:creator\" content=\"@transamerica933\" \/>\n<meta name=\"twitter:site\" content=\"@transamerica933\" \/>\n<meta name=\"twitter:label1\" content=\"Escrito por\" \/>\n\t<meta name=\"twitter:data1\" content=\"Reda\u00e7\u00e3o\" \/>\n\t<meta name=\"twitter:label2\" content=\"Est. tempo de leitura\" \/>\n\t<meta name=\"twitter:data2\" content=\"1 minuto\" \/>\n<script type=\"application\/ld+json\" class=\"yoast-schema-graph\">{\"@context\":\"https:\\\/\\\/schema.org\",\"@graph\":[{\"@type\":\"Article\",\"@id\":\"https:\\\/\\\/transamerica93.com.br\\\/home\\\/madonna-publica-foto-de-ia-abracada-e-de-chamego-ao-papa-francisco\\\/#article\",\"isPartOf\":{\"@id\":\"https:\\\/\\\/transamerica93.com.br\\\/home\\\/madonna-publica-foto-de-ia-abracada-e-de-chamego-ao-papa-francisco\\\/\"},\"author\":{\"name\":\"Reda\u00e7\u00e3o\",\"@id\":\"https:\\\/\\\/transamerica93.com.br\\\/home\\\/#\\\/schema\\\/person\\\/7fed7c99c0d4562efa8561bc0f543172\"},\"headline\":\"Madonna publica foto de ia abra\u00e7ada e de &#8216;chamego&#8217; ao papa Francisco\",\"datePublished\":\"2024-12-23T18:00:42+00:00\",\"mainEntityOfPage\":{\"@id\":\"https:\\\/\\\/transamerica93.com.br\\\/home\\\/madonna-publica-foto-de-ia-abracada-e-de-chamego-ao-papa-francisco\\\/\"},\"wordCount\":194,\"publisher\":{\"@id\":\"https:\\\/\\\/transamerica93.com.br\\\/home\\\/#organization\"},\"image\":{\"@id\":\"https:\\\/\\\/transamerica93.com.br\\\/home\\\/madonna-publica-foto-de-ia-abracada-e-de-chamego-ao-papa-francisco\\\/#primaryimage\"},\"thumbnailUrl\":\"https:\\\/\\\/transamerica93.com.br\\\/home\\\/wp-content\\\/uploads\\\/2024\\\/12\\\/1-26.jpg\",\"articleSection\":[\"M\u00fasica\"],\"inLanguage\":\"pt-BR\"},{\"@type\":\"WebPage\",\"@id\":\"https:\\\/\\\/transamerica93.com.br\\\/home\\\/madonna-publica-foto-de-ia-abracada-e-de-chamego-ao-papa-francisco\\\/\",\"url\":\"https:\\\/\\\/transamerica93.com.br\\\/home\\\/madonna-publica-foto-de-ia-abracada-e-de-chamego-ao-papa-francisco\\\/\",\"name\":\"Madonna publica foto de ia abra\u00e7ada e de 'chamego' ao papa Francisco - Transam\u00e9rica Mococa 93,3\",\"isPartOf\":{\"@id\":\"https:\\\/\\\/transamerica93.com.br\\\/home\\\/#website\"},\"primaryImageOfPage\":{\"@id\":\"https:\\\/\\\/transamerica93.com.br\\\/home\\\/madonna-publica-foto-de-ia-abracada-e-de-chamego-ao-papa-francisco\\\/#primaryimage\"},\"image\":{\"@id\":\"https:\\\/\\\/transamerica93.com.br\\\/home\\\/madonna-publica-foto-de-ia-abracada-e-de-chamego-ao-papa-francisco\\\/#primaryimage\"},\"thumbnailUrl\":\"https:\\\/\\\/transamerica93.com.br\\\/home\\\/wp-content\\\/uploads\\\/2024\\\/12\\\/1-26.jpg\",\"datePublished\":\"2024-12-23T18:00:42+00:00\",\"breadcrumb\":{\"@id\":\"https:\\\/\\\/transamerica93.com.br\\\/home\\\/madonna-publica-foto-de-ia-abracada-e-de-chamego-ao-papa-francisco\\\/#breadcrumb\"},\"inLanguage\":\"pt-BR\",\"potentialAction\":[{\"@type\":\"ReadAction\",\"target\":[\"https:\\\/\\\/transamerica93.com.br\\\/home\\\/madonna-publica-foto-de-ia-abracada-e-de-chamego-ao-papa-francisco\\\/\"]}]},{\"@type\":\"ImageObject\",\"inLanguage\":\"pt-BR\",\"@id\":\"https:\\\/\\\/transamerica93.com.br\\\/home\\\/madonna-publica-foto-de-ia-abracada-e-de-chamego-ao-papa-francisco\\\/#primaryimage\",\"url\":\"https:\\\/\\\/transamerica93.com.br\\\/home\\\/wp-content\\\/uploads\\\/2024\\\/12\\\/1-26.jpg\",\"contentUrl\":\"https:\\\/\\\/transamerica93.com.br\\\/home\\\/wp-content\\\/uploads\\\/2024\\\/12\\\/1-26.jpg\",\"width\":1284,\"height\":715},{\"@type\":\"BreadcrumbList\",\"@id\":\"https:\\\/\\\/transamerica93.com.br\\\/home\\\/madonna-publica-foto-de-ia-abracada-e-de-chamego-ao-papa-francisco\\\/#breadcrumb\",\"itemListElement\":[{\"@type\":\"ListItem\",\"position\":1,\"name\":\"In\u00edcio\",\"item\":\"https:\\\/\\\/transamerica93.com.br\\\/home\\\/\"},{\"@type\":\"ListItem\",\"position\":2,\"name\":\"Madonna publica foto de ia abra\u00e7ada e de &#8216;chamego&#8217; ao papa Francisco\"}]},{\"@type\":\"WebSite\",\"@id\":\"https:\\\/\\\/transamerica93.com.br\\\/home\\\/#website\",\"url\":\"https:\\\/\\\/transamerica93.com.br\\\/home\\\/\",\"name\":\"Transam\u00e9rica Mococa 93,3\",\"description\":\"\",\"publisher\":{\"@id\":\"https:\\\/\\\/transamerica93.com.br\\\/home\\\/#organization\"},\"potentialAction\":[{\"@type\":\"SearchAction\",\"target\":{\"@type\":\"EntryPoint\",\"urlTemplate\":\"https:\\\/\\\/transamerica93.com.br\\\/home\\\/?s={search_term_string}\"},\"query-input\":{\"@type\":\"PropertyValueSpecification\",\"valueRequired\":true,\"valueName\":\"search_term_string\"}}],\"inLanguage\":\"pt-BR\"},{\"@type\":\"Organization\",\"@id\":\"https:\\\/\\\/transamerica93.com.br\\\/home\\\/#organization\",\"name\":\"Transam\u00e9rica Mococa 93,3\",\"url\":\"https:\\\/\\\/transamerica93.com.br\\\/home\\\/\",\"logo\":{\"@type\":\"ImageObject\",\"inLanguage\":\"pt-BR\",\"@id\":\"https:\\\/\\\/transamerica93.com.br\\\/home\\\/#\\\/schema\\\/logo\\\/image\\\/\",\"url\":\"https:\\\/\\\/transamerica93.com.br\\\/home\\\/wp-content\\\/uploads\\\/2023\\\/10\\\/logo2.png\",\"contentUrl\":\"https:\\\/\\\/transamerica93.com.br\\\/home\\\/wp-content\\\/uploads\\\/2023\\\/10\\\/logo2.png\",\"width\":800,\"height\":500,\"caption\":\"Transam\u00e9rica Mococa 93,3\"},\"image\":{\"@id\":\"https:\\\/\\\/transamerica93.com.br\\\/home\\\/#\\\/schema\\\/logo\\\/image\\\/\"},\"sameAs\":[\"https:\\\/\\\/www.facebook.com\\\/transamericamococa\",\"https:\\\/\\\/x.com\\\/transamerica933\",\"https:\\\/\\\/www.instagram.com\\\/transamericamococa\"]},{\"@type\":\"Person\",\"@id\":\"https:\\\/\\\/transamerica93.com.br\\\/home\\\/#\\\/schema\\\/person\\\/7fed7c99c0d4562efa8561bc0f543172\",\"name\":\"Reda\u00e7\u00e3o\",\"image\":{\"@type\":\"ImageObject\",\"inLanguage\":\"pt-BR\",\"@id\":\"https:\\\/\\\/secure.gravatar.com\\\/avatar\\\/1072c6b775fb02ef8506ce967551d95926669a6b7d2c2147b42eea4d7c68395e?s=96&d=mm&r=g\",\"url\":\"https:\\\/\\\/secure.gravatar.com\\\/avatar\\\/1072c6b775fb02ef8506ce967551d95926669a6b7d2c2147b42eea4d7c68395e?s=96&d=mm&r=g\",\"contentUrl\":\"https:\\\/\\\/secure.gravatar.com\\\/avatar\\\/1072c6b775fb02ef8506ce967551d95926669a6b7d2c2147b42eea4d7c68395e?s=96&d=mm&r=g\",\"caption\":\"Reda\u00e7\u00e3o\"},\"sameAs\":[\"https:\\\/\\\/transamerica93.com.br\\\/home\"],\"url\":\"https:\\\/\\\/transamerica93.com.br\\\/home\\\/author\\\/william\\\/\"}]}<\/script>\n<!-- \/ Yoast SEO plugin. -->","yoast_head_json":{"title":"Madonna publica foto de ia abra\u00e7ada e de 'chamego' ao papa Francisco - Transam\u00e9rica Mococa 93,3","robots":{"index":"index","follow":"follow","max-snippet":"max-snippet:-1","max-image-preview":"max-image-preview:large","max-video-preview":"max-video-preview:-1"},"canonical":"https:\/\/transamerica93.com.br\/home\/madonna-publica-foto-de-ia-abracada-e-de-chamego-ao-papa-francisco\/","og_locale":"pt_BR","og_type":"article","og_title":"Madonna publica foto de ia abra\u00e7ada e de 'chamego' ao papa Francisco - Transam\u00e9rica Mococa 93,3","og_description":"Por Reda\u00e7\u00e3o O Estado de S\u00e3o Paulo Ela adora provocar! Madonna surpreendeu seus f\u00e3s ao publicar montagem de IA (Intelig\u00eancia Artificial) abra\u00e7ada e de &#8220;chamego&#8221; com o Papa Francisco. &#8220;Indo para o final de semana assim&#8221;, escreveu ela na legenda de uma das publica\u00e7\u00f5es. &#8220;\u00c9 bom ser vista&#8221;, disse Madonna na outra imagem. As fotos &hellip;","og_url":"https:\/\/transamerica93.com.br\/home\/madonna-publica-foto-de-ia-abracada-e-de-chamego-ao-papa-francisco\/","og_site_name":"Transam\u00e9rica Mococa 93,3","article_publisher":"https:\/\/www.facebook.com\/transamericamococa","article_published_time":"2024-12-23T18:00:42+00:00","og_image":[{"width":1284,"height":715,"url":"https:\/\/transamerica93.com.br\/home\/wp-content\/uploads\/2024\/12\/1-26.jpg","type":"image\/jpeg"}],"author":"Reda\u00e7\u00e3o","twitter_card":"summary_large_image","twitter_creator":"@transamerica933","twitter_site":"@transamerica933","twitter_misc":{"Escrito por":"Reda\u00e7\u00e3o","Est. tempo de leitura":"1 minuto"},"schema":{"@context":"https:\/\/schema.org","@graph":[{"@type":"Article","@id":"https:\/\/transamerica93.com.br\/home\/madonna-publica-foto-de-ia-abracada-e-de-chamego-ao-papa-francisco\/#article","isPartOf":{"@id":"https:\/\/transamerica93.com.br\/home\/madonna-publica-foto-de-ia-abracada-e-de-chamego-ao-papa-francisco\/"},"author":{"name":"Reda\u00e7\u00e3o","@id":"https:\/\/transamerica93.com.br\/home\/#\/schema\/person\/7fed7c99c0d4562efa8561bc0f543172"},"headline":"Madonna publica foto de ia abra\u00e7ada e de &#8216;chamego&#8217; ao papa Francisco","datePublished":"2024-12-23T18:00:42+00:00","mainEntityOfPage":{"@id":"https:\/\/transamerica93.com.br\/home\/madonna-publica-foto-de-ia-abracada-e-de-chamego-ao-papa-francisco\/"},"wordCount":194,"publisher":{"@id":"https:\/\/transamerica93.com.br\/home\/#organization"},"image":{"@id":"https:\/\/transamerica93.com.br\/home\/madonna-publica-foto-de-ia-abracada-e-de-chamego-ao-papa-francisco\/#primaryimage"},"thumbnailUrl":"https:\/\/transamerica93.com.br\/home\/wp-content\/uploads\/2024\/12\/1-26.jpg","articleSection":["M\u00fasica"],"inLanguage":"pt-BR"},{"@type":"WebPage","@id":"https:\/\/transamerica93.com.br\/home\/madonna-publica-foto-de-ia-abracada-e-de-chamego-ao-papa-francisco\/","url":"https:\/\/transamerica93.com.br\/home\/madonna-publica-foto-de-ia-abracada-e-de-chamego-ao-papa-francisco\/","name":"Madonna publica foto de ia abra\u00e7ada e de 'chamego' ao papa Francisco - Transam\u00e9rica Mococa 93,3","isPartOf":{"@id":"https:\/\/transamerica93.com.br\/home\/#website"},"primaryImageOfPage":{"@id":"https:\/\/transamerica93.com.br\/home\/madonna-publica-foto-de-ia-abracada-e-de-chamego-ao-papa-francisco\/#primaryimage"},"image":{"@id":"https:\/\/transamerica93.com.br\/home\/madonna-publica-foto-de-ia-abracada-e-de-chamego-ao-papa-francisco\/#primaryimage"},"thumbnailUrl":"https:\/\/transamerica93.com.br\/home\/wp-content\/uploads\/2024\/12\/1-26.jpg","datePublished":"2024-12-23T18:00:42+00:00","breadcrumb":{"@id":"https:\/\/transamerica93.com.br\/home\/madonna-publica-foto-de-ia-abracada-e-de-chamego-ao-papa-francisco\/#breadcrumb"},"inLanguage":"pt-BR","potentialAction":[{"@type":"ReadAction","target":["https:\/\/transamerica93.com.br\/home\/madonna-publica-foto-de-ia-abracada-e-de-chamego-ao-papa-francisco\/"]}]},{"@type":"ImageObject","inLanguage":"pt-BR","@id":"https:\/\/transamerica93.com.br\/home\/madonna-publica-foto-de-ia-abracada-e-de-chamego-ao-papa-francisco\/#primaryimage","url":"https:\/\/transamerica93.com.br\/home\/wp-content\/uploads\/2024\/12\/1-26.jpg","contentUrl":"https:\/\/transamerica93.com.br\/home\/wp-content\/uploads\/2024\/12\/1-26.jpg","width":1284,"height":715},{"@type":"BreadcrumbList","@id":"https:\/\/transamerica93.com.br\/home\/madonna-publica-foto-de-ia-abracada-e-de-chamego-ao-papa-francisco\/#breadcrumb","itemListElement":[{"@type":"ListItem","position":1,"name":"In\u00edcio","item":"https:\/\/transamerica93.com.br\/home\/"},{"@type":"ListItem","position":2,"name":"Madonna publica foto de ia abra\u00e7ada e de &#8216;chamego&#8217; ao papa Francisco"}]},{"@type":"WebSite","@id":"https:\/\/transamerica93.com.br\/home\/#website","url":"https:\/\/transamerica93.com.br\/home\/","name":"Transam\u00e9rica Mococa 93,3","description":"","publisher":{"@id":"https:\/\/transamerica93.com.br\/home\/#organization"},"potentialAction":[{"@type":"SearchAction","target":{"@type":"EntryPoint","urlTemplate":"https:\/\/transamerica93.com.br\/home\/?s={search_term_string}"},"query-input":{"@type":"PropertyValueSpecification","valueRequired":true,"valueName":"search_term_string"}}],"inLanguage":"pt-BR"},{"@type":"Organization","@id":"https:\/\/transamerica93.com.br\/home\/#organization","name":"Transam\u00e9rica Mococa 93,3","url":"https:\/\/transamerica93.com.br\/home\/","logo":{"@type":"ImageObject","inLanguage":"pt-BR","@id":"https:\/\/transamerica93.com.br\/home\/#\/schema\/logo\/image\/","url":"https:\/\/transamerica93.com.br\/home\/wp-content\/uploads\/2023\/10\/logo2.png","contentUrl":"https:\/\/transamerica93.com.br\/home\/wp-content\/uploads\/2023\/10\/logo2.png","width":800,"height":500,"caption":"Transam\u00e9rica Mococa 93,3"},"image":{"@id":"https:\/\/transamerica93.com.br\/home\/#\/schema\/logo\/image\/"},"sameAs":["https:\/\/www.facebook.com\/transamericamococa","https:\/\/x.com\/transamerica933","https:\/\/www.instagram.com\/transamericamococa"]},{"@type":"Person","@id":"https:\/\/transamerica93.com.br\/home\/#\/schema\/person\/7fed7c99c0d4562efa8561bc0f543172","name":"Reda\u00e7\u00e3o","image":{"@type":"ImageObject","inLanguage":"pt-BR","@id":"https:\/\/secure.gravatar.com\/avatar\/1072c6b775fb02ef8506ce967551d95926669a6b7d2c2147b42eea4d7c68395e?s=96&d=mm&r=g","url":"https:\/\/secure.gravatar.com\/avatar\/1072c6b775fb02ef8506ce967551d95926669a6b7d2c2147b42eea4d7c68395e?s=96&d=mm&r=g","contentUrl":"https:\/\/secure.gravatar.com\/avatar\/1072c6b775fb02ef8506ce967551d95926669a6b7d2c2147b42eea4d7c68395e?s=96&d=mm&r=g","caption":"Reda\u00e7\u00e3o"},"sameAs":["https:\/\/transamerica93.com.br\/home"],"url":"https:\/\/transamerica93.com.br\/home\/author\/william\/"}]}},"_links":{"self":[{"href":"https:\/\/transamerica93.com.br\/home\/wp-json\/wp\/v2\/posts\/4435","targetHints":{"allow":["GET"]}}],"collection":[{"href":"https:\/\/transamerica93.com.br\/home\/wp-json\/wp\/v2\/posts"}],"about":[{"href":"https:\/\/transamerica93.com.br\/home\/wp-json\/wp\/v2\/types\/post"}],"author":[{"embeddable":true,"href":"https:\/\/transamerica93.com.br\/home\/wp-json\/wp\/v2\/users\/1"}],"replies":[{"embeddable":true,"href":"https:\/\/transamerica93.com.br\/home\/wp-json\/wp\/v2\/comments?post=4435"}],"version-history":[{"count":1,"href":"https:\/\/transamerica93.com.br\/home\/wp-json\/wp\/v2\/posts\/4435\/revisions"}],"predecessor-version":[{"id":4437,"href":"https:\/\/transamerica93.com.br\/home\/wp-json\/wp\/v2\/posts\/4435\/revisions\/4437"}],"wp:featuredmedia":[{"embeddable":true,"href":"https:\/\/transamerica93.com.br\/home\/wp-json\/wp\/v2\/media\/4436"}],"wp:attachment":[{"href":"https:\/\/transamerica93.com.br\/home\/wp-json\/wp\/v2\/media?parent=4435"}],"wp:term":[{"taxonomy":"category","embeddable":true,"href":"https:\/\/transamerica93.com.br\/home\/wp-json\/wp\/v2\/categories?post=4435"},{"taxonomy":"post_tag","embeddable":true,"href":"https:\/\/transamerica93.com.br\/home\/wp-json\/wp\/v2\/tags?post=4435"}],"curies":[{"name":"wp","href":"https:\/\/api.w.org\/{rel}","templated":true}]}}