{"id":4441,"date":"2024-12-24T15:00:49","date_gmt":"2024-12-24T18:00:49","guid":{"rendered":"https:\/\/transamerica93.com.br\/home\/?p=4441"},"modified":"2024-12-18T22:43:29","modified_gmt":"2024-12-19T01:43:29","slug":"zeca-pagodinho-fara-pausa-em-shows-para-se-dedicar-aos-netos","status":"publish","type":"post","link":"https:\/\/transamerica93.com.br\/home\/zeca-pagodinho-fara-pausa-em-shows-para-se-dedicar-aos-netos\/","title":{"rendered":"Zeca Pagodinho far\u00e1 pausa em shows para se dedicar aos netos"},"content":{"rendered":"<h6 class=\"Assina\">Por Leonardo Neto<\/h6>\n<p>Zeca Pagodinho, que comemora seus 40 anos de carreira, anunciou uma pausa na agenda de shows. O dono de hits como\u00a0<i>Deixa a vida me levar<\/i>\u00a0e\u00a0<i>Verdade<\/i>\u00a0quer se dedicar aos netos. Ele \u00e9 av\u00f4 de seis netos e espera o s\u00e9timo para abril<\/p>\n<p>Mas antes, Zeca Pagodinho faz dois shows em S\u00e3o Paulo, nesta sexta, 13, e no s\u00e1bado, 14, e outro no Rio de Janeiro, no dia 21 Depois disso, o cantor de 65 anos s\u00f3 volta a se apresentar em junho.<\/p>\n<p>S\u00e3o Paulo recebeu a turn\u00ea de 40 anos de carreira de Zeca Pagodinho em junho de 2024. Depois de percorrer outras 12 cidades e levar uma legi\u00e3o de f\u00e3s para um cruzeiro, o m\u00fasico volta \u00e0 capital paulista para mais dois shows. As apresenta\u00e7\u00f5es acontecem na Vibra S\u00e3o Paulo (Av das Na\u00e7\u00f5es Unidas, 17.955 &#8211; Vila Almeida), com abertura da casa \u00e0s 19h30.<\/p>\n<p>Zeca Pagodinho encerra a turn\u00ea no Rio de Janeiro, no Farmasi Arena (Av. Embaixador Abelardo Bueno, 3401 &#8211; Barra da Tijuca), no dia 21.<\/p>\n","protected":false},"excerpt":{"rendered":"<p>Por Leonardo Neto Zeca Pagodinho, que comemora seus 40 anos de carreira, anunciou uma pausa na agenda de shows. O dono de hits como\u00a0Deixa a vida me levar\u00a0e\u00a0Verdade\u00a0quer se dedicar aos netos. Ele \u00e9 av\u00f4 de seis netos e espera o s\u00e9timo para abril Mas antes, Zeca Pagodinho faz dois shows em S\u00e3o Paulo, nesta &hellip;<\/p>\n","protected":false},"author":1,"featured_media":4442,"comment_status":"closed","ping_status":"closed","sticky":false,"template":"","format":"standard","meta":{"footnotes":""},"categories":[25],"tags":[],"class_list":["post-4441","post","type-post","status-publish","format-standard","has-post-thumbnail","hentry","category-musica"],"yoast_head":"<!-- This site is optimized with the Yoast SEO plugin v27.4 - https:\/\/yoast.com\/product\/yoast-seo-wordpress\/ -->\n<title>Zeca Pagodinho far\u00e1 pausa em shows para se dedicar aos netos - Transam\u00e9rica Mococa 93,3<\/title>\n<meta name=\"robots\" content=\"index, follow, max-snippet:-1, max-image-preview:large, max-video-preview:-1\" \/>\n<link rel=\"canonical\" href=\"https:\/\/transamerica93.com.br\/home\/zeca-pagodinho-fara-pausa-em-shows-para-se-dedicar-aos-netos\/\" \/>\n<meta property=\"og:locale\" content=\"pt_BR\" \/>\n<meta property=\"og:type\" content=\"article\" \/>\n<meta property=\"og:title\" content=\"Zeca Pagodinho far\u00e1 pausa em shows para se dedicar aos netos - Transam\u00e9rica Mococa 93,3\" \/>\n<meta property=\"og:description\" content=\"Por Leonardo Neto Zeca Pagodinho, que comemora seus 40 anos de carreira, anunciou uma pausa na agenda de shows. O dono de hits como\u00a0Deixa a vida me levar\u00a0e\u00a0Verdade\u00a0quer se dedicar aos netos. Ele \u00e9 av\u00f4 de seis netos e espera o s\u00e9timo para abril Mas antes, Zeca Pagodinho faz dois shows em S\u00e3o Paulo, nesta &hellip;\" \/>\n<meta property=\"og:url\" content=\"https:\/\/transamerica93.com.br\/home\/zeca-pagodinho-fara-pausa-em-shows-para-se-dedicar-aos-netos\/\" \/>\n<meta property=\"og:site_name\" content=\"Transam\u00e9rica Mococa 93,3\" \/>\n<meta property=\"article:publisher\" content=\"https:\/\/www.facebook.com\/transamericamococa\" \/>\n<meta property=\"article:published_time\" content=\"2024-12-24T18:00:49+00:00\" \/>\n<meta property=\"og:image\" content=\"https:\/\/transamerica93.com.br\/home\/wp-content\/uploads\/2024\/12\/1-28.jpg\" \/>\n\t<meta property=\"og:image:width\" content=\"1202\" \/>\n\t<meta property=\"og:image:height\" content=\"672\" \/>\n\t<meta property=\"og:image:type\" content=\"image\/jpeg\" \/>\n<meta name=\"author\" content=\"Reda\u00e7\u00e3o\" \/>\n<meta name=\"twitter:card\" content=\"summary_large_image\" \/>\n<meta name=\"twitter:creator\" content=\"@transamerica933\" \/>\n<meta name=\"twitter:site\" content=\"@transamerica933\" \/>\n<meta name=\"twitter:label1\" content=\"Escrito por\" \/>\n\t<meta name=\"twitter:data1\" content=\"Reda\u00e7\u00e3o\" \/>\n\t<meta name=\"twitter:label2\" content=\"Est. tempo de leitura\" \/>\n\t<meta name=\"twitter:data2\" content=\"2 minutos\" \/>\n<script type=\"application\/ld+json\" class=\"yoast-schema-graph\">{\"@context\":\"https:\\\/\\\/schema.org\",\"@graph\":[{\"@type\":\"Article\",\"@id\":\"https:\\\/\\\/transamerica93.com.br\\\/home\\\/zeca-pagodinho-fara-pausa-em-shows-para-se-dedicar-aos-netos\\\/#article\",\"isPartOf\":{\"@id\":\"https:\\\/\\\/transamerica93.com.br\\\/home\\\/zeca-pagodinho-fara-pausa-em-shows-para-se-dedicar-aos-netos\\\/\"},\"author\":{\"name\":\"Reda\u00e7\u00e3o\",\"@id\":\"https:\\\/\\\/transamerica93.com.br\\\/home\\\/#\\\/schema\\\/person\\\/7fed7c99c0d4562efa8561bc0f543172\"},\"headline\":\"Zeca Pagodinho far\u00e1 pausa em shows para se dedicar aos netos\",\"datePublished\":\"2024-12-24T18:00:49+00:00\",\"mainEntityOfPage\":{\"@id\":\"https:\\\/\\\/transamerica93.com.br\\\/home\\\/zeca-pagodinho-fara-pausa-em-shows-para-se-dedicar-aos-netos\\\/\"},\"wordCount\":183,\"publisher\":{\"@id\":\"https:\\\/\\\/transamerica93.com.br\\\/home\\\/#organization\"},\"image\":{\"@id\":\"https:\\\/\\\/transamerica93.com.br\\\/home\\\/zeca-pagodinho-fara-pausa-em-shows-para-se-dedicar-aos-netos\\\/#primaryimage\"},\"thumbnailUrl\":\"https:\\\/\\\/transamerica93.com.br\\\/home\\\/wp-content\\\/uploads\\\/2024\\\/12\\\/1-28.jpg\",\"articleSection\":[\"M\u00fasica\"],\"inLanguage\":\"pt-BR\"},{\"@type\":\"WebPage\",\"@id\":\"https:\\\/\\\/transamerica93.com.br\\\/home\\\/zeca-pagodinho-fara-pausa-em-shows-para-se-dedicar-aos-netos\\\/\",\"url\":\"https:\\\/\\\/transamerica93.com.br\\\/home\\\/zeca-pagodinho-fara-pausa-em-shows-para-se-dedicar-aos-netos\\\/\",\"name\":\"Zeca Pagodinho far\u00e1 pausa em shows para se dedicar aos netos - Transam\u00e9rica Mococa 93,3\",\"isPartOf\":{\"@id\":\"https:\\\/\\\/transamerica93.com.br\\\/home\\\/#website\"},\"primaryImageOfPage\":{\"@id\":\"https:\\\/\\\/transamerica93.com.br\\\/home\\\/zeca-pagodinho-fara-pausa-em-shows-para-se-dedicar-aos-netos\\\/#primaryimage\"},\"image\":{\"@id\":\"https:\\\/\\\/transamerica93.com.br\\\/home\\\/zeca-pagodinho-fara-pausa-em-shows-para-se-dedicar-aos-netos\\\/#primaryimage\"},\"thumbnailUrl\":\"https:\\\/\\\/transamerica93.com.br\\\/home\\\/wp-content\\\/uploads\\\/2024\\\/12\\\/1-28.jpg\",\"datePublished\":\"2024-12-24T18:00:49+00:00\",\"breadcrumb\":{\"@id\":\"https:\\\/\\\/transamerica93.com.br\\\/home\\\/zeca-pagodinho-fara-pausa-em-shows-para-se-dedicar-aos-netos\\\/#breadcrumb\"},\"inLanguage\":\"pt-BR\",\"potentialAction\":[{\"@type\":\"ReadAction\",\"target\":[\"https:\\\/\\\/transamerica93.com.br\\\/home\\\/zeca-pagodinho-fara-pausa-em-shows-para-se-dedicar-aos-netos\\\/\"]}]},{\"@type\":\"ImageObject\",\"inLanguage\":\"pt-BR\",\"@id\":\"https:\\\/\\\/transamerica93.com.br\\\/home\\\/zeca-pagodinho-fara-pausa-em-shows-para-se-dedicar-aos-netos\\\/#primaryimage\",\"url\":\"https:\\\/\\\/transamerica93.com.br\\\/home\\\/wp-content\\\/uploads\\\/2024\\\/12\\\/1-28.jpg\",\"contentUrl\":\"https:\\\/\\\/transamerica93.com.br\\\/home\\\/wp-content\\\/uploads\\\/2024\\\/12\\\/1-28.jpg\",\"width\":1202,\"height\":672,\"caption\":\"Reprodu\u00e7\u00e3o\\\/Instagram\\\/@ZecaPagodinho\"},{\"@type\":\"BreadcrumbList\",\"@id\":\"https:\\\/\\\/transamerica93.com.br\\\/home\\\/zeca-pagodinho-fara-pausa-em-shows-para-se-dedicar-aos-netos\\\/#breadcrumb\",\"itemListElement\":[{\"@type\":\"ListItem\",\"position\":1,\"name\":\"In\u00edcio\",\"item\":\"https:\\\/\\\/transamerica93.com.br\\\/home\\\/\"},{\"@type\":\"ListItem\",\"position\":2,\"name\":\"Zeca Pagodinho far\u00e1 pausa em shows para se dedicar aos netos\"}]},{\"@type\":\"WebSite\",\"@id\":\"https:\\\/\\\/transamerica93.com.br\\\/home\\\/#website\",\"url\":\"https:\\\/\\\/transamerica93.com.br\\\/home\\\/\",\"name\":\"Transam\u00e9rica Mococa 93,3\",\"description\":\"\",\"publisher\":{\"@id\":\"https:\\\/\\\/transamerica93.com.br\\\/home\\\/#organization\"},\"potentialAction\":[{\"@type\":\"SearchAction\",\"target\":{\"@type\":\"EntryPoint\",\"urlTemplate\":\"https:\\\/\\\/transamerica93.com.br\\\/home\\\/?s={search_term_string}\"},\"query-input\":{\"@type\":\"PropertyValueSpecification\",\"valueRequired\":true,\"valueName\":\"search_term_string\"}}],\"inLanguage\":\"pt-BR\"},{\"@type\":\"Organization\",\"@id\":\"https:\\\/\\\/transamerica93.com.br\\\/home\\\/#organization\",\"name\":\"Transam\u00e9rica Mococa 93,3\",\"url\":\"https:\\\/\\\/transamerica93.com.br\\\/home\\\/\",\"logo\":{\"@type\":\"ImageObject\",\"inLanguage\":\"pt-BR\",\"@id\":\"https:\\\/\\\/transamerica93.com.br\\\/home\\\/#\\\/schema\\\/logo\\\/image\\\/\",\"url\":\"https:\\\/\\\/transamerica93.com.br\\\/home\\\/wp-content\\\/uploads\\\/2023\\\/10\\\/logo2.png\",\"contentUrl\":\"https:\\\/\\\/transamerica93.com.br\\\/home\\\/wp-content\\\/uploads\\\/2023\\\/10\\\/logo2.png\",\"width\":800,\"height\":500,\"caption\":\"Transam\u00e9rica Mococa 93,3\"},\"image\":{\"@id\":\"https:\\\/\\\/transamerica93.com.br\\\/home\\\/#\\\/schema\\\/logo\\\/image\\\/\"},\"sameAs\":[\"https:\\\/\\\/www.facebook.com\\\/transamericamococa\",\"https:\\\/\\\/x.com\\\/transamerica933\",\"https:\\\/\\\/www.instagram.com\\\/transamericamococa\"]},{\"@type\":\"Person\",\"@id\":\"https:\\\/\\\/transamerica93.com.br\\\/home\\\/#\\\/schema\\\/person\\\/7fed7c99c0d4562efa8561bc0f543172\",\"name\":\"Reda\u00e7\u00e3o\",\"image\":{\"@type\":\"ImageObject\",\"inLanguage\":\"pt-BR\",\"@id\":\"https:\\\/\\\/secure.gravatar.com\\\/avatar\\\/1072c6b775fb02ef8506ce967551d95926669a6b7d2c2147b42eea4d7c68395e?s=96&d=mm&r=g\",\"url\":\"https:\\\/\\\/secure.gravatar.com\\\/avatar\\\/1072c6b775fb02ef8506ce967551d95926669a6b7d2c2147b42eea4d7c68395e?s=96&d=mm&r=g\",\"contentUrl\":\"https:\\\/\\\/secure.gravatar.com\\\/avatar\\\/1072c6b775fb02ef8506ce967551d95926669a6b7d2c2147b42eea4d7c68395e?s=96&d=mm&r=g\",\"caption\":\"Reda\u00e7\u00e3o\"},\"sameAs\":[\"https:\\\/\\\/transamerica93.com.br\\\/home\"],\"url\":\"https:\\\/\\\/transamerica93.com.br\\\/home\\\/author\\\/william\\\/\"}]}<\/script>\n<!-- \/ Yoast SEO plugin. -->","yoast_head_json":{"title":"Zeca Pagodinho far\u00e1 pausa em shows para se dedicar aos netos - Transam\u00e9rica Mococa 93,3","robots":{"index":"index","follow":"follow","max-snippet":"max-snippet:-1","max-image-preview":"max-image-preview:large","max-video-preview":"max-video-preview:-1"},"canonical":"https:\/\/transamerica93.com.br\/home\/zeca-pagodinho-fara-pausa-em-shows-para-se-dedicar-aos-netos\/","og_locale":"pt_BR","og_type":"article","og_title":"Zeca Pagodinho far\u00e1 pausa em shows para se dedicar aos netos - Transam\u00e9rica Mococa 93,3","og_description":"Por Leonardo Neto Zeca Pagodinho, que comemora seus 40 anos de carreira, anunciou uma pausa na agenda de shows. O dono de hits como\u00a0Deixa a vida me levar\u00a0e\u00a0Verdade\u00a0quer se dedicar aos netos. Ele \u00e9 av\u00f4 de seis netos e espera o s\u00e9timo para abril Mas antes, Zeca Pagodinho faz dois shows em S\u00e3o Paulo, nesta &hellip;","og_url":"https:\/\/transamerica93.com.br\/home\/zeca-pagodinho-fara-pausa-em-shows-para-se-dedicar-aos-netos\/","og_site_name":"Transam\u00e9rica Mococa 93,3","article_publisher":"https:\/\/www.facebook.com\/transamericamococa","article_published_time":"2024-12-24T18:00:49+00:00","og_image":[{"width":1202,"height":672,"url":"https:\/\/transamerica93.com.br\/home\/wp-content\/uploads\/2024\/12\/1-28.jpg","type":"image\/jpeg"}],"author":"Reda\u00e7\u00e3o","twitter_card":"summary_large_image","twitter_creator":"@transamerica933","twitter_site":"@transamerica933","twitter_misc":{"Escrito por":"Reda\u00e7\u00e3o","Est. tempo de leitura":"2 minutos"},"schema":{"@context":"https:\/\/schema.org","@graph":[{"@type":"Article","@id":"https:\/\/transamerica93.com.br\/home\/zeca-pagodinho-fara-pausa-em-shows-para-se-dedicar-aos-netos\/#article","isPartOf":{"@id":"https:\/\/transamerica93.com.br\/home\/zeca-pagodinho-fara-pausa-em-shows-para-se-dedicar-aos-netos\/"},"author":{"name":"Reda\u00e7\u00e3o","@id":"https:\/\/transamerica93.com.br\/home\/#\/schema\/person\/7fed7c99c0d4562efa8561bc0f543172"},"headline":"Zeca Pagodinho far\u00e1 pausa em shows para se dedicar aos netos","datePublished":"2024-12-24T18:00:49+00:00","mainEntityOfPage":{"@id":"https:\/\/transamerica93.com.br\/home\/zeca-pagodinho-fara-pausa-em-shows-para-se-dedicar-aos-netos\/"},"wordCount":183,"publisher":{"@id":"https:\/\/transamerica93.com.br\/home\/#organization"},"image":{"@id":"https:\/\/transamerica93.com.br\/home\/zeca-pagodinho-fara-pausa-em-shows-para-se-dedicar-aos-netos\/#primaryimage"},"thumbnailUrl":"https:\/\/transamerica93.com.br\/home\/wp-content\/uploads\/2024\/12\/1-28.jpg","articleSection":["M\u00fasica"],"inLanguage":"pt-BR"},{"@type":"WebPage","@id":"https:\/\/transamerica93.com.br\/home\/zeca-pagodinho-fara-pausa-em-shows-para-se-dedicar-aos-netos\/","url":"https:\/\/transamerica93.com.br\/home\/zeca-pagodinho-fara-pausa-em-shows-para-se-dedicar-aos-netos\/","name":"Zeca Pagodinho far\u00e1 pausa em shows para se dedicar aos netos - Transam\u00e9rica Mococa 93,3","isPartOf":{"@id":"https:\/\/transamerica93.com.br\/home\/#website"},"primaryImageOfPage":{"@id":"https:\/\/transamerica93.com.br\/home\/zeca-pagodinho-fara-pausa-em-shows-para-se-dedicar-aos-netos\/#primaryimage"},"image":{"@id":"https:\/\/transamerica93.com.br\/home\/zeca-pagodinho-fara-pausa-em-shows-para-se-dedicar-aos-netos\/#primaryimage"},"thumbnailUrl":"https:\/\/transamerica93.com.br\/home\/wp-content\/uploads\/2024\/12\/1-28.jpg","datePublished":"2024-12-24T18:00:49+00:00","breadcrumb":{"@id":"https:\/\/transamerica93.com.br\/home\/zeca-pagodinho-fara-pausa-em-shows-para-se-dedicar-aos-netos\/#breadcrumb"},"inLanguage":"pt-BR","potentialAction":[{"@type":"ReadAction","target":["https:\/\/transamerica93.com.br\/home\/zeca-pagodinho-fara-pausa-em-shows-para-se-dedicar-aos-netos\/"]}]},{"@type":"ImageObject","inLanguage":"pt-BR","@id":"https:\/\/transamerica93.com.br\/home\/zeca-pagodinho-fara-pausa-em-shows-para-se-dedicar-aos-netos\/#primaryimage","url":"https:\/\/transamerica93.com.br\/home\/wp-content\/uploads\/2024\/12\/1-28.jpg","contentUrl":"https:\/\/transamerica93.com.br\/home\/wp-content\/uploads\/2024\/12\/1-28.jpg","width":1202,"height":672,"caption":"Reprodu\u00e7\u00e3o\/Instagram\/@ZecaPagodinho"},{"@type":"BreadcrumbList","@id":"https:\/\/transamerica93.com.br\/home\/zeca-pagodinho-fara-pausa-em-shows-para-se-dedicar-aos-netos\/#breadcrumb","itemListElement":[{"@type":"ListItem","position":1,"name":"In\u00edcio","item":"https:\/\/transamerica93.com.br\/home\/"},{"@type":"ListItem","position":2,"name":"Zeca Pagodinho far\u00e1 pausa em shows para se dedicar aos netos"}]},{"@type":"WebSite","@id":"https:\/\/transamerica93.com.br\/home\/#website","url":"https:\/\/transamerica93.com.br\/home\/","name":"Transam\u00e9rica Mococa 93,3","description":"","publisher":{"@id":"https:\/\/transamerica93.com.br\/home\/#organization"},"potentialAction":[{"@type":"SearchAction","target":{"@type":"EntryPoint","urlTemplate":"https:\/\/transamerica93.com.br\/home\/?s={search_term_string}"},"query-input":{"@type":"PropertyValueSpecification","valueRequired":true,"valueName":"search_term_string"}}],"inLanguage":"pt-BR"},{"@type":"Organization","@id":"https:\/\/transamerica93.com.br\/home\/#organization","name":"Transam\u00e9rica Mococa 93,3","url":"https:\/\/transamerica93.com.br\/home\/","logo":{"@type":"ImageObject","inLanguage":"pt-BR","@id":"https:\/\/transamerica93.com.br\/home\/#\/schema\/logo\/image\/","url":"https:\/\/transamerica93.com.br\/home\/wp-content\/uploads\/2023\/10\/logo2.png","contentUrl":"https:\/\/transamerica93.com.br\/home\/wp-content\/uploads\/2023\/10\/logo2.png","width":800,"height":500,"caption":"Transam\u00e9rica Mococa 93,3"},"image":{"@id":"https:\/\/transamerica93.com.br\/home\/#\/schema\/logo\/image\/"},"sameAs":["https:\/\/www.facebook.com\/transamericamococa","https:\/\/x.com\/transamerica933","https:\/\/www.instagram.com\/transamericamococa"]},{"@type":"Person","@id":"https:\/\/transamerica93.com.br\/home\/#\/schema\/person\/7fed7c99c0d4562efa8561bc0f543172","name":"Reda\u00e7\u00e3o","image":{"@type":"ImageObject","inLanguage":"pt-BR","@id":"https:\/\/secure.gravatar.com\/avatar\/1072c6b775fb02ef8506ce967551d95926669a6b7d2c2147b42eea4d7c68395e?s=96&d=mm&r=g","url":"https:\/\/secure.gravatar.com\/avatar\/1072c6b775fb02ef8506ce967551d95926669a6b7d2c2147b42eea4d7c68395e?s=96&d=mm&r=g","contentUrl":"https:\/\/secure.gravatar.com\/avatar\/1072c6b775fb02ef8506ce967551d95926669a6b7d2c2147b42eea4d7c68395e?s=96&d=mm&r=g","caption":"Reda\u00e7\u00e3o"},"sameAs":["https:\/\/transamerica93.com.br\/home"],"url":"https:\/\/transamerica93.com.br\/home\/author\/william\/"}]}},"_links":{"self":[{"href":"https:\/\/transamerica93.com.br\/home\/wp-json\/wp\/v2\/posts\/4441","targetHints":{"allow":["GET"]}}],"collection":[{"href":"https:\/\/transamerica93.com.br\/home\/wp-json\/wp\/v2\/posts"}],"about":[{"href":"https:\/\/transamerica93.com.br\/home\/wp-json\/wp\/v2\/types\/post"}],"author":[{"embeddable":true,"href":"https:\/\/transamerica93.com.br\/home\/wp-json\/wp\/v2\/users\/1"}],"replies":[{"embeddable":true,"href":"https:\/\/transamerica93.com.br\/home\/wp-json\/wp\/v2\/comments?post=4441"}],"version-history":[{"count":1,"href":"https:\/\/transamerica93.com.br\/home\/wp-json\/wp\/v2\/posts\/4441\/revisions"}],"predecessor-version":[{"id":4443,"href":"https:\/\/transamerica93.com.br\/home\/wp-json\/wp\/v2\/posts\/4441\/revisions\/4443"}],"wp:featuredmedia":[{"embeddable":true,"href":"https:\/\/transamerica93.com.br\/home\/wp-json\/wp\/v2\/media\/4442"}],"wp:attachment":[{"href":"https:\/\/transamerica93.com.br\/home\/wp-json\/wp\/v2\/media?parent=4441"}],"wp:term":[{"taxonomy":"category","embeddable":true,"href":"https:\/\/transamerica93.com.br\/home\/wp-json\/wp\/v2\/categories?post=4441"},{"taxonomy":"post_tag","embeddable":true,"href":"https:\/\/transamerica93.com.br\/home\/wp-json\/wp\/v2\/tags?post=4441"}],"curies":[{"name":"wp","href":"https:\/\/api.w.org\/{rel}","templated":true}]}}