{"id":4444,"date":"2024-12-26T15:00:37","date_gmt":"2024-12-26T18:00:37","guid":{"rendered":"https:\/\/transamerica93.com.br\/home\/?p=4444"},"modified":"2024-12-18T22:46:03","modified_gmt":"2024-12-19T01:46:03","slug":"produtor-divulga-video-inedito-de-gal-costa-cantando-a-capela","status":"publish","type":"post","link":"https:\/\/transamerica93.com.br\/home\/produtor-divulga-video-inedito-de-gal-costa-cantando-a-capela\/","title":{"rendered":"Produtor divulga v\u00eddeo in\u00e9dito de Gal Costa cantando \u00e0 capela"},"content":{"rendered":"<h6 class=\"Assina\">Por Reda\u00e7\u00e3o O Estado de S. Paulo<\/h6>\n<p>O produtor Marcus Preto compartilhou um v\u00eddeo in\u00e9dito nas redes sociais, que mostra Gal Costa cantando \u00e0 capela a m\u00fasica <i>Vingan\u00e7a<\/i>, filmado durante as sess\u00f5es de grava\u00e7\u00e3o de\u00a0<i>A Pele do Futuro<\/i>. O projeto n\u00e3o foi finalizado devido \u00e0 morte da cantora, em 2022.<\/p>\n<p>A\u00a0<i>Pele do Futuro<\/i>\u00a0\u00e9 o 37\u00ba disco de est\u00fadio de Gal, de 2018, com dire\u00e7\u00e3o art\u00edstica de Marcus. Durante as grava\u00e7\u00f5es, Gal interpretou a m\u00fasica, original de Lupic\u00ednio Rodrigues, para um suposto \u00e1lbum ao vivo que nunca foi finalizado. Segundo o produtor, a m\u00fasica que Gal canta seria o &#8220;cl\u00edmax do roteiro&#8221;, e serviria de guia para as grava\u00e7\u00f5es ao vivo.<\/p>\n<p>Ele explicou tamb\u00e9m, na legenda, que n\u00e3o h\u00e1 mais nenhum registro das grava\u00e7\u00f5es guia al\u00e9m do v\u00eddeo em quest\u00e3o. &#8220;Uma voz guia dessas, bicho&#8230;&#8221;, relembrou Marcus, na postagem.<\/p>\n<p><b>Vida e morte de Gal Costa<\/b><\/p>\n<p>Nascida Maria da Gra\u00e7a, Gal Costa foi um dos expoentes da MPB. Vinda da Bahia, interpretou m\u00fasicas como\u00a0<i>Baby, Vaca Profana<\/i>\u00a0e\u00a0<i>P\u00e9rola Negra<\/i>. Esteve presente em movimentos art\u00edsticos como a Tropic\u00e1lia e em g\u00eaneros como o samba e a m\u00fasica eletr\u00f4nica, no disco\u00a0<i>Recanto<\/i>, produzido por Caetano Veloso, amigo pessoal.<\/p>\n<p>Seu \u00faltimo disco de carreira, gravado durante a pandemia de coronav\u00edrus, foi\u00a0<i>Nenhuma Dor<\/i>, no qual fez duetos com artistas como Jorge Drexler, Rodrigo Amarante, Tim Bernardes e Seu Jorge.<\/p>\n<p>A cantora morreu em 9 de novembro de 2022, aos 77 anos, em decorr\u00eancia de um enfarte agudo no mioc\u00e1rdio.<\/p>\n","protected":false},"excerpt":{"rendered":"<p>Por Reda\u00e7\u00e3o O Estado de S. Paulo O produtor Marcus Preto compartilhou um v\u00eddeo in\u00e9dito nas redes sociais, que mostra Gal Costa cantando \u00e0 capela a m\u00fasica Vingan\u00e7a, filmado durante as sess\u00f5es de grava\u00e7\u00e3o de\u00a0A Pele do Futuro. O projeto n\u00e3o foi finalizado devido \u00e0 morte da cantora, em 2022. A\u00a0Pele do Futuro\u00a0\u00e9 o 37\u00ba &hellip;<\/p>\n","protected":false},"author":1,"featured_media":4446,"comment_status":"closed","ping_status":"closed","sticky":false,"template":"","format":"standard","meta":{"footnotes":""},"categories":[25],"tags":[],"class_list":["post-4444","post","type-post","status-publish","format-standard","has-post-thumbnail","hentry","category-musica"],"yoast_head":"<!-- This site is optimized with the Yoast SEO plugin v27.4 - https:\/\/yoast.com\/product\/yoast-seo-wordpress\/ -->\n<title>Produtor divulga v\u00eddeo in\u00e9dito de Gal Costa cantando \u00e0 capela - Transam\u00e9rica Mococa 93,3<\/title>\n<meta name=\"robots\" content=\"index, follow, max-snippet:-1, max-image-preview:large, max-video-preview:-1\" \/>\n<link rel=\"canonical\" href=\"https:\/\/transamerica93.com.br\/home\/produtor-divulga-video-inedito-de-gal-costa-cantando-a-capela\/\" \/>\n<meta property=\"og:locale\" content=\"pt_BR\" \/>\n<meta property=\"og:type\" content=\"article\" \/>\n<meta property=\"og:title\" content=\"Produtor divulga v\u00eddeo in\u00e9dito de Gal Costa cantando \u00e0 capela - Transam\u00e9rica Mococa 93,3\" \/>\n<meta property=\"og:description\" content=\"Por Reda\u00e7\u00e3o O Estado de S. Paulo O produtor Marcus Preto compartilhou um v\u00eddeo in\u00e9dito nas redes sociais, que mostra Gal Costa cantando \u00e0 capela a m\u00fasica Vingan\u00e7a, filmado durante as sess\u00f5es de grava\u00e7\u00e3o de\u00a0A Pele do Futuro. O projeto n\u00e3o foi finalizado devido \u00e0 morte da cantora, em 2022. A\u00a0Pele do Futuro\u00a0\u00e9 o 37\u00ba &hellip;\" \/>\n<meta property=\"og:url\" content=\"https:\/\/transamerica93.com.br\/home\/produtor-divulga-video-inedito-de-gal-costa-cantando-a-capela\/\" \/>\n<meta property=\"og:site_name\" content=\"Transam\u00e9rica Mococa 93,3\" \/>\n<meta property=\"article:publisher\" content=\"https:\/\/www.facebook.com\/transamericamococa\" \/>\n<meta property=\"article:published_time\" content=\"2024-12-26T18:00:37+00:00\" \/>\n<meta property=\"og:image\" content=\"https:\/\/transamerica93.com.br\/home\/wp-content\/uploads\/2024\/12\/1-29.jpg\" \/>\n\t<meta property=\"og:image:width\" content=\"1202\" \/>\n\t<meta property=\"og:image:height\" content=\"672\" \/>\n\t<meta property=\"og:image:type\" content=\"image\/jpeg\" \/>\n<meta name=\"author\" content=\"Reda\u00e7\u00e3o\" \/>\n<meta name=\"twitter:card\" content=\"summary_large_image\" \/>\n<meta name=\"twitter:creator\" content=\"@transamerica933\" \/>\n<meta name=\"twitter:site\" content=\"@transamerica933\" \/>\n<meta name=\"twitter:label1\" content=\"Escrito por\" \/>\n\t<meta name=\"twitter:data1\" content=\"Reda\u00e7\u00e3o\" \/>\n\t<meta name=\"twitter:label2\" content=\"Est. tempo de leitura\" \/>\n\t<meta name=\"twitter:data2\" content=\"2 minutos\" \/>\n<script type=\"application\/ld+json\" class=\"yoast-schema-graph\">{\"@context\":\"https:\\\/\\\/schema.org\",\"@graph\":[{\"@type\":\"Article\",\"@id\":\"https:\\\/\\\/transamerica93.com.br\\\/home\\\/produtor-divulga-video-inedito-de-gal-costa-cantando-a-capela\\\/#article\",\"isPartOf\":{\"@id\":\"https:\\\/\\\/transamerica93.com.br\\\/home\\\/produtor-divulga-video-inedito-de-gal-costa-cantando-a-capela\\\/\"},\"author\":{\"name\":\"Reda\u00e7\u00e3o\",\"@id\":\"https:\\\/\\\/transamerica93.com.br\\\/home\\\/#\\\/schema\\\/person\\\/7fed7c99c0d4562efa8561bc0f543172\"},\"headline\":\"Produtor divulga v\u00eddeo in\u00e9dito de Gal Costa cantando \u00e0 capela\",\"datePublished\":\"2024-12-26T18:00:37+00:00\",\"mainEntityOfPage\":{\"@id\":\"https:\\\/\\\/transamerica93.com.br\\\/home\\\/produtor-divulga-video-inedito-de-gal-costa-cantando-a-capela\\\/\"},\"wordCount\":284,\"publisher\":{\"@id\":\"https:\\\/\\\/transamerica93.com.br\\\/home\\\/#organization\"},\"image\":{\"@id\":\"https:\\\/\\\/transamerica93.com.br\\\/home\\\/produtor-divulga-video-inedito-de-gal-costa-cantando-a-capela\\\/#primaryimage\"},\"thumbnailUrl\":\"https:\\\/\\\/transamerica93.com.br\\\/home\\\/wp-content\\\/uploads\\\/2024\\\/12\\\/1-29.jpg\",\"articleSection\":[\"M\u00fasica\"],\"inLanguage\":\"pt-BR\"},{\"@type\":\"WebPage\",\"@id\":\"https:\\\/\\\/transamerica93.com.br\\\/home\\\/produtor-divulga-video-inedito-de-gal-costa-cantando-a-capela\\\/\",\"url\":\"https:\\\/\\\/transamerica93.com.br\\\/home\\\/produtor-divulga-video-inedito-de-gal-costa-cantando-a-capela\\\/\",\"name\":\"Produtor divulga v\u00eddeo in\u00e9dito de Gal Costa cantando \u00e0 capela - Transam\u00e9rica Mococa 93,3\",\"isPartOf\":{\"@id\":\"https:\\\/\\\/transamerica93.com.br\\\/home\\\/#website\"},\"primaryImageOfPage\":{\"@id\":\"https:\\\/\\\/transamerica93.com.br\\\/home\\\/produtor-divulga-video-inedito-de-gal-costa-cantando-a-capela\\\/#primaryimage\"},\"image\":{\"@id\":\"https:\\\/\\\/transamerica93.com.br\\\/home\\\/produtor-divulga-video-inedito-de-gal-costa-cantando-a-capela\\\/#primaryimage\"},\"thumbnailUrl\":\"https:\\\/\\\/transamerica93.com.br\\\/home\\\/wp-content\\\/uploads\\\/2024\\\/12\\\/1-29.jpg\",\"datePublished\":\"2024-12-26T18:00:37+00:00\",\"breadcrumb\":{\"@id\":\"https:\\\/\\\/transamerica93.com.br\\\/home\\\/produtor-divulga-video-inedito-de-gal-costa-cantando-a-capela\\\/#breadcrumb\"},\"inLanguage\":\"pt-BR\",\"potentialAction\":[{\"@type\":\"ReadAction\",\"target\":[\"https:\\\/\\\/transamerica93.com.br\\\/home\\\/produtor-divulga-video-inedito-de-gal-costa-cantando-a-capela\\\/\"]}]},{\"@type\":\"ImageObject\",\"inLanguage\":\"pt-BR\",\"@id\":\"https:\\\/\\\/transamerica93.com.br\\\/home\\\/produtor-divulga-video-inedito-de-gal-costa-cantando-a-capela\\\/#primaryimage\",\"url\":\"https:\\\/\\\/transamerica93.com.br\\\/home\\\/wp-content\\\/uploads\\\/2024\\\/12\\\/1-29.jpg\",\"contentUrl\":\"https:\\\/\\\/transamerica93.com.br\\\/home\\\/wp-content\\\/uploads\\\/2024\\\/12\\\/1-29.jpg\",\"width\":1202,\"height\":672},{\"@type\":\"BreadcrumbList\",\"@id\":\"https:\\\/\\\/transamerica93.com.br\\\/home\\\/produtor-divulga-video-inedito-de-gal-costa-cantando-a-capela\\\/#breadcrumb\",\"itemListElement\":[{\"@type\":\"ListItem\",\"position\":1,\"name\":\"In\u00edcio\",\"item\":\"https:\\\/\\\/transamerica93.com.br\\\/home\\\/\"},{\"@type\":\"ListItem\",\"position\":2,\"name\":\"Produtor divulga v\u00eddeo in\u00e9dito de Gal Costa cantando \u00e0 capela\"}]},{\"@type\":\"WebSite\",\"@id\":\"https:\\\/\\\/transamerica93.com.br\\\/home\\\/#website\",\"url\":\"https:\\\/\\\/transamerica93.com.br\\\/home\\\/\",\"name\":\"Transam\u00e9rica Mococa 93,3\",\"description\":\"\",\"publisher\":{\"@id\":\"https:\\\/\\\/transamerica93.com.br\\\/home\\\/#organization\"},\"potentialAction\":[{\"@type\":\"SearchAction\",\"target\":{\"@type\":\"EntryPoint\",\"urlTemplate\":\"https:\\\/\\\/transamerica93.com.br\\\/home\\\/?s={search_term_string}\"},\"query-input\":{\"@type\":\"PropertyValueSpecification\",\"valueRequired\":true,\"valueName\":\"search_term_string\"}}],\"inLanguage\":\"pt-BR\"},{\"@type\":\"Organization\",\"@id\":\"https:\\\/\\\/transamerica93.com.br\\\/home\\\/#organization\",\"name\":\"Transam\u00e9rica Mococa 93,3\",\"url\":\"https:\\\/\\\/transamerica93.com.br\\\/home\\\/\",\"logo\":{\"@type\":\"ImageObject\",\"inLanguage\":\"pt-BR\",\"@id\":\"https:\\\/\\\/transamerica93.com.br\\\/home\\\/#\\\/schema\\\/logo\\\/image\\\/\",\"url\":\"https:\\\/\\\/transamerica93.com.br\\\/home\\\/wp-content\\\/uploads\\\/2023\\\/10\\\/logo2.png\",\"contentUrl\":\"https:\\\/\\\/transamerica93.com.br\\\/home\\\/wp-content\\\/uploads\\\/2023\\\/10\\\/logo2.png\",\"width\":800,\"height\":500,\"caption\":\"Transam\u00e9rica Mococa 93,3\"},\"image\":{\"@id\":\"https:\\\/\\\/transamerica93.com.br\\\/home\\\/#\\\/schema\\\/logo\\\/image\\\/\"},\"sameAs\":[\"https:\\\/\\\/www.facebook.com\\\/transamericamococa\",\"https:\\\/\\\/x.com\\\/transamerica933\",\"https:\\\/\\\/www.instagram.com\\\/transamericamococa\"]},{\"@type\":\"Person\",\"@id\":\"https:\\\/\\\/transamerica93.com.br\\\/home\\\/#\\\/schema\\\/person\\\/7fed7c99c0d4562efa8561bc0f543172\",\"name\":\"Reda\u00e7\u00e3o\",\"image\":{\"@type\":\"ImageObject\",\"inLanguage\":\"pt-BR\",\"@id\":\"https:\\\/\\\/secure.gravatar.com\\\/avatar\\\/1072c6b775fb02ef8506ce967551d95926669a6b7d2c2147b42eea4d7c68395e?s=96&d=mm&r=g\",\"url\":\"https:\\\/\\\/secure.gravatar.com\\\/avatar\\\/1072c6b775fb02ef8506ce967551d95926669a6b7d2c2147b42eea4d7c68395e?s=96&d=mm&r=g\",\"contentUrl\":\"https:\\\/\\\/secure.gravatar.com\\\/avatar\\\/1072c6b775fb02ef8506ce967551d95926669a6b7d2c2147b42eea4d7c68395e?s=96&d=mm&r=g\",\"caption\":\"Reda\u00e7\u00e3o\"},\"sameAs\":[\"https:\\\/\\\/transamerica93.com.br\\\/home\"],\"url\":\"https:\\\/\\\/transamerica93.com.br\\\/home\\\/author\\\/william\\\/\"}]}<\/script>\n<!-- \/ Yoast SEO plugin. -->","yoast_head_json":{"title":"Produtor divulga v\u00eddeo in\u00e9dito de Gal Costa cantando \u00e0 capela - Transam\u00e9rica Mococa 93,3","robots":{"index":"index","follow":"follow","max-snippet":"max-snippet:-1","max-image-preview":"max-image-preview:large","max-video-preview":"max-video-preview:-1"},"canonical":"https:\/\/transamerica93.com.br\/home\/produtor-divulga-video-inedito-de-gal-costa-cantando-a-capela\/","og_locale":"pt_BR","og_type":"article","og_title":"Produtor divulga v\u00eddeo in\u00e9dito de Gal Costa cantando \u00e0 capela - Transam\u00e9rica Mococa 93,3","og_description":"Por Reda\u00e7\u00e3o O Estado de S. Paulo O produtor Marcus Preto compartilhou um v\u00eddeo in\u00e9dito nas redes sociais, que mostra Gal Costa cantando \u00e0 capela a m\u00fasica Vingan\u00e7a, filmado durante as sess\u00f5es de grava\u00e7\u00e3o de\u00a0A Pele do Futuro. O projeto n\u00e3o foi finalizado devido \u00e0 morte da cantora, em 2022. A\u00a0Pele do Futuro\u00a0\u00e9 o 37\u00ba &hellip;","og_url":"https:\/\/transamerica93.com.br\/home\/produtor-divulga-video-inedito-de-gal-costa-cantando-a-capela\/","og_site_name":"Transam\u00e9rica Mococa 93,3","article_publisher":"https:\/\/www.facebook.com\/transamericamococa","article_published_time":"2024-12-26T18:00:37+00:00","og_image":[{"width":1202,"height":672,"url":"https:\/\/transamerica93.com.br\/home\/wp-content\/uploads\/2024\/12\/1-29.jpg","type":"image\/jpeg"}],"author":"Reda\u00e7\u00e3o","twitter_card":"summary_large_image","twitter_creator":"@transamerica933","twitter_site":"@transamerica933","twitter_misc":{"Escrito por":"Reda\u00e7\u00e3o","Est. tempo de leitura":"2 minutos"},"schema":{"@context":"https:\/\/schema.org","@graph":[{"@type":"Article","@id":"https:\/\/transamerica93.com.br\/home\/produtor-divulga-video-inedito-de-gal-costa-cantando-a-capela\/#article","isPartOf":{"@id":"https:\/\/transamerica93.com.br\/home\/produtor-divulga-video-inedito-de-gal-costa-cantando-a-capela\/"},"author":{"name":"Reda\u00e7\u00e3o","@id":"https:\/\/transamerica93.com.br\/home\/#\/schema\/person\/7fed7c99c0d4562efa8561bc0f543172"},"headline":"Produtor divulga v\u00eddeo in\u00e9dito de Gal Costa cantando \u00e0 capela","datePublished":"2024-12-26T18:00:37+00:00","mainEntityOfPage":{"@id":"https:\/\/transamerica93.com.br\/home\/produtor-divulga-video-inedito-de-gal-costa-cantando-a-capela\/"},"wordCount":284,"publisher":{"@id":"https:\/\/transamerica93.com.br\/home\/#organization"},"image":{"@id":"https:\/\/transamerica93.com.br\/home\/produtor-divulga-video-inedito-de-gal-costa-cantando-a-capela\/#primaryimage"},"thumbnailUrl":"https:\/\/transamerica93.com.br\/home\/wp-content\/uploads\/2024\/12\/1-29.jpg","articleSection":["M\u00fasica"],"inLanguage":"pt-BR"},{"@type":"WebPage","@id":"https:\/\/transamerica93.com.br\/home\/produtor-divulga-video-inedito-de-gal-costa-cantando-a-capela\/","url":"https:\/\/transamerica93.com.br\/home\/produtor-divulga-video-inedito-de-gal-costa-cantando-a-capela\/","name":"Produtor divulga v\u00eddeo in\u00e9dito de Gal Costa cantando \u00e0 capela - Transam\u00e9rica Mococa 93,3","isPartOf":{"@id":"https:\/\/transamerica93.com.br\/home\/#website"},"primaryImageOfPage":{"@id":"https:\/\/transamerica93.com.br\/home\/produtor-divulga-video-inedito-de-gal-costa-cantando-a-capela\/#primaryimage"},"image":{"@id":"https:\/\/transamerica93.com.br\/home\/produtor-divulga-video-inedito-de-gal-costa-cantando-a-capela\/#primaryimage"},"thumbnailUrl":"https:\/\/transamerica93.com.br\/home\/wp-content\/uploads\/2024\/12\/1-29.jpg","datePublished":"2024-12-26T18:00:37+00:00","breadcrumb":{"@id":"https:\/\/transamerica93.com.br\/home\/produtor-divulga-video-inedito-de-gal-costa-cantando-a-capela\/#breadcrumb"},"inLanguage":"pt-BR","potentialAction":[{"@type":"ReadAction","target":["https:\/\/transamerica93.com.br\/home\/produtor-divulga-video-inedito-de-gal-costa-cantando-a-capela\/"]}]},{"@type":"ImageObject","inLanguage":"pt-BR","@id":"https:\/\/transamerica93.com.br\/home\/produtor-divulga-video-inedito-de-gal-costa-cantando-a-capela\/#primaryimage","url":"https:\/\/transamerica93.com.br\/home\/wp-content\/uploads\/2024\/12\/1-29.jpg","contentUrl":"https:\/\/transamerica93.com.br\/home\/wp-content\/uploads\/2024\/12\/1-29.jpg","width":1202,"height":672},{"@type":"BreadcrumbList","@id":"https:\/\/transamerica93.com.br\/home\/produtor-divulga-video-inedito-de-gal-costa-cantando-a-capela\/#breadcrumb","itemListElement":[{"@type":"ListItem","position":1,"name":"In\u00edcio","item":"https:\/\/transamerica93.com.br\/home\/"},{"@type":"ListItem","position":2,"name":"Produtor divulga v\u00eddeo in\u00e9dito de Gal Costa cantando \u00e0 capela"}]},{"@type":"WebSite","@id":"https:\/\/transamerica93.com.br\/home\/#website","url":"https:\/\/transamerica93.com.br\/home\/","name":"Transam\u00e9rica Mococa 93,3","description":"","publisher":{"@id":"https:\/\/transamerica93.com.br\/home\/#organization"},"potentialAction":[{"@type":"SearchAction","target":{"@type":"EntryPoint","urlTemplate":"https:\/\/transamerica93.com.br\/home\/?s={search_term_string}"},"query-input":{"@type":"PropertyValueSpecification","valueRequired":true,"valueName":"search_term_string"}}],"inLanguage":"pt-BR"},{"@type":"Organization","@id":"https:\/\/transamerica93.com.br\/home\/#organization","name":"Transam\u00e9rica Mococa 93,3","url":"https:\/\/transamerica93.com.br\/home\/","logo":{"@type":"ImageObject","inLanguage":"pt-BR","@id":"https:\/\/transamerica93.com.br\/home\/#\/schema\/logo\/image\/","url":"https:\/\/transamerica93.com.br\/home\/wp-content\/uploads\/2023\/10\/logo2.png","contentUrl":"https:\/\/transamerica93.com.br\/home\/wp-content\/uploads\/2023\/10\/logo2.png","width":800,"height":500,"caption":"Transam\u00e9rica Mococa 93,3"},"image":{"@id":"https:\/\/transamerica93.com.br\/home\/#\/schema\/logo\/image\/"},"sameAs":["https:\/\/www.facebook.com\/transamericamococa","https:\/\/x.com\/transamerica933","https:\/\/www.instagram.com\/transamericamococa"]},{"@type":"Person","@id":"https:\/\/transamerica93.com.br\/home\/#\/schema\/person\/7fed7c99c0d4562efa8561bc0f543172","name":"Reda\u00e7\u00e3o","image":{"@type":"ImageObject","inLanguage":"pt-BR","@id":"https:\/\/secure.gravatar.com\/avatar\/1072c6b775fb02ef8506ce967551d95926669a6b7d2c2147b42eea4d7c68395e?s=96&d=mm&r=g","url":"https:\/\/secure.gravatar.com\/avatar\/1072c6b775fb02ef8506ce967551d95926669a6b7d2c2147b42eea4d7c68395e?s=96&d=mm&r=g","contentUrl":"https:\/\/secure.gravatar.com\/avatar\/1072c6b775fb02ef8506ce967551d95926669a6b7d2c2147b42eea4d7c68395e?s=96&d=mm&r=g","caption":"Reda\u00e7\u00e3o"},"sameAs":["https:\/\/transamerica93.com.br\/home"],"url":"https:\/\/transamerica93.com.br\/home\/author\/william\/"}]}},"_links":{"self":[{"href":"https:\/\/transamerica93.com.br\/home\/wp-json\/wp\/v2\/posts\/4444","targetHints":{"allow":["GET"]}}],"collection":[{"href":"https:\/\/transamerica93.com.br\/home\/wp-json\/wp\/v2\/posts"}],"about":[{"href":"https:\/\/transamerica93.com.br\/home\/wp-json\/wp\/v2\/types\/post"}],"author":[{"embeddable":true,"href":"https:\/\/transamerica93.com.br\/home\/wp-json\/wp\/v2\/users\/1"}],"replies":[{"embeddable":true,"href":"https:\/\/transamerica93.com.br\/home\/wp-json\/wp\/v2\/comments?post=4444"}],"version-history":[{"count":1,"href":"https:\/\/transamerica93.com.br\/home\/wp-json\/wp\/v2\/posts\/4444\/revisions"}],"predecessor-version":[{"id":4447,"href":"https:\/\/transamerica93.com.br\/home\/wp-json\/wp\/v2\/posts\/4444\/revisions\/4447"}],"wp:featuredmedia":[{"embeddable":true,"href":"https:\/\/transamerica93.com.br\/home\/wp-json\/wp\/v2\/media\/4446"}],"wp:attachment":[{"href":"https:\/\/transamerica93.com.br\/home\/wp-json\/wp\/v2\/media?parent=4444"}],"wp:term":[{"taxonomy":"category","embeddable":true,"href":"https:\/\/transamerica93.com.br\/home\/wp-json\/wp\/v2\/categories?post=4444"},{"taxonomy":"post_tag","embeddable":true,"href":"https:\/\/transamerica93.com.br\/home\/wp-json\/wp\/v2\/tags?post=4444"}],"curies":[{"name":"wp","href":"https:\/\/api.w.org\/{rel}","templated":true}]}}