{"id":4448,"date":"2024-12-27T15:00:30","date_gmt":"2024-12-27T18:00:30","guid":{"rendered":"https:\/\/transamerica93.com.br\/home\/?p=4448"},"modified":"2024-12-18T22:48:20","modified_gmt":"2024-12-19T01:48:20","slug":"the-town-anuncia-bruce-dickinson-capital-inicial-cpm22-e-um-show-que-unira-inocentes-e-supla","status":"publish","type":"post","link":"https:\/\/transamerica93.com.br\/home\/the-town-anuncia-bruce-dickinson-capital-inicial-cpm22-e-um-show-que-unira-inocentes-e-supla\/","title":{"rendered":"The Town anuncia Bruce Dickinson, Capital Inicial, CPM22 e um show que unir\u00e1 Inocentes e Supla"},"content":{"rendered":"<p>Por Danilo Casaletti<\/p>\n<p>O The Town anunciou os artistas que completam o line-up do Dia do Rock, no dia 7 de setembro. A segunda edi\u00e7\u00e3o do festival ocorrer\u00e1 nos dias 6, 7, 12, 13 e 14 de setembro de 2025, no Aut\u00f3dromo de Interlagos, em S\u00e3o Paulo.<\/p>\n<p>No Palco Skyline, considerado o principal do festival, al\u00e9m dos headliners Green Day e Sex Pistols, foram anunciadas as apresenta\u00e7\u00f5es do m\u00fasico ingl\u00eas Bruce Dickinson e da banda brasileira Capital Inicial. Dickinson se apresentou em maio deste ano em sete cidades brasileiras, inclusive em S\u00e3o Paulo.<\/p>\n<p>No Palco The One, as novidades s\u00e3o a banda CPM22 e um show in\u00e9dito que unir\u00e1 os Inocentes, uma das principais bandas de punk rock do Pa\u00eds, e o cantor Supla. Eles se juntar\u00e3o a Iggy Pop e Pitty, atra\u00e7\u00f5es anunciadas anteriormente.<\/p>\n<p>Fora do Dia do Rock, o The Town 2025 ter\u00e1 a cantora Katy Perry. Ela ser\u00e1 headliner do Palco Skyline no dia 14 de setembro.<\/p>\n<p><b>Venda de ingressos come\u00e7a em fevereiro<\/b><\/p>\n<p>Al\u00e9m das novas atra\u00e7\u00f5es, o The Town 2025 anunciou que come\u00e7ar\u00e1 as vendas do The Town Card, modalidade que permite que quem o adquirir escolha a data de sua prefer\u00eancia posteriormente, no dia 20 de fevereiro. Os pre\u00e7os ainda n\u00e3o foram divulgados. Em 2023, na primeira edi\u00e7\u00e3o do festival, essa modalidade de ingressos se esgotou em pouco mais de tr\u00eas horas.<\/p>\n","protected":false},"excerpt":{"rendered":"<p>Por Danilo Casaletti O The Town anunciou os artistas que completam o line-up do Dia do Rock, no dia 7 de setembro. A segunda edi\u00e7\u00e3o do festival ocorrer\u00e1 nos dias 6, 7, 12, 13 e 14 de setembro de 2025, no Aut\u00f3dromo de Interlagos, em S\u00e3o Paulo. No Palco Skyline, considerado o principal do festival, &hellip;<\/p>\n","protected":false},"author":1,"featured_media":4449,"comment_status":"closed","ping_status":"closed","sticky":false,"template":"","format":"standard","meta":{"footnotes":""},"categories":[25],"tags":[],"class_list":["post-4448","post","type-post","status-publish","format-standard","has-post-thumbnail","hentry","category-musica"],"yoast_head":"<!-- This site is optimized with the Yoast SEO plugin v27.4 - https:\/\/yoast.com\/product\/yoast-seo-wordpress\/ -->\n<title>The Town anuncia Bruce Dickinson, Capital Inicial, CPM22 e um show que unir\u00e1 Inocentes e Supla - Transam\u00e9rica Mococa 93,3<\/title>\n<meta name=\"robots\" content=\"index, follow, max-snippet:-1, max-image-preview:large, max-video-preview:-1\" \/>\n<link rel=\"canonical\" href=\"https:\/\/transamerica93.com.br\/home\/the-town-anuncia-bruce-dickinson-capital-inicial-cpm22-e-um-show-que-unira-inocentes-e-supla\/\" \/>\n<meta property=\"og:locale\" content=\"pt_BR\" \/>\n<meta property=\"og:type\" content=\"article\" \/>\n<meta property=\"og:title\" content=\"The Town anuncia Bruce Dickinson, Capital Inicial, CPM22 e um show que unir\u00e1 Inocentes e Supla - Transam\u00e9rica Mococa 93,3\" \/>\n<meta property=\"og:description\" content=\"Por Danilo Casaletti O The Town anunciou os artistas que completam o line-up do Dia do Rock, no dia 7 de setembro. A segunda edi\u00e7\u00e3o do festival ocorrer\u00e1 nos dias 6, 7, 12, 13 e 14 de setembro de 2025, no Aut\u00f3dromo de Interlagos, em S\u00e3o Paulo. No Palco Skyline, considerado o principal do festival, &hellip;\" \/>\n<meta property=\"og:url\" content=\"https:\/\/transamerica93.com.br\/home\/the-town-anuncia-bruce-dickinson-capital-inicial-cpm22-e-um-show-que-unira-inocentes-e-supla\/\" \/>\n<meta property=\"og:site_name\" content=\"Transam\u00e9rica Mococa 93,3\" \/>\n<meta property=\"article:publisher\" content=\"https:\/\/www.facebook.com\/transamericamococa\" \/>\n<meta property=\"article:published_time\" content=\"2024-12-27T18:00:30+00:00\" \/>\n<meta property=\"og:image\" content=\"https:\/\/transamerica93.com.br\/home\/wp-content\/uploads\/2024\/12\/1-30.jpg\" \/>\n\t<meta property=\"og:image:width\" content=\"1202\" \/>\n\t<meta property=\"og:image:height\" content=\"582\" \/>\n\t<meta property=\"og:image:type\" content=\"image\/jpeg\" \/>\n<meta name=\"author\" content=\"Reda\u00e7\u00e3o\" \/>\n<meta name=\"twitter:card\" content=\"summary_large_image\" \/>\n<meta name=\"twitter:creator\" content=\"@transamerica933\" \/>\n<meta name=\"twitter:site\" content=\"@transamerica933\" \/>\n<meta name=\"twitter:label1\" content=\"Escrito por\" \/>\n\t<meta name=\"twitter:data1\" content=\"Reda\u00e7\u00e3o\" \/>\n\t<meta name=\"twitter:label2\" content=\"Est. tempo de leitura\" \/>\n\t<meta name=\"twitter:data2\" content=\"2 minutos\" \/>\n<script type=\"application\/ld+json\" class=\"yoast-schema-graph\">{\"@context\":\"https:\\\/\\\/schema.org\",\"@graph\":[{\"@type\":\"Article\",\"@id\":\"https:\\\/\\\/transamerica93.com.br\\\/home\\\/the-town-anuncia-bruce-dickinson-capital-inicial-cpm22-e-um-show-que-unira-inocentes-e-supla\\\/#article\",\"isPartOf\":{\"@id\":\"https:\\\/\\\/transamerica93.com.br\\\/home\\\/the-town-anuncia-bruce-dickinson-capital-inicial-cpm22-e-um-show-que-unira-inocentes-e-supla\\\/\"},\"author\":{\"name\":\"Reda\u00e7\u00e3o\",\"@id\":\"https:\\\/\\\/transamerica93.com.br\\\/home\\\/#\\\/schema\\\/person\\\/7fed7c99c0d4562efa8561bc0f543172\"},\"headline\":\"The Town anuncia Bruce Dickinson, Capital Inicial, CPM22 e um show que unir\u00e1 Inocentes e Supla\",\"datePublished\":\"2024-12-27T18:00:30+00:00\",\"mainEntityOfPage\":{\"@id\":\"https:\\\/\\\/transamerica93.com.br\\\/home\\\/the-town-anuncia-bruce-dickinson-capital-inicial-cpm22-e-um-show-que-unira-inocentes-e-supla\\\/\"},\"wordCount\":253,\"publisher\":{\"@id\":\"https:\\\/\\\/transamerica93.com.br\\\/home\\\/#organization\"},\"image\":{\"@id\":\"https:\\\/\\\/transamerica93.com.br\\\/home\\\/the-town-anuncia-bruce-dickinson-capital-inicial-cpm22-e-um-show-que-unira-inocentes-e-supla\\\/#primaryimage\"},\"thumbnailUrl\":\"https:\\\/\\\/transamerica93.com.br\\\/home\\\/wp-content\\\/uploads\\\/2024\\\/12\\\/1-30.jpg\",\"articleSection\":[\"M\u00fasica\"],\"inLanguage\":\"pt-BR\"},{\"@type\":\"WebPage\",\"@id\":\"https:\\\/\\\/transamerica93.com.br\\\/home\\\/the-town-anuncia-bruce-dickinson-capital-inicial-cpm22-e-um-show-que-unira-inocentes-e-supla\\\/\",\"url\":\"https:\\\/\\\/transamerica93.com.br\\\/home\\\/the-town-anuncia-bruce-dickinson-capital-inicial-cpm22-e-um-show-que-unira-inocentes-e-supla\\\/\",\"name\":\"The Town anuncia Bruce Dickinson, Capital Inicial, CPM22 e um show que unir\u00e1 Inocentes e Supla - Transam\u00e9rica Mococa 93,3\",\"isPartOf\":{\"@id\":\"https:\\\/\\\/transamerica93.com.br\\\/home\\\/#website\"},\"primaryImageOfPage\":{\"@id\":\"https:\\\/\\\/transamerica93.com.br\\\/home\\\/the-town-anuncia-bruce-dickinson-capital-inicial-cpm22-e-um-show-que-unira-inocentes-e-supla\\\/#primaryimage\"},\"image\":{\"@id\":\"https:\\\/\\\/transamerica93.com.br\\\/home\\\/the-town-anuncia-bruce-dickinson-capital-inicial-cpm22-e-um-show-que-unira-inocentes-e-supla\\\/#primaryimage\"},\"thumbnailUrl\":\"https:\\\/\\\/transamerica93.com.br\\\/home\\\/wp-content\\\/uploads\\\/2024\\\/12\\\/1-30.jpg\",\"datePublished\":\"2024-12-27T18:00:30+00:00\",\"breadcrumb\":{\"@id\":\"https:\\\/\\\/transamerica93.com.br\\\/home\\\/the-town-anuncia-bruce-dickinson-capital-inicial-cpm22-e-um-show-que-unira-inocentes-e-supla\\\/#breadcrumb\"},\"inLanguage\":\"pt-BR\",\"potentialAction\":[{\"@type\":\"ReadAction\",\"target\":[\"https:\\\/\\\/transamerica93.com.br\\\/home\\\/the-town-anuncia-bruce-dickinson-capital-inicial-cpm22-e-um-show-que-unira-inocentes-e-supla\\\/\"]}]},{\"@type\":\"ImageObject\",\"inLanguage\":\"pt-BR\",\"@id\":\"https:\\\/\\\/transamerica93.com.br\\\/home\\\/the-town-anuncia-bruce-dickinson-capital-inicial-cpm22-e-um-show-que-unira-inocentes-e-supla\\\/#primaryimage\",\"url\":\"https:\\\/\\\/transamerica93.com.br\\\/home\\\/wp-content\\\/uploads\\\/2024\\\/12\\\/1-30.jpg\",\"contentUrl\":\"https:\\\/\\\/transamerica93.com.br\\\/home\\\/wp-content\\\/uploads\\\/2024\\\/12\\\/1-30.jpg\",\"width\":1202,\"height\":582,\"caption\":\"Foto: Leo Aversa \\\/ Divulga\u00e7\u00e3o \\\/ CP\"},{\"@type\":\"BreadcrumbList\",\"@id\":\"https:\\\/\\\/transamerica93.com.br\\\/home\\\/the-town-anuncia-bruce-dickinson-capital-inicial-cpm22-e-um-show-que-unira-inocentes-e-supla\\\/#breadcrumb\",\"itemListElement\":[{\"@type\":\"ListItem\",\"position\":1,\"name\":\"In\u00edcio\",\"item\":\"https:\\\/\\\/transamerica93.com.br\\\/home\\\/\"},{\"@type\":\"ListItem\",\"position\":2,\"name\":\"The Town anuncia Bruce Dickinson, Capital Inicial, CPM22 e um show que unir\u00e1 Inocentes e Supla\"}]},{\"@type\":\"WebSite\",\"@id\":\"https:\\\/\\\/transamerica93.com.br\\\/home\\\/#website\",\"url\":\"https:\\\/\\\/transamerica93.com.br\\\/home\\\/\",\"name\":\"Transam\u00e9rica Mococa 93,3\",\"description\":\"\",\"publisher\":{\"@id\":\"https:\\\/\\\/transamerica93.com.br\\\/home\\\/#organization\"},\"potentialAction\":[{\"@type\":\"SearchAction\",\"target\":{\"@type\":\"EntryPoint\",\"urlTemplate\":\"https:\\\/\\\/transamerica93.com.br\\\/home\\\/?s={search_term_string}\"},\"query-input\":{\"@type\":\"PropertyValueSpecification\",\"valueRequired\":true,\"valueName\":\"search_term_string\"}}],\"inLanguage\":\"pt-BR\"},{\"@type\":\"Organization\",\"@id\":\"https:\\\/\\\/transamerica93.com.br\\\/home\\\/#organization\",\"name\":\"Transam\u00e9rica Mococa 93,3\",\"url\":\"https:\\\/\\\/transamerica93.com.br\\\/home\\\/\",\"logo\":{\"@type\":\"ImageObject\",\"inLanguage\":\"pt-BR\",\"@id\":\"https:\\\/\\\/transamerica93.com.br\\\/home\\\/#\\\/schema\\\/logo\\\/image\\\/\",\"url\":\"https:\\\/\\\/transamerica93.com.br\\\/home\\\/wp-content\\\/uploads\\\/2023\\\/10\\\/logo2.png\",\"contentUrl\":\"https:\\\/\\\/transamerica93.com.br\\\/home\\\/wp-content\\\/uploads\\\/2023\\\/10\\\/logo2.png\",\"width\":800,\"height\":500,\"caption\":\"Transam\u00e9rica Mococa 93,3\"},\"image\":{\"@id\":\"https:\\\/\\\/transamerica93.com.br\\\/home\\\/#\\\/schema\\\/logo\\\/image\\\/\"},\"sameAs\":[\"https:\\\/\\\/www.facebook.com\\\/transamericamococa\",\"https:\\\/\\\/x.com\\\/transamerica933\",\"https:\\\/\\\/www.instagram.com\\\/transamericamococa\"]},{\"@type\":\"Person\",\"@id\":\"https:\\\/\\\/transamerica93.com.br\\\/home\\\/#\\\/schema\\\/person\\\/7fed7c99c0d4562efa8561bc0f543172\",\"name\":\"Reda\u00e7\u00e3o\",\"image\":{\"@type\":\"ImageObject\",\"inLanguage\":\"pt-BR\",\"@id\":\"https:\\\/\\\/secure.gravatar.com\\\/avatar\\\/1072c6b775fb02ef8506ce967551d95926669a6b7d2c2147b42eea4d7c68395e?s=96&d=mm&r=g\",\"url\":\"https:\\\/\\\/secure.gravatar.com\\\/avatar\\\/1072c6b775fb02ef8506ce967551d95926669a6b7d2c2147b42eea4d7c68395e?s=96&d=mm&r=g\",\"contentUrl\":\"https:\\\/\\\/secure.gravatar.com\\\/avatar\\\/1072c6b775fb02ef8506ce967551d95926669a6b7d2c2147b42eea4d7c68395e?s=96&d=mm&r=g\",\"caption\":\"Reda\u00e7\u00e3o\"},\"sameAs\":[\"https:\\\/\\\/transamerica93.com.br\\\/home\"],\"url\":\"https:\\\/\\\/transamerica93.com.br\\\/home\\\/author\\\/william\\\/\"}]}<\/script>\n<!-- \/ Yoast SEO plugin. -->","yoast_head_json":{"title":"The Town anuncia Bruce Dickinson, Capital Inicial, CPM22 e um show que unir\u00e1 Inocentes e Supla - Transam\u00e9rica Mococa 93,3","robots":{"index":"index","follow":"follow","max-snippet":"max-snippet:-1","max-image-preview":"max-image-preview:large","max-video-preview":"max-video-preview:-1"},"canonical":"https:\/\/transamerica93.com.br\/home\/the-town-anuncia-bruce-dickinson-capital-inicial-cpm22-e-um-show-que-unira-inocentes-e-supla\/","og_locale":"pt_BR","og_type":"article","og_title":"The Town anuncia Bruce Dickinson, Capital Inicial, CPM22 e um show que unir\u00e1 Inocentes e Supla - Transam\u00e9rica Mococa 93,3","og_description":"Por Danilo Casaletti O The Town anunciou os artistas que completam o line-up do Dia do Rock, no dia 7 de setembro. A segunda edi\u00e7\u00e3o do festival ocorrer\u00e1 nos dias 6, 7, 12, 13 e 14 de setembro de 2025, no Aut\u00f3dromo de Interlagos, em S\u00e3o Paulo. No Palco Skyline, considerado o principal do festival, &hellip;","og_url":"https:\/\/transamerica93.com.br\/home\/the-town-anuncia-bruce-dickinson-capital-inicial-cpm22-e-um-show-que-unira-inocentes-e-supla\/","og_site_name":"Transam\u00e9rica Mococa 93,3","article_publisher":"https:\/\/www.facebook.com\/transamericamococa","article_published_time":"2024-12-27T18:00:30+00:00","og_image":[{"width":1202,"height":582,"url":"https:\/\/transamerica93.com.br\/home\/wp-content\/uploads\/2024\/12\/1-30.jpg","type":"image\/jpeg"}],"author":"Reda\u00e7\u00e3o","twitter_card":"summary_large_image","twitter_creator":"@transamerica933","twitter_site":"@transamerica933","twitter_misc":{"Escrito por":"Reda\u00e7\u00e3o","Est. tempo de leitura":"2 minutos"},"schema":{"@context":"https:\/\/schema.org","@graph":[{"@type":"Article","@id":"https:\/\/transamerica93.com.br\/home\/the-town-anuncia-bruce-dickinson-capital-inicial-cpm22-e-um-show-que-unira-inocentes-e-supla\/#article","isPartOf":{"@id":"https:\/\/transamerica93.com.br\/home\/the-town-anuncia-bruce-dickinson-capital-inicial-cpm22-e-um-show-que-unira-inocentes-e-supla\/"},"author":{"name":"Reda\u00e7\u00e3o","@id":"https:\/\/transamerica93.com.br\/home\/#\/schema\/person\/7fed7c99c0d4562efa8561bc0f543172"},"headline":"The Town anuncia Bruce Dickinson, Capital Inicial, CPM22 e um show que unir\u00e1 Inocentes e Supla","datePublished":"2024-12-27T18:00:30+00:00","mainEntityOfPage":{"@id":"https:\/\/transamerica93.com.br\/home\/the-town-anuncia-bruce-dickinson-capital-inicial-cpm22-e-um-show-que-unira-inocentes-e-supla\/"},"wordCount":253,"publisher":{"@id":"https:\/\/transamerica93.com.br\/home\/#organization"},"image":{"@id":"https:\/\/transamerica93.com.br\/home\/the-town-anuncia-bruce-dickinson-capital-inicial-cpm22-e-um-show-que-unira-inocentes-e-supla\/#primaryimage"},"thumbnailUrl":"https:\/\/transamerica93.com.br\/home\/wp-content\/uploads\/2024\/12\/1-30.jpg","articleSection":["M\u00fasica"],"inLanguage":"pt-BR"},{"@type":"WebPage","@id":"https:\/\/transamerica93.com.br\/home\/the-town-anuncia-bruce-dickinson-capital-inicial-cpm22-e-um-show-que-unira-inocentes-e-supla\/","url":"https:\/\/transamerica93.com.br\/home\/the-town-anuncia-bruce-dickinson-capital-inicial-cpm22-e-um-show-que-unira-inocentes-e-supla\/","name":"The Town anuncia Bruce Dickinson, Capital Inicial, CPM22 e um show que unir\u00e1 Inocentes e Supla - Transam\u00e9rica Mococa 93,3","isPartOf":{"@id":"https:\/\/transamerica93.com.br\/home\/#website"},"primaryImageOfPage":{"@id":"https:\/\/transamerica93.com.br\/home\/the-town-anuncia-bruce-dickinson-capital-inicial-cpm22-e-um-show-que-unira-inocentes-e-supla\/#primaryimage"},"image":{"@id":"https:\/\/transamerica93.com.br\/home\/the-town-anuncia-bruce-dickinson-capital-inicial-cpm22-e-um-show-que-unira-inocentes-e-supla\/#primaryimage"},"thumbnailUrl":"https:\/\/transamerica93.com.br\/home\/wp-content\/uploads\/2024\/12\/1-30.jpg","datePublished":"2024-12-27T18:00:30+00:00","breadcrumb":{"@id":"https:\/\/transamerica93.com.br\/home\/the-town-anuncia-bruce-dickinson-capital-inicial-cpm22-e-um-show-que-unira-inocentes-e-supla\/#breadcrumb"},"inLanguage":"pt-BR","potentialAction":[{"@type":"ReadAction","target":["https:\/\/transamerica93.com.br\/home\/the-town-anuncia-bruce-dickinson-capital-inicial-cpm22-e-um-show-que-unira-inocentes-e-supla\/"]}]},{"@type":"ImageObject","inLanguage":"pt-BR","@id":"https:\/\/transamerica93.com.br\/home\/the-town-anuncia-bruce-dickinson-capital-inicial-cpm22-e-um-show-que-unira-inocentes-e-supla\/#primaryimage","url":"https:\/\/transamerica93.com.br\/home\/wp-content\/uploads\/2024\/12\/1-30.jpg","contentUrl":"https:\/\/transamerica93.com.br\/home\/wp-content\/uploads\/2024\/12\/1-30.jpg","width":1202,"height":582,"caption":"Foto: Leo Aversa \/ Divulga\u00e7\u00e3o \/ CP"},{"@type":"BreadcrumbList","@id":"https:\/\/transamerica93.com.br\/home\/the-town-anuncia-bruce-dickinson-capital-inicial-cpm22-e-um-show-que-unira-inocentes-e-supla\/#breadcrumb","itemListElement":[{"@type":"ListItem","position":1,"name":"In\u00edcio","item":"https:\/\/transamerica93.com.br\/home\/"},{"@type":"ListItem","position":2,"name":"The Town anuncia Bruce Dickinson, Capital Inicial, CPM22 e um show que unir\u00e1 Inocentes e Supla"}]},{"@type":"WebSite","@id":"https:\/\/transamerica93.com.br\/home\/#website","url":"https:\/\/transamerica93.com.br\/home\/","name":"Transam\u00e9rica Mococa 93,3","description":"","publisher":{"@id":"https:\/\/transamerica93.com.br\/home\/#organization"},"potentialAction":[{"@type":"SearchAction","target":{"@type":"EntryPoint","urlTemplate":"https:\/\/transamerica93.com.br\/home\/?s={search_term_string}"},"query-input":{"@type":"PropertyValueSpecification","valueRequired":true,"valueName":"search_term_string"}}],"inLanguage":"pt-BR"},{"@type":"Organization","@id":"https:\/\/transamerica93.com.br\/home\/#organization","name":"Transam\u00e9rica Mococa 93,3","url":"https:\/\/transamerica93.com.br\/home\/","logo":{"@type":"ImageObject","inLanguage":"pt-BR","@id":"https:\/\/transamerica93.com.br\/home\/#\/schema\/logo\/image\/","url":"https:\/\/transamerica93.com.br\/home\/wp-content\/uploads\/2023\/10\/logo2.png","contentUrl":"https:\/\/transamerica93.com.br\/home\/wp-content\/uploads\/2023\/10\/logo2.png","width":800,"height":500,"caption":"Transam\u00e9rica Mococa 93,3"},"image":{"@id":"https:\/\/transamerica93.com.br\/home\/#\/schema\/logo\/image\/"},"sameAs":["https:\/\/www.facebook.com\/transamericamococa","https:\/\/x.com\/transamerica933","https:\/\/www.instagram.com\/transamericamococa"]},{"@type":"Person","@id":"https:\/\/transamerica93.com.br\/home\/#\/schema\/person\/7fed7c99c0d4562efa8561bc0f543172","name":"Reda\u00e7\u00e3o","image":{"@type":"ImageObject","inLanguage":"pt-BR","@id":"https:\/\/secure.gravatar.com\/avatar\/1072c6b775fb02ef8506ce967551d95926669a6b7d2c2147b42eea4d7c68395e?s=96&d=mm&r=g","url":"https:\/\/secure.gravatar.com\/avatar\/1072c6b775fb02ef8506ce967551d95926669a6b7d2c2147b42eea4d7c68395e?s=96&d=mm&r=g","contentUrl":"https:\/\/secure.gravatar.com\/avatar\/1072c6b775fb02ef8506ce967551d95926669a6b7d2c2147b42eea4d7c68395e?s=96&d=mm&r=g","caption":"Reda\u00e7\u00e3o"},"sameAs":["https:\/\/transamerica93.com.br\/home"],"url":"https:\/\/transamerica93.com.br\/home\/author\/william\/"}]}},"_links":{"self":[{"href":"https:\/\/transamerica93.com.br\/home\/wp-json\/wp\/v2\/posts\/4448","targetHints":{"allow":["GET"]}}],"collection":[{"href":"https:\/\/transamerica93.com.br\/home\/wp-json\/wp\/v2\/posts"}],"about":[{"href":"https:\/\/transamerica93.com.br\/home\/wp-json\/wp\/v2\/types\/post"}],"author":[{"embeddable":true,"href":"https:\/\/transamerica93.com.br\/home\/wp-json\/wp\/v2\/users\/1"}],"replies":[{"embeddable":true,"href":"https:\/\/transamerica93.com.br\/home\/wp-json\/wp\/v2\/comments?post=4448"}],"version-history":[{"count":1,"href":"https:\/\/transamerica93.com.br\/home\/wp-json\/wp\/v2\/posts\/4448\/revisions"}],"predecessor-version":[{"id":4450,"href":"https:\/\/transamerica93.com.br\/home\/wp-json\/wp\/v2\/posts\/4448\/revisions\/4450"}],"wp:featuredmedia":[{"embeddable":true,"href":"https:\/\/transamerica93.com.br\/home\/wp-json\/wp\/v2\/media\/4449"}],"wp:attachment":[{"href":"https:\/\/transamerica93.com.br\/home\/wp-json\/wp\/v2\/media?parent=4448"}],"wp:term":[{"taxonomy":"category","embeddable":true,"href":"https:\/\/transamerica93.com.br\/home\/wp-json\/wp\/v2\/categories?post=4448"},{"taxonomy":"post_tag","embeddable":true,"href":"https:\/\/transamerica93.com.br\/home\/wp-json\/wp\/v2\/tags?post=4448"}],"curies":[{"name":"wp","href":"https:\/\/api.w.org\/{rel}","templated":true}]}}