{"id":4466,"date":"2024-12-23T18:00:11","date_gmt":"2024-12-23T21:00:11","guid":{"rendered":"https:\/\/transamerica93.com.br\/home\/?p=4466"},"modified":"2024-12-18T23:01:03","modified_gmt":"2024-12-19T02:01:03","slug":"angelina-jolie-diz-que-perdeu-voz-apos-morte-da-mae-fiquei-muito-emotiva","status":"publish","type":"post","link":"https:\/\/transamerica93.com.br\/home\/angelina-jolie-diz-que-perdeu-voz-apos-morte-da-mae-fiquei-muito-emotiva\/","title":{"rendered":"Angelina Jolie diz que perdeu voz ap\u00f3s morte da m\u00e3e: &#8216;Fiquei muito emotiva&#8217;"},"content":{"rendered":"<div id=\"Corpo\">\n<h6 class=\"Assina\">Por Reda\u00e7\u00e3o E+<\/h6>\n<p>Angelina Jolie revelou, em entrevista para a tamb\u00e9m atriz Cynthia Erivo, ter perdido a voz ap\u00f3s a morte de sua m\u00e3e. A conversa foi para o quadro Actors on Actors, da revista\u00a0<i>Variety<\/i>. &#8220;Encontrar a minha voz e deix\u00e1-la sair foi dif\u00edcil&#8221;, contou.<\/p>\n<p>Elas conversaram sobre seus pap\u00e9is mais recentes, j\u00e1 que Cynthia Erivo protagonizou o musical\u00a0<i>Wicked<\/i>, que estreou em novembro, e Angelina Jolie esteve em\u00a0<i>Maria<\/i>. A obra que pode premiar Jolie no Oscar pela segunda vez estreia nos cinemas brasileiros em janeiro de 2025.<\/p>\n<p>Ao ser perguntada sobre o processo de encontrar novamente sua voz para a personagem Maria Callas, Jolie disse: &#8220;Eu fiquei muito emotiva sobre isso. Eu realmente n\u00e3o sabia o quanto tinha perdido a voz. Talvez quando minha m\u00e3e morreu, talvez quando algu\u00e9m me machucou; o que quer que seja, essas coisas que fizeram [minha voz] \u2018se diminuir\u2019 e se fechar&#8221;.<\/p>\n<p>&#8220;Encontr\u00e1-la novamente e deix\u00e1-la sair foi muito emocionante, e \u00e9 um sentimento que eu desejo que todo mundo tenha. Desejo que todos possam saber como \u00e9 poder cantar a plenos pulm\u00f5es&#8221;, completou tamb\u00e9m. A personagem interpretada por Jolie \u00e9 a cantora de \u00f3pera Maria Callas, durante seus \u00faltimos anos de vida em Paris nos anos 1970.<\/p><\/div>\n","protected":false},"excerpt":{"rendered":"<p>Por Reda\u00e7\u00e3o E+ Angelina Jolie revelou, em entrevista para a tamb\u00e9m atriz Cynthia Erivo, ter perdido a voz ap\u00f3s a morte de sua m\u00e3e. A conversa foi para o quadro Actors on Actors, da revista\u00a0Variety. &#8220;Encontrar a minha voz e deix\u00e1-la sair foi dif\u00edcil&#8221;, contou. Elas conversaram sobre seus pap\u00e9is mais recentes, j\u00e1 que Cynthia &hellip;<\/p>\n","protected":false},"author":1,"featured_media":4467,"comment_status":"closed","ping_status":"closed","sticky":false,"template":"","format":"standard","meta":{"footnotes":""},"categories":[24],"tags":[],"class_list":["post-4466","post","type-post","status-publish","format-standard","has-post-thumbnail","hentry","category-entretenimento"],"yoast_head":"<!-- This site is optimized with the Yoast SEO plugin v27.4 - https:\/\/yoast.com\/product\/yoast-seo-wordpress\/ -->\n<title>Angelina Jolie diz que perdeu voz ap\u00f3s morte da m\u00e3e: &#039;Fiquei muito emotiva&#039; - Transam\u00e9rica Mococa 93,3<\/title>\n<meta name=\"robots\" content=\"index, follow, max-snippet:-1, max-image-preview:large, max-video-preview:-1\" \/>\n<link rel=\"canonical\" href=\"https:\/\/transamerica93.com.br\/home\/angelina-jolie-diz-que-perdeu-voz-apos-morte-da-mae-fiquei-muito-emotiva\/\" \/>\n<meta property=\"og:locale\" content=\"pt_BR\" \/>\n<meta property=\"og:type\" content=\"article\" \/>\n<meta property=\"og:title\" content=\"Angelina Jolie diz que perdeu voz ap\u00f3s morte da m\u00e3e: &#039;Fiquei muito emotiva&#039; - Transam\u00e9rica Mococa 93,3\" \/>\n<meta property=\"og:description\" content=\"Por Reda\u00e7\u00e3o E+ Angelina Jolie revelou, em entrevista para a tamb\u00e9m atriz Cynthia Erivo, ter perdido a voz ap\u00f3s a morte de sua m\u00e3e. A conversa foi para o quadro Actors on Actors, da revista\u00a0Variety. &#8220;Encontrar a minha voz e deix\u00e1-la sair foi dif\u00edcil&#8221;, contou. Elas conversaram sobre seus pap\u00e9is mais recentes, j\u00e1 que Cynthia &hellip;\" \/>\n<meta property=\"og:url\" content=\"https:\/\/transamerica93.com.br\/home\/angelina-jolie-diz-que-perdeu-voz-apos-morte-da-mae-fiquei-muito-emotiva\/\" \/>\n<meta property=\"og:site_name\" content=\"Transam\u00e9rica Mococa 93,3\" \/>\n<meta property=\"article:publisher\" content=\"https:\/\/www.facebook.com\/transamericamococa\" \/>\n<meta property=\"article:published_time\" content=\"2024-12-23T21:00:11+00:00\" \/>\n<meta property=\"og:image\" content=\"https:\/\/transamerica93.com.br\/home\/wp-content\/uploads\/2024\/12\/1-34.jpg\" \/>\n\t<meta property=\"og:image:width\" content=\"1023\" \/>\n\t<meta property=\"og:image:height\" content=\"660\" \/>\n\t<meta property=\"og:image:type\" content=\"image\/jpeg\" \/>\n<meta name=\"author\" content=\"Reda\u00e7\u00e3o\" \/>\n<meta name=\"twitter:card\" content=\"summary_large_image\" \/>\n<meta name=\"twitter:creator\" content=\"@transamerica933\" \/>\n<meta name=\"twitter:site\" content=\"@transamerica933\" \/>\n<meta name=\"twitter:label1\" content=\"Escrito por\" \/>\n\t<meta name=\"twitter:data1\" content=\"Reda\u00e7\u00e3o\" \/>\n\t<meta name=\"twitter:label2\" content=\"Est. tempo de leitura\" \/>\n\t<meta name=\"twitter:data2\" content=\"2 minutos\" \/>\n<script type=\"application\/ld+json\" class=\"yoast-schema-graph\">{\"@context\":\"https:\\\/\\\/schema.org\",\"@graph\":[{\"@type\":\"Article\",\"@id\":\"https:\\\/\\\/transamerica93.com.br\\\/home\\\/angelina-jolie-diz-que-perdeu-voz-apos-morte-da-mae-fiquei-muito-emotiva\\\/#article\",\"isPartOf\":{\"@id\":\"https:\\\/\\\/transamerica93.com.br\\\/home\\\/angelina-jolie-diz-que-perdeu-voz-apos-morte-da-mae-fiquei-muito-emotiva\\\/\"},\"author\":{\"name\":\"Reda\u00e7\u00e3o\",\"@id\":\"https:\\\/\\\/transamerica93.com.br\\\/home\\\/#\\\/schema\\\/person\\\/7fed7c99c0d4562efa8561bc0f543172\"},\"headline\":\"Angelina Jolie diz que perdeu voz ap\u00f3s morte da m\u00e3e: &#8216;Fiquei muito emotiva&#8217;\",\"datePublished\":\"2024-12-23T21:00:11+00:00\",\"mainEntityOfPage\":{\"@id\":\"https:\\\/\\\/transamerica93.com.br\\\/home\\\/angelina-jolie-diz-que-perdeu-voz-apos-morte-da-mae-fiquei-muito-emotiva\\\/\"},\"wordCount\":230,\"publisher\":{\"@id\":\"https:\\\/\\\/transamerica93.com.br\\\/home\\\/#organization\"},\"image\":{\"@id\":\"https:\\\/\\\/transamerica93.com.br\\\/home\\\/angelina-jolie-diz-que-perdeu-voz-apos-morte-da-mae-fiquei-muito-emotiva\\\/#primaryimage\"},\"thumbnailUrl\":\"https:\\\/\\\/transamerica93.com.br\\\/home\\\/wp-content\\\/uploads\\\/2024\\\/12\\\/1-34.jpg\",\"articleSection\":[\"Entretenimento\"],\"inLanguage\":\"pt-BR\"},{\"@type\":\"WebPage\",\"@id\":\"https:\\\/\\\/transamerica93.com.br\\\/home\\\/angelina-jolie-diz-que-perdeu-voz-apos-morte-da-mae-fiquei-muito-emotiva\\\/\",\"url\":\"https:\\\/\\\/transamerica93.com.br\\\/home\\\/angelina-jolie-diz-que-perdeu-voz-apos-morte-da-mae-fiquei-muito-emotiva\\\/\",\"name\":\"Angelina Jolie diz que perdeu voz ap\u00f3s morte da m\u00e3e: 'Fiquei muito emotiva' - Transam\u00e9rica Mococa 93,3\",\"isPartOf\":{\"@id\":\"https:\\\/\\\/transamerica93.com.br\\\/home\\\/#website\"},\"primaryImageOfPage\":{\"@id\":\"https:\\\/\\\/transamerica93.com.br\\\/home\\\/angelina-jolie-diz-que-perdeu-voz-apos-morte-da-mae-fiquei-muito-emotiva\\\/#primaryimage\"},\"image\":{\"@id\":\"https:\\\/\\\/transamerica93.com.br\\\/home\\\/angelina-jolie-diz-que-perdeu-voz-apos-morte-da-mae-fiquei-muito-emotiva\\\/#primaryimage\"},\"thumbnailUrl\":\"https:\\\/\\\/transamerica93.com.br\\\/home\\\/wp-content\\\/uploads\\\/2024\\\/12\\\/1-34.jpg\",\"datePublished\":\"2024-12-23T21:00:11+00:00\",\"breadcrumb\":{\"@id\":\"https:\\\/\\\/transamerica93.com.br\\\/home\\\/angelina-jolie-diz-que-perdeu-voz-apos-morte-da-mae-fiquei-muito-emotiva\\\/#breadcrumb\"},\"inLanguage\":\"pt-BR\",\"potentialAction\":[{\"@type\":\"ReadAction\",\"target\":[\"https:\\\/\\\/transamerica93.com.br\\\/home\\\/angelina-jolie-diz-que-perdeu-voz-apos-morte-da-mae-fiquei-muito-emotiva\\\/\"]}]},{\"@type\":\"ImageObject\",\"inLanguage\":\"pt-BR\",\"@id\":\"https:\\\/\\\/transamerica93.com.br\\\/home\\\/angelina-jolie-diz-que-perdeu-voz-apos-morte-da-mae-fiquei-muito-emotiva\\\/#primaryimage\",\"url\":\"https:\\\/\\\/transamerica93.com.br\\\/home\\\/wp-content\\\/uploads\\\/2024\\\/12\\\/1-34.jpg\",\"contentUrl\":\"https:\\\/\\\/transamerica93.com.br\\\/home\\\/wp-content\\\/uploads\\\/2024\\\/12\\\/1-34.jpg\",\"width\":1023,\"height\":660,\"caption\":\"YouTube\\\/Variety\"},{\"@type\":\"BreadcrumbList\",\"@id\":\"https:\\\/\\\/transamerica93.com.br\\\/home\\\/angelina-jolie-diz-que-perdeu-voz-apos-morte-da-mae-fiquei-muito-emotiva\\\/#breadcrumb\",\"itemListElement\":[{\"@type\":\"ListItem\",\"position\":1,\"name\":\"In\u00edcio\",\"item\":\"https:\\\/\\\/transamerica93.com.br\\\/home\\\/\"},{\"@type\":\"ListItem\",\"position\":2,\"name\":\"Angelina Jolie diz que perdeu voz ap\u00f3s morte da m\u00e3e: &#8216;Fiquei muito emotiva&#8217;\"}]},{\"@type\":\"WebSite\",\"@id\":\"https:\\\/\\\/transamerica93.com.br\\\/home\\\/#website\",\"url\":\"https:\\\/\\\/transamerica93.com.br\\\/home\\\/\",\"name\":\"Transam\u00e9rica Mococa 93,3\",\"description\":\"\",\"publisher\":{\"@id\":\"https:\\\/\\\/transamerica93.com.br\\\/home\\\/#organization\"},\"potentialAction\":[{\"@type\":\"SearchAction\",\"target\":{\"@type\":\"EntryPoint\",\"urlTemplate\":\"https:\\\/\\\/transamerica93.com.br\\\/home\\\/?s={search_term_string}\"},\"query-input\":{\"@type\":\"PropertyValueSpecification\",\"valueRequired\":true,\"valueName\":\"search_term_string\"}}],\"inLanguage\":\"pt-BR\"},{\"@type\":\"Organization\",\"@id\":\"https:\\\/\\\/transamerica93.com.br\\\/home\\\/#organization\",\"name\":\"Transam\u00e9rica Mococa 93,3\",\"url\":\"https:\\\/\\\/transamerica93.com.br\\\/home\\\/\",\"logo\":{\"@type\":\"ImageObject\",\"inLanguage\":\"pt-BR\",\"@id\":\"https:\\\/\\\/transamerica93.com.br\\\/home\\\/#\\\/schema\\\/logo\\\/image\\\/\",\"url\":\"https:\\\/\\\/transamerica93.com.br\\\/home\\\/wp-content\\\/uploads\\\/2023\\\/10\\\/logo2.png\",\"contentUrl\":\"https:\\\/\\\/transamerica93.com.br\\\/home\\\/wp-content\\\/uploads\\\/2023\\\/10\\\/logo2.png\",\"width\":800,\"height\":500,\"caption\":\"Transam\u00e9rica Mococa 93,3\"},\"image\":{\"@id\":\"https:\\\/\\\/transamerica93.com.br\\\/home\\\/#\\\/schema\\\/logo\\\/image\\\/\"},\"sameAs\":[\"https:\\\/\\\/www.facebook.com\\\/transamericamococa\",\"https:\\\/\\\/x.com\\\/transamerica933\",\"https:\\\/\\\/www.instagram.com\\\/transamericamococa\"]},{\"@type\":\"Person\",\"@id\":\"https:\\\/\\\/transamerica93.com.br\\\/home\\\/#\\\/schema\\\/person\\\/7fed7c99c0d4562efa8561bc0f543172\",\"name\":\"Reda\u00e7\u00e3o\",\"image\":{\"@type\":\"ImageObject\",\"inLanguage\":\"pt-BR\",\"@id\":\"https:\\\/\\\/secure.gravatar.com\\\/avatar\\\/1072c6b775fb02ef8506ce967551d95926669a6b7d2c2147b42eea4d7c68395e?s=96&d=mm&r=g\",\"url\":\"https:\\\/\\\/secure.gravatar.com\\\/avatar\\\/1072c6b775fb02ef8506ce967551d95926669a6b7d2c2147b42eea4d7c68395e?s=96&d=mm&r=g\",\"contentUrl\":\"https:\\\/\\\/secure.gravatar.com\\\/avatar\\\/1072c6b775fb02ef8506ce967551d95926669a6b7d2c2147b42eea4d7c68395e?s=96&d=mm&r=g\",\"caption\":\"Reda\u00e7\u00e3o\"},\"sameAs\":[\"https:\\\/\\\/transamerica93.com.br\\\/home\"],\"url\":\"https:\\\/\\\/transamerica93.com.br\\\/home\\\/author\\\/william\\\/\"}]}<\/script>\n<!-- \/ Yoast SEO plugin. -->","yoast_head_json":{"title":"Angelina Jolie diz que perdeu voz ap\u00f3s morte da m\u00e3e: 'Fiquei muito emotiva' - Transam\u00e9rica Mococa 93,3","robots":{"index":"index","follow":"follow","max-snippet":"max-snippet:-1","max-image-preview":"max-image-preview:large","max-video-preview":"max-video-preview:-1"},"canonical":"https:\/\/transamerica93.com.br\/home\/angelina-jolie-diz-que-perdeu-voz-apos-morte-da-mae-fiquei-muito-emotiva\/","og_locale":"pt_BR","og_type":"article","og_title":"Angelina Jolie diz que perdeu voz ap\u00f3s morte da m\u00e3e: 'Fiquei muito emotiva' - Transam\u00e9rica Mococa 93,3","og_description":"Por Reda\u00e7\u00e3o E+ Angelina Jolie revelou, em entrevista para a tamb\u00e9m atriz Cynthia Erivo, ter perdido a voz ap\u00f3s a morte de sua m\u00e3e. A conversa foi para o quadro Actors on Actors, da revista\u00a0Variety. &#8220;Encontrar a minha voz e deix\u00e1-la sair foi dif\u00edcil&#8221;, contou. Elas conversaram sobre seus pap\u00e9is mais recentes, j\u00e1 que Cynthia &hellip;","og_url":"https:\/\/transamerica93.com.br\/home\/angelina-jolie-diz-que-perdeu-voz-apos-morte-da-mae-fiquei-muito-emotiva\/","og_site_name":"Transam\u00e9rica Mococa 93,3","article_publisher":"https:\/\/www.facebook.com\/transamericamococa","article_published_time":"2024-12-23T21:00:11+00:00","og_image":[{"width":1023,"height":660,"url":"https:\/\/transamerica93.com.br\/home\/wp-content\/uploads\/2024\/12\/1-34.jpg","type":"image\/jpeg"}],"author":"Reda\u00e7\u00e3o","twitter_card":"summary_large_image","twitter_creator":"@transamerica933","twitter_site":"@transamerica933","twitter_misc":{"Escrito por":"Reda\u00e7\u00e3o","Est. tempo de leitura":"2 minutos"},"schema":{"@context":"https:\/\/schema.org","@graph":[{"@type":"Article","@id":"https:\/\/transamerica93.com.br\/home\/angelina-jolie-diz-que-perdeu-voz-apos-morte-da-mae-fiquei-muito-emotiva\/#article","isPartOf":{"@id":"https:\/\/transamerica93.com.br\/home\/angelina-jolie-diz-que-perdeu-voz-apos-morte-da-mae-fiquei-muito-emotiva\/"},"author":{"name":"Reda\u00e7\u00e3o","@id":"https:\/\/transamerica93.com.br\/home\/#\/schema\/person\/7fed7c99c0d4562efa8561bc0f543172"},"headline":"Angelina Jolie diz que perdeu voz ap\u00f3s morte da m\u00e3e: &#8216;Fiquei muito emotiva&#8217;","datePublished":"2024-12-23T21:00:11+00:00","mainEntityOfPage":{"@id":"https:\/\/transamerica93.com.br\/home\/angelina-jolie-diz-que-perdeu-voz-apos-morte-da-mae-fiquei-muito-emotiva\/"},"wordCount":230,"publisher":{"@id":"https:\/\/transamerica93.com.br\/home\/#organization"},"image":{"@id":"https:\/\/transamerica93.com.br\/home\/angelina-jolie-diz-que-perdeu-voz-apos-morte-da-mae-fiquei-muito-emotiva\/#primaryimage"},"thumbnailUrl":"https:\/\/transamerica93.com.br\/home\/wp-content\/uploads\/2024\/12\/1-34.jpg","articleSection":["Entretenimento"],"inLanguage":"pt-BR"},{"@type":"WebPage","@id":"https:\/\/transamerica93.com.br\/home\/angelina-jolie-diz-que-perdeu-voz-apos-morte-da-mae-fiquei-muito-emotiva\/","url":"https:\/\/transamerica93.com.br\/home\/angelina-jolie-diz-que-perdeu-voz-apos-morte-da-mae-fiquei-muito-emotiva\/","name":"Angelina Jolie diz que perdeu voz ap\u00f3s morte da m\u00e3e: 'Fiquei muito emotiva' - Transam\u00e9rica Mococa 93,3","isPartOf":{"@id":"https:\/\/transamerica93.com.br\/home\/#website"},"primaryImageOfPage":{"@id":"https:\/\/transamerica93.com.br\/home\/angelina-jolie-diz-que-perdeu-voz-apos-morte-da-mae-fiquei-muito-emotiva\/#primaryimage"},"image":{"@id":"https:\/\/transamerica93.com.br\/home\/angelina-jolie-diz-que-perdeu-voz-apos-morte-da-mae-fiquei-muito-emotiva\/#primaryimage"},"thumbnailUrl":"https:\/\/transamerica93.com.br\/home\/wp-content\/uploads\/2024\/12\/1-34.jpg","datePublished":"2024-12-23T21:00:11+00:00","breadcrumb":{"@id":"https:\/\/transamerica93.com.br\/home\/angelina-jolie-diz-que-perdeu-voz-apos-morte-da-mae-fiquei-muito-emotiva\/#breadcrumb"},"inLanguage":"pt-BR","potentialAction":[{"@type":"ReadAction","target":["https:\/\/transamerica93.com.br\/home\/angelina-jolie-diz-que-perdeu-voz-apos-morte-da-mae-fiquei-muito-emotiva\/"]}]},{"@type":"ImageObject","inLanguage":"pt-BR","@id":"https:\/\/transamerica93.com.br\/home\/angelina-jolie-diz-que-perdeu-voz-apos-morte-da-mae-fiquei-muito-emotiva\/#primaryimage","url":"https:\/\/transamerica93.com.br\/home\/wp-content\/uploads\/2024\/12\/1-34.jpg","contentUrl":"https:\/\/transamerica93.com.br\/home\/wp-content\/uploads\/2024\/12\/1-34.jpg","width":1023,"height":660,"caption":"YouTube\/Variety"},{"@type":"BreadcrumbList","@id":"https:\/\/transamerica93.com.br\/home\/angelina-jolie-diz-que-perdeu-voz-apos-morte-da-mae-fiquei-muito-emotiva\/#breadcrumb","itemListElement":[{"@type":"ListItem","position":1,"name":"In\u00edcio","item":"https:\/\/transamerica93.com.br\/home\/"},{"@type":"ListItem","position":2,"name":"Angelina Jolie diz que perdeu voz ap\u00f3s morte da m\u00e3e: &#8216;Fiquei muito emotiva&#8217;"}]},{"@type":"WebSite","@id":"https:\/\/transamerica93.com.br\/home\/#website","url":"https:\/\/transamerica93.com.br\/home\/","name":"Transam\u00e9rica Mococa 93,3","description":"","publisher":{"@id":"https:\/\/transamerica93.com.br\/home\/#organization"},"potentialAction":[{"@type":"SearchAction","target":{"@type":"EntryPoint","urlTemplate":"https:\/\/transamerica93.com.br\/home\/?s={search_term_string}"},"query-input":{"@type":"PropertyValueSpecification","valueRequired":true,"valueName":"search_term_string"}}],"inLanguage":"pt-BR"},{"@type":"Organization","@id":"https:\/\/transamerica93.com.br\/home\/#organization","name":"Transam\u00e9rica Mococa 93,3","url":"https:\/\/transamerica93.com.br\/home\/","logo":{"@type":"ImageObject","inLanguage":"pt-BR","@id":"https:\/\/transamerica93.com.br\/home\/#\/schema\/logo\/image\/","url":"https:\/\/transamerica93.com.br\/home\/wp-content\/uploads\/2023\/10\/logo2.png","contentUrl":"https:\/\/transamerica93.com.br\/home\/wp-content\/uploads\/2023\/10\/logo2.png","width":800,"height":500,"caption":"Transam\u00e9rica Mococa 93,3"},"image":{"@id":"https:\/\/transamerica93.com.br\/home\/#\/schema\/logo\/image\/"},"sameAs":["https:\/\/www.facebook.com\/transamericamococa","https:\/\/x.com\/transamerica933","https:\/\/www.instagram.com\/transamericamococa"]},{"@type":"Person","@id":"https:\/\/transamerica93.com.br\/home\/#\/schema\/person\/7fed7c99c0d4562efa8561bc0f543172","name":"Reda\u00e7\u00e3o","image":{"@type":"ImageObject","inLanguage":"pt-BR","@id":"https:\/\/secure.gravatar.com\/avatar\/1072c6b775fb02ef8506ce967551d95926669a6b7d2c2147b42eea4d7c68395e?s=96&d=mm&r=g","url":"https:\/\/secure.gravatar.com\/avatar\/1072c6b775fb02ef8506ce967551d95926669a6b7d2c2147b42eea4d7c68395e?s=96&d=mm&r=g","contentUrl":"https:\/\/secure.gravatar.com\/avatar\/1072c6b775fb02ef8506ce967551d95926669a6b7d2c2147b42eea4d7c68395e?s=96&d=mm&r=g","caption":"Reda\u00e7\u00e3o"},"sameAs":["https:\/\/transamerica93.com.br\/home"],"url":"https:\/\/transamerica93.com.br\/home\/author\/william\/"}]}},"_links":{"self":[{"href":"https:\/\/transamerica93.com.br\/home\/wp-json\/wp\/v2\/posts\/4466","targetHints":{"allow":["GET"]}}],"collection":[{"href":"https:\/\/transamerica93.com.br\/home\/wp-json\/wp\/v2\/posts"}],"about":[{"href":"https:\/\/transamerica93.com.br\/home\/wp-json\/wp\/v2\/types\/post"}],"author":[{"embeddable":true,"href":"https:\/\/transamerica93.com.br\/home\/wp-json\/wp\/v2\/users\/1"}],"replies":[{"embeddable":true,"href":"https:\/\/transamerica93.com.br\/home\/wp-json\/wp\/v2\/comments?post=4466"}],"version-history":[{"count":1,"href":"https:\/\/transamerica93.com.br\/home\/wp-json\/wp\/v2\/posts\/4466\/revisions"}],"predecessor-version":[{"id":4468,"href":"https:\/\/transamerica93.com.br\/home\/wp-json\/wp\/v2\/posts\/4466\/revisions\/4468"}],"wp:featuredmedia":[{"embeddable":true,"href":"https:\/\/transamerica93.com.br\/home\/wp-json\/wp\/v2\/media\/4467"}],"wp:attachment":[{"href":"https:\/\/transamerica93.com.br\/home\/wp-json\/wp\/v2\/media?parent=4466"}],"wp:term":[{"taxonomy":"category","embeddable":true,"href":"https:\/\/transamerica93.com.br\/home\/wp-json\/wp\/v2\/categories?post=4466"},{"taxonomy":"post_tag","embeddable":true,"href":"https:\/\/transamerica93.com.br\/home\/wp-json\/wp\/v2\/tags?post=4466"}],"curies":[{"name":"wp","href":"https:\/\/api.w.org\/{rel}","templated":true}]}}