{"id":4470,"date":"2024-12-24T18:00:53","date_gmt":"2024-12-24T21:00:53","guid":{"rendered":"https:\/\/transamerica93.com.br\/home\/?p=4470"},"modified":"2024-12-18T23:03:23","modified_gmt":"2024-12-19T02:03:23","slug":"big-brother-retorna-as-telas-em-13-de-janeiro-e-celebra-os-60-anos-da-globo","status":"publish","type":"post","link":"https:\/\/transamerica93.com.br\/home\/big-brother-retorna-as-telas-em-13-de-janeiro-e-celebra-os-60-anos-da-globo\/","title":{"rendered":"&#8216;Big Brother&#8217; retorna \u00e0s telas em 13 de janeiro e celebra os 60 anos da Globo"},"content":{"rendered":"<h6 class=\"Assina\">Por Leonardo Neto e Maria Fernanda Viana<\/h6>\n<p>O\u00a0<i>Big Brother Brasil<\/i>, um dos programas de maior audi\u00eancia da TV Globo, prepara-se para sua 25.\u00aa edi\u00e7\u00e3o com uma mistura de elementos j\u00e1 familiares e novidades. Os participantes entrar\u00e3o na casa mais vigiada do Brasil no dia 13 de janeiro e o reality show durar\u00e1 100 dias.<\/p>\n<p>Essa ser\u00e1 a primeira edi\u00e7\u00e3o sem a participa\u00e7\u00e3o de Boninho, que sair\u00e1 da Globo no final do ano.<\/p>\n<p>Foi ele o respons\u00e1vel por trazer o formato para o Brasil; agora, a dire\u00e7\u00e3o de g\u00eanero ser\u00e1 de Rodrigo Dourado.<\/p>\n<p>A f\u00f3rmula do\u00a0<i>BBB<\/i>, que mistura confinamento, provas de resist\u00eancia, forma\u00e7\u00e3o de alian\u00e7as e vota\u00e7\u00e3o do p\u00fablico, continua sendo a base do programa.<\/p>\n<p>No entanto, a produ\u00e7\u00e3o promete inova\u00e7\u00f5es para manter o formato fresco e surpreendente, a come\u00e7ar pela disputa, que na pr\u00f3xima edi\u00e7\u00e3o ser\u00e1 em duplas de pessoas que j\u00e1 se conheciam antes do confinamento.<\/p>\n<p>A configura\u00e7\u00e3o in\u00e9dita vai colocar \u00e0 prova rela\u00e7\u00f5es constru\u00eddas antes do in\u00edcio do reality show.<\/p>\n<p>A emissora promete pais e filhos, av\u00f3s e netos, sogras e genros, irm\u00e3os, amigos, primos, casais, etc.<\/p>\n<p>Os participantes entrar\u00e3o na casa com algu\u00e9m que \u00e9 importante para a sua vida fora da casa.<\/p>\n<p><b>Eliminados<\/b><\/p>\n<p>Gil do Vigor, ex-participante do\u00a0<i>BBB 21<\/i>, ser\u00e1 respons\u00e1vel por comandar um bate-papo com os eliminados.<\/p>\n<p>A ex-BBB Beatriz Reis e o apresentador Thiago Oliveira ser\u00e3o os respons\u00e1veis pelos flashes durante a programa\u00e7\u00e3o da emissora.<\/p>\n<p>A edi\u00e7\u00e3o tamb\u00e9m celebrar\u00e1 os 60 anos da Rede Globo.<\/p>\n<p>A casa ser\u00e1 inspirada nas hist\u00f3rias que j\u00e1 passaram pela grade da emissora.<\/p>\n<p>As informa\u00e7\u00f5es s\u00e3o do jornal\u00a0<b>O Estado de S. Paulo.<\/b><\/p>\n","protected":false},"excerpt":{"rendered":"<p>Por Leonardo Neto e Maria Fernanda Viana O\u00a0Big Brother Brasil, um dos programas de maior audi\u00eancia da TV Globo, prepara-se para sua 25.\u00aa edi\u00e7\u00e3o com uma mistura de elementos j\u00e1 familiares e novidades. Os participantes entrar\u00e3o na casa mais vigiada do Brasil no dia 13 de janeiro e o reality show durar\u00e1 100 dias. Essa &hellip;<\/p>\n","protected":false},"author":1,"featured_media":4471,"comment_status":"closed","ping_status":"closed","sticky":false,"template":"","format":"standard","meta":{"footnotes":""},"categories":[24],"tags":[],"class_list":["post-4470","post","type-post","status-publish","format-standard","has-post-thumbnail","hentry","category-entretenimento"],"yoast_head":"<!-- This site is optimized with the Yoast SEO plugin v27.4 - https:\/\/yoast.com\/product\/yoast-seo-wordpress\/ -->\n<title>&#039;Big Brother&#039; retorna \u00e0s telas em 13 de janeiro e celebra os 60 anos da Globo - Transam\u00e9rica Mococa 93,3<\/title>\n<meta name=\"robots\" content=\"index, follow, max-snippet:-1, max-image-preview:large, max-video-preview:-1\" \/>\n<link rel=\"canonical\" href=\"https:\/\/transamerica93.com.br\/home\/big-brother-retorna-as-telas-em-13-de-janeiro-e-celebra-os-60-anos-da-globo\/\" \/>\n<meta property=\"og:locale\" content=\"pt_BR\" \/>\n<meta property=\"og:type\" content=\"article\" \/>\n<meta property=\"og:title\" content=\"&#039;Big Brother&#039; retorna \u00e0s telas em 13 de janeiro e celebra os 60 anos da Globo - Transam\u00e9rica Mococa 93,3\" \/>\n<meta property=\"og:description\" content=\"Por Leonardo Neto e Maria Fernanda Viana O\u00a0Big Brother Brasil, um dos programas de maior audi\u00eancia da TV Globo, prepara-se para sua 25.\u00aa edi\u00e7\u00e3o com uma mistura de elementos j\u00e1 familiares e novidades. Os participantes entrar\u00e3o na casa mais vigiada do Brasil no dia 13 de janeiro e o reality show durar\u00e1 100 dias. Essa &hellip;\" \/>\n<meta property=\"og:url\" content=\"https:\/\/transamerica93.com.br\/home\/big-brother-retorna-as-telas-em-13-de-janeiro-e-celebra-os-60-anos-da-globo\/\" \/>\n<meta property=\"og:site_name\" content=\"Transam\u00e9rica Mococa 93,3\" \/>\n<meta property=\"article:publisher\" content=\"https:\/\/www.facebook.com\/transamericamococa\" \/>\n<meta property=\"article:published_time\" content=\"2024-12-24T21:00:53+00:00\" \/>\n<meta property=\"og:image\" content=\"https:\/\/transamerica93.com.br\/home\/wp-content\/uploads\/2024\/12\/1-35.jpg\" \/>\n\t<meta property=\"og:image:width\" content=\"1023\" \/>\n\t<meta property=\"og:image:height\" content=\"660\" \/>\n\t<meta property=\"og:image:type\" content=\"image\/jpeg\" \/>\n<meta name=\"author\" content=\"Reda\u00e7\u00e3o\" \/>\n<meta name=\"twitter:card\" content=\"summary_large_image\" \/>\n<meta name=\"twitter:creator\" content=\"@transamerica933\" \/>\n<meta name=\"twitter:site\" content=\"@transamerica933\" \/>\n<meta name=\"twitter:label1\" content=\"Escrito por\" \/>\n\t<meta name=\"twitter:data1\" content=\"Reda\u00e7\u00e3o\" \/>\n\t<meta name=\"twitter:label2\" content=\"Est. tempo de leitura\" \/>\n\t<meta name=\"twitter:data2\" content=\"2 minutos\" \/>\n<script type=\"application\/ld+json\" class=\"yoast-schema-graph\">{\"@context\":\"https:\\\/\\\/schema.org\",\"@graph\":[{\"@type\":\"Article\",\"@id\":\"https:\\\/\\\/transamerica93.com.br\\\/home\\\/big-brother-retorna-as-telas-em-13-de-janeiro-e-celebra-os-60-anos-da-globo\\\/#article\",\"isPartOf\":{\"@id\":\"https:\\\/\\\/transamerica93.com.br\\\/home\\\/big-brother-retorna-as-telas-em-13-de-janeiro-e-celebra-os-60-anos-da-globo\\\/\"},\"author\":{\"name\":\"Reda\u00e7\u00e3o\",\"@id\":\"https:\\\/\\\/transamerica93.com.br\\\/home\\\/#\\\/schema\\\/person\\\/7fed7c99c0d4562efa8561bc0f543172\"},\"headline\":\"&#8216;Big Brother&#8217; retorna \u00e0s telas em 13 de janeiro e celebra os 60 anos da Globo\",\"datePublished\":\"2024-12-24T21:00:53+00:00\",\"mainEntityOfPage\":{\"@id\":\"https:\\\/\\\/transamerica93.com.br\\\/home\\\/big-brother-retorna-as-telas-em-13-de-janeiro-e-celebra-os-60-anos-da-globo\\\/\"},\"wordCount\":311,\"publisher\":{\"@id\":\"https:\\\/\\\/transamerica93.com.br\\\/home\\\/#organization\"},\"image\":{\"@id\":\"https:\\\/\\\/transamerica93.com.br\\\/home\\\/big-brother-retorna-as-telas-em-13-de-janeiro-e-celebra-os-60-anos-da-globo\\\/#primaryimage\"},\"thumbnailUrl\":\"https:\\\/\\\/transamerica93.com.br\\\/home\\\/wp-content\\\/uploads\\\/2024\\\/12\\\/1-35.jpg\",\"articleSection\":[\"Entretenimento\"],\"inLanguage\":\"pt-BR\"},{\"@type\":\"WebPage\",\"@id\":\"https:\\\/\\\/transamerica93.com.br\\\/home\\\/big-brother-retorna-as-telas-em-13-de-janeiro-e-celebra-os-60-anos-da-globo\\\/\",\"url\":\"https:\\\/\\\/transamerica93.com.br\\\/home\\\/big-brother-retorna-as-telas-em-13-de-janeiro-e-celebra-os-60-anos-da-globo\\\/\",\"name\":\"'Big Brother' retorna \u00e0s telas em 13 de janeiro e celebra os 60 anos da Globo - Transam\u00e9rica Mococa 93,3\",\"isPartOf\":{\"@id\":\"https:\\\/\\\/transamerica93.com.br\\\/home\\\/#website\"},\"primaryImageOfPage\":{\"@id\":\"https:\\\/\\\/transamerica93.com.br\\\/home\\\/big-brother-retorna-as-telas-em-13-de-janeiro-e-celebra-os-60-anos-da-globo\\\/#primaryimage\"},\"image\":{\"@id\":\"https:\\\/\\\/transamerica93.com.br\\\/home\\\/big-brother-retorna-as-telas-em-13-de-janeiro-e-celebra-os-60-anos-da-globo\\\/#primaryimage\"},\"thumbnailUrl\":\"https:\\\/\\\/transamerica93.com.br\\\/home\\\/wp-content\\\/uploads\\\/2024\\\/12\\\/1-35.jpg\",\"datePublished\":\"2024-12-24T21:00:53+00:00\",\"breadcrumb\":{\"@id\":\"https:\\\/\\\/transamerica93.com.br\\\/home\\\/big-brother-retorna-as-telas-em-13-de-janeiro-e-celebra-os-60-anos-da-globo\\\/#breadcrumb\"},\"inLanguage\":\"pt-BR\",\"potentialAction\":[{\"@type\":\"ReadAction\",\"target\":[\"https:\\\/\\\/transamerica93.com.br\\\/home\\\/big-brother-retorna-as-telas-em-13-de-janeiro-e-celebra-os-60-anos-da-globo\\\/\"]}]},{\"@type\":\"ImageObject\",\"inLanguage\":\"pt-BR\",\"@id\":\"https:\\\/\\\/transamerica93.com.br\\\/home\\\/big-brother-retorna-as-telas-em-13-de-janeiro-e-celebra-os-60-anos-da-globo\\\/#primaryimage\",\"url\":\"https:\\\/\\\/transamerica93.com.br\\\/home\\\/wp-content\\\/uploads\\\/2024\\\/12\\\/1-35.jpg\",\"contentUrl\":\"https:\\\/\\\/transamerica93.com.br\\\/home\\\/wp-content\\\/uploads\\\/2024\\\/12\\\/1-35.jpg\",\"width\":1023,\"height\":660,\"caption\":\"Foto: Manoella Mello\\\/TV Globo\"},{\"@type\":\"BreadcrumbList\",\"@id\":\"https:\\\/\\\/transamerica93.com.br\\\/home\\\/big-brother-retorna-as-telas-em-13-de-janeiro-e-celebra-os-60-anos-da-globo\\\/#breadcrumb\",\"itemListElement\":[{\"@type\":\"ListItem\",\"position\":1,\"name\":\"In\u00edcio\",\"item\":\"https:\\\/\\\/transamerica93.com.br\\\/home\\\/\"},{\"@type\":\"ListItem\",\"position\":2,\"name\":\"&#8216;Big Brother&#8217; retorna \u00e0s telas em 13 de janeiro e celebra os 60 anos da Globo\"}]},{\"@type\":\"WebSite\",\"@id\":\"https:\\\/\\\/transamerica93.com.br\\\/home\\\/#website\",\"url\":\"https:\\\/\\\/transamerica93.com.br\\\/home\\\/\",\"name\":\"Transam\u00e9rica Mococa 93,3\",\"description\":\"\",\"publisher\":{\"@id\":\"https:\\\/\\\/transamerica93.com.br\\\/home\\\/#organization\"},\"potentialAction\":[{\"@type\":\"SearchAction\",\"target\":{\"@type\":\"EntryPoint\",\"urlTemplate\":\"https:\\\/\\\/transamerica93.com.br\\\/home\\\/?s={search_term_string}\"},\"query-input\":{\"@type\":\"PropertyValueSpecification\",\"valueRequired\":true,\"valueName\":\"search_term_string\"}}],\"inLanguage\":\"pt-BR\"},{\"@type\":\"Organization\",\"@id\":\"https:\\\/\\\/transamerica93.com.br\\\/home\\\/#organization\",\"name\":\"Transam\u00e9rica Mococa 93,3\",\"url\":\"https:\\\/\\\/transamerica93.com.br\\\/home\\\/\",\"logo\":{\"@type\":\"ImageObject\",\"inLanguage\":\"pt-BR\",\"@id\":\"https:\\\/\\\/transamerica93.com.br\\\/home\\\/#\\\/schema\\\/logo\\\/image\\\/\",\"url\":\"https:\\\/\\\/transamerica93.com.br\\\/home\\\/wp-content\\\/uploads\\\/2023\\\/10\\\/logo2.png\",\"contentUrl\":\"https:\\\/\\\/transamerica93.com.br\\\/home\\\/wp-content\\\/uploads\\\/2023\\\/10\\\/logo2.png\",\"width\":800,\"height\":500,\"caption\":\"Transam\u00e9rica Mococa 93,3\"},\"image\":{\"@id\":\"https:\\\/\\\/transamerica93.com.br\\\/home\\\/#\\\/schema\\\/logo\\\/image\\\/\"},\"sameAs\":[\"https:\\\/\\\/www.facebook.com\\\/transamericamococa\",\"https:\\\/\\\/x.com\\\/transamerica933\",\"https:\\\/\\\/www.instagram.com\\\/transamericamococa\"]},{\"@type\":\"Person\",\"@id\":\"https:\\\/\\\/transamerica93.com.br\\\/home\\\/#\\\/schema\\\/person\\\/7fed7c99c0d4562efa8561bc0f543172\",\"name\":\"Reda\u00e7\u00e3o\",\"image\":{\"@type\":\"ImageObject\",\"inLanguage\":\"pt-BR\",\"@id\":\"https:\\\/\\\/secure.gravatar.com\\\/avatar\\\/1072c6b775fb02ef8506ce967551d95926669a6b7d2c2147b42eea4d7c68395e?s=96&d=mm&r=g\",\"url\":\"https:\\\/\\\/secure.gravatar.com\\\/avatar\\\/1072c6b775fb02ef8506ce967551d95926669a6b7d2c2147b42eea4d7c68395e?s=96&d=mm&r=g\",\"contentUrl\":\"https:\\\/\\\/secure.gravatar.com\\\/avatar\\\/1072c6b775fb02ef8506ce967551d95926669a6b7d2c2147b42eea4d7c68395e?s=96&d=mm&r=g\",\"caption\":\"Reda\u00e7\u00e3o\"},\"sameAs\":[\"https:\\\/\\\/transamerica93.com.br\\\/home\"],\"url\":\"https:\\\/\\\/transamerica93.com.br\\\/home\\\/author\\\/william\\\/\"}]}<\/script>\n<!-- \/ Yoast SEO plugin. -->","yoast_head_json":{"title":"'Big Brother' retorna \u00e0s telas em 13 de janeiro e celebra os 60 anos da Globo - Transam\u00e9rica Mococa 93,3","robots":{"index":"index","follow":"follow","max-snippet":"max-snippet:-1","max-image-preview":"max-image-preview:large","max-video-preview":"max-video-preview:-1"},"canonical":"https:\/\/transamerica93.com.br\/home\/big-brother-retorna-as-telas-em-13-de-janeiro-e-celebra-os-60-anos-da-globo\/","og_locale":"pt_BR","og_type":"article","og_title":"'Big Brother' retorna \u00e0s telas em 13 de janeiro e celebra os 60 anos da Globo - Transam\u00e9rica Mococa 93,3","og_description":"Por Leonardo Neto e Maria Fernanda Viana O\u00a0Big Brother Brasil, um dos programas de maior audi\u00eancia da TV Globo, prepara-se para sua 25.\u00aa edi\u00e7\u00e3o com uma mistura de elementos j\u00e1 familiares e novidades. Os participantes entrar\u00e3o na casa mais vigiada do Brasil no dia 13 de janeiro e o reality show durar\u00e1 100 dias. Essa &hellip;","og_url":"https:\/\/transamerica93.com.br\/home\/big-brother-retorna-as-telas-em-13-de-janeiro-e-celebra-os-60-anos-da-globo\/","og_site_name":"Transam\u00e9rica Mococa 93,3","article_publisher":"https:\/\/www.facebook.com\/transamericamococa","article_published_time":"2024-12-24T21:00:53+00:00","og_image":[{"width":1023,"height":660,"url":"https:\/\/transamerica93.com.br\/home\/wp-content\/uploads\/2024\/12\/1-35.jpg","type":"image\/jpeg"}],"author":"Reda\u00e7\u00e3o","twitter_card":"summary_large_image","twitter_creator":"@transamerica933","twitter_site":"@transamerica933","twitter_misc":{"Escrito por":"Reda\u00e7\u00e3o","Est. tempo de leitura":"2 minutos"},"schema":{"@context":"https:\/\/schema.org","@graph":[{"@type":"Article","@id":"https:\/\/transamerica93.com.br\/home\/big-brother-retorna-as-telas-em-13-de-janeiro-e-celebra-os-60-anos-da-globo\/#article","isPartOf":{"@id":"https:\/\/transamerica93.com.br\/home\/big-brother-retorna-as-telas-em-13-de-janeiro-e-celebra-os-60-anos-da-globo\/"},"author":{"name":"Reda\u00e7\u00e3o","@id":"https:\/\/transamerica93.com.br\/home\/#\/schema\/person\/7fed7c99c0d4562efa8561bc0f543172"},"headline":"&#8216;Big Brother&#8217; retorna \u00e0s telas em 13 de janeiro e celebra os 60 anos da Globo","datePublished":"2024-12-24T21:00:53+00:00","mainEntityOfPage":{"@id":"https:\/\/transamerica93.com.br\/home\/big-brother-retorna-as-telas-em-13-de-janeiro-e-celebra-os-60-anos-da-globo\/"},"wordCount":311,"publisher":{"@id":"https:\/\/transamerica93.com.br\/home\/#organization"},"image":{"@id":"https:\/\/transamerica93.com.br\/home\/big-brother-retorna-as-telas-em-13-de-janeiro-e-celebra-os-60-anos-da-globo\/#primaryimage"},"thumbnailUrl":"https:\/\/transamerica93.com.br\/home\/wp-content\/uploads\/2024\/12\/1-35.jpg","articleSection":["Entretenimento"],"inLanguage":"pt-BR"},{"@type":"WebPage","@id":"https:\/\/transamerica93.com.br\/home\/big-brother-retorna-as-telas-em-13-de-janeiro-e-celebra-os-60-anos-da-globo\/","url":"https:\/\/transamerica93.com.br\/home\/big-brother-retorna-as-telas-em-13-de-janeiro-e-celebra-os-60-anos-da-globo\/","name":"'Big Brother' retorna \u00e0s telas em 13 de janeiro e celebra os 60 anos da Globo - Transam\u00e9rica Mococa 93,3","isPartOf":{"@id":"https:\/\/transamerica93.com.br\/home\/#website"},"primaryImageOfPage":{"@id":"https:\/\/transamerica93.com.br\/home\/big-brother-retorna-as-telas-em-13-de-janeiro-e-celebra-os-60-anos-da-globo\/#primaryimage"},"image":{"@id":"https:\/\/transamerica93.com.br\/home\/big-brother-retorna-as-telas-em-13-de-janeiro-e-celebra-os-60-anos-da-globo\/#primaryimage"},"thumbnailUrl":"https:\/\/transamerica93.com.br\/home\/wp-content\/uploads\/2024\/12\/1-35.jpg","datePublished":"2024-12-24T21:00:53+00:00","breadcrumb":{"@id":"https:\/\/transamerica93.com.br\/home\/big-brother-retorna-as-telas-em-13-de-janeiro-e-celebra-os-60-anos-da-globo\/#breadcrumb"},"inLanguage":"pt-BR","potentialAction":[{"@type":"ReadAction","target":["https:\/\/transamerica93.com.br\/home\/big-brother-retorna-as-telas-em-13-de-janeiro-e-celebra-os-60-anos-da-globo\/"]}]},{"@type":"ImageObject","inLanguage":"pt-BR","@id":"https:\/\/transamerica93.com.br\/home\/big-brother-retorna-as-telas-em-13-de-janeiro-e-celebra-os-60-anos-da-globo\/#primaryimage","url":"https:\/\/transamerica93.com.br\/home\/wp-content\/uploads\/2024\/12\/1-35.jpg","contentUrl":"https:\/\/transamerica93.com.br\/home\/wp-content\/uploads\/2024\/12\/1-35.jpg","width":1023,"height":660,"caption":"Foto: Manoella Mello\/TV Globo"},{"@type":"BreadcrumbList","@id":"https:\/\/transamerica93.com.br\/home\/big-brother-retorna-as-telas-em-13-de-janeiro-e-celebra-os-60-anos-da-globo\/#breadcrumb","itemListElement":[{"@type":"ListItem","position":1,"name":"In\u00edcio","item":"https:\/\/transamerica93.com.br\/home\/"},{"@type":"ListItem","position":2,"name":"&#8216;Big Brother&#8217; retorna \u00e0s telas em 13 de janeiro e celebra os 60 anos da Globo"}]},{"@type":"WebSite","@id":"https:\/\/transamerica93.com.br\/home\/#website","url":"https:\/\/transamerica93.com.br\/home\/","name":"Transam\u00e9rica Mococa 93,3","description":"","publisher":{"@id":"https:\/\/transamerica93.com.br\/home\/#organization"},"potentialAction":[{"@type":"SearchAction","target":{"@type":"EntryPoint","urlTemplate":"https:\/\/transamerica93.com.br\/home\/?s={search_term_string}"},"query-input":{"@type":"PropertyValueSpecification","valueRequired":true,"valueName":"search_term_string"}}],"inLanguage":"pt-BR"},{"@type":"Organization","@id":"https:\/\/transamerica93.com.br\/home\/#organization","name":"Transam\u00e9rica Mococa 93,3","url":"https:\/\/transamerica93.com.br\/home\/","logo":{"@type":"ImageObject","inLanguage":"pt-BR","@id":"https:\/\/transamerica93.com.br\/home\/#\/schema\/logo\/image\/","url":"https:\/\/transamerica93.com.br\/home\/wp-content\/uploads\/2023\/10\/logo2.png","contentUrl":"https:\/\/transamerica93.com.br\/home\/wp-content\/uploads\/2023\/10\/logo2.png","width":800,"height":500,"caption":"Transam\u00e9rica Mococa 93,3"},"image":{"@id":"https:\/\/transamerica93.com.br\/home\/#\/schema\/logo\/image\/"},"sameAs":["https:\/\/www.facebook.com\/transamericamococa","https:\/\/x.com\/transamerica933","https:\/\/www.instagram.com\/transamericamococa"]},{"@type":"Person","@id":"https:\/\/transamerica93.com.br\/home\/#\/schema\/person\/7fed7c99c0d4562efa8561bc0f543172","name":"Reda\u00e7\u00e3o","image":{"@type":"ImageObject","inLanguage":"pt-BR","@id":"https:\/\/secure.gravatar.com\/avatar\/1072c6b775fb02ef8506ce967551d95926669a6b7d2c2147b42eea4d7c68395e?s=96&d=mm&r=g","url":"https:\/\/secure.gravatar.com\/avatar\/1072c6b775fb02ef8506ce967551d95926669a6b7d2c2147b42eea4d7c68395e?s=96&d=mm&r=g","contentUrl":"https:\/\/secure.gravatar.com\/avatar\/1072c6b775fb02ef8506ce967551d95926669a6b7d2c2147b42eea4d7c68395e?s=96&d=mm&r=g","caption":"Reda\u00e7\u00e3o"},"sameAs":["https:\/\/transamerica93.com.br\/home"],"url":"https:\/\/transamerica93.com.br\/home\/author\/william\/"}]}},"_links":{"self":[{"href":"https:\/\/transamerica93.com.br\/home\/wp-json\/wp\/v2\/posts\/4470","targetHints":{"allow":["GET"]}}],"collection":[{"href":"https:\/\/transamerica93.com.br\/home\/wp-json\/wp\/v2\/posts"}],"about":[{"href":"https:\/\/transamerica93.com.br\/home\/wp-json\/wp\/v2\/types\/post"}],"author":[{"embeddable":true,"href":"https:\/\/transamerica93.com.br\/home\/wp-json\/wp\/v2\/users\/1"}],"replies":[{"embeddable":true,"href":"https:\/\/transamerica93.com.br\/home\/wp-json\/wp\/v2\/comments?post=4470"}],"version-history":[{"count":1,"href":"https:\/\/transamerica93.com.br\/home\/wp-json\/wp\/v2\/posts\/4470\/revisions"}],"predecessor-version":[{"id":4472,"href":"https:\/\/transamerica93.com.br\/home\/wp-json\/wp\/v2\/posts\/4470\/revisions\/4472"}],"wp:featuredmedia":[{"embeddable":true,"href":"https:\/\/transamerica93.com.br\/home\/wp-json\/wp\/v2\/media\/4471"}],"wp:attachment":[{"href":"https:\/\/transamerica93.com.br\/home\/wp-json\/wp\/v2\/media?parent=4470"}],"wp:term":[{"taxonomy":"category","embeddable":true,"href":"https:\/\/transamerica93.com.br\/home\/wp-json\/wp\/v2\/categories?post=4470"},{"taxonomy":"post_tag","embeddable":true,"href":"https:\/\/transamerica93.com.br\/home\/wp-json\/wp\/v2\/tags?post=4470"}],"curies":[{"name":"wp","href":"https:\/\/api.w.org\/{rel}","templated":true}]}}