{"id":4476,"date":"2024-12-26T18:00:00","date_gmt":"2024-12-26T21:00:00","guid":{"rendered":"https:\/\/transamerica93.com.br\/home\/?p=4476"},"modified":"2024-12-18T23:07:43","modified_gmt":"2024-12-19T02:07:43","slug":"rodrigo-faro-se-emociona-ao-desmontar-camarim-na-record-apos-anunciar-saida-da-emissora","status":"publish","type":"post","link":"https:\/\/transamerica93.com.br\/home\/rodrigo-faro-se-emociona-ao-desmontar-camarim-na-record-apos-anunciar-saida-da-emissora\/","title":{"rendered":"Rodrigo Faro se emociona ao desmontar camarim na Record ap\u00f3s anunciar sa\u00edda da emissora"},"content":{"rendered":"<p>Por Reda\u00e7\u00e3o O Estado de S. Paulo<\/p>\n<p>Fim de uma era! Rodrigo Faro publicou um v\u00eddeo no Instagram onde aparece desmontando seu camarim na Record. O apresentador, de 51 anos, relembrou momentos importantes de sua carreira, enquanto guardava lembran\u00e7as do programa <i>A Hora do Faro<\/i>.<\/p>\n<p>&#8220;J\u00e1 em clima de despedida por aqui! Guardando as lembran\u00e7as do meu camarim de uma linda hist\u00f3ria de 17 anos que escrevemos aqui E que venham novas hist\u00f3rias\u2026&#8221;, escreveu ele na legenda do v\u00eddeo.<\/p>\n<p>Nas imagens, o apresentador aparece retirando quadros das paredes, entre eles registros ic\u00f4nicos de suas caracteriza\u00e7\u00f5es no famoso quadro\u00a0<i>Dan\u00e7a, Gatinho<\/i>, onde j\u00e1 encarnou artistas como Katy Perry, Paula Fernandes e Michael Jackson.<\/p>\n<p>&#8220;O que voc\u00ea est\u00e1 fazendo, Faro? Eu t\u00f4 guardando recorda\u00e7\u00e3o do\u00a0<i>&#8216;Dan\u00e7a, Gatinho&#8217;<\/i>, que ficava aqui no meu camarim, nesse painel. \u00d3, por exemplo, Michael Jackson&#8230; tem um pouco a minha hist\u00f3ria, n\u00e9? A\u00ed eu vou tirando com cuidado pra guardar isso com muito carinho em casa, n\u00e9? A gente vai fazer um painel, l\u00e1 em casa, com todas as fotos do\u00a0<i>&#8216;Dan\u00e7a, Gatinho&#8217;<\/i>. Afinal de contas, foram mais de 350\u00a0<i>Dan\u00e7a, Gatinho<\/i>.&#8221;<\/p>\n<p><b>Rodrigo Faro encerra contrato com a Record<\/b><\/p>\n<p>Rodrigo Faro anunciou na semana passada que deixar\u00e1 a Record, ap\u00f3s quase 17 anos na emissora. Em comunicado postado em suas redes sociais, o apresentador, afirmou que teve uma &#8220;jornada incr\u00edvel&#8221; na emissora, mas que chegou o momento de encerrar o ciclo.<\/p>\n<p>Segundo Faro, ele e a Record decidiram em comum acordo n\u00e3o renovar o contrato: &#8220;Foi uma decis\u00e3o tomada com muita reflex\u00e3o e com o cora\u00e7\u00e3o cheio de gratid\u00e3o. Foram anos de aprendizado, desafios, e realiza\u00e7\u00f5es que levarei para sempre comigo&#8221;, afirmou ele.<\/p>\n<p>O apresentador finalizou agradecendo a todos da equipe que, junto com ele, &#8220;constru\u00edram essa hist\u00f3ria de sucesso&#8221;.<\/p>\n<p>&#8220;Este n\u00e3o \u00e9 um adeus, mas sim um at\u00e9 breve. Estou animado para os novos desafios e projetos que est\u00e3o por vir. Em breve contarei todas as novidades para voc\u00eas, e espero continuar contando com o apoio de voc\u00eas nessa nova fase da minha carreira&#8221;, adiantou ele.<\/p>\n<p><b>In\u00edcio na Record<\/b><\/p>\n<p>Rodrigo Faro chegou na Record TV em 2008 para integrar o elenco da novela\u00a0<i>Chamas da Vida<\/i>. Depois, ele apresentou o programa\u00a0<i>O Melhor do Brasil<\/i>, substituindo M\u00e1rcio Garcia, que havia retornado \u00e0 Globo.<\/p>\n<p>Em 2014, ganhou um programa s\u00f3 seu,\u00a0<i>A Hora do Faro<\/i>\u00a0&#8211; que permanece no ar at\u00e9 ent\u00e3o e que fez enorme sucesso com os quadros\u00a0<i>Dan\u00e7a, Gatinho<\/i>, e\u00a0<i>Vai dar Namoro<\/i>.<\/p>\n<p>Na emissora, Faro tamb\u00e9m comandou os realities\u00a0<i>\u00cddolos<\/i>,\u00a0<i>A Fazenda de Ver\u00e3o<\/i>\u00a0e\u00a0<i>Canta Comigo<\/i>, al\u00e9m de ser presen\u00e7a constante em outros programas do canal.<\/p>\n","protected":false},"excerpt":{"rendered":"<p>Por Reda\u00e7\u00e3o O Estado de S. Paulo Fim de uma era! Rodrigo Faro publicou um v\u00eddeo no Instagram onde aparece desmontando seu camarim na Record. O apresentador, de 51 anos, relembrou momentos importantes de sua carreira, enquanto guardava lembran\u00e7as do programa A Hora do Faro. &#8220;J\u00e1 em clima de despedida por aqui! Guardando as lembran\u00e7as &hellip;<\/p>\n","protected":false},"author":1,"featured_media":4477,"comment_status":"closed","ping_status":"closed","sticky":false,"template":"","format":"standard","meta":{"footnotes":""},"categories":[24],"tags":[],"class_list":["post-4476","post","type-post","status-publish","format-standard","has-post-thumbnail","hentry","category-entretenimento"],"yoast_head":"<!-- This site is optimized with the Yoast SEO plugin v27.4 - https:\/\/yoast.com\/product\/yoast-seo-wordpress\/ -->\n<title>Rodrigo Faro se emociona ao desmontar camarim na Record ap\u00f3s anunciar sa\u00edda da emissora - Transam\u00e9rica Mococa 93,3<\/title>\n<meta name=\"robots\" content=\"index, follow, max-snippet:-1, max-image-preview:large, max-video-preview:-1\" \/>\n<link rel=\"canonical\" href=\"https:\/\/transamerica93.com.br\/home\/rodrigo-faro-se-emociona-ao-desmontar-camarim-na-record-apos-anunciar-saida-da-emissora\/\" \/>\n<meta property=\"og:locale\" content=\"pt_BR\" \/>\n<meta property=\"og:type\" content=\"article\" \/>\n<meta property=\"og:title\" content=\"Rodrigo Faro se emociona ao desmontar camarim na Record ap\u00f3s anunciar sa\u00edda da emissora - Transam\u00e9rica Mococa 93,3\" \/>\n<meta property=\"og:description\" content=\"Por Reda\u00e7\u00e3o O Estado de S. Paulo Fim de uma era! Rodrigo Faro publicou um v\u00eddeo no Instagram onde aparece desmontando seu camarim na Record. O apresentador, de 51 anos, relembrou momentos importantes de sua carreira, enquanto guardava lembran\u00e7as do programa A Hora do Faro. &#8220;J\u00e1 em clima de despedida por aqui! Guardando as lembran\u00e7as &hellip;\" \/>\n<meta property=\"og:url\" content=\"https:\/\/transamerica93.com.br\/home\/rodrigo-faro-se-emociona-ao-desmontar-camarim-na-record-apos-anunciar-saida-da-emissora\/\" \/>\n<meta property=\"og:site_name\" content=\"Transam\u00e9rica Mococa 93,3\" \/>\n<meta property=\"article:publisher\" content=\"https:\/\/www.facebook.com\/transamericamococa\" \/>\n<meta property=\"article:published_time\" content=\"2024-12-26T21:00:00+00:00\" \/>\n<meta property=\"og:image\" content=\"https:\/\/transamerica93.com.br\/home\/wp-content\/uploads\/2024\/12\/1-37.jpg\" \/>\n\t<meta property=\"og:image:width\" content=\"920\" \/>\n\t<meta property=\"og:image:height\" content=\"517\" \/>\n\t<meta property=\"og:image:type\" content=\"image\/jpeg\" \/>\n<meta name=\"author\" content=\"Reda\u00e7\u00e3o\" \/>\n<meta name=\"twitter:card\" content=\"summary_large_image\" \/>\n<meta name=\"twitter:creator\" content=\"@transamerica933\" \/>\n<meta name=\"twitter:site\" content=\"@transamerica933\" \/>\n<meta name=\"twitter:label1\" content=\"Escrito por\" \/>\n\t<meta name=\"twitter:data1\" content=\"Reda\u00e7\u00e3o\" \/>\n\t<meta name=\"twitter:label2\" content=\"Est. tempo de leitura\" \/>\n\t<meta name=\"twitter:data2\" content=\"3 minutos\" \/>\n<script type=\"application\/ld+json\" class=\"yoast-schema-graph\">{\"@context\":\"https:\\\/\\\/schema.org\",\"@graph\":[{\"@type\":\"Article\",\"@id\":\"https:\\\/\\\/transamerica93.com.br\\\/home\\\/rodrigo-faro-se-emociona-ao-desmontar-camarim-na-record-apos-anunciar-saida-da-emissora\\\/#article\",\"isPartOf\":{\"@id\":\"https:\\\/\\\/transamerica93.com.br\\\/home\\\/rodrigo-faro-se-emociona-ao-desmontar-camarim-na-record-apos-anunciar-saida-da-emissora\\\/\"},\"author\":{\"name\":\"Reda\u00e7\u00e3o\",\"@id\":\"https:\\\/\\\/transamerica93.com.br\\\/home\\\/#\\\/schema\\\/person\\\/7fed7c99c0d4562efa8561bc0f543172\"},\"headline\":\"Rodrigo Faro se emociona ao desmontar camarim na Record ap\u00f3s anunciar sa\u00edda da emissora\",\"datePublished\":\"2024-12-26T21:00:00+00:00\",\"mainEntityOfPage\":{\"@id\":\"https:\\\/\\\/transamerica93.com.br\\\/home\\\/rodrigo-faro-se-emociona-ao-desmontar-camarim-na-record-apos-anunciar-saida-da-emissora\\\/\"},\"wordCount\":478,\"publisher\":{\"@id\":\"https:\\\/\\\/transamerica93.com.br\\\/home\\\/#organization\"},\"image\":{\"@id\":\"https:\\\/\\\/transamerica93.com.br\\\/home\\\/rodrigo-faro-se-emociona-ao-desmontar-camarim-na-record-apos-anunciar-saida-da-emissora\\\/#primaryimage\"},\"thumbnailUrl\":\"https:\\\/\\\/transamerica93.com.br\\\/home\\\/wp-content\\\/uploads\\\/2024\\\/12\\\/1-37.jpg\",\"articleSection\":[\"Entretenimento\"],\"inLanguage\":\"pt-BR\"},{\"@type\":\"WebPage\",\"@id\":\"https:\\\/\\\/transamerica93.com.br\\\/home\\\/rodrigo-faro-se-emociona-ao-desmontar-camarim-na-record-apos-anunciar-saida-da-emissora\\\/\",\"url\":\"https:\\\/\\\/transamerica93.com.br\\\/home\\\/rodrigo-faro-se-emociona-ao-desmontar-camarim-na-record-apos-anunciar-saida-da-emissora\\\/\",\"name\":\"Rodrigo Faro se emociona ao desmontar camarim na Record ap\u00f3s anunciar sa\u00edda da emissora - Transam\u00e9rica Mococa 93,3\",\"isPartOf\":{\"@id\":\"https:\\\/\\\/transamerica93.com.br\\\/home\\\/#website\"},\"primaryImageOfPage\":{\"@id\":\"https:\\\/\\\/transamerica93.com.br\\\/home\\\/rodrigo-faro-se-emociona-ao-desmontar-camarim-na-record-apos-anunciar-saida-da-emissora\\\/#primaryimage\"},\"image\":{\"@id\":\"https:\\\/\\\/transamerica93.com.br\\\/home\\\/rodrigo-faro-se-emociona-ao-desmontar-camarim-na-record-apos-anunciar-saida-da-emissora\\\/#primaryimage\"},\"thumbnailUrl\":\"https:\\\/\\\/transamerica93.com.br\\\/home\\\/wp-content\\\/uploads\\\/2024\\\/12\\\/1-37.jpg\",\"datePublished\":\"2024-12-26T21:00:00+00:00\",\"breadcrumb\":{\"@id\":\"https:\\\/\\\/transamerica93.com.br\\\/home\\\/rodrigo-faro-se-emociona-ao-desmontar-camarim-na-record-apos-anunciar-saida-da-emissora\\\/#breadcrumb\"},\"inLanguage\":\"pt-BR\",\"potentialAction\":[{\"@type\":\"ReadAction\",\"target\":[\"https:\\\/\\\/transamerica93.com.br\\\/home\\\/rodrigo-faro-se-emociona-ao-desmontar-camarim-na-record-apos-anunciar-saida-da-emissora\\\/\"]}]},{\"@type\":\"ImageObject\",\"inLanguage\":\"pt-BR\",\"@id\":\"https:\\\/\\\/transamerica93.com.br\\\/home\\\/rodrigo-faro-se-emociona-ao-desmontar-camarim-na-record-apos-anunciar-saida-da-emissora\\\/#primaryimage\",\"url\":\"https:\\\/\\\/transamerica93.com.br\\\/home\\\/wp-content\\\/uploads\\\/2024\\\/12\\\/1-37.jpg\",\"contentUrl\":\"https:\\\/\\\/transamerica93.com.br\\\/home\\\/wp-content\\\/uploads\\\/2024\\\/12\\\/1-37.jpg\",\"width\":920,\"height\":517,\"caption\":\"Foto: Reprodu\u00e7\u00e3o Internet\"},{\"@type\":\"BreadcrumbList\",\"@id\":\"https:\\\/\\\/transamerica93.com.br\\\/home\\\/rodrigo-faro-se-emociona-ao-desmontar-camarim-na-record-apos-anunciar-saida-da-emissora\\\/#breadcrumb\",\"itemListElement\":[{\"@type\":\"ListItem\",\"position\":1,\"name\":\"In\u00edcio\",\"item\":\"https:\\\/\\\/transamerica93.com.br\\\/home\\\/\"},{\"@type\":\"ListItem\",\"position\":2,\"name\":\"Rodrigo Faro se emociona ao desmontar camarim na Record ap\u00f3s anunciar sa\u00edda da emissora\"}]},{\"@type\":\"WebSite\",\"@id\":\"https:\\\/\\\/transamerica93.com.br\\\/home\\\/#website\",\"url\":\"https:\\\/\\\/transamerica93.com.br\\\/home\\\/\",\"name\":\"Transam\u00e9rica Mococa 93,3\",\"description\":\"\",\"publisher\":{\"@id\":\"https:\\\/\\\/transamerica93.com.br\\\/home\\\/#organization\"},\"potentialAction\":[{\"@type\":\"SearchAction\",\"target\":{\"@type\":\"EntryPoint\",\"urlTemplate\":\"https:\\\/\\\/transamerica93.com.br\\\/home\\\/?s={search_term_string}\"},\"query-input\":{\"@type\":\"PropertyValueSpecification\",\"valueRequired\":true,\"valueName\":\"search_term_string\"}}],\"inLanguage\":\"pt-BR\"},{\"@type\":\"Organization\",\"@id\":\"https:\\\/\\\/transamerica93.com.br\\\/home\\\/#organization\",\"name\":\"Transam\u00e9rica Mococa 93,3\",\"url\":\"https:\\\/\\\/transamerica93.com.br\\\/home\\\/\",\"logo\":{\"@type\":\"ImageObject\",\"inLanguage\":\"pt-BR\",\"@id\":\"https:\\\/\\\/transamerica93.com.br\\\/home\\\/#\\\/schema\\\/logo\\\/image\\\/\",\"url\":\"https:\\\/\\\/transamerica93.com.br\\\/home\\\/wp-content\\\/uploads\\\/2023\\\/10\\\/logo2.png\",\"contentUrl\":\"https:\\\/\\\/transamerica93.com.br\\\/home\\\/wp-content\\\/uploads\\\/2023\\\/10\\\/logo2.png\",\"width\":800,\"height\":500,\"caption\":\"Transam\u00e9rica Mococa 93,3\"},\"image\":{\"@id\":\"https:\\\/\\\/transamerica93.com.br\\\/home\\\/#\\\/schema\\\/logo\\\/image\\\/\"},\"sameAs\":[\"https:\\\/\\\/www.facebook.com\\\/transamericamococa\",\"https:\\\/\\\/x.com\\\/transamerica933\",\"https:\\\/\\\/www.instagram.com\\\/transamericamococa\"]},{\"@type\":\"Person\",\"@id\":\"https:\\\/\\\/transamerica93.com.br\\\/home\\\/#\\\/schema\\\/person\\\/7fed7c99c0d4562efa8561bc0f543172\",\"name\":\"Reda\u00e7\u00e3o\",\"image\":{\"@type\":\"ImageObject\",\"inLanguage\":\"pt-BR\",\"@id\":\"https:\\\/\\\/secure.gravatar.com\\\/avatar\\\/1072c6b775fb02ef8506ce967551d95926669a6b7d2c2147b42eea4d7c68395e?s=96&d=mm&r=g\",\"url\":\"https:\\\/\\\/secure.gravatar.com\\\/avatar\\\/1072c6b775fb02ef8506ce967551d95926669a6b7d2c2147b42eea4d7c68395e?s=96&d=mm&r=g\",\"contentUrl\":\"https:\\\/\\\/secure.gravatar.com\\\/avatar\\\/1072c6b775fb02ef8506ce967551d95926669a6b7d2c2147b42eea4d7c68395e?s=96&d=mm&r=g\",\"caption\":\"Reda\u00e7\u00e3o\"},\"sameAs\":[\"https:\\\/\\\/transamerica93.com.br\\\/home\"],\"url\":\"https:\\\/\\\/transamerica93.com.br\\\/home\\\/author\\\/william\\\/\"}]}<\/script>\n<!-- \/ Yoast SEO plugin. -->","yoast_head_json":{"title":"Rodrigo Faro se emociona ao desmontar camarim na Record ap\u00f3s anunciar sa\u00edda da emissora - Transam\u00e9rica Mococa 93,3","robots":{"index":"index","follow":"follow","max-snippet":"max-snippet:-1","max-image-preview":"max-image-preview:large","max-video-preview":"max-video-preview:-1"},"canonical":"https:\/\/transamerica93.com.br\/home\/rodrigo-faro-se-emociona-ao-desmontar-camarim-na-record-apos-anunciar-saida-da-emissora\/","og_locale":"pt_BR","og_type":"article","og_title":"Rodrigo Faro se emociona ao desmontar camarim na Record ap\u00f3s anunciar sa\u00edda da emissora - Transam\u00e9rica Mococa 93,3","og_description":"Por Reda\u00e7\u00e3o O Estado de S. Paulo Fim de uma era! Rodrigo Faro publicou um v\u00eddeo no Instagram onde aparece desmontando seu camarim na Record. O apresentador, de 51 anos, relembrou momentos importantes de sua carreira, enquanto guardava lembran\u00e7as do programa A Hora do Faro. &#8220;J\u00e1 em clima de despedida por aqui! Guardando as lembran\u00e7as &hellip;","og_url":"https:\/\/transamerica93.com.br\/home\/rodrigo-faro-se-emociona-ao-desmontar-camarim-na-record-apos-anunciar-saida-da-emissora\/","og_site_name":"Transam\u00e9rica Mococa 93,3","article_publisher":"https:\/\/www.facebook.com\/transamericamococa","article_published_time":"2024-12-26T21:00:00+00:00","og_image":[{"width":920,"height":517,"url":"https:\/\/transamerica93.com.br\/home\/wp-content\/uploads\/2024\/12\/1-37.jpg","type":"image\/jpeg"}],"author":"Reda\u00e7\u00e3o","twitter_card":"summary_large_image","twitter_creator":"@transamerica933","twitter_site":"@transamerica933","twitter_misc":{"Escrito por":"Reda\u00e7\u00e3o","Est. tempo de leitura":"3 minutos"},"schema":{"@context":"https:\/\/schema.org","@graph":[{"@type":"Article","@id":"https:\/\/transamerica93.com.br\/home\/rodrigo-faro-se-emociona-ao-desmontar-camarim-na-record-apos-anunciar-saida-da-emissora\/#article","isPartOf":{"@id":"https:\/\/transamerica93.com.br\/home\/rodrigo-faro-se-emociona-ao-desmontar-camarim-na-record-apos-anunciar-saida-da-emissora\/"},"author":{"name":"Reda\u00e7\u00e3o","@id":"https:\/\/transamerica93.com.br\/home\/#\/schema\/person\/7fed7c99c0d4562efa8561bc0f543172"},"headline":"Rodrigo Faro se emociona ao desmontar camarim na Record ap\u00f3s anunciar sa\u00edda da emissora","datePublished":"2024-12-26T21:00:00+00:00","mainEntityOfPage":{"@id":"https:\/\/transamerica93.com.br\/home\/rodrigo-faro-se-emociona-ao-desmontar-camarim-na-record-apos-anunciar-saida-da-emissora\/"},"wordCount":478,"publisher":{"@id":"https:\/\/transamerica93.com.br\/home\/#organization"},"image":{"@id":"https:\/\/transamerica93.com.br\/home\/rodrigo-faro-se-emociona-ao-desmontar-camarim-na-record-apos-anunciar-saida-da-emissora\/#primaryimage"},"thumbnailUrl":"https:\/\/transamerica93.com.br\/home\/wp-content\/uploads\/2024\/12\/1-37.jpg","articleSection":["Entretenimento"],"inLanguage":"pt-BR"},{"@type":"WebPage","@id":"https:\/\/transamerica93.com.br\/home\/rodrigo-faro-se-emociona-ao-desmontar-camarim-na-record-apos-anunciar-saida-da-emissora\/","url":"https:\/\/transamerica93.com.br\/home\/rodrigo-faro-se-emociona-ao-desmontar-camarim-na-record-apos-anunciar-saida-da-emissora\/","name":"Rodrigo Faro se emociona ao desmontar camarim na Record ap\u00f3s anunciar sa\u00edda da emissora - Transam\u00e9rica Mococa 93,3","isPartOf":{"@id":"https:\/\/transamerica93.com.br\/home\/#website"},"primaryImageOfPage":{"@id":"https:\/\/transamerica93.com.br\/home\/rodrigo-faro-se-emociona-ao-desmontar-camarim-na-record-apos-anunciar-saida-da-emissora\/#primaryimage"},"image":{"@id":"https:\/\/transamerica93.com.br\/home\/rodrigo-faro-se-emociona-ao-desmontar-camarim-na-record-apos-anunciar-saida-da-emissora\/#primaryimage"},"thumbnailUrl":"https:\/\/transamerica93.com.br\/home\/wp-content\/uploads\/2024\/12\/1-37.jpg","datePublished":"2024-12-26T21:00:00+00:00","breadcrumb":{"@id":"https:\/\/transamerica93.com.br\/home\/rodrigo-faro-se-emociona-ao-desmontar-camarim-na-record-apos-anunciar-saida-da-emissora\/#breadcrumb"},"inLanguage":"pt-BR","potentialAction":[{"@type":"ReadAction","target":["https:\/\/transamerica93.com.br\/home\/rodrigo-faro-se-emociona-ao-desmontar-camarim-na-record-apos-anunciar-saida-da-emissora\/"]}]},{"@type":"ImageObject","inLanguage":"pt-BR","@id":"https:\/\/transamerica93.com.br\/home\/rodrigo-faro-se-emociona-ao-desmontar-camarim-na-record-apos-anunciar-saida-da-emissora\/#primaryimage","url":"https:\/\/transamerica93.com.br\/home\/wp-content\/uploads\/2024\/12\/1-37.jpg","contentUrl":"https:\/\/transamerica93.com.br\/home\/wp-content\/uploads\/2024\/12\/1-37.jpg","width":920,"height":517,"caption":"Foto: Reprodu\u00e7\u00e3o Internet"},{"@type":"BreadcrumbList","@id":"https:\/\/transamerica93.com.br\/home\/rodrigo-faro-se-emociona-ao-desmontar-camarim-na-record-apos-anunciar-saida-da-emissora\/#breadcrumb","itemListElement":[{"@type":"ListItem","position":1,"name":"In\u00edcio","item":"https:\/\/transamerica93.com.br\/home\/"},{"@type":"ListItem","position":2,"name":"Rodrigo Faro se emociona ao desmontar camarim na Record ap\u00f3s anunciar sa\u00edda da emissora"}]},{"@type":"WebSite","@id":"https:\/\/transamerica93.com.br\/home\/#website","url":"https:\/\/transamerica93.com.br\/home\/","name":"Transam\u00e9rica Mococa 93,3","description":"","publisher":{"@id":"https:\/\/transamerica93.com.br\/home\/#organization"},"potentialAction":[{"@type":"SearchAction","target":{"@type":"EntryPoint","urlTemplate":"https:\/\/transamerica93.com.br\/home\/?s={search_term_string}"},"query-input":{"@type":"PropertyValueSpecification","valueRequired":true,"valueName":"search_term_string"}}],"inLanguage":"pt-BR"},{"@type":"Organization","@id":"https:\/\/transamerica93.com.br\/home\/#organization","name":"Transam\u00e9rica Mococa 93,3","url":"https:\/\/transamerica93.com.br\/home\/","logo":{"@type":"ImageObject","inLanguage":"pt-BR","@id":"https:\/\/transamerica93.com.br\/home\/#\/schema\/logo\/image\/","url":"https:\/\/transamerica93.com.br\/home\/wp-content\/uploads\/2023\/10\/logo2.png","contentUrl":"https:\/\/transamerica93.com.br\/home\/wp-content\/uploads\/2023\/10\/logo2.png","width":800,"height":500,"caption":"Transam\u00e9rica Mococa 93,3"},"image":{"@id":"https:\/\/transamerica93.com.br\/home\/#\/schema\/logo\/image\/"},"sameAs":["https:\/\/www.facebook.com\/transamericamococa","https:\/\/x.com\/transamerica933","https:\/\/www.instagram.com\/transamericamococa"]},{"@type":"Person","@id":"https:\/\/transamerica93.com.br\/home\/#\/schema\/person\/7fed7c99c0d4562efa8561bc0f543172","name":"Reda\u00e7\u00e3o","image":{"@type":"ImageObject","inLanguage":"pt-BR","@id":"https:\/\/secure.gravatar.com\/avatar\/1072c6b775fb02ef8506ce967551d95926669a6b7d2c2147b42eea4d7c68395e?s=96&d=mm&r=g","url":"https:\/\/secure.gravatar.com\/avatar\/1072c6b775fb02ef8506ce967551d95926669a6b7d2c2147b42eea4d7c68395e?s=96&d=mm&r=g","contentUrl":"https:\/\/secure.gravatar.com\/avatar\/1072c6b775fb02ef8506ce967551d95926669a6b7d2c2147b42eea4d7c68395e?s=96&d=mm&r=g","caption":"Reda\u00e7\u00e3o"},"sameAs":["https:\/\/transamerica93.com.br\/home"],"url":"https:\/\/transamerica93.com.br\/home\/author\/william\/"}]}},"_links":{"self":[{"href":"https:\/\/transamerica93.com.br\/home\/wp-json\/wp\/v2\/posts\/4476","targetHints":{"allow":["GET"]}}],"collection":[{"href":"https:\/\/transamerica93.com.br\/home\/wp-json\/wp\/v2\/posts"}],"about":[{"href":"https:\/\/transamerica93.com.br\/home\/wp-json\/wp\/v2\/types\/post"}],"author":[{"embeddable":true,"href":"https:\/\/transamerica93.com.br\/home\/wp-json\/wp\/v2\/users\/1"}],"replies":[{"embeddable":true,"href":"https:\/\/transamerica93.com.br\/home\/wp-json\/wp\/v2\/comments?post=4476"}],"version-history":[{"count":1,"href":"https:\/\/transamerica93.com.br\/home\/wp-json\/wp\/v2\/posts\/4476\/revisions"}],"predecessor-version":[{"id":4478,"href":"https:\/\/transamerica93.com.br\/home\/wp-json\/wp\/v2\/posts\/4476\/revisions\/4478"}],"wp:featuredmedia":[{"embeddable":true,"href":"https:\/\/transamerica93.com.br\/home\/wp-json\/wp\/v2\/media\/4477"}],"wp:attachment":[{"href":"https:\/\/transamerica93.com.br\/home\/wp-json\/wp\/v2\/media?parent=4476"}],"wp:term":[{"taxonomy":"category","embeddable":true,"href":"https:\/\/transamerica93.com.br\/home\/wp-json\/wp\/v2\/categories?post=4476"},{"taxonomy":"post_tag","embeddable":true,"href":"https:\/\/transamerica93.com.br\/home\/wp-json\/wp\/v2\/tags?post=4476"}],"curies":[{"name":"wp","href":"https:\/\/api.w.org\/{rel}","templated":true}]}}