{"id":4492,"date":"2025-01-16T13:44:42","date_gmt":"2025-01-16T16:44:42","guid":{"rendered":"https:\/\/transamerica93.com.br\/home\/?p=4492"},"modified":"2025-01-16T13:44:42","modified_gmt":"2025-01-16T16:44:42","slug":"oscar-2025-adia-novamente-anuncio-de-indicados-em-meio-a-incendios-em-los-angeles","status":"publish","type":"post","link":"https:\/\/transamerica93.com.br\/home\/oscar-2025-adia-novamente-anuncio-de-indicados-em-meio-a-incendios-em-los-angeles\/","title":{"rendered":"Oscar 2025 adia novamente an\u00fancio de indicados em meio a inc\u00eandios em Los Angeles"},"content":{"rendered":"<div id=\"Corpo\">\n<h6 class=\"Assina\">Por Julia Queiroz<\/h6>\n<p>A Academia de Artes e Ci\u00eancias Cinematogr\u00e1ficas anunciou, nesta segunda-feira, 13, que o an\u00fancio dos indicados ao Oscar 2025 foi adiado novamente em meio aos inc\u00eandios que atingem a cidade de Los Angeles, nos Estados Unidos.<\/p>\n<p>O prazo para que os membros da Academia enviem seus votos foi estendido para a sexta-feira, 17, e o an\u00fancio dos indicados ocorrer\u00e1 na quinta-feira, 23, de forma virtual por volta das 5h30 da manh\u00e3 no hor\u00e1rio local (10h30 no hor\u00e1rio de Bras\u00edlia).<\/p>\n<p>A Academia tamb\u00e9m anunciou que o tradicional almo\u00e7o dos indicados ao Oscar, que estava programado para o dia 10 de fevereiro, n\u00e3o ser\u00e1 realizado este ano.<\/p>\n<p>A divulga\u00e7\u00e3o dos indicados \u00e0 principal premia\u00e7\u00e3o do cinema estava inicialmente prevista para o dia 17 e, por conta dos inc\u00eandios, j\u00e1 havia sido adiada para o dia 19. A premia\u00e7\u00e3o est\u00e1 marcada para ocorrer no dia 2 de mar\u00e7o, um domingo, no Teatro Dolby, em Los Angeles.<\/p>\n<p>Ao todo, os inc\u00eandios na cidade j\u00e1 deixaram 24 mortos e outras 16 pessoas foram dadas como desaparecidas. Mais de 10 mil im\u00f3veis foram destru\u00eddos desde o dia 7 de janeiro em uma \u00e1rea cuja devasta\u00e7\u00e3o j\u00e1 se compara ao tamanho da zona oeste de S\u00e3o Paulo.<\/p>\n<p>Em nota, Bill Kramer e Janet Yang, o CEO e a presidente da Academia, respectivamente, lamentaram a trag\u00e9dia. &#8220;Estamos todos arrasados com o impacto dos inc\u00eandios e com as perdas profundas sofridas por tantas pessoas em nossa comunidade. A Academia sempre foi uma for\u00e7a unificadora no setor cinematogr\u00e1fico e temos o compromisso de nos mantermos unidos diante das dificuldades.&#8221;<\/p><\/div>\n","protected":false},"excerpt":{"rendered":"<p>Por Julia Queiroz A Academia de Artes e Ci\u00eancias Cinematogr\u00e1ficas anunciou, nesta segunda-feira, 13, que o an\u00fancio dos indicados ao Oscar 2025 foi adiado novamente em meio aos inc\u00eandios que atingem a cidade de Los Angeles, nos Estados Unidos. O prazo para que os membros da Academia enviem seus votos foi estendido para a sexta-feira, &hellip;<\/p>\n","protected":false},"author":1,"featured_media":4493,"comment_status":"closed","ping_status":"closed","sticky":false,"template":"","format":"standard","meta":{"footnotes":""},"categories":[24],"tags":[],"class_list":["post-4492","post","type-post","status-publish","format-standard","has-post-thumbnail","hentry","category-entretenimento"],"yoast_head":"<!-- This site is optimized with the Yoast SEO plugin v27.4 - https:\/\/yoast.com\/product\/yoast-seo-wordpress\/ -->\n<title>Oscar 2025 adia novamente an\u00fancio de indicados em meio a inc\u00eandios em Los Angeles - Transam\u00e9rica Mococa 93,3<\/title>\n<meta name=\"robots\" content=\"index, follow, max-snippet:-1, max-image-preview:large, max-video-preview:-1\" \/>\n<link rel=\"canonical\" href=\"https:\/\/transamerica93.com.br\/home\/oscar-2025-adia-novamente-anuncio-de-indicados-em-meio-a-incendios-em-los-angeles\/\" \/>\n<meta property=\"og:locale\" content=\"pt_BR\" \/>\n<meta property=\"og:type\" content=\"article\" \/>\n<meta property=\"og:title\" content=\"Oscar 2025 adia novamente an\u00fancio de indicados em meio a inc\u00eandios em Los Angeles - Transam\u00e9rica Mococa 93,3\" \/>\n<meta property=\"og:description\" content=\"Por Julia Queiroz A Academia de Artes e Ci\u00eancias Cinematogr\u00e1ficas anunciou, nesta segunda-feira, 13, que o an\u00fancio dos indicados ao Oscar 2025 foi adiado novamente em meio aos inc\u00eandios que atingem a cidade de Los Angeles, nos Estados Unidos. O prazo para que os membros da Academia enviem seus votos foi estendido para a sexta-feira, &hellip;\" \/>\n<meta property=\"og:url\" content=\"https:\/\/transamerica93.com.br\/home\/oscar-2025-adia-novamente-anuncio-de-indicados-em-meio-a-incendios-em-los-angeles\/\" \/>\n<meta property=\"og:site_name\" content=\"Transam\u00e9rica Mococa 93,3\" \/>\n<meta property=\"article:publisher\" content=\"https:\/\/www.facebook.com\/transamericamococa\" \/>\n<meta property=\"article:published_time\" content=\"2025-01-16T16:44:42+00:00\" \/>\n<meta property=\"og:image\" content=\"https:\/\/transamerica93.com.br\/home\/wp-content\/uploads\/2025\/01\/Sem-titulo-3.png\" \/>\n\t<meta property=\"og:image:width\" content=\"800\" \/>\n\t<meta property=\"og:image:height\" content=\"448\" \/>\n\t<meta property=\"og:image:type\" content=\"image\/png\" \/>\n<meta name=\"author\" content=\"Reda\u00e7\u00e3o\" \/>\n<meta name=\"twitter:card\" content=\"summary_large_image\" \/>\n<meta name=\"twitter:creator\" content=\"@transamerica933\" \/>\n<meta name=\"twitter:site\" content=\"@transamerica933\" \/>\n<meta name=\"twitter:label1\" content=\"Escrito por\" \/>\n\t<meta name=\"twitter:data1\" content=\"Reda\u00e7\u00e3o\" \/>\n\t<meta name=\"twitter:label2\" content=\"Est. tempo de leitura\" \/>\n\t<meta name=\"twitter:data2\" content=\"2 minutos\" \/>\n<script type=\"application\/ld+json\" class=\"yoast-schema-graph\">{\"@context\":\"https:\\\/\\\/schema.org\",\"@graph\":[{\"@type\":\"Article\",\"@id\":\"https:\\\/\\\/transamerica93.com.br\\\/home\\\/oscar-2025-adia-novamente-anuncio-de-indicados-em-meio-a-incendios-em-los-angeles\\\/#article\",\"isPartOf\":{\"@id\":\"https:\\\/\\\/transamerica93.com.br\\\/home\\\/oscar-2025-adia-novamente-anuncio-de-indicados-em-meio-a-incendios-em-los-angeles\\\/\"},\"author\":{\"name\":\"Reda\u00e7\u00e3o\",\"@id\":\"https:\\\/\\\/transamerica93.com.br\\\/home\\\/#\\\/schema\\\/person\\\/7fed7c99c0d4562efa8561bc0f543172\"},\"headline\":\"Oscar 2025 adia novamente an\u00fancio de indicados em meio a inc\u00eandios em Los Angeles\",\"datePublished\":\"2025-01-16T16:44:42+00:00\",\"mainEntityOfPage\":{\"@id\":\"https:\\\/\\\/transamerica93.com.br\\\/home\\\/oscar-2025-adia-novamente-anuncio-de-indicados-em-meio-a-incendios-em-los-angeles\\\/\"},\"wordCount\":289,\"publisher\":{\"@id\":\"https:\\\/\\\/transamerica93.com.br\\\/home\\\/#organization\"},\"image\":{\"@id\":\"https:\\\/\\\/transamerica93.com.br\\\/home\\\/oscar-2025-adia-novamente-anuncio-de-indicados-em-meio-a-incendios-em-los-angeles\\\/#primaryimage\"},\"thumbnailUrl\":\"https:\\\/\\\/transamerica93.com.br\\\/home\\\/wp-content\\\/uploads\\\/2025\\\/01\\\/Sem-titulo-3.png\",\"articleSection\":[\"Entretenimento\"],\"inLanguage\":\"pt-BR\"},{\"@type\":\"WebPage\",\"@id\":\"https:\\\/\\\/transamerica93.com.br\\\/home\\\/oscar-2025-adia-novamente-anuncio-de-indicados-em-meio-a-incendios-em-los-angeles\\\/\",\"url\":\"https:\\\/\\\/transamerica93.com.br\\\/home\\\/oscar-2025-adia-novamente-anuncio-de-indicados-em-meio-a-incendios-em-los-angeles\\\/\",\"name\":\"Oscar 2025 adia novamente an\u00fancio de indicados em meio a inc\u00eandios em Los Angeles - Transam\u00e9rica Mococa 93,3\",\"isPartOf\":{\"@id\":\"https:\\\/\\\/transamerica93.com.br\\\/home\\\/#website\"},\"primaryImageOfPage\":{\"@id\":\"https:\\\/\\\/transamerica93.com.br\\\/home\\\/oscar-2025-adia-novamente-anuncio-de-indicados-em-meio-a-incendios-em-los-angeles\\\/#primaryimage\"},\"image\":{\"@id\":\"https:\\\/\\\/transamerica93.com.br\\\/home\\\/oscar-2025-adia-novamente-anuncio-de-indicados-em-meio-a-incendios-em-los-angeles\\\/#primaryimage\"},\"thumbnailUrl\":\"https:\\\/\\\/transamerica93.com.br\\\/home\\\/wp-content\\\/uploads\\\/2025\\\/01\\\/Sem-titulo-3.png\",\"datePublished\":\"2025-01-16T16:44:42+00:00\",\"breadcrumb\":{\"@id\":\"https:\\\/\\\/transamerica93.com.br\\\/home\\\/oscar-2025-adia-novamente-anuncio-de-indicados-em-meio-a-incendios-em-los-angeles\\\/#breadcrumb\"},\"inLanguage\":\"pt-BR\",\"potentialAction\":[{\"@type\":\"ReadAction\",\"target\":[\"https:\\\/\\\/transamerica93.com.br\\\/home\\\/oscar-2025-adia-novamente-anuncio-de-indicados-em-meio-a-incendios-em-los-angeles\\\/\"]}]},{\"@type\":\"ImageObject\",\"inLanguage\":\"pt-BR\",\"@id\":\"https:\\\/\\\/transamerica93.com.br\\\/home\\\/oscar-2025-adia-novamente-anuncio-de-indicados-em-meio-a-incendios-em-los-angeles\\\/#primaryimage\",\"url\":\"https:\\\/\\\/transamerica93.com.br\\\/home\\\/wp-content\\\/uploads\\\/2025\\\/01\\\/Sem-titulo-3.png\",\"contentUrl\":\"https:\\\/\\\/transamerica93.com.br\\\/home\\\/wp-content\\\/uploads\\\/2025\\\/01\\\/Sem-titulo-3.png\",\"width\":800,\"height\":448,\"caption\":\"Foto: Reprodu\u00e7\u00e3o\\\/Instagram\"},{\"@type\":\"BreadcrumbList\",\"@id\":\"https:\\\/\\\/transamerica93.com.br\\\/home\\\/oscar-2025-adia-novamente-anuncio-de-indicados-em-meio-a-incendios-em-los-angeles\\\/#breadcrumb\",\"itemListElement\":[{\"@type\":\"ListItem\",\"position\":1,\"name\":\"In\u00edcio\",\"item\":\"https:\\\/\\\/transamerica93.com.br\\\/home\\\/\"},{\"@type\":\"ListItem\",\"position\":2,\"name\":\"Oscar 2025 adia novamente an\u00fancio de indicados em meio a inc\u00eandios em Los Angeles\"}]},{\"@type\":\"WebSite\",\"@id\":\"https:\\\/\\\/transamerica93.com.br\\\/home\\\/#website\",\"url\":\"https:\\\/\\\/transamerica93.com.br\\\/home\\\/\",\"name\":\"Transam\u00e9rica Mococa 93,3\",\"description\":\"\",\"publisher\":{\"@id\":\"https:\\\/\\\/transamerica93.com.br\\\/home\\\/#organization\"},\"potentialAction\":[{\"@type\":\"SearchAction\",\"target\":{\"@type\":\"EntryPoint\",\"urlTemplate\":\"https:\\\/\\\/transamerica93.com.br\\\/home\\\/?s={search_term_string}\"},\"query-input\":{\"@type\":\"PropertyValueSpecification\",\"valueRequired\":true,\"valueName\":\"search_term_string\"}}],\"inLanguage\":\"pt-BR\"},{\"@type\":\"Organization\",\"@id\":\"https:\\\/\\\/transamerica93.com.br\\\/home\\\/#organization\",\"name\":\"Transam\u00e9rica Mococa 93,3\",\"url\":\"https:\\\/\\\/transamerica93.com.br\\\/home\\\/\",\"logo\":{\"@type\":\"ImageObject\",\"inLanguage\":\"pt-BR\",\"@id\":\"https:\\\/\\\/transamerica93.com.br\\\/home\\\/#\\\/schema\\\/logo\\\/image\\\/\",\"url\":\"https:\\\/\\\/transamerica93.com.br\\\/home\\\/wp-content\\\/uploads\\\/2023\\\/10\\\/logo2.png\",\"contentUrl\":\"https:\\\/\\\/transamerica93.com.br\\\/home\\\/wp-content\\\/uploads\\\/2023\\\/10\\\/logo2.png\",\"width\":800,\"height\":500,\"caption\":\"Transam\u00e9rica Mococa 93,3\"},\"image\":{\"@id\":\"https:\\\/\\\/transamerica93.com.br\\\/home\\\/#\\\/schema\\\/logo\\\/image\\\/\"},\"sameAs\":[\"https:\\\/\\\/www.facebook.com\\\/transamericamococa\",\"https:\\\/\\\/x.com\\\/transamerica933\",\"https:\\\/\\\/www.instagram.com\\\/transamericamococa\"]},{\"@type\":\"Person\",\"@id\":\"https:\\\/\\\/transamerica93.com.br\\\/home\\\/#\\\/schema\\\/person\\\/7fed7c99c0d4562efa8561bc0f543172\",\"name\":\"Reda\u00e7\u00e3o\",\"image\":{\"@type\":\"ImageObject\",\"inLanguage\":\"pt-BR\",\"@id\":\"https:\\\/\\\/secure.gravatar.com\\\/avatar\\\/1072c6b775fb02ef8506ce967551d95926669a6b7d2c2147b42eea4d7c68395e?s=96&d=mm&r=g\",\"url\":\"https:\\\/\\\/secure.gravatar.com\\\/avatar\\\/1072c6b775fb02ef8506ce967551d95926669a6b7d2c2147b42eea4d7c68395e?s=96&d=mm&r=g\",\"contentUrl\":\"https:\\\/\\\/secure.gravatar.com\\\/avatar\\\/1072c6b775fb02ef8506ce967551d95926669a6b7d2c2147b42eea4d7c68395e?s=96&d=mm&r=g\",\"caption\":\"Reda\u00e7\u00e3o\"},\"sameAs\":[\"https:\\\/\\\/transamerica93.com.br\\\/home\"],\"url\":\"https:\\\/\\\/transamerica93.com.br\\\/home\\\/author\\\/william\\\/\"}]}<\/script>\n<!-- \/ Yoast SEO plugin. -->","yoast_head_json":{"title":"Oscar 2025 adia novamente an\u00fancio de indicados em meio a inc\u00eandios em Los Angeles - Transam\u00e9rica Mococa 93,3","robots":{"index":"index","follow":"follow","max-snippet":"max-snippet:-1","max-image-preview":"max-image-preview:large","max-video-preview":"max-video-preview:-1"},"canonical":"https:\/\/transamerica93.com.br\/home\/oscar-2025-adia-novamente-anuncio-de-indicados-em-meio-a-incendios-em-los-angeles\/","og_locale":"pt_BR","og_type":"article","og_title":"Oscar 2025 adia novamente an\u00fancio de indicados em meio a inc\u00eandios em Los Angeles - Transam\u00e9rica Mococa 93,3","og_description":"Por Julia Queiroz A Academia de Artes e Ci\u00eancias Cinematogr\u00e1ficas anunciou, nesta segunda-feira, 13, que o an\u00fancio dos indicados ao Oscar 2025 foi adiado novamente em meio aos inc\u00eandios que atingem a cidade de Los Angeles, nos Estados Unidos. O prazo para que os membros da Academia enviem seus votos foi estendido para a sexta-feira, &hellip;","og_url":"https:\/\/transamerica93.com.br\/home\/oscar-2025-adia-novamente-anuncio-de-indicados-em-meio-a-incendios-em-los-angeles\/","og_site_name":"Transam\u00e9rica Mococa 93,3","article_publisher":"https:\/\/www.facebook.com\/transamericamococa","article_published_time":"2025-01-16T16:44:42+00:00","og_image":[{"width":800,"height":448,"url":"https:\/\/transamerica93.com.br\/home\/wp-content\/uploads\/2025\/01\/Sem-titulo-3.png","type":"image\/png"}],"author":"Reda\u00e7\u00e3o","twitter_card":"summary_large_image","twitter_creator":"@transamerica933","twitter_site":"@transamerica933","twitter_misc":{"Escrito por":"Reda\u00e7\u00e3o","Est. tempo de leitura":"2 minutos"},"schema":{"@context":"https:\/\/schema.org","@graph":[{"@type":"Article","@id":"https:\/\/transamerica93.com.br\/home\/oscar-2025-adia-novamente-anuncio-de-indicados-em-meio-a-incendios-em-los-angeles\/#article","isPartOf":{"@id":"https:\/\/transamerica93.com.br\/home\/oscar-2025-adia-novamente-anuncio-de-indicados-em-meio-a-incendios-em-los-angeles\/"},"author":{"name":"Reda\u00e7\u00e3o","@id":"https:\/\/transamerica93.com.br\/home\/#\/schema\/person\/7fed7c99c0d4562efa8561bc0f543172"},"headline":"Oscar 2025 adia novamente an\u00fancio de indicados em meio a inc\u00eandios em Los Angeles","datePublished":"2025-01-16T16:44:42+00:00","mainEntityOfPage":{"@id":"https:\/\/transamerica93.com.br\/home\/oscar-2025-adia-novamente-anuncio-de-indicados-em-meio-a-incendios-em-los-angeles\/"},"wordCount":289,"publisher":{"@id":"https:\/\/transamerica93.com.br\/home\/#organization"},"image":{"@id":"https:\/\/transamerica93.com.br\/home\/oscar-2025-adia-novamente-anuncio-de-indicados-em-meio-a-incendios-em-los-angeles\/#primaryimage"},"thumbnailUrl":"https:\/\/transamerica93.com.br\/home\/wp-content\/uploads\/2025\/01\/Sem-titulo-3.png","articleSection":["Entretenimento"],"inLanguage":"pt-BR"},{"@type":"WebPage","@id":"https:\/\/transamerica93.com.br\/home\/oscar-2025-adia-novamente-anuncio-de-indicados-em-meio-a-incendios-em-los-angeles\/","url":"https:\/\/transamerica93.com.br\/home\/oscar-2025-adia-novamente-anuncio-de-indicados-em-meio-a-incendios-em-los-angeles\/","name":"Oscar 2025 adia novamente an\u00fancio de indicados em meio a inc\u00eandios em Los Angeles - Transam\u00e9rica Mococa 93,3","isPartOf":{"@id":"https:\/\/transamerica93.com.br\/home\/#website"},"primaryImageOfPage":{"@id":"https:\/\/transamerica93.com.br\/home\/oscar-2025-adia-novamente-anuncio-de-indicados-em-meio-a-incendios-em-los-angeles\/#primaryimage"},"image":{"@id":"https:\/\/transamerica93.com.br\/home\/oscar-2025-adia-novamente-anuncio-de-indicados-em-meio-a-incendios-em-los-angeles\/#primaryimage"},"thumbnailUrl":"https:\/\/transamerica93.com.br\/home\/wp-content\/uploads\/2025\/01\/Sem-titulo-3.png","datePublished":"2025-01-16T16:44:42+00:00","breadcrumb":{"@id":"https:\/\/transamerica93.com.br\/home\/oscar-2025-adia-novamente-anuncio-de-indicados-em-meio-a-incendios-em-los-angeles\/#breadcrumb"},"inLanguage":"pt-BR","potentialAction":[{"@type":"ReadAction","target":["https:\/\/transamerica93.com.br\/home\/oscar-2025-adia-novamente-anuncio-de-indicados-em-meio-a-incendios-em-los-angeles\/"]}]},{"@type":"ImageObject","inLanguage":"pt-BR","@id":"https:\/\/transamerica93.com.br\/home\/oscar-2025-adia-novamente-anuncio-de-indicados-em-meio-a-incendios-em-los-angeles\/#primaryimage","url":"https:\/\/transamerica93.com.br\/home\/wp-content\/uploads\/2025\/01\/Sem-titulo-3.png","contentUrl":"https:\/\/transamerica93.com.br\/home\/wp-content\/uploads\/2025\/01\/Sem-titulo-3.png","width":800,"height":448,"caption":"Foto: Reprodu\u00e7\u00e3o\/Instagram"},{"@type":"BreadcrumbList","@id":"https:\/\/transamerica93.com.br\/home\/oscar-2025-adia-novamente-anuncio-de-indicados-em-meio-a-incendios-em-los-angeles\/#breadcrumb","itemListElement":[{"@type":"ListItem","position":1,"name":"In\u00edcio","item":"https:\/\/transamerica93.com.br\/home\/"},{"@type":"ListItem","position":2,"name":"Oscar 2025 adia novamente an\u00fancio de indicados em meio a inc\u00eandios em Los Angeles"}]},{"@type":"WebSite","@id":"https:\/\/transamerica93.com.br\/home\/#website","url":"https:\/\/transamerica93.com.br\/home\/","name":"Transam\u00e9rica Mococa 93,3","description":"","publisher":{"@id":"https:\/\/transamerica93.com.br\/home\/#organization"},"potentialAction":[{"@type":"SearchAction","target":{"@type":"EntryPoint","urlTemplate":"https:\/\/transamerica93.com.br\/home\/?s={search_term_string}"},"query-input":{"@type":"PropertyValueSpecification","valueRequired":true,"valueName":"search_term_string"}}],"inLanguage":"pt-BR"},{"@type":"Organization","@id":"https:\/\/transamerica93.com.br\/home\/#organization","name":"Transam\u00e9rica Mococa 93,3","url":"https:\/\/transamerica93.com.br\/home\/","logo":{"@type":"ImageObject","inLanguage":"pt-BR","@id":"https:\/\/transamerica93.com.br\/home\/#\/schema\/logo\/image\/","url":"https:\/\/transamerica93.com.br\/home\/wp-content\/uploads\/2023\/10\/logo2.png","contentUrl":"https:\/\/transamerica93.com.br\/home\/wp-content\/uploads\/2023\/10\/logo2.png","width":800,"height":500,"caption":"Transam\u00e9rica Mococa 93,3"},"image":{"@id":"https:\/\/transamerica93.com.br\/home\/#\/schema\/logo\/image\/"},"sameAs":["https:\/\/www.facebook.com\/transamericamococa","https:\/\/x.com\/transamerica933","https:\/\/www.instagram.com\/transamericamococa"]},{"@type":"Person","@id":"https:\/\/transamerica93.com.br\/home\/#\/schema\/person\/7fed7c99c0d4562efa8561bc0f543172","name":"Reda\u00e7\u00e3o","image":{"@type":"ImageObject","inLanguage":"pt-BR","@id":"https:\/\/secure.gravatar.com\/avatar\/1072c6b775fb02ef8506ce967551d95926669a6b7d2c2147b42eea4d7c68395e?s=96&d=mm&r=g","url":"https:\/\/secure.gravatar.com\/avatar\/1072c6b775fb02ef8506ce967551d95926669a6b7d2c2147b42eea4d7c68395e?s=96&d=mm&r=g","contentUrl":"https:\/\/secure.gravatar.com\/avatar\/1072c6b775fb02ef8506ce967551d95926669a6b7d2c2147b42eea4d7c68395e?s=96&d=mm&r=g","caption":"Reda\u00e7\u00e3o"},"sameAs":["https:\/\/transamerica93.com.br\/home"],"url":"https:\/\/transamerica93.com.br\/home\/author\/william\/"}]}},"_links":{"self":[{"href":"https:\/\/transamerica93.com.br\/home\/wp-json\/wp\/v2\/posts\/4492","targetHints":{"allow":["GET"]}}],"collection":[{"href":"https:\/\/transamerica93.com.br\/home\/wp-json\/wp\/v2\/posts"}],"about":[{"href":"https:\/\/transamerica93.com.br\/home\/wp-json\/wp\/v2\/types\/post"}],"author":[{"embeddable":true,"href":"https:\/\/transamerica93.com.br\/home\/wp-json\/wp\/v2\/users\/1"}],"replies":[{"embeddable":true,"href":"https:\/\/transamerica93.com.br\/home\/wp-json\/wp\/v2\/comments?post=4492"}],"version-history":[{"count":1,"href":"https:\/\/transamerica93.com.br\/home\/wp-json\/wp\/v2\/posts\/4492\/revisions"}],"predecessor-version":[{"id":4494,"href":"https:\/\/transamerica93.com.br\/home\/wp-json\/wp\/v2\/posts\/4492\/revisions\/4494"}],"wp:featuredmedia":[{"embeddable":true,"href":"https:\/\/transamerica93.com.br\/home\/wp-json\/wp\/v2\/media\/4493"}],"wp:attachment":[{"href":"https:\/\/transamerica93.com.br\/home\/wp-json\/wp\/v2\/media?parent=4492"}],"wp:term":[{"taxonomy":"category","embeddable":true,"href":"https:\/\/transamerica93.com.br\/home\/wp-json\/wp\/v2\/categories?post=4492"},{"taxonomy":"post_tag","embeddable":true,"href":"https:\/\/transamerica93.com.br\/home\/wp-json\/wp\/v2\/tags?post=4492"}],"curies":[{"name":"wp","href":"https:\/\/api.w.org\/{rel}","templated":true}]}}