{"id":4504,"date":"2025-01-22T09:00:31","date_gmt":"2025-01-22T12:00:31","guid":{"rendered":"https:\/\/transamerica93.com.br\/home\/?p=4504"},"modified":"2025-01-16T14:19:15","modified_gmt":"2025-01-16T17:19:15","slug":"vendas-de-cimento-crescem-em-2024-e-recuperam-perdas-de-dois-anos","status":"publish","type":"post","link":"https:\/\/transamerica93.com.br\/home\/vendas-de-cimento-crescem-em-2024-e-recuperam-perdas-de-dois-anos\/","title":{"rendered":"Vendas de cimento crescem em 2024 e recuperam perdas de dois anos"},"content":{"rendered":"<div class=\"conteudo-noticia\">\n<p>Balan\u00e7o do Sindicato Nacional da Ind\u00fastria de Cimento (SNIC) sobre a produ\u00e7\u00e3o em 2024 revelou crescimento na produ\u00e7\u00e3o anual do insumo, base da constru\u00e7\u00e3o civil e uma das mat\u00e9rias-primas que mais influenciam os pre\u00e7os do setor. Segundo o SNIC, no ano passado, foram vendidas 64,7 milh\u00f5es de toneladas, com aumento de 3,9% em rela\u00e7\u00e3o a 2023 e saldo de 2 milh\u00f5es de toneladas.<\/p>\n<p>A regi\u00e3o com maior aumento foi a Norte, menor mercado do pa\u00eds, com percentual de 10%, o que representa pouco mais de 10% do que consumiu o Sudeste, onde o crescimento foi de 2,8%. O resultado poderia ter sido melhor, mas os efeitos do clima extremo, com inunda\u00e7\u00f5es no Rio Grande do Sul e secas generalizadas no centro do pa\u00eds, frearam parte das vendas.<img decoding=\"async\" data-src=\"https:\/\/agenciabrasil.ebc.com.br\/ebc.png?id=1626812&amp;o=node\" src=\"data:image\/svg+xml;base64,PHN2ZyB3aWR0aD0iMSIgaGVpZ2h0PSIxIiB4bWxucz0iaHR0cDovL3d3dy53My5vcmcvMjAwMC9zdmciPjwvc3ZnPg==\" class=\"lazyload\" \/><img decoding=\"async\" data-src=\"https:\/\/agenciabrasil.ebc.com.br\/ebc.gif?id=1626812&amp;o=node\" src=\"data:image\/svg+xml;base64,PHN2ZyB3aWR0aD0iMSIgaGVpZ2h0PSIxIiB4bWxucz0iaHR0cDovL3d3dy53My5vcmcvMjAwMC9zdmciPjwvc3ZnPg==\" class=\"lazyload\" \/><\/p>\n<p>O setor vinha de duas quedas consecutivas, de 2,8% em 2022 e de 0,89% em 2023. O patamar atual ainda est\u00e1 quase 10 milh\u00f5es de toneladas abaixo do comercializado em 2014, quando foram vendidas 73 milh\u00f5es de toneladas de cimento no pa\u00eds. \u00c0 \u00e9poca, o Programa de Acelera\u00e7\u00e3o do Crescimento (PAC) 2 havia aumentado os investimentos em infraestrutura, pouco antes da crise econ\u00f4mica, que durou at\u00e9 2017 e impactou investimentos p\u00fablicos e privados no setor.<\/p>\n<p>Em nota, o Sindicato Nacional da Ind\u00fastria de Cimento atribuiu o desempenho positivo \u00e0 melhora continua do mercado de trabalho e da renda da popula\u00e7\u00e3o, com aumento de massa salarial e aquecimento do mercado imobili\u00e1rio, puxados pela retomada de obras do programa Minha Casa, Minha Vida.<\/p>\n<p>O setor da constru\u00e7\u00e3o civil, por\u00e9m, teve press\u00e3o contr\u00e1ria aos investimentos com o aumento das taxas de juros, do custo da m\u00e3o de obra e com a manuten\u00e7\u00e3o de patamares elevados de endividamento e inadimpl\u00eancia. A entidade patronal demonstrou preocupa\u00e7\u00e3o com a diminui\u00e7\u00e3o dos recursos para financiamento habitacional e o aumento do comprometimento da renda das fam\u00edlias, com impacto inclusive do aumento das apostas esportivas no or\u00e7amento das fam\u00edlias. Para o setor, em um racioc\u00ednio direto, menos dinheiro circulando significa menos investimento em novos im\u00f3veis e tamb\u00e9m em pequenas reformas, pois as vendas de varejo ainda t\u00eam peso consider\u00e1vel no setor, estimado em mais de 50% das vendas totais.<\/p>\n<p>Representantes da constru\u00e7\u00e3o civil criticaram a demora na libera\u00e7\u00e3o de recursos do m\u00f3dulo atual do\u00a0 PAC, que sofreu cortes. Para a ind\u00fastria, h\u00e1 d\u00favidas tamb\u00e9m com o comportamento do mercado externo, pois o pre\u00e7o do d\u00f3lar afeta a constru\u00e7\u00e3o civil e os investimentos em infraestrutura. Tal impacto pode ser diminu\u00eddo com a regula\u00e7\u00e3o do mercado de carbono no pa\u00eds, pois o setor tem aumentado o volume de res\u00edduos industriais usados como mat\u00e9ria-prima para o cimento, diminuindo o consumo de combust\u00edveis f\u00f3sseis, principalmente na alimenta\u00e7\u00e3o de fornos industriais.<\/p>\n<p>A nota t\u00e9cnica do sindicato prev\u00ea ainda crescimento na casa de 1% este ano, atrelado \u00e0 concretiza\u00e7\u00e3o de investimentos previstos em projetos de habita\u00e7\u00e3o, saneamento e log\u00edstica, que tem previs\u00e3o de rodadas de concess\u00e3o ainda no primeiro semestre de 2025.<\/p>\n<div class=\"noticias-relacionadas rel-position rowflex\">\n<div class=\"titulo-noticia-relacionada\"><\/div>\n<\/div>\n<\/div>\n<div class=\"footer-noticia\">\n<div class=\"editor rowflex\">Edi\u00e7\u00e3o: N\u00e1dia Franco<\/div>\n<\/div>\n","protected":false},"excerpt":{"rendered":"<p>Balan\u00e7o do Sindicato Nacional da Ind\u00fastria de Cimento (SNIC) sobre a produ\u00e7\u00e3o em 2024 revelou crescimento na produ\u00e7\u00e3o anual do insumo, base da constru\u00e7\u00e3o civil e uma das mat\u00e9rias-primas que mais influenciam os pre\u00e7os do setor. Segundo o SNIC, no ano passado, foram vendidas 64,7 milh\u00f5es de toneladas, com aumento de 3,9% em rela\u00e7\u00e3o a &hellip;<\/p>\n","protected":false},"author":1,"featured_media":4505,"comment_status":"closed","ping_status":"closed","sticky":false,"template":"","format":"standard","meta":{"footnotes":""},"categories":[30],"tags":[],"class_list":["post-4504","post","type-post","status-publish","format-standard","has-post-thumbnail","hentry","category-geral"],"yoast_head":"<!-- This site is optimized with the Yoast SEO plugin v27.4 - https:\/\/yoast.com\/product\/yoast-seo-wordpress\/ -->\n<title>Vendas de cimento crescem em 2024 e recuperam perdas de dois anos - Transam\u00e9rica Mococa 93,3<\/title>\n<meta name=\"robots\" content=\"index, follow, max-snippet:-1, max-image-preview:large, max-video-preview:-1\" \/>\n<link rel=\"canonical\" href=\"https:\/\/transamerica93.com.br\/home\/vendas-de-cimento-crescem-em-2024-e-recuperam-perdas-de-dois-anos\/\" \/>\n<meta property=\"og:locale\" content=\"pt_BR\" \/>\n<meta property=\"og:type\" content=\"article\" \/>\n<meta property=\"og:title\" content=\"Vendas de cimento crescem em 2024 e recuperam perdas de dois anos - Transam\u00e9rica Mococa 93,3\" \/>\n<meta property=\"og:description\" content=\"Balan\u00e7o do Sindicato Nacional da Ind\u00fastria de Cimento (SNIC) sobre a produ\u00e7\u00e3o em 2024 revelou crescimento na produ\u00e7\u00e3o anual do insumo, base da constru\u00e7\u00e3o civil e uma das mat\u00e9rias-primas que mais influenciam os pre\u00e7os do setor. Segundo o SNIC, no ano passado, foram vendidas 64,7 milh\u00f5es de toneladas, com aumento de 3,9% em rela\u00e7\u00e3o a &hellip;\" \/>\n<meta property=\"og:url\" content=\"https:\/\/transamerica93.com.br\/home\/vendas-de-cimento-crescem-em-2024-e-recuperam-perdas-de-dois-anos\/\" \/>\n<meta property=\"og:site_name\" content=\"Transam\u00e9rica Mococa 93,3\" \/>\n<meta property=\"article:publisher\" content=\"https:\/\/www.facebook.com\/transamericamococa\" \/>\n<meta property=\"article:published_time\" content=\"2025-01-22T12:00:31+00:00\" \/>\n<meta property=\"og:image\" content=\"https:\/\/transamerica93.com.br\/home\/wp-content\/uploads\/2025\/01\/2.jpg\" \/>\n\t<meta property=\"og:image:width\" content=\"1170\" \/>\n\t<meta property=\"og:image:height\" content=\"700\" \/>\n\t<meta property=\"og:image:type\" content=\"image\/jpeg\" \/>\n<meta name=\"author\" content=\"Reda\u00e7\u00e3o\" \/>\n<meta name=\"twitter:card\" content=\"summary_large_image\" \/>\n<meta name=\"twitter:creator\" content=\"@transamerica933\" \/>\n<meta name=\"twitter:site\" content=\"@transamerica933\" \/>\n<meta name=\"twitter:label1\" content=\"Escrito por\" \/>\n\t<meta name=\"twitter:data1\" content=\"Reda\u00e7\u00e3o\" \/>\n\t<meta name=\"twitter:label2\" content=\"Est. tempo de leitura\" \/>\n\t<meta name=\"twitter:data2\" content=\"4 minutos\" \/>\n<script type=\"application\/ld+json\" class=\"yoast-schema-graph\">{\"@context\":\"https:\\\/\\\/schema.org\",\"@graph\":[{\"@type\":\"Article\",\"@id\":\"https:\\\/\\\/transamerica93.com.br\\\/home\\\/vendas-de-cimento-crescem-em-2024-e-recuperam-perdas-de-dois-anos\\\/#article\",\"isPartOf\":{\"@id\":\"https:\\\/\\\/transamerica93.com.br\\\/home\\\/vendas-de-cimento-crescem-em-2024-e-recuperam-perdas-de-dois-anos\\\/\"},\"author\":{\"name\":\"Reda\u00e7\u00e3o\",\"@id\":\"https:\\\/\\\/transamerica93.com.br\\\/home\\\/#\\\/schema\\\/person\\\/7fed7c99c0d4562efa8561bc0f543172\"},\"headline\":\"Vendas de cimento crescem em 2024 e recuperam perdas de dois anos\",\"datePublished\":\"2025-01-22T12:00:31+00:00\",\"mainEntityOfPage\":{\"@id\":\"https:\\\/\\\/transamerica93.com.br\\\/home\\\/vendas-de-cimento-crescem-em-2024-e-recuperam-perdas-de-dois-anos\\\/\"},\"wordCount\":540,\"publisher\":{\"@id\":\"https:\\\/\\\/transamerica93.com.br\\\/home\\\/#organization\"},\"image\":{\"@id\":\"https:\\\/\\\/transamerica93.com.br\\\/home\\\/vendas-de-cimento-crescem-em-2024-e-recuperam-perdas-de-dois-anos\\\/#primaryimage\"},\"thumbnailUrl\":\"https:\\\/\\\/transamerica93.com.br\\\/home\\\/wp-content\\\/uploads\\\/2025\\\/01\\\/2.jpg\",\"articleSection\":[\"Geral\"],\"inLanguage\":\"pt-BR\"},{\"@type\":\"WebPage\",\"@id\":\"https:\\\/\\\/transamerica93.com.br\\\/home\\\/vendas-de-cimento-crescem-em-2024-e-recuperam-perdas-de-dois-anos\\\/\",\"url\":\"https:\\\/\\\/transamerica93.com.br\\\/home\\\/vendas-de-cimento-crescem-em-2024-e-recuperam-perdas-de-dois-anos\\\/\",\"name\":\"Vendas de cimento crescem em 2024 e recuperam perdas de dois anos - Transam\u00e9rica Mococa 93,3\",\"isPartOf\":{\"@id\":\"https:\\\/\\\/transamerica93.com.br\\\/home\\\/#website\"},\"primaryImageOfPage\":{\"@id\":\"https:\\\/\\\/transamerica93.com.br\\\/home\\\/vendas-de-cimento-crescem-em-2024-e-recuperam-perdas-de-dois-anos\\\/#primaryimage\"},\"image\":{\"@id\":\"https:\\\/\\\/transamerica93.com.br\\\/home\\\/vendas-de-cimento-crescem-em-2024-e-recuperam-perdas-de-dois-anos\\\/#primaryimage\"},\"thumbnailUrl\":\"https:\\\/\\\/transamerica93.com.br\\\/home\\\/wp-content\\\/uploads\\\/2025\\\/01\\\/2.jpg\",\"datePublished\":\"2025-01-22T12:00:31+00:00\",\"breadcrumb\":{\"@id\":\"https:\\\/\\\/transamerica93.com.br\\\/home\\\/vendas-de-cimento-crescem-em-2024-e-recuperam-perdas-de-dois-anos\\\/#breadcrumb\"},\"inLanguage\":\"pt-BR\",\"potentialAction\":[{\"@type\":\"ReadAction\",\"target\":[\"https:\\\/\\\/transamerica93.com.br\\\/home\\\/vendas-de-cimento-crescem-em-2024-e-recuperam-perdas-de-dois-anos\\\/\"]}]},{\"@type\":\"ImageObject\",\"inLanguage\":\"pt-BR\",\"@id\":\"https:\\\/\\\/transamerica93.com.br\\\/home\\\/vendas-de-cimento-crescem-em-2024-e-recuperam-perdas-de-dois-anos\\\/#primaryimage\",\"url\":\"https:\\\/\\\/transamerica93.com.br\\\/home\\\/wp-content\\\/uploads\\\/2025\\\/01\\\/2.jpg\",\"contentUrl\":\"https:\\\/\\\/transamerica93.com.br\\\/home\\\/wp-content\\\/uploads\\\/2025\\\/01\\\/2.jpg\",\"width\":1170,\"height\":700,\"caption\":\"\u00a9 Fernando Fraz\u00e3o\\\/Ag\u00eancia Brasil\\\/Arquivo\"},{\"@type\":\"BreadcrumbList\",\"@id\":\"https:\\\/\\\/transamerica93.com.br\\\/home\\\/vendas-de-cimento-crescem-em-2024-e-recuperam-perdas-de-dois-anos\\\/#breadcrumb\",\"itemListElement\":[{\"@type\":\"ListItem\",\"position\":1,\"name\":\"In\u00edcio\",\"item\":\"https:\\\/\\\/transamerica93.com.br\\\/home\\\/\"},{\"@type\":\"ListItem\",\"position\":2,\"name\":\"Vendas de cimento crescem em 2024 e recuperam perdas de dois anos\"}]},{\"@type\":\"WebSite\",\"@id\":\"https:\\\/\\\/transamerica93.com.br\\\/home\\\/#website\",\"url\":\"https:\\\/\\\/transamerica93.com.br\\\/home\\\/\",\"name\":\"Transam\u00e9rica Mococa 93,3\",\"description\":\"\",\"publisher\":{\"@id\":\"https:\\\/\\\/transamerica93.com.br\\\/home\\\/#organization\"},\"potentialAction\":[{\"@type\":\"SearchAction\",\"target\":{\"@type\":\"EntryPoint\",\"urlTemplate\":\"https:\\\/\\\/transamerica93.com.br\\\/home\\\/?s={search_term_string}\"},\"query-input\":{\"@type\":\"PropertyValueSpecification\",\"valueRequired\":true,\"valueName\":\"search_term_string\"}}],\"inLanguage\":\"pt-BR\"},{\"@type\":\"Organization\",\"@id\":\"https:\\\/\\\/transamerica93.com.br\\\/home\\\/#organization\",\"name\":\"Transam\u00e9rica Mococa 93,3\",\"url\":\"https:\\\/\\\/transamerica93.com.br\\\/home\\\/\",\"logo\":{\"@type\":\"ImageObject\",\"inLanguage\":\"pt-BR\",\"@id\":\"https:\\\/\\\/transamerica93.com.br\\\/home\\\/#\\\/schema\\\/logo\\\/image\\\/\",\"url\":\"https:\\\/\\\/transamerica93.com.br\\\/home\\\/wp-content\\\/uploads\\\/2023\\\/10\\\/logo2.png\",\"contentUrl\":\"https:\\\/\\\/transamerica93.com.br\\\/home\\\/wp-content\\\/uploads\\\/2023\\\/10\\\/logo2.png\",\"width\":800,\"height\":500,\"caption\":\"Transam\u00e9rica Mococa 93,3\"},\"image\":{\"@id\":\"https:\\\/\\\/transamerica93.com.br\\\/home\\\/#\\\/schema\\\/logo\\\/image\\\/\"},\"sameAs\":[\"https:\\\/\\\/www.facebook.com\\\/transamericamococa\",\"https:\\\/\\\/x.com\\\/transamerica933\",\"https:\\\/\\\/www.instagram.com\\\/transamericamococa\"]},{\"@type\":\"Person\",\"@id\":\"https:\\\/\\\/transamerica93.com.br\\\/home\\\/#\\\/schema\\\/person\\\/7fed7c99c0d4562efa8561bc0f543172\",\"name\":\"Reda\u00e7\u00e3o\",\"image\":{\"@type\":\"ImageObject\",\"inLanguage\":\"pt-BR\",\"@id\":\"https:\\\/\\\/secure.gravatar.com\\\/avatar\\\/1072c6b775fb02ef8506ce967551d95926669a6b7d2c2147b42eea4d7c68395e?s=96&d=mm&r=g\",\"url\":\"https:\\\/\\\/secure.gravatar.com\\\/avatar\\\/1072c6b775fb02ef8506ce967551d95926669a6b7d2c2147b42eea4d7c68395e?s=96&d=mm&r=g\",\"contentUrl\":\"https:\\\/\\\/secure.gravatar.com\\\/avatar\\\/1072c6b775fb02ef8506ce967551d95926669a6b7d2c2147b42eea4d7c68395e?s=96&d=mm&r=g\",\"caption\":\"Reda\u00e7\u00e3o\"},\"sameAs\":[\"https:\\\/\\\/transamerica93.com.br\\\/home\"],\"url\":\"https:\\\/\\\/transamerica93.com.br\\\/home\\\/author\\\/william\\\/\"}]}<\/script>\n<!-- \/ Yoast SEO plugin. -->","yoast_head_json":{"title":"Vendas de cimento crescem em 2024 e recuperam perdas de dois anos - Transam\u00e9rica Mococa 93,3","robots":{"index":"index","follow":"follow","max-snippet":"max-snippet:-1","max-image-preview":"max-image-preview:large","max-video-preview":"max-video-preview:-1"},"canonical":"https:\/\/transamerica93.com.br\/home\/vendas-de-cimento-crescem-em-2024-e-recuperam-perdas-de-dois-anos\/","og_locale":"pt_BR","og_type":"article","og_title":"Vendas de cimento crescem em 2024 e recuperam perdas de dois anos - Transam\u00e9rica Mococa 93,3","og_description":"Balan\u00e7o do Sindicato Nacional da Ind\u00fastria de Cimento (SNIC) sobre a produ\u00e7\u00e3o em 2024 revelou crescimento na produ\u00e7\u00e3o anual do insumo, base da constru\u00e7\u00e3o civil e uma das mat\u00e9rias-primas que mais influenciam os pre\u00e7os do setor. Segundo o SNIC, no ano passado, foram vendidas 64,7 milh\u00f5es de toneladas, com aumento de 3,9% em rela\u00e7\u00e3o a &hellip;","og_url":"https:\/\/transamerica93.com.br\/home\/vendas-de-cimento-crescem-em-2024-e-recuperam-perdas-de-dois-anos\/","og_site_name":"Transam\u00e9rica Mococa 93,3","article_publisher":"https:\/\/www.facebook.com\/transamericamococa","article_published_time":"2025-01-22T12:00:31+00:00","og_image":[{"width":1170,"height":700,"url":"https:\/\/transamerica93.com.br\/home\/wp-content\/uploads\/2025\/01\/2.jpg","type":"image\/jpeg"}],"author":"Reda\u00e7\u00e3o","twitter_card":"summary_large_image","twitter_creator":"@transamerica933","twitter_site":"@transamerica933","twitter_misc":{"Escrito por":"Reda\u00e7\u00e3o","Est. tempo de leitura":"4 minutos"},"schema":{"@context":"https:\/\/schema.org","@graph":[{"@type":"Article","@id":"https:\/\/transamerica93.com.br\/home\/vendas-de-cimento-crescem-em-2024-e-recuperam-perdas-de-dois-anos\/#article","isPartOf":{"@id":"https:\/\/transamerica93.com.br\/home\/vendas-de-cimento-crescem-em-2024-e-recuperam-perdas-de-dois-anos\/"},"author":{"name":"Reda\u00e7\u00e3o","@id":"https:\/\/transamerica93.com.br\/home\/#\/schema\/person\/7fed7c99c0d4562efa8561bc0f543172"},"headline":"Vendas de cimento crescem em 2024 e recuperam perdas de dois anos","datePublished":"2025-01-22T12:00:31+00:00","mainEntityOfPage":{"@id":"https:\/\/transamerica93.com.br\/home\/vendas-de-cimento-crescem-em-2024-e-recuperam-perdas-de-dois-anos\/"},"wordCount":540,"publisher":{"@id":"https:\/\/transamerica93.com.br\/home\/#organization"},"image":{"@id":"https:\/\/transamerica93.com.br\/home\/vendas-de-cimento-crescem-em-2024-e-recuperam-perdas-de-dois-anos\/#primaryimage"},"thumbnailUrl":"https:\/\/transamerica93.com.br\/home\/wp-content\/uploads\/2025\/01\/2.jpg","articleSection":["Geral"],"inLanguage":"pt-BR"},{"@type":"WebPage","@id":"https:\/\/transamerica93.com.br\/home\/vendas-de-cimento-crescem-em-2024-e-recuperam-perdas-de-dois-anos\/","url":"https:\/\/transamerica93.com.br\/home\/vendas-de-cimento-crescem-em-2024-e-recuperam-perdas-de-dois-anos\/","name":"Vendas de cimento crescem em 2024 e recuperam perdas de dois anos - Transam\u00e9rica Mococa 93,3","isPartOf":{"@id":"https:\/\/transamerica93.com.br\/home\/#website"},"primaryImageOfPage":{"@id":"https:\/\/transamerica93.com.br\/home\/vendas-de-cimento-crescem-em-2024-e-recuperam-perdas-de-dois-anos\/#primaryimage"},"image":{"@id":"https:\/\/transamerica93.com.br\/home\/vendas-de-cimento-crescem-em-2024-e-recuperam-perdas-de-dois-anos\/#primaryimage"},"thumbnailUrl":"https:\/\/transamerica93.com.br\/home\/wp-content\/uploads\/2025\/01\/2.jpg","datePublished":"2025-01-22T12:00:31+00:00","breadcrumb":{"@id":"https:\/\/transamerica93.com.br\/home\/vendas-de-cimento-crescem-em-2024-e-recuperam-perdas-de-dois-anos\/#breadcrumb"},"inLanguage":"pt-BR","potentialAction":[{"@type":"ReadAction","target":["https:\/\/transamerica93.com.br\/home\/vendas-de-cimento-crescem-em-2024-e-recuperam-perdas-de-dois-anos\/"]}]},{"@type":"ImageObject","inLanguage":"pt-BR","@id":"https:\/\/transamerica93.com.br\/home\/vendas-de-cimento-crescem-em-2024-e-recuperam-perdas-de-dois-anos\/#primaryimage","url":"https:\/\/transamerica93.com.br\/home\/wp-content\/uploads\/2025\/01\/2.jpg","contentUrl":"https:\/\/transamerica93.com.br\/home\/wp-content\/uploads\/2025\/01\/2.jpg","width":1170,"height":700,"caption":"\u00a9 Fernando Fraz\u00e3o\/Ag\u00eancia Brasil\/Arquivo"},{"@type":"BreadcrumbList","@id":"https:\/\/transamerica93.com.br\/home\/vendas-de-cimento-crescem-em-2024-e-recuperam-perdas-de-dois-anos\/#breadcrumb","itemListElement":[{"@type":"ListItem","position":1,"name":"In\u00edcio","item":"https:\/\/transamerica93.com.br\/home\/"},{"@type":"ListItem","position":2,"name":"Vendas de cimento crescem em 2024 e recuperam perdas de dois anos"}]},{"@type":"WebSite","@id":"https:\/\/transamerica93.com.br\/home\/#website","url":"https:\/\/transamerica93.com.br\/home\/","name":"Transam\u00e9rica Mococa 93,3","description":"","publisher":{"@id":"https:\/\/transamerica93.com.br\/home\/#organization"},"potentialAction":[{"@type":"SearchAction","target":{"@type":"EntryPoint","urlTemplate":"https:\/\/transamerica93.com.br\/home\/?s={search_term_string}"},"query-input":{"@type":"PropertyValueSpecification","valueRequired":true,"valueName":"search_term_string"}}],"inLanguage":"pt-BR"},{"@type":"Organization","@id":"https:\/\/transamerica93.com.br\/home\/#organization","name":"Transam\u00e9rica Mococa 93,3","url":"https:\/\/transamerica93.com.br\/home\/","logo":{"@type":"ImageObject","inLanguage":"pt-BR","@id":"https:\/\/transamerica93.com.br\/home\/#\/schema\/logo\/image\/","url":"https:\/\/transamerica93.com.br\/home\/wp-content\/uploads\/2023\/10\/logo2.png","contentUrl":"https:\/\/transamerica93.com.br\/home\/wp-content\/uploads\/2023\/10\/logo2.png","width":800,"height":500,"caption":"Transam\u00e9rica Mococa 93,3"},"image":{"@id":"https:\/\/transamerica93.com.br\/home\/#\/schema\/logo\/image\/"},"sameAs":["https:\/\/www.facebook.com\/transamericamococa","https:\/\/x.com\/transamerica933","https:\/\/www.instagram.com\/transamericamococa"]},{"@type":"Person","@id":"https:\/\/transamerica93.com.br\/home\/#\/schema\/person\/7fed7c99c0d4562efa8561bc0f543172","name":"Reda\u00e7\u00e3o","image":{"@type":"ImageObject","inLanguage":"pt-BR","@id":"https:\/\/secure.gravatar.com\/avatar\/1072c6b775fb02ef8506ce967551d95926669a6b7d2c2147b42eea4d7c68395e?s=96&d=mm&r=g","url":"https:\/\/secure.gravatar.com\/avatar\/1072c6b775fb02ef8506ce967551d95926669a6b7d2c2147b42eea4d7c68395e?s=96&d=mm&r=g","contentUrl":"https:\/\/secure.gravatar.com\/avatar\/1072c6b775fb02ef8506ce967551d95926669a6b7d2c2147b42eea4d7c68395e?s=96&d=mm&r=g","caption":"Reda\u00e7\u00e3o"},"sameAs":["https:\/\/transamerica93.com.br\/home"],"url":"https:\/\/transamerica93.com.br\/home\/author\/william\/"}]}},"_links":{"self":[{"href":"https:\/\/transamerica93.com.br\/home\/wp-json\/wp\/v2\/posts\/4504","targetHints":{"allow":["GET"]}}],"collection":[{"href":"https:\/\/transamerica93.com.br\/home\/wp-json\/wp\/v2\/posts"}],"about":[{"href":"https:\/\/transamerica93.com.br\/home\/wp-json\/wp\/v2\/types\/post"}],"author":[{"embeddable":true,"href":"https:\/\/transamerica93.com.br\/home\/wp-json\/wp\/v2\/users\/1"}],"replies":[{"embeddable":true,"href":"https:\/\/transamerica93.com.br\/home\/wp-json\/wp\/v2\/comments?post=4504"}],"version-history":[{"count":1,"href":"https:\/\/transamerica93.com.br\/home\/wp-json\/wp\/v2\/posts\/4504\/revisions"}],"predecessor-version":[{"id":4506,"href":"https:\/\/transamerica93.com.br\/home\/wp-json\/wp\/v2\/posts\/4504\/revisions\/4506"}],"wp:featuredmedia":[{"embeddable":true,"href":"https:\/\/transamerica93.com.br\/home\/wp-json\/wp\/v2\/media\/4505"}],"wp:attachment":[{"href":"https:\/\/transamerica93.com.br\/home\/wp-json\/wp\/v2\/media?parent=4504"}],"wp:term":[{"taxonomy":"category","embeddable":true,"href":"https:\/\/transamerica93.com.br\/home\/wp-json\/wp\/v2\/categories?post=4504"},{"taxonomy":"post_tag","embeddable":true,"href":"https:\/\/transamerica93.com.br\/home\/wp-json\/wp\/v2\/tags?post=4504"}],"curies":[{"name":"wp","href":"https:\/\/api.w.org\/{rel}","templated":true}]}}