{"id":4518,"date":"2025-01-21T12:00:21","date_gmt":"2025-01-21T15:00:21","guid":{"rendered":"https:\/\/transamerica93.com.br\/home\/?p=4518"},"modified":"2025-01-16T14:33:42","modified_gmt":"2025-01-16T17:33:42","slug":"novo-presidente-do-cpb-mira-top-4-no-quadro-de-medalhas-em-los-angeles","status":"publish","type":"post","link":"https:\/\/transamerica93.com.br\/home\/novo-presidente-do-cpb-mira-top-4-no-quadro-de-medalhas-em-los-angeles\/","title":{"rendered":"Novo presidente do CPB mira top 4 no quadro de medalhas em Los Angeles"},"content":{"rendered":"<div class=\"conteudo-noticia\">\n<p>O Comit\u00ea Paral\u00edmpico Brasileiro (CPB) est\u00e1 com novo presidente desde 1\u00ba de janeiro. Pernambucano de 60 anos, Jos\u00e9 Ant\u00f4nio Freire perdeu a vis\u00e3o aos 15, devido a um descolamento de retina. Ligado ao paradesporto desde os 18 anos, ele foi jogador de futebol de cegos e comandou, nos \u00faltimos oito anos, a Confedera\u00e7\u00e3o Brasileira de Desportos de Deficientes Visuais (CBDV), respons\u00e1vel pelo futebol, e tamb\u00e9m do jud\u00f4 e goalball,\u00a0\u00fanica modalidade paral\u00edmpica que n\u00e3o \u00e9 uma adapta\u00e7\u00e3o.<img decoding=\"async\" data-src=\"https:\/\/agenciabrasil.ebc.com.br\/ebc.png?id=1626803&amp;o=node\" src=\"data:image\/svg+xml;base64,PHN2ZyB3aWR0aD0iMSIgaGVpZ2h0PSIxIiB4bWxucz0iaHR0cDovL3d3dy53My5vcmcvMjAwMC9zdmciPjwvc3ZnPg==\" class=\"lazyload\" \/><img decoding=\"async\" data-src=\"https:\/\/agenciabrasil.ebc.com.br\/ebc.gif?id=1626803&amp;o=node\" src=\"data:image\/svg+xml;base64,PHN2ZyB3aWR0aD0iMSIgaGVpZ2h0PSIxIiB4bWxucz0iaHR0cDovL3d3dy53My5vcmcvMjAwMC9zdmciPjwvc3ZnPg==\" class=\"lazyload\" \/><\/p>\n<blockquote><p>&#8220;Nessa \u00faltima Paralimp\u00edada [de Paris, na Fran\u00e7a, em 2024], as modalidades administradas pelo CPB [atletismo, nata\u00e7\u00e3o, halterofilismo e tiro esportivo] se sobressa\u00edram muito e a gente precisa colaborar com as demais confedera\u00e7\u00f5es, para que outras modalidades tenham o mesmo sucesso de medalhas&#8221;, projetou Jos\u00e9 Ant\u00f4nio, em entrevista \u00e0\u00a0<strong>Ag\u00eancia Brasil.<\/strong><\/p><\/blockquote>\n<p>Na Paralimp\u00edada de Paris, o Brasil atingiu um recorde de 89 medalhas, sendo 25 de ouro. O desempenho colocou o pa\u00eds no quinto lugar no quadro de resultados dos Jogos. Presente em 20 das 22 modalidades disputadas na capital francesa, a delega\u00e7\u00e3o verde e amarela foi ao p\u00f3dio em 12 delas. Al\u00e9m das quatro modalidades gerenciadas pelo CPB e das tr\u00eas pela CBDV, vieram medalhas no t\u00eanis de mesa,\u00a0triatlo, canoagem e taekwondo.<\/p>\n<blockquote><p>&#8220;Chegar ao top 5 \u00e9 uma coisa muito dif\u00edcil. Manter-se \u00e9 mais complicado ainda, mas, certamente, com o trabalho que foi feito e o que se vai fazer, n\u00e3o tenho d\u00favidas que o Brasil vai continuar [no topo] e, quem sabe, consiga um quarto lugar agora em Los Angeles [Estados Unidos, em 2028]&#8221;, disse o dirigente, cujo mandato \u00e9 de quatro anos, podendo ser reeleito para mais quatro.<\/p><\/blockquote>\n<div class=\"dnd-widget-wrapper context-cheio_8colunas type-image\">\n<div class=\"dnd-atom-rendered\"><img decoding=\"async\" title=\"ALESSANDRA CABRAL\" data-src=\"https:\/\/imagens.ebc.com.br\/PTI4XLInmHdRJ5GJ0knG6pxPRfs=\/754x0\/smart\/https:\/\/agenciabrasil.ebc.com.br\/sites\/default\/files\/thumbnails\/image\/2025\/01\/14\/jose_antonio_freire_e_mizael_cpb.jpg?itok=ehok0UrT\" alt=\"02.10.24 - O ATUAL PRESIDENTE MIZAEL CONRADO E O ELEITO JOS\u00c9 ANTONIO FREIRE - Elei\u00e7\u00f5es para Presid\u00eancia e Conselho Fiscal do CPB (Comit\u00ea Paral\u00edmpico Brasileiro) realizadas no CT Paral\u00edmpico, em S\u00e3o Paulo. Foto: Alessandra Cabral\/CPB\" src=\"data:image\/svg+xml;base64,PHN2ZyB3aWR0aD0iMSIgaGVpZ2h0PSIxIiB4bWxucz0iaHR0cDovL3d3dy53My5vcmcvMjAwMC9zdmciPjwvc3ZnPg==\" class=\"lazyload\" \/><\/div>\n<div class=\"dnd-caption-wrapper\">\n<div class=\"meta\">Jos\u00e9 Ant\u00f4nio Freire assumiu a presid\u00eancia do CPB\u00a0no lugar de Mizael Coutinho (\u00e0 direita na foto), respons\u00e1vel pelo planejamento estrat\u00e9gico de 20217, que norteou as a\u00e7\u00f5es da entidade durante dois ciclos paral\u00edmpicos &#8211;\u00a0por ALESSANDRA CABRAL<\/div>\n<div><\/div>\n<\/div>\n<\/div>\n<p>Jos\u00e9 Ant\u00f4nio assume o lugar que, nos \u00faltimos oito anos, foi de Mizael Conrado. Bicampe\u00e3o paral\u00edmpico de futebol de cegos, o paulista de 47 anos foi, tamb\u00e9m, vice-presidente do CPB entre 2009 e 2016, quando a entidade era comandada por Andrew Parsons, atual presidente do Comit\u00ea Paral\u00edmpico Internacional (IPC, na sigla em ingl\u00eas). Conforme Mizael, o planejamento estrat\u00e9gico desenvolvido em 2017 para nortear as a\u00e7\u00f5es da entidade nos dois ciclos que viriam pela frente (2020 e 2024) foi determinante para os resultados nos Jogos.<\/p>\n<blockquote><p>&#8220;A gente revisitou a miss\u00e3o do CPB e trouxe a inclus\u00e3o para o centro do prop\u00f3sito, que passou a ser, desde ent\u00e3o, a promo\u00e7\u00e3o do esporte paral\u00edmpico &#8211; da inicia\u00e7\u00e3o ao alto rendimento\u00a0 -,\u00a0 e a inclus\u00e3o da pessoa com defici\u00eancia na sociedade. Isso originou uma s\u00e9rie de novos programas, como a Educa\u00e7\u00e3o Paral\u00edmpica na Escola, que j\u00e1 capacitou mais de 62 mil professores no Brasil inteiro; os Centros de Refer\u00eancia, onde temos as escolinhas de esporte, que hoje s\u00e3o 74 no pa\u00eds, com mais de nove mil crian\u00e7as atendidas; e o Festival Paral\u00edmpico, que passou a ser a porta de entrada do movimento paral\u00edmpico [para jovens com defici\u00eancia]&#8221;, detalhou o agora ex-presidente.<\/p><\/blockquote>\n<div class=\"dnd-widget-wrapper context-cheio_8colunas type-image\">\n<div class=\"dnd-atom-rendered\"><img decoding=\"async\" title=\"ALE CABRAL\/CPB\" data-src=\"https:\/\/imagens.ebc.com.br\/kgoTAJ3PWn9Ca1wDPu1rnO6itj8=\/754x0\/smart\/https:\/\/agenciabrasil.ebc.com.br\/sites\/default\/files\/thumbnails\/image\/50665397917_d9a7c40b0a_n.jpg?itok=QQTEb3qc\" alt=\"Yohansson Nascimento - Vice-Presidente do PCB\" src=\"data:image\/svg+xml;base64,PHN2ZyB3aWR0aD0iMSIgaGVpZ2h0PSIxIiB4bWxucz0iaHR0cDovL3d3dy53My5vcmcvMjAwMC9zdmciPjwvc3ZnPg==\" class=\"lazyload\" \/><\/div>\n<div class=\"dnd-caption-wrapper\">\n<div class=\"meta\">Campe\u00e3o ol\u00edmpico no atletismo, Yohansson Nascimento ter\u00e1 um segundo mandato na vice-presid\u00eancia do CPB, sob o novo comando de Jos\u00e9 Ant\u00f4nio Freire &#8211;\u00a0<strong>ALE CABRAL\/CPB<\/strong><\/div>\n<\/div>\n<\/div>\n<blockquote><p>&#8220;[O planejamento estrat\u00e9gico para os ciclos de 2028 e 2032] Est\u00e1 em uma fase de constru\u00e7\u00e3o. Acho que j\u00e1 o teremos consolidado at\u00e9 mar\u00e7o ou abril. Temos feito um trabalho muito forte na base, com a perspectiva de que o Brasil continue avan\u00e7ando nessa pol\u00edtica de esporte, descobrindo novos atletas, mantendo o que a gente tem hoje, quem sabe at\u00e9 ampliando&#8221;, avaliou Jos\u00e9 Ant\u00f4nio, que anunciou o pr\u00f3prio Mizael para conduzir a Secretaria Geral do Comit\u00ea.<\/p><\/blockquote>\n<p>Outro elo entre as gest\u00f5es est\u00e1 na vice-presid\u00eancia, que segue a cargo de Yohansson Nascimento para um segundo mandato. O alagoano de 37 anos, medalhista paral\u00edmpico de ouro nos 200 metros da classe T46 (amputados de membros superiores) assumiu o posto em 2021, meses ap\u00f3s encerrar a carreira nas pistas, mesmo com \u00edndice para os Jogos de T\u00f3quio, no Jap\u00e3o.<\/p>\n<blockquote><p>&#8220;Tenho certeza que nunca aprendi tanto do esporte paral\u00edmpico como nos \u00faltimos quatro anos. A decis\u00e3o que eu tinha como atleta era individual. Agora, qualquer decis\u00e3o que eu tome no CPB vai impactar coletivamente e, principalmente, pessoas que sequer conhe\u00e7o. Sei que os desafios continuam. Nosso pa\u00eds tem dimens\u00f5es continentais, mas temos de continuar avan\u00e7ando e\u00a0levar o esporte paral\u00edmpico para todas as regi\u00f5es do Brasil&#8221;, concluiu Yohansson.<\/p><\/blockquote>\n<div class=\"noticias-relacionadas rel-position rowflex\">\n<div class=\"titulo-noticia-relacionada\"><\/div>\n<\/div>\n<\/div>\n<div class=\"footer-noticia\">\n<div class=\"editor rowflex\">Edi\u00e7\u00e3o: Cl\u00e1udia Soares Rodrigues<\/div>\n<\/div>\n","protected":false},"excerpt":{"rendered":"<p>O Comit\u00ea Paral\u00edmpico Brasileiro (CPB) est\u00e1 com novo presidente desde 1\u00ba de janeiro. Pernambucano de 60 anos, Jos\u00e9 Ant\u00f4nio Freire perdeu a vis\u00e3o aos 15, devido a um descolamento de retina. Ligado ao paradesporto desde os 18 anos, ele foi jogador de futebol de cegos e comandou, nos \u00faltimos oito anos, a Confedera\u00e7\u00e3o Brasileira de &hellip;<\/p>\n","protected":false},"author":1,"featured_media":4519,"comment_status":"closed","ping_status":"closed","sticky":false,"template":"","format":"standard","meta":{"footnotes":""},"categories":[31],"tags":[],"class_list":["post-4518","post","type-post","status-publish","format-standard","has-post-thumbnail","hentry","category-esportes"],"yoast_head":"<!-- This site is optimized with the Yoast SEO plugin v27.4 - https:\/\/yoast.com\/product\/yoast-seo-wordpress\/ -->\n<title>Novo presidente do CPB mira top 4 no quadro de medalhas em Los Angeles - Transam\u00e9rica Mococa 93,3<\/title>\n<meta name=\"robots\" content=\"index, follow, max-snippet:-1, max-image-preview:large, max-video-preview:-1\" \/>\n<link rel=\"canonical\" href=\"https:\/\/transamerica93.com.br\/home\/novo-presidente-do-cpb-mira-top-4-no-quadro-de-medalhas-em-los-angeles\/\" \/>\n<meta property=\"og:locale\" content=\"pt_BR\" \/>\n<meta property=\"og:type\" content=\"article\" \/>\n<meta property=\"og:title\" content=\"Novo presidente do CPB mira top 4 no quadro de medalhas em Los Angeles - Transam\u00e9rica Mococa 93,3\" \/>\n<meta property=\"og:description\" content=\"O Comit\u00ea Paral\u00edmpico Brasileiro (CPB) est\u00e1 com novo presidente desde 1\u00ba de janeiro. Pernambucano de 60 anos, Jos\u00e9 Ant\u00f4nio Freire perdeu a vis\u00e3o aos 15, devido a um descolamento de retina. Ligado ao paradesporto desde os 18 anos, ele foi jogador de futebol de cegos e comandou, nos \u00faltimos oito anos, a Confedera\u00e7\u00e3o Brasileira de &hellip;\" \/>\n<meta property=\"og:url\" content=\"https:\/\/transamerica93.com.br\/home\/novo-presidente-do-cpb-mira-top-4-no-quadro-de-medalhas-em-los-angeles\/\" \/>\n<meta property=\"og:site_name\" content=\"Transam\u00e9rica Mococa 93,3\" \/>\n<meta property=\"article:publisher\" content=\"https:\/\/www.facebook.com\/transamericamococa\" \/>\n<meta property=\"article:published_time\" content=\"2025-01-21T15:00:21+00:00\" \/>\n<meta property=\"og:image\" content=\"https:\/\/transamerica93.com.br\/home\/wp-content\/uploads\/2025\/01\/2-4.jpg\" \/>\n\t<meta property=\"og:image:width\" content=\"1170\" \/>\n\t<meta property=\"og:image:height\" content=\"700\" \/>\n\t<meta property=\"og:image:type\" content=\"image\/jpeg\" \/>\n<meta name=\"author\" content=\"Reda\u00e7\u00e3o\" \/>\n<meta name=\"twitter:card\" content=\"summary_large_image\" \/>\n<meta name=\"twitter:creator\" content=\"@transamerica933\" \/>\n<meta name=\"twitter:site\" content=\"@transamerica933\" \/>\n<meta name=\"twitter:label1\" content=\"Escrito por\" \/>\n\t<meta name=\"twitter:data1\" content=\"Reda\u00e7\u00e3o\" \/>\n\t<meta name=\"twitter:label2\" content=\"Est. tempo de leitura\" \/>\n\t<meta name=\"twitter:data2\" content=\"3 minutos\" \/>\n<script type=\"application\/ld+json\" class=\"yoast-schema-graph\">{\"@context\":\"https:\\\/\\\/schema.org\",\"@graph\":[{\"@type\":\"Article\",\"@id\":\"https:\\\/\\\/transamerica93.com.br\\\/home\\\/novo-presidente-do-cpb-mira-top-4-no-quadro-de-medalhas-em-los-angeles\\\/#article\",\"isPartOf\":{\"@id\":\"https:\\\/\\\/transamerica93.com.br\\\/home\\\/novo-presidente-do-cpb-mira-top-4-no-quadro-de-medalhas-em-los-angeles\\\/\"},\"author\":{\"name\":\"Reda\u00e7\u00e3o\",\"@id\":\"https:\\\/\\\/transamerica93.com.br\\\/home\\\/#\\\/schema\\\/person\\\/7fed7c99c0d4562efa8561bc0f543172\"},\"headline\":\"Novo presidente do CPB mira top 4 no quadro de medalhas em Los Angeles\",\"datePublished\":\"2025-01-21T15:00:21+00:00\",\"mainEntityOfPage\":{\"@id\":\"https:\\\/\\\/transamerica93.com.br\\\/home\\\/novo-presidente-do-cpb-mira-top-4-no-quadro-de-medalhas-em-los-angeles\\\/\"},\"wordCount\":804,\"publisher\":{\"@id\":\"https:\\\/\\\/transamerica93.com.br\\\/home\\\/#organization\"},\"image\":{\"@id\":\"https:\\\/\\\/transamerica93.com.br\\\/home\\\/novo-presidente-do-cpb-mira-top-4-no-quadro-de-medalhas-em-los-angeles\\\/#primaryimage\"},\"thumbnailUrl\":\"https:\\\/\\\/transamerica93.com.br\\\/home\\\/wp-content\\\/uploads\\\/2025\\\/01\\\/2-4.jpg\",\"articleSection\":[\"Esportes\"],\"inLanguage\":\"pt-BR\"},{\"@type\":\"WebPage\",\"@id\":\"https:\\\/\\\/transamerica93.com.br\\\/home\\\/novo-presidente-do-cpb-mira-top-4-no-quadro-de-medalhas-em-los-angeles\\\/\",\"url\":\"https:\\\/\\\/transamerica93.com.br\\\/home\\\/novo-presidente-do-cpb-mira-top-4-no-quadro-de-medalhas-em-los-angeles\\\/\",\"name\":\"Novo presidente do CPB mira top 4 no quadro de medalhas em Los Angeles - Transam\u00e9rica Mococa 93,3\",\"isPartOf\":{\"@id\":\"https:\\\/\\\/transamerica93.com.br\\\/home\\\/#website\"},\"primaryImageOfPage\":{\"@id\":\"https:\\\/\\\/transamerica93.com.br\\\/home\\\/novo-presidente-do-cpb-mira-top-4-no-quadro-de-medalhas-em-los-angeles\\\/#primaryimage\"},\"image\":{\"@id\":\"https:\\\/\\\/transamerica93.com.br\\\/home\\\/novo-presidente-do-cpb-mira-top-4-no-quadro-de-medalhas-em-los-angeles\\\/#primaryimage\"},\"thumbnailUrl\":\"https:\\\/\\\/transamerica93.com.br\\\/home\\\/wp-content\\\/uploads\\\/2025\\\/01\\\/2-4.jpg\",\"datePublished\":\"2025-01-21T15:00:21+00:00\",\"breadcrumb\":{\"@id\":\"https:\\\/\\\/transamerica93.com.br\\\/home\\\/novo-presidente-do-cpb-mira-top-4-no-quadro-de-medalhas-em-los-angeles\\\/#breadcrumb\"},\"inLanguage\":\"pt-BR\",\"potentialAction\":[{\"@type\":\"ReadAction\",\"target\":[\"https:\\\/\\\/transamerica93.com.br\\\/home\\\/novo-presidente-do-cpb-mira-top-4-no-quadro-de-medalhas-em-los-angeles\\\/\"]}]},{\"@type\":\"ImageObject\",\"inLanguage\":\"pt-BR\",\"@id\":\"https:\\\/\\\/transamerica93.com.br\\\/home\\\/novo-presidente-do-cpb-mira-top-4-no-quadro-de-medalhas-em-los-angeles\\\/#primaryimage\",\"url\":\"https:\\\/\\\/transamerica93.com.br\\\/home\\\/wp-content\\\/uploads\\\/2025\\\/01\\\/2-4.jpg\",\"contentUrl\":\"https:\\\/\\\/transamerica93.com.br\\\/home\\\/wp-content\\\/uploads\\\/2025\\\/01\\\/2-4.jpg\",\"width\":1170,\"height\":700,\"caption\":\"\u00a9 Alessandra Cabral\\\/CPB\\\/Direitos Reservados\"},{\"@type\":\"BreadcrumbList\",\"@id\":\"https:\\\/\\\/transamerica93.com.br\\\/home\\\/novo-presidente-do-cpb-mira-top-4-no-quadro-de-medalhas-em-los-angeles\\\/#breadcrumb\",\"itemListElement\":[{\"@type\":\"ListItem\",\"position\":1,\"name\":\"In\u00edcio\",\"item\":\"https:\\\/\\\/transamerica93.com.br\\\/home\\\/\"},{\"@type\":\"ListItem\",\"position\":2,\"name\":\"Novo presidente do CPB mira top 4 no quadro de medalhas em Los Angeles\"}]},{\"@type\":\"WebSite\",\"@id\":\"https:\\\/\\\/transamerica93.com.br\\\/home\\\/#website\",\"url\":\"https:\\\/\\\/transamerica93.com.br\\\/home\\\/\",\"name\":\"Transam\u00e9rica Mococa 93,3\",\"description\":\"\",\"publisher\":{\"@id\":\"https:\\\/\\\/transamerica93.com.br\\\/home\\\/#organization\"},\"potentialAction\":[{\"@type\":\"SearchAction\",\"target\":{\"@type\":\"EntryPoint\",\"urlTemplate\":\"https:\\\/\\\/transamerica93.com.br\\\/home\\\/?s={search_term_string}\"},\"query-input\":{\"@type\":\"PropertyValueSpecification\",\"valueRequired\":true,\"valueName\":\"search_term_string\"}}],\"inLanguage\":\"pt-BR\"},{\"@type\":\"Organization\",\"@id\":\"https:\\\/\\\/transamerica93.com.br\\\/home\\\/#organization\",\"name\":\"Transam\u00e9rica Mococa 93,3\",\"url\":\"https:\\\/\\\/transamerica93.com.br\\\/home\\\/\",\"logo\":{\"@type\":\"ImageObject\",\"inLanguage\":\"pt-BR\",\"@id\":\"https:\\\/\\\/transamerica93.com.br\\\/home\\\/#\\\/schema\\\/logo\\\/image\\\/\",\"url\":\"https:\\\/\\\/transamerica93.com.br\\\/home\\\/wp-content\\\/uploads\\\/2023\\\/10\\\/logo2.png\",\"contentUrl\":\"https:\\\/\\\/transamerica93.com.br\\\/home\\\/wp-content\\\/uploads\\\/2023\\\/10\\\/logo2.png\",\"width\":800,\"height\":500,\"caption\":\"Transam\u00e9rica Mococa 93,3\"},\"image\":{\"@id\":\"https:\\\/\\\/transamerica93.com.br\\\/home\\\/#\\\/schema\\\/logo\\\/image\\\/\"},\"sameAs\":[\"https:\\\/\\\/www.facebook.com\\\/transamericamococa\",\"https:\\\/\\\/x.com\\\/transamerica933\",\"https:\\\/\\\/www.instagram.com\\\/transamericamococa\"]},{\"@type\":\"Person\",\"@id\":\"https:\\\/\\\/transamerica93.com.br\\\/home\\\/#\\\/schema\\\/person\\\/7fed7c99c0d4562efa8561bc0f543172\",\"name\":\"Reda\u00e7\u00e3o\",\"image\":{\"@type\":\"ImageObject\",\"inLanguage\":\"pt-BR\",\"@id\":\"https:\\\/\\\/secure.gravatar.com\\\/avatar\\\/1072c6b775fb02ef8506ce967551d95926669a6b7d2c2147b42eea4d7c68395e?s=96&d=mm&r=g\",\"url\":\"https:\\\/\\\/secure.gravatar.com\\\/avatar\\\/1072c6b775fb02ef8506ce967551d95926669a6b7d2c2147b42eea4d7c68395e?s=96&d=mm&r=g\",\"contentUrl\":\"https:\\\/\\\/secure.gravatar.com\\\/avatar\\\/1072c6b775fb02ef8506ce967551d95926669a6b7d2c2147b42eea4d7c68395e?s=96&d=mm&r=g\",\"caption\":\"Reda\u00e7\u00e3o\"},\"sameAs\":[\"https:\\\/\\\/transamerica93.com.br\\\/home\"],\"url\":\"https:\\\/\\\/transamerica93.com.br\\\/home\\\/author\\\/william\\\/\"}]}<\/script>\n<!-- \/ Yoast SEO plugin. -->","yoast_head_json":{"title":"Novo presidente do CPB mira top 4 no quadro de medalhas em Los Angeles - Transam\u00e9rica Mococa 93,3","robots":{"index":"index","follow":"follow","max-snippet":"max-snippet:-1","max-image-preview":"max-image-preview:large","max-video-preview":"max-video-preview:-1"},"canonical":"https:\/\/transamerica93.com.br\/home\/novo-presidente-do-cpb-mira-top-4-no-quadro-de-medalhas-em-los-angeles\/","og_locale":"pt_BR","og_type":"article","og_title":"Novo presidente do CPB mira top 4 no quadro de medalhas em Los Angeles - Transam\u00e9rica Mococa 93,3","og_description":"O Comit\u00ea Paral\u00edmpico Brasileiro (CPB) est\u00e1 com novo presidente desde 1\u00ba de janeiro. Pernambucano de 60 anos, Jos\u00e9 Ant\u00f4nio Freire perdeu a vis\u00e3o aos 15, devido a um descolamento de retina. Ligado ao paradesporto desde os 18 anos, ele foi jogador de futebol de cegos e comandou, nos \u00faltimos oito anos, a Confedera\u00e7\u00e3o Brasileira de &hellip;","og_url":"https:\/\/transamerica93.com.br\/home\/novo-presidente-do-cpb-mira-top-4-no-quadro-de-medalhas-em-los-angeles\/","og_site_name":"Transam\u00e9rica Mococa 93,3","article_publisher":"https:\/\/www.facebook.com\/transamericamococa","article_published_time":"2025-01-21T15:00:21+00:00","og_image":[{"width":1170,"height":700,"url":"https:\/\/transamerica93.com.br\/home\/wp-content\/uploads\/2025\/01\/2-4.jpg","type":"image\/jpeg"}],"author":"Reda\u00e7\u00e3o","twitter_card":"summary_large_image","twitter_creator":"@transamerica933","twitter_site":"@transamerica933","twitter_misc":{"Escrito por":"Reda\u00e7\u00e3o","Est. tempo de leitura":"3 minutos"},"schema":{"@context":"https:\/\/schema.org","@graph":[{"@type":"Article","@id":"https:\/\/transamerica93.com.br\/home\/novo-presidente-do-cpb-mira-top-4-no-quadro-de-medalhas-em-los-angeles\/#article","isPartOf":{"@id":"https:\/\/transamerica93.com.br\/home\/novo-presidente-do-cpb-mira-top-4-no-quadro-de-medalhas-em-los-angeles\/"},"author":{"name":"Reda\u00e7\u00e3o","@id":"https:\/\/transamerica93.com.br\/home\/#\/schema\/person\/7fed7c99c0d4562efa8561bc0f543172"},"headline":"Novo presidente do CPB mira top 4 no quadro de medalhas em Los Angeles","datePublished":"2025-01-21T15:00:21+00:00","mainEntityOfPage":{"@id":"https:\/\/transamerica93.com.br\/home\/novo-presidente-do-cpb-mira-top-4-no-quadro-de-medalhas-em-los-angeles\/"},"wordCount":804,"publisher":{"@id":"https:\/\/transamerica93.com.br\/home\/#organization"},"image":{"@id":"https:\/\/transamerica93.com.br\/home\/novo-presidente-do-cpb-mira-top-4-no-quadro-de-medalhas-em-los-angeles\/#primaryimage"},"thumbnailUrl":"https:\/\/transamerica93.com.br\/home\/wp-content\/uploads\/2025\/01\/2-4.jpg","articleSection":["Esportes"],"inLanguage":"pt-BR"},{"@type":"WebPage","@id":"https:\/\/transamerica93.com.br\/home\/novo-presidente-do-cpb-mira-top-4-no-quadro-de-medalhas-em-los-angeles\/","url":"https:\/\/transamerica93.com.br\/home\/novo-presidente-do-cpb-mira-top-4-no-quadro-de-medalhas-em-los-angeles\/","name":"Novo presidente do CPB mira top 4 no quadro de medalhas em Los Angeles - Transam\u00e9rica Mococa 93,3","isPartOf":{"@id":"https:\/\/transamerica93.com.br\/home\/#website"},"primaryImageOfPage":{"@id":"https:\/\/transamerica93.com.br\/home\/novo-presidente-do-cpb-mira-top-4-no-quadro-de-medalhas-em-los-angeles\/#primaryimage"},"image":{"@id":"https:\/\/transamerica93.com.br\/home\/novo-presidente-do-cpb-mira-top-4-no-quadro-de-medalhas-em-los-angeles\/#primaryimage"},"thumbnailUrl":"https:\/\/transamerica93.com.br\/home\/wp-content\/uploads\/2025\/01\/2-4.jpg","datePublished":"2025-01-21T15:00:21+00:00","breadcrumb":{"@id":"https:\/\/transamerica93.com.br\/home\/novo-presidente-do-cpb-mira-top-4-no-quadro-de-medalhas-em-los-angeles\/#breadcrumb"},"inLanguage":"pt-BR","potentialAction":[{"@type":"ReadAction","target":["https:\/\/transamerica93.com.br\/home\/novo-presidente-do-cpb-mira-top-4-no-quadro-de-medalhas-em-los-angeles\/"]}]},{"@type":"ImageObject","inLanguage":"pt-BR","@id":"https:\/\/transamerica93.com.br\/home\/novo-presidente-do-cpb-mira-top-4-no-quadro-de-medalhas-em-los-angeles\/#primaryimage","url":"https:\/\/transamerica93.com.br\/home\/wp-content\/uploads\/2025\/01\/2-4.jpg","contentUrl":"https:\/\/transamerica93.com.br\/home\/wp-content\/uploads\/2025\/01\/2-4.jpg","width":1170,"height":700,"caption":"\u00a9 Alessandra Cabral\/CPB\/Direitos Reservados"},{"@type":"BreadcrumbList","@id":"https:\/\/transamerica93.com.br\/home\/novo-presidente-do-cpb-mira-top-4-no-quadro-de-medalhas-em-los-angeles\/#breadcrumb","itemListElement":[{"@type":"ListItem","position":1,"name":"In\u00edcio","item":"https:\/\/transamerica93.com.br\/home\/"},{"@type":"ListItem","position":2,"name":"Novo presidente do CPB mira top 4 no quadro de medalhas em Los Angeles"}]},{"@type":"WebSite","@id":"https:\/\/transamerica93.com.br\/home\/#website","url":"https:\/\/transamerica93.com.br\/home\/","name":"Transam\u00e9rica Mococa 93,3","description":"","publisher":{"@id":"https:\/\/transamerica93.com.br\/home\/#organization"},"potentialAction":[{"@type":"SearchAction","target":{"@type":"EntryPoint","urlTemplate":"https:\/\/transamerica93.com.br\/home\/?s={search_term_string}"},"query-input":{"@type":"PropertyValueSpecification","valueRequired":true,"valueName":"search_term_string"}}],"inLanguage":"pt-BR"},{"@type":"Organization","@id":"https:\/\/transamerica93.com.br\/home\/#organization","name":"Transam\u00e9rica Mococa 93,3","url":"https:\/\/transamerica93.com.br\/home\/","logo":{"@type":"ImageObject","inLanguage":"pt-BR","@id":"https:\/\/transamerica93.com.br\/home\/#\/schema\/logo\/image\/","url":"https:\/\/transamerica93.com.br\/home\/wp-content\/uploads\/2023\/10\/logo2.png","contentUrl":"https:\/\/transamerica93.com.br\/home\/wp-content\/uploads\/2023\/10\/logo2.png","width":800,"height":500,"caption":"Transam\u00e9rica Mococa 93,3"},"image":{"@id":"https:\/\/transamerica93.com.br\/home\/#\/schema\/logo\/image\/"},"sameAs":["https:\/\/www.facebook.com\/transamericamococa","https:\/\/x.com\/transamerica933","https:\/\/www.instagram.com\/transamericamococa"]},{"@type":"Person","@id":"https:\/\/transamerica93.com.br\/home\/#\/schema\/person\/7fed7c99c0d4562efa8561bc0f543172","name":"Reda\u00e7\u00e3o","image":{"@type":"ImageObject","inLanguage":"pt-BR","@id":"https:\/\/secure.gravatar.com\/avatar\/1072c6b775fb02ef8506ce967551d95926669a6b7d2c2147b42eea4d7c68395e?s=96&d=mm&r=g","url":"https:\/\/secure.gravatar.com\/avatar\/1072c6b775fb02ef8506ce967551d95926669a6b7d2c2147b42eea4d7c68395e?s=96&d=mm&r=g","contentUrl":"https:\/\/secure.gravatar.com\/avatar\/1072c6b775fb02ef8506ce967551d95926669a6b7d2c2147b42eea4d7c68395e?s=96&d=mm&r=g","caption":"Reda\u00e7\u00e3o"},"sameAs":["https:\/\/transamerica93.com.br\/home"],"url":"https:\/\/transamerica93.com.br\/home\/author\/william\/"}]}},"_links":{"self":[{"href":"https:\/\/transamerica93.com.br\/home\/wp-json\/wp\/v2\/posts\/4518","targetHints":{"allow":["GET"]}}],"collection":[{"href":"https:\/\/transamerica93.com.br\/home\/wp-json\/wp\/v2\/posts"}],"about":[{"href":"https:\/\/transamerica93.com.br\/home\/wp-json\/wp\/v2\/types\/post"}],"author":[{"embeddable":true,"href":"https:\/\/transamerica93.com.br\/home\/wp-json\/wp\/v2\/users\/1"}],"replies":[{"embeddable":true,"href":"https:\/\/transamerica93.com.br\/home\/wp-json\/wp\/v2\/comments?post=4518"}],"version-history":[{"count":1,"href":"https:\/\/transamerica93.com.br\/home\/wp-json\/wp\/v2\/posts\/4518\/revisions"}],"predecessor-version":[{"id":4520,"href":"https:\/\/transamerica93.com.br\/home\/wp-json\/wp\/v2\/posts\/4518\/revisions\/4520"}],"wp:featuredmedia":[{"embeddable":true,"href":"https:\/\/transamerica93.com.br\/home\/wp-json\/wp\/v2\/media\/4519"}],"wp:attachment":[{"href":"https:\/\/transamerica93.com.br\/home\/wp-json\/wp\/v2\/media?parent=4518"}],"wp:term":[{"taxonomy":"category","embeddable":true,"href":"https:\/\/transamerica93.com.br\/home\/wp-json\/wp\/v2\/categories?post=4518"},{"taxonomy":"post_tag","embeddable":true,"href":"https:\/\/transamerica93.com.br\/home\/wp-json\/wp\/v2\/tags?post=4518"}],"curies":[{"name":"wp","href":"https:\/\/api.w.org\/{rel}","templated":true}]}}