{"id":4531,"date":"2025-01-17T15:00:43","date_gmt":"2025-01-17T18:00:43","guid":{"rendered":"https:\/\/transamerica93.com.br\/home\/?p=4531"},"modified":"2025-01-16T14:50:41","modified_gmt":"2025-01-16T17:50:41","slug":"ringo-starr-diz-que-so-fara-musica-se-estiver-em-uma-banda-nao-quero-estar-sozinho","status":"publish","type":"post","link":"https:\/\/transamerica93.com.br\/home\/ringo-starr-diz-que-so-fara-musica-se-estiver-em-uma-banda-nao-quero-estar-sozinho\/","title":{"rendered":"Ringo Starr diz que s\u00f3 far\u00e1 m\u00fasica se estiver em uma banda: &#8216;N\u00e3o quero estar sozinho&#8217;"},"content":{"rendered":"<p>Por Erem Carla<\/p>\n<p>O ex-Beatle Ringo Starr afirmou que s\u00f3 seguir\u00e1 fazendo m\u00fasica sob uma condi\u00e7\u00e3o: estar em uma banda. Em entrevista ao jornal\u00a0<i>The Times<\/i>, o baterista explicou sua decis\u00e3o.<\/p>\n<p>&#8220;Eu s\u00f3 quero estar em uma banda. N\u00e3o quero estar sozinho. N\u00e3o tem como subir no palco e tocar &#8216;Yesterday&#8217; apenas com a bateria&#8221;, declarou.<\/p>\n<p>Starr, que fez hist\u00f3ria ao lado de Paul McCartney, John Lennon e George Harrison nos anos 60, lan\u00e7ou em 10 de janeiro seu novo \u00e1lbum, Look Up, que traz influ\u00eancias do country. \u00c9 seu primeiro trabalho desde 2019.<\/p>\n<p><b>Beatles e reencontro com McCartney<\/b><\/p>\n<p>Sobre seu papel nos Beatles, Starr reconheceu suas limita\u00e7\u00f5es vocais, mas destacou o apoio de seus colegas. &#8220;Eu sempre quis ser outra pessoa, como Jerry Lee. Quero dizer, consigo segurar uma melodia, desde que seja no meu tom. Deu certo com os Beatles porque John e Paul eram grandes compositores&#8221;, afirmou.<\/p>\n<p>Ele tamb\u00e9m relembrou algumas das can\u00e7\u00f5es que marcaram sua trajet\u00f3ria, como With a Little Help from My Friends e Yellow Submarine. &#8220;Essas m\u00fasicas ainda s\u00e3o gigantescas, e eu continuo tocando-as nas turn\u00eas. Eles escreveram muitas can\u00e7\u00f5es incr\u00edveis para mim.&#8221;<\/p>\n<p>Em dezembro, Starr reencontrou Paul McCartney no palco, durante uma apresenta\u00e7\u00e3o no O2 Arena, em Londres. Os dois tocaram cl\u00e1ssicos como Helter Skelter e Sgt. Pepper&#8217;s Lonely Hearts Club Band. Esse foi o primeiro show em que se reuniram desde julho de 2019.<\/p>\n","protected":false},"excerpt":{"rendered":"<p>Por Erem Carla O ex-Beatle Ringo Starr afirmou que s\u00f3 seguir\u00e1 fazendo m\u00fasica sob uma condi\u00e7\u00e3o: estar em uma banda. Em entrevista ao jornal\u00a0The Times, o baterista explicou sua decis\u00e3o. &#8220;Eu s\u00f3 quero estar em uma banda. N\u00e3o quero estar sozinho. N\u00e3o tem como subir no palco e tocar &#8216;Yesterday&#8217; apenas com a bateria&#8221;, declarou. &hellip;<\/p>\n","protected":false},"author":1,"featured_media":4532,"comment_status":"closed","ping_status":"closed","sticky":false,"template":"","format":"standard","meta":{"footnotes":""},"categories":[25],"tags":[],"class_list":["post-4531","post","type-post","status-publish","format-standard","has-post-thumbnail","hentry","category-musica"],"yoast_head":"<!-- This site is optimized with the Yoast SEO plugin v27.4 - https:\/\/yoast.com\/product\/yoast-seo-wordpress\/ -->\n<title>Ringo Starr diz que s\u00f3 far\u00e1 m\u00fasica se estiver em uma banda: &#039;N\u00e3o quero estar sozinho&#039; - Transam\u00e9rica Mococa 93,3<\/title>\n<meta name=\"robots\" content=\"index, follow, max-snippet:-1, max-image-preview:large, max-video-preview:-1\" \/>\n<link rel=\"canonical\" href=\"https:\/\/transamerica93.com.br\/home\/ringo-starr-diz-que-so-fara-musica-se-estiver-em-uma-banda-nao-quero-estar-sozinho\/\" \/>\n<meta property=\"og:locale\" content=\"pt_BR\" \/>\n<meta property=\"og:type\" content=\"article\" \/>\n<meta property=\"og:title\" content=\"Ringo Starr diz que s\u00f3 far\u00e1 m\u00fasica se estiver em uma banda: &#039;N\u00e3o quero estar sozinho&#039; - Transam\u00e9rica Mococa 93,3\" \/>\n<meta property=\"og:description\" content=\"Por Erem Carla O ex-Beatle Ringo Starr afirmou que s\u00f3 seguir\u00e1 fazendo m\u00fasica sob uma condi\u00e7\u00e3o: estar em uma banda. Em entrevista ao jornal\u00a0The Times, o baterista explicou sua decis\u00e3o. &#8220;Eu s\u00f3 quero estar em uma banda. N\u00e3o quero estar sozinho. N\u00e3o tem como subir no palco e tocar &#8216;Yesterday&#8217; apenas com a bateria&#8221;, declarou. &hellip;\" \/>\n<meta property=\"og:url\" content=\"https:\/\/transamerica93.com.br\/home\/ringo-starr-diz-que-so-fara-musica-se-estiver-em-uma-banda-nao-quero-estar-sozinho\/\" \/>\n<meta property=\"og:site_name\" content=\"Transam\u00e9rica Mococa 93,3\" \/>\n<meta property=\"article:publisher\" content=\"https:\/\/www.facebook.com\/transamericamococa\" \/>\n<meta property=\"article:published_time\" content=\"2025-01-17T18:00:43+00:00\" \/>\n<meta property=\"og:image\" content=\"https:\/\/transamerica93.com.br\/home\/wp-content\/uploads\/2025\/01\/Ringo-Starr.jpg\" \/>\n\t<meta property=\"og:image:width\" content=\"1200\" \/>\n\t<meta property=\"og:image:height\" content=\"800\" \/>\n\t<meta property=\"og:image:type\" content=\"image\/jpeg\" \/>\n<meta name=\"author\" content=\"Reda\u00e7\u00e3o\" \/>\n<meta name=\"twitter:card\" content=\"summary_large_image\" \/>\n<meta name=\"twitter:creator\" content=\"@transamerica933\" \/>\n<meta name=\"twitter:site\" content=\"@transamerica933\" \/>\n<meta name=\"twitter:label1\" content=\"Escrito por\" \/>\n\t<meta name=\"twitter:data1\" content=\"Reda\u00e7\u00e3o\" \/>\n\t<meta name=\"twitter:label2\" content=\"Est. tempo de leitura\" \/>\n\t<meta name=\"twitter:data2\" content=\"2 minutos\" \/>\n<script type=\"application\/ld+json\" class=\"yoast-schema-graph\">{\"@context\":\"https:\\\/\\\/schema.org\",\"@graph\":[{\"@type\":\"Article\",\"@id\":\"https:\\\/\\\/transamerica93.com.br\\\/home\\\/ringo-starr-diz-que-so-fara-musica-se-estiver-em-uma-banda-nao-quero-estar-sozinho\\\/#article\",\"isPartOf\":{\"@id\":\"https:\\\/\\\/transamerica93.com.br\\\/home\\\/ringo-starr-diz-que-so-fara-musica-se-estiver-em-uma-banda-nao-quero-estar-sozinho\\\/\"},\"author\":{\"name\":\"Reda\u00e7\u00e3o\",\"@id\":\"https:\\\/\\\/transamerica93.com.br\\\/home\\\/#\\\/schema\\\/person\\\/7fed7c99c0d4562efa8561bc0f543172\"},\"headline\":\"Ringo Starr diz que s\u00f3 far\u00e1 m\u00fasica se estiver em uma banda: &#8216;N\u00e3o quero estar sozinho&#8217;\",\"datePublished\":\"2025-01-17T18:00:43+00:00\",\"mainEntityOfPage\":{\"@id\":\"https:\\\/\\\/transamerica93.com.br\\\/home\\\/ringo-starr-diz-que-so-fara-musica-se-estiver-em-uma-banda-nao-quero-estar-sozinho\\\/\"},\"wordCount\":265,\"publisher\":{\"@id\":\"https:\\\/\\\/transamerica93.com.br\\\/home\\\/#organization\"},\"image\":{\"@id\":\"https:\\\/\\\/transamerica93.com.br\\\/home\\\/ringo-starr-diz-que-so-fara-musica-se-estiver-em-uma-banda-nao-quero-estar-sozinho\\\/#primaryimage\"},\"thumbnailUrl\":\"https:\\\/\\\/transamerica93.com.br\\\/home\\\/wp-content\\\/uploads\\\/2025\\\/01\\\/Ringo-Starr.jpg\",\"articleSection\":[\"M\u00fasica\"],\"inLanguage\":\"pt-BR\"},{\"@type\":\"WebPage\",\"@id\":\"https:\\\/\\\/transamerica93.com.br\\\/home\\\/ringo-starr-diz-que-so-fara-musica-se-estiver-em-uma-banda-nao-quero-estar-sozinho\\\/\",\"url\":\"https:\\\/\\\/transamerica93.com.br\\\/home\\\/ringo-starr-diz-que-so-fara-musica-se-estiver-em-uma-banda-nao-quero-estar-sozinho\\\/\",\"name\":\"Ringo Starr diz que s\u00f3 far\u00e1 m\u00fasica se estiver em uma banda: 'N\u00e3o quero estar sozinho' - Transam\u00e9rica Mococa 93,3\",\"isPartOf\":{\"@id\":\"https:\\\/\\\/transamerica93.com.br\\\/home\\\/#website\"},\"primaryImageOfPage\":{\"@id\":\"https:\\\/\\\/transamerica93.com.br\\\/home\\\/ringo-starr-diz-que-so-fara-musica-se-estiver-em-uma-banda-nao-quero-estar-sozinho\\\/#primaryimage\"},\"image\":{\"@id\":\"https:\\\/\\\/transamerica93.com.br\\\/home\\\/ringo-starr-diz-que-so-fara-musica-se-estiver-em-uma-banda-nao-quero-estar-sozinho\\\/#primaryimage\"},\"thumbnailUrl\":\"https:\\\/\\\/transamerica93.com.br\\\/home\\\/wp-content\\\/uploads\\\/2025\\\/01\\\/Ringo-Starr.jpg\",\"datePublished\":\"2025-01-17T18:00:43+00:00\",\"breadcrumb\":{\"@id\":\"https:\\\/\\\/transamerica93.com.br\\\/home\\\/ringo-starr-diz-que-so-fara-musica-se-estiver-em-uma-banda-nao-quero-estar-sozinho\\\/#breadcrumb\"},\"inLanguage\":\"pt-BR\",\"potentialAction\":[{\"@type\":\"ReadAction\",\"target\":[\"https:\\\/\\\/transamerica93.com.br\\\/home\\\/ringo-starr-diz-que-so-fara-musica-se-estiver-em-uma-banda-nao-quero-estar-sozinho\\\/\"]}]},{\"@type\":\"ImageObject\",\"inLanguage\":\"pt-BR\",\"@id\":\"https:\\\/\\\/transamerica93.com.br\\\/home\\\/ringo-starr-diz-que-so-fara-musica-se-estiver-em-uma-banda-nao-quero-estar-sozinho\\\/#primaryimage\",\"url\":\"https:\\\/\\\/transamerica93.com.br\\\/home\\\/wp-content\\\/uploads\\\/2025\\\/01\\\/Ringo-Starr.jpg\",\"contentUrl\":\"https:\\\/\\\/transamerica93.com.br\\\/home\\\/wp-content\\\/uploads\\\/2025\\\/01\\\/Ringo-Starr.jpg\",\"width\":1200,\"height\":800},{\"@type\":\"BreadcrumbList\",\"@id\":\"https:\\\/\\\/transamerica93.com.br\\\/home\\\/ringo-starr-diz-que-so-fara-musica-se-estiver-em-uma-banda-nao-quero-estar-sozinho\\\/#breadcrumb\",\"itemListElement\":[{\"@type\":\"ListItem\",\"position\":1,\"name\":\"In\u00edcio\",\"item\":\"https:\\\/\\\/transamerica93.com.br\\\/home\\\/\"},{\"@type\":\"ListItem\",\"position\":2,\"name\":\"Ringo Starr diz que s\u00f3 far\u00e1 m\u00fasica se estiver em uma banda: &#8216;N\u00e3o quero estar sozinho&#8217;\"}]},{\"@type\":\"WebSite\",\"@id\":\"https:\\\/\\\/transamerica93.com.br\\\/home\\\/#website\",\"url\":\"https:\\\/\\\/transamerica93.com.br\\\/home\\\/\",\"name\":\"Transam\u00e9rica Mococa 93,3\",\"description\":\"\",\"publisher\":{\"@id\":\"https:\\\/\\\/transamerica93.com.br\\\/home\\\/#organization\"},\"potentialAction\":[{\"@type\":\"SearchAction\",\"target\":{\"@type\":\"EntryPoint\",\"urlTemplate\":\"https:\\\/\\\/transamerica93.com.br\\\/home\\\/?s={search_term_string}\"},\"query-input\":{\"@type\":\"PropertyValueSpecification\",\"valueRequired\":true,\"valueName\":\"search_term_string\"}}],\"inLanguage\":\"pt-BR\"},{\"@type\":\"Organization\",\"@id\":\"https:\\\/\\\/transamerica93.com.br\\\/home\\\/#organization\",\"name\":\"Transam\u00e9rica Mococa 93,3\",\"url\":\"https:\\\/\\\/transamerica93.com.br\\\/home\\\/\",\"logo\":{\"@type\":\"ImageObject\",\"inLanguage\":\"pt-BR\",\"@id\":\"https:\\\/\\\/transamerica93.com.br\\\/home\\\/#\\\/schema\\\/logo\\\/image\\\/\",\"url\":\"https:\\\/\\\/transamerica93.com.br\\\/home\\\/wp-content\\\/uploads\\\/2023\\\/10\\\/logo2.png\",\"contentUrl\":\"https:\\\/\\\/transamerica93.com.br\\\/home\\\/wp-content\\\/uploads\\\/2023\\\/10\\\/logo2.png\",\"width\":800,\"height\":500,\"caption\":\"Transam\u00e9rica Mococa 93,3\"},\"image\":{\"@id\":\"https:\\\/\\\/transamerica93.com.br\\\/home\\\/#\\\/schema\\\/logo\\\/image\\\/\"},\"sameAs\":[\"https:\\\/\\\/www.facebook.com\\\/transamericamococa\",\"https:\\\/\\\/x.com\\\/transamerica933\",\"https:\\\/\\\/www.instagram.com\\\/transamericamococa\"]},{\"@type\":\"Person\",\"@id\":\"https:\\\/\\\/transamerica93.com.br\\\/home\\\/#\\\/schema\\\/person\\\/7fed7c99c0d4562efa8561bc0f543172\",\"name\":\"Reda\u00e7\u00e3o\",\"image\":{\"@type\":\"ImageObject\",\"inLanguage\":\"pt-BR\",\"@id\":\"https:\\\/\\\/secure.gravatar.com\\\/avatar\\\/1072c6b775fb02ef8506ce967551d95926669a6b7d2c2147b42eea4d7c68395e?s=96&d=mm&r=g\",\"url\":\"https:\\\/\\\/secure.gravatar.com\\\/avatar\\\/1072c6b775fb02ef8506ce967551d95926669a6b7d2c2147b42eea4d7c68395e?s=96&d=mm&r=g\",\"contentUrl\":\"https:\\\/\\\/secure.gravatar.com\\\/avatar\\\/1072c6b775fb02ef8506ce967551d95926669a6b7d2c2147b42eea4d7c68395e?s=96&d=mm&r=g\",\"caption\":\"Reda\u00e7\u00e3o\"},\"sameAs\":[\"https:\\\/\\\/transamerica93.com.br\\\/home\"],\"url\":\"https:\\\/\\\/transamerica93.com.br\\\/home\\\/author\\\/william\\\/\"}]}<\/script>\n<!-- \/ Yoast SEO plugin. -->","yoast_head_json":{"title":"Ringo Starr diz que s\u00f3 far\u00e1 m\u00fasica se estiver em uma banda: 'N\u00e3o quero estar sozinho' - Transam\u00e9rica Mococa 93,3","robots":{"index":"index","follow":"follow","max-snippet":"max-snippet:-1","max-image-preview":"max-image-preview:large","max-video-preview":"max-video-preview:-1"},"canonical":"https:\/\/transamerica93.com.br\/home\/ringo-starr-diz-que-so-fara-musica-se-estiver-em-uma-banda-nao-quero-estar-sozinho\/","og_locale":"pt_BR","og_type":"article","og_title":"Ringo Starr diz que s\u00f3 far\u00e1 m\u00fasica se estiver em uma banda: 'N\u00e3o quero estar sozinho' - Transam\u00e9rica Mococa 93,3","og_description":"Por Erem Carla O ex-Beatle Ringo Starr afirmou que s\u00f3 seguir\u00e1 fazendo m\u00fasica sob uma condi\u00e7\u00e3o: estar em uma banda. Em entrevista ao jornal\u00a0The Times, o baterista explicou sua decis\u00e3o. &#8220;Eu s\u00f3 quero estar em uma banda. N\u00e3o quero estar sozinho. N\u00e3o tem como subir no palco e tocar &#8216;Yesterday&#8217; apenas com a bateria&#8221;, declarou. &hellip;","og_url":"https:\/\/transamerica93.com.br\/home\/ringo-starr-diz-que-so-fara-musica-se-estiver-em-uma-banda-nao-quero-estar-sozinho\/","og_site_name":"Transam\u00e9rica Mococa 93,3","article_publisher":"https:\/\/www.facebook.com\/transamericamococa","article_published_time":"2025-01-17T18:00:43+00:00","og_image":[{"width":1200,"height":800,"url":"https:\/\/transamerica93.com.br\/home\/wp-content\/uploads\/2025\/01\/Ringo-Starr.jpg","type":"image\/jpeg"}],"author":"Reda\u00e7\u00e3o","twitter_card":"summary_large_image","twitter_creator":"@transamerica933","twitter_site":"@transamerica933","twitter_misc":{"Escrito por":"Reda\u00e7\u00e3o","Est. tempo de leitura":"2 minutos"},"schema":{"@context":"https:\/\/schema.org","@graph":[{"@type":"Article","@id":"https:\/\/transamerica93.com.br\/home\/ringo-starr-diz-que-so-fara-musica-se-estiver-em-uma-banda-nao-quero-estar-sozinho\/#article","isPartOf":{"@id":"https:\/\/transamerica93.com.br\/home\/ringo-starr-diz-que-so-fara-musica-se-estiver-em-uma-banda-nao-quero-estar-sozinho\/"},"author":{"name":"Reda\u00e7\u00e3o","@id":"https:\/\/transamerica93.com.br\/home\/#\/schema\/person\/7fed7c99c0d4562efa8561bc0f543172"},"headline":"Ringo Starr diz que s\u00f3 far\u00e1 m\u00fasica se estiver em uma banda: &#8216;N\u00e3o quero estar sozinho&#8217;","datePublished":"2025-01-17T18:00:43+00:00","mainEntityOfPage":{"@id":"https:\/\/transamerica93.com.br\/home\/ringo-starr-diz-que-so-fara-musica-se-estiver-em-uma-banda-nao-quero-estar-sozinho\/"},"wordCount":265,"publisher":{"@id":"https:\/\/transamerica93.com.br\/home\/#organization"},"image":{"@id":"https:\/\/transamerica93.com.br\/home\/ringo-starr-diz-que-so-fara-musica-se-estiver-em-uma-banda-nao-quero-estar-sozinho\/#primaryimage"},"thumbnailUrl":"https:\/\/transamerica93.com.br\/home\/wp-content\/uploads\/2025\/01\/Ringo-Starr.jpg","articleSection":["M\u00fasica"],"inLanguage":"pt-BR"},{"@type":"WebPage","@id":"https:\/\/transamerica93.com.br\/home\/ringo-starr-diz-que-so-fara-musica-se-estiver-em-uma-banda-nao-quero-estar-sozinho\/","url":"https:\/\/transamerica93.com.br\/home\/ringo-starr-diz-que-so-fara-musica-se-estiver-em-uma-banda-nao-quero-estar-sozinho\/","name":"Ringo Starr diz que s\u00f3 far\u00e1 m\u00fasica se estiver em uma banda: 'N\u00e3o quero estar sozinho' - Transam\u00e9rica Mococa 93,3","isPartOf":{"@id":"https:\/\/transamerica93.com.br\/home\/#website"},"primaryImageOfPage":{"@id":"https:\/\/transamerica93.com.br\/home\/ringo-starr-diz-que-so-fara-musica-se-estiver-em-uma-banda-nao-quero-estar-sozinho\/#primaryimage"},"image":{"@id":"https:\/\/transamerica93.com.br\/home\/ringo-starr-diz-que-so-fara-musica-se-estiver-em-uma-banda-nao-quero-estar-sozinho\/#primaryimage"},"thumbnailUrl":"https:\/\/transamerica93.com.br\/home\/wp-content\/uploads\/2025\/01\/Ringo-Starr.jpg","datePublished":"2025-01-17T18:00:43+00:00","breadcrumb":{"@id":"https:\/\/transamerica93.com.br\/home\/ringo-starr-diz-que-so-fara-musica-se-estiver-em-uma-banda-nao-quero-estar-sozinho\/#breadcrumb"},"inLanguage":"pt-BR","potentialAction":[{"@type":"ReadAction","target":["https:\/\/transamerica93.com.br\/home\/ringo-starr-diz-que-so-fara-musica-se-estiver-em-uma-banda-nao-quero-estar-sozinho\/"]}]},{"@type":"ImageObject","inLanguage":"pt-BR","@id":"https:\/\/transamerica93.com.br\/home\/ringo-starr-diz-que-so-fara-musica-se-estiver-em-uma-banda-nao-quero-estar-sozinho\/#primaryimage","url":"https:\/\/transamerica93.com.br\/home\/wp-content\/uploads\/2025\/01\/Ringo-Starr.jpg","contentUrl":"https:\/\/transamerica93.com.br\/home\/wp-content\/uploads\/2025\/01\/Ringo-Starr.jpg","width":1200,"height":800},{"@type":"BreadcrumbList","@id":"https:\/\/transamerica93.com.br\/home\/ringo-starr-diz-que-so-fara-musica-se-estiver-em-uma-banda-nao-quero-estar-sozinho\/#breadcrumb","itemListElement":[{"@type":"ListItem","position":1,"name":"In\u00edcio","item":"https:\/\/transamerica93.com.br\/home\/"},{"@type":"ListItem","position":2,"name":"Ringo Starr diz que s\u00f3 far\u00e1 m\u00fasica se estiver em uma banda: &#8216;N\u00e3o quero estar sozinho&#8217;"}]},{"@type":"WebSite","@id":"https:\/\/transamerica93.com.br\/home\/#website","url":"https:\/\/transamerica93.com.br\/home\/","name":"Transam\u00e9rica Mococa 93,3","description":"","publisher":{"@id":"https:\/\/transamerica93.com.br\/home\/#organization"},"potentialAction":[{"@type":"SearchAction","target":{"@type":"EntryPoint","urlTemplate":"https:\/\/transamerica93.com.br\/home\/?s={search_term_string}"},"query-input":{"@type":"PropertyValueSpecification","valueRequired":true,"valueName":"search_term_string"}}],"inLanguage":"pt-BR"},{"@type":"Organization","@id":"https:\/\/transamerica93.com.br\/home\/#organization","name":"Transam\u00e9rica Mococa 93,3","url":"https:\/\/transamerica93.com.br\/home\/","logo":{"@type":"ImageObject","inLanguage":"pt-BR","@id":"https:\/\/transamerica93.com.br\/home\/#\/schema\/logo\/image\/","url":"https:\/\/transamerica93.com.br\/home\/wp-content\/uploads\/2023\/10\/logo2.png","contentUrl":"https:\/\/transamerica93.com.br\/home\/wp-content\/uploads\/2023\/10\/logo2.png","width":800,"height":500,"caption":"Transam\u00e9rica Mococa 93,3"},"image":{"@id":"https:\/\/transamerica93.com.br\/home\/#\/schema\/logo\/image\/"},"sameAs":["https:\/\/www.facebook.com\/transamericamococa","https:\/\/x.com\/transamerica933","https:\/\/www.instagram.com\/transamericamococa"]},{"@type":"Person","@id":"https:\/\/transamerica93.com.br\/home\/#\/schema\/person\/7fed7c99c0d4562efa8561bc0f543172","name":"Reda\u00e7\u00e3o","image":{"@type":"ImageObject","inLanguage":"pt-BR","@id":"https:\/\/secure.gravatar.com\/avatar\/1072c6b775fb02ef8506ce967551d95926669a6b7d2c2147b42eea4d7c68395e?s=96&d=mm&r=g","url":"https:\/\/secure.gravatar.com\/avatar\/1072c6b775fb02ef8506ce967551d95926669a6b7d2c2147b42eea4d7c68395e?s=96&d=mm&r=g","contentUrl":"https:\/\/secure.gravatar.com\/avatar\/1072c6b775fb02ef8506ce967551d95926669a6b7d2c2147b42eea4d7c68395e?s=96&d=mm&r=g","caption":"Reda\u00e7\u00e3o"},"sameAs":["https:\/\/transamerica93.com.br\/home"],"url":"https:\/\/transamerica93.com.br\/home\/author\/william\/"}]}},"_links":{"self":[{"href":"https:\/\/transamerica93.com.br\/home\/wp-json\/wp\/v2\/posts\/4531","targetHints":{"allow":["GET"]}}],"collection":[{"href":"https:\/\/transamerica93.com.br\/home\/wp-json\/wp\/v2\/posts"}],"about":[{"href":"https:\/\/transamerica93.com.br\/home\/wp-json\/wp\/v2\/types\/post"}],"author":[{"embeddable":true,"href":"https:\/\/transamerica93.com.br\/home\/wp-json\/wp\/v2\/users\/1"}],"replies":[{"embeddable":true,"href":"https:\/\/transamerica93.com.br\/home\/wp-json\/wp\/v2\/comments?post=4531"}],"version-history":[{"count":1,"href":"https:\/\/transamerica93.com.br\/home\/wp-json\/wp\/v2\/posts\/4531\/revisions"}],"predecessor-version":[{"id":4533,"href":"https:\/\/transamerica93.com.br\/home\/wp-json\/wp\/v2\/posts\/4531\/revisions\/4533"}],"wp:featuredmedia":[{"embeddable":true,"href":"https:\/\/transamerica93.com.br\/home\/wp-json\/wp\/v2\/media\/4532"}],"wp:attachment":[{"href":"https:\/\/transamerica93.com.br\/home\/wp-json\/wp\/v2\/media?parent=4531"}],"wp:term":[{"taxonomy":"category","embeddable":true,"href":"https:\/\/transamerica93.com.br\/home\/wp-json\/wp\/v2\/categories?post=4531"},{"taxonomy":"post_tag","embeddable":true,"href":"https:\/\/transamerica93.com.br\/home\/wp-json\/wp\/v2\/tags?post=4531"}],"curies":[{"name":"wp","href":"https:\/\/api.w.org\/{rel}","templated":true}]}}