{"id":4534,"date":"2025-01-17T18:00:28","date_gmt":"2025-01-17T21:00:28","guid":{"rendered":"https:\/\/transamerica93.com.br\/home\/?p=4534"},"modified":"2025-01-16T14:56:27","modified_gmt":"2025-01-16T17:56:27","slug":"grammy-mantem-premiacao-em-2-de-fevereiro-em-meio-a-incendios-em-los-angeles","status":"publish","type":"post","link":"https:\/\/transamerica93.com.br\/home\/grammy-mantem-premiacao-em-2-de-fevereiro-em-meio-a-incendios-em-los-angeles\/","title":{"rendered":"Grammy mant\u00e9m premia\u00e7\u00e3o em 2 de fevereiro em meio a inc\u00eandios em Los Angeles"},"content":{"rendered":"<div id=\"Corpo\">\n<h6 class=\"Assina\">Por Reda\u00e7\u00e3o O Estado de S. Paulo<\/h6>\n<p>Apesar dos devastadores inc\u00eandios que atingem Los Angeles desde a \u00faltima semana, a cerim\u00f4nia do Grammy 2025 ser\u00e1 realizada conforme o planejado no dia 2 de fevereiro, na Crypto.com Arena, localizada na cidade. A Recording Academy, institui\u00e7\u00e3o respons\u00e1vel pela premia\u00e7\u00e3o, assegurou que a transmiss\u00e3o seguir\u00e1 em estreita coordena\u00e7\u00e3o com as autoridades locais para garantir a seguran\u00e7a p\u00fablica, enquanto redireciona o foco do evento para apoiar as v\u00edtimas.<\/p>\n<p>Em comunicado divulgado na segunda-feira, 13, o CEO da Recording Academy, Harvey Mason Jr., e a presidente do conselho de curadores, Tammy Hurt, expressaram solidariedade \u00e0s v\u00edtimas e destacaram a\u00e7\u00f5es de apoio j\u00e1 em andamento. &#8220;Nossos cora\u00e7\u00f5es est\u00e3o com todos os afetados pelos devastadores inc\u00eandios em Los Angeles. Esta cidade \u00e9 o nosso lar, e lamentamos profundamente as perdas de vidas e a destrui\u00e7\u00e3o causada nos \u00faltimos dias&#8221;, escreveram.<\/p>\n<p>Para ajudar os afetados, a Recording Academy e a MusiCares lan\u00e7aram o Los Angeles Fire Relief Effort, com uma doa\u00e7\u00e3o inicial de US$ 1 milh\u00e3o.<\/p>\n<p>&#8220;Gra\u00e7as a contribui\u00e7\u00f5es adicionais, j\u00e1 distribu\u00edmos mais de US$ 2 milh\u00f5es em ajuda emergencial \u00e0s pessoas mais necessitadas e continuaremos firmes em nosso compromisso de oferecer assist\u00eancia cont\u00ednua&#8221;, afirmaram os l\u00edderes da entidade.<\/p>\n<p><b>Mudan\u00e7a no tom da cerim\u00f4nia<\/b><\/p>\n<p>Os inc\u00eandios, que j\u00e1 destru\u00edram milhares de estruturas e causaram a morte de mais de 20 pessoas, levaram a organiza\u00e7\u00e3o do Grammy a dar um novo tom \u00e0 premia\u00e7\u00e3o deste ano. Al\u00e9m de celebrar os maiores nomes da m\u00fasica, o evento buscar\u00e1 arrecadar fundos para as v\u00edtimas dos inc\u00eandios e prestar\u00e1 homenagem aos socorristas que atuam na linha de frente do combate \u00e0s chamas.<\/p>\n<p>&#8220;Em tempos desafiadores, a m\u00fasica tem o poder de curar, confortar e unir como nada mais. Os Grammys deste ano n\u00e3o apenas honrar\u00e3o a arte e as conquistas da nossa comunidade musical, mas tamb\u00e9m servir\u00e3o como uma plataforma para amplificar o esp\u00edrito de resili\u00eancia que define a grande cidade de Los Angeles&#8221;, destacou o comunicado.<\/p>\n<p>Entre os principais indicados ao Grammy deste ano est\u00e3o Beyonc\u00e9, com 11 indica\u00e7\u00f5es; Charli XCX, Billie Eilish, Kendrick Lamar e Post Malone, com sete cada; al\u00e9m de Taylor Swift, Sabrina Carpenter e Chappell Roan, com seis indica\u00e7\u00f5es.<\/p>\n<p>Entre os brasileiros est\u00e1 Anitta, indicada na categoria Melhor \u00e1lbum de pop latino por\u00a0<i>Funk Generation<\/i>, e Milton Nascimento, indicado a Melhor \u00e1lbum vocal de jazz, por disco em parceria com a americana Esperanza Spalding.<\/div>\n","protected":false},"excerpt":{"rendered":"<p>Por Reda\u00e7\u00e3o O Estado de S. Paulo Apesar dos devastadores inc\u00eandios que atingem Los Angeles desde a \u00faltima semana, a cerim\u00f4nia do Grammy 2025 ser\u00e1 realizada conforme o planejado no dia 2 de fevereiro, na Crypto.com Arena, localizada na cidade. A Recording Academy, institui\u00e7\u00e3o respons\u00e1vel pela premia\u00e7\u00e3o, assegurou que a transmiss\u00e3o seguir\u00e1 em estreita coordena\u00e7\u00e3o &hellip;<\/p>\n","protected":false},"author":1,"featured_media":4493,"comment_status":"closed","ping_status":"closed","sticky":false,"template":"","format":"standard","meta":{"footnotes":""},"categories":[24],"tags":[],"class_list":["post-4534","post","type-post","status-publish","format-standard","has-post-thumbnail","hentry","category-entretenimento"],"yoast_head":"<!-- This site is optimized with the Yoast SEO plugin v27.4 - https:\/\/yoast.com\/product\/yoast-seo-wordpress\/ -->\n<title>Grammy mant\u00e9m premia\u00e7\u00e3o em 2 de fevereiro em meio a inc\u00eandios em Los Angeles - Transam\u00e9rica Mococa 93,3<\/title>\n<meta name=\"robots\" content=\"index, follow, max-snippet:-1, max-image-preview:large, max-video-preview:-1\" \/>\n<link rel=\"canonical\" href=\"https:\/\/transamerica93.com.br\/home\/grammy-mantem-premiacao-em-2-de-fevereiro-em-meio-a-incendios-em-los-angeles\/\" \/>\n<meta property=\"og:locale\" content=\"pt_BR\" \/>\n<meta property=\"og:type\" content=\"article\" \/>\n<meta property=\"og:title\" content=\"Grammy mant\u00e9m premia\u00e7\u00e3o em 2 de fevereiro em meio a inc\u00eandios em Los Angeles - Transam\u00e9rica Mococa 93,3\" \/>\n<meta property=\"og:description\" content=\"Por Reda\u00e7\u00e3o O Estado de S. Paulo Apesar dos devastadores inc\u00eandios que atingem Los Angeles desde a \u00faltima semana, a cerim\u00f4nia do Grammy 2025 ser\u00e1 realizada conforme o planejado no dia 2 de fevereiro, na Crypto.com Arena, localizada na cidade. A Recording Academy, institui\u00e7\u00e3o respons\u00e1vel pela premia\u00e7\u00e3o, assegurou que a transmiss\u00e3o seguir\u00e1 em estreita coordena\u00e7\u00e3o &hellip;\" \/>\n<meta property=\"og:url\" content=\"https:\/\/transamerica93.com.br\/home\/grammy-mantem-premiacao-em-2-de-fevereiro-em-meio-a-incendios-em-los-angeles\/\" \/>\n<meta property=\"og:site_name\" content=\"Transam\u00e9rica Mococa 93,3\" \/>\n<meta property=\"article:publisher\" content=\"https:\/\/www.facebook.com\/transamericamococa\" \/>\n<meta property=\"article:published_time\" content=\"2025-01-17T21:00:28+00:00\" \/>\n<meta property=\"og:image\" content=\"https:\/\/transamerica93.com.br\/home\/wp-content\/uploads\/2025\/01\/Sem-titulo-3.png\" \/>\n\t<meta property=\"og:image:width\" content=\"800\" \/>\n\t<meta property=\"og:image:height\" content=\"448\" \/>\n\t<meta property=\"og:image:type\" content=\"image\/png\" \/>\n<meta name=\"author\" content=\"Reda\u00e7\u00e3o\" \/>\n<meta name=\"twitter:card\" content=\"summary_large_image\" \/>\n<meta name=\"twitter:creator\" content=\"@transamerica933\" \/>\n<meta name=\"twitter:site\" content=\"@transamerica933\" \/>\n<meta name=\"twitter:label1\" content=\"Escrito por\" \/>\n\t<meta name=\"twitter:data1\" content=\"Reda\u00e7\u00e3o\" \/>\n\t<meta name=\"twitter:label2\" content=\"Est. tempo de leitura\" \/>\n\t<meta name=\"twitter:data2\" content=\"3 minutos\" \/>\n<script type=\"application\/ld+json\" class=\"yoast-schema-graph\">{\"@context\":\"https:\\\/\\\/schema.org\",\"@graph\":[{\"@type\":\"Article\",\"@id\":\"https:\\\/\\\/transamerica93.com.br\\\/home\\\/grammy-mantem-premiacao-em-2-de-fevereiro-em-meio-a-incendios-em-los-angeles\\\/#article\",\"isPartOf\":{\"@id\":\"https:\\\/\\\/transamerica93.com.br\\\/home\\\/grammy-mantem-premiacao-em-2-de-fevereiro-em-meio-a-incendios-em-los-angeles\\\/\"},\"author\":{\"name\":\"Reda\u00e7\u00e3o\",\"@id\":\"https:\\\/\\\/transamerica93.com.br\\\/home\\\/#\\\/schema\\\/person\\\/7fed7c99c0d4562efa8561bc0f543172\"},\"headline\":\"Grammy mant\u00e9m premia\u00e7\u00e3o em 2 de fevereiro em meio a inc\u00eandios em Los Angeles\",\"datePublished\":\"2025-01-17T21:00:28+00:00\",\"mainEntityOfPage\":{\"@id\":\"https:\\\/\\\/transamerica93.com.br\\\/home\\\/grammy-mantem-premiacao-em-2-de-fevereiro-em-meio-a-incendios-em-los-angeles\\\/\"},\"wordCount\":453,\"publisher\":{\"@id\":\"https:\\\/\\\/transamerica93.com.br\\\/home\\\/#organization\"},\"image\":{\"@id\":\"https:\\\/\\\/transamerica93.com.br\\\/home\\\/grammy-mantem-premiacao-em-2-de-fevereiro-em-meio-a-incendios-em-los-angeles\\\/#primaryimage\"},\"thumbnailUrl\":\"https:\\\/\\\/transamerica93.com.br\\\/home\\\/wp-content\\\/uploads\\\/2025\\\/01\\\/Sem-titulo-3.png\",\"articleSection\":[\"Entretenimento\"],\"inLanguage\":\"pt-BR\"},{\"@type\":\"WebPage\",\"@id\":\"https:\\\/\\\/transamerica93.com.br\\\/home\\\/grammy-mantem-premiacao-em-2-de-fevereiro-em-meio-a-incendios-em-los-angeles\\\/\",\"url\":\"https:\\\/\\\/transamerica93.com.br\\\/home\\\/grammy-mantem-premiacao-em-2-de-fevereiro-em-meio-a-incendios-em-los-angeles\\\/\",\"name\":\"Grammy mant\u00e9m premia\u00e7\u00e3o em 2 de fevereiro em meio a inc\u00eandios em Los Angeles - Transam\u00e9rica Mococa 93,3\",\"isPartOf\":{\"@id\":\"https:\\\/\\\/transamerica93.com.br\\\/home\\\/#website\"},\"primaryImageOfPage\":{\"@id\":\"https:\\\/\\\/transamerica93.com.br\\\/home\\\/grammy-mantem-premiacao-em-2-de-fevereiro-em-meio-a-incendios-em-los-angeles\\\/#primaryimage\"},\"image\":{\"@id\":\"https:\\\/\\\/transamerica93.com.br\\\/home\\\/grammy-mantem-premiacao-em-2-de-fevereiro-em-meio-a-incendios-em-los-angeles\\\/#primaryimage\"},\"thumbnailUrl\":\"https:\\\/\\\/transamerica93.com.br\\\/home\\\/wp-content\\\/uploads\\\/2025\\\/01\\\/Sem-titulo-3.png\",\"datePublished\":\"2025-01-17T21:00:28+00:00\",\"breadcrumb\":{\"@id\":\"https:\\\/\\\/transamerica93.com.br\\\/home\\\/grammy-mantem-premiacao-em-2-de-fevereiro-em-meio-a-incendios-em-los-angeles\\\/#breadcrumb\"},\"inLanguage\":\"pt-BR\",\"potentialAction\":[{\"@type\":\"ReadAction\",\"target\":[\"https:\\\/\\\/transamerica93.com.br\\\/home\\\/grammy-mantem-premiacao-em-2-de-fevereiro-em-meio-a-incendios-em-los-angeles\\\/\"]}]},{\"@type\":\"ImageObject\",\"inLanguage\":\"pt-BR\",\"@id\":\"https:\\\/\\\/transamerica93.com.br\\\/home\\\/grammy-mantem-premiacao-em-2-de-fevereiro-em-meio-a-incendios-em-los-angeles\\\/#primaryimage\",\"url\":\"https:\\\/\\\/transamerica93.com.br\\\/home\\\/wp-content\\\/uploads\\\/2025\\\/01\\\/Sem-titulo-3.png\",\"contentUrl\":\"https:\\\/\\\/transamerica93.com.br\\\/home\\\/wp-content\\\/uploads\\\/2025\\\/01\\\/Sem-titulo-3.png\",\"width\":800,\"height\":448,\"caption\":\"Foto: Reprodu\u00e7\u00e3o\\\/Instagram\"},{\"@type\":\"BreadcrumbList\",\"@id\":\"https:\\\/\\\/transamerica93.com.br\\\/home\\\/grammy-mantem-premiacao-em-2-de-fevereiro-em-meio-a-incendios-em-los-angeles\\\/#breadcrumb\",\"itemListElement\":[{\"@type\":\"ListItem\",\"position\":1,\"name\":\"In\u00edcio\",\"item\":\"https:\\\/\\\/transamerica93.com.br\\\/home\\\/\"},{\"@type\":\"ListItem\",\"position\":2,\"name\":\"Grammy mant\u00e9m premia\u00e7\u00e3o em 2 de fevereiro em meio a inc\u00eandios em Los Angeles\"}]},{\"@type\":\"WebSite\",\"@id\":\"https:\\\/\\\/transamerica93.com.br\\\/home\\\/#website\",\"url\":\"https:\\\/\\\/transamerica93.com.br\\\/home\\\/\",\"name\":\"Transam\u00e9rica Mococa 93,3\",\"description\":\"\",\"publisher\":{\"@id\":\"https:\\\/\\\/transamerica93.com.br\\\/home\\\/#organization\"},\"potentialAction\":[{\"@type\":\"SearchAction\",\"target\":{\"@type\":\"EntryPoint\",\"urlTemplate\":\"https:\\\/\\\/transamerica93.com.br\\\/home\\\/?s={search_term_string}\"},\"query-input\":{\"@type\":\"PropertyValueSpecification\",\"valueRequired\":true,\"valueName\":\"search_term_string\"}}],\"inLanguage\":\"pt-BR\"},{\"@type\":\"Organization\",\"@id\":\"https:\\\/\\\/transamerica93.com.br\\\/home\\\/#organization\",\"name\":\"Transam\u00e9rica Mococa 93,3\",\"url\":\"https:\\\/\\\/transamerica93.com.br\\\/home\\\/\",\"logo\":{\"@type\":\"ImageObject\",\"inLanguage\":\"pt-BR\",\"@id\":\"https:\\\/\\\/transamerica93.com.br\\\/home\\\/#\\\/schema\\\/logo\\\/image\\\/\",\"url\":\"https:\\\/\\\/transamerica93.com.br\\\/home\\\/wp-content\\\/uploads\\\/2023\\\/10\\\/logo2.png\",\"contentUrl\":\"https:\\\/\\\/transamerica93.com.br\\\/home\\\/wp-content\\\/uploads\\\/2023\\\/10\\\/logo2.png\",\"width\":800,\"height\":500,\"caption\":\"Transam\u00e9rica Mococa 93,3\"},\"image\":{\"@id\":\"https:\\\/\\\/transamerica93.com.br\\\/home\\\/#\\\/schema\\\/logo\\\/image\\\/\"},\"sameAs\":[\"https:\\\/\\\/www.facebook.com\\\/transamericamococa\",\"https:\\\/\\\/x.com\\\/transamerica933\",\"https:\\\/\\\/www.instagram.com\\\/transamericamococa\"]},{\"@type\":\"Person\",\"@id\":\"https:\\\/\\\/transamerica93.com.br\\\/home\\\/#\\\/schema\\\/person\\\/7fed7c99c0d4562efa8561bc0f543172\",\"name\":\"Reda\u00e7\u00e3o\",\"image\":{\"@type\":\"ImageObject\",\"inLanguage\":\"pt-BR\",\"@id\":\"https:\\\/\\\/secure.gravatar.com\\\/avatar\\\/1072c6b775fb02ef8506ce967551d95926669a6b7d2c2147b42eea4d7c68395e?s=96&d=mm&r=g\",\"url\":\"https:\\\/\\\/secure.gravatar.com\\\/avatar\\\/1072c6b775fb02ef8506ce967551d95926669a6b7d2c2147b42eea4d7c68395e?s=96&d=mm&r=g\",\"contentUrl\":\"https:\\\/\\\/secure.gravatar.com\\\/avatar\\\/1072c6b775fb02ef8506ce967551d95926669a6b7d2c2147b42eea4d7c68395e?s=96&d=mm&r=g\",\"caption\":\"Reda\u00e7\u00e3o\"},\"sameAs\":[\"https:\\\/\\\/transamerica93.com.br\\\/home\"],\"url\":\"https:\\\/\\\/transamerica93.com.br\\\/home\\\/author\\\/william\\\/\"}]}<\/script>\n<!-- \/ Yoast SEO plugin. -->","yoast_head_json":{"title":"Grammy mant\u00e9m premia\u00e7\u00e3o em 2 de fevereiro em meio a inc\u00eandios em Los Angeles - Transam\u00e9rica Mococa 93,3","robots":{"index":"index","follow":"follow","max-snippet":"max-snippet:-1","max-image-preview":"max-image-preview:large","max-video-preview":"max-video-preview:-1"},"canonical":"https:\/\/transamerica93.com.br\/home\/grammy-mantem-premiacao-em-2-de-fevereiro-em-meio-a-incendios-em-los-angeles\/","og_locale":"pt_BR","og_type":"article","og_title":"Grammy mant\u00e9m premia\u00e7\u00e3o em 2 de fevereiro em meio a inc\u00eandios em Los Angeles - Transam\u00e9rica Mococa 93,3","og_description":"Por Reda\u00e7\u00e3o O Estado de S. Paulo Apesar dos devastadores inc\u00eandios que atingem Los Angeles desde a \u00faltima semana, a cerim\u00f4nia do Grammy 2025 ser\u00e1 realizada conforme o planejado no dia 2 de fevereiro, na Crypto.com Arena, localizada na cidade. A Recording Academy, institui\u00e7\u00e3o respons\u00e1vel pela premia\u00e7\u00e3o, assegurou que a transmiss\u00e3o seguir\u00e1 em estreita coordena\u00e7\u00e3o &hellip;","og_url":"https:\/\/transamerica93.com.br\/home\/grammy-mantem-premiacao-em-2-de-fevereiro-em-meio-a-incendios-em-los-angeles\/","og_site_name":"Transam\u00e9rica Mococa 93,3","article_publisher":"https:\/\/www.facebook.com\/transamericamococa","article_published_time":"2025-01-17T21:00:28+00:00","og_image":[{"width":800,"height":448,"url":"https:\/\/transamerica93.com.br\/home\/wp-content\/uploads\/2025\/01\/Sem-titulo-3.png","type":"image\/png"}],"author":"Reda\u00e7\u00e3o","twitter_card":"summary_large_image","twitter_creator":"@transamerica933","twitter_site":"@transamerica933","twitter_misc":{"Escrito por":"Reda\u00e7\u00e3o","Est. tempo de leitura":"3 minutos"},"schema":{"@context":"https:\/\/schema.org","@graph":[{"@type":"Article","@id":"https:\/\/transamerica93.com.br\/home\/grammy-mantem-premiacao-em-2-de-fevereiro-em-meio-a-incendios-em-los-angeles\/#article","isPartOf":{"@id":"https:\/\/transamerica93.com.br\/home\/grammy-mantem-premiacao-em-2-de-fevereiro-em-meio-a-incendios-em-los-angeles\/"},"author":{"name":"Reda\u00e7\u00e3o","@id":"https:\/\/transamerica93.com.br\/home\/#\/schema\/person\/7fed7c99c0d4562efa8561bc0f543172"},"headline":"Grammy mant\u00e9m premia\u00e7\u00e3o em 2 de fevereiro em meio a inc\u00eandios em Los Angeles","datePublished":"2025-01-17T21:00:28+00:00","mainEntityOfPage":{"@id":"https:\/\/transamerica93.com.br\/home\/grammy-mantem-premiacao-em-2-de-fevereiro-em-meio-a-incendios-em-los-angeles\/"},"wordCount":453,"publisher":{"@id":"https:\/\/transamerica93.com.br\/home\/#organization"},"image":{"@id":"https:\/\/transamerica93.com.br\/home\/grammy-mantem-premiacao-em-2-de-fevereiro-em-meio-a-incendios-em-los-angeles\/#primaryimage"},"thumbnailUrl":"https:\/\/transamerica93.com.br\/home\/wp-content\/uploads\/2025\/01\/Sem-titulo-3.png","articleSection":["Entretenimento"],"inLanguage":"pt-BR"},{"@type":"WebPage","@id":"https:\/\/transamerica93.com.br\/home\/grammy-mantem-premiacao-em-2-de-fevereiro-em-meio-a-incendios-em-los-angeles\/","url":"https:\/\/transamerica93.com.br\/home\/grammy-mantem-premiacao-em-2-de-fevereiro-em-meio-a-incendios-em-los-angeles\/","name":"Grammy mant\u00e9m premia\u00e7\u00e3o em 2 de fevereiro em meio a inc\u00eandios em Los Angeles - Transam\u00e9rica Mococa 93,3","isPartOf":{"@id":"https:\/\/transamerica93.com.br\/home\/#website"},"primaryImageOfPage":{"@id":"https:\/\/transamerica93.com.br\/home\/grammy-mantem-premiacao-em-2-de-fevereiro-em-meio-a-incendios-em-los-angeles\/#primaryimage"},"image":{"@id":"https:\/\/transamerica93.com.br\/home\/grammy-mantem-premiacao-em-2-de-fevereiro-em-meio-a-incendios-em-los-angeles\/#primaryimage"},"thumbnailUrl":"https:\/\/transamerica93.com.br\/home\/wp-content\/uploads\/2025\/01\/Sem-titulo-3.png","datePublished":"2025-01-17T21:00:28+00:00","breadcrumb":{"@id":"https:\/\/transamerica93.com.br\/home\/grammy-mantem-premiacao-em-2-de-fevereiro-em-meio-a-incendios-em-los-angeles\/#breadcrumb"},"inLanguage":"pt-BR","potentialAction":[{"@type":"ReadAction","target":["https:\/\/transamerica93.com.br\/home\/grammy-mantem-premiacao-em-2-de-fevereiro-em-meio-a-incendios-em-los-angeles\/"]}]},{"@type":"ImageObject","inLanguage":"pt-BR","@id":"https:\/\/transamerica93.com.br\/home\/grammy-mantem-premiacao-em-2-de-fevereiro-em-meio-a-incendios-em-los-angeles\/#primaryimage","url":"https:\/\/transamerica93.com.br\/home\/wp-content\/uploads\/2025\/01\/Sem-titulo-3.png","contentUrl":"https:\/\/transamerica93.com.br\/home\/wp-content\/uploads\/2025\/01\/Sem-titulo-3.png","width":800,"height":448,"caption":"Foto: Reprodu\u00e7\u00e3o\/Instagram"},{"@type":"BreadcrumbList","@id":"https:\/\/transamerica93.com.br\/home\/grammy-mantem-premiacao-em-2-de-fevereiro-em-meio-a-incendios-em-los-angeles\/#breadcrumb","itemListElement":[{"@type":"ListItem","position":1,"name":"In\u00edcio","item":"https:\/\/transamerica93.com.br\/home\/"},{"@type":"ListItem","position":2,"name":"Grammy mant\u00e9m premia\u00e7\u00e3o em 2 de fevereiro em meio a inc\u00eandios em Los Angeles"}]},{"@type":"WebSite","@id":"https:\/\/transamerica93.com.br\/home\/#website","url":"https:\/\/transamerica93.com.br\/home\/","name":"Transam\u00e9rica Mococa 93,3","description":"","publisher":{"@id":"https:\/\/transamerica93.com.br\/home\/#organization"},"potentialAction":[{"@type":"SearchAction","target":{"@type":"EntryPoint","urlTemplate":"https:\/\/transamerica93.com.br\/home\/?s={search_term_string}"},"query-input":{"@type":"PropertyValueSpecification","valueRequired":true,"valueName":"search_term_string"}}],"inLanguage":"pt-BR"},{"@type":"Organization","@id":"https:\/\/transamerica93.com.br\/home\/#organization","name":"Transam\u00e9rica Mococa 93,3","url":"https:\/\/transamerica93.com.br\/home\/","logo":{"@type":"ImageObject","inLanguage":"pt-BR","@id":"https:\/\/transamerica93.com.br\/home\/#\/schema\/logo\/image\/","url":"https:\/\/transamerica93.com.br\/home\/wp-content\/uploads\/2023\/10\/logo2.png","contentUrl":"https:\/\/transamerica93.com.br\/home\/wp-content\/uploads\/2023\/10\/logo2.png","width":800,"height":500,"caption":"Transam\u00e9rica Mococa 93,3"},"image":{"@id":"https:\/\/transamerica93.com.br\/home\/#\/schema\/logo\/image\/"},"sameAs":["https:\/\/www.facebook.com\/transamericamococa","https:\/\/x.com\/transamerica933","https:\/\/www.instagram.com\/transamericamococa"]},{"@type":"Person","@id":"https:\/\/transamerica93.com.br\/home\/#\/schema\/person\/7fed7c99c0d4562efa8561bc0f543172","name":"Reda\u00e7\u00e3o","image":{"@type":"ImageObject","inLanguage":"pt-BR","@id":"https:\/\/secure.gravatar.com\/avatar\/1072c6b775fb02ef8506ce967551d95926669a6b7d2c2147b42eea4d7c68395e?s=96&d=mm&r=g","url":"https:\/\/secure.gravatar.com\/avatar\/1072c6b775fb02ef8506ce967551d95926669a6b7d2c2147b42eea4d7c68395e?s=96&d=mm&r=g","contentUrl":"https:\/\/secure.gravatar.com\/avatar\/1072c6b775fb02ef8506ce967551d95926669a6b7d2c2147b42eea4d7c68395e?s=96&d=mm&r=g","caption":"Reda\u00e7\u00e3o"},"sameAs":["https:\/\/transamerica93.com.br\/home"],"url":"https:\/\/transamerica93.com.br\/home\/author\/william\/"}]}},"_links":{"self":[{"href":"https:\/\/transamerica93.com.br\/home\/wp-json\/wp\/v2\/posts\/4534","targetHints":{"allow":["GET"]}}],"collection":[{"href":"https:\/\/transamerica93.com.br\/home\/wp-json\/wp\/v2\/posts"}],"about":[{"href":"https:\/\/transamerica93.com.br\/home\/wp-json\/wp\/v2\/types\/post"}],"author":[{"embeddable":true,"href":"https:\/\/transamerica93.com.br\/home\/wp-json\/wp\/v2\/users\/1"}],"replies":[{"embeddable":true,"href":"https:\/\/transamerica93.com.br\/home\/wp-json\/wp\/v2\/comments?post=4534"}],"version-history":[{"count":1,"href":"https:\/\/transamerica93.com.br\/home\/wp-json\/wp\/v2\/posts\/4534\/revisions"}],"predecessor-version":[{"id":4535,"href":"https:\/\/transamerica93.com.br\/home\/wp-json\/wp\/v2\/posts\/4534\/revisions\/4535"}],"wp:featuredmedia":[{"embeddable":true,"href":"https:\/\/transamerica93.com.br\/home\/wp-json\/wp\/v2\/media\/4493"}],"wp:attachment":[{"href":"https:\/\/transamerica93.com.br\/home\/wp-json\/wp\/v2\/media?parent=4534"}],"wp:term":[{"taxonomy":"category","embeddable":true,"href":"https:\/\/transamerica93.com.br\/home\/wp-json\/wp\/v2\/categories?post=4534"},{"taxonomy":"post_tag","embeddable":true,"href":"https:\/\/transamerica93.com.br\/home\/wp-json\/wp\/v2\/tags?post=4534"}],"curies":[{"name":"wp","href":"https:\/\/api.w.org\/{rel}","templated":true}]}}