{"id":4566,"date":"2025-01-27T09:00:12","date_gmt":"2025-01-27T12:00:12","guid":{"rendered":"https:\/\/transamerica93.com.br\/home\/?p=4566"},"modified":"2025-01-17T23:40:11","modified_gmt":"2025-01-18T02:40:11","slug":"taxa-de-desemprego-global-permanece-em-5-em-2024-diz-oit","status":"publish","type":"post","link":"https:\/\/transamerica93.com.br\/home\/taxa-de-desemprego-global-permanece-em-5-em-2024-diz-oit\/","title":{"rendered":"Taxa de desemprego global permanece em 5% em 2024, diz OIT"},"content":{"rendered":"<div class=\"conteudo-noticia\">\n<p>O \u00edndice global de desemprego permaneceu em 5% em 2024,\u00a0o mesmo patamar de 2023. O dado\u00a0consta do relat\u00f3rio\u00a0<a href=\"https:\/\/www.ilo.org\/publications\/flagship-reports\/world-employment-and-social-outlook-trends-2025\" target=\"_blank\" rel=\"noopener\"><em>Perspectivas Sociais e de Emprego no Mundo: Tend\u00eancias 2025 (World Employment and Social Outlook: Trends 2025)<\/em><\/a>, lan\u00e7ado pela Organiza\u00e7\u00e3o Internacional do Trabalho (OIT).<img decoding=\"async\" data-src=\"https:\/\/agenciabrasil.ebc.com.br\/ebc.png?id=1627212&amp;o=node\" src=\"data:image\/svg+xml;base64,PHN2ZyB3aWR0aD0iMSIgaGVpZ2h0PSIxIiB4bWxucz0iaHR0cDovL3d3dy53My5vcmcvMjAwMC9zdmciPjwvc3ZnPg==\" class=\"lazyload\" \/><img decoding=\"async\" data-src=\"https:\/\/agenciabrasil.ebc.com.br\/ebc.gif?id=1627212&amp;o=node\" src=\"data:image\/svg+xml;base64,PHN2ZyB3aWR0aD0iMSIgaGVpZ2h0PSIxIiB4bWxucz0iaHR0cDovL3d3dy53My5vcmcvMjAwMC9zdmciPjwvc3ZnPg==\" class=\"lazyload\" \/><\/p>\n<p>Entre os fatores que colaboram para\u00a0a dificuldade\u00a0da recupera\u00e7\u00e3o do mercado de trabalho est\u00e3o\u00a0as tens\u00f5es geopol\u00edticas e o aumento dos custos das mudan\u00e7as clim\u00e1ticas.<\/p>\n<p>De acordo com a institui\u00e7\u00e3o, a economia mundial est\u00e1 em expans\u00e3o em ritmo moderado, por\u00e9m a previs\u00e3o \u00e9 de perda do dinamismo, impedindo uma recupera\u00e7\u00e3o forte e duradoura do mercado de trabalho.<\/p>\n<p>&#8220;O crescimento econ\u00f4mico ficou\u00a0em 3,2%\u00a0em 2024, abaixo dos 3,3% e 3,6% em 2023 e 2022, respetivamente. Espera-se uma expans\u00e3o semelhante em 2025 e depois uma desacelera\u00e7\u00e3o gradual no m\u00e9dio prazo&#8221;, aponta.<\/p>\n<h2>Trabalho informal<\/h2>\n<p>O relat\u00f3rio pontua que o trabalho informal e a quantidade de trabalhadoras e trabalhadores pobres voltaram aos n\u00edveis do per\u00edodo pr\u00e9-pandemia.<\/p>\n<p>Os pa\u00edses de baixa renda, segundo a entidade, se defrontaram com mais desafios para a gera\u00e7\u00e3o de postos de trabalho. Nessas localidades, a parcela de homens jovens nem-nem, ou seja, que nem estudam, nem trabalham aumentou quase quatro pontos percentuais acima da m\u00e9dia atingida nos anos que antecederam a pandemia.<\/p>\n<p>No ano passado, entre o total de\u00a0pessoas sem emprego formal, sem frequentar a escola\u00a0ou fazendo\u00a0capacita\u00e7\u00f5es, os homens jovens chegaram\u00a0a 85,8 milh\u00f5es (13,1%) e as\u00a0mulheres jovens,\u00a0173,3 milh\u00f5es (28,2%). De 2023 para 2024, houve um acr\u00e9scimo de 1 milh\u00e3o e 1,8 milh\u00e3o, respectivamente.<\/p>\n<p>&#8220;Os jovens, especialmente, continuam a enfrentar taxas de desemprego muito mais elevadas \u2013 cerca de 12,6%\u00a0\u2013 com poucos sinais de melhorias&#8221;, diz o relat\u00f3rio.<\/p>\n<h2>D\u00e9ficit global de empregos<\/h2>\n<p>Ao todo, o d\u00e9ficit mundial de empregos \u2013 o n\u00famero estimado de pessoas que querem trabalhar, mas n\u00e3o conseguem conquistar um emprego \u2013 atingiu 402 milh\u00f5es no ano passado. Esse n\u00famero \u00e9 composto por 186 milh\u00f5es de desempregados, 137 milh\u00f5es que s\u00e3o principalmente de pessoas desencorajadas e 79 milh\u00f5es que gostariam de trabalhar, mas t\u00eam obriga\u00e7\u00f5es, exercer fun\u00e7\u00f5es de cuidado de outras pessoas, que as impedem de ter acesso ao emprego.<\/p>\n<\/div>\n<div class=\"footer-noticia\">\n<div class=\"editor rowflex\">Edi\u00e7\u00e3o: Carolina Pimentel<\/div>\n<\/div>\n","protected":false},"excerpt":{"rendered":"<p>O \u00edndice global de desemprego permaneceu em 5% em 2024,\u00a0o mesmo patamar de 2023. O dado\u00a0consta do relat\u00f3rio\u00a0Perspectivas Sociais e de Emprego no Mundo: Tend\u00eancias 2025 (World Employment and Social Outlook: Trends 2025), lan\u00e7ado pela Organiza\u00e7\u00e3o Internacional do Trabalho (OIT). Entre os fatores que colaboram para\u00a0a dificuldade\u00a0da recupera\u00e7\u00e3o do mercado de trabalho est\u00e3o\u00a0as tens\u00f5es geopol\u00edticas &hellip;<\/p>\n","protected":false},"author":1,"featured_media":4567,"comment_status":"closed","ping_status":"closed","sticky":false,"template":"","format":"standard","meta":{"footnotes":""},"categories":[30],"tags":[],"class_list":["post-4566","post","type-post","status-publish","format-standard","has-post-thumbnail","hentry","category-geral"],"yoast_head":"<!-- This site is optimized with the Yoast SEO plugin v27.4 - https:\/\/yoast.com\/product\/yoast-seo-wordpress\/ -->\n<title>Taxa de desemprego global permanece em 5% em 2024, diz OIT - Transam\u00e9rica Mococa 93,3<\/title>\n<meta name=\"robots\" content=\"index, follow, max-snippet:-1, max-image-preview:large, max-video-preview:-1\" \/>\n<link rel=\"canonical\" href=\"https:\/\/transamerica93.com.br\/home\/taxa-de-desemprego-global-permanece-em-5-em-2024-diz-oit\/\" \/>\n<meta property=\"og:locale\" content=\"pt_BR\" \/>\n<meta property=\"og:type\" content=\"article\" \/>\n<meta property=\"og:title\" content=\"Taxa de desemprego global permanece em 5% em 2024, diz OIT - Transam\u00e9rica Mococa 93,3\" \/>\n<meta property=\"og:description\" content=\"O \u00edndice global de desemprego permaneceu em 5% em 2024,\u00a0o mesmo patamar de 2023. O dado\u00a0consta do relat\u00f3rio\u00a0Perspectivas Sociais e de Emprego no Mundo: Tend\u00eancias 2025 (World Employment and Social Outlook: Trends 2025), lan\u00e7ado pela Organiza\u00e7\u00e3o Internacional do Trabalho (OIT). Entre os fatores que colaboram para\u00a0a dificuldade\u00a0da recupera\u00e7\u00e3o do mercado de trabalho est\u00e3o\u00a0as tens\u00f5es geopol\u00edticas &hellip;\" \/>\n<meta property=\"og:url\" content=\"https:\/\/transamerica93.com.br\/home\/taxa-de-desemprego-global-permanece-em-5-em-2024-diz-oit\/\" \/>\n<meta property=\"og:site_name\" content=\"Transam\u00e9rica Mococa 93,3\" \/>\n<meta property=\"article:publisher\" content=\"https:\/\/www.facebook.com\/transamericamococa\" \/>\n<meta property=\"article:published_time\" content=\"2025-01-27T12:00:12+00:00\" \/>\n<meta property=\"og:image\" content=\"https:\/\/transamerica93.com.br\/home\/wp-content\/uploads\/2025\/01\/1.jpg\" \/>\n\t<meta property=\"og:image:width\" content=\"1170\" \/>\n\t<meta property=\"og:image:height\" content=\"700\" \/>\n\t<meta property=\"og:image:type\" content=\"image\/jpeg\" \/>\n<meta name=\"author\" content=\"Reda\u00e7\u00e3o\" \/>\n<meta name=\"twitter:card\" content=\"summary_large_image\" \/>\n<meta name=\"twitter:creator\" content=\"@transamerica933\" \/>\n<meta name=\"twitter:site\" content=\"@transamerica933\" \/>\n<meta name=\"twitter:label1\" content=\"Escrito por\" \/>\n\t<meta name=\"twitter:data1\" content=\"Reda\u00e7\u00e3o\" \/>\n\t<meta name=\"twitter:label2\" content=\"Est. tempo de leitura\" \/>\n\t<meta name=\"twitter:data2\" content=\"3 minutos\" \/>\n<script type=\"application\/ld+json\" class=\"yoast-schema-graph\">{\"@context\":\"https:\\\/\\\/schema.org\",\"@graph\":[{\"@type\":\"Article\",\"@id\":\"https:\\\/\\\/transamerica93.com.br\\\/home\\\/taxa-de-desemprego-global-permanece-em-5-em-2024-diz-oit\\\/#article\",\"isPartOf\":{\"@id\":\"https:\\\/\\\/transamerica93.com.br\\\/home\\\/taxa-de-desemprego-global-permanece-em-5-em-2024-diz-oit\\\/\"},\"author\":{\"name\":\"Reda\u00e7\u00e3o\",\"@id\":\"https:\\\/\\\/transamerica93.com.br\\\/home\\\/#\\\/schema\\\/person\\\/7fed7c99c0d4562efa8561bc0f543172\"},\"headline\":\"Taxa de desemprego global permanece em 5% em 2024, diz OIT\",\"datePublished\":\"2025-01-27T12:00:12+00:00\",\"mainEntityOfPage\":{\"@id\":\"https:\\\/\\\/transamerica93.com.br\\\/home\\\/taxa-de-desemprego-global-permanece-em-5-em-2024-diz-oit\\\/\"},\"wordCount\":382,\"publisher\":{\"@id\":\"https:\\\/\\\/transamerica93.com.br\\\/home\\\/#organization\"},\"image\":{\"@id\":\"https:\\\/\\\/transamerica93.com.br\\\/home\\\/taxa-de-desemprego-global-permanece-em-5-em-2024-diz-oit\\\/#primaryimage\"},\"thumbnailUrl\":\"https:\\\/\\\/transamerica93.com.br\\\/home\\\/wp-content\\\/uploads\\\/2025\\\/01\\\/1.jpg\",\"articleSection\":[\"Geral\"],\"inLanguage\":\"pt-BR\"},{\"@type\":\"WebPage\",\"@id\":\"https:\\\/\\\/transamerica93.com.br\\\/home\\\/taxa-de-desemprego-global-permanece-em-5-em-2024-diz-oit\\\/\",\"url\":\"https:\\\/\\\/transamerica93.com.br\\\/home\\\/taxa-de-desemprego-global-permanece-em-5-em-2024-diz-oit\\\/\",\"name\":\"Taxa de desemprego global permanece em 5% em 2024, diz OIT - Transam\u00e9rica Mococa 93,3\",\"isPartOf\":{\"@id\":\"https:\\\/\\\/transamerica93.com.br\\\/home\\\/#website\"},\"primaryImageOfPage\":{\"@id\":\"https:\\\/\\\/transamerica93.com.br\\\/home\\\/taxa-de-desemprego-global-permanece-em-5-em-2024-diz-oit\\\/#primaryimage\"},\"image\":{\"@id\":\"https:\\\/\\\/transamerica93.com.br\\\/home\\\/taxa-de-desemprego-global-permanece-em-5-em-2024-diz-oit\\\/#primaryimage\"},\"thumbnailUrl\":\"https:\\\/\\\/transamerica93.com.br\\\/home\\\/wp-content\\\/uploads\\\/2025\\\/01\\\/1.jpg\",\"datePublished\":\"2025-01-27T12:00:12+00:00\",\"breadcrumb\":{\"@id\":\"https:\\\/\\\/transamerica93.com.br\\\/home\\\/taxa-de-desemprego-global-permanece-em-5-em-2024-diz-oit\\\/#breadcrumb\"},\"inLanguage\":\"pt-BR\",\"potentialAction\":[{\"@type\":\"ReadAction\",\"target\":[\"https:\\\/\\\/transamerica93.com.br\\\/home\\\/taxa-de-desemprego-global-permanece-em-5-em-2024-diz-oit\\\/\"]}]},{\"@type\":\"ImageObject\",\"inLanguage\":\"pt-BR\",\"@id\":\"https:\\\/\\\/transamerica93.com.br\\\/home\\\/taxa-de-desemprego-global-permanece-em-5-em-2024-diz-oit\\\/#primaryimage\",\"url\":\"https:\\\/\\\/transamerica93.com.br\\\/home\\\/wp-content\\\/uploads\\\/2025\\\/01\\\/1.jpg\",\"contentUrl\":\"https:\\\/\\\/transamerica93.com.br\\\/home\\\/wp-content\\\/uploads\\\/2025\\\/01\\\/1.jpg\",\"width\":1170,\"height\":700,\"caption\":\"\u00a9 Wilson Dias\\\/arquivo Ag\u00eancia Brasil\"},{\"@type\":\"BreadcrumbList\",\"@id\":\"https:\\\/\\\/transamerica93.com.br\\\/home\\\/taxa-de-desemprego-global-permanece-em-5-em-2024-diz-oit\\\/#breadcrumb\",\"itemListElement\":[{\"@type\":\"ListItem\",\"position\":1,\"name\":\"In\u00edcio\",\"item\":\"https:\\\/\\\/transamerica93.com.br\\\/home\\\/\"},{\"@type\":\"ListItem\",\"position\":2,\"name\":\"Taxa de desemprego global permanece em 5% em 2024, diz OIT\"}]},{\"@type\":\"WebSite\",\"@id\":\"https:\\\/\\\/transamerica93.com.br\\\/home\\\/#website\",\"url\":\"https:\\\/\\\/transamerica93.com.br\\\/home\\\/\",\"name\":\"Transam\u00e9rica Mococa 93,3\",\"description\":\"\",\"publisher\":{\"@id\":\"https:\\\/\\\/transamerica93.com.br\\\/home\\\/#organization\"},\"potentialAction\":[{\"@type\":\"SearchAction\",\"target\":{\"@type\":\"EntryPoint\",\"urlTemplate\":\"https:\\\/\\\/transamerica93.com.br\\\/home\\\/?s={search_term_string}\"},\"query-input\":{\"@type\":\"PropertyValueSpecification\",\"valueRequired\":true,\"valueName\":\"search_term_string\"}}],\"inLanguage\":\"pt-BR\"},{\"@type\":\"Organization\",\"@id\":\"https:\\\/\\\/transamerica93.com.br\\\/home\\\/#organization\",\"name\":\"Transam\u00e9rica Mococa 93,3\",\"url\":\"https:\\\/\\\/transamerica93.com.br\\\/home\\\/\",\"logo\":{\"@type\":\"ImageObject\",\"inLanguage\":\"pt-BR\",\"@id\":\"https:\\\/\\\/transamerica93.com.br\\\/home\\\/#\\\/schema\\\/logo\\\/image\\\/\",\"url\":\"https:\\\/\\\/transamerica93.com.br\\\/home\\\/wp-content\\\/uploads\\\/2023\\\/10\\\/logo2.png\",\"contentUrl\":\"https:\\\/\\\/transamerica93.com.br\\\/home\\\/wp-content\\\/uploads\\\/2023\\\/10\\\/logo2.png\",\"width\":800,\"height\":500,\"caption\":\"Transam\u00e9rica Mococa 93,3\"},\"image\":{\"@id\":\"https:\\\/\\\/transamerica93.com.br\\\/home\\\/#\\\/schema\\\/logo\\\/image\\\/\"},\"sameAs\":[\"https:\\\/\\\/www.facebook.com\\\/transamericamococa\",\"https:\\\/\\\/x.com\\\/transamerica933\",\"https:\\\/\\\/www.instagram.com\\\/transamericamococa\"]},{\"@type\":\"Person\",\"@id\":\"https:\\\/\\\/transamerica93.com.br\\\/home\\\/#\\\/schema\\\/person\\\/7fed7c99c0d4562efa8561bc0f543172\",\"name\":\"Reda\u00e7\u00e3o\",\"image\":{\"@type\":\"ImageObject\",\"inLanguage\":\"pt-BR\",\"@id\":\"https:\\\/\\\/secure.gravatar.com\\\/avatar\\\/1072c6b775fb02ef8506ce967551d95926669a6b7d2c2147b42eea4d7c68395e?s=96&d=mm&r=g\",\"url\":\"https:\\\/\\\/secure.gravatar.com\\\/avatar\\\/1072c6b775fb02ef8506ce967551d95926669a6b7d2c2147b42eea4d7c68395e?s=96&d=mm&r=g\",\"contentUrl\":\"https:\\\/\\\/secure.gravatar.com\\\/avatar\\\/1072c6b775fb02ef8506ce967551d95926669a6b7d2c2147b42eea4d7c68395e?s=96&d=mm&r=g\",\"caption\":\"Reda\u00e7\u00e3o\"},\"sameAs\":[\"https:\\\/\\\/transamerica93.com.br\\\/home\"],\"url\":\"https:\\\/\\\/transamerica93.com.br\\\/home\\\/author\\\/william\\\/\"}]}<\/script>\n<!-- \/ Yoast SEO plugin. -->","yoast_head_json":{"title":"Taxa de desemprego global permanece em 5% em 2024, diz OIT - Transam\u00e9rica Mococa 93,3","robots":{"index":"index","follow":"follow","max-snippet":"max-snippet:-1","max-image-preview":"max-image-preview:large","max-video-preview":"max-video-preview:-1"},"canonical":"https:\/\/transamerica93.com.br\/home\/taxa-de-desemprego-global-permanece-em-5-em-2024-diz-oit\/","og_locale":"pt_BR","og_type":"article","og_title":"Taxa de desemprego global permanece em 5% em 2024, diz OIT - Transam\u00e9rica Mococa 93,3","og_description":"O \u00edndice global de desemprego permaneceu em 5% em 2024,\u00a0o mesmo patamar de 2023. O dado\u00a0consta do relat\u00f3rio\u00a0Perspectivas Sociais e de Emprego no Mundo: Tend\u00eancias 2025 (World Employment and Social Outlook: Trends 2025), lan\u00e7ado pela Organiza\u00e7\u00e3o Internacional do Trabalho (OIT). Entre os fatores que colaboram para\u00a0a dificuldade\u00a0da recupera\u00e7\u00e3o do mercado de trabalho est\u00e3o\u00a0as tens\u00f5es geopol\u00edticas &hellip;","og_url":"https:\/\/transamerica93.com.br\/home\/taxa-de-desemprego-global-permanece-em-5-em-2024-diz-oit\/","og_site_name":"Transam\u00e9rica Mococa 93,3","article_publisher":"https:\/\/www.facebook.com\/transamericamococa","article_published_time":"2025-01-27T12:00:12+00:00","og_image":[{"width":1170,"height":700,"url":"https:\/\/transamerica93.com.br\/home\/wp-content\/uploads\/2025\/01\/1.jpg","type":"image\/jpeg"}],"author":"Reda\u00e7\u00e3o","twitter_card":"summary_large_image","twitter_creator":"@transamerica933","twitter_site":"@transamerica933","twitter_misc":{"Escrito por":"Reda\u00e7\u00e3o","Est. tempo de leitura":"3 minutos"},"schema":{"@context":"https:\/\/schema.org","@graph":[{"@type":"Article","@id":"https:\/\/transamerica93.com.br\/home\/taxa-de-desemprego-global-permanece-em-5-em-2024-diz-oit\/#article","isPartOf":{"@id":"https:\/\/transamerica93.com.br\/home\/taxa-de-desemprego-global-permanece-em-5-em-2024-diz-oit\/"},"author":{"name":"Reda\u00e7\u00e3o","@id":"https:\/\/transamerica93.com.br\/home\/#\/schema\/person\/7fed7c99c0d4562efa8561bc0f543172"},"headline":"Taxa de desemprego global permanece em 5% em 2024, diz OIT","datePublished":"2025-01-27T12:00:12+00:00","mainEntityOfPage":{"@id":"https:\/\/transamerica93.com.br\/home\/taxa-de-desemprego-global-permanece-em-5-em-2024-diz-oit\/"},"wordCount":382,"publisher":{"@id":"https:\/\/transamerica93.com.br\/home\/#organization"},"image":{"@id":"https:\/\/transamerica93.com.br\/home\/taxa-de-desemprego-global-permanece-em-5-em-2024-diz-oit\/#primaryimage"},"thumbnailUrl":"https:\/\/transamerica93.com.br\/home\/wp-content\/uploads\/2025\/01\/1.jpg","articleSection":["Geral"],"inLanguage":"pt-BR"},{"@type":"WebPage","@id":"https:\/\/transamerica93.com.br\/home\/taxa-de-desemprego-global-permanece-em-5-em-2024-diz-oit\/","url":"https:\/\/transamerica93.com.br\/home\/taxa-de-desemprego-global-permanece-em-5-em-2024-diz-oit\/","name":"Taxa de desemprego global permanece em 5% em 2024, diz OIT - Transam\u00e9rica Mococa 93,3","isPartOf":{"@id":"https:\/\/transamerica93.com.br\/home\/#website"},"primaryImageOfPage":{"@id":"https:\/\/transamerica93.com.br\/home\/taxa-de-desemprego-global-permanece-em-5-em-2024-diz-oit\/#primaryimage"},"image":{"@id":"https:\/\/transamerica93.com.br\/home\/taxa-de-desemprego-global-permanece-em-5-em-2024-diz-oit\/#primaryimage"},"thumbnailUrl":"https:\/\/transamerica93.com.br\/home\/wp-content\/uploads\/2025\/01\/1.jpg","datePublished":"2025-01-27T12:00:12+00:00","breadcrumb":{"@id":"https:\/\/transamerica93.com.br\/home\/taxa-de-desemprego-global-permanece-em-5-em-2024-diz-oit\/#breadcrumb"},"inLanguage":"pt-BR","potentialAction":[{"@type":"ReadAction","target":["https:\/\/transamerica93.com.br\/home\/taxa-de-desemprego-global-permanece-em-5-em-2024-diz-oit\/"]}]},{"@type":"ImageObject","inLanguage":"pt-BR","@id":"https:\/\/transamerica93.com.br\/home\/taxa-de-desemprego-global-permanece-em-5-em-2024-diz-oit\/#primaryimage","url":"https:\/\/transamerica93.com.br\/home\/wp-content\/uploads\/2025\/01\/1.jpg","contentUrl":"https:\/\/transamerica93.com.br\/home\/wp-content\/uploads\/2025\/01\/1.jpg","width":1170,"height":700,"caption":"\u00a9 Wilson Dias\/arquivo Ag\u00eancia Brasil"},{"@type":"BreadcrumbList","@id":"https:\/\/transamerica93.com.br\/home\/taxa-de-desemprego-global-permanece-em-5-em-2024-diz-oit\/#breadcrumb","itemListElement":[{"@type":"ListItem","position":1,"name":"In\u00edcio","item":"https:\/\/transamerica93.com.br\/home\/"},{"@type":"ListItem","position":2,"name":"Taxa de desemprego global permanece em 5% em 2024, diz OIT"}]},{"@type":"WebSite","@id":"https:\/\/transamerica93.com.br\/home\/#website","url":"https:\/\/transamerica93.com.br\/home\/","name":"Transam\u00e9rica Mococa 93,3","description":"","publisher":{"@id":"https:\/\/transamerica93.com.br\/home\/#organization"},"potentialAction":[{"@type":"SearchAction","target":{"@type":"EntryPoint","urlTemplate":"https:\/\/transamerica93.com.br\/home\/?s={search_term_string}"},"query-input":{"@type":"PropertyValueSpecification","valueRequired":true,"valueName":"search_term_string"}}],"inLanguage":"pt-BR"},{"@type":"Organization","@id":"https:\/\/transamerica93.com.br\/home\/#organization","name":"Transam\u00e9rica Mococa 93,3","url":"https:\/\/transamerica93.com.br\/home\/","logo":{"@type":"ImageObject","inLanguage":"pt-BR","@id":"https:\/\/transamerica93.com.br\/home\/#\/schema\/logo\/image\/","url":"https:\/\/transamerica93.com.br\/home\/wp-content\/uploads\/2023\/10\/logo2.png","contentUrl":"https:\/\/transamerica93.com.br\/home\/wp-content\/uploads\/2023\/10\/logo2.png","width":800,"height":500,"caption":"Transam\u00e9rica Mococa 93,3"},"image":{"@id":"https:\/\/transamerica93.com.br\/home\/#\/schema\/logo\/image\/"},"sameAs":["https:\/\/www.facebook.com\/transamericamococa","https:\/\/x.com\/transamerica933","https:\/\/www.instagram.com\/transamericamococa"]},{"@type":"Person","@id":"https:\/\/transamerica93.com.br\/home\/#\/schema\/person\/7fed7c99c0d4562efa8561bc0f543172","name":"Reda\u00e7\u00e3o","image":{"@type":"ImageObject","inLanguage":"pt-BR","@id":"https:\/\/secure.gravatar.com\/avatar\/1072c6b775fb02ef8506ce967551d95926669a6b7d2c2147b42eea4d7c68395e?s=96&d=mm&r=g","url":"https:\/\/secure.gravatar.com\/avatar\/1072c6b775fb02ef8506ce967551d95926669a6b7d2c2147b42eea4d7c68395e?s=96&d=mm&r=g","contentUrl":"https:\/\/secure.gravatar.com\/avatar\/1072c6b775fb02ef8506ce967551d95926669a6b7d2c2147b42eea4d7c68395e?s=96&d=mm&r=g","caption":"Reda\u00e7\u00e3o"},"sameAs":["https:\/\/transamerica93.com.br\/home"],"url":"https:\/\/transamerica93.com.br\/home\/author\/william\/"}]}},"_links":{"self":[{"href":"https:\/\/transamerica93.com.br\/home\/wp-json\/wp\/v2\/posts\/4566","targetHints":{"allow":["GET"]}}],"collection":[{"href":"https:\/\/transamerica93.com.br\/home\/wp-json\/wp\/v2\/posts"}],"about":[{"href":"https:\/\/transamerica93.com.br\/home\/wp-json\/wp\/v2\/types\/post"}],"author":[{"embeddable":true,"href":"https:\/\/transamerica93.com.br\/home\/wp-json\/wp\/v2\/users\/1"}],"replies":[{"embeddable":true,"href":"https:\/\/transamerica93.com.br\/home\/wp-json\/wp\/v2\/comments?post=4566"}],"version-history":[{"count":1,"href":"https:\/\/transamerica93.com.br\/home\/wp-json\/wp\/v2\/posts\/4566\/revisions"}],"predecessor-version":[{"id":4572,"href":"https:\/\/transamerica93.com.br\/home\/wp-json\/wp\/v2\/posts\/4566\/revisions\/4572"}],"wp:featuredmedia":[{"embeddable":true,"href":"https:\/\/transamerica93.com.br\/home\/wp-json\/wp\/v2\/media\/4567"}],"wp:attachment":[{"href":"https:\/\/transamerica93.com.br\/home\/wp-json\/wp\/v2\/media?parent=4566"}],"wp:term":[{"taxonomy":"category","embeddable":true,"href":"https:\/\/transamerica93.com.br\/home\/wp-json\/wp\/v2\/categories?post=4566"},{"taxonomy":"post_tag","embeddable":true,"href":"https:\/\/transamerica93.com.br\/home\/wp-json\/wp\/v2\/tags?post=4566"}],"curies":[{"name":"wp","href":"https:\/\/api.w.org\/{rel}","templated":true}]}}