{"id":4573,"date":"2025-01-28T09:00:22","date_gmt":"2025-01-28T12:00:22","guid":{"rendered":"https:\/\/transamerica93.com.br\/home\/?p=4573"},"modified":"2025-01-17T23:41:18","modified_gmt":"2025-01-18T02:41:18","slug":"governo-e-plataformas-de-mobilidade-fazem-acordo-para-combater-racismo","status":"publish","type":"post","link":"https:\/\/transamerica93.com.br\/home\/governo-e-plataformas-de-mobilidade-fazem-acordo-para-combater-racismo\/","title":{"rendered":"Governo e plataformas de mobilidade fazem acordo para combater racismo"},"content":{"rendered":"<div class=\"conteudo-noticia\">\n<p>O Minist\u00e9rio da Igualdade Racial assinou acordo de coopera\u00e7\u00e3o t\u00e9cnica com a Associa\u00e7\u00e3o Brasileira de Mobilidade e Tecnologia (Amobitec), entidade que re\u00fane as principais plataformas de mobilidade e tecnologia aplicada, como Uber, 99, Ifood, Lalamove, Z\u00e9 Delivery e Ambev.<img decoding=\"async\" data-src=\"https:\/\/agenciabrasil.ebc.com.br\/ebc.png?id=1627172&amp;o=node\" src=\"data:image\/svg+xml;base64,PHN2ZyB3aWR0aD0iMSIgaGVpZ2h0PSIxIiB4bWxucz0iaHR0cDovL3d3dy53My5vcmcvMjAwMC9zdmciPjwvc3ZnPg==\" class=\"lazyload\" \/><img decoding=\"async\" data-src=\"https:\/\/agenciabrasil.ebc.com.br\/ebc.gif?id=1627172&amp;o=node\" src=\"data:image\/svg+xml;base64,PHN2ZyB3aWR0aD0iMSIgaGVpZ2h0PSIxIiB4bWxucz0iaHR0cDovL3d3dy53My5vcmcvMjAwMC9zdmciPjwvc3ZnPg==\" class=\"lazyload\" \/><\/p>\n<p>A ministra da Igualdade Racial, Anielle Franco, explicou\u00a0 que a ideia do acordo \u00e9 utilizar as ferramentas de comunica\u00e7\u00e3o dos aplicativos para promover campanhas de conscientiza\u00e7\u00e3o e combate ao racismo. \u201cS\u00e3o milh\u00f5es de usu\u00e1rios desses aplicativos no pa\u00eds. Se pudermos chegar a eles com mensagens, conte\u00fados educacionais e orienta\u00e7\u00f5es sobre como denunciar, ser\u00e1 uma grande contribui\u00e7\u00e3o\u201d, disse.<\/p>\n<p>Por iniciativa do minist\u00e9rio, o di\u00e1logo com a Amobitec prev\u00ea, ainda, uma reuni\u00e3o com os parceiros dos aplicativos para escutar as demandas deles sobre melhorias nas condi\u00e7\u00f5es de trabalho, al\u00e9m de formas de garantir mais dignidade para esses trabalhadores.<\/p>\n<p>\u201cPara n\u00f3s, \u00e9 motivo de orgulho cooperar com o Minist\u00e9rio da Igualdade Racial, uma vez que infelizmente, o racismo e a intoler\u00e2ncia religiosa ainda existem no Brasil.\u00a0 Acreditamos que essa campanha ter\u00e1 um alcance grande, j\u00e1 que hoje temos milh\u00f5es de usu\u00e1rios, motoristas e entregadores nos aplicativos\u201d, afirmou o diretor-executivo da Amobitec, Andr\u00e9 Porto.<\/p>\n<p>A campanha para conscientiza\u00e7\u00e3o, combate e supera\u00e7\u00e3o ao racismo ser\u00e1 realizada em todo o territ\u00f3rio nacional, focando tanto nos motoristas e entregadores parceiros quanto nos usu\u00e1rios desses aplicativos.<\/p>\n<p>Conforme o pactuado no acordo, o minist\u00e9rio ter\u00e1 a possibilidade de disponibilizar informa\u00e7\u00f5es para a popula\u00e7\u00e3o sobre como enfrentar o racismo e suas formas de manifesta\u00e7\u00e3o. Al\u00e9m disso, a pasta poder\u00e1 informar sobre as pol\u00edticas p\u00fablicas de combate e supera\u00e7\u00e3o ao preconceito e discrimina\u00e7\u00e3o racial. J\u00e1 a Amobitec, por outro lado, se compromete a promover, junto \u00e0s empresas associadas, a disponibiliza\u00e7\u00e3o de espa\u00e7o de divulga\u00e7\u00e3o para as campanhas e os conte\u00fados produzidos pelo minist\u00e9rio em seus aplicativos e demais canais de comunica\u00e7\u00e3o. A ideia \u00e9 que o conte\u00fado produzido possa alcan\u00e7ar um p\u00fablico mais amplo.<\/p>\n<p>O acordo prev\u00ea, ainda, que o conte\u00fado produzido ser\u00e1 enviado por push, que aparecem nos aparelhos telef\u00f4nicos como notifica\u00e7\u00f5es do aplicativo, ou por e-mail.<\/p>\n<\/div>\n<div class=\"footer-noticia\">\n<div class=\"editor rowflex\">Edi\u00e7\u00e3o: \u00c9rica Santana<\/div>\n<\/div>\n","protected":false},"excerpt":{"rendered":"<p>O Minist\u00e9rio da Igualdade Racial assinou acordo de coopera\u00e7\u00e3o t\u00e9cnica com a Associa\u00e7\u00e3o Brasileira de Mobilidade e Tecnologia (Amobitec), entidade que re\u00fane as principais plataformas de mobilidade e tecnologia aplicada, como Uber, 99, Ifood, Lalamove, Z\u00e9 Delivery e Ambev. A ministra da Igualdade Racial, Anielle Franco, explicou\u00a0 que a ideia do acordo \u00e9 utilizar as &hellip;<\/p>\n","protected":false},"author":1,"featured_media":4568,"comment_status":"closed","ping_status":"closed","sticky":false,"template":"","format":"standard","meta":{"footnotes":""},"categories":[30],"tags":[],"class_list":["post-4573","post","type-post","status-publish","format-standard","has-post-thumbnail","hentry","category-geral"],"yoast_head":"<!-- This site is optimized with the Yoast SEO plugin v27.4 - https:\/\/yoast.com\/product\/yoast-seo-wordpress\/ -->\n<title>Governo e plataformas de mobilidade fazem acordo para combater racismo - Transam\u00e9rica Mococa 93,3<\/title>\n<meta name=\"robots\" content=\"index, follow, max-snippet:-1, max-image-preview:large, max-video-preview:-1\" \/>\n<link rel=\"canonical\" href=\"https:\/\/transamerica93.com.br\/home\/governo-e-plataformas-de-mobilidade-fazem-acordo-para-combater-racismo\/\" \/>\n<meta property=\"og:locale\" content=\"pt_BR\" \/>\n<meta property=\"og:type\" content=\"article\" \/>\n<meta property=\"og:title\" content=\"Governo e plataformas de mobilidade fazem acordo para combater racismo - Transam\u00e9rica Mococa 93,3\" \/>\n<meta property=\"og:description\" content=\"O Minist\u00e9rio da Igualdade Racial assinou acordo de coopera\u00e7\u00e3o t\u00e9cnica com a Associa\u00e7\u00e3o Brasileira de Mobilidade e Tecnologia (Amobitec), entidade que re\u00fane as principais plataformas de mobilidade e tecnologia aplicada, como Uber, 99, Ifood, Lalamove, Z\u00e9 Delivery e Ambev. A ministra da Igualdade Racial, Anielle Franco, explicou\u00a0 que a ideia do acordo \u00e9 utilizar as &hellip;\" \/>\n<meta property=\"og:url\" content=\"https:\/\/transamerica93.com.br\/home\/governo-e-plataformas-de-mobilidade-fazem-acordo-para-combater-racismo\/\" \/>\n<meta property=\"og:site_name\" content=\"Transam\u00e9rica Mococa 93,3\" \/>\n<meta property=\"article:publisher\" content=\"https:\/\/www.facebook.com\/transamericamococa\" \/>\n<meta property=\"article:published_time\" content=\"2025-01-28T12:00:22+00:00\" \/>\n<meta property=\"og:image\" content=\"https:\/\/transamerica93.com.br\/home\/wp-content\/uploads\/2025\/01\/2-13.jpg\" \/>\n\t<meta property=\"og:image:width\" content=\"1170\" \/>\n\t<meta property=\"og:image:height\" content=\"700\" \/>\n\t<meta property=\"og:image:type\" content=\"image\/jpeg\" \/>\n<meta name=\"author\" content=\"Reda\u00e7\u00e3o\" \/>\n<meta name=\"twitter:card\" content=\"summary_large_image\" \/>\n<meta name=\"twitter:creator\" content=\"@transamerica933\" \/>\n<meta name=\"twitter:site\" content=\"@transamerica933\" \/>\n<meta name=\"twitter:label1\" content=\"Escrito por\" \/>\n\t<meta name=\"twitter:data1\" content=\"Reda\u00e7\u00e3o\" \/>\n\t<meta name=\"twitter:label2\" content=\"Est. tempo de leitura\" \/>\n\t<meta name=\"twitter:data2\" content=\"3 minutos\" \/>\n<script type=\"application\/ld+json\" class=\"yoast-schema-graph\">{\"@context\":\"https:\\\/\\\/schema.org\",\"@graph\":[{\"@type\":\"Article\",\"@id\":\"https:\\\/\\\/transamerica93.com.br\\\/home\\\/governo-e-plataformas-de-mobilidade-fazem-acordo-para-combater-racismo\\\/#article\",\"isPartOf\":{\"@id\":\"https:\\\/\\\/transamerica93.com.br\\\/home\\\/governo-e-plataformas-de-mobilidade-fazem-acordo-para-combater-racismo\\\/\"},\"author\":{\"name\":\"Reda\u00e7\u00e3o\",\"@id\":\"https:\\\/\\\/transamerica93.com.br\\\/home\\\/#\\\/schema\\\/person\\\/7fed7c99c0d4562efa8561bc0f543172\"},\"headline\":\"Governo e plataformas de mobilidade fazem acordo para combater racismo\",\"datePublished\":\"2025-01-28T12:00:22+00:00\",\"mainEntityOfPage\":{\"@id\":\"https:\\\/\\\/transamerica93.com.br\\\/home\\\/governo-e-plataformas-de-mobilidade-fazem-acordo-para-combater-racismo\\\/\"},\"wordCount\":395,\"publisher\":{\"@id\":\"https:\\\/\\\/transamerica93.com.br\\\/home\\\/#organization\"},\"image\":{\"@id\":\"https:\\\/\\\/transamerica93.com.br\\\/home\\\/governo-e-plataformas-de-mobilidade-fazem-acordo-para-combater-racismo\\\/#primaryimage\"},\"thumbnailUrl\":\"https:\\\/\\\/transamerica93.com.br\\\/home\\\/wp-content\\\/uploads\\\/2025\\\/01\\\/2-13.jpg\",\"articleSection\":[\"Geral\"],\"inLanguage\":\"pt-BR\"},{\"@type\":\"WebPage\",\"@id\":\"https:\\\/\\\/transamerica93.com.br\\\/home\\\/governo-e-plataformas-de-mobilidade-fazem-acordo-para-combater-racismo\\\/\",\"url\":\"https:\\\/\\\/transamerica93.com.br\\\/home\\\/governo-e-plataformas-de-mobilidade-fazem-acordo-para-combater-racismo\\\/\",\"name\":\"Governo e plataformas de mobilidade fazem acordo para combater racismo - Transam\u00e9rica Mococa 93,3\",\"isPartOf\":{\"@id\":\"https:\\\/\\\/transamerica93.com.br\\\/home\\\/#website\"},\"primaryImageOfPage\":{\"@id\":\"https:\\\/\\\/transamerica93.com.br\\\/home\\\/governo-e-plataformas-de-mobilidade-fazem-acordo-para-combater-racismo\\\/#primaryimage\"},\"image\":{\"@id\":\"https:\\\/\\\/transamerica93.com.br\\\/home\\\/governo-e-plataformas-de-mobilidade-fazem-acordo-para-combater-racismo\\\/#primaryimage\"},\"thumbnailUrl\":\"https:\\\/\\\/transamerica93.com.br\\\/home\\\/wp-content\\\/uploads\\\/2025\\\/01\\\/2-13.jpg\",\"datePublished\":\"2025-01-28T12:00:22+00:00\",\"breadcrumb\":{\"@id\":\"https:\\\/\\\/transamerica93.com.br\\\/home\\\/governo-e-plataformas-de-mobilidade-fazem-acordo-para-combater-racismo\\\/#breadcrumb\"},\"inLanguage\":\"pt-BR\",\"potentialAction\":[{\"@type\":\"ReadAction\",\"target\":[\"https:\\\/\\\/transamerica93.com.br\\\/home\\\/governo-e-plataformas-de-mobilidade-fazem-acordo-para-combater-racismo\\\/\"]}]},{\"@type\":\"ImageObject\",\"inLanguage\":\"pt-BR\",\"@id\":\"https:\\\/\\\/transamerica93.com.br\\\/home\\\/governo-e-plataformas-de-mobilidade-fazem-acordo-para-combater-racismo\\\/#primaryimage\",\"url\":\"https:\\\/\\\/transamerica93.com.br\\\/home\\\/wp-content\\\/uploads\\\/2025\\\/01\\\/2-13.jpg\",\"contentUrl\":\"https:\\\/\\\/transamerica93.com.br\\\/home\\\/wp-content\\\/uploads\\\/2025\\\/01\\\/2-13.jpg\",\"width\":1170,\"height\":700,\"caption\":\"\u00a9 Freepick\"},{\"@type\":\"BreadcrumbList\",\"@id\":\"https:\\\/\\\/transamerica93.com.br\\\/home\\\/governo-e-plataformas-de-mobilidade-fazem-acordo-para-combater-racismo\\\/#breadcrumb\",\"itemListElement\":[{\"@type\":\"ListItem\",\"position\":1,\"name\":\"In\u00edcio\",\"item\":\"https:\\\/\\\/transamerica93.com.br\\\/home\\\/\"},{\"@type\":\"ListItem\",\"position\":2,\"name\":\"Governo e plataformas de mobilidade fazem acordo para combater racismo\"}]},{\"@type\":\"WebSite\",\"@id\":\"https:\\\/\\\/transamerica93.com.br\\\/home\\\/#website\",\"url\":\"https:\\\/\\\/transamerica93.com.br\\\/home\\\/\",\"name\":\"Transam\u00e9rica Mococa 93,3\",\"description\":\"\",\"publisher\":{\"@id\":\"https:\\\/\\\/transamerica93.com.br\\\/home\\\/#organization\"},\"potentialAction\":[{\"@type\":\"SearchAction\",\"target\":{\"@type\":\"EntryPoint\",\"urlTemplate\":\"https:\\\/\\\/transamerica93.com.br\\\/home\\\/?s={search_term_string}\"},\"query-input\":{\"@type\":\"PropertyValueSpecification\",\"valueRequired\":true,\"valueName\":\"search_term_string\"}}],\"inLanguage\":\"pt-BR\"},{\"@type\":\"Organization\",\"@id\":\"https:\\\/\\\/transamerica93.com.br\\\/home\\\/#organization\",\"name\":\"Transam\u00e9rica Mococa 93,3\",\"url\":\"https:\\\/\\\/transamerica93.com.br\\\/home\\\/\",\"logo\":{\"@type\":\"ImageObject\",\"inLanguage\":\"pt-BR\",\"@id\":\"https:\\\/\\\/transamerica93.com.br\\\/home\\\/#\\\/schema\\\/logo\\\/image\\\/\",\"url\":\"https:\\\/\\\/transamerica93.com.br\\\/home\\\/wp-content\\\/uploads\\\/2023\\\/10\\\/logo2.png\",\"contentUrl\":\"https:\\\/\\\/transamerica93.com.br\\\/home\\\/wp-content\\\/uploads\\\/2023\\\/10\\\/logo2.png\",\"width\":800,\"height\":500,\"caption\":\"Transam\u00e9rica Mococa 93,3\"},\"image\":{\"@id\":\"https:\\\/\\\/transamerica93.com.br\\\/home\\\/#\\\/schema\\\/logo\\\/image\\\/\"},\"sameAs\":[\"https:\\\/\\\/www.facebook.com\\\/transamericamococa\",\"https:\\\/\\\/x.com\\\/transamerica933\",\"https:\\\/\\\/www.instagram.com\\\/transamericamococa\"]},{\"@type\":\"Person\",\"@id\":\"https:\\\/\\\/transamerica93.com.br\\\/home\\\/#\\\/schema\\\/person\\\/7fed7c99c0d4562efa8561bc0f543172\",\"name\":\"Reda\u00e7\u00e3o\",\"image\":{\"@type\":\"ImageObject\",\"inLanguage\":\"pt-BR\",\"@id\":\"https:\\\/\\\/secure.gravatar.com\\\/avatar\\\/1072c6b775fb02ef8506ce967551d95926669a6b7d2c2147b42eea4d7c68395e?s=96&d=mm&r=g\",\"url\":\"https:\\\/\\\/secure.gravatar.com\\\/avatar\\\/1072c6b775fb02ef8506ce967551d95926669a6b7d2c2147b42eea4d7c68395e?s=96&d=mm&r=g\",\"contentUrl\":\"https:\\\/\\\/secure.gravatar.com\\\/avatar\\\/1072c6b775fb02ef8506ce967551d95926669a6b7d2c2147b42eea4d7c68395e?s=96&d=mm&r=g\",\"caption\":\"Reda\u00e7\u00e3o\"},\"sameAs\":[\"https:\\\/\\\/transamerica93.com.br\\\/home\"],\"url\":\"https:\\\/\\\/transamerica93.com.br\\\/home\\\/author\\\/william\\\/\"}]}<\/script>\n<!-- \/ Yoast SEO plugin. -->","yoast_head_json":{"title":"Governo e plataformas de mobilidade fazem acordo para combater racismo - Transam\u00e9rica Mococa 93,3","robots":{"index":"index","follow":"follow","max-snippet":"max-snippet:-1","max-image-preview":"max-image-preview:large","max-video-preview":"max-video-preview:-1"},"canonical":"https:\/\/transamerica93.com.br\/home\/governo-e-plataformas-de-mobilidade-fazem-acordo-para-combater-racismo\/","og_locale":"pt_BR","og_type":"article","og_title":"Governo e plataformas de mobilidade fazem acordo para combater racismo - Transam\u00e9rica Mococa 93,3","og_description":"O Minist\u00e9rio da Igualdade Racial assinou acordo de coopera\u00e7\u00e3o t\u00e9cnica com a Associa\u00e7\u00e3o Brasileira de Mobilidade e Tecnologia (Amobitec), entidade que re\u00fane as principais plataformas de mobilidade e tecnologia aplicada, como Uber, 99, Ifood, Lalamove, Z\u00e9 Delivery e Ambev. A ministra da Igualdade Racial, Anielle Franco, explicou\u00a0 que a ideia do acordo \u00e9 utilizar as &hellip;","og_url":"https:\/\/transamerica93.com.br\/home\/governo-e-plataformas-de-mobilidade-fazem-acordo-para-combater-racismo\/","og_site_name":"Transam\u00e9rica Mococa 93,3","article_publisher":"https:\/\/www.facebook.com\/transamericamococa","article_published_time":"2025-01-28T12:00:22+00:00","og_image":[{"width":1170,"height":700,"url":"https:\/\/transamerica93.com.br\/home\/wp-content\/uploads\/2025\/01\/2-13.jpg","type":"image\/jpeg"}],"author":"Reda\u00e7\u00e3o","twitter_card":"summary_large_image","twitter_creator":"@transamerica933","twitter_site":"@transamerica933","twitter_misc":{"Escrito por":"Reda\u00e7\u00e3o","Est. tempo de leitura":"3 minutos"},"schema":{"@context":"https:\/\/schema.org","@graph":[{"@type":"Article","@id":"https:\/\/transamerica93.com.br\/home\/governo-e-plataformas-de-mobilidade-fazem-acordo-para-combater-racismo\/#article","isPartOf":{"@id":"https:\/\/transamerica93.com.br\/home\/governo-e-plataformas-de-mobilidade-fazem-acordo-para-combater-racismo\/"},"author":{"name":"Reda\u00e7\u00e3o","@id":"https:\/\/transamerica93.com.br\/home\/#\/schema\/person\/7fed7c99c0d4562efa8561bc0f543172"},"headline":"Governo e plataformas de mobilidade fazem acordo para combater racismo","datePublished":"2025-01-28T12:00:22+00:00","mainEntityOfPage":{"@id":"https:\/\/transamerica93.com.br\/home\/governo-e-plataformas-de-mobilidade-fazem-acordo-para-combater-racismo\/"},"wordCount":395,"publisher":{"@id":"https:\/\/transamerica93.com.br\/home\/#organization"},"image":{"@id":"https:\/\/transamerica93.com.br\/home\/governo-e-plataformas-de-mobilidade-fazem-acordo-para-combater-racismo\/#primaryimage"},"thumbnailUrl":"https:\/\/transamerica93.com.br\/home\/wp-content\/uploads\/2025\/01\/2-13.jpg","articleSection":["Geral"],"inLanguage":"pt-BR"},{"@type":"WebPage","@id":"https:\/\/transamerica93.com.br\/home\/governo-e-plataformas-de-mobilidade-fazem-acordo-para-combater-racismo\/","url":"https:\/\/transamerica93.com.br\/home\/governo-e-plataformas-de-mobilidade-fazem-acordo-para-combater-racismo\/","name":"Governo e plataformas de mobilidade fazem acordo para combater racismo - Transam\u00e9rica Mococa 93,3","isPartOf":{"@id":"https:\/\/transamerica93.com.br\/home\/#website"},"primaryImageOfPage":{"@id":"https:\/\/transamerica93.com.br\/home\/governo-e-plataformas-de-mobilidade-fazem-acordo-para-combater-racismo\/#primaryimage"},"image":{"@id":"https:\/\/transamerica93.com.br\/home\/governo-e-plataformas-de-mobilidade-fazem-acordo-para-combater-racismo\/#primaryimage"},"thumbnailUrl":"https:\/\/transamerica93.com.br\/home\/wp-content\/uploads\/2025\/01\/2-13.jpg","datePublished":"2025-01-28T12:00:22+00:00","breadcrumb":{"@id":"https:\/\/transamerica93.com.br\/home\/governo-e-plataformas-de-mobilidade-fazem-acordo-para-combater-racismo\/#breadcrumb"},"inLanguage":"pt-BR","potentialAction":[{"@type":"ReadAction","target":["https:\/\/transamerica93.com.br\/home\/governo-e-plataformas-de-mobilidade-fazem-acordo-para-combater-racismo\/"]}]},{"@type":"ImageObject","inLanguage":"pt-BR","@id":"https:\/\/transamerica93.com.br\/home\/governo-e-plataformas-de-mobilidade-fazem-acordo-para-combater-racismo\/#primaryimage","url":"https:\/\/transamerica93.com.br\/home\/wp-content\/uploads\/2025\/01\/2-13.jpg","contentUrl":"https:\/\/transamerica93.com.br\/home\/wp-content\/uploads\/2025\/01\/2-13.jpg","width":1170,"height":700,"caption":"\u00a9 Freepick"},{"@type":"BreadcrumbList","@id":"https:\/\/transamerica93.com.br\/home\/governo-e-plataformas-de-mobilidade-fazem-acordo-para-combater-racismo\/#breadcrumb","itemListElement":[{"@type":"ListItem","position":1,"name":"In\u00edcio","item":"https:\/\/transamerica93.com.br\/home\/"},{"@type":"ListItem","position":2,"name":"Governo e plataformas de mobilidade fazem acordo para combater racismo"}]},{"@type":"WebSite","@id":"https:\/\/transamerica93.com.br\/home\/#website","url":"https:\/\/transamerica93.com.br\/home\/","name":"Transam\u00e9rica Mococa 93,3","description":"","publisher":{"@id":"https:\/\/transamerica93.com.br\/home\/#organization"},"potentialAction":[{"@type":"SearchAction","target":{"@type":"EntryPoint","urlTemplate":"https:\/\/transamerica93.com.br\/home\/?s={search_term_string}"},"query-input":{"@type":"PropertyValueSpecification","valueRequired":true,"valueName":"search_term_string"}}],"inLanguage":"pt-BR"},{"@type":"Organization","@id":"https:\/\/transamerica93.com.br\/home\/#organization","name":"Transam\u00e9rica Mococa 93,3","url":"https:\/\/transamerica93.com.br\/home\/","logo":{"@type":"ImageObject","inLanguage":"pt-BR","@id":"https:\/\/transamerica93.com.br\/home\/#\/schema\/logo\/image\/","url":"https:\/\/transamerica93.com.br\/home\/wp-content\/uploads\/2023\/10\/logo2.png","contentUrl":"https:\/\/transamerica93.com.br\/home\/wp-content\/uploads\/2023\/10\/logo2.png","width":800,"height":500,"caption":"Transam\u00e9rica Mococa 93,3"},"image":{"@id":"https:\/\/transamerica93.com.br\/home\/#\/schema\/logo\/image\/"},"sameAs":["https:\/\/www.facebook.com\/transamericamococa","https:\/\/x.com\/transamerica933","https:\/\/www.instagram.com\/transamericamococa"]},{"@type":"Person","@id":"https:\/\/transamerica93.com.br\/home\/#\/schema\/person\/7fed7c99c0d4562efa8561bc0f543172","name":"Reda\u00e7\u00e3o","image":{"@type":"ImageObject","inLanguage":"pt-BR","@id":"https:\/\/secure.gravatar.com\/avatar\/1072c6b775fb02ef8506ce967551d95926669a6b7d2c2147b42eea4d7c68395e?s=96&d=mm&r=g","url":"https:\/\/secure.gravatar.com\/avatar\/1072c6b775fb02ef8506ce967551d95926669a6b7d2c2147b42eea4d7c68395e?s=96&d=mm&r=g","contentUrl":"https:\/\/secure.gravatar.com\/avatar\/1072c6b775fb02ef8506ce967551d95926669a6b7d2c2147b42eea4d7c68395e?s=96&d=mm&r=g","caption":"Reda\u00e7\u00e3o"},"sameAs":["https:\/\/transamerica93.com.br\/home"],"url":"https:\/\/transamerica93.com.br\/home\/author\/william\/"}]}},"_links":{"self":[{"href":"https:\/\/transamerica93.com.br\/home\/wp-json\/wp\/v2\/posts\/4573","targetHints":{"allow":["GET"]}}],"collection":[{"href":"https:\/\/transamerica93.com.br\/home\/wp-json\/wp\/v2\/posts"}],"about":[{"href":"https:\/\/transamerica93.com.br\/home\/wp-json\/wp\/v2\/types\/post"}],"author":[{"embeddable":true,"href":"https:\/\/transamerica93.com.br\/home\/wp-json\/wp\/v2\/users\/1"}],"replies":[{"embeddable":true,"href":"https:\/\/transamerica93.com.br\/home\/wp-json\/wp\/v2\/comments?post=4573"}],"version-history":[{"count":1,"href":"https:\/\/transamerica93.com.br\/home\/wp-json\/wp\/v2\/posts\/4573\/revisions"}],"predecessor-version":[{"id":4574,"href":"https:\/\/transamerica93.com.br\/home\/wp-json\/wp\/v2\/posts\/4573\/revisions\/4574"}],"wp:featuredmedia":[{"embeddable":true,"href":"https:\/\/transamerica93.com.br\/home\/wp-json\/wp\/v2\/media\/4568"}],"wp:attachment":[{"href":"https:\/\/transamerica93.com.br\/home\/wp-json\/wp\/v2\/media?parent=4573"}],"wp:term":[{"taxonomy":"category","embeddable":true,"href":"https:\/\/transamerica93.com.br\/home\/wp-json\/wp\/v2\/categories?post=4573"},{"taxonomy":"post_tag","embeddable":true,"href":"https:\/\/transamerica93.com.br\/home\/wp-json\/wp\/v2\/tags?post=4573"}],"curies":[{"name":"wp","href":"https:\/\/api.w.org\/{rel}","templated":true}]}}