{"id":4581,"date":"2025-01-19T16:29:12","date_gmt":"2025-01-19T19:29:12","guid":{"rendered":"https:\/\/transamerica93.com.br\/home\/?p=4581"},"modified":"2025-01-19T16:29:12","modified_gmt":"2025-01-19T19:29:12","slug":"leo-batista-icone-do-jornalismo-e-funcionario-da-globo-ha-cinco-decadas-morre-aos-92-anos","status":"publish","type":"post","link":"https:\/\/transamerica93.com.br\/home\/leo-batista-icone-do-jornalismo-e-funcionario-da-globo-ha-cinco-decadas-morre-aos-92-anos\/","title":{"rendered":"L\u00e9o Batista, \u00edcone do jornalismo e funcion\u00e1rio da Globo h\u00e1 cinco d\u00e9cadas, morre aos 92 anos"},"content":{"rendered":"<p>Por Bruno Accorsi<\/p>\n<p>Morreu neste domingo, aos 92 anos, o apresentador, locutor e dublador Jo\u00e3o Baptista Belinaso Neto, conhecido apenas como L\u00e9o Batista, nome mais recentemente lembrado por apari\u00e7\u00f5es no Globo Esporte, mas que passou tamb\u00e9m por muitos dos principais programas da TV Globo, como o Fant\u00e1stico, o Jornal Nacional e o Jornal Hoje.<\/p>\n<p>At\u00e9 ser internado no hospital Rios D\u2019or, em Jacarepagu\u00e1, com um tumor no p\u00e2ncreas, o \u00edcone do jornalismo, chamado de &#8220;A Voz Marcante&#8221;, continuava trabalhando para emissora na qual contribuiu com seus servi\u00e7os por 55 anos. Vi\u00favo, foi casado com Leyla Chavantes Belinaso, a Dona Leila, que morreu aos 84 anos, em 2022.<\/p>\n<p>Inquieto, n\u00e3o imaginava uma vida em que n\u00e3o podia exercer o seu trabalho, pensamento que ficava bem claro aos que cruzavam seu caminho nos corredores e camarins da Globo. &#8220;Eu acho que se ele sair do ar ele morre&#8221;, diz Alex Escobar em depoimento \u00e0 s\u00e9rie &#8220;A Voz Marcante&#8221;, que conta a hist\u00f3ria de Leo e \u00e9 dirigido por Kizzy Magalh\u00e3es. At\u00e9 o meio de 2024, o nonagen\u00e1rio ainda comandava um quadro dentro do Globo Esporte e ia duas vezes por semana \u00e0 sede da emissora.<\/p>\n<p>&#8220;Eu vou fazer 92 anos agora em julho, sendo 76 deles dedicados ao jornalismo, e continuo gostando muito do que fa\u00e7o&#8221;, disse Seu L\u00e9o, como \u00e9 chamado nos corredores da Globo, ao Estad\u00e3o, na \u00e9poca do lan\u00e7amento do document\u00e1rio.<\/p>\n<p>&#8220;Sigo trabalhando porque a TV permite que eu continue ativo no esporte. Enquanto eles permitirem e eu tiver essa vitalidade, vou seguindo. Quero continuar fazendo isso. N\u00e3o sei quanto tempo Deus ainda vai me dar de vida, mas eu estou muito bem de sa\u00fade e quero continuar fazendo o que me d\u00e1 prazer.&#8221;<\/p>\n<p>Batista come\u00e7ou sua trajet\u00f3ria como locutor do servi\u00e7o de alto-falante de uma pra\u00e7a em Cordeir\u00f3polis, no interior de S\u00e3o Paulo, passando pela &#8220;era de ouro&#8221; do r\u00e1dio, ao risco de se aventurar na televis\u00e3o, na \u00e9poca em que o meio de comunica\u00e7\u00e3o havia acabado de surgir e ainda era um caminho incerto e questionado. Na telinha, se firmou como um dos principais nomes do jornalismo da Globo.<\/p>\n<p>Enquanto trabalhava em Cordeir\u00f3polis, foi notado pelo ex-deputado Domingos Lot Neto, ent\u00e3o dono da rec\u00e9m-inaugurada R\u00e1dio Clube de Birigui, ve\u00edculo no qual passou a trabalhar. Mais tarde, trabalhou no R\u00e1dio Difusora de Piracicaba e narrou muitos jogos do XV. Mesmo atuando em um ve\u00edculo do interior, cobriu a Copa do Mundo de 1950 no Rio, para onde se mudaria em 1953, contratado pela R\u00e1dio Globo.<\/p>\n<p>No comando do programa o Globo no Ar, foi a primeira voz a noticiar o suic\u00eddio do presidente Get\u00falio Vargas, em 1954. Um ano depois, o esp\u00edrito desbravador o levou a se aventurar na televis\u00e3o, que ainda dava seus primeiros passos. Entrou para a TV Rio e apresentou o Telejornal Pirelli, concorrente do poderoso Rep\u00f3rter Esso, da TV Tupi.<\/p>\n<p>L\u00e9o Batista continuou na mesma emissora at\u00e9 1970, quando foi chamado para fazer parte da cobertura da Copa do Mundo pela Globo, a pedido de Jos\u00e9 Bonif\u00e1cio de Oliveira Sobrinho, o Boni, ent\u00e3o chefe de dire\u00e7\u00e3o de programa\u00e7\u00e3o e produ\u00e7\u00e3o da emissora.<\/p>\n<p>No ano seguinte, a &#8220;Voz Marcante&#8221; j\u00e1 apresentava a primeira edi\u00e7\u00e3o do Jornal Hoje. Tamb\u00e9m foi o primeiro apresentador do Esporte Espetacular, em 1973, e do Globo Esporte, 1978, programas dos quais foi criador. Esteve na primeira edi\u00e7\u00e3o do Fant\u00e1stico, apresentando os gols da rodada e interagindo com a famosa Zebrinha na hora de noticiar os resultados da loteria esportiva. Tamb\u00e9m chegou a apresentar edi\u00e7\u00f5es do Jornal Nacional, ao lado de Cid Moreira.<\/p>\n<p>Assim como no r\u00e1dio, participou de coberturas marcantes depois que foi para a televis\u00e3o, especialmente no esporte. Na soma das duas \u00e1reas, trabalhou em 13 Copas do Mundo e 13 Jogos Ol\u00edmpicos. Foi ele quem entrou nos plant\u00f5es sobre a morte de Ayrton Senna, em contato com o rep\u00f3rter Roberto Cabrini, que estava na It\u00e1lia, e para noticiar o acidente que tirou a vida de Princesa Diana.<\/p>\n<p>&#8220;Na verdade, eu tive foi sorte de estar na hora certa e no lugar certo em todos esses momentos&#8221;, disse L\u00e9o Batista ao Estad\u00e3o. &#8220;N\u00e3o sei se a palavra correta \u00e9 emocionado, mas com certeza tem um misto de emo\u00e7\u00e3o com orgulho de ter feito parte disso tudo. Esse orgulho, na verdade, \u00e9 por poder estar inserido na hist\u00f3ria, por ter sido a voz de fatos importantes e que marcaram a vida de muita gente. Agora, ao mesmo tempo, tamb\u00e9m noticiei alguns fatos tristes, como as mortes do Get\u00falio Vargas, do Ayrton Senna e da Princesa Diana, por exemplo.&#8221;<\/p>\n<p>Al\u00e9m do amplo trabalho como comunicador, L\u00e9o Batista se dedicou a of\u00edcios como o canto, as artes pl\u00e1sticas, a com\u00e9dia e a literatura. Tamb\u00e9m foi dublador e marcou uma gera\u00e7\u00e3o como narrador dos desenhos animados dos her\u00f3is da Marvel na d\u00e9cada de 1960.<\/p>\n","protected":false},"excerpt":{"rendered":"<p>Por Bruno Accorsi Morreu neste domingo, aos 92 anos, o apresentador, locutor e dublador Jo\u00e3o Baptista Belinaso Neto, conhecido apenas como L\u00e9o Batista, nome mais recentemente lembrado por apari\u00e7\u00f5es no Globo Esporte, mas que passou tamb\u00e9m por muitos dos principais programas da TV Globo, como o Fant\u00e1stico, o Jornal Nacional e o Jornal Hoje. At\u00e9 &hellip;<\/p>\n","protected":false},"author":1,"featured_media":4582,"comment_status":"closed","ping_status":"closed","sticky":false,"template":"","format":"standard","meta":{"footnotes":""},"categories":[31],"tags":[],"class_list":["post-4581","post","type-post","status-publish","format-standard","has-post-thumbnail","hentry","category-esportes"],"yoast_head":"<!-- This site is optimized with the Yoast SEO plugin v27.4 - https:\/\/yoast.com\/product\/yoast-seo-wordpress\/ -->\n<title>L\u00e9o Batista, \u00edcone do jornalismo e funcion\u00e1rio da Globo h\u00e1 cinco d\u00e9cadas, morre aos 92 anos - Transam\u00e9rica Mococa 93,3<\/title>\n<meta name=\"robots\" content=\"index, follow, max-snippet:-1, max-image-preview:large, max-video-preview:-1\" \/>\n<link rel=\"canonical\" href=\"https:\/\/transamerica93.com.br\/home\/leo-batista-icone-do-jornalismo-e-funcionario-da-globo-ha-cinco-decadas-morre-aos-92-anos\/\" \/>\n<meta property=\"og:locale\" content=\"pt_BR\" \/>\n<meta property=\"og:type\" content=\"article\" \/>\n<meta property=\"og:title\" content=\"L\u00e9o Batista, \u00edcone do jornalismo e funcion\u00e1rio da Globo h\u00e1 cinco d\u00e9cadas, morre aos 92 anos - Transam\u00e9rica Mococa 93,3\" \/>\n<meta property=\"og:description\" content=\"Por Bruno Accorsi Morreu neste domingo, aos 92 anos, o apresentador, locutor e dublador Jo\u00e3o Baptista Belinaso Neto, conhecido apenas como L\u00e9o Batista, nome mais recentemente lembrado por apari\u00e7\u00f5es no Globo Esporte, mas que passou tamb\u00e9m por muitos dos principais programas da TV Globo, como o Fant\u00e1stico, o Jornal Nacional e o Jornal Hoje. At\u00e9 &hellip;\" \/>\n<meta property=\"og:url\" content=\"https:\/\/transamerica93.com.br\/home\/leo-batista-icone-do-jornalismo-e-funcionario-da-globo-ha-cinco-decadas-morre-aos-92-anos\/\" \/>\n<meta property=\"og:site_name\" content=\"Transam\u00e9rica Mococa 93,3\" \/>\n<meta property=\"article:publisher\" content=\"https:\/\/www.facebook.com\/transamericamococa\" \/>\n<meta property=\"article:published_time\" content=\"2025-01-19T19:29:12+00:00\" \/>\n<meta property=\"og:image\" content=\"https:\/\/transamerica93.com.br\/home\/wp-content\/uploads\/2025\/01\/leo.jpg\" \/>\n\t<meta property=\"og:image:width\" content=\"800\" \/>\n\t<meta property=\"og:image:height\" content=\"500\" \/>\n\t<meta property=\"og:image:type\" content=\"image\/jpeg\" \/>\n<meta name=\"author\" content=\"Reda\u00e7\u00e3o\" \/>\n<meta name=\"twitter:card\" content=\"summary_large_image\" \/>\n<meta name=\"twitter:creator\" content=\"@transamerica933\" \/>\n<meta name=\"twitter:site\" content=\"@transamerica933\" \/>\n<meta name=\"twitter:label1\" content=\"Escrito por\" \/>\n\t<meta name=\"twitter:data1\" content=\"Reda\u00e7\u00e3o\" \/>\n\t<meta name=\"twitter:label2\" content=\"Est. tempo de leitura\" \/>\n\t<meta name=\"twitter:data2\" content=\"5 minutos\" \/>\n<script type=\"application\/ld+json\" class=\"yoast-schema-graph\">{\"@context\":\"https:\\\/\\\/schema.org\",\"@graph\":[{\"@type\":\"Article\",\"@id\":\"https:\\\/\\\/transamerica93.com.br\\\/home\\\/leo-batista-icone-do-jornalismo-e-funcionario-da-globo-ha-cinco-decadas-morre-aos-92-anos\\\/#article\",\"isPartOf\":{\"@id\":\"https:\\\/\\\/transamerica93.com.br\\\/home\\\/leo-batista-icone-do-jornalismo-e-funcionario-da-globo-ha-cinco-decadas-morre-aos-92-anos\\\/\"},\"author\":{\"name\":\"Reda\u00e7\u00e3o\",\"@id\":\"https:\\\/\\\/transamerica93.com.br\\\/home\\\/#\\\/schema\\\/person\\\/7fed7c99c0d4562efa8561bc0f543172\"},\"headline\":\"L\u00e9o Batista, \u00edcone do jornalismo e funcion\u00e1rio da Globo h\u00e1 cinco d\u00e9cadas, morre aos 92 anos\",\"datePublished\":\"2025-01-19T19:29:12+00:00\",\"mainEntityOfPage\":{\"@id\":\"https:\\\/\\\/transamerica93.com.br\\\/home\\\/leo-batista-icone-do-jornalismo-e-funcionario-da-globo-ha-cinco-decadas-morre-aos-92-anos\\\/\"},\"wordCount\":874,\"publisher\":{\"@id\":\"https:\\\/\\\/transamerica93.com.br\\\/home\\\/#organization\"},\"image\":{\"@id\":\"https:\\\/\\\/transamerica93.com.br\\\/home\\\/leo-batista-icone-do-jornalismo-e-funcionario-da-globo-ha-cinco-decadas-morre-aos-92-anos\\\/#primaryimage\"},\"thumbnailUrl\":\"https:\\\/\\\/transamerica93.com.br\\\/home\\\/wp-content\\\/uploads\\\/2025\\\/01\\\/leo.jpg\",\"articleSection\":[\"Esportes\"],\"inLanguage\":\"pt-BR\"},{\"@type\":\"WebPage\",\"@id\":\"https:\\\/\\\/transamerica93.com.br\\\/home\\\/leo-batista-icone-do-jornalismo-e-funcionario-da-globo-ha-cinco-decadas-morre-aos-92-anos\\\/\",\"url\":\"https:\\\/\\\/transamerica93.com.br\\\/home\\\/leo-batista-icone-do-jornalismo-e-funcionario-da-globo-ha-cinco-decadas-morre-aos-92-anos\\\/\",\"name\":\"L\u00e9o Batista, \u00edcone do jornalismo e funcion\u00e1rio da Globo h\u00e1 cinco d\u00e9cadas, morre aos 92 anos - Transam\u00e9rica Mococa 93,3\",\"isPartOf\":{\"@id\":\"https:\\\/\\\/transamerica93.com.br\\\/home\\\/#website\"},\"primaryImageOfPage\":{\"@id\":\"https:\\\/\\\/transamerica93.com.br\\\/home\\\/leo-batista-icone-do-jornalismo-e-funcionario-da-globo-ha-cinco-decadas-morre-aos-92-anos\\\/#primaryimage\"},\"image\":{\"@id\":\"https:\\\/\\\/transamerica93.com.br\\\/home\\\/leo-batista-icone-do-jornalismo-e-funcionario-da-globo-ha-cinco-decadas-morre-aos-92-anos\\\/#primaryimage\"},\"thumbnailUrl\":\"https:\\\/\\\/transamerica93.com.br\\\/home\\\/wp-content\\\/uploads\\\/2025\\\/01\\\/leo.jpg\",\"datePublished\":\"2025-01-19T19:29:12+00:00\",\"breadcrumb\":{\"@id\":\"https:\\\/\\\/transamerica93.com.br\\\/home\\\/leo-batista-icone-do-jornalismo-e-funcionario-da-globo-ha-cinco-decadas-morre-aos-92-anos\\\/#breadcrumb\"},\"inLanguage\":\"pt-BR\",\"potentialAction\":[{\"@type\":\"ReadAction\",\"target\":[\"https:\\\/\\\/transamerica93.com.br\\\/home\\\/leo-batista-icone-do-jornalismo-e-funcionario-da-globo-ha-cinco-decadas-morre-aos-92-anos\\\/\"]}]},{\"@type\":\"ImageObject\",\"inLanguage\":\"pt-BR\",\"@id\":\"https:\\\/\\\/transamerica93.com.br\\\/home\\\/leo-batista-icone-do-jornalismo-e-funcionario-da-globo-ha-cinco-decadas-morre-aos-92-anos\\\/#primaryimage\",\"url\":\"https:\\\/\\\/transamerica93.com.br\\\/home\\\/wp-content\\\/uploads\\\/2025\\\/01\\\/leo.jpg\",\"contentUrl\":\"https:\\\/\\\/transamerica93.com.br\\\/home\\\/wp-content\\\/uploads\\\/2025\\\/01\\\/leo.jpg\",\"width\":800,\"height\":500,\"caption\":\"TV Globo\\\/Divulga\u00e7\u00e3o\"},{\"@type\":\"BreadcrumbList\",\"@id\":\"https:\\\/\\\/transamerica93.com.br\\\/home\\\/leo-batista-icone-do-jornalismo-e-funcionario-da-globo-ha-cinco-decadas-morre-aos-92-anos\\\/#breadcrumb\",\"itemListElement\":[{\"@type\":\"ListItem\",\"position\":1,\"name\":\"In\u00edcio\",\"item\":\"https:\\\/\\\/transamerica93.com.br\\\/home\\\/\"},{\"@type\":\"ListItem\",\"position\":2,\"name\":\"L\u00e9o Batista, \u00edcone do jornalismo e funcion\u00e1rio da Globo h\u00e1 cinco d\u00e9cadas, morre aos 92 anos\"}]},{\"@type\":\"WebSite\",\"@id\":\"https:\\\/\\\/transamerica93.com.br\\\/home\\\/#website\",\"url\":\"https:\\\/\\\/transamerica93.com.br\\\/home\\\/\",\"name\":\"Transam\u00e9rica Mococa 93,3\",\"description\":\"\",\"publisher\":{\"@id\":\"https:\\\/\\\/transamerica93.com.br\\\/home\\\/#organization\"},\"potentialAction\":[{\"@type\":\"SearchAction\",\"target\":{\"@type\":\"EntryPoint\",\"urlTemplate\":\"https:\\\/\\\/transamerica93.com.br\\\/home\\\/?s={search_term_string}\"},\"query-input\":{\"@type\":\"PropertyValueSpecification\",\"valueRequired\":true,\"valueName\":\"search_term_string\"}}],\"inLanguage\":\"pt-BR\"},{\"@type\":\"Organization\",\"@id\":\"https:\\\/\\\/transamerica93.com.br\\\/home\\\/#organization\",\"name\":\"Transam\u00e9rica Mococa 93,3\",\"url\":\"https:\\\/\\\/transamerica93.com.br\\\/home\\\/\",\"logo\":{\"@type\":\"ImageObject\",\"inLanguage\":\"pt-BR\",\"@id\":\"https:\\\/\\\/transamerica93.com.br\\\/home\\\/#\\\/schema\\\/logo\\\/image\\\/\",\"url\":\"https:\\\/\\\/transamerica93.com.br\\\/home\\\/wp-content\\\/uploads\\\/2023\\\/10\\\/logo2.png\",\"contentUrl\":\"https:\\\/\\\/transamerica93.com.br\\\/home\\\/wp-content\\\/uploads\\\/2023\\\/10\\\/logo2.png\",\"width\":800,\"height\":500,\"caption\":\"Transam\u00e9rica Mococa 93,3\"},\"image\":{\"@id\":\"https:\\\/\\\/transamerica93.com.br\\\/home\\\/#\\\/schema\\\/logo\\\/image\\\/\"},\"sameAs\":[\"https:\\\/\\\/www.facebook.com\\\/transamericamococa\",\"https:\\\/\\\/x.com\\\/transamerica933\",\"https:\\\/\\\/www.instagram.com\\\/transamericamococa\"]},{\"@type\":\"Person\",\"@id\":\"https:\\\/\\\/transamerica93.com.br\\\/home\\\/#\\\/schema\\\/person\\\/7fed7c99c0d4562efa8561bc0f543172\",\"name\":\"Reda\u00e7\u00e3o\",\"image\":{\"@type\":\"ImageObject\",\"inLanguage\":\"pt-BR\",\"@id\":\"https:\\\/\\\/secure.gravatar.com\\\/avatar\\\/1072c6b775fb02ef8506ce967551d95926669a6b7d2c2147b42eea4d7c68395e?s=96&d=mm&r=g\",\"url\":\"https:\\\/\\\/secure.gravatar.com\\\/avatar\\\/1072c6b775fb02ef8506ce967551d95926669a6b7d2c2147b42eea4d7c68395e?s=96&d=mm&r=g\",\"contentUrl\":\"https:\\\/\\\/secure.gravatar.com\\\/avatar\\\/1072c6b775fb02ef8506ce967551d95926669a6b7d2c2147b42eea4d7c68395e?s=96&d=mm&r=g\",\"caption\":\"Reda\u00e7\u00e3o\"},\"sameAs\":[\"https:\\\/\\\/transamerica93.com.br\\\/home\"],\"url\":\"https:\\\/\\\/transamerica93.com.br\\\/home\\\/author\\\/william\\\/\"}]}<\/script>\n<!-- \/ Yoast SEO plugin. -->","yoast_head_json":{"title":"L\u00e9o Batista, \u00edcone do jornalismo e funcion\u00e1rio da Globo h\u00e1 cinco d\u00e9cadas, morre aos 92 anos - Transam\u00e9rica Mococa 93,3","robots":{"index":"index","follow":"follow","max-snippet":"max-snippet:-1","max-image-preview":"max-image-preview:large","max-video-preview":"max-video-preview:-1"},"canonical":"https:\/\/transamerica93.com.br\/home\/leo-batista-icone-do-jornalismo-e-funcionario-da-globo-ha-cinco-decadas-morre-aos-92-anos\/","og_locale":"pt_BR","og_type":"article","og_title":"L\u00e9o Batista, \u00edcone do jornalismo e funcion\u00e1rio da Globo h\u00e1 cinco d\u00e9cadas, morre aos 92 anos - Transam\u00e9rica Mococa 93,3","og_description":"Por Bruno Accorsi Morreu neste domingo, aos 92 anos, o apresentador, locutor e dublador Jo\u00e3o Baptista Belinaso Neto, conhecido apenas como L\u00e9o Batista, nome mais recentemente lembrado por apari\u00e7\u00f5es no Globo Esporte, mas que passou tamb\u00e9m por muitos dos principais programas da TV Globo, como o Fant\u00e1stico, o Jornal Nacional e o Jornal Hoje. At\u00e9 &hellip;","og_url":"https:\/\/transamerica93.com.br\/home\/leo-batista-icone-do-jornalismo-e-funcionario-da-globo-ha-cinco-decadas-morre-aos-92-anos\/","og_site_name":"Transam\u00e9rica Mococa 93,3","article_publisher":"https:\/\/www.facebook.com\/transamericamococa","article_published_time":"2025-01-19T19:29:12+00:00","og_image":[{"width":800,"height":500,"url":"https:\/\/transamerica93.com.br\/home\/wp-content\/uploads\/2025\/01\/leo.jpg","type":"image\/jpeg"}],"author":"Reda\u00e7\u00e3o","twitter_card":"summary_large_image","twitter_creator":"@transamerica933","twitter_site":"@transamerica933","twitter_misc":{"Escrito por":"Reda\u00e7\u00e3o","Est. tempo de leitura":"5 minutos"},"schema":{"@context":"https:\/\/schema.org","@graph":[{"@type":"Article","@id":"https:\/\/transamerica93.com.br\/home\/leo-batista-icone-do-jornalismo-e-funcionario-da-globo-ha-cinco-decadas-morre-aos-92-anos\/#article","isPartOf":{"@id":"https:\/\/transamerica93.com.br\/home\/leo-batista-icone-do-jornalismo-e-funcionario-da-globo-ha-cinco-decadas-morre-aos-92-anos\/"},"author":{"name":"Reda\u00e7\u00e3o","@id":"https:\/\/transamerica93.com.br\/home\/#\/schema\/person\/7fed7c99c0d4562efa8561bc0f543172"},"headline":"L\u00e9o Batista, \u00edcone do jornalismo e funcion\u00e1rio da Globo h\u00e1 cinco d\u00e9cadas, morre aos 92 anos","datePublished":"2025-01-19T19:29:12+00:00","mainEntityOfPage":{"@id":"https:\/\/transamerica93.com.br\/home\/leo-batista-icone-do-jornalismo-e-funcionario-da-globo-ha-cinco-decadas-morre-aos-92-anos\/"},"wordCount":874,"publisher":{"@id":"https:\/\/transamerica93.com.br\/home\/#organization"},"image":{"@id":"https:\/\/transamerica93.com.br\/home\/leo-batista-icone-do-jornalismo-e-funcionario-da-globo-ha-cinco-decadas-morre-aos-92-anos\/#primaryimage"},"thumbnailUrl":"https:\/\/transamerica93.com.br\/home\/wp-content\/uploads\/2025\/01\/leo.jpg","articleSection":["Esportes"],"inLanguage":"pt-BR"},{"@type":"WebPage","@id":"https:\/\/transamerica93.com.br\/home\/leo-batista-icone-do-jornalismo-e-funcionario-da-globo-ha-cinco-decadas-morre-aos-92-anos\/","url":"https:\/\/transamerica93.com.br\/home\/leo-batista-icone-do-jornalismo-e-funcionario-da-globo-ha-cinco-decadas-morre-aos-92-anos\/","name":"L\u00e9o Batista, \u00edcone do jornalismo e funcion\u00e1rio da Globo h\u00e1 cinco d\u00e9cadas, morre aos 92 anos - Transam\u00e9rica Mococa 93,3","isPartOf":{"@id":"https:\/\/transamerica93.com.br\/home\/#website"},"primaryImageOfPage":{"@id":"https:\/\/transamerica93.com.br\/home\/leo-batista-icone-do-jornalismo-e-funcionario-da-globo-ha-cinco-decadas-morre-aos-92-anos\/#primaryimage"},"image":{"@id":"https:\/\/transamerica93.com.br\/home\/leo-batista-icone-do-jornalismo-e-funcionario-da-globo-ha-cinco-decadas-morre-aos-92-anos\/#primaryimage"},"thumbnailUrl":"https:\/\/transamerica93.com.br\/home\/wp-content\/uploads\/2025\/01\/leo.jpg","datePublished":"2025-01-19T19:29:12+00:00","breadcrumb":{"@id":"https:\/\/transamerica93.com.br\/home\/leo-batista-icone-do-jornalismo-e-funcionario-da-globo-ha-cinco-decadas-morre-aos-92-anos\/#breadcrumb"},"inLanguage":"pt-BR","potentialAction":[{"@type":"ReadAction","target":["https:\/\/transamerica93.com.br\/home\/leo-batista-icone-do-jornalismo-e-funcionario-da-globo-ha-cinco-decadas-morre-aos-92-anos\/"]}]},{"@type":"ImageObject","inLanguage":"pt-BR","@id":"https:\/\/transamerica93.com.br\/home\/leo-batista-icone-do-jornalismo-e-funcionario-da-globo-ha-cinco-decadas-morre-aos-92-anos\/#primaryimage","url":"https:\/\/transamerica93.com.br\/home\/wp-content\/uploads\/2025\/01\/leo.jpg","contentUrl":"https:\/\/transamerica93.com.br\/home\/wp-content\/uploads\/2025\/01\/leo.jpg","width":800,"height":500,"caption":"TV Globo\/Divulga\u00e7\u00e3o"},{"@type":"BreadcrumbList","@id":"https:\/\/transamerica93.com.br\/home\/leo-batista-icone-do-jornalismo-e-funcionario-da-globo-ha-cinco-decadas-morre-aos-92-anos\/#breadcrumb","itemListElement":[{"@type":"ListItem","position":1,"name":"In\u00edcio","item":"https:\/\/transamerica93.com.br\/home\/"},{"@type":"ListItem","position":2,"name":"L\u00e9o Batista, \u00edcone do jornalismo e funcion\u00e1rio da Globo h\u00e1 cinco d\u00e9cadas, morre aos 92 anos"}]},{"@type":"WebSite","@id":"https:\/\/transamerica93.com.br\/home\/#website","url":"https:\/\/transamerica93.com.br\/home\/","name":"Transam\u00e9rica Mococa 93,3","description":"","publisher":{"@id":"https:\/\/transamerica93.com.br\/home\/#organization"},"potentialAction":[{"@type":"SearchAction","target":{"@type":"EntryPoint","urlTemplate":"https:\/\/transamerica93.com.br\/home\/?s={search_term_string}"},"query-input":{"@type":"PropertyValueSpecification","valueRequired":true,"valueName":"search_term_string"}}],"inLanguage":"pt-BR"},{"@type":"Organization","@id":"https:\/\/transamerica93.com.br\/home\/#organization","name":"Transam\u00e9rica Mococa 93,3","url":"https:\/\/transamerica93.com.br\/home\/","logo":{"@type":"ImageObject","inLanguage":"pt-BR","@id":"https:\/\/transamerica93.com.br\/home\/#\/schema\/logo\/image\/","url":"https:\/\/transamerica93.com.br\/home\/wp-content\/uploads\/2023\/10\/logo2.png","contentUrl":"https:\/\/transamerica93.com.br\/home\/wp-content\/uploads\/2023\/10\/logo2.png","width":800,"height":500,"caption":"Transam\u00e9rica Mococa 93,3"},"image":{"@id":"https:\/\/transamerica93.com.br\/home\/#\/schema\/logo\/image\/"},"sameAs":["https:\/\/www.facebook.com\/transamericamococa","https:\/\/x.com\/transamerica933","https:\/\/www.instagram.com\/transamericamococa"]},{"@type":"Person","@id":"https:\/\/transamerica93.com.br\/home\/#\/schema\/person\/7fed7c99c0d4562efa8561bc0f543172","name":"Reda\u00e7\u00e3o","image":{"@type":"ImageObject","inLanguage":"pt-BR","@id":"https:\/\/secure.gravatar.com\/avatar\/1072c6b775fb02ef8506ce967551d95926669a6b7d2c2147b42eea4d7c68395e?s=96&d=mm&r=g","url":"https:\/\/secure.gravatar.com\/avatar\/1072c6b775fb02ef8506ce967551d95926669a6b7d2c2147b42eea4d7c68395e?s=96&d=mm&r=g","contentUrl":"https:\/\/secure.gravatar.com\/avatar\/1072c6b775fb02ef8506ce967551d95926669a6b7d2c2147b42eea4d7c68395e?s=96&d=mm&r=g","caption":"Reda\u00e7\u00e3o"},"sameAs":["https:\/\/transamerica93.com.br\/home"],"url":"https:\/\/transamerica93.com.br\/home\/author\/william\/"}]}},"_links":{"self":[{"href":"https:\/\/transamerica93.com.br\/home\/wp-json\/wp\/v2\/posts\/4581","targetHints":{"allow":["GET"]}}],"collection":[{"href":"https:\/\/transamerica93.com.br\/home\/wp-json\/wp\/v2\/posts"}],"about":[{"href":"https:\/\/transamerica93.com.br\/home\/wp-json\/wp\/v2\/types\/post"}],"author":[{"embeddable":true,"href":"https:\/\/transamerica93.com.br\/home\/wp-json\/wp\/v2\/users\/1"}],"replies":[{"embeddable":true,"href":"https:\/\/transamerica93.com.br\/home\/wp-json\/wp\/v2\/comments?post=4581"}],"version-history":[{"count":1,"href":"https:\/\/transamerica93.com.br\/home\/wp-json\/wp\/v2\/posts\/4581\/revisions"}],"predecessor-version":[{"id":4583,"href":"https:\/\/transamerica93.com.br\/home\/wp-json\/wp\/v2\/posts\/4581\/revisions\/4583"}],"wp:featuredmedia":[{"embeddable":true,"href":"https:\/\/transamerica93.com.br\/home\/wp-json\/wp\/v2\/media\/4582"}],"wp:attachment":[{"href":"https:\/\/transamerica93.com.br\/home\/wp-json\/wp\/v2\/media?parent=4581"}],"wp:term":[{"taxonomy":"category","embeddable":true,"href":"https:\/\/transamerica93.com.br\/home\/wp-json\/wp\/v2\/categories?post=4581"},{"taxonomy":"post_tag","embeddable":true,"href":"https:\/\/transamerica93.com.br\/home\/wp-json\/wp\/v2\/tags?post=4581"}],"curies":[{"name":"wp","href":"https:\/\/api.w.org\/{rel}","templated":true}]}}