{"id":4585,"date":"2025-01-27T12:00:26","date_gmt":"2025-01-27T15:00:26","guid":{"rendered":"https:\/\/transamerica93.com.br\/home\/?p=4585"},"modified":"2025-01-21T14:32:45","modified_gmt":"2025-01-21T17:32:45","slug":"rivaldo-rebate-neymar-sobre-ocupar-sua-vaga-no-penta-em-2002-isso-nao-aconteceria","status":"publish","type":"post","link":"https:\/\/transamerica93.com.br\/home\/rivaldo-rebate-neymar-sobre-ocupar-sua-vaga-no-penta-em-2002-isso-nao-aconteceria\/","title":{"rendered":"Rivaldo rebate Neymar sobre ocupar sua vaga no penta em 2002: &#8216;Isso n\u00e3o aconteceria&#8217;"},"content":{"rendered":"<div id=\"Corpo\">Uma resposta de Neymar em um bate-papo com Rom\u00e1rio no podcast do ex-atacante gerou contrariedades no mundo do futebol. O jogador do Al-Hilal foi questionado sobre no lugar de quem atuaria em cada uma das tr\u00eas conquistas mais recentes da sele\u00e7\u00e3o brasileira na Copa. Sobre 2002, ele disse que poderia atuar na vaga de Rivaldo, formando trio com Ronaldo Fen\u00f4meno e Ronaldinho Ga\u00facho.<\/p>\n<p>Neste s\u00e1bado, Rivaldo contestou a fala de Neymar em uma publica\u00e7\u00e3o em suas redes sociais. O ex-atleta foi ponderado em sua fala, mas foi firme ao respond\u00ea-lo.<\/p>\n<p>&#8220;Ouvi o Neymar dizer que, no auge dele, poderia ter jogado no meu lugar na Copa do Mundo de 2002. Sinceramente, reconhe\u00e7o o talento e a qualidade dele, e at\u00e9 acredito que teria condi\u00e7\u00f5es de estar naquela sele\u00e7\u00e3o, mas jogar no meu lugar seria outra hist\u00f3ria. Com todo o respeito e admira\u00e7\u00e3o que tenho por ele, posso afirmar com 100% de certeza que isso n\u00e3o aconteceria&#8221;, iniciou Rivaldo em seu coment\u00e1rio.<\/p>\n<p>Na sequ\u00eancia, Rivaldo enfatiza as raz\u00f5es pelas quais acredita que n\u00e3o teria qualquer jogador capaz de substitu\u00ed-lo naquele Mundial. &#8220;Naquela \u00e9poca, eu estava t\u00e3o focado, determinado e faminto por conquistar o t\u00edtulo mundial que ningu\u00e9m, por melhor que fosse no auge da carreira, conseguiria tirar minha posi\u00e7\u00e3o. Digo isso com muito amor e respeito, mas tamb\u00e9m com a confian\u00e7a de quem viveu aquele momento e sabe o quanto lutou para ser campe\u00e3o do mundo&#8221;.<\/p>\n<p>A proposta de Rom\u00e1rio era que Neymar se colocasse no lugar de um determinado trio elencado pelo &#8216;Baixinho&#8217;. Sobre o Mundial de 1970, Neymar disse que entraria na vaga de Tost\u00e3o, ao lado de Pel\u00e9 e Jairzinho. Em 1994, encaixaria uma parceria com Rom\u00e1rio e Bebeto, dispensando o volante Dunga.<\/p><\/div>\n","protected":false},"excerpt":{"rendered":"<p>Uma resposta de Neymar em um bate-papo com Rom\u00e1rio no podcast do ex-atacante gerou contrariedades no mundo do futebol. O jogador do Al-Hilal foi questionado sobre no lugar de quem atuaria em cada uma das tr\u00eas conquistas mais recentes da sele\u00e7\u00e3o brasileira na Copa. Sobre 2002, ele disse que poderia atuar na vaga de Rivaldo, &hellip;<\/p>\n","protected":false},"author":1,"featured_media":4586,"comment_status":"closed","ping_status":"closed","sticky":false,"template":"","format":"standard","meta":{"footnotes":""},"categories":[31],"tags":[],"class_list":["post-4585","post","type-post","status-publish","format-standard","has-post-thumbnail","hentry","category-esportes"],"yoast_head":"<!-- This site is optimized with the Yoast SEO plugin v27.4 - https:\/\/yoast.com\/product\/yoast-seo-wordpress\/ -->\n<title>Rivaldo rebate Neymar sobre ocupar sua vaga no penta em 2002: &#039;Isso n\u00e3o aconteceria&#039; - Transam\u00e9rica Mococa 93,3<\/title>\n<meta name=\"robots\" content=\"index, follow, max-snippet:-1, max-image-preview:large, max-video-preview:-1\" \/>\n<link rel=\"canonical\" href=\"https:\/\/transamerica93.com.br\/home\/rivaldo-rebate-neymar-sobre-ocupar-sua-vaga-no-penta-em-2002-isso-nao-aconteceria\/\" \/>\n<meta property=\"og:locale\" content=\"pt_BR\" \/>\n<meta property=\"og:type\" content=\"article\" \/>\n<meta property=\"og:title\" content=\"Rivaldo rebate Neymar sobre ocupar sua vaga no penta em 2002: &#039;Isso n\u00e3o aconteceria&#039; - Transam\u00e9rica Mococa 93,3\" \/>\n<meta property=\"og:description\" content=\"Uma resposta de Neymar em um bate-papo com Rom\u00e1rio no podcast do ex-atacante gerou contrariedades no mundo do futebol. O jogador do Al-Hilal foi questionado sobre no lugar de quem atuaria em cada uma das tr\u00eas conquistas mais recentes da sele\u00e7\u00e3o brasileira na Copa. Sobre 2002, ele disse que poderia atuar na vaga de Rivaldo, &hellip;\" \/>\n<meta property=\"og:url\" content=\"https:\/\/transamerica93.com.br\/home\/rivaldo-rebate-neymar-sobre-ocupar-sua-vaga-no-penta-em-2002-isso-nao-aconteceria\/\" \/>\n<meta property=\"og:site_name\" content=\"Transam\u00e9rica Mococa 93,3\" \/>\n<meta property=\"article:publisher\" content=\"https:\/\/www.facebook.com\/transamericamococa\" \/>\n<meta property=\"article:published_time\" content=\"2025-01-27T15:00:26+00:00\" \/>\n<meta property=\"og:image\" content=\"https:\/\/transamerica93.com.br\/home\/wp-content\/uploads\/2025\/01\/imagem.jpg\" \/>\n\t<meta property=\"og:image:width\" content=\"959\" \/>\n\t<meta property=\"og:image:height\" content=\"538\" \/>\n\t<meta property=\"og:image:type\" content=\"image\/jpeg\" \/>\n<meta name=\"author\" content=\"Reda\u00e7\u00e3o\" \/>\n<meta name=\"twitter:card\" content=\"summary_large_image\" \/>\n<meta name=\"twitter:creator\" content=\"@transamerica933\" \/>\n<meta name=\"twitter:site\" content=\"@transamerica933\" \/>\n<meta name=\"twitter:label1\" content=\"Escrito por\" \/>\n\t<meta name=\"twitter:data1\" content=\"Reda\u00e7\u00e3o\" \/>\n\t<meta name=\"twitter:label2\" content=\"Est. tempo de leitura\" \/>\n\t<meta name=\"twitter:data2\" content=\"2 minutos\" \/>\n<script type=\"application\/ld+json\" class=\"yoast-schema-graph\">{\"@context\":\"https:\\\/\\\/schema.org\",\"@graph\":[{\"@type\":\"Article\",\"@id\":\"https:\\\/\\\/transamerica93.com.br\\\/home\\\/rivaldo-rebate-neymar-sobre-ocupar-sua-vaga-no-penta-em-2002-isso-nao-aconteceria\\\/#article\",\"isPartOf\":{\"@id\":\"https:\\\/\\\/transamerica93.com.br\\\/home\\\/rivaldo-rebate-neymar-sobre-ocupar-sua-vaga-no-penta-em-2002-isso-nao-aconteceria\\\/\"},\"author\":{\"name\":\"Reda\u00e7\u00e3o\",\"@id\":\"https:\\\/\\\/transamerica93.com.br\\\/home\\\/#\\\/schema\\\/person\\\/7fed7c99c0d4562efa8561bc0f543172\"},\"headline\":\"Rivaldo rebate Neymar sobre ocupar sua vaga no penta em 2002: &#8216;Isso n\u00e3o aconteceria&#8217;\",\"datePublished\":\"2025-01-27T15:00:26+00:00\",\"mainEntityOfPage\":{\"@id\":\"https:\\\/\\\/transamerica93.com.br\\\/home\\\/rivaldo-rebate-neymar-sobre-ocupar-sua-vaga-no-penta-em-2002-isso-nao-aconteceria\\\/\"},\"wordCount\":323,\"publisher\":{\"@id\":\"https:\\\/\\\/transamerica93.com.br\\\/home\\\/#organization\"},\"image\":{\"@id\":\"https:\\\/\\\/transamerica93.com.br\\\/home\\\/rivaldo-rebate-neymar-sobre-ocupar-sua-vaga-no-penta-em-2002-isso-nao-aconteceria\\\/#primaryimage\"},\"thumbnailUrl\":\"https:\\\/\\\/transamerica93.com.br\\\/home\\\/wp-content\\\/uploads\\\/2025\\\/01\\\/imagem.jpg\",\"articleSection\":[\"Esportes\"],\"inLanguage\":\"pt-BR\"},{\"@type\":\"WebPage\",\"@id\":\"https:\\\/\\\/transamerica93.com.br\\\/home\\\/rivaldo-rebate-neymar-sobre-ocupar-sua-vaga-no-penta-em-2002-isso-nao-aconteceria\\\/\",\"url\":\"https:\\\/\\\/transamerica93.com.br\\\/home\\\/rivaldo-rebate-neymar-sobre-ocupar-sua-vaga-no-penta-em-2002-isso-nao-aconteceria\\\/\",\"name\":\"Rivaldo rebate Neymar sobre ocupar sua vaga no penta em 2002: 'Isso n\u00e3o aconteceria' - Transam\u00e9rica Mococa 93,3\",\"isPartOf\":{\"@id\":\"https:\\\/\\\/transamerica93.com.br\\\/home\\\/#website\"},\"primaryImageOfPage\":{\"@id\":\"https:\\\/\\\/transamerica93.com.br\\\/home\\\/rivaldo-rebate-neymar-sobre-ocupar-sua-vaga-no-penta-em-2002-isso-nao-aconteceria\\\/#primaryimage\"},\"image\":{\"@id\":\"https:\\\/\\\/transamerica93.com.br\\\/home\\\/rivaldo-rebate-neymar-sobre-ocupar-sua-vaga-no-penta-em-2002-isso-nao-aconteceria\\\/#primaryimage\"},\"thumbnailUrl\":\"https:\\\/\\\/transamerica93.com.br\\\/home\\\/wp-content\\\/uploads\\\/2025\\\/01\\\/imagem.jpg\",\"datePublished\":\"2025-01-27T15:00:26+00:00\",\"breadcrumb\":{\"@id\":\"https:\\\/\\\/transamerica93.com.br\\\/home\\\/rivaldo-rebate-neymar-sobre-ocupar-sua-vaga-no-penta-em-2002-isso-nao-aconteceria\\\/#breadcrumb\"},\"inLanguage\":\"pt-BR\",\"potentialAction\":[{\"@type\":\"ReadAction\",\"target\":[\"https:\\\/\\\/transamerica93.com.br\\\/home\\\/rivaldo-rebate-neymar-sobre-ocupar-sua-vaga-no-penta-em-2002-isso-nao-aconteceria\\\/\"]}]},{\"@type\":\"ImageObject\",\"inLanguage\":\"pt-BR\",\"@id\":\"https:\\\/\\\/transamerica93.com.br\\\/home\\\/rivaldo-rebate-neymar-sobre-ocupar-sua-vaga-no-penta-em-2002-isso-nao-aconteceria\\\/#primaryimage\",\"url\":\"https:\\\/\\\/transamerica93.com.br\\\/home\\\/wp-content\\\/uploads\\\/2025\\\/01\\\/imagem.jpg\",\"contentUrl\":\"https:\\\/\\\/transamerica93.com.br\\\/home\\\/wp-content\\\/uploads\\\/2025\\\/01\\\/imagem.jpg\",\"width\":959,\"height\":538},{\"@type\":\"BreadcrumbList\",\"@id\":\"https:\\\/\\\/transamerica93.com.br\\\/home\\\/rivaldo-rebate-neymar-sobre-ocupar-sua-vaga-no-penta-em-2002-isso-nao-aconteceria\\\/#breadcrumb\",\"itemListElement\":[{\"@type\":\"ListItem\",\"position\":1,\"name\":\"In\u00edcio\",\"item\":\"https:\\\/\\\/transamerica93.com.br\\\/home\\\/\"},{\"@type\":\"ListItem\",\"position\":2,\"name\":\"Rivaldo rebate Neymar sobre ocupar sua vaga no penta em 2002: &#8216;Isso n\u00e3o aconteceria&#8217;\"}]},{\"@type\":\"WebSite\",\"@id\":\"https:\\\/\\\/transamerica93.com.br\\\/home\\\/#website\",\"url\":\"https:\\\/\\\/transamerica93.com.br\\\/home\\\/\",\"name\":\"Transam\u00e9rica Mococa 93,3\",\"description\":\"\",\"publisher\":{\"@id\":\"https:\\\/\\\/transamerica93.com.br\\\/home\\\/#organization\"},\"potentialAction\":[{\"@type\":\"SearchAction\",\"target\":{\"@type\":\"EntryPoint\",\"urlTemplate\":\"https:\\\/\\\/transamerica93.com.br\\\/home\\\/?s={search_term_string}\"},\"query-input\":{\"@type\":\"PropertyValueSpecification\",\"valueRequired\":true,\"valueName\":\"search_term_string\"}}],\"inLanguage\":\"pt-BR\"},{\"@type\":\"Organization\",\"@id\":\"https:\\\/\\\/transamerica93.com.br\\\/home\\\/#organization\",\"name\":\"Transam\u00e9rica Mococa 93,3\",\"url\":\"https:\\\/\\\/transamerica93.com.br\\\/home\\\/\",\"logo\":{\"@type\":\"ImageObject\",\"inLanguage\":\"pt-BR\",\"@id\":\"https:\\\/\\\/transamerica93.com.br\\\/home\\\/#\\\/schema\\\/logo\\\/image\\\/\",\"url\":\"https:\\\/\\\/transamerica93.com.br\\\/home\\\/wp-content\\\/uploads\\\/2023\\\/10\\\/logo2.png\",\"contentUrl\":\"https:\\\/\\\/transamerica93.com.br\\\/home\\\/wp-content\\\/uploads\\\/2023\\\/10\\\/logo2.png\",\"width\":800,\"height\":500,\"caption\":\"Transam\u00e9rica Mococa 93,3\"},\"image\":{\"@id\":\"https:\\\/\\\/transamerica93.com.br\\\/home\\\/#\\\/schema\\\/logo\\\/image\\\/\"},\"sameAs\":[\"https:\\\/\\\/www.facebook.com\\\/transamericamococa\",\"https:\\\/\\\/x.com\\\/transamerica933\",\"https:\\\/\\\/www.instagram.com\\\/transamericamococa\"]},{\"@type\":\"Person\",\"@id\":\"https:\\\/\\\/transamerica93.com.br\\\/home\\\/#\\\/schema\\\/person\\\/7fed7c99c0d4562efa8561bc0f543172\",\"name\":\"Reda\u00e7\u00e3o\",\"image\":{\"@type\":\"ImageObject\",\"inLanguage\":\"pt-BR\",\"@id\":\"https:\\\/\\\/secure.gravatar.com\\\/avatar\\\/1072c6b775fb02ef8506ce967551d95926669a6b7d2c2147b42eea4d7c68395e?s=96&d=mm&r=g\",\"url\":\"https:\\\/\\\/secure.gravatar.com\\\/avatar\\\/1072c6b775fb02ef8506ce967551d95926669a6b7d2c2147b42eea4d7c68395e?s=96&d=mm&r=g\",\"contentUrl\":\"https:\\\/\\\/secure.gravatar.com\\\/avatar\\\/1072c6b775fb02ef8506ce967551d95926669a6b7d2c2147b42eea4d7c68395e?s=96&d=mm&r=g\",\"caption\":\"Reda\u00e7\u00e3o\"},\"sameAs\":[\"https:\\\/\\\/transamerica93.com.br\\\/home\"],\"url\":\"https:\\\/\\\/transamerica93.com.br\\\/home\\\/author\\\/william\\\/\"}]}<\/script>\n<!-- \/ Yoast SEO plugin. -->","yoast_head_json":{"title":"Rivaldo rebate Neymar sobre ocupar sua vaga no penta em 2002: 'Isso n\u00e3o aconteceria' - Transam\u00e9rica Mococa 93,3","robots":{"index":"index","follow":"follow","max-snippet":"max-snippet:-1","max-image-preview":"max-image-preview:large","max-video-preview":"max-video-preview:-1"},"canonical":"https:\/\/transamerica93.com.br\/home\/rivaldo-rebate-neymar-sobre-ocupar-sua-vaga-no-penta-em-2002-isso-nao-aconteceria\/","og_locale":"pt_BR","og_type":"article","og_title":"Rivaldo rebate Neymar sobre ocupar sua vaga no penta em 2002: 'Isso n\u00e3o aconteceria' - Transam\u00e9rica Mococa 93,3","og_description":"Uma resposta de Neymar em um bate-papo com Rom\u00e1rio no podcast do ex-atacante gerou contrariedades no mundo do futebol. O jogador do Al-Hilal foi questionado sobre no lugar de quem atuaria em cada uma das tr\u00eas conquistas mais recentes da sele\u00e7\u00e3o brasileira na Copa. Sobre 2002, ele disse que poderia atuar na vaga de Rivaldo, &hellip;","og_url":"https:\/\/transamerica93.com.br\/home\/rivaldo-rebate-neymar-sobre-ocupar-sua-vaga-no-penta-em-2002-isso-nao-aconteceria\/","og_site_name":"Transam\u00e9rica Mococa 93,3","article_publisher":"https:\/\/www.facebook.com\/transamericamococa","article_published_time":"2025-01-27T15:00:26+00:00","og_image":[{"width":959,"height":538,"url":"https:\/\/transamerica93.com.br\/home\/wp-content\/uploads\/2025\/01\/imagem.jpg","type":"image\/jpeg"}],"author":"Reda\u00e7\u00e3o","twitter_card":"summary_large_image","twitter_creator":"@transamerica933","twitter_site":"@transamerica933","twitter_misc":{"Escrito por":"Reda\u00e7\u00e3o","Est. tempo de leitura":"2 minutos"},"schema":{"@context":"https:\/\/schema.org","@graph":[{"@type":"Article","@id":"https:\/\/transamerica93.com.br\/home\/rivaldo-rebate-neymar-sobre-ocupar-sua-vaga-no-penta-em-2002-isso-nao-aconteceria\/#article","isPartOf":{"@id":"https:\/\/transamerica93.com.br\/home\/rivaldo-rebate-neymar-sobre-ocupar-sua-vaga-no-penta-em-2002-isso-nao-aconteceria\/"},"author":{"name":"Reda\u00e7\u00e3o","@id":"https:\/\/transamerica93.com.br\/home\/#\/schema\/person\/7fed7c99c0d4562efa8561bc0f543172"},"headline":"Rivaldo rebate Neymar sobre ocupar sua vaga no penta em 2002: &#8216;Isso n\u00e3o aconteceria&#8217;","datePublished":"2025-01-27T15:00:26+00:00","mainEntityOfPage":{"@id":"https:\/\/transamerica93.com.br\/home\/rivaldo-rebate-neymar-sobre-ocupar-sua-vaga-no-penta-em-2002-isso-nao-aconteceria\/"},"wordCount":323,"publisher":{"@id":"https:\/\/transamerica93.com.br\/home\/#organization"},"image":{"@id":"https:\/\/transamerica93.com.br\/home\/rivaldo-rebate-neymar-sobre-ocupar-sua-vaga-no-penta-em-2002-isso-nao-aconteceria\/#primaryimage"},"thumbnailUrl":"https:\/\/transamerica93.com.br\/home\/wp-content\/uploads\/2025\/01\/imagem.jpg","articleSection":["Esportes"],"inLanguage":"pt-BR"},{"@type":"WebPage","@id":"https:\/\/transamerica93.com.br\/home\/rivaldo-rebate-neymar-sobre-ocupar-sua-vaga-no-penta-em-2002-isso-nao-aconteceria\/","url":"https:\/\/transamerica93.com.br\/home\/rivaldo-rebate-neymar-sobre-ocupar-sua-vaga-no-penta-em-2002-isso-nao-aconteceria\/","name":"Rivaldo rebate Neymar sobre ocupar sua vaga no penta em 2002: 'Isso n\u00e3o aconteceria' - Transam\u00e9rica Mococa 93,3","isPartOf":{"@id":"https:\/\/transamerica93.com.br\/home\/#website"},"primaryImageOfPage":{"@id":"https:\/\/transamerica93.com.br\/home\/rivaldo-rebate-neymar-sobre-ocupar-sua-vaga-no-penta-em-2002-isso-nao-aconteceria\/#primaryimage"},"image":{"@id":"https:\/\/transamerica93.com.br\/home\/rivaldo-rebate-neymar-sobre-ocupar-sua-vaga-no-penta-em-2002-isso-nao-aconteceria\/#primaryimage"},"thumbnailUrl":"https:\/\/transamerica93.com.br\/home\/wp-content\/uploads\/2025\/01\/imagem.jpg","datePublished":"2025-01-27T15:00:26+00:00","breadcrumb":{"@id":"https:\/\/transamerica93.com.br\/home\/rivaldo-rebate-neymar-sobre-ocupar-sua-vaga-no-penta-em-2002-isso-nao-aconteceria\/#breadcrumb"},"inLanguage":"pt-BR","potentialAction":[{"@type":"ReadAction","target":["https:\/\/transamerica93.com.br\/home\/rivaldo-rebate-neymar-sobre-ocupar-sua-vaga-no-penta-em-2002-isso-nao-aconteceria\/"]}]},{"@type":"ImageObject","inLanguage":"pt-BR","@id":"https:\/\/transamerica93.com.br\/home\/rivaldo-rebate-neymar-sobre-ocupar-sua-vaga-no-penta-em-2002-isso-nao-aconteceria\/#primaryimage","url":"https:\/\/transamerica93.com.br\/home\/wp-content\/uploads\/2025\/01\/imagem.jpg","contentUrl":"https:\/\/transamerica93.com.br\/home\/wp-content\/uploads\/2025\/01\/imagem.jpg","width":959,"height":538},{"@type":"BreadcrumbList","@id":"https:\/\/transamerica93.com.br\/home\/rivaldo-rebate-neymar-sobre-ocupar-sua-vaga-no-penta-em-2002-isso-nao-aconteceria\/#breadcrumb","itemListElement":[{"@type":"ListItem","position":1,"name":"In\u00edcio","item":"https:\/\/transamerica93.com.br\/home\/"},{"@type":"ListItem","position":2,"name":"Rivaldo rebate Neymar sobre ocupar sua vaga no penta em 2002: &#8216;Isso n\u00e3o aconteceria&#8217;"}]},{"@type":"WebSite","@id":"https:\/\/transamerica93.com.br\/home\/#website","url":"https:\/\/transamerica93.com.br\/home\/","name":"Transam\u00e9rica Mococa 93,3","description":"","publisher":{"@id":"https:\/\/transamerica93.com.br\/home\/#organization"},"potentialAction":[{"@type":"SearchAction","target":{"@type":"EntryPoint","urlTemplate":"https:\/\/transamerica93.com.br\/home\/?s={search_term_string}"},"query-input":{"@type":"PropertyValueSpecification","valueRequired":true,"valueName":"search_term_string"}}],"inLanguage":"pt-BR"},{"@type":"Organization","@id":"https:\/\/transamerica93.com.br\/home\/#organization","name":"Transam\u00e9rica Mococa 93,3","url":"https:\/\/transamerica93.com.br\/home\/","logo":{"@type":"ImageObject","inLanguage":"pt-BR","@id":"https:\/\/transamerica93.com.br\/home\/#\/schema\/logo\/image\/","url":"https:\/\/transamerica93.com.br\/home\/wp-content\/uploads\/2023\/10\/logo2.png","contentUrl":"https:\/\/transamerica93.com.br\/home\/wp-content\/uploads\/2023\/10\/logo2.png","width":800,"height":500,"caption":"Transam\u00e9rica Mococa 93,3"},"image":{"@id":"https:\/\/transamerica93.com.br\/home\/#\/schema\/logo\/image\/"},"sameAs":["https:\/\/www.facebook.com\/transamericamococa","https:\/\/x.com\/transamerica933","https:\/\/www.instagram.com\/transamericamococa"]},{"@type":"Person","@id":"https:\/\/transamerica93.com.br\/home\/#\/schema\/person\/7fed7c99c0d4562efa8561bc0f543172","name":"Reda\u00e7\u00e3o","image":{"@type":"ImageObject","inLanguage":"pt-BR","@id":"https:\/\/secure.gravatar.com\/avatar\/1072c6b775fb02ef8506ce967551d95926669a6b7d2c2147b42eea4d7c68395e?s=96&d=mm&r=g","url":"https:\/\/secure.gravatar.com\/avatar\/1072c6b775fb02ef8506ce967551d95926669a6b7d2c2147b42eea4d7c68395e?s=96&d=mm&r=g","contentUrl":"https:\/\/secure.gravatar.com\/avatar\/1072c6b775fb02ef8506ce967551d95926669a6b7d2c2147b42eea4d7c68395e?s=96&d=mm&r=g","caption":"Reda\u00e7\u00e3o"},"sameAs":["https:\/\/transamerica93.com.br\/home"],"url":"https:\/\/transamerica93.com.br\/home\/author\/william\/"}]}},"_links":{"self":[{"href":"https:\/\/transamerica93.com.br\/home\/wp-json\/wp\/v2\/posts\/4585","targetHints":{"allow":["GET"]}}],"collection":[{"href":"https:\/\/transamerica93.com.br\/home\/wp-json\/wp\/v2\/posts"}],"about":[{"href":"https:\/\/transamerica93.com.br\/home\/wp-json\/wp\/v2\/types\/post"}],"author":[{"embeddable":true,"href":"https:\/\/transamerica93.com.br\/home\/wp-json\/wp\/v2\/users\/1"}],"replies":[{"embeddable":true,"href":"https:\/\/transamerica93.com.br\/home\/wp-json\/wp\/v2\/comments?post=4585"}],"version-history":[{"count":1,"href":"https:\/\/transamerica93.com.br\/home\/wp-json\/wp\/v2\/posts\/4585\/revisions"}],"predecessor-version":[{"id":4587,"href":"https:\/\/transamerica93.com.br\/home\/wp-json\/wp\/v2\/posts\/4585\/revisions\/4587"}],"wp:featuredmedia":[{"embeddable":true,"href":"https:\/\/transamerica93.com.br\/home\/wp-json\/wp\/v2\/media\/4586"}],"wp:attachment":[{"href":"https:\/\/transamerica93.com.br\/home\/wp-json\/wp\/v2\/media?parent=4585"}],"wp:term":[{"taxonomy":"category","embeddable":true,"href":"https:\/\/transamerica93.com.br\/home\/wp-json\/wp\/v2\/categories?post=4585"},{"taxonomy":"post_tag","embeddable":true,"href":"https:\/\/transamerica93.com.br\/home\/wp-json\/wp\/v2\/tags?post=4585"}],"curies":[{"name":"wp","href":"https:\/\/api.w.org\/{rel}","templated":true}]}}