{"id":4588,"date":"2025-01-28T12:00:14","date_gmt":"2025-01-28T15:00:14","guid":{"rendered":"https:\/\/transamerica93.com.br\/home\/?p=4588"},"modified":"2025-01-21T14:35:13","modified_gmt":"2025-01-21T17:35:13","slug":"galvao-bueno-manda-recado-a-neymar-sobre-selecao-de-2002-rivaldo-tem-mais-historia-que-voce","status":"publish","type":"post","link":"https:\/\/transamerica93.com.br\/home\/galvao-bueno-manda-recado-a-neymar-sobre-selecao-de-2002-rivaldo-tem-mais-historia-que-voce\/","title":{"rendered":"Galv\u00e3o Bueno manda recado a Neymar sobre sele\u00e7\u00e3o de 2002: &#8216;Rivaldo tem mais hist\u00f3ria que voc\u00ea&#8217;"},"content":{"rendered":"<p>Galv\u00e3o Bueno entrou na discuss\u00e3o sobre Rivaldo e Neymar. O jogador do Al-Hilal, em bate-papo com Rom\u00e1rio, respondeu a uma din\u00e2mica do Baixinho para apontar no lugar de quem ele jogaria na sele\u00e7\u00e3o de 2002, entre Ronaldo Fen\u00f4meno, Ronaldinho e Rivaldo A escolha do ex-santista gerou repercuss\u00e3o e at\u00e9 resposta do pr\u00f3prio pelo camisa 10 do penta.<\/p>\n<p>O narrador foi categ\u00f3rico. &#8220;Rivaldo tem muito mais hist\u00f3ria que voc\u00ea&#8221;, escreveu em post no Instagram direcionado a Neymar. &#8220;Duas finais de Copa, 1998 e 2002! Melhor do mundo em 1999, pentacampe\u00e3o e melhor jogador da Copa em 2002!&#8221;, argumentou.<\/p>\n<p>Galv\u00e3o ainda elogiou a resposta publicada por Rivaldo mais cedo, dizendo que o ex-jogador foi &#8220;muito educado&#8221;. O pentacampe\u00e3o defendeu que ningu\u00e9m, por melhor que fosse o auge da carreira, tiraria sua posi\u00e7\u00e3o no time de 2002. &#8220;Naquela \u00e9poca, eu estava t\u00e3o focado, determinado e faminto por conquistar o t\u00edtulo mundial. Digo isso com muito amor e respeito, mas tamb\u00e9m com a confian\u00e7a de quem viveu aquele momento e sabe o quanto lutou para ser campe\u00e3o do mundo&#8221;, concluiu.<\/p>\n<p>A resposta de Neymar, contudo, fazia parte de uma brincadeira com Rom\u00e1rio. O tetracampe\u00e3o prop\u00f4s que Neymar se colocasse no lugar de um determinado trio elencado pelo &#8216;Baixinho&#8217;. Sobre o Mundial de 1970, Neymar disse que entraria na vaga de Tost\u00e3o, ao lado de Pel\u00e9 e Jairzinho. Em 1994, encaixaria uma parceria com Rom\u00e1rio e Bebeto, dispensando o volante Dunga.<\/p>\n<p>Neymar vive um momento de d\u00favida na carreira. Vinculado ao Al-Hilal, o atacante \u00e9 especulado na MLS, nos Estados Unidos, al\u00e9m de ser sonho do Santos. Jorge Jesus, t\u00e9cnico do clube saudita, aguarda uma resposta do jogador para que ele joque apenas a Champions da \u00c1sia e o Mundial de Clubes.<\/p>\n<p>O brasileiro ficou um ano e quatro dias fora de a\u00e7\u00e3o ap\u00f3s passar por cirurgia no joelho e voltou a jogar em outubro do ano passado. Pouco mais de duas semanas depois, o jogador teve constatada nova les\u00e3o, desta vez na coxa e que voltou a afast\u00e1-lo. O contrato com o Al-Hilal vai at\u00e9 junho de 2025 e ele pode ser inscrito no Campeonato \u00c1rabe at\u00e9 31 de janeiro.<\/p>\n","protected":false},"excerpt":{"rendered":"<p>Galv\u00e3o Bueno entrou na discuss\u00e3o sobre Rivaldo e Neymar. O jogador do Al-Hilal, em bate-papo com Rom\u00e1rio, respondeu a uma din\u00e2mica do Baixinho para apontar no lugar de quem ele jogaria na sele\u00e7\u00e3o de 2002, entre Ronaldo Fen\u00f4meno, Ronaldinho e Rivaldo A escolha do ex-santista gerou repercuss\u00e3o e at\u00e9 resposta do pr\u00f3prio pelo camisa 10 &hellip;<\/p>\n","protected":false},"author":1,"featured_media":4589,"comment_status":"closed","ping_status":"closed","sticky":false,"template":"","format":"standard","meta":{"footnotes":""},"categories":[31],"tags":[],"class_list":["post-4588","post","type-post","status-publish","format-standard","has-post-thumbnail","hentry","category-esportes"],"yoast_head":"<!-- This site is optimized with the Yoast SEO plugin v27.4 - https:\/\/yoast.com\/product\/yoast-seo-wordpress\/ -->\n<title>Galv\u00e3o Bueno manda recado a Neymar sobre sele\u00e7\u00e3o de 2002: &#039;Rivaldo tem mais hist\u00f3ria que voc\u00ea&#039; - Transam\u00e9rica Mococa 93,3<\/title>\n<meta name=\"robots\" content=\"index, follow, max-snippet:-1, max-image-preview:large, max-video-preview:-1\" \/>\n<link rel=\"canonical\" href=\"https:\/\/transamerica93.com.br\/home\/galvao-bueno-manda-recado-a-neymar-sobre-selecao-de-2002-rivaldo-tem-mais-historia-que-voce\/\" \/>\n<meta property=\"og:locale\" content=\"pt_BR\" \/>\n<meta property=\"og:type\" content=\"article\" \/>\n<meta property=\"og:title\" content=\"Galv\u00e3o Bueno manda recado a Neymar sobre sele\u00e7\u00e3o de 2002: &#039;Rivaldo tem mais hist\u00f3ria que voc\u00ea&#039; - Transam\u00e9rica Mococa 93,3\" \/>\n<meta property=\"og:description\" content=\"Galv\u00e3o Bueno entrou na discuss\u00e3o sobre Rivaldo e Neymar. O jogador do Al-Hilal, em bate-papo com Rom\u00e1rio, respondeu a uma din\u00e2mica do Baixinho para apontar no lugar de quem ele jogaria na sele\u00e7\u00e3o de 2002, entre Ronaldo Fen\u00f4meno, Ronaldinho e Rivaldo A escolha do ex-santista gerou repercuss\u00e3o e at\u00e9 resposta do pr\u00f3prio pelo camisa 10 &hellip;\" \/>\n<meta property=\"og:url\" content=\"https:\/\/transamerica93.com.br\/home\/galvao-bueno-manda-recado-a-neymar-sobre-selecao-de-2002-rivaldo-tem-mais-historia-que-voce\/\" \/>\n<meta property=\"og:site_name\" content=\"Transam\u00e9rica Mococa 93,3\" \/>\n<meta property=\"article:publisher\" content=\"https:\/\/www.facebook.com\/transamericamococa\" \/>\n<meta property=\"article:published_time\" content=\"2025-01-28T15:00:14+00:00\" \/>\n<meta property=\"og:image\" content=\"https:\/\/transamerica93.com.br\/home\/wp-content\/uploads\/2025\/01\/imagem-1.jpg\" \/>\n\t<meta property=\"og:image:width\" content=\"960\" \/>\n\t<meta property=\"og:image:height\" content=\"580\" \/>\n\t<meta property=\"og:image:type\" content=\"image\/jpeg\" \/>\n<meta name=\"author\" content=\"Reda\u00e7\u00e3o\" \/>\n<meta name=\"twitter:card\" content=\"summary_large_image\" \/>\n<meta name=\"twitter:creator\" content=\"@transamerica933\" \/>\n<meta name=\"twitter:site\" content=\"@transamerica933\" \/>\n<meta name=\"twitter:label1\" content=\"Escrito por\" \/>\n\t<meta name=\"twitter:data1\" content=\"Reda\u00e7\u00e3o\" \/>\n\t<meta name=\"twitter:label2\" content=\"Est. tempo de leitura\" \/>\n\t<meta name=\"twitter:data2\" content=\"3 minutos\" \/>\n<script type=\"application\/ld+json\" class=\"yoast-schema-graph\">{\"@context\":\"https:\\\/\\\/schema.org\",\"@graph\":[{\"@type\":\"Article\",\"@id\":\"https:\\\/\\\/transamerica93.com.br\\\/home\\\/galvao-bueno-manda-recado-a-neymar-sobre-selecao-de-2002-rivaldo-tem-mais-historia-que-voce\\\/#article\",\"isPartOf\":{\"@id\":\"https:\\\/\\\/transamerica93.com.br\\\/home\\\/galvao-bueno-manda-recado-a-neymar-sobre-selecao-de-2002-rivaldo-tem-mais-historia-que-voce\\\/\"},\"author\":{\"name\":\"Reda\u00e7\u00e3o\",\"@id\":\"https:\\\/\\\/transamerica93.com.br\\\/home\\\/#\\\/schema\\\/person\\\/7fed7c99c0d4562efa8561bc0f543172\"},\"headline\":\"Galv\u00e3o Bueno manda recado a Neymar sobre sele\u00e7\u00e3o de 2002: &#8216;Rivaldo tem mais hist\u00f3ria que voc\u00ea&#8217;\",\"datePublished\":\"2025-01-28T15:00:14+00:00\",\"mainEntityOfPage\":{\"@id\":\"https:\\\/\\\/transamerica93.com.br\\\/home\\\/galvao-bueno-manda-recado-a-neymar-sobre-selecao-de-2002-rivaldo-tem-mais-historia-que-voce\\\/\"},\"wordCount\":394,\"publisher\":{\"@id\":\"https:\\\/\\\/transamerica93.com.br\\\/home\\\/#organization\"},\"image\":{\"@id\":\"https:\\\/\\\/transamerica93.com.br\\\/home\\\/galvao-bueno-manda-recado-a-neymar-sobre-selecao-de-2002-rivaldo-tem-mais-historia-que-voce\\\/#primaryimage\"},\"thumbnailUrl\":\"https:\\\/\\\/transamerica93.com.br\\\/home\\\/wp-content\\\/uploads\\\/2025\\\/01\\\/imagem-1.jpg\",\"articleSection\":[\"Esportes\"],\"inLanguage\":\"pt-BR\"},{\"@type\":\"WebPage\",\"@id\":\"https:\\\/\\\/transamerica93.com.br\\\/home\\\/galvao-bueno-manda-recado-a-neymar-sobre-selecao-de-2002-rivaldo-tem-mais-historia-que-voce\\\/\",\"url\":\"https:\\\/\\\/transamerica93.com.br\\\/home\\\/galvao-bueno-manda-recado-a-neymar-sobre-selecao-de-2002-rivaldo-tem-mais-historia-que-voce\\\/\",\"name\":\"Galv\u00e3o Bueno manda recado a Neymar sobre sele\u00e7\u00e3o de 2002: 'Rivaldo tem mais hist\u00f3ria que voc\u00ea' - Transam\u00e9rica Mococa 93,3\",\"isPartOf\":{\"@id\":\"https:\\\/\\\/transamerica93.com.br\\\/home\\\/#website\"},\"primaryImageOfPage\":{\"@id\":\"https:\\\/\\\/transamerica93.com.br\\\/home\\\/galvao-bueno-manda-recado-a-neymar-sobre-selecao-de-2002-rivaldo-tem-mais-historia-que-voce\\\/#primaryimage\"},\"image\":{\"@id\":\"https:\\\/\\\/transamerica93.com.br\\\/home\\\/galvao-bueno-manda-recado-a-neymar-sobre-selecao-de-2002-rivaldo-tem-mais-historia-que-voce\\\/#primaryimage\"},\"thumbnailUrl\":\"https:\\\/\\\/transamerica93.com.br\\\/home\\\/wp-content\\\/uploads\\\/2025\\\/01\\\/imagem-1.jpg\",\"datePublished\":\"2025-01-28T15:00:14+00:00\",\"breadcrumb\":{\"@id\":\"https:\\\/\\\/transamerica93.com.br\\\/home\\\/galvao-bueno-manda-recado-a-neymar-sobre-selecao-de-2002-rivaldo-tem-mais-historia-que-voce\\\/#breadcrumb\"},\"inLanguage\":\"pt-BR\",\"potentialAction\":[{\"@type\":\"ReadAction\",\"target\":[\"https:\\\/\\\/transamerica93.com.br\\\/home\\\/galvao-bueno-manda-recado-a-neymar-sobre-selecao-de-2002-rivaldo-tem-mais-historia-que-voce\\\/\"]}]},{\"@type\":\"ImageObject\",\"inLanguage\":\"pt-BR\",\"@id\":\"https:\\\/\\\/transamerica93.com.br\\\/home\\\/galvao-bueno-manda-recado-a-neymar-sobre-selecao-de-2002-rivaldo-tem-mais-historia-que-voce\\\/#primaryimage\",\"url\":\"https:\\\/\\\/transamerica93.com.br\\\/home\\\/wp-content\\\/uploads\\\/2025\\\/01\\\/imagem-1.jpg\",\"contentUrl\":\"https:\\\/\\\/transamerica93.com.br\\\/home\\\/wp-content\\\/uploads\\\/2025\\\/01\\\/imagem-1.jpg\",\"width\":960,\"height\":580,\"caption\":\"Imagem: Reprodu\u00e7\u00e3o\\\/Tv Globo\"},{\"@type\":\"BreadcrumbList\",\"@id\":\"https:\\\/\\\/transamerica93.com.br\\\/home\\\/galvao-bueno-manda-recado-a-neymar-sobre-selecao-de-2002-rivaldo-tem-mais-historia-que-voce\\\/#breadcrumb\",\"itemListElement\":[{\"@type\":\"ListItem\",\"position\":1,\"name\":\"In\u00edcio\",\"item\":\"https:\\\/\\\/transamerica93.com.br\\\/home\\\/\"},{\"@type\":\"ListItem\",\"position\":2,\"name\":\"Galv\u00e3o Bueno manda recado a Neymar sobre sele\u00e7\u00e3o de 2002: &#8216;Rivaldo tem mais hist\u00f3ria que voc\u00ea&#8217;\"}]},{\"@type\":\"WebSite\",\"@id\":\"https:\\\/\\\/transamerica93.com.br\\\/home\\\/#website\",\"url\":\"https:\\\/\\\/transamerica93.com.br\\\/home\\\/\",\"name\":\"Transam\u00e9rica Mococa 93,3\",\"description\":\"\",\"publisher\":{\"@id\":\"https:\\\/\\\/transamerica93.com.br\\\/home\\\/#organization\"},\"potentialAction\":[{\"@type\":\"SearchAction\",\"target\":{\"@type\":\"EntryPoint\",\"urlTemplate\":\"https:\\\/\\\/transamerica93.com.br\\\/home\\\/?s={search_term_string}\"},\"query-input\":{\"@type\":\"PropertyValueSpecification\",\"valueRequired\":true,\"valueName\":\"search_term_string\"}}],\"inLanguage\":\"pt-BR\"},{\"@type\":\"Organization\",\"@id\":\"https:\\\/\\\/transamerica93.com.br\\\/home\\\/#organization\",\"name\":\"Transam\u00e9rica Mococa 93,3\",\"url\":\"https:\\\/\\\/transamerica93.com.br\\\/home\\\/\",\"logo\":{\"@type\":\"ImageObject\",\"inLanguage\":\"pt-BR\",\"@id\":\"https:\\\/\\\/transamerica93.com.br\\\/home\\\/#\\\/schema\\\/logo\\\/image\\\/\",\"url\":\"https:\\\/\\\/transamerica93.com.br\\\/home\\\/wp-content\\\/uploads\\\/2023\\\/10\\\/logo2.png\",\"contentUrl\":\"https:\\\/\\\/transamerica93.com.br\\\/home\\\/wp-content\\\/uploads\\\/2023\\\/10\\\/logo2.png\",\"width\":800,\"height\":500,\"caption\":\"Transam\u00e9rica Mococa 93,3\"},\"image\":{\"@id\":\"https:\\\/\\\/transamerica93.com.br\\\/home\\\/#\\\/schema\\\/logo\\\/image\\\/\"},\"sameAs\":[\"https:\\\/\\\/www.facebook.com\\\/transamericamococa\",\"https:\\\/\\\/x.com\\\/transamerica933\",\"https:\\\/\\\/www.instagram.com\\\/transamericamococa\"]},{\"@type\":\"Person\",\"@id\":\"https:\\\/\\\/transamerica93.com.br\\\/home\\\/#\\\/schema\\\/person\\\/7fed7c99c0d4562efa8561bc0f543172\",\"name\":\"Reda\u00e7\u00e3o\",\"image\":{\"@type\":\"ImageObject\",\"inLanguage\":\"pt-BR\",\"@id\":\"https:\\\/\\\/secure.gravatar.com\\\/avatar\\\/1072c6b775fb02ef8506ce967551d95926669a6b7d2c2147b42eea4d7c68395e?s=96&d=mm&r=g\",\"url\":\"https:\\\/\\\/secure.gravatar.com\\\/avatar\\\/1072c6b775fb02ef8506ce967551d95926669a6b7d2c2147b42eea4d7c68395e?s=96&d=mm&r=g\",\"contentUrl\":\"https:\\\/\\\/secure.gravatar.com\\\/avatar\\\/1072c6b775fb02ef8506ce967551d95926669a6b7d2c2147b42eea4d7c68395e?s=96&d=mm&r=g\",\"caption\":\"Reda\u00e7\u00e3o\"},\"sameAs\":[\"https:\\\/\\\/transamerica93.com.br\\\/home\"],\"url\":\"https:\\\/\\\/transamerica93.com.br\\\/home\\\/author\\\/william\\\/\"}]}<\/script>\n<!-- \/ Yoast SEO plugin. -->","yoast_head_json":{"title":"Galv\u00e3o Bueno manda recado a Neymar sobre sele\u00e7\u00e3o de 2002: 'Rivaldo tem mais hist\u00f3ria que voc\u00ea' - Transam\u00e9rica Mococa 93,3","robots":{"index":"index","follow":"follow","max-snippet":"max-snippet:-1","max-image-preview":"max-image-preview:large","max-video-preview":"max-video-preview:-1"},"canonical":"https:\/\/transamerica93.com.br\/home\/galvao-bueno-manda-recado-a-neymar-sobre-selecao-de-2002-rivaldo-tem-mais-historia-que-voce\/","og_locale":"pt_BR","og_type":"article","og_title":"Galv\u00e3o Bueno manda recado a Neymar sobre sele\u00e7\u00e3o de 2002: 'Rivaldo tem mais hist\u00f3ria que voc\u00ea' - Transam\u00e9rica Mococa 93,3","og_description":"Galv\u00e3o Bueno entrou na discuss\u00e3o sobre Rivaldo e Neymar. O jogador do Al-Hilal, em bate-papo com Rom\u00e1rio, respondeu a uma din\u00e2mica do Baixinho para apontar no lugar de quem ele jogaria na sele\u00e7\u00e3o de 2002, entre Ronaldo Fen\u00f4meno, Ronaldinho e Rivaldo A escolha do ex-santista gerou repercuss\u00e3o e at\u00e9 resposta do pr\u00f3prio pelo camisa 10 &hellip;","og_url":"https:\/\/transamerica93.com.br\/home\/galvao-bueno-manda-recado-a-neymar-sobre-selecao-de-2002-rivaldo-tem-mais-historia-que-voce\/","og_site_name":"Transam\u00e9rica Mococa 93,3","article_publisher":"https:\/\/www.facebook.com\/transamericamococa","article_published_time":"2025-01-28T15:00:14+00:00","og_image":[{"width":960,"height":580,"url":"https:\/\/transamerica93.com.br\/home\/wp-content\/uploads\/2025\/01\/imagem-1.jpg","type":"image\/jpeg"}],"author":"Reda\u00e7\u00e3o","twitter_card":"summary_large_image","twitter_creator":"@transamerica933","twitter_site":"@transamerica933","twitter_misc":{"Escrito por":"Reda\u00e7\u00e3o","Est. tempo de leitura":"3 minutos"},"schema":{"@context":"https:\/\/schema.org","@graph":[{"@type":"Article","@id":"https:\/\/transamerica93.com.br\/home\/galvao-bueno-manda-recado-a-neymar-sobre-selecao-de-2002-rivaldo-tem-mais-historia-que-voce\/#article","isPartOf":{"@id":"https:\/\/transamerica93.com.br\/home\/galvao-bueno-manda-recado-a-neymar-sobre-selecao-de-2002-rivaldo-tem-mais-historia-que-voce\/"},"author":{"name":"Reda\u00e7\u00e3o","@id":"https:\/\/transamerica93.com.br\/home\/#\/schema\/person\/7fed7c99c0d4562efa8561bc0f543172"},"headline":"Galv\u00e3o Bueno manda recado a Neymar sobre sele\u00e7\u00e3o de 2002: &#8216;Rivaldo tem mais hist\u00f3ria que voc\u00ea&#8217;","datePublished":"2025-01-28T15:00:14+00:00","mainEntityOfPage":{"@id":"https:\/\/transamerica93.com.br\/home\/galvao-bueno-manda-recado-a-neymar-sobre-selecao-de-2002-rivaldo-tem-mais-historia-que-voce\/"},"wordCount":394,"publisher":{"@id":"https:\/\/transamerica93.com.br\/home\/#organization"},"image":{"@id":"https:\/\/transamerica93.com.br\/home\/galvao-bueno-manda-recado-a-neymar-sobre-selecao-de-2002-rivaldo-tem-mais-historia-que-voce\/#primaryimage"},"thumbnailUrl":"https:\/\/transamerica93.com.br\/home\/wp-content\/uploads\/2025\/01\/imagem-1.jpg","articleSection":["Esportes"],"inLanguage":"pt-BR"},{"@type":"WebPage","@id":"https:\/\/transamerica93.com.br\/home\/galvao-bueno-manda-recado-a-neymar-sobre-selecao-de-2002-rivaldo-tem-mais-historia-que-voce\/","url":"https:\/\/transamerica93.com.br\/home\/galvao-bueno-manda-recado-a-neymar-sobre-selecao-de-2002-rivaldo-tem-mais-historia-que-voce\/","name":"Galv\u00e3o Bueno manda recado a Neymar sobre sele\u00e7\u00e3o de 2002: 'Rivaldo tem mais hist\u00f3ria que voc\u00ea' - Transam\u00e9rica Mococa 93,3","isPartOf":{"@id":"https:\/\/transamerica93.com.br\/home\/#website"},"primaryImageOfPage":{"@id":"https:\/\/transamerica93.com.br\/home\/galvao-bueno-manda-recado-a-neymar-sobre-selecao-de-2002-rivaldo-tem-mais-historia-que-voce\/#primaryimage"},"image":{"@id":"https:\/\/transamerica93.com.br\/home\/galvao-bueno-manda-recado-a-neymar-sobre-selecao-de-2002-rivaldo-tem-mais-historia-que-voce\/#primaryimage"},"thumbnailUrl":"https:\/\/transamerica93.com.br\/home\/wp-content\/uploads\/2025\/01\/imagem-1.jpg","datePublished":"2025-01-28T15:00:14+00:00","breadcrumb":{"@id":"https:\/\/transamerica93.com.br\/home\/galvao-bueno-manda-recado-a-neymar-sobre-selecao-de-2002-rivaldo-tem-mais-historia-que-voce\/#breadcrumb"},"inLanguage":"pt-BR","potentialAction":[{"@type":"ReadAction","target":["https:\/\/transamerica93.com.br\/home\/galvao-bueno-manda-recado-a-neymar-sobre-selecao-de-2002-rivaldo-tem-mais-historia-que-voce\/"]}]},{"@type":"ImageObject","inLanguage":"pt-BR","@id":"https:\/\/transamerica93.com.br\/home\/galvao-bueno-manda-recado-a-neymar-sobre-selecao-de-2002-rivaldo-tem-mais-historia-que-voce\/#primaryimage","url":"https:\/\/transamerica93.com.br\/home\/wp-content\/uploads\/2025\/01\/imagem-1.jpg","contentUrl":"https:\/\/transamerica93.com.br\/home\/wp-content\/uploads\/2025\/01\/imagem-1.jpg","width":960,"height":580,"caption":"Imagem: Reprodu\u00e7\u00e3o\/Tv Globo"},{"@type":"BreadcrumbList","@id":"https:\/\/transamerica93.com.br\/home\/galvao-bueno-manda-recado-a-neymar-sobre-selecao-de-2002-rivaldo-tem-mais-historia-que-voce\/#breadcrumb","itemListElement":[{"@type":"ListItem","position":1,"name":"In\u00edcio","item":"https:\/\/transamerica93.com.br\/home\/"},{"@type":"ListItem","position":2,"name":"Galv\u00e3o Bueno manda recado a Neymar sobre sele\u00e7\u00e3o de 2002: &#8216;Rivaldo tem mais hist\u00f3ria que voc\u00ea&#8217;"}]},{"@type":"WebSite","@id":"https:\/\/transamerica93.com.br\/home\/#website","url":"https:\/\/transamerica93.com.br\/home\/","name":"Transam\u00e9rica Mococa 93,3","description":"","publisher":{"@id":"https:\/\/transamerica93.com.br\/home\/#organization"},"potentialAction":[{"@type":"SearchAction","target":{"@type":"EntryPoint","urlTemplate":"https:\/\/transamerica93.com.br\/home\/?s={search_term_string}"},"query-input":{"@type":"PropertyValueSpecification","valueRequired":true,"valueName":"search_term_string"}}],"inLanguage":"pt-BR"},{"@type":"Organization","@id":"https:\/\/transamerica93.com.br\/home\/#organization","name":"Transam\u00e9rica Mococa 93,3","url":"https:\/\/transamerica93.com.br\/home\/","logo":{"@type":"ImageObject","inLanguage":"pt-BR","@id":"https:\/\/transamerica93.com.br\/home\/#\/schema\/logo\/image\/","url":"https:\/\/transamerica93.com.br\/home\/wp-content\/uploads\/2023\/10\/logo2.png","contentUrl":"https:\/\/transamerica93.com.br\/home\/wp-content\/uploads\/2023\/10\/logo2.png","width":800,"height":500,"caption":"Transam\u00e9rica Mococa 93,3"},"image":{"@id":"https:\/\/transamerica93.com.br\/home\/#\/schema\/logo\/image\/"},"sameAs":["https:\/\/www.facebook.com\/transamericamococa","https:\/\/x.com\/transamerica933","https:\/\/www.instagram.com\/transamericamococa"]},{"@type":"Person","@id":"https:\/\/transamerica93.com.br\/home\/#\/schema\/person\/7fed7c99c0d4562efa8561bc0f543172","name":"Reda\u00e7\u00e3o","image":{"@type":"ImageObject","inLanguage":"pt-BR","@id":"https:\/\/secure.gravatar.com\/avatar\/1072c6b775fb02ef8506ce967551d95926669a6b7d2c2147b42eea4d7c68395e?s=96&d=mm&r=g","url":"https:\/\/secure.gravatar.com\/avatar\/1072c6b775fb02ef8506ce967551d95926669a6b7d2c2147b42eea4d7c68395e?s=96&d=mm&r=g","contentUrl":"https:\/\/secure.gravatar.com\/avatar\/1072c6b775fb02ef8506ce967551d95926669a6b7d2c2147b42eea4d7c68395e?s=96&d=mm&r=g","caption":"Reda\u00e7\u00e3o"},"sameAs":["https:\/\/transamerica93.com.br\/home"],"url":"https:\/\/transamerica93.com.br\/home\/author\/william\/"}]}},"_links":{"self":[{"href":"https:\/\/transamerica93.com.br\/home\/wp-json\/wp\/v2\/posts\/4588","targetHints":{"allow":["GET"]}}],"collection":[{"href":"https:\/\/transamerica93.com.br\/home\/wp-json\/wp\/v2\/posts"}],"about":[{"href":"https:\/\/transamerica93.com.br\/home\/wp-json\/wp\/v2\/types\/post"}],"author":[{"embeddable":true,"href":"https:\/\/transamerica93.com.br\/home\/wp-json\/wp\/v2\/users\/1"}],"replies":[{"embeddable":true,"href":"https:\/\/transamerica93.com.br\/home\/wp-json\/wp\/v2\/comments?post=4588"}],"version-history":[{"count":1,"href":"https:\/\/transamerica93.com.br\/home\/wp-json\/wp\/v2\/posts\/4588\/revisions"}],"predecessor-version":[{"id":4590,"href":"https:\/\/transamerica93.com.br\/home\/wp-json\/wp\/v2\/posts\/4588\/revisions\/4590"}],"wp:featuredmedia":[{"embeddable":true,"href":"https:\/\/transamerica93.com.br\/home\/wp-json\/wp\/v2\/media\/4589"}],"wp:attachment":[{"href":"https:\/\/transamerica93.com.br\/home\/wp-json\/wp\/v2\/media?parent=4588"}],"wp:term":[{"taxonomy":"category","embeddable":true,"href":"https:\/\/transamerica93.com.br\/home\/wp-json\/wp\/v2\/categories?post=4588"},{"taxonomy":"post_tag","embeddable":true,"href":"https:\/\/transamerica93.com.br\/home\/wp-json\/wp\/v2\/tags?post=4588"}],"curies":[{"name":"wp","href":"https:\/\/api.w.org\/{rel}","templated":true}]}}