{"id":4591,"date":"2025-01-29T12:00:41","date_gmt":"2025-01-29T15:00:41","guid":{"rendered":"https:\/\/transamerica93.com.br\/home\/?p=4591"},"modified":"2025-01-21T14:39:29","modified_gmt":"2025-01-21T17:39:29","slug":"neymar-quer-voltar-ao-santos-para-recuperar-bom-futebol-retornar-a-selecao-e-ser-feliz","status":"publish","type":"post","link":"https:\/\/transamerica93.com.br\/home\/neymar-quer-voltar-ao-santos-para-recuperar-bom-futebol-retornar-a-selecao-e-ser-feliz\/","title":{"rendered":"Neymar quer voltar ao Santos para recuperar bom futebol, retornar \u00e0 sele\u00e7\u00e3o e &#8216;ser feliz&#8217;"},"content":{"rendered":"<p>Por Ricardo Magatti<\/p>\n<p>Neymar quer voltar ao Santos, que deseja mais ainda que o atleta retorne ap\u00f3s 12 anos fora do Pa\u00eds. Nos \u00faltimos dias, as conversas se intensificaram e os cartolas santistas, sobretudo Marcelo Teixeira, se animaram. O presidente fala quase todo dia com o pai de Neymar, que foi seduzido pelo t\u00e3o falado projeto oferecido pelo clube, que prev\u00ea um contrato curto, de seis meses, com a possibilidade de prorroga\u00e7\u00e3o at\u00e9 a Copa do Mundo de 2026.<\/p>\n<p>Na semana passada, o Santos exibiu um v\u00eddeo, com intelig\u00eancia artificial, no qual a voz de Pel\u00e9 elenca as raz\u00f5es pelas quais o atleta deveria retornar \u00e0 equipe que o lan\u00e7ou para o futebol. O conte\u00fado deixou o pai de Neymar emocionado. Marcelo Teixeira sempre diz que o projeto apresentado ao jogador \u00e9 &#8220;ambicioso&#8221; e que a rela\u00e7\u00e3o entre as duas partes &#8220;continua forte&#8221;.<\/p>\n<p>Pessoas pr\u00f3ximas ao jogador detalharam, ao Estad\u00e3o, quais s\u00e3o esses motivos de Neymar querer regressar ao primeiro time de sua carreira: poder voltar jogar futebol e, consequentemente, ser feliz, o que n\u00e3o tem feito no Al-Hilal porque sequer foi inscrito no Campeonato Saudita; desejo de ser convocado \u00e0 sele\u00e7\u00e3o brasileira; e o tratamento de \u00eddolo que tem no Santos, o que sente sempre que vai \u00e0 Vila Belmiro assistir a uma partida.<\/p>\n<p>T\u00e9cnico do Al-Hilal, o portugu\u00eas Jorge Jesus admitiu recentemente que a situa\u00e7\u00e3o de Neymar &#8220;n\u00e3o \u00e9 f\u00e1cil&#8221; e que ele n\u00e3o tem conseguido &#8220;acompanhar a equipe fisicamente&#8221;. O atleta considera que, no Santos, ser\u00e1 mais bem tratado e conseguir\u00e1 reaver sua melhor forma f\u00edsica em pouco tempo, entrando mais vezes em campo e disputando um campeonato mais competitivo que os torneios na Ar\u00e1bia, o Brasileir\u00e3o.<\/p>\n<p>O desejo \u00e9 m\u00fatuo, as duas partes se entenderam. O problema \u00e9 que Neymar est\u00e1 empregado. Tem contrato com o Al-Hilal e, para ser jogador do Santos neste momento, precisa se desvincular do time \u00e1rabe que pagou 90 milh\u00f5es de euros para tir\u00e1-lo do PSG e que paga mensalmente, de sal\u00e1rio, 13 milh\u00f5es de euros &#8211; cerca de R$ 80 milh\u00f5es ao jogador.<\/p>\n<p>Ele n\u00e3o gostaria, mas j\u00e1 admite que, para romper seu contrato, deve ter de abrir m\u00e3o de parte dos 65 milh\u00f5es de d\u00f3lares (aproximadamente R$ 390 milh\u00f5es) que ainda tem a receber em seu contrato.<\/p>\n<p>No Santos, evidentemente, o atacante de 32 anos n\u00e3o receber\u00e1 nem perto disso de sal\u00e1rio. Os valores ainda n\u00e3o foram discutidos, s\u00f3 ser\u00e3o quando &#8211; e se &#8211; o atleta rescindir com o Al-Hilal. Mas h\u00e1 o entendimento de que o jogador n\u00e3o ir\u00e1 exigir um vencimento fora da realidade do time paulista, que ter\u00e1 receitas mais altas em rela\u00e7\u00e3o \u00e0 temporada passada, mas continua com profundos problemas financeiros.<\/p>\n<p>Neymar jogou apenas sete partidas na Ar\u00e1bia Saudita. Uma grave les\u00e3o no joelho o tirou do gramado por mais de um ano. No come\u00e7o de novembro, na segunda partida depois de seu retorno aos gramados, o atacante sofreu mais uma contus\u00e3o, desta vez muscular, e desde ent\u00e3o nunca mais entrou em campo.<\/p>\n<p>Oficialmente, o discurso entre os santistas \u00e9 de que n\u00e3o h\u00e1 nada encaminhado nem fechado com Neymar, embora as conversas indiquem o contr\u00e1rio. &#8220;O Neymar tem um contrato com o clube dele. Se eles se resolverem por l\u00e1, a gente avalia como que pode ficar essa poss\u00edvel vinda para c\u00e1&#8221;, limitou-se a dizer o CEO Pedro Martins<\/p>\n<p>O t\u00e9cnico Pedro Caixinha afirmou o \u00f3bvio. &#8220;Qualquer treinador gostaria de ter o Neymar no seu elenco. Ainda n\u00e3o h\u00e1 nenhuma not\u00edcia oficial disso, se isso se concretizar, terei o maior prazer de falar disso e se n\u00e3o concretizar, isso nunca ter\u00e1 acontecido para mim&#8221;, disse ele.<\/p>\n<p>Neymar disputou 225 partidas com a camisa do Santos. Entre 2009 e 2013, foram 136 gols, 64 assist\u00eancias e seis t\u00edtulos: tr\u00eas do Paulist\u00e3o (2010, 2011 e 2012), um da Copa do Brasil (2010), um da Copa Libertadores (2011) e um da Recopa Sul-Americana (2012).<\/p>\n","protected":false},"excerpt":{"rendered":"<p>Por Ricardo Magatti Neymar quer voltar ao Santos, que deseja mais ainda que o atleta retorne ap\u00f3s 12 anos fora do Pa\u00eds. Nos \u00faltimos dias, as conversas se intensificaram e os cartolas santistas, sobretudo Marcelo Teixeira, se animaram. O presidente fala quase todo dia com o pai de Neymar, que foi seduzido pelo t\u00e3o falado &hellip;<\/p>\n","protected":false},"author":1,"featured_media":4592,"comment_status":"closed","ping_status":"closed","sticky":false,"template":"","format":"standard","meta":{"footnotes":""},"categories":[31],"tags":[],"class_list":["post-4591","post","type-post","status-publish","format-standard","has-post-thumbnail","hentry","category-esportes"],"yoast_head":"<!-- This site is optimized with the Yoast SEO plugin v27.4 - https:\/\/yoast.com\/product\/yoast-seo-wordpress\/ -->\n<title>Neymar quer voltar ao Santos para recuperar bom futebol, retornar \u00e0 sele\u00e7\u00e3o e &#039;ser feliz&#039; - Transam\u00e9rica Mococa 93,3<\/title>\n<meta name=\"robots\" content=\"index, follow, max-snippet:-1, max-image-preview:large, max-video-preview:-1\" \/>\n<link rel=\"canonical\" href=\"https:\/\/transamerica93.com.br\/home\/neymar-quer-voltar-ao-santos-para-recuperar-bom-futebol-retornar-a-selecao-e-ser-feliz\/\" \/>\n<meta property=\"og:locale\" content=\"pt_BR\" \/>\n<meta property=\"og:type\" content=\"article\" \/>\n<meta property=\"og:title\" content=\"Neymar quer voltar ao Santos para recuperar bom futebol, retornar \u00e0 sele\u00e7\u00e3o e &#039;ser feliz&#039; - Transam\u00e9rica Mococa 93,3\" \/>\n<meta property=\"og:description\" content=\"Por Ricardo Magatti Neymar quer voltar ao Santos, que deseja mais ainda que o atleta retorne ap\u00f3s 12 anos fora do Pa\u00eds. Nos \u00faltimos dias, as conversas se intensificaram e os cartolas santistas, sobretudo Marcelo Teixeira, se animaram. O presidente fala quase todo dia com o pai de Neymar, que foi seduzido pelo t\u00e3o falado &hellip;\" \/>\n<meta property=\"og:url\" content=\"https:\/\/transamerica93.com.br\/home\/neymar-quer-voltar-ao-santos-para-recuperar-bom-futebol-retornar-a-selecao-e-ser-feliz\/\" \/>\n<meta property=\"og:site_name\" content=\"Transam\u00e9rica Mococa 93,3\" \/>\n<meta property=\"article:publisher\" content=\"https:\/\/www.facebook.com\/transamericamococa\" \/>\n<meta property=\"article:published_time\" content=\"2025-01-29T15:00:41+00:00\" \/>\n<meta property=\"og:image\" content=\"https:\/\/transamerica93.com.br\/home\/wp-content\/uploads\/2025\/01\/imagem-2.jpg\" \/>\n\t<meta property=\"og:image:width\" content=\"960\" \/>\n\t<meta property=\"og:image:height\" content=\"580\" \/>\n\t<meta property=\"og:image:type\" content=\"image\/jpeg\" \/>\n<meta name=\"author\" content=\"Reda\u00e7\u00e3o\" \/>\n<meta name=\"twitter:card\" content=\"summary_large_image\" \/>\n<meta name=\"twitter:creator\" content=\"@transamerica933\" \/>\n<meta name=\"twitter:site\" content=\"@transamerica933\" \/>\n<meta name=\"twitter:label1\" content=\"Escrito por\" \/>\n\t<meta name=\"twitter:data1\" content=\"Reda\u00e7\u00e3o\" \/>\n\t<meta name=\"twitter:label2\" content=\"Est. tempo de leitura\" \/>\n\t<meta name=\"twitter:data2\" content=\"4 minutos\" \/>\n<script type=\"application\/ld+json\" class=\"yoast-schema-graph\">{\"@context\":\"https:\\\/\\\/schema.org\",\"@graph\":[{\"@type\":\"Article\",\"@id\":\"https:\\\/\\\/transamerica93.com.br\\\/home\\\/neymar-quer-voltar-ao-santos-para-recuperar-bom-futebol-retornar-a-selecao-e-ser-feliz\\\/#article\",\"isPartOf\":{\"@id\":\"https:\\\/\\\/transamerica93.com.br\\\/home\\\/neymar-quer-voltar-ao-santos-para-recuperar-bom-futebol-retornar-a-selecao-e-ser-feliz\\\/\"},\"author\":{\"name\":\"Reda\u00e7\u00e3o\",\"@id\":\"https:\\\/\\\/transamerica93.com.br\\\/home\\\/#\\\/schema\\\/person\\\/7fed7c99c0d4562efa8561bc0f543172\"},\"headline\":\"Neymar quer voltar ao Santos para recuperar bom futebol, retornar \u00e0 sele\u00e7\u00e3o e &#8216;ser feliz&#8217;\",\"datePublished\":\"2025-01-29T15:00:41+00:00\",\"mainEntityOfPage\":{\"@id\":\"https:\\\/\\\/transamerica93.com.br\\\/home\\\/neymar-quer-voltar-ao-santos-para-recuperar-bom-futebol-retornar-a-selecao-e-ser-feliz\\\/\"},\"wordCount\":692,\"publisher\":{\"@id\":\"https:\\\/\\\/transamerica93.com.br\\\/home\\\/#organization\"},\"image\":{\"@id\":\"https:\\\/\\\/transamerica93.com.br\\\/home\\\/neymar-quer-voltar-ao-santos-para-recuperar-bom-futebol-retornar-a-selecao-e-ser-feliz\\\/#primaryimage\"},\"thumbnailUrl\":\"https:\\\/\\\/transamerica93.com.br\\\/home\\\/wp-content\\\/uploads\\\/2025\\\/01\\\/imagem-2.jpg\",\"articleSection\":[\"Esportes\"],\"inLanguage\":\"pt-BR\"},{\"@type\":\"WebPage\",\"@id\":\"https:\\\/\\\/transamerica93.com.br\\\/home\\\/neymar-quer-voltar-ao-santos-para-recuperar-bom-futebol-retornar-a-selecao-e-ser-feliz\\\/\",\"url\":\"https:\\\/\\\/transamerica93.com.br\\\/home\\\/neymar-quer-voltar-ao-santos-para-recuperar-bom-futebol-retornar-a-selecao-e-ser-feliz\\\/\",\"name\":\"Neymar quer voltar ao Santos para recuperar bom futebol, retornar \u00e0 sele\u00e7\u00e3o e 'ser feliz' - Transam\u00e9rica Mococa 93,3\",\"isPartOf\":{\"@id\":\"https:\\\/\\\/transamerica93.com.br\\\/home\\\/#website\"},\"primaryImageOfPage\":{\"@id\":\"https:\\\/\\\/transamerica93.com.br\\\/home\\\/neymar-quer-voltar-ao-santos-para-recuperar-bom-futebol-retornar-a-selecao-e-ser-feliz\\\/#primaryimage\"},\"image\":{\"@id\":\"https:\\\/\\\/transamerica93.com.br\\\/home\\\/neymar-quer-voltar-ao-santos-para-recuperar-bom-futebol-retornar-a-selecao-e-ser-feliz\\\/#primaryimage\"},\"thumbnailUrl\":\"https:\\\/\\\/transamerica93.com.br\\\/home\\\/wp-content\\\/uploads\\\/2025\\\/01\\\/imagem-2.jpg\",\"datePublished\":\"2025-01-29T15:00:41+00:00\",\"breadcrumb\":{\"@id\":\"https:\\\/\\\/transamerica93.com.br\\\/home\\\/neymar-quer-voltar-ao-santos-para-recuperar-bom-futebol-retornar-a-selecao-e-ser-feliz\\\/#breadcrumb\"},\"inLanguage\":\"pt-BR\",\"potentialAction\":[{\"@type\":\"ReadAction\",\"target\":[\"https:\\\/\\\/transamerica93.com.br\\\/home\\\/neymar-quer-voltar-ao-santos-para-recuperar-bom-futebol-retornar-a-selecao-e-ser-feliz\\\/\"]}]},{\"@type\":\"ImageObject\",\"inLanguage\":\"pt-BR\",\"@id\":\"https:\\\/\\\/transamerica93.com.br\\\/home\\\/neymar-quer-voltar-ao-santos-para-recuperar-bom-futebol-retornar-a-selecao-e-ser-feliz\\\/#primaryimage\",\"url\":\"https:\\\/\\\/transamerica93.com.br\\\/home\\\/wp-content\\\/uploads\\\/2025\\\/01\\\/imagem-2.jpg\",\"contentUrl\":\"https:\\\/\\\/transamerica93.com.br\\\/home\\\/wp-content\\\/uploads\\\/2025\\\/01\\\/imagem-2.jpg\",\"width\":960,\"height\":580,\"caption\":\"Foto: Guilherme Greghi \\\/ Santos FC\"},{\"@type\":\"BreadcrumbList\",\"@id\":\"https:\\\/\\\/transamerica93.com.br\\\/home\\\/neymar-quer-voltar-ao-santos-para-recuperar-bom-futebol-retornar-a-selecao-e-ser-feliz\\\/#breadcrumb\",\"itemListElement\":[{\"@type\":\"ListItem\",\"position\":1,\"name\":\"In\u00edcio\",\"item\":\"https:\\\/\\\/transamerica93.com.br\\\/home\\\/\"},{\"@type\":\"ListItem\",\"position\":2,\"name\":\"Neymar quer voltar ao Santos para recuperar bom futebol, retornar \u00e0 sele\u00e7\u00e3o e &#8216;ser feliz&#8217;\"}]},{\"@type\":\"WebSite\",\"@id\":\"https:\\\/\\\/transamerica93.com.br\\\/home\\\/#website\",\"url\":\"https:\\\/\\\/transamerica93.com.br\\\/home\\\/\",\"name\":\"Transam\u00e9rica Mococa 93,3\",\"description\":\"\",\"publisher\":{\"@id\":\"https:\\\/\\\/transamerica93.com.br\\\/home\\\/#organization\"},\"potentialAction\":[{\"@type\":\"SearchAction\",\"target\":{\"@type\":\"EntryPoint\",\"urlTemplate\":\"https:\\\/\\\/transamerica93.com.br\\\/home\\\/?s={search_term_string}\"},\"query-input\":{\"@type\":\"PropertyValueSpecification\",\"valueRequired\":true,\"valueName\":\"search_term_string\"}}],\"inLanguage\":\"pt-BR\"},{\"@type\":\"Organization\",\"@id\":\"https:\\\/\\\/transamerica93.com.br\\\/home\\\/#organization\",\"name\":\"Transam\u00e9rica Mococa 93,3\",\"url\":\"https:\\\/\\\/transamerica93.com.br\\\/home\\\/\",\"logo\":{\"@type\":\"ImageObject\",\"inLanguage\":\"pt-BR\",\"@id\":\"https:\\\/\\\/transamerica93.com.br\\\/home\\\/#\\\/schema\\\/logo\\\/image\\\/\",\"url\":\"https:\\\/\\\/transamerica93.com.br\\\/home\\\/wp-content\\\/uploads\\\/2023\\\/10\\\/logo2.png\",\"contentUrl\":\"https:\\\/\\\/transamerica93.com.br\\\/home\\\/wp-content\\\/uploads\\\/2023\\\/10\\\/logo2.png\",\"width\":800,\"height\":500,\"caption\":\"Transam\u00e9rica Mococa 93,3\"},\"image\":{\"@id\":\"https:\\\/\\\/transamerica93.com.br\\\/home\\\/#\\\/schema\\\/logo\\\/image\\\/\"},\"sameAs\":[\"https:\\\/\\\/www.facebook.com\\\/transamericamococa\",\"https:\\\/\\\/x.com\\\/transamerica933\",\"https:\\\/\\\/www.instagram.com\\\/transamericamococa\"]},{\"@type\":\"Person\",\"@id\":\"https:\\\/\\\/transamerica93.com.br\\\/home\\\/#\\\/schema\\\/person\\\/7fed7c99c0d4562efa8561bc0f543172\",\"name\":\"Reda\u00e7\u00e3o\",\"image\":{\"@type\":\"ImageObject\",\"inLanguage\":\"pt-BR\",\"@id\":\"https:\\\/\\\/secure.gravatar.com\\\/avatar\\\/1072c6b775fb02ef8506ce967551d95926669a6b7d2c2147b42eea4d7c68395e?s=96&d=mm&r=g\",\"url\":\"https:\\\/\\\/secure.gravatar.com\\\/avatar\\\/1072c6b775fb02ef8506ce967551d95926669a6b7d2c2147b42eea4d7c68395e?s=96&d=mm&r=g\",\"contentUrl\":\"https:\\\/\\\/secure.gravatar.com\\\/avatar\\\/1072c6b775fb02ef8506ce967551d95926669a6b7d2c2147b42eea4d7c68395e?s=96&d=mm&r=g\",\"caption\":\"Reda\u00e7\u00e3o\"},\"sameAs\":[\"https:\\\/\\\/transamerica93.com.br\\\/home\"],\"url\":\"https:\\\/\\\/transamerica93.com.br\\\/home\\\/author\\\/william\\\/\"}]}<\/script>\n<!-- \/ Yoast SEO plugin. -->","yoast_head_json":{"title":"Neymar quer voltar ao Santos para recuperar bom futebol, retornar \u00e0 sele\u00e7\u00e3o e 'ser feliz' - Transam\u00e9rica Mococa 93,3","robots":{"index":"index","follow":"follow","max-snippet":"max-snippet:-1","max-image-preview":"max-image-preview:large","max-video-preview":"max-video-preview:-1"},"canonical":"https:\/\/transamerica93.com.br\/home\/neymar-quer-voltar-ao-santos-para-recuperar-bom-futebol-retornar-a-selecao-e-ser-feliz\/","og_locale":"pt_BR","og_type":"article","og_title":"Neymar quer voltar ao Santos para recuperar bom futebol, retornar \u00e0 sele\u00e7\u00e3o e 'ser feliz' - Transam\u00e9rica Mococa 93,3","og_description":"Por Ricardo Magatti Neymar quer voltar ao Santos, que deseja mais ainda que o atleta retorne ap\u00f3s 12 anos fora do Pa\u00eds. Nos \u00faltimos dias, as conversas se intensificaram e os cartolas santistas, sobretudo Marcelo Teixeira, se animaram. O presidente fala quase todo dia com o pai de Neymar, que foi seduzido pelo t\u00e3o falado &hellip;","og_url":"https:\/\/transamerica93.com.br\/home\/neymar-quer-voltar-ao-santos-para-recuperar-bom-futebol-retornar-a-selecao-e-ser-feliz\/","og_site_name":"Transam\u00e9rica Mococa 93,3","article_publisher":"https:\/\/www.facebook.com\/transamericamococa","article_published_time":"2025-01-29T15:00:41+00:00","og_image":[{"width":960,"height":580,"url":"https:\/\/transamerica93.com.br\/home\/wp-content\/uploads\/2025\/01\/imagem-2.jpg","type":"image\/jpeg"}],"author":"Reda\u00e7\u00e3o","twitter_card":"summary_large_image","twitter_creator":"@transamerica933","twitter_site":"@transamerica933","twitter_misc":{"Escrito por":"Reda\u00e7\u00e3o","Est. tempo de leitura":"4 minutos"},"schema":{"@context":"https:\/\/schema.org","@graph":[{"@type":"Article","@id":"https:\/\/transamerica93.com.br\/home\/neymar-quer-voltar-ao-santos-para-recuperar-bom-futebol-retornar-a-selecao-e-ser-feliz\/#article","isPartOf":{"@id":"https:\/\/transamerica93.com.br\/home\/neymar-quer-voltar-ao-santos-para-recuperar-bom-futebol-retornar-a-selecao-e-ser-feliz\/"},"author":{"name":"Reda\u00e7\u00e3o","@id":"https:\/\/transamerica93.com.br\/home\/#\/schema\/person\/7fed7c99c0d4562efa8561bc0f543172"},"headline":"Neymar quer voltar ao Santos para recuperar bom futebol, retornar \u00e0 sele\u00e7\u00e3o e &#8216;ser feliz&#8217;","datePublished":"2025-01-29T15:00:41+00:00","mainEntityOfPage":{"@id":"https:\/\/transamerica93.com.br\/home\/neymar-quer-voltar-ao-santos-para-recuperar-bom-futebol-retornar-a-selecao-e-ser-feliz\/"},"wordCount":692,"publisher":{"@id":"https:\/\/transamerica93.com.br\/home\/#organization"},"image":{"@id":"https:\/\/transamerica93.com.br\/home\/neymar-quer-voltar-ao-santos-para-recuperar-bom-futebol-retornar-a-selecao-e-ser-feliz\/#primaryimage"},"thumbnailUrl":"https:\/\/transamerica93.com.br\/home\/wp-content\/uploads\/2025\/01\/imagem-2.jpg","articleSection":["Esportes"],"inLanguage":"pt-BR"},{"@type":"WebPage","@id":"https:\/\/transamerica93.com.br\/home\/neymar-quer-voltar-ao-santos-para-recuperar-bom-futebol-retornar-a-selecao-e-ser-feliz\/","url":"https:\/\/transamerica93.com.br\/home\/neymar-quer-voltar-ao-santos-para-recuperar-bom-futebol-retornar-a-selecao-e-ser-feliz\/","name":"Neymar quer voltar ao Santos para recuperar bom futebol, retornar \u00e0 sele\u00e7\u00e3o e 'ser feliz' - Transam\u00e9rica Mococa 93,3","isPartOf":{"@id":"https:\/\/transamerica93.com.br\/home\/#website"},"primaryImageOfPage":{"@id":"https:\/\/transamerica93.com.br\/home\/neymar-quer-voltar-ao-santos-para-recuperar-bom-futebol-retornar-a-selecao-e-ser-feliz\/#primaryimage"},"image":{"@id":"https:\/\/transamerica93.com.br\/home\/neymar-quer-voltar-ao-santos-para-recuperar-bom-futebol-retornar-a-selecao-e-ser-feliz\/#primaryimage"},"thumbnailUrl":"https:\/\/transamerica93.com.br\/home\/wp-content\/uploads\/2025\/01\/imagem-2.jpg","datePublished":"2025-01-29T15:00:41+00:00","breadcrumb":{"@id":"https:\/\/transamerica93.com.br\/home\/neymar-quer-voltar-ao-santos-para-recuperar-bom-futebol-retornar-a-selecao-e-ser-feliz\/#breadcrumb"},"inLanguage":"pt-BR","potentialAction":[{"@type":"ReadAction","target":["https:\/\/transamerica93.com.br\/home\/neymar-quer-voltar-ao-santos-para-recuperar-bom-futebol-retornar-a-selecao-e-ser-feliz\/"]}]},{"@type":"ImageObject","inLanguage":"pt-BR","@id":"https:\/\/transamerica93.com.br\/home\/neymar-quer-voltar-ao-santos-para-recuperar-bom-futebol-retornar-a-selecao-e-ser-feliz\/#primaryimage","url":"https:\/\/transamerica93.com.br\/home\/wp-content\/uploads\/2025\/01\/imagem-2.jpg","contentUrl":"https:\/\/transamerica93.com.br\/home\/wp-content\/uploads\/2025\/01\/imagem-2.jpg","width":960,"height":580,"caption":"Foto: Guilherme Greghi \/ Santos FC"},{"@type":"BreadcrumbList","@id":"https:\/\/transamerica93.com.br\/home\/neymar-quer-voltar-ao-santos-para-recuperar-bom-futebol-retornar-a-selecao-e-ser-feliz\/#breadcrumb","itemListElement":[{"@type":"ListItem","position":1,"name":"In\u00edcio","item":"https:\/\/transamerica93.com.br\/home\/"},{"@type":"ListItem","position":2,"name":"Neymar quer voltar ao Santos para recuperar bom futebol, retornar \u00e0 sele\u00e7\u00e3o e &#8216;ser feliz&#8217;"}]},{"@type":"WebSite","@id":"https:\/\/transamerica93.com.br\/home\/#website","url":"https:\/\/transamerica93.com.br\/home\/","name":"Transam\u00e9rica Mococa 93,3","description":"","publisher":{"@id":"https:\/\/transamerica93.com.br\/home\/#organization"},"potentialAction":[{"@type":"SearchAction","target":{"@type":"EntryPoint","urlTemplate":"https:\/\/transamerica93.com.br\/home\/?s={search_term_string}"},"query-input":{"@type":"PropertyValueSpecification","valueRequired":true,"valueName":"search_term_string"}}],"inLanguage":"pt-BR"},{"@type":"Organization","@id":"https:\/\/transamerica93.com.br\/home\/#organization","name":"Transam\u00e9rica Mococa 93,3","url":"https:\/\/transamerica93.com.br\/home\/","logo":{"@type":"ImageObject","inLanguage":"pt-BR","@id":"https:\/\/transamerica93.com.br\/home\/#\/schema\/logo\/image\/","url":"https:\/\/transamerica93.com.br\/home\/wp-content\/uploads\/2023\/10\/logo2.png","contentUrl":"https:\/\/transamerica93.com.br\/home\/wp-content\/uploads\/2023\/10\/logo2.png","width":800,"height":500,"caption":"Transam\u00e9rica Mococa 93,3"},"image":{"@id":"https:\/\/transamerica93.com.br\/home\/#\/schema\/logo\/image\/"},"sameAs":["https:\/\/www.facebook.com\/transamericamococa","https:\/\/x.com\/transamerica933","https:\/\/www.instagram.com\/transamericamococa"]},{"@type":"Person","@id":"https:\/\/transamerica93.com.br\/home\/#\/schema\/person\/7fed7c99c0d4562efa8561bc0f543172","name":"Reda\u00e7\u00e3o","image":{"@type":"ImageObject","inLanguage":"pt-BR","@id":"https:\/\/secure.gravatar.com\/avatar\/1072c6b775fb02ef8506ce967551d95926669a6b7d2c2147b42eea4d7c68395e?s=96&d=mm&r=g","url":"https:\/\/secure.gravatar.com\/avatar\/1072c6b775fb02ef8506ce967551d95926669a6b7d2c2147b42eea4d7c68395e?s=96&d=mm&r=g","contentUrl":"https:\/\/secure.gravatar.com\/avatar\/1072c6b775fb02ef8506ce967551d95926669a6b7d2c2147b42eea4d7c68395e?s=96&d=mm&r=g","caption":"Reda\u00e7\u00e3o"},"sameAs":["https:\/\/transamerica93.com.br\/home"],"url":"https:\/\/transamerica93.com.br\/home\/author\/william\/"}]}},"_links":{"self":[{"href":"https:\/\/transamerica93.com.br\/home\/wp-json\/wp\/v2\/posts\/4591","targetHints":{"allow":["GET"]}}],"collection":[{"href":"https:\/\/transamerica93.com.br\/home\/wp-json\/wp\/v2\/posts"}],"about":[{"href":"https:\/\/transamerica93.com.br\/home\/wp-json\/wp\/v2\/types\/post"}],"author":[{"embeddable":true,"href":"https:\/\/transamerica93.com.br\/home\/wp-json\/wp\/v2\/users\/1"}],"replies":[{"embeddable":true,"href":"https:\/\/transamerica93.com.br\/home\/wp-json\/wp\/v2\/comments?post=4591"}],"version-history":[{"count":1,"href":"https:\/\/transamerica93.com.br\/home\/wp-json\/wp\/v2\/posts\/4591\/revisions"}],"predecessor-version":[{"id":4593,"href":"https:\/\/transamerica93.com.br\/home\/wp-json\/wp\/v2\/posts\/4591\/revisions\/4593"}],"wp:featuredmedia":[{"embeddable":true,"href":"https:\/\/transamerica93.com.br\/home\/wp-json\/wp\/v2\/media\/4592"}],"wp:attachment":[{"href":"https:\/\/transamerica93.com.br\/home\/wp-json\/wp\/v2\/media?parent=4591"}],"wp:term":[{"taxonomy":"category","embeddable":true,"href":"https:\/\/transamerica93.com.br\/home\/wp-json\/wp\/v2\/categories?post=4591"},{"taxonomy":"post_tag","embeddable":true,"href":"https:\/\/transamerica93.com.br\/home\/wp-json\/wp\/v2\/tags?post=4591"}],"curies":[{"name":"wp","href":"https:\/\/api.w.org\/{rel}","templated":true}]}}