{"id":4594,"date":"2025-01-30T12:00:00","date_gmt":"2025-01-30T15:00:00","guid":{"rendered":"https:\/\/transamerica93.com.br\/home\/?p=4594"},"modified":"2025-01-21T14:41:35","modified_gmt":"2025-01-21T17:41:35","slug":"hamilton-inicia-oficialmente-trabalhos-na-ferrari-para-2025-uma-nova-era","status":"publish","type":"post","link":"https:\/\/transamerica93.com.br\/home\/hamilton-inicia-oficialmente-trabalhos-na-ferrari-para-2025-uma-nova-era\/","title":{"rendered":"Hamilton inicia oficialmente trabalhos na Ferrari para 2025: &#8216;Uma nova era&#8217;"},"content":{"rendered":"<div id=\"Corpo\">Lewis Hamilton come\u00e7ou oficialmente os trabalhos na Ferrari, ap\u00f3s 12 anos de Mercedes, e compartilhou nas redes sociais a anima\u00e7\u00e3o de estar a servi\u00e7o da escuderia italiana. O heptacampe\u00e3o mundial publicou uma foto na sede da nova empregadora, em Maranello, e escreveu sobre o que a nova fase representa para sua carreira.<\/p>\n<p>&#8220;H\u00e1 alguns dias que voc\u00ea sabe que vai lembrar para sempre e hoje, meu primeiro como piloto da Ferrari, \u00e9 um destes dias. Tive a sorte de ter alcan\u00e7ado coisas na minha carreira que nunca pensei serem poss\u00edveis, mas parte de mim sempre se agarrou ao sonho de correr de vermelho. N\u00e3o poderia estar mais feliz em realizar esse sonho. Hoje, come\u00e7amos uma nova era na hist\u00f3ria desta equipe ic\u00f4nica, e mal posso esperar para ver qual hist\u00f3ria escreveremos juntos&#8221;, afirmou o ingl\u00eas.<\/p>\n<p>O heptacampe\u00e3o chega \u00e0 Ferrari para ser o substituto do espanhol Carlos Sainz Jr., agora na Williams, como companheiro de equipe do monegasco Charles Leclerc. Nesta semana, ele j\u00e1 realiza as primeiras atividades de pr\u00e9-temporada em Maranello. Ap\u00f3s chegar \u00e0 sede nesta segunda-feira, se dirigiu ao Circuito de Fiorano, onde foi recebido pelo diretor da equipe, Fred Vasseur, e por Benedetto Vigna, CEO da Ferrari.<\/p>\n<p>Acompanhado da dupla, Hamilton tamb\u00e9m visitou o escrit\u00f3rio onde Enzo Ferrari, fundador da escuderia, costumava trabalhar. De volta \u00e0 sede, encontrou-se com Piero Ferrari, vice-presidente da Ferrari e filho de Enzo, antes de conhecer os demais departamentos da empresa.<\/p>\n<p>&#8220;Sou extremamente grato a John Elkann, Benedetto Vigna, Fred Vasseur e a todos na Ferrari pela confian\u00e7a em mim e por me fazerem parte desta fam\u00edlia&#8221;, afirmou. &#8220;Estou muito animado para come\u00e7ar esta nova era e conhecer e trabalhar com um grupo de pessoas extremamente talentosas e inspiradoras. Estou dedicado a trazer tudo o que tenho para entregar para o time.&#8221;<\/p><\/div>\n","protected":false},"excerpt":{"rendered":"<p>Lewis Hamilton come\u00e7ou oficialmente os trabalhos na Ferrari, ap\u00f3s 12 anos de Mercedes, e compartilhou nas redes sociais a anima\u00e7\u00e3o de estar a servi\u00e7o da escuderia italiana. O heptacampe\u00e3o mundial publicou uma foto na sede da nova empregadora, em Maranello, e escreveu sobre o que a nova fase representa para sua carreira. &#8220;H\u00e1 alguns dias &hellip;<\/p>\n","protected":false},"author":1,"featured_media":4595,"comment_status":"closed","ping_status":"closed","sticky":false,"template":"","format":"standard","meta":{"footnotes":""},"categories":[31],"tags":[],"class_list":["post-4594","post","type-post","status-publish","format-standard","has-post-thumbnail","hentry","category-esportes"],"yoast_head":"<!-- This site is optimized with the Yoast SEO plugin v27.4 - https:\/\/yoast.com\/product\/yoast-seo-wordpress\/ -->\n<title>Hamilton inicia oficialmente trabalhos na Ferrari para 2025: &#039;Uma nova era&#039; - Transam\u00e9rica Mococa 93,3<\/title>\n<meta name=\"robots\" content=\"index, follow, max-snippet:-1, max-image-preview:large, max-video-preview:-1\" \/>\n<link rel=\"canonical\" href=\"https:\/\/transamerica93.com.br\/home\/hamilton-inicia-oficialmente-trabalhos-na-ferrari-para-2025-uma-nova-era\/\" \/>\n<meta property=\"og:locale\" content=\"pt_BR\" \/>\n<meta property=\"og:type\" content=\"article\" \/>\n<meta property=\"og:title\" content=\"Hamilton inicia oficialmente trabalhos na Ferrari para 2025: &#039;Uma nova era&#039; - Transam\u00e9rica Mococa 93,3\" \/>\n<meta property=\"og:description\" content=\"Lewis Hamilton come\u00e7ou oficialmente os trabalhos na Ferrari, ap\u00f3s 12 anos de Mercedes, e compartilhou nas redes sociais a anima\u00e7\u00e3o de estar a servi\u00e7o da escuderia italiana. O heptacampe\u00e3o mundial publicou uma foto na sede da nova empregadora, em Maranello, e escreveu sobre o que a nova fase representa para sua carreira. &#8220;H\u00e1 alguns dias &hellip;\" \/>\n<meta property=\"og:url\" content=\"https:\/\/transamerica93.com.br\/home\/hamilton-inicia-oficialmente-trabalhos-na-ferrari-para-2025-uma-nova-era\/\" \/>\n<meta property=\"og:site_name\" content=\"Transam\u00e9rica Mococa 93,3\" \/>\n<meta property=\"article:publisher\" content=\"https:\/\/www.facebook.com\/transamericamococa\" \/>\n<meta property=\"article:published_time\" content=\"2025-01-30T15:00:00+00:00\" \/>\n<meta property=\"og:image\" content=\"https:\/\/transamerica93.com.br\/home\/wp-content\/uploads\/2025\/01\/imagem-3.jpg\" \/>\n\t<meta property=\"og:image:width\" content=\"1920\" \/>\n\t<meta property=\"og:image:height\" content=\"1439\" \/>\n\t<meta property=\"og:image:type\" content=\"image\/jpeg\" \/>\n<meta name=\"author\" content=\"Reda\u00e7\u00e3o\" \/>\n<meta name=\"twitter:card\" content=\"summary_large_image\" \/>\n<meta name=\"twitter:creator\" content=\"@transamerica933\" \/>\n<meta name=\"twitter:site\" content=\"@transamerica933\" \/>\n<meta name=\"twitter:label1\" content=\"Escrito por\" \/>\n\t<meta name=\"twitter:data1\" content=\"Reda\u00e7\u00e3o\" \/>\n\t<meta name=\"twitter:label2\" content=\"Est. tempo de leitura\" \/>\n\t<meta name=\"twitter:data2\" content=\"2 minutos\" \/>\n<script type=\"application\/ld+json\" class=\"yoast-schema-graph\">{\"@context\":\"https:\\\/\\\/schema.org\",\"@graph\":[{\"@type\":\"Article\",\"@id\":\"https:\\\/\\\/transamerica93.com.br\\\/home\\\/hamilton-inicia-oficialmente-trabalhos-na-ferrari-para-2025-uma-nova-era\\\/#article\",\"isPartOf\":{\"@id\":\"https:\\\/\\\/transamerica93.com.br\\\/home\\\/hamilton-inicia-oficialmente-trabalhos-na-ferrari-para-2025-uma-nova-era\\\/\"},\"author\":{\"name\":\"Reda\u00e7\u00e3o\",\"@id\":\"https:\\\/\\\/transamerica93.com.br\\\/home\\\/#\\\/schema\\\/person\\\/7fed7c99c0d4562efa8561bc0f543172\"},\"headline\":\"Hamilton inicia oficialmente trabalhos na Ferrari para 2025: &#8216;Uma nova era&#8217;\",\"datePublished\":\"2025-01-30T15:00:00+00:00\",\"mainEntityOfPage\":{\"@id\":\"https:\\\/\\\/transamerica93.com.br\\\/home\\\/hamilton-inicia-oficialmente-trabalhos-na-ferrari-para-2025-uma-nova-era\\\/\"},\"wordCount\":326,\"publisher\":{\"@id\":\"https:\\\/\\\/transamerica93.com.br\\\/home\\\/#organization\"},\"image\":{\"@id\":\"https:\\\/\\\/transamerica93.com.br\\\/home\\\/hamilton-inicia-oficialmente-trabalhos-na-ferrari-para-2025-uma-nova-era\\\/#primaryimage\"},\"thumbnailUrl\":\"https:\\\/\\\/transamerica93.com.br\\\/home\\\/wp-content\\\/uploads\\\/2025\\\/01\\\/imagem-3.jpg\",\"articleSection\":[\"Esportes\"],\"inLanguage\":\"pt-BR\"},{\"@type\":\"WebPage\",\"@id\":\"https:\\\/\\\/transamerica93.com.br\\\/home\\\/hamilton-inicia-oficialmente-trabalhos-na-ferrari-para-2025-uma-nova-era\\\/\",\"url\":\"https:\\\/\\\/transamerica93.com.br\\\/home\\\/hamilton-inicia-oficialmente-trabalhos-na-ferrari-para-2025-uma-nova-era\\\/\",\"name\":\"Hamilton inicia oficialmente trabalhos na Ferrari para 2025: 'Uma nova era' - Transam\u00e9rica Mococa 93,3\",\"isPartOf\":{\"@id\":\"https:\\\/\\\/transamerica93.com.br\\\/home\\\/#website\"},\"primaryImageOfPage\":{\"@id\":\"https:\\\/\\\/transamerica93.com.br\\\/home\\\/hamilton-inicia-oficialmente-trabalhos-na-ferrari-para-2025-uma-nova-era\\\/#primaryimage\"},\"image\":{\"@id\":\"https:\\\/\\\/transamerica93.com.br\\\/home\\\/hamilton-inicia-oficialmente-trabalhos-na-ferrari-para-2025-uma-nova-era\\\/#primaryimage\"},\"thumbnailUrl\":\"https:\\\/\\\/transamerica93.com.br\\\/home\\\/wp-content\\\/uploads\\\/2025\\\/01\\\/imagem-3.jpg\",\"datePublished\":\"2025-01-30T15:00:00+00:00\",\"breadcrumb\":{\"@id\":\"https:\\\/\\\/transamerica93.com.br\\\/home\\\/hamilton-inicia-oficialmente-trabalhos-na-ferrari-para-2025-uma-nova-era\\\/#breadcrumb\"},\"inLanguage\":\"pt-BR\",\"potentialAction\":[{\"@type\":\"ReadAction\",\"target\":[\"https:\\\/\\\/transamerica93.com.br\\\/home\\\/hamilton-inicia-oficialmente-trabalhos-na-ferrari-para-2025-uma-nova-era\\\/\"]}]},{\"@type\":\"ImageObject\",\"inLanguage\":\"pt-BR\",\"@id\":\"https:\\\/\\\/transamerica93.com.br\\\/home\\\/hamilton-inicia-oficialmente-trabalhos-na-ferrari-para-2025-uma-nova-era\\\/#primaryimage\",\"url\":\"https:\\\/\\\/transamerica93.com.br\\\/home\\\/wp-content\\\/uploads\\\/2025\\\/01\\\/imagem-3.jpg\",\"contentUrl\":\"https:\\\/\\\/transamerica93.com.br\\\/home\\\/wp-content\\\/uploads\\\/2025\\\/01\\\/imagem-3.jpg\",\"width\":1920,\"height\":1439,\"caption\":\"Reprodu\u00e7\u00e3o\\\/Instagram\\\/@lewishamilton\"},{\"@type\":\"BreadcrumbList\",\"@id\":\"https:\\\/\\\/transamerica93.com.br\\\/home\\\/hamilton-inicia-oficialmente-trabalhos-na-ferrari-para-2025-uma-nova-era\\\/#breadcrumb\",\"itemListElement\":[{\"@type\":\"ListItem\",\"position\":1,\"name\":\"In\u00edcio\",\"item\":\"https:\\\/\\\/transamerica93.com.br\\\/home\\\/\"},{\"@type\":\"ListItem\",\"position\":2,\"name\":\"Hamilton inicia oficialmente trabalhos na Ferrari para 2025: &#8216;Uma nova era&#8217;\"}]},{\"@type\":\"WebSite\",\"@id\":\"https:\\\/\\\/transamerica93.com.br\\\/home\\\/#website\",\"url\":\"https:\\\/\\\/transamerica93.com.br\\\/home\\\/\",\"name\":\"Transam\u00e9rica Mococa 93,3\",\"description\":\"\",\"publisher\":{\"@id\":\"https:\\\/\\\/transamerica93.com.br\\\/home\\\/#organization\"},\"potentialAction\":[{\"@type\":\"SearchAction\",\"target\":{\"@type\":\"EntryPoint\",\"urlTemplate\":\"https:\\\/\\\/transamerica93.com.br\\\/home\\\/?s={search_term_string}\"},\"query-input\":{\"@type\":\"PropertyValueSpecification\",\"valueRequired\":true,\"valueName\":\"search_term_string\"}}],\"inLanguage\":\"pt-BR\"},{\"@type\":\"Organization\",\"@id\":\"https:\\\/\\\/transamerica93.com.br\\\/home\\\/#organization\",\"name\":\"Transam\u00e9rica Mococa 93,3\",\"url\":\"https:\\\/\\\/transamerica93.com.br\\\/home\\\/\",\"logo\":{\"@type\":\"ImageObject\",\"inLanguage\":\"pt-BR\",\"@id\":\"https:\\\/\\\/transamerica93.com.br\\\/home\\\/#\\\/schema\\\/logo\\\/image\\\/\",\"url\":\"https:\\\/\\\/transamerica93.com.br\\\/home\\\/wp-content\\\/uploads\\\/2023\\\/10\\\/logo2.png\",\"contentUrl\":\"https:\\\/\\\/transamerica93.com.br\\\/home\\\/wp-content\\\/uploads\\\/2023\\\/10\\\/logo2.png\",\"width\":800,\"height\":500,\"caption\":\"Transam\u00e9rica Mococa 93,3\"},\"image\":{\"@id\":\"https:\\\/\\\/transamerica93.com.br\\\/home\\\/#\\\/schema\\\/logo\\\/image\\\/\"},\"sameAs\":[\"https:\\\/\\\/www.facebook.com\\\/transamericamococa\",\"https:\\\/\\\/x.com\\\/transamerica933\",\"https:\\\/\\\/www.instagram.com\\\/transamericamococa\"]},{\"@type\":\"Person\",\"@id\":\"https:\\\/\\\/transamerica93.com.br\\\/home\\\/#\\\/schema\\\/person\\\/7fed7c99c0d4562efa8561bc0f543172\",\"name\":\"Reda\u00e7\u00e3o\",\"image\":{\"@type\":\"ImageObject\",\"inLanguage\":\"pt-BR\",\"@id\":\"https:\\\/\\\/secure.gravatar.com\\\/avatar\\\/1072c6b775fb02ef8506ce967551d95926669a6b7d2c2147b42eea4d7c68395e?s=96&d=mm&r=g\",\"url\":\"https:\\\/\\\/secure.gravatar.com\\\/avatar\\\/1072c6b775fb02ef8506ce967551d95926669a6b7d2c2147b42eea4d7c68395e?s=96&d=mm&r=g\",\"contentUrl\":\"https:\\\/\\\/secure.gravatar.com\\\/avatar\\\/1072c6b775fb02ef8506ce967551d95926669a6b7d2c2147b42eea4d7c68395e?s=96&d=mm&r=g\",\"caption\":\"Reda\u00e7\u00e3o\"},\"sameAs\":[\"https:\\\/\\\/transamerica93.com.br\\\/home\"],\"url\":\"https:\\\/\\\/transamerica93.com.br\\\/home\\\/author\\\/william\\\/\"}]}<\/script>\n<!-- \/ Yoast SEO plugin. -->","yoast_head_json":{"title":"Hamilton inicia oficialmente trabalhos na Ferrari para 2025: 'Uma nova era' - Transam\u00e9rica Mococa 93,3","robots":{"index":"index","follow":"follow","max-snippet":"max-snippet:-1","max-image-preview":"max-image-preview:large","max-video-preview":"max-video-preview:-1"},"canonical":"https:\/\/transamerica93.com.br\/home\/hamilton-inicia-oficialmente-trabalhos-na-ferrari-para-2025-uma-nova-era\/","og_locale":"pt_BR","og_type":"article","og_title":"Hamilton inicia oficialmente trabalhos na Ferrari para 2025: 'Uma nova era' - Transam\u00e9rica Mococa 93,3","og_description":"Lewis Hamilton come\u00e7ou oficialmente os trabalhos na Ferrari, ap\u00f3s 12 anos de Mercedes, e compartilhou nas redes sociais a anima\u00e7\u00e3o de estar a servi\u00e7o da escuderia italiana. O heptacampe\u00e3o mundial publicou uma foto na sede da nova empregadora, em Maranello, e escreveu sobre o que a nova fase representa para sua carreira. &#8220;H\u00e1 alguns dias &hellip;","og_url":"https:\/\/transamerica93.com.br\/home\/hamilton-inicia-oficialmente-trabalhos-na-ferrari-para-2025-uma-nova-era\/","og_site_name":"Transam\u00e9rica Mococa 93,3","article_publisher":"https:\/\/www.facebook.com\/transamericamococa","article_published_time":"2025-01-30T15:00:00+00:00","og_image":[{"width":1920,"height":1439,"url":"https:\/\/transamerica93.com.br\/home\/wp-content\/uploads\/2025\/01\/imagem-3.jpg","type":"image\/jpeg"}],"author":"Reda\u00e7\u00e3o","twitter_card":"summary_large_image","twitter_creator":"@transamerica933","twitter_site":"@transamerica933","twitter_misc":{"Escrito por":"Reda\u00e7\u00e3o","Est. tempo de leitura":"2 minutos"},"schema":{"@context":"https:\/\/schema.org","@graph":[{"@type":"Article","@id":"https:\/\/transamerica93.com.br\/home\/hamilton-inicia-oficialmente-trabalhos-na-ferrari-para-2025-uma-nova-era\/#article","isPartOf":{"@id":"https:\/\/transamerica93.com.br\/home\/hamilton-inicia-oficialmente-trabalhos-na-ferrari-para-2025-uma-nova-era\/"},"author":{"name":"Reda\u00e7\u00e3o","@id":"https:\/\/transamerica93.com.br\/home\/#\/schema\/person\/7fed7c99c0d4562efa8561bc0f543172"},"headline":"Hamilton inicia oficialmente trabalhos na Ferrari para 2025: &#8216;Uma nova era&#8217;","datePublished":"2025-01-30T15:00:00+00:00","mainEntityOfPage":{"@id":"https:\/\/transamerica93.com.br\/home\/hamilton-inicia-oficialmente-trabalhos-na-ferrari-para-2025-uma-nova-era\/"},"wordCount":326,"publisher":{"@id":"https:\/\/transamerica93.com.br\/home\/#organization"},"image":{"@id":"https:\/\/transamerica93.com.br\/home\/hamilton-inicia-oficialmente-trabalhos-na-ferrari-para-2025-uma-nova-era\/#primaryimage"},"thumbnailUrl":"https:\/\/transamerica93.com.br\/home\/wp-content\/uploads\/2025\/01\/imagem-3.jpg","articleSection":["Esportes"],"inLanguage":"pt-BR"},{"@type":"WebPage","@id":"https:\/\/transamerica93.com.br\/home\/hamilton-inicia-oficialmente-trabalhos-na-ferrari-para-2025-uma-nova-era\/","url":"https:\/\/transamerica93.com.br\/home\/hamilton-inicia-oficialmente-trabalhos-na-ferrari-para-2025-uma-nova-era\/","name":"Hamilton inicia oficialmente trabalhos na Ferrari para 2025: 'Uma nova era' - Transam\u00e9rica Mococa 93,3","isPartOf":{"@id":"https:\/\/transamerica93.com.br\/home\/#website"},"primaryImageOfPage":{"@id":"https:\/\/transamerica93.com.br\/home\/hamilton-inicia-oficialmente-trabalhos-na-ferrari-para-2025-uma-nova-era\/#primaryimage"},"image":{"@id":"https:\/\/transamerica93.com.br\/home\/hamilton-inicia-oficialmente-trabalhos-na-ferrari-para-2025-uma-nova-era\/#primaryimage"},"thumbnailUrl":"https:\/\/transamerica93.com.br\/home\/wp-content\/uploads\/2025\/01\/imagem-3.jpg","datePublished":"2025-01-30T15:00:00+00:00","breadcrumb":{"@id":"https:\/\/transamerica93.com.br\/home\/hamilton-inicia-oficialmente-trabalhos-na-ferrari-para-2025-uma-nova-era\/#breadcrumb"},"inLanguage":"pt-BR","potentialAction":[{"@type":"ReadAction","target":["https:\/\/transamerica93.com.br\/home\/hamilton-inicia-oficialmente-trabalhos-na-ferrari-para-2025-uma-nova-era\/"]}]},{"@type":"ImageObject","inLanguage":"pt-BR","@id":"https:\/\/transamerica93.com.br\/home\/hamilton-inicia-oficialmente-trabalhos-na-ferrari-para-2025-uma-nova-era\/#primaryimage","url":"https:\/\/transamerica93.com.br\/home\/wp-content\/uploads\/2025\/01\/imagem-3.jpg","contentUrl":"https:\/\/transamerica93.com.br\/home\/wp-content\/uploads\/2025\/01\/imagem-3.jpg","width":1920,"height":1439,"caption":"Reprodu\u00e7\u00e3o\/Instagram\/@lewishamilton"},{"@type":"BreadcrumbList","@id":"https:\/\/transamerica93.com.br\/home\/hamilton-inicia-oficialmente-trabalhos-na-ferrari-para-2025-uma-nova-era\/#breadcrumb","itemListElement":[{"@type":"ListItem","position":1,"name":"In\u00edcio","item":"https:\/\/transamerica93.com.br\/home\/"},{"@type":"ListItem","position":2,"name":"Hamilton inicia oficialmente trabalhos na Ferrari para 2025: &#8216;Uma nova era&#8217;"}]},{"@type":"WebSite","@id":"https:\/\/transamerica93.com.br\/home\/#website","url":"https:\/\/transamerica93.com.br\/home\/","name":"Transam\u00e9rica Mococa 93,3","description":"","publisher":{"@id":"https:\/\/transamerica93.com.br\/home\/#organization"},"potentialAction":[{"@type":"SearchAction","target":{"@type":"EntryPoint","urlTemplate":"https:\/\/transamerica93.com.br\/home\/?s={search_term_string}"},"query-input":{"@type":"PropertyValueSpecification","valueRequired":true,"valueName":"search_term_string"}}],"inLanguage":"pt-BR"},{"@type":"Organization","@id":"https:\/\/transamerica93.com.br\/home\/#organization","name":"Transam\u00e9rica Mococa 93,3","url":"https:\/\/transamerica93.com.br\/home\/","logo":{"@type":"ImageObject","inLanguage":"pt-BR","@id":"https:\/\/transamerica93.com.br\/home\/#\/schema\/logo\/image\/","url":"https:\/\/transamerica93.com.br\/home\/wp-content\/uploads\/2023\/10\/logo2.png","contentUrl":"https:\/\/transamerica93.com.br\/home\/wp-content\/uploads\/2023\/10\/logo2.png","width":800,"height":500,"caption":"Transam\u00e9rica Mococa 93,3"},"image":{"@id":"https:\/\/transamerica93.com.br\/home\/#\/schema\/logo\/image\/"},"sameAs":["https:\/\/www.facebook.com\/transamericamococa","https:\/\/x.com\/transamerica933","https:\/\/www.instagram.com\/transamericamococa"]},{"@type":"Person","@id":"https:\/\/transamerica93.com.br\/home\/#\/schema\/person\/7fed7c99c0d4562efa8561bc0f543172","name":"Reda\u00e7\u00e3o","image":{"@type":"ImageObject","inLanguage":"pt-BR","@id":"https:\/\/secure.gravatar.com\/avatar\/1072c6b775fb02ef8506ce967551d95926669a6b7d2c2147b42eea4d7c68395e?s=96&d=mm&r=g","url":"https:\/\/secure.gravatar.com\/avatar\/1072c6b775fb02ef8506ce967551d95926669a6b7d2c2147b42eea4d7c68395e?s=96&d=mm&r=g","contentUrl":"https:\/\/secure.gravatar.com\/avatar\/1072c6b775fb02ef8506ce967551d95926669a6b7d2c2147b42eea4d7c68395e?s=96&d=mm&r=g","caption":"Reda\u00e7\u00e3o"},"sameAs":["https:\/\/transamerica93.com.br\/home"],"url":"https:\/\/transamerica93.com.br\/home\/author\/william\/"}]}},"_links":{"self":[{"href":"https:\/\/transamerica93.com.br\/home\/wp-json\/wp\/v2\/posts\/4594","targetHints":{"allow":["GET"]}}],"collection":[{"href":"https:\/\/transamerica93.com.br\/home\/wp-json\/wp\/v2\/posts"}],"about":[{"href":"https:\/\/transamerica93.com.br\/home\/wp-json\/wp\/v2\/types\/post"}],"author":[{"embeddable":true,"href":"https:\/\/transamerica93.com.br\/home\/wp-json\/wp\/v2\/users\/1"}],"replies":[{"embeddable":true,"href":"https:\/\/transamerica93.com.br\/home\/wp-json\/wp\/v2\/comments?post=4594"}],"version-history":[{"count":2,"href":"https:\/\/transamerica93.com.br\/home\/wp-json\/wp\/v2\/posts\/4594\/revisions"}],"predecessor-version":[{"id":4597,"href":"https:\/\/transamerica93.com.br\/home\/wp-json\/wp\/v2\/posts\/4594\/revisions\/4597"}],"wp:featuredmedia":[{"embeddable":true,"href":"https:\/\/transamerica93.com.br\/home\/wp-json\/wp\/v2\/media\/4595"}],"wp:attachment":[{"href":"https:\/\/transamerica93.com.br\/home\/wp-json\/wp\/v2\/media?parent=4594"}],"wp:term":[{"taxonomy":"category","embeddable":true,"href":"https:\/\/transamerica93.com.br\/home\/wp-json\/wp\/v2\/categories?post=4594"},{"taxonomy":"post_tag","embeddable":true,"href":"https:\/\/transamerica93.com.br\/home\/wp-json\/wp\/v2\/tags?post=4594"}],"curies":[{"name":"wp","href":"https:\/\/api.w.org\/{rel}","templated":true}]}}