{"id":4598,"date":"2025-01-31T12:00:55","date_gmt":"2025-01-31T15:00:55","guid":{"rendered":"https:\/\/transamerica93.com.br\/home\/?p=4598"},"modified":"2025-01-21T14:43:27","modified_gmt":"2025-01-21T17:43:27","slug":"djokovic-aceita-pedido-de-desculpas-de-jornalista-apos-se-recusar-a-dar-entrevista-pos-jogo","status":"publish","type":"post","link":"https:\/\/transamerica93.com.br\/home\/djokovic-aceita-pedido-de-desculpas-de-jornalista-apos-se-recusar-a-dar-entrevista-pos-jogo\/","title":{"rendered":"Djokovic aceita pedido de desculpas de jornalista ap\u00f3s se recusar a dar entrevista p\u00f3s-jogo"},"content":{"rendered":"<div id=\"Corpo\">Respons\u00e1vel pela organiza\u00e7\u00e3o do Aberto da Austr\u00e1lia, a Tennis Australia informou nesta segunda-feira que a pol\u00eamica entre Novak Djokovic e o jornalista Tony Jones foi encerrada. A entidade disse que o tenista s\u00e9rvio aceitou o pedido de desculpas do profissional e tamb\u00e9m do canal Nine, para o qual o jornalista trabalha.<\/p>\n<p>&#8220;Novak reconhece que o pedido de desculpas foi feito em p\u00fablico, conforme solicitado e, agora, est\u00e1 seguindo em frente e se concentrando em sua pr\u00f3xima partida&#8221;, disse a Tennis Australia, a federa\u00e7\u00e3o de t\u00eanis do pa\u00eds, em comunicado divulgado nesta segunda-feira.<\/p>\n<p>Em outro comunicado, a Nine Network disse que se desculpou &#8220;por qualquer ofensa causada por coment\u00e1rios feitos&#8221; ao vivo. &#8220;N\u00e3o houve inten\u00e7\u00e3o de prejudicar Novak ou seus f\u00e3s. Estamos ansiosos para mostrar ainda mais sua campanha no Aberto da Austr\u00e1lia em Melbourne Park.&#8221;<\/p>\n<p>O pedido de desculpas encerra a pol\u00eamica mais recente de Djokovic em solo australiano. O ex-n\u00famero 1 do mundo se recusou a dar entrevista p\u00f3s-jogo em quadra, algo rotineiro nas quadras principais do Aberto da Austr\u00e1lia, depois de sua \u00faltima vit\u00f3ria, no domingo.<\/p>\n<p>Minutos depois, na entrevista coletiva, o s\u00e9rvio explicou que sua atitude era uma resposta aos coment\u00e1rios feitos por Tony Jones durante transmiss\u00e3o ao vivo do canal Nine, da Austr\u00e1lia. Sem citar o nome do profissional, o s\u00e9rvio disse que um &#8220;famoso jornalista esportivo que trabalha para a emissora oficial Channel 9 (&#8230;) zombou dos torcedores s\u00e9rvios e tamb\u00e9m fez coment\u00e1rios ofensivos e insultantes em rela\u00e7\u00e3o a mim&#8221;.<\/p>\n<p>Num est\u00fadio panor\u00e2mico, diante de diversos torcedores com bandeiras da S\u00e9rvia e gritando o nome de Djokovic, Jones chamou o ex-l\u00edder do ranking de &#8220;superestimado&#8221; e &#8220;ultrapassado&#8221;, em tom de brincadeira, e fez o que pareceu ser uma refer\u00eancia ao caso da deporta\u00e7\u00e3o do tenista antes do in\u00edcio do Aberto da Austr\u00e1lia de 2022, por n\u00e3o ter sido vacinado contra a covid-19.<\/p>\n<p>&#8220;Considerei que se tratava de humor, o que \u00e9 consistente com a maioria das coisas que fa\u00e7o. Dito isso, fiquei sabendo (&#8230;) que a equipe de Djokovic n\u00e3o ficou nada satisfeita com esses coment\u00e1rios. Entrei em contato imediatamente com a equipe de Djokovic e pedi desculpas a eles. E agora que estou aqui, mantenho esse pedido de desculpas a Novak&#8221;, disse Jones, que tamb\u00e9m se dirigiu aos torcedores s\u00e9rvios.<\/p>\n<p>&#8220;Sinto que decepcionei os torcedores s\u00e9rvios. N\u00e3o estou dizendo isso apenas para tentar me livrar de problemas ou algo assim. Eu realmente sinto muito por esses torcedores.&#8221;<\/p>\n<p>Djokovic havia afirmado que s\u00f3 voltaria a dar entrevistas em quadra ap\u00f3s um pedido de desculpas p\u00fablico do canal e do jornalista, o que foi feito. Assim, o s\u00e9rvio deve retomar a liturgia das partidas se vencer o espanhol Carlos Alcaraz, na manh\u00e3 desta ter\u00e7a-feira, pelo hor\u00e1rio de Bras\u00edlia, pelas quartas de final.<\/p>\n<p>CONFLITO DIPLOM\u00c1TICO<\/p>\n<p>O caso quase gerou mais um conflito diplom\u00e1tico entre Austr\u00e1lia e S\u00e9rvia, como acontecera h\u00e1 tr\u00eas anos, por conta da deporta\u00e7\u00e3o de Djokovic. O embaixador da S\u00e9rvia na Austr\u00e1lia, Rade Stefanovic, se envolveu no caso ao afirmar ao jornal local\u00a0<i>Sydney Morning Herald<\/i>\u00a0que os coment\u00e1rios de Jones eram &#8220;claramente n\u00e3o profissionais&#8221;, incluindo uma refer\u00eancia &#8220;muito preocupante&#8221; ao que aconteceu h\u00e1 tr\u00eas anos, quando Djokovic foi expulso do pa\u00eds antes do torneio em meio \u00e0 pandemia.<\/div>\n","protected":false},"excerpt":{"rendered":"<p>Respons\u00e1vel pela organiza\u00e7\u00e3o do Aberto da Austr\u00e1lia, a Tennis Australia informou nesta segunda-feira que a pol\u00eamica entre Novak Djokovic e o jornalista Tony Jones foi encerrada. A entidade disse que o tenista s\u00e9rvio aceitou o pedido de desculpas do profissional e tamb\u00e9m do canal Nine, para o qual o jornalista trabalha. &#8220;Novak reconhece que o &hellip;<\/p>\n","protected":false},"author":1,"featured_media":4599,"comment_status":"closed","ping_status":"closed","sticky":false,"template":"","format":"standard","meta":{"footnotes":""},"categories":[31],"tags":[],"class_list":["post-4598","post","type-post","status-publish","format-standard","has-post-thumbnail","hentry","category-esportes"],"yoast_head":"<!-- This site is optimized with the Yoast SEO plugin v27.4 - https:\/\/yoast.com\/product\/yoast-seo-wordpress\/ -->\n<title>Djokovic aceita pedido de desculpas de jornalista ap\u00f3s se recusar a dar entrevista p\u00f3s-jogo - Transam\u00e9rica Mococa 93,3<\/title>\n<meta name=\"robots\" content=\"index, follow, max-snippet:-1, max-image-preview:large, max-video-preview:-1\" \/>\n<link rel=\"canonical\" href=\"https:\/\/transamerica93.com.br\/home\/djokovic-aceita-pedido-de-desculpas-de-jornalista-apos-se-recusar-a-dar-entrevista-pos-jogo\/\" \/>\n<meta property=\"og:locale\" content=\"pt_BR\" \/>\n<meta property=\"og:type\" content=\"article\" \/>\n<meta property=\"og:title\" content=\"Djokovic aceita pedido de desculpas de jornalista ap\u00f3s se recusar a dar entrevista p\u00f3s-jogo - Transam\u00e9rica Mococa 93,3\" \/>\n<meta property=\"og:description\" content=\"Respons\u00e1vel pela organiza\u00e7\u00e3o do Aberto da Austr\u00e1lia, a Tennis Australia informou nesta segunda-feira que a pol\u00eamica entre Novak Djokovic e o jornalista Tony Jones foi encerrada. A entidade disse que o tenista s\u00e9rvio aceitou o pedido de desculpas do profissional e tamb\u00e9m do canal Nine, para o qual o jornalista trabalha. &#8220;Novak reconhece que o &hellip;\" \/>\n<meta property=\"og:url\" content=\"https:\/\/transamerica93.com.br\/home\/djokovic-aceita-pedido-de-desculpas-de-jornalista-apos-se-recusar-a-dar-entrevista-pos-jogo\/\" \/>\n<meta property=\"og:site_name\" content=\"Transam\u00e9rica Mococa 93,3\" \/>\n<meta property=\"article:publisher\" content=\"https:\/\/www.facebook.com\/transamericamococa\" \/>\n<meta property=\"article:published_time\" content=\"2025-01-31T15:00:55+00:00\" \/>\n<meta property=\"og:image\" content=\"https:\/\/transamerica93.com.br\/home\/wp-content\/uploads\/2025\/01\/imagem-4.jpg\" \/>\n\t<meta property=\"og:image:width\" content=\"1200\" \/>\n\t<meta property=\"og:image:height\" content=\"800\" \/>\n\t<meta property=\"og:image:type\" content=\"image\/jpeg\" \/>\n<meta name=\"author\" content=\"Reda\u00e7\u00e3o\" \/>\n<meta name=\"twitter:card\" content=\"summary_large_image\" \/>\n<meta name=\"twitter:creator\" content=\"@transamerica933\" \/>\n<meta name=\"twitter:site\" content=\"@transamerica933\" \/>\n<meta name=\"twitter:label1\" content=\"Escrito por\" \/>\n\t<meta name=\"twitter:data1\" content=\"Reda\u00e7\u00e3o\" \/>\n\t<meta name=\"twitter:label2\" content=\"Est. tempo de leitura\" \/>\n\t<meta name=\"twitter:data2\" content=\"3 minutos\" \/>\n<script type=\"application\/ld+json\" class=\"yoast-schema-graph\">{\"@context\":\"https:\\\/\\\/schema.org\",\"@graph\":[{\"@type\":\"Article\",\"@id\":\"https:\\\/\\\/transamerica93.com.br\\\/home\\\/djokovic-aceita-pedido-de-desculpas-de-jornalista-apos-se-recusar-a-dar-entrevista-pos-jogo\\\/#article\",\"isPartOf\":{\"@id\":\"https:\\\/\\\/transamerica93.com.br\\\/home\\\/djokovic-aceita-pedido-de-desculpas-de-jornalista-apos-se-recusar-a-dar-entrevista-pos-jogo\\\/\"},\"author\":{\"name\":\"Reda\u00e7\u00e3o\",\"@id\":\"https:\\\/\\\/transamerica93.com.br\\\/home\\\/#\\\/schema\\\/person\\\/7fed7c99c0d4562efa8561bc0f543172\"},\"headline\":\"Djokovic aceita pedido de desculpas de jornalista ap\u00f3s se recusar a dar entrevista p\u00f3s-jogo\",\"datePublished\":\"2025-01-31T15:00:55+00:00\",\"mainEntityOfPage\":{\"@id\":\"https:\\\/\\\/transamerica93.com.br\\\/home\\\/djokovic-aceita-pedido-de-desculpas-de-jornalista-apos-se-recusar-a-dar-entrevista-pos-jogo\\\/\"},\"wordCount\":608,\"publisher\":{\"@id\":\"https:\\\/\\\/transamerica93.com.br\\\/home\\\/#organization\"},\"image\":{\"@id\":\"https:\\\/\\\/transamerica93.com.br\\\/home\\\/djokovic-aceita-pedido-de-desculpas-de-jornalista-apos-se-recusar-a-dar-entrevista-pos-jogo\\\/#primaryimage\"},\"thumbnailUrl\":\"https:\\\/\\\/transamerica93.com.br\\\/home\\\/wp-content\\\/uploads\\\/2025\\\/01\\\/imagem-4.jpg\",\"articleSection\":[\"Esportes\"],\"inLanguage\":\"pt-BR\"},{\"@type\":\"WebPage\",\"@id\":\"https:\\\/\\\/transamerica93.com.br\\\/home\\\/djokovic-aceita-pedido-de-desculpas-de-jornalista-apos-se-recusar-a-dar-entrevista-pos-jogo\\\/\",\"url\":\"https:\\\/\\\/transamerica93.com.br\\\/home\\\/djokovic-aceita-pedido-de-desculpas-de-jornalista-apos-se-recusar-a-dar-entrevista-pos-jogo\\\/\",\"name\":\"Djokovic aceita pedido de desculpas de jornalista ap\u00f3s se recusar a dar entrevista p\u00f3s-jogo - Transam\u00e9rica Mococa 93,3\",\"isPartOf\":{\"@id\":\"https:\\\/\\\/transamerica93.com.br\\\/home\\\/#website\"},\"primaryImageOfPage\":{\"@id\":\"https:\\\/\\\/transamerica93.com.br\\\/home\\\/djokovic-aceita-pedido-de-desculpas-de-jornalista-apos-se-recusar-a-dar-entrevista-pos-jogo\\\/#primaryimage\"},\"image\":{\"@id\":\"https:\\\/\\\/transamerica93.com.br\\\/home\\\/djokovic-aceita-pedido-de-desculpas-de-jornalista-apos-se-recusar-a-dar-entrevista-pos-jogo\\\/#primaryimage\"},\"thumbnailUrl\":\"https:\\\/\\\/transamerica93.com.br\\\/home\\\/wp-content\\\/uploads\\\/2025\\\/01\\\/imagem-4.jpg\",\"datePublished\":\"2025-01-31T15:00:55+00:00\",\"breadcrumb\":{\"@id\":\"https:\\\/\\\/transamerica93.com.br\\\/home\\\/djokovic-aceita-pedido-de-desculpas-de-jornalista-apos-se-recusar-a-dar-entrevista-pos-jogo\\\/#breadcrumb\"},\"inLanguage\":\"pt-BR\",\"potentialAction\":[{\"@type\":\"ReadAction\",\"target\":[\"https:\\\/\\\/transamerica93.com.br\\\/home\\\/djokovic-aceita-pedido-de-desculpas-de-jornalista-apos-se-recusar-a-dar-entrevista-pos-jogo\\\/\"]}]},{\"@type\":\"ImageObject\",\"inLanguage\":\"pt-BR\",\"@id\":\"https:\\\/\\\/transamerica93.com.br\\\/home\\\/djokovic-aceita-pedido-de-desculpas-de-jornalista-apos-se-recusar-a-dar-entrevista-pos-jogo\\\/#primaryimage\",\"url\":\"https:\\\/\\\/transamerica93.com.br\\\/home\\\/wp-content\\\/uploads\\\/2025\\\/01\\\/imagem-4.jpg\",\"contentUrl\":\"https:\\\/\\\/transamerica93.com.br\\\/home\\\/wp-content\\\/uploads\\\/2025\\\/01\\\/imagem-4.jpg\",\"width\":1200,\"height\":800,\"caption\":\"Foto: Mark Baker\\\/AP\"},{\"@type\":\"BreadcrumbList\",\"@id\":\"https:\\\/\\\/transamerica93.com.br\\\/home\\\/djokovic-aceita-pedido-de-desculpas-de-jornalista-apos-se-recusar-a-dar-entrevista-pos-jogo\\\/#breadcrumb\",\"itemListElement\":[{\"@type\":\"ListItem\",\"position\":1,\"name\":\"In\u00edcio\",\"item\":\"https:\\\/\\\/transamerica93.com.br\\\/home\\\/\"},{\"@type\":\"ListItem\",\"position\":2,\"name\":\"Djokovic aceita pedido de desculpas de jornalista ap\u00f3s se recusar a dar entrevista p\u00f3s-jogo\"}]},{\"@type\":\"WebSite\",\"@id\":\"https:\\\/\\\/transamerica93.com.br\\\/home\\\/#website\",\"url\":\"https:\\\/\\\/transamerica93.com.br\\\/home\\\/\",\"name\":\"Transam\u00e9rica Mococa 93,3\",\"description\":\"\",\"publisher\":{\"@id\":\"https:\\\/\\\/transamerica93.com.br\\\/home\\\/#organization\"},\"potentialAction\":[{\"@type\":\"SearchAction\",\"target\":{\"@type\":\"EntryPoint\",\"urlTemplate\":\"https:\\\/\\\/transamerica93.com.br\\\/home\\\/?s={search_term_string}\"},\"query-input\":{\"@type\":\"PropertyValueSpecification\",\"valueRequired\":true,\"valueName\":\"search_term_string\"}}],\"inLanguage\":\"pt-BR\"},{\"@type\":\"Organization\",\"@id\":\"https:\\\/\\\/transamerica93.com.br\\\/home\\\/#organization\",\"name\":\"Transam\u00e9rica Mococa 93,3\",\"url\":\"https:\\\/\\\/transamerica93.com.br\\\/home\\\/\",\"logo\":{\"@type\":\"ImageObject\",\"inLanguage\":\"pt-BR\",\"@id\":\"https:\\\/\\\/transamerica93.com.br\\\/home\\\/#\\\/schema\\\/logo\\\/image\\\/\",\"url\":\"https:\\\/\\\/transamerica93.com.br\\\/home\\\/wp-content\\\/uploads\\\/2023\\\/10\\\/logo2.png\",\"contentUrl\":\"https:\\\/\\\/transamerica93.com.br\\\/home\\\/wp-content\\\/uploads\\\/2023\\\/10\\\/logo2.png\",\"width\":800,\"height\":500,\"caption\":\"Transam\u00e9rica Mococa 93,3\"},\"image\":{\"@id\":\"https:\\\/\\\/transamerica93.com.br\\\/home\\\/#\\\/schema\\\/logo\\\/image\\\/\"},\"sameAs\":[\"https:\\\/\\\/www.facebook.com\\\/transamericamococa\",\"https:\\\/\\\/x.com\\\/transamerica933\",\"https:\\\/\\\/www.instagram.com\\\/transamericamococa\"]},{\"@type\":\"Person\",\"@id\":\"https:\\\/\\\/transamerica93.com.br\\\/home\\\/#\\\/schema\\\/person\\\/7fed7c99c0d4562efa8561bc0f543172\",\"name\":\"Reda\u00e7\u00e3o\",\"image\":{\"@type\":\"ImageObject\",\"inLanguage\":\"pt-BR\",\"@id\":\"https:\\\/\\\/secure.gravatar.com\\\/avatar\\\/1072c6b775fb02ef8506ce967551d95926669a6b7d2c2147b42eea4d7c68395e?s=96&d=mm&r=g\",\"url\":\"https:\\\/\\\/secure.gravatar.com\\\/avatar\\\/1072c6b775fb02ef8506ce967551d95926669a6b7d2c2147b42eea4d7c68395e?s=96&d=mm&r=g\",\"contentUrl\":\"https:\\\/\\\/secure.gravatar.com\\\/avatar\\\/1072c6b775fb02ef8506ce967551d95926669a6b7d2c2147b42eea4d7c68395e?s=96&d=mm&r=g\",\"caption\":\"Reda\u00e7\u00e3o\"},\"sameAs\":[\"https:\\\/\\\/transamerica93.com.br\\\/home\"],\"url\":\"https:\\\/\\\/transamerica93.com.br\\\/home\\\/author\\\/william\\\/\"}]}<\/script>\n<!-- \/ Yoast SEO plugin. -->","yoast_head_json":{"title":"Djokovic aceita pedido de desculpas de jornalista ap\u00f3s se recusar a dar entrevista p\u00f3s-jogo - Transam\u00e9rica Mococa 93,3","robots":{"index":"index","follow":"follow","max-snippet":"max-snippet:-1","max-image-preview":"max-image-preview:large","max-video-preview":"max-video-preview:-1"},"canonical":"https:\/\/transamerica93.com.br\/home\/djokovic-aceita-pedido-de-desculpas-de-jornalista-apos-se-recusar-a-dar-entrevista-pos-jogo\/","og_locale":"pt_BR","og_type":"article","og_title":"Djokovic aceita pedido de desculpas de jornalista ap\u00f3s se recusar a dar entrevista p\u00f3s-jogo - Transam\u00e9rica Mococa 93,3","og_description":"Respons\u00e1vel pela organiza\u00e7\u00e3o do Aberto da Austr\u00e1lia, a Tennis Australia informou nesta segunda-feira que a pol\u00eamica entre Novak Djokovic e o jornalista Tony Jones foi encerrada. A entidade disse que o tenista s\u00e9rvio aceitou o pedido de desculpas do profissional e tamb\u00e9m do canal Nine, para o qual o jornalista trabalha. &#8220;Novak reconhece que o &hellip;","og_url":"https:\/\/transamerica93.com.br\/home\/djokovic-aceita-pedido-de-desculpas-de-jornalista-apos-se-recusar-a-dar-entrevista-pos-jogo\/","og_site_name":"Transam\u00e9rica Mococa 93,3","article_publisher":"https:\/\/www.facebook.com\/transamericamococa","article_published_time":"2025-01-31T15:00:55+00:00","og_image":[{"width":1200,"height":800,"url":"https:\/\/transamerica93.com.br\/home\/wp-content\/uploads\/2025\/01\/imagem-4.jpg","type":"image\/jpeg"}],"author":"Reda\u00e7\u00e3o","twitter_card":"summary_large_image","twitter_creator":"@transamerica933","twitter_site":"@transamerica933","twitter_misc":{"Escrito por":"Reda\u00e7\u00e3o","Est. tempo de leitura":"3 minutos"},"schema":{"@context":"https:\/\/schema.org","@graph":[{"@type":"Article","@id":"https:\/\/transamerica93.com.br\/home\/djokovic-aceita-pedido-de-desculpas-de-jornalista-apos-se-recusar-a-dar-entrevista-pos-jogo\/#article","isPartOf":{"@id":"https:\/\/transamerica93.com.br\/home\/djokovic-aceita-pedido-de-desculpas-de-jornalista-apos-se-recusar-a-dar-entrevista-pos-jogo\/"},"author":{"name":"Reda\u00e7\u00e3o","@id":"https:\/\/transamerica93.com.br\/home\/#\/schema\/person\/7fed7c99c0d4562efa8561bc0f543172"},"headline":"Djokovic aceita pedido de desculpas de jornalista ap\u00f3s se recusar a dar entrevista p\u00f3s-jogo","datePublished":"2025-01-31T15:00:55+00:00","mainEntityOfPage":{"@id":"https:\/\/transamerica93.com.br\/home\/djokovic-aceita-pedido-de-desculpas-de-jornalista-apos-se-recusar-a-dar-entrevista-pos-jogo\/"},"wordCount":608,"publisher":{"@id":"https:\/\/transamerica93.com.br\/home\/#organization"},"image":{"@id":"https:\/\/transamerica93.com.br\/home\/djokovic-aceita-pedido-de-desculpas-de-jornalista-apos-se-recusar-a-dar-entrevista-pos-jogo\/#primaryimage"},"thumbnailUrl":"https:\/\/transamerica93.com.br\/home\/wp-content\/uploads\/2025\/01\/imagem-4.jpg","articleSection":["Esportes"],"inLanguage":"pt-BR"},{"@type":"WebPage","@id":"https:\/\/transamerica93.com.br\/home\/djokovic-aceita-pedido-de-desculpas-de-jornalista-apos-se-recusar-a-dar-entrevista-pos-jogo\/","url":"https:\/\/transamerica93.com.br\/home\/djokovic-aceita-pedido-de-desculpas-de-jornalista-apos-se-recusar-a-dar-entrevista-pos-jogo\/","name":"Djokovic aceita pedido de desculpas de jornalista ap\u00f3s se recusar a dar entrevista p\u00f3s-jogo - Transam\u00e9rica Mococa 93,3","isPartOf":{"@id":"https:\/\/transamerica93.com.br\/home\/#website"},"primaryImageOfPage":{"@id":"https:\/\/transamerica93.com.br\/home\/djokovic-aceita-pedido-de-desculpas-de-jornalista-apos-se-recusar-a-dar-entrevista-pos-jogo\/#primaryimage"},"image":{"@id":"https:\/\/transamerica93.com.br\/home\/djokovic-aceita-pedido-de-desculpas-de-jornalista-apos-se-recusar-a-dar-entrevista-pos-jogo\/#primaryimage"},"thumbnailUrl":"https:\/\/transamerica93.com.br\/home\/wp-content\/uploads\/2025\/01\/imagem-4.jpg","datePublished":"2025-01-31T15:00:55+00:00","breadcrumb":{"@id":"https:\/\/transamerica93.com.br\/home\/djokovic-aceita-pedido-de-desculpas-de-jornalista-apos-se-recusar-a-dar-entrevista-pos-jogo\/#breadcrumb"},"inLanguage":"pt-BR","potentialAction":[{"@type":"ReadAction","target":["https:\/\/transamerica93.com.br\/home\/djokovic-aceita-pedido-de-desculpas-de-jornalista-apos-se-recusar-a-dar-entrevista-pos-jogo\/"]}]},{"@type":"ImageObject","inLanguage":"pt-BR","@id":"https:\/\/transamerica93.com.br\/home\/djokovic-aceita-pedido-de-desculpas-de-jornalista-apos-se-recusar-a-dar-entrevista-pos-jogo\/#primaryimage","url":"https:\/\/transamerica93.com.br\/home\/wp-content\/uploads\/2025\/01\/imagem-4.jpg","contentUrl":"https:\/\/transamerica93.com.br\/home\/wp-content\/uploads\/2025\/01\/imagem-4.jpg","width":1200,"height":800,"caption":"Foto: Mark Baker\/AP"},{"@type":"BreadcrumbList","@id":"https:\/\/transamerica93.com.br\/home\/djokovic-aceita-pedido-de-desculpas-de-jornalista-apos-se-recusar-a-dar-entrevista-pos-jogo\/#breadcrumb","itemListElement":[{"@type":"ListItem","position":1,"name":"In\u00edcio","item":"https:\/\/transamerica93.com.br\/home\/"},{"@type":"ListItem","position":2,"name":"Djokovic aceita pedido de desculpas de jornalista ap\u00f3s se recusar a dar entrevista p\u00f3s-jogo"}]},{"@type":"WebSite","@id":"https:\/\/transamerica93.com.br\/home\/#website","url":"https:\/\/transamerica93.com.br\/home\/","name":"Transam\u00e9rica Mococa 93,3","description":"","publisher":{"@id":"https:\/\/transamerica93.com.br\/home\/#organization"},"potentialAction":[{"@type":"SearchAction","target":{"@type":"EntryPoint","urlTemplate":"https:\/\/transamerica93.com.br\/home\/?s={search_term_string}"},"query-input":{"@type":"PropertyValueSpecification","valueRequired":true,"valueName":"search_term_string"}}],"inLanguage":"pt-BR"},{"@type":"Organization","@id":"https:\/\/transamerica93.com.br\/home\/#organization","name":"Transam\u00e9rica Mococa 93,3","url":"https:\/\/transamerica93.com.br\/home\/","logo":{"@type":"ImageObject","inLanguage":"pt-BR","@id":"https:\/\/transamerica93.com.br\/home\/#\/schema\/logo\/image\/","url":"https:\/\/transamerica93.com.br\/home\/wp-content\/uploads\/2023\/10\/logo2.png","contentUrl":"https:\/\/transamerica93.com.br\/home\/wp-content\/uploads\/2023\/10\/logo2.png","width":800,"height":500,"caption":"Transam\u00e9rica Mococa 93,3"},"image":{"@id":"https:\/\/transamerica93.com.br\/home\/#\/schema\/logo\/image\/"},"sameAs":["https:\/\/www.facebook.com\/transamericamococa","https:\/\/x.com\/transamerica933","https:\/\/www.instagram.com\/transamericamococa"]},{"@type":"Person","@id":"https:\/\/transamerica93.com.br\/home\/#\/schema\/person\/7fed7c99c0d4562efa8561bc0f543172","name":"Reda\u00e7\u00e3o","image":{"@type":"ImageObject","inLanguage":"pt-BR","@id":"https:\/\/secure.gravatar.com\/avatar\/1072c6b775fb02ef8506ce967551d95926669a6b7d2c2147b42eea4d7c68395e?s=96&d=mm&r=g","url":"https:\/\/secure.gravatar.com\/avatar\/1072c6b775fb02ef8506ce967551d95926669a6b7d2c2147b42eea4d7c68395e?s=96&d=mm&r=g","contentUrl":"https:\/\/secure.gravatar.com\/avatar\/1072c6b775fb02ef8506ce967551d95926669a6b7d2c2147b42eea4d7c68395e?s=96&d=mm&r=g","caption":"Reda\u00e7\u00e3o"},"sameAs":["https:\/\/transamerica93.com.br\/home"],"url":"https:\/\/transamerica93.com.br\/home\/author\/william\/"}]}},"_links":{"self":[{"href":"https:\/\/transamerica93.com.br\/home\/wp-json\/wp\/v2\/posts\/4598","targetHints":{"allow":["GET"]}}],"collection":[{"href":"https:\/\/transamerica93.com.br\/home\/wp-json\/wp\/v2\/posts"}],"about":[{"href":"https:\/\/transamerica93.com.br\/home\/wp-json\/wp\/v2\/types\/post"}],"author":[{"embeddable":true,"href":"https:\/\/transamerica93.com.br\/home\/wp-json\/wp\/v2\/users\/1"}],"replies":[{"embeddable":true,"href":"https:\/\/transamerica93.com.br\/home\/wp-json\/wp\/v2\/comments?post=4598"}],"version-history":[{"count":1,"href":"https:\/\/transamerica93.com.br\/home\/wp-json\/wp\/v2\/posts\/4598\/revisions"}],"predecessor-version":[{"id":4600,"href":"https:\/\/transamerica93.com.br\/home\/wp-json\/wp\/v2\/posts\/4598\/revisions\/4600"}],"wp:featuredmedia":[{"embeddable":true,"href":"https:\/\/transamerica93.com.br\/home\/wp-json\/wp\/v2\/media\/4599"}],"wp:attachment":[{"href":"https:\/\/transamerica93.com.br\/home\/wp-json\/wp\/v2\/media?parent=4598"}],"wp:term":[{"taxonomy":"category","embeddable":true,"href":"https:\/\/transamerica93.com.br\/home\/wp-json\/wp\/v2\/categories?post=4598"},{"taxonomy":"post_tag","embeddable":true,"href":"https:\/\/transamerica93.com.br\/home\/wp-json\/wp\/v2\/tags?post=4598"}],"curies":[{"name":"wp","href":"https:\/\/api.w.org\/{rel}","templated":true}]}}