{"id":4609,"date":"2025-01-30T18:00:26","date_gmt":"2025-01-30T21:00:26","guid":{"rendered":"https:\/\/transamerica93.com.br\/home\/?p=4609"},"modified":"2025-01-21T14:57:33","modified_gmt":"2025-01-21T17:57:33","slug":"padre-fabio-de-melo-revela-luta-contra-a-depressao","status":"publish","type":"post","link":"https:\/\/transamerica93.com.br\/home\/padre-fabio-de-melo-revela-luta-contra-a-depressao\/","title":{"rendered":"Padre F\u00e1bio de Melo revela luta contra a depress\u00e3o"},"content":{"rendered":"<h6 class=\"Assina\">Por Reda\u00e7\u00e3o O Estado de S. Paulo<\/h6>\n<p><i>Alerta: o texto abaixo trata de temas como suic\u00eddios e transtornos mentais. Se voc\u00ea est\u00e1 passando por problemas, veja ao final dele onde buscar ajuda.<\/i><\/p>\n<p>O Padre F\u00e1bio de Melo revelou um diagn\u00f3stico de depress\u00e3o no domingo, durante a celebra\u00e7\u00e3o dos 35 anos da Comunidade Obra de Maria. &#8220;Quero abrir o meu cora\u00e7\u00e3o. Ao longo dessas \u00faltimas duas semanas, a depress\u00e3o tomou conta de mim de novo. E nas \u00faltimas duas semanas, eu s\u00f3 tenho um pensamento: &#8216;A vontade de deixar de viver'&#8221;, disse.<\/p>\n<p>Ele j\u00e1 enfrentou a doen\u00e7a no passado, segundo o relato de seu livro\u00a0<i>A vida \u00e9 cruel, Ana Maria<\/i>. Em um trecho, lia-se: &#8220;Voc\u00ea nunca soube dos transtornos depressivos que eu enfrentei. Muito poucos souberam. O desejo de morrer me assombrava constantemente. E ele me envergonhava&#8221;.<\/p>\n<p>A postagem feita com o relato do religioso ressaltou a import\u00e2ncia da ajuda profissional: &#8220;O acompanhamento profissional se torna uma ferramenta essencial, uma maneira de Deus agir em nossas vidas, nos guiando com sabedoria e acolhendo nossas feridas&#8221;.<\/p>\n<p>&#8220;Se voc\u00ea, assim como Pe. F\u00e1bio de Melo, se encontra nessa situa\u00e7\u00e3o, n\u00e3o hesite em procurar ajuda&#8221;, completou a legenda.<\/p>\n<p>J\u00e1 em outro v\u00eddeo, o Padre desabafou por meio da descri\u00e7\u00e3o, como havia sido sua chegada at\u00e9 a celebra\u00e7\u00e3o. &#8220;Quinze minutos antes de sair para o evento, eu estava na cama, incapaz de dar algo de mim a algu\u00e9m. Quem me levou foi a obriga\u00e7\u00e3o. Depois, j\u00e1 no palco, senti dor no peito, sensa\u00e7\u00e3o de asfixia, medo, ang\u00fastia, tristeza, vontade incontrol\u00e1vel de sair e ir embora. Mas o povo estava l\u00e1, dando-me amor, carinho, ora\u00e7\u00e3o. Eu n\u00e3o tinha nada a oferecer. Mas Deus me sustentou do in\u00edcio ao fim&#8221;.<\/p>\n<p>Ele finalizou: &#8220;Eu proclamo que estou nascendo de novo e que este \u00e9 o primeiro minuto da minha nova vida&#8221;.<\/p>\n<p><b>Onde buscar ajuda<\/b><\/p>\n<p>Se voc\u00ea est\u00e1 passando por sofrimento ps\u00edquico ou conhece algu\u00e9m nessa situa\u00e7\u00e3o, veja abaixo onde encontrar ajuda:<\/p>\n<p><b>Centro de Valoriza\u00e7\u00e3o da Vida (CVV)<\/b><\/p>\n<p>Se estiver precisando de ajuda imediata, entre em contato com o Centro de Valoriza\u00e7\u00e3o da Vida (CVV), servi\u00e7o gratuito de apoio emocional que disponibiliza atendimento 24 horas por dia. O contato pode ser feito por e-mail, pelo chat no site ou pelo telefone 188.<\/p>\n<p><b>Canal Pode Falar<\/b><\/p>\n<p>Iniciativa criada pelo Unicef para oferecer escuta para adolescentes e jovens de 13 a 24 anos. O contato pode ser feito pelo WhatsApp, de segunda a sexta-feira, das 8h \u00e0s 22h.<\/p>\n<p><b>SUS<\/b><\/p>\n<p>Os Centros de Aten\u00e7\u00e3o Psicossocial (Caps) s\u00e3o unidades do Sistema \u00danico de Sa\u00fade (SUS) voltadas para o atendimento de pacientes com transtornos mentais. H\u00e1 unidades espec\u00edficas para crian\u00e7as e adolescentes. Na cidade de S\u00e3o Paulo, s\u00e3o 33 Caps Infantojuventis e \u00e9 poss\u00edvel buscar os endere\u00e7os das unidades nesta p\u00e1gina.<\/p>\n<p><b>Mapa da Sa\u00fade Mental<\/b><\/p>\n<p>O site traz mapas com unidades de sa\u00fade e iniciativas gratuitas de atendimento psicol\u00f3gico presencial e online. Disponibiliza ainda materiais de orienta\u00e7\u00e3o sobre transtornos mentais.<\/p>\n","protected":false},"excerpt":{"rendered":"<p>Por Reda\u00e7\u00e3o O Estado de S. Paulo Alerta: o texto abaixo trata de temas como suic\u00eddios e transtornos mentais. Se voc\u00ea est\u00e1 passando por problemas, veja ao final dele onde buscar ajuda. O Padre F\u00e1bio de Melo revelou um diagn\u00f3stico de depress\u00e3o no domingo, durante a celebra\u00e7\u00e3o dos 35 anos da Comunidade Obra de Maria. &hellip;<\/p>\n","protected":false},"author":1,"featured_media":4610,"comment_status":"closed","ping_status":"closed","sticky":false,"template":"","format":"standard","meta":{"footnotes":""},"categories":[24],"tags":[],"class_list":["post-4609","post","type-post","status-publish","format-standard","has-post-thumbnail","hentry","category-entretenimento"],"yoast_head":"<!-- This site is optimized with the Yoast SEO plugin v27.4 - https:\/\/yoast.com\/product\/yoast-seo-wordpress\/ -->\n<title>Padre F\u00e1bio de Melo revela luta contra a depress\u00e3o - Transam\u00e9rica Mococa 93,3<\/title>\n<meta name=\"robots\" content=\"index, follow, max-snippet:-1, max-image-preview:large, max-video-preview:-1\" \/>\n<link rel=\"canonical\" href=\"https:\/\/transamerica93.com.br\/home\/padre-fabio-de-melo-revela-luta-contra-a-depressao\/\" \/>\n<meta property=\"og:locale\" content=\"pt_BR\" \/>\n<meta property=\"og:type\" content=\"article\" \/>\n<meta property=\"og:title\" content=\"Padre F\u00e1bio de Melo revela luta contra a depress\u00e3o - Transam\u00e9rica Mococa 93,3\" \/>\n<meta property=\"og:description\" content=\"Por Reda\u00e7\u00e3o O Estado de S. Paulo Alerta: o texto abaixo trata de temas como suic\u00eddios e transtornos mentais. Se voc\u00ea est\u00e1 passando por problemas, veja ao final dele onde buscar ajuda. O Padre F\u00e1bio de Melo revelou um diagn\u00f3stico de depress\u00e3o no domingo, durante a celebra\u00e7\u00e3o dos 35 anos da Comunidade Obra de Maria. &hellip;\" \/>\n<meta property=\"og:url\" content=\"https:\/\/transamerica93.com.br\/home\/padre-fabio-de-melo-revela-luta-contra-a-depressao\/\" \/>\n<meta property=\"og:site_name\" content=\"Transam\u00e9rica Mococa 93,3\" \/>\n<meta property=\"article:publisher\" content=\"https:\/\/www.facebook.com\/transamericamococa\" \/>\n<meta property=\"article:published_time\" content=\"2025-01-30T21:00:26+00:00\" \/>\n<meta property=\"og:image\" content=\"https:\/\/transamerica93.com.br\/home\/wp-content\/uploads\/2025\/01\/imagem-7.jpg\" \/>\n\t<meta property=\"og:image:width\" content=\"1021\" \/>\n\t<meta property=\"og:image:height\" content=\"661\" \/>\n\t<meta property=\"og:image:type\" content=\"image\/jpeg\" \/>\n<meta name=\"author\" content=\"Reda\u00e7\u00e3o\" \/>\n<meta name=\"twitter:card\" content=\"summary_large_image\" \/>\n<meta name=\"twitter:creator\" content=\"@transamerica933\" \/>\n<meta name=\"twitter:site\" content=\"@transamerica933\" \/>\n<meta name=\"twitter:label1\" content=\"Escrito por\" \/>\n\t<meta name=\"twitter:data1\" content=\"Reda\u00e7\u00e3o\" \/>\n\t<meta name=\"twitter:label2\" content=\"Est. tempo de leitura\" \/>\n\t<meta name=\"twitter:data2\" content=\"3 minutos\" \/>\n<script type=\"application\/ld+json\" class=\"yoast-schema-graph\">{\"@context\":\"https:\\\/\\\/schema.org\",\"@graph\":[{\"@type\":\"Article\",\"@id\":\"https:\\\/\\\/transamerica93.com.br\\\/home\\\/padre-fabio-de-melo-revela-luta-contra-a-depressao\\\/#article\",\"isPartOf\":{\"@id\":\"https:\\\/\\\/transamerica93.com.br\\\/home\\\/padre-fabio-de-melo-revela-luta-contra-a-depressao\\\/\"},\"author\":{\"name\":\"Reda\u00e7\u00e3o\",\"@id\":\"https:\\\/\\\/transamerica93.com.br\\\/home\\\/#\\\/schema\\\/person\\\/7fed7c99c0d4562efa8561bc0f543172\"},\"headline\":\"Padre F\u00e1bio de Melo revela luta contra a depress\u00e3o\",\"datePublished\":\"2025-01-30T21:00:26+00:00\",\"mainEntityOfPage\":{\"@id\":\"https:\\\/\\\/transamerica93.com.br\\\/home\\\/padre-fabio-de-melo-revela-luta-contra-a-depressao\\\/\"},\"wordCount\":533,\"publisher\":{\"@id\":\"https:\\\/\\\/transamerica93.com.br\\\/home\\\/#organization\"},\"image\":{\"@id\":\"https:\\\/\\\/transamerica93.com.br\\\/home\\\/padre-fabio-de-melo-revela-luta-contra-a-depressao\\\/#primaryimage\"},\"thumbnailUrl\":\"https:\\\/\\\/transamerica93.com.br\\\/home\\\/wp-content\\\/uploads\\\/2025\\\/01\\\/imagem-7.jpg\",\"articleSection\":[\"Entretenimento\"],\"inLanguage\":\"pt-BR\"},{\"@type\":\"WebPage\",\"@id\":\"https:\\\/\\\/transamerica93.com.br\\\/home\\\/padre-fabio-de-melo-revela-luta-contra-a-depressao\\\/\",\"url\":\"https:\\\/\\\/transamerica93.com.br\\\/home\\\/padre-fabio-de-melo-revela-luta-contra-a-depressao\\\/\",\"name\":\"Padre F\u00e1bio de Melo revela luta contra a depress\u00e3o - Transam\u00e9rica Mococa 93,3\",\"isPartOf\":{\"@id\":\"https:\\\/\\\/transamerica93.com.br\\\/home\\\/#website\"},\"primaryImageOfPage\":{\"@id\":\"https:\\\/\\\/transamerica93.com.br\\\/home\\\/padre-fabio-de-melo-revela-luta-contra-a-depressao\\\/#primaryimage\"},\"image\":{\"@id\":\"https:\\\/\\\/transamerica93.com.br\\\/home\\\/padre-fabio-de-melo-revela-luta-contra-a-depressao\\\/#primaryimage\"},\"thumbnailUrl\":\"https:\\\/\\\/transamerica93.com.br\\\/home\\\/wp-content\\\/uploads\\\/2025\\\/01\\\/imagem-7.jpg\",\"datePublished\":\"2025-01-30T21:00:26+00:00\",\"breadcrumb\":{\"@id\":\"https:\\\/\\\/transamerica93.com.br\\\/home\\\/padre-fabio-de-melo-revela-luta-contra-a-depressao\\\/#breadcrumb\"},\"inLanguage\":\"pt-BR\",\"potentialAction\":[{\"@type\":\"ReadAction\",\"target\":[\"https:\\\/\\\/transamerica93.com.br\\\/home\\\/padre-fabio-de-melo-revela-luta-contra-a-depressao\\\/\"]}]},{\"@type\":\"ImageObject\",\"inLanguage\":\"pt-BR\",\"@id\":\"https:\\\/\\\/transamerica93.com.br\\\/home\\\/padre-fabio-de-melo-revela-luta-contra-a-depressao\\\/#primaryimage\",\"url\":\"https:\\\/\\\/transamerica93.com.br\\\/home\\\/wp-content\\\/uploads\\\/2025\\\/01\\\/imagem-7.jpg\",\"contentUrl\":\"https:\\\/\\\/transamerica93.com.br\\\/home\\\/wp-content\\\/uploads\\\/2025\\\/01\\\/imagem-7.jpg\",\"width\":1021,\"height\":661,\"caption\":\"Foto: Vitor Eduardo \\\/ AgNews\"},{\"@type\":\"BreadcrumbList\",\"@id\":\"https:\\\/\\\/transamerica93.com.br\\\/home\\\/padre-fabio-de-melo-revela-luta-contra-a-depressao\\\/#breadcrumb\",\"itemListElement\":[{\"@type\":\"ListItem\",\"position\":1,\"name\":\"In\u00edcio\",\"item\":\"https:\\\/\\\/transamerica93.com.br\\\/home\\\/\"},{\"@type\":\"ListItem\",\"position\":2,\"name\":\"Padre F\u00e1bio de Melo revela luta contra a depress\u00e3o\"}]},{\"@type\":\"WebSite\",\"@id\":\"https:\\\/\\\/transamerica93.com.br\\\/home\\\/#website\",\"url\":\"https:\\\/\\\/transamerica93.com.br\\\/home\\\/\",\"name\":\"Transam\u00e9rica Mococa 93,3\",\"description\":\"\",\"publisher\":{\"@id\":\"https:\\\/\\\/transamerica93.com.br\\\/home\\\/#organization\"},\"potentialAction\":[{\"@type\":\"SearchAction\",\"target\":{\"@type\":\"EntryPoint\",\"urlTemplate\":\"https:\\\/\\\/transamerica93.com.br\\\/home\\\/?s={search_term_string}\"},\"query-input\":{\"@type\":\"PropertyValueSpecification\",\"valueRequired\":true,\"valueName\":\"search_term_string\"}}],\"inLanguage\":\"pt-BR\"},{\"@type\":\"Organization\",\"@id\":\"https:\\\/\\\/transamerica93.com.br\\\/home\\\/#organization\",\"name\":\"Transam\u00e9rica Mococa 93,3\",\"url\":\"https:\\\/\\\/transamerica93.com.br\\\/home\\\/\",\"logo\":{\"@type\":\"ImageObject\",\"inLanguage\":\"pt-BR\",\"@id\":\"https:\\\/\\\/transamerica93.com.br\\\/home\\\/#\\\/schema\\\/logo\\\/image\\\/\",\"url\":\"https:\\\/\\\/transamerica93.com.br\\\/home\\\/wp-content\\\/uploads\\\/2023\\\/10\\\/logo2.png\",\"contentUrl\":\"https:\\\/\\\/transamerica93.com.br\\\/home\\\/wp-content\\\/uploads\\\/2023\\\/10\\\/logo2.png\",\"width\":800,\"height\":500,\"caption\":\"Transam\u00e9rica Mococa 93,3\"},\"image\":{\"@id\":\"https:\\\/\\\/transamerica93.com.br\\\/home\\\/#\\\/schema\\\/logo\\\/image\\\/\"},\"sameAs\":[\"https:\\\/\\\/www.facebook.com\\\/transamericamococa\",\"https:\\\/\\\/x.com\\\/transamerica933\",\"https:\\\/\\\/www.instagram.com\\\/transamericamococa\"]},{\"@type\":\"Person\",\"@id\":\"https:\\\/\\\/transamerica93.com.br\\\/home\\\/#\\\/schema\\\/person\\\/7fed7c99c0d4562efa8561bc0f543172\",\"name\":\"Reda\u00e7\u00e3o\",\"image\":{\"@type\":\"ImageObject\",\"inLanguage\":\"pt-BR\",\"@id\":\"https:\\\/\\\/secure.gravatar.com\\\/avatar\\\/1072c6b775fb02ef8506ce967551d95926669a6b7d2c2147b42eea4d7c68395e?s=96&d=mm&r=g\",\"url\":\"https:\\\/\\\/secure.gravatar.com\\\/avatar\\\/1072c6b775fb02ef8506ce967551d95926669a6b7d2c2147b42eea4d7c68395e?s=96&d=mm&r=g\",\"contentUrl\":\"https:\\\/\\\/secure.gravatar.com\\\/avatar\\\/1072c6b775fb02ef8506ce967551d95926669a6b7d2c2147b42eea4d7c68395e?s=96&d=mm&r=g\",\"caption\":\"Reda\u00e7\u00e3o\"},\"sameAs\":[\"https:\\\/\\\/transamerica93.com.br\\\/home\"],\"url\":\"https:\\\/\\\/transamerica93.com.br\\\/home\\\/author\\\/william\\\/\"}]}<\/script>\n<!-- \/ Yoast SEO plugin. -->","yoast_head_json":{"title":"Padre F\u00e1bio de Melo revela luta contra a depress\u00e3o - Transam\u00e9rica Mococa 93,3","robots":{"index":"index","follow":"follow","max-snippet":"max-snippet:-1","max-image-preview":"max-image-preview:large","max-video-preview":"max-video-preview:-1"},"canonical":"https:\/\/transamerica93.com.br\/home\/padre-fabio-de-melo-revela-luta-contra-a-depressao\/","og_locale":"pt_BR","og_type":"article","og_title":"Padre F\u00e1bio de Melo revela luta contra a depress\u00e3o - Transam\u00e9rica Mococa 93,3","og_description":"Por Reda\u00e7\u00e3o O Estado de S. Paulo Alerta: o texto abaixo trata de temas como suic\u00eddios e transtornos mentais. Se voc\u00ea est\u00e1 passando por problemas, veja ao final dele onde buscar ajuda. O Padre F\u00e1bio de Melo revelou um diagn\u00f3stico de depress\u00e3o no domingo, durante a celebra\u00e7\u00e3o dos 35 anos da Comunidade Obra de Maria. &hellip;","og_url":"https:\/\/transamerica93.com.br\/home\/padre-fabio-de-melo-revela-luta-contra-a-depressao\/","og_site_name":"Transam\u00e9rica Mococa 93,3","article_publisher":"https:\/\/www.facebook.com\/transamericamococa","article_published_time":"2025-01-30T21:00:26+00:00","og_image":[{"width":1021,"height":661,"url":"https:\/\/transamerica93.com.br\/home\/wp-content\/uploads\/2025\/01\/imagem-7.jpg","type":"image\/jpeg"}],"author":"Reda\u00e7\u00e3o","twitter_card":"summary_large_image","twitter_creator":"@transamerica933","twitter_site":"@transamerica933","twitter_misc":{"Escrito por":"Reda\u00e7\u00e3o","Est. tempo de leitura":"3 minutos"},"schema":{"@context":"https:\/\/schema.org","@graph":[{"@type":"Article","@id":"https:\/\/transamerica93.com.br\/home\/padre-fabio-de-melo-revela-luta-contra-a-depressao\/#article","isPartOf":{"@id":"https:\/\/transamerica93.com.br\/home\/padre-fabio-de-melo-revela-luta-contra-a-depressao\/"},"author":{"name":"Reda\u00e7\u00e3o","@id":"https:\/\/transamerica93.com.br\/home\/#\/schema\/person\/7fed7c99c0d4562efa8561bc0f543172"},"headline":"Padre F\u00e1bio de Melo revela luta contra a depress\u00e3o","datePublished":"2025-01-30T21:00:26+00:00","mainEntityOfPage":{"@id":"https:\/\/transamerica93.com.br\/home\/padre-fabio-de-melo-revela-luta-contra-a-depressao\/"},"wordCount":533,"publisher":{"@id":"https:\/\/transamerica93.com.br\/home\/#organization"},"image":{"@id":"https:\/\/transamerica93.com.br\/home\/padre-fabio-de-melo-revela-luta-contra-a-depressao\/#primaryimage"},"thumbnailUrl":"https:\/\/transamerica93.com.br\/home\/wp-content\/uploads\/2025\/01\/imagem-7.jpg","articleSection":["Entretenimento"],"inLanguage":"pt-BR"},{"@type":"WebPage","@id":"https:\/\/transamerica93.com.br\/home\/padre-fabio-de-melo-revela-luta-contra-a-depressao\/","url":"https:\/\/transamerica93.com.br\/home\/padre-fabio-de-melo-revela-luta-contra-a-depressao\/","name":"Padre F\u00e1bio de Melo revela luta contra a depress\u00e3o - Transam\u00e9rica Mococa 93,3","isPartOf":{"@id":"https:\/\/transamerica93.com.br\/home\/#website"},"primaryImageOfPage":{"@id":"https:\/\/transamerica93.com.br\/home\/padre-fabio-de-melo-revela-luta-contra-a-depressao\/#primaryimage"},"image":{"@id":"https:\/\/transamerica93.com.br\/home\/padre-fabio-de-melo-revela-luta-contra-a-depressao\/#primaryimage"},"thumbnailUrl":"https:\/\/transamerica93.com.br\/home\/wp-content\/uploads\/2025\/01\/imagem-7.jpg","datePublished":"2025-01-30T21:00:26+00:00","breadcrumb":{"@id":"https:\/\/transamerica93.com.br\/home\/padre-fabio-de-melo-revela-luta-contra-a-depressao\/#breadcrumb"},"inLanguage":"pt-BR","potentialAction":[{"@type":"ReadAction","target":["https:\/\/transamerica93.com.br\/home\/padre-fabio-de-melo-revela-luta-contra-a-depressao\/"]}]},{"@type":"ImageObject","inLanguage":"pt-BR","@id":"https:\/\/transamerica93.com.br\/home\/padre-fabio-de-melo-revela-luta-contra-a-depressao\/#primaryimage","url":"https:\/\/transamerica93.com.br\/home\/wp-content\/uploads\/2025\/01\/imagem-7.jpg","contentUrl":"https:\/\/transamerica93.com.br\/home\/wp-content\/uploads\/2025\/01\/imagem-7.jpg","width":1021,"height":661,"caption":"Foto: Vitor Eduardo \/ AgNews"},{"@type":"BreadcrumbList","@id":"https:\/\/transamerica93.com.br\/home\/padre-fabio-de-melo-revela-luta-contra-a-depressao\/#breadcrumb","itemListElement":[{"@type":"ListItem","position":1,"name":"In\u00edcio","item":"https:\/\/transamerica93.com.br\/home\/"},{"@type":"ListItem","position":2,"name":"Padre F\u00e1bio de Melo revela luta contra a depress\u00e3o"}]},{"@type":"WebSite","@id":"https:\/\/transamerica93.com.br\/home\/#website","url":"https:\/\/transamerica93.com.br\/home\/","name":"Transam\u00e9rica Mococa 93,3","description":"","publisher":{"@id":"https:\/\/transamerica93.com.br\/home\/#organization"},"potentialAction":[{"@type":"SearchAction","target":{"@type":"EntryPoint","urlTemplate":"https:\/\/transamerica93.com.br\/home\/?s={search_term_string}"},"query-input":{"@type":"PropertyValueSpecification","valueRequired":true,"valueName":"search_term_string"}}],"inLanguage":"pt-BR"},{"@type":"Organization","@id":"https:\/\/transamerica93.com.br\/home\/#organization","name":"Transam\u00e9rica Mococa 93,3","url":"https:\/\/transamerica93.com.br\/home\/","logo":{"@type":"ImageObject","inLanguage":"pt-BR","@id":"https:\/\/transamerica93.com.br\/home\/#\/schema\/logo\/image\/","url":"https:\/\/transamerica93.com.br\/home\/wp-content\/uploads\/2023\/10\/logo2.png","contentUrl":"https:\/\/transamerica93.com.br\/home\/wp-content\/uploads\/2023\/10\/logo2.png","width":800,"height":500,"caption":"Transam\u00e9rica Mococa 93,3"},"image":{"@id":"https:\/\/transamerica93.com.br\/home\/#\/schema\/logo\/image\/"},"sameAs":["https:\/\/www.facebook.com\/transamericamococa","https:\/\/x.com\/transamerica933","https:\/\/www.instagram.com\/transamericamococa"]},{"@type":"Person","@id":"https:\/\/transamerica93.com.br\/home\/#\/schema\/person\/7fed7c99c0d4562efa8561bc0f543172","name":"Reda\u00e7\u00e3o","image":{"@type":"ImageObject","inLanguage":"pt-BR","@id":"https:\/\/secure.gravatar.com\/avatar\/1072c6b775fb02ef8506ce967551d95926669a6b7d2c2147b42eea4d7c68395e?s=96&d=mm&r=g","url":"https:\/\/secure.gravatar.com\/avatar\/1072c6b775fb02ef8506ce967551d95926669a6b7d2c2147b42eea4d7c68395e?s=96&d=mm&r=g","contentUrl":"https:\/\/secure.gravatar.com\/avatar\/1072c6b775fb02ef8506ce967551d95926669a6b7d2c2147b42eea4d7c68395e?s=96&d=mm&r=g","caption":"Reda\u00e7\u00e3o"},"sameAs":["https:\/\/transamerica93.com.br\/home"],"url":"https:\/\/transamerica93.com.br\/home\/author\/william\/"}]}},"_links":{"self":[{"href":"https:\/\/transamerica93.com.br\/home\/wp-json\/wp\/v2\/posts\/4609","targetHints":{"allow":["GET"]}}],"collection":[{"href":"https:\/\/transamerica93.com.br\/home\/wp-json\/wp\/v2\/posts"}],"about":[{"href":"https:\/\/transamerica93.com.br\/home\/wp-json\/wp\/v2\/types\/post"}],"author":[{"embeddable":true,"href":"https:\/\/transamerica93.com.br\/home\/wp-json\/wp\/v2\/users\/1"}],"replies":[{"embeddable":true,"href":"https:\/\/transamerica93.com.br\/home\/wp-json\/wp\/v2\/comments?post=4609"}],"version-history":[{"count":1,"href":"https:\/\/transamerica93.com.br\/home\/wp-json\/wp\/v2\/posts\/4609\/revisions"}],"predecessor-version":[{"id":4611,"href":"https:\/\/transamerica93.com.br\/home\/wp-json\/wp\/v2\/posts\/4609\/revisions\/4611"}],"wp:featuredmedia":[{"embeddable":true,"href":"https:\/\/transamerica93.com.br\/home\/wp-json\/wp\/v2\/media\/4610"}],"wp:attachment":[{"href":"https:\/\/transamerica93.com.br\/home\/wp-json\/wp\/v2\/media?parent=4609"}],"wp:term":[{"taxonomy":"category","embeddable":true,"href":"https:\/\/transamerica93.com.br\/home\/wp-json\/wp\/v2\/categories?post=4609"},{"taxonomy":"post_tag","embeddable":true,"href":"https:\/\/transamerica93.com.br\/home\/wp-json\/wp\/v2\/tags?post=4609"}],"curies":[{"name":"wp","href":"https:\/\/api.w.org\/{rel}","templated":true}]}}