{"id":4625,"date":"2025-01-29T15:00:54","date_gmt":"2025-01-29T18:00:54","guid":{"rendered":"https:\/\/transamerica93.com.br\/home\/?p=4625"},"modified":"2025-01-21T16:35:38","modified_gmt":"2025-01-21T19:35:38","slug":"casa-usada-em-gravacoes-de-ainda-estou-aqui-atrai-fas-e-curiosos","status":"publish","type":"post","link":"https:\/\/transamerica93.com.br\/home\/casa-usada-em-gravacoes-de-ainda-estou-aqui-atrai-fas-e-curiosos\/","title":{"rendered":"Casa usada em grava\u00e7\u00f5es de \u201cAinda Estou Aqui\u201d atrai f\u00e3s e curiosos"},"content":{"rendered":"<div class=\"conteudo-noticia\">\n<p>Desde a conquista do Globo de Ouro pela atriz Fernanda Torres, a casa locada para as grava\u00e7\u00f5es do longa \u201cAinda Estou Aqui\u201d passou a atrair a aten\u00e7\u00e3o de f\u00e3s e curiosos. Localizada na esquina da Avenida Jo\u00e3o Luiz Alves com a Rua Roquete Pinto, no bairro da Urca, zona sul do Rio, a resid\u00eancia se destaca entre as demais. Agora, as cal\u00e7adas pr\u00f3ximas re\u00fanem turistas em busca de fotos.<\/p>\n<p>A paulista Nicole Alves veio a turismo para o Rio junto com a fam\u00edlia e aproveitou o passeio pela Urca para conhecer a casa. A analista de planejamento comercial gostou do pr\u00eamio recebido por Fernanda Torres. \u201c\u00c9 bom e a gente ganha bastante visibilidade\u00a0 \u00c9 o nosso\u00a0 pa\u00eds e a nossa arte nacional para o mundo inteiro\u201d, contou \u00e0 reportagem da\u00a0<a href=\"http:\/\/agenciabrasil.ebc.com.br\/\">Ag\u00eancia Brasil<\/a>\u00a0na cal\u00e7ada em frente \u00e0 casa.<img decoding=\"async\" data-src=\"https:\/\/agenciabrasil.ebc.com.br\/ebc.png?id=1626050&amp;o=node\" src=\"data:image\/svg+xml;base64,PHN2ZyB3aWR0aD0iMSIgaGVpZ2h0PSIxIiB4bWxucz0iaHR0cDovL3d3dy53My5vcmcvMjAwMC9zdmciPjwvc3ZnPg==\" class=\"lazyload\" \/><img decoding=\"async\" data-src=\"https:\/\/agenciabrasil.ebc.com.br\/ebc.gif?id=1626050&amp;o=node\" src=\"data:image\/svg+xml;base64,PHN2ZyB3aWR0aD0iMSIgaGVpZ2h0PSIxIiB4bWxucz0iaHR0cDovL3d3dy53My5vcmcvMjAwMC9zdmciPjwvc3ZnPg==\" class=\"lazyload\" \/><\/p>\n<p>\u201cA gente acaba se sentindo dentro do filme de alguma forma. Eu ainda n\u00e3o assisti, mas tenho certeza que quando assistir vou poder visualizar melhor por ter estado aqui\u201d, concluiu.<\/p>\n<p>A musicista L\u00edvia Savini, de 22 anos, que morou com a fam\u00edlia na casa entre setembro de 2019 e dezembro de 2022, considera a transforma\u00e7\u00e3o em ponto tur\u00edstico algo inusitado e engra\u00e7ado. \u201c\u00c9 muito legal que as pessoas se identifiquem com esta casa e com os v\u00eddeos que a gente postou com a fam\u00edlia. Acho muito especial ver tantas pessoas que tamb\u00e9m se apaixonaram pela casa e que falem sobre isso e mais ainda sobre esse filme que \u00e9 importante; um grande filme que merece todos os pr\u00eamios que puder\u201d, afirmou, incluindo neles a campanha a favor do Oscar para a produ\u00e7\u00e3o e para Fernanda Torres.<\/p>\n<p>O filme \u201cAinda Estou Aqui\u201d mexeu com as mem\u00f3rias de L\u00edvia. Ela conta que ao ver o longa as lembran\u00e7as se misturaram trazendo novas sensa\u00e7\u00f5es e um grande impacto. \u201cFoi gigante por v\u00e1rias coisas. Primeiro, um filme maravilhoso desse feito na nossa casa. Eu e minha fam\u00edlia somos f\u00e3s do Walter Salles [diretor], da Fernanda Torres, do Selton Mello. Um filme com essas pessoas j\u00e1 era uma coisa que a gente ficou com muita expectativa, mas o impacto da hist\u00f3ria t\u00e3o importante para o Brasil, t\u00e3o importante para a mem\u00f3ria pol\u00edtica do Brasil.\u00b4\u00c9 muito importante. Pareciam as nossas mem\u00f3rias retratadas na tela, porque parecia uma tradu\u00e7\u00e3o literal. Os momentos da fam\u00edlia ali dentro, pareciam os momentos que a gente viveu l\u00e1. O impacto foi triplicado\u201d, disse \u00e0\u00a0<strong>Ag\u00eancia Brasil<\/strong>.<\/p>\n<p>\u201cTenho mem\u00f3rias maravilhosas da casa. A gente viveu bons momentos l\u00e1. \u00c9 uma casa muito boa de se morar, muito acolhedora\u201d, completou.<\/p>\n<div class=\"dnd-widget-wrapper context-cheio_8colunas type-image atom-align-center\">\n<div class=\"dnd-atom-rendered\"><img decoding=\"async\" title=\"Tomaz Silva\/Ag\u00eancia Brasil\" data-src=\"https:\/\/imagens.ebc.com.br\/JVOqRmlTFK17IsMdz3I3zc3Okq4=\/754x0\/smart\/https:\/\/agenciabrasil.ebc.com.br\/sites\/default\/files\/thumbnails\/image\/2025\/01\/07\/toms1231.jpg?itok=Que4kw3d\" alt=\"Rio de Janeiro (RJ), 07\/01\/2025 \u2013A analista de panejamento comercial, Nicole Alves posa em frente a casa que serviu de loca\u00e7\u00e3o para o filme Ainda estou aqui, de Walter Salles. Foto: Tomaz Silva\/Ag\u00eancia Brasil\" src=\"data:image\/svg+xml;base64,PHN2ZyB3aWR0aD0iMSIgaGVpZ2h0PSIxIiB4bWxucz0iaHR0cDovL3d3dy53My5vcmcvMjAwMC9zdmciPjwvc3ZnPg==\" class=\"lazyload\" \/><\/div>\n<div class=\"dnd-caption-wrapper\">\n<div class=\"meta rtecenter\">Rio de Janeiro &#8211; A analista de planejamento comercial, Nicole Alves, posa em frente \u00e0 casa que serviu de loca\u00e7\u00e3o para o filme &#8220;Ainda Estou Aqui&#8221;, de Walter Salles. Foto:Tomaz Silva\/Ag\u00eancia Brasil<\/div>\n<\/div>\n<\/div>\n<h2>\nPandemia<\/h2>\n<p>A vida familiar naquele local ficou mais intensa no per\u00edodo da pandemia. Por causa do<em>\u00a0<\/em><em>lockdown<\/em>, ficavam 24 horas juntos, todos os dias. \u201cAquela era a melhor casa na \u00e9poca da pandemia porque \u00e9 espa\u00e7osa\u201d, revelou, acrescentando que neste per\u00edodo tamb\u00e9m tiveram a tristeza da perda do av\u00f4 com covid-19.<\/p>\n<p>A casa \u00e9 simb\u00f3lica para a jovem musicista. \u00c9 o local onde comp\u00f4s as primeiras m\u00fasicas. L\u00edvia, que j\u00e1 participou de bandas, agora, est\u00e1 focada em um trabalho autoral a ser lan\u00e7ado nas plataformas digitais no meio deste ano.<\/p>\n<p>\u201c\u00c9 muito ir\u00f4nico, porque o nome do trabalho \u00e9 &#8220;Ru\u00ednas&#8221; e fala exatamente dessa rela\u00e7\u00e3o entre o amor e as constru\u00e7\u00f5es do amor.\u00a0 Sobre quais constru\u00e7\u00f5es permanecem por causa do amor e como o amor eterniza mem\u00f3rias em constru\u00e7\u00f5es. Como fiz essas composi\u00e7\u00f5es na casa, que teve esse filme com o qual todo mundo se conectou, de uma certa forma, eternizou a mem\u00f3ria da minha fam\u00edlia, eternizou a mem\u00f3ria da Eunice Paiva e dessa fam\u00edlia. Para mim est\u00e1 tudo conectado. Cada vez mais percebo como o cinema, a m\u00fasica, a arte e a hist\u00f3ria est\u00e3o todos conectados\u201d, pontuou.<\/p>\n<p>Foi ali tamb\u00e9m, onde morava com o pai Ricardo, a madrasta Juliana, e uma irm\u00e3 Ornela, que nasceu Cec\u00edlia, a sua irm\u00e3 mais nova, que completar\u00e1 cinco anos em fevereiro. \u201cEu fiz um v\u00eddeo que viralizou e em muitas dessas mem\u00f3rias est\u00e1 a minha irm\u00e3zinha beb\u00ea, crescendo. Foi muito bom poder curtir com ela\u201d, destacou, informando que os v\u00eddeos da fam\u00edlia atingiram 1 milh\u00e3o de visualiza\u00e7\u00f5es no TikTok e 400 mil no Instagram.<\/p>\n<p>\u201cViralizou. Foi outra loucura e todo mundo comentando sobre a casa, dizendo \u2018casa maravilhosa, quero morar l\u00e1, amei esse filme. Como foi para voc\u00eas?\u2019. Foi muito grande o choque para a gente\u201d.<\/p>\n<p>Quando soube que a casa seria usada para uma produ\u00e7\u00e3o cinematogr\u00e1fica, o que foi uma surpresa, L\u00edvia j\u00e1 tinha se mudado de l\u00e1 com a fam\u00edlia para o bairro de Ipanema, tamb\u00e9m na zona sul. N\u00e3o chegou a assistir \u00e0s filmagens, mas antes das grava\u00e7\u00f5es come\u00e7arem p\u00f4de notar mudan\u00e7as na parte externa do im\u00f3vel. A pintura foi envelhecida, as varandas fechadas, o port\u00e3o el\u00e9trico foi retirado. Isso at\u00e9 revoltou os ex-moradores at\u00e9 que souberam por uma atriz amiga da irm\u00e3 que as mudan\u00e7as eram para o im\u00f3vel abrigar cenas de um filme que ela faria parte do elenco, mas sem contar qual era.<\/p>\n<h2>Venda<\/h2>\n<p>A casa agora est\u00e1 \u00e0 venda a partir de R$ 13,9 milh\u00f5es. O corretor Marcelo Dias disse que est\u00e3o analisando duas propostas. \u201cHoje ela est\u00e1 totalmente modernizada e os propriet\u00e1rios est\u00e3o concluindo as melhorias e totalmente diferente das filmagens. Eles a adaptaram para a d\u00e9cada de 1970. Internamente, continua linda, e externamente mais ainda\u201d, completou \u00e0 Ag\u00eancia Brasil no jardim da casa, informando que o im\u00f3vel foi locado por um ano e meio para a produ\u00e7\u00e3o.<\/p>\n<p>\u201cAchei fant\u00e1stico. Eu a conheci antes, durante e depois. Achei bel\u00edssima a produ\u00e7\u00e3o, de bom gosto e originalidade. Foi muito legal. Agora virou ponto tur\u00edstico. No momento \u00e9 a casa mais visitada, entre aspas, do Brasil e do mundo, porque as pessoas quando v\u00e3o para Hollywood, por exemplo, querem visitar a casa de famosos. Ent\u00e3o, hoje aqui temos uma casa famosa\u201d, contou o corretor.<\/p>\n<p>&nbsp;<\/p>\n<p>&nbsp;<\/p>\n<div class=\"noticias-relacionadas rel-position rowflex\">\n<div class=\"title abs-position\">Relacionadas<\/div>\n<div class=\"capa-noticia-relacionada\"><img decoding=\"async\" data-src=\"https:\/\/imagens.ebc.com.br\/zxByYFLs7P7hyFPPD0PNrF_qHBQ=\/390x240\/smart\/https:\/\/agenciabrasil.ebc.com.br\/sites\/default\/files\/thumbnails\/image\/2025\/01\/06\/2025-01-06t042001z_1741868701_hp1el160bomie_rtrmadp_3_awards-goldenglobes.jpg?itok=rtXyIjiS\" alt=\"Fernanda Torres poses with the award for Best Performance by an Actress in a Motion Picture \u2014 Drama for \" src=\"data:image\/svg+xml;base64,PHN2ZyB3aWR0aD0iMSIgaGVpZ2h0PSIxIiB4bWxucz0iaHR0cDovL3d3dy53My5vcmcvMjAwMC9zdmciPjwvc3ZnPg==\" class=\"lazyload\" \/><\/div>\n<div class=\"titulo-noticia-relacionada\">Fernanda Torres leva Globo de Ouro por atua\u00e7\u00e3o em Ainda Estou Aqui<\/div>\n<div class=\"capa-noticia-relacionada\"><img decoding=\"async\" data-src=\"https:\/\/imagens.ebc.com.br\/zxByYFLs7P7hyFPPD0PNrF_qHBQ=\/390x240\/smart\/https:\/\/agenciabrasil.ebc.com.br\/sites\/default\/files\/thumbnails\/image\/2025\/01\/06\/2025-01-06t042001z_1741868701_hp1el160bomie_rtrmadp_3_awards-goldenglobes.jpg?itok=rtXyIjiS\" alt=\"Fernanda Torres poses with the award for Best Performance by an Actress in a Motion Picture \u2014 Drama for \" src=\"data:image\/svg+xml;base64,PHN2ZyB3aWR0aD0iMSIgaGVpZ2h0PSIxIiB4bWxucz0iaHR0cDovL3d3dy53My5vcmcvMjAwMC9zdmciPjwvc3ZnPg==\" class=\"lazyload\" \/><\/div>\n<div class=\"titulo-noticia-relacionada\">Lula diz que Globo de Ouro n\u00e3o poderia ter vindo em melhor momento<\/div>\n<div class=\"capa-noticia-relacionada\"><img decoding=\"async\" data-src=\"https:\/\/imagens.ebc.com.br\/MYePfVPKTMX7w2i1pWPEsx8sa0M=\/390x240\/smart\/https:\/\/agenciabrasil.ebc.com.br\/sites\/default\/files\/thumbnails\/image\/2024\/09\/23\/snapinsta.app_461150781_18456494395038906_8029438770046351873_n_1080.jpg?itok=7pTdFEsY\" alt=\"Bras\u00edlia (DF), 23\/09\/2024 - Cena do filme Ainda estou aqui. Foto: Alile Dara Onawale\/Sony Pictures\" src=\"data:image\/svg+xml;base64,PHN2ZyB3aWR0aD0iMSIgaGVpZ2h0PSIxIiB4bWxucz0iaHR0cDovL3d3dy53My5vcmcvMjAwMC9zdmciPjwvc3ZnPg==\" class=\"lazyload\" \/><\/div>\n<div class=\"titulo-noticia-relacionada\">Ainda Estou Aqui: Fernanda Torres \u00e9 premiada pelo Critics Choice Award<\/div>\n<\/div>\n<\/div>\n<div class=\"footer-noticia\">\n<div class=\"editor rowflex\">Edi\u00e7\u00e3o:<\/p>\n<div class=\"nome-editor\">\u00c9rica Santana<\/div>\n<\/div>\n<\/div>\n","protected":false},"excerpt":{"rendered":"<p>Desde a conquista do Globo de Ouro pela atriz Fernanda Torres, a casa locada para as grava\u00e7\u00f5es do longa \u201cAinda Estou Aqui\u201d passou a atrair a aten\u00e7\u00e3o de f\u00e3s e curiosos. Localizada na esquina da Avenida Jo\u00e3o Luiz Alves com a Rua Roquete Pinto, no bairro da Urca, zona sul do Rio, a resid\u00eancia se &hellip;<\/p>\n","protected":false},"author":1,"featured_media":4626,"comment_status":"closed","ping_status":"closed","sticky":false,"template":"","format":"standard","meta":{"footnotes":""},"categories":[25],"tags":[],"class_list":["post-4625","post","type-post","status-publish","format-standard","has-post-thumbnail","hentry","category-musica"],"yoast_head":"<!-- This site is optimized with the Yoast SEO plugin v27.4 - https:\/\/yoast.com\/product\/yoast-seo-wordpress\/ -->\n<title>Casa usada em grava\u00e7\u00f5es de \u201cAinda Estou Aqui\u201d atrai f\u00e3s e curiosos - Transam\u00e9rica Mococa 93,3<\/title>\n<meta name=\"robots\" content=\"index, follow, max-snippet:-1, max-image-preview:large, max-video-preview:-1\" \/>\n<link rel=\"canonical\" href=\"https:\/\/transamerica93.com.br\/home\/casa-usada-em-gravacoes-de-ainda-estou-aqui-atrai-fas-e-curiosos\/\" \/>\n<meta property=\"og:locale\" content=\"pt_BR\" \/>\n<meta property=\"og:type\" content=\"article\" \/>\n<meta property=\"og:title\" content=\"Casa usada em grava\u00e7\u00f5es de \u201cAinda Estou Aqui\u201d atrai f\u00e3s e curiosos - Transam\u00e9rica Mococa 93,3\" \/>\n<meta property=\"og:description\" content=\"Desde a conquista do Globo de Ouro pela atriz Fernanda Torres, a casa locada para as grava\u00e7\u00f5es do longa \u201cAinda Estou Aqui\u201d passou a atrair a aten\u00e7\u00e3o de f\u00e3s e curiosos. Localizada na esquina da Avenida Jo\u00e3o Luiz Alves com a Rua Roquete Pinto, no bairro da Urca, zona sul do Rio, a resid\u00eancia se &hellip;\" \/>\n<meta property=\"og:url\" content=\"https:\/\/transamerica93.com.br\/home\/casa-usada-em-gravacoes-de-ainda-estou-aqui-atrai-fas-e-curiosos\/\" \/>\n<meta property=\"og:site_name\" content=\"Transam\u00e9rica Mococa 93,3\" \/>\n<meta property=\"article:publisher\" content=\"https:\/\/www.facebook.com\/transamericamococa\" \/>\n<meta property=\"article:published_time\" content=\"2025-01-29T18:00:54+00:00\" \/>\n<meta property=\"og:image\" content=\"https:\/\/transamerica93.com.br\/home\/wp-content\/uploads\/2025\/01\/Sem-titulo-9.png\" \/>\n\t<meta property=\"og:image:width\" content=\"1170\" \/>\n\t<meta property=\"og:image:height\" content=\"700\" \/>\n\t<meta property=\"og:image:type\" content=\"image\/png\" \/>\n<meta name=\"author\" content=\"Reda\u00e7\u00e3o\" \/>\n<meta name=\"twitter:card\" content=\"summary_large_image\" \/>\n<meta name=\"twitter:creator\" content=\"@transamerica933\" \/>\n<meta name=\"twitter:site\" content=\"@transamerica933\" \/>\n<meta name=\"twitter:label1\" content=\"Escrito por\" \/>\n\t<meta name=\"twitter:data1\" content=\"Reda\u00e7\u00e3o\" \/>\n\t<meta name=\"twitter:label2\" content=\"Est. tempo de leitura\" \/>\n\t<meta name=\"twitter:data2\" content=\"8 minutos\" \/>\n<script type=\"application\/ld+json\" class=\"yoast-schema-graph\">{\"@context\":\"https:\\\/\\\/schema.org\",\"@graph\":[{\"@type\":\"Article\",\"@id\":\"https:\\\/\\\/transamerica93.com.br\\\/home\\\/casa-usada-em-gravacoes-de-ainda-estou-aqui-atrai-fas-e-curiosos\\\/#article\",\"isPartOf\":{\"@id\":\"https:\\\/\\\/transamerica93.com.br\\\/home\\\/casa-usada-em-gravacoes-de-ainda-estou-aqui-atrai-fas-e-curiosos\\\/\"},\"author\":{\"name\":\"Reda\u00e7\u00e3o\",\"@id\":\"https:\\\/\\\/transamerica93.com.br\\\/home\\\/#\\\/schema\\\/person\\\/7fed7c99c0d4562efa8561bc0f543172\"},\"headline\":\"Casa usada em grava\u00e7\u00f5es de \u201cAinda Estou Aqui\u201d atrai f\u00e3s e curiosos\",\"datePublished\":\"2025-01-29T18:00:54+00:00\",\"mainEntityOfPage\":{\"@id\":\"https:\\\/\\\/transamerica93.com.br\\\/home\\\/casa-usada-em-gravacoes-de-ainda-estou-aqui-atrai-fas-e-curiosos\\\/\"},\"wordCount\":1135,\"publisher\":{\"@id\":\"https:\\\/\\\/transamerica93.com.br\\\/home\\\/#organization\"},\"image\":{\"@id\":\"https:\\\/\\\/transamerica93.com.br\\\/home\\\/casa-usada-em-gravacoes-de-ainda-estou-aqui-atrai-fas-e-curiosos\\\/#primaryimage\"},\"thumbnailUrl\":\"https:\\\/\\\/transamerica93.com.br\\\/home\\\/wp-content\\\/uploads\\\/2025\\\/01\\\/Sem-titulo-9.png\",\"articleSection\":[\"M\u00fasica\"],\"inLanguage\":\"pt-BR\"},{\"@type\":\"WebPage\",\"@id\":\"https:\\\/\\\/transamerica93.com.br\\\/home\\\/casa-usada-em-gravacoes-de-ainda-estou-aqui-atrai-fas-e-curiosos\\\/\",\"url\":\"https:\\\/\\\/transamerica93.com.br\\\/home\\\/casa-usada-em-gravacoes-de-ainda-estou-aqui-atrai-fas-e-curiosos\\\/\",\"name\":\"Casa usada em grava\u00e7\u00f5es de \u201cAinda Estou Aqui\u201d atrai f\u00e3s e curiosos - Transam\u00e9rica Mococa 93,3\",\"isPartOf\":{\"@id\":\"https:\\\/\\\/transamerica93.com.br\\\/home\\\/#website\"},\"primaryImageOfPage\":{\"@id\":\"https:\\\/\\\/transamerica93.com.br\\\/home\\\/casa-usada-em-gravacoes-de-ainda-estou-aqui-atrai-fas-e-curiosos\\\/#primaryimage\"},\"image\":{\"@id\":\"https:\\\/\\\/transamerica93.com.br\\\/home\\\/casa-usada-em-gravacoes-de-ainda-estou-aqui-atrai-fas-e-curiosos\\\/#primaryimage\"},\"thumbnailUrl\":\"https:\\\/\\\/transamerica93.com.br\\\/home\\\/wp-content\\\/uploads\\\/2025\\\/01\\\/Sem-titulo-9.png\",\"datePublished\":\"2025-01-29T18:00:54+00:00\",\"breadcrumb\":{\"@id\":\"https:\\\/\\\/transamerica93.com.br\\\/home\\\/casa-usada-em-gravacoes-de-ainda-estou-aqui-atrai-fas-e-curiosos\\\/#breadcrumb\"},\"inLanguage\":\"pt-BR\",\"potentialAction\":[{\"@type\":\"ReadAction\",\"target\":[\"https:\\\/\\\/transamerica93.com.br\\\/home\\\/casa-usada-em-gravacoes-de-ainda-estou-aqui-atrai-fas-e-curiosos\\\/\"]}]},{\"@type\":\"ImageObject\",\"inLanguage\":\"pt-BR\",\"@id\":\"https:\\\/\\\/transamerica93.com.br\\\/home\\\/casa-usada-em-gravacoes-de-ainda-estou-aqui-atrai-fas-e-curiosos\\\/#primaryimage\",\"url\":\"https:\\\/\\\/transamerica93.com.br\\\/home\\\/wp-content\\\/uploads\\\/2025\\\/01\\\/Sem-titulo-9.png\",\"contentUrl\":\"https:\\\/\\\/transamerica93.com.br\\\/home\\\/wp-content\\\/uploads\\\/2025\\\/01\\\/Sem-titulo-9.png\",\"width\":1170,\"height\":700,\"caption\":\"\u00a9 Tomaz Silva\\\/Ag\u00eancia Brasil\"},{\"@type\":\"BreadcrumbList\",\"@id\":\"https:\\\/\\\/transamerica93.com.br\\\/home\\\/casa-usada-em-gravacoes-de-ainda-estou-aqui-atrai-fas-e-curiosos\\\/#breadcrumb\",\"itemListElement\":[{\"@type\":\"ListItem\",\"position\":1,\"name\":\"In\u00edcio\",\"item\":\"https:\\\/\\\/transamerica93.com.br\\\/home\\\/\"},{\"@type\":\"ListItem\",\"position\":2,\"name\":\"Casa usada em grava\u00e7\u00f5es de \u201cAinda Estou Aqui\u201d atrai f\u00e3s e curiosos\"}]},{\"@type\":\"WebSite\",\"@id\":\"https:\\\/\\\/transamerica93.com.br\\\/home\\\/#website\",\"url\":\"https:\\\/\\\/transamerica93.com.br\\\/home\\\/\",\"name\":\"Transam\u00e9rica Mococa 93,3\",\"description\":\"\",\"publisher\":{\"@id\":\"https:\\\/\\\/transamerica93.com.br\\\/home\\\/#organization\"},\"potentialAction\":[{\"@type\":\"SearchAction\",\"target\":{\"@type\":\"EntryPoint\",\"urlTemplate\":\"https:\\\/\\\/transamerica93.com.br\\\/home\\\/?s={search_term_string}\"},\"query-input\":{\"@type\":\"PropertyValueSpecification\",\"valueRequired\":true,\"valueName\":\"search_term_string\"}}],\"inLanguage\":\"pt-BR\"},{\"@type\":\"Organization\",\"@id\":\"https:\\\/\\\/transamerica93.com.br\\\/home\\\/#organization\",\"name\":\"Transam\u00e9rica Mococa 93,3\",\"url\":\"https:\\\/\\\/transamerica93.com.br\\\/home\\\/\",\"logo\":{\"@type\":\"ImageObject\",\"inLanguage\":\"pt-BR\",\"@id\":\"https:\\\/\\\/transamerica93.com.br\\\/home\\\/#\\\/schema\\\/logo\\\/image\\\/\",\"url\":\"https:\\\/\\\/transamerica93.com.br\\\/home\\\/wp-content\\\/uploads\\\/2023\\\/10\\\/logo2.png\",\"contentUrl\":\"https:\\\/\\\/transamerica93.com.br\\\/home\\\/wp-content\\\/uploads\\\/2023\\\/10\\\/logo2.png\",\"width\":800,\"height\":500,\"caption\":\"Transam\u00e9rica Mococa 93,3\"},\"image\":{\"@id\":\"https:\\\/\\\/transamerica93.com.br\\\/home\\\/#\\\/schema\\\/logo\\\/image\\\/\"},\"sameAs\":[\"https:\\\/\\\/www.facebook.com\\\/transamericamococa\",\"https:\\\/\\\/x.com\\\/transamerica933\",\"https:\\\/\\\/www.instagram.com\\\/transamericamococa\"]},{\"@type\":\"Person\",\"@id\":\"https:\\\/\\\/transamerica93.com.br\\\/home\\\/#\\\/schema\\\/person\\\/7fed7c99c0d4562efa8561bc0f543172\",\"name\":\"Reda\u00e7\u00e3o\",\"image\":{\"@type\":\"ImageObject\",\"inLanguage\":\"pt-BR\",\"@id\":\"https:\\\/\\\/secure.gravatar.com\\\/avatar\\\/1072c6b775fb02ef8506ce967551d95926669a6b7d2c2147b42eea4d7c68395e?s=96&d=mm&r=g\",\"url\":\"https:\\\/\\\/secure.gravatar.com\\\/avatar\\\/1072c6b775fb02ef8506ce967551d95926669a6b7d2c2147b42eea4d7c68395e?s=96&d=mm&r=g\",\"contentUrl\":\"https:\\\/\\\/secure.gravatar.com\\\/avatar\\\/1072c6b775fb02ef8506ce967551d95926669a6b7d2c2147b42eea4d7c68395e?s=96&d=mm&r=g\",\"caption\":\"Reda\u00e7\u00e3o\"},\"sameAs\":[\"https:\\\/\\\/transamerica93.com.br\\\/home\"],\"url\":\"https:\\\/\\\/transamerica93.com.br\\\/home\\\/author\\\/william\\\/\"}]}<\/script>\n<!-- \/ Yoast SEO plugin. -->","yoast_head_json":{"title":"Casa usada em grava\u00e7\u00f5es de \u201cAinda Estou Aqui\u201d atrai f\u00e3s e curiosos - Transam\u00e9rica Mococa 93,3","robots":{"index":"index","follow":"follow","max-snippet":"max-snippet:-1","max-image-preview":"max-image-preview:large","max-video-preview":"max-video-preview:-1"},"canonical":"https:\/\/transamerica93.com.br\/home\/casa-usada-em-gravacoes-de-ainda-estou-aqui-atrai-fas-e-curiosos\/","og_locale":"pt_BR","og_type":"article","og_title":"Casa usada em grava\u00e7\u00f5es de \u201cAinda Estou Aqui\u201d atrai f\u00e3s e curiosos - Transam\u00e9rica Mococa 93,3","og_description":"Desde a conquista do Globo de Ouro pela atriz Fernanda Torres, a casa locada para as grava\u00e7\u00f5es do longa \u201cAinda Estou Aqui\u201d passou a atrair a aten\u00e7\u00e3o de f\u00e3s e curiosos. Localizada na esquina da Avenida Jo\u00e3o Luiz Alves com a Rua Roquete Pinto, no bairro da Urca, zona sul do Rio, a resid\u00eancia se &hellip;","og_url":"https:\/\/transamerica93.com.br\/home\/casa-usada-em-gravacoes-de-ainda-estou-aqui-atrai-fas-e-curiosos\/","og_site_name":"Transam\u00e9rica Mococa 93,3","article_publisher":"https:\/\/www.facebook.com\/transamericamococa","article_published_time":"2025-01-29T18:00:54+00:00","og_image":[{"width":1170,"height":700,"url":"https:\/\/transamerica93.com.br\/home\/wp-content\/uploads\/2025\/01\/Sem-titulo-9.png","type":"image\/png"}],"author":"Reda\u00e7\u00e3o","twitter_card":"summary_large_image","twitter_creator":"@transamerica933","twitter_site":"@transamerica933","twitter_misc":{"Escrito por":"Reda\u00e7\u00e3o","Est. tempo de leitura":"8 minutos"},"schema":{"@context":"https:\/\/schema.org","@graph":[{"@type":"Article","@id":"https:\/\/transamerica93.com.br\/home\/casa-usada-em-gravacoes-de-ainda-estou-aqui-atrai-fas-e-curiosos\/#article","isPartOf":{"@id":"https:\/\/transamerica93.com.br\/home\/casa-usada-em-gravacoes-de-ainda-estou-aqui-atrai-fas-e-curiosos\/"},"author":{"name":"Reda\u00e7\u00e3o","@id":"https:\/\/transamerica93.com.br\/home\/#\/schema\/person\/7fed7c99c0d4562efa8561bc0f543172"},"headline":"Casa usada em grava\u00e7\u00f5es de \u201cAinda Estou Aqui\u201d atrai f\u00e3s e curiosos","datePublished":"2025-01-29T18:00:54+00:00","mainEntityOfPage":{"@id":"https:\/\/transamerica93.com.br\/home\/casa-usada-em-gravacoes-de-ainda-estou-aqui-atrai-fas-e-curiosos\/"},"wordCount":1135,"publisher":{"@id":"https:\/\/transamerica93.com.br\/home\/#organization"},"image":{"@id":"https:\/\/transamerica93.com.br\/home\/casa-usada-em-gravacoes-de-ainda-estou-aqui-atrai-fas-e-curiosos\/#primaryimage"},"thumbnailUrl":"https:\/\/transamerica93.com.br\/home\/wp-content\/uploads\/2025\/01\/Sem-titulo-9.png","articleSection":["M\u00fasica"],"inLanguage":"pt-BR"},{"@type":"WebPage","@id":"https:\/\/transamerica93.com.br\/home\/casa-usada-em-gravacoes-de-ainda-estou-aqui-atrai-fas-e-curiosos\/","url":"https:\/\/transamerica93.com.br\/home\/casa-usada-em-gravacoes-de-ainda-estou-aqui-atrai-fas-e-curiosos\/","name":"Casa usada em grava\u00e7\u00f5es de \u201cAinda Estou Aqui\u201d atrai f\u00e3s e curiosos - Transam\u00e9rica Mococa 93,3","isPartOf":{"@id":"https:\/\/transamerica93.com.br\/home\/#website"},"primaryImageOfPage":{"@id":"https:\/\/transamerica93.com.br\/home\/casa-usada-em-gravacoes-de-ainda-estou-aqui-atrai-fas-e-curiosos\/#primaryimage"},"image":{"@id":"https:\/\/transamerica93.com.br\/home\/casa-usada-em-gravacoes-de-ainda-estou-aqui-atrai-fas-e-curiosos\/#primaryimage"},"thumbnailUrl":"https:\/\/transamerica93.com.br\/home\/wp-content\/uploads\/2025\/01\/Sem-titulo-9.png","datePublished":"2025-01-29T18:00:54+00:00","breadcrumb":{"@id":"https:\/\/transamerica93.com.br\/home\/casa-usada-em-gravacoes-de-ainda-estou-aqui-atrai-fas-e-curiosos\/#breadcrumb"},"inLanguage":"pt-BR","potentialAction":[{"@type":"ReadAction","target":["https:\/\/transamerica93.com.br\/home\/casa-usada-em-gravacoes-de-ainda-estou-aqui-atrai-fas-e-curiosos\/"]}]},{"@type":"ImageObject","inLanguage":"pt-BR","@id":"https:\/\/transamerica93.com.br\/home\/casa-usada-em-gravacoes-de-ainda-estou-aqui-atrai-fas-e-curiosos\/#primaryimage","url":"https:\/\/transamerica93.com.br\/home\/wp-content\/uploads\/2025\/01\/Sem-titulo-9.png","contentUrl":"https:\/\/transamerica93.com.br\/home\/wp-content\/uploads\/2025\/01\/Sem-titulo-9.png","width":1170,"height":700,"caption":"\u00a9 Tomaz Silva\/Ag\u00eancia Brasil"},{"@type":"BreadcrumbList","@id":"https:\/\/transamerica93.com.br\/home\/casa-usada-em-gravacoes-de-ainda-estou-aqui-atrai-fas-e-curiosos\/#breadcrumb","itemListElement":[{"@type":"ListItem","position":1,"name":"In\u00edcio","item":"https:\/\/transamerica93.com.br\/home\/"},{"@type":"ListItem","position":2,"name":"Casa usada em grava\u00e7\u00f5es de \u201cAinda Estou Aqui\u201d atrai f\u00e3s e curiosos"}]},{"@type":"WebSite","@id":"https:\/\/transamerica93.com.br\/home\/#website","url":"https:\/\/transamerica93.com.br\/home\/","name":"Transam\u00e9rica Mococa 93,3","description":"","publisher":{"@id":"https:\/\/transamerica93.com.br\/home\/#organization"},"potentialAction":[{"@type":"SearchAction","target":{"@type":"EntryPoint","urlTemplate":"https:\/\/transamerica93.com.br\/home\/?s={search_term_string}"},"query-input":{"@type":"PropertyValueSpecification","valueRequired":true,"valueName":"search_term_string"}}],"inLanguage":"pt-BR"},{"@type":"Organization","@id":"https:\/\/transamerica93.com.br\/home\/#organization","name":"Transam\u00e9rica Mococa 93,3","url":"https:\/\/transamerica93.com.br\/home\/","logo":{"@type":"ImageObject","inLanguage":"pt-BR","@id":"https:\/\/transamerica93.com.br\/home\/#\/schema\/logo\/image\/","url":"https:\/\/transamerica93.com.br\/home\/wp-content\/uploads\/2023\/10\/logo2.png","contentUrl":"https:\/\/transamerica93.com.br\/home\/wp-content\/uploads\/2023\/10\/logo2.png","width":800,"height":500,"caption":"Transam\u00e9rica Mococa 93,3"},"image":{"@id":"https:\/\/transamerica93.com.br\/home\/#\/schema\/logo\/image\/"},"sameAs":["https:\/\/www.facebook.com\/transamericamococa","https:\/\/x.com\/transamerica933","https:\/\/www.instagram.com\/transamericamococa"]},{"@type":"Person","@id":"https:\/\/transamerica93.com.br\/home\/#\/schema\/person\/7fed7c99c0d4562efa8561bc0f543172","name":"Reda\u00e7\u00e3o","image":{"@type":"ImageObject","inLanguage":"pt-BR","@id":"https:\/\/secure.gravatar.com\/avatar\/1072c6b775fb02ef8506ce967551d95926669a6b7d2c2147b42eea4d7c68395e?s=96&d=mm&r=g","url":"https:\/\/secure.gravatar.com\/avatar\/1072c6b775fb02ef8506ce967551d95926669a6b7d2c2147b42eea4d7c68395e?s=96&d=mm&r=g","contentUrl":"https:\/\/secure.gravatar.com\/avatar\/1072c6b775fb02ef8506ce967551d95926669a6b7d2c2147b42eea4d7c68395e?s=96&d=mm&r=g","caption":"Reda\u00e7\u00e3o"},"sameAs":["https:\/\/transamerica93.com.br\/home"],"url":"https:\/\/transamerica93.com.br\/home\/author\/william\/"}]}},"_links":{"self":[{"href":"https:\/\/transamerica93.com.br\/home\/wp-json\/wp\/v2\/posts\/4625","targetHints":{"allow":["GET"]}}],"collection":[{"href":"https:\/\/transamerica93.com.br\/home\/wp-json\/wp\/v2\/posts"}],"about":[{"href":"https:\/\/transamerica93.com.br\/home\/wp-json\/wp\/v2\/types\/post"}],"author":[{"embeddable":true,"href":"https:\/\/transamerica93.com.br\/home\/wp-json\/wp\/v2\/users\/1"}],"replies":[{"embeddable":true,"href":"https:\/\/transamerica93.com.br\/home\/wp-json\/wp\/v2\/comments?post=4625"}],"version-history":[{"count":1,"href":"https:\/\/transamerica93.com.br\/home\/wp-json\/wp\/v2\/posts\/4625\/revisions"}],"predecessor-version":[{"id":4627,"href":"https:\/\/transamerica93.com.br\/home\/wp-json\/wp\/v2\/posts\/4625\/revisions\/4627"}],"wp:featuredmedia":[{"embeddable":true,"href":"https:\/\/transamerica93.com.br\/home\/wp-json\/wp\/v2\/media\/4626"}],"wp:attachment":[{"href":"https:\/\/transamerica93.com.br\/home\/wp-json\/wp\/v2\/media?parent=4625"}],"wp:term":[{"taxonomy":"category","embeddable":true,"href":"https:\/\/transamerica93.com.br\/home\/wp-json\/wp\/v2\/categories?post=4625"},{"taxonomy":"post_tag","embeddable":true,"href":"https:\/\/transamerica93.com.br\/home\/wp-json\/wp\/v2\/tags?post=4625"}],"curies":[{"name":"wp","href":"https:\/\/api.w.org\/{rel}","templated":true}]}}