{"id":4645,"date":"2025-02-06T12:00:04","date_gmt":"2025-02-06T15:00:04","guid":{"rendered":"https:\/\/transamerica93.com.br\/home\/?p=4645"},"modified":"2025-01-24T22:31:32","modified_gmt":"2025-01-25T01:31:32","slug":"santos-oficializa-a-contratacao-do-centroavante-tiquinho-soares-ex-botafogo","status":"publish","type":"post","link":"https:\/\/transamerica93.com.br\/home\/santos-oficializa-a-contratacao-do-centroavante-tiquinho-soares-ex-botafogo\/","title":{"rendered":"Santos oficializa a contrata\u00e7\u00e3o do centroavante Tiquinho Soares, ex-Botafogo"},"content":{"rendered":"<div id=\"Corpo\">O Santos, enfim, anunciou o centroavante Tiquinho Soares como novo refor\u00e7o do clube para a temporada 2025. Campe\u00e3o Brasileiro e tamb\u00e9m da Copa Libertadores com o Botafogo no ano passado, o atleta foi adquirido de forma definitiva e assinou contrato at\u00e9 o fim de 2027.<\/p>\n<p>O atleta, que j\u00e1 vinha treinando com o elenco sob o comando do t\u00e9cnico Pedro Caixinha nas \u00faltimas semanas, n\u00e3o havia sido anunciado por quest\u00f5es burocr\u00e1ticas. Nesta sexta, mais cedo, ele antecipou o desfecho do an\u00fancio ao usar as redes sociais para se despedir da torcida do Botafogo. &#8220;Muito obrigado por cada momento vivido com essa camisa&#8221;, diz parte da postagem.<\/p>\n<p>Aos 34 anos, Tiquinho \u00e9 o quinto refor\u00e7o do Santos para este ano Antes dele, a diretoria j\u00e1 havia acertado com os zagueiros Z\u00e9 Ivaldo e Luis\u00e3o, o lateral-direito Leo Godoy e ainda o meia Thaciano. Envolvido em sua vinda, o defensor Jair trocou a Vila Belmiro pelo futebol carioca e vai defender o Botafogo.<\/p>\n<p>Com passagens pelo Porto, de Portugal, e tamb\u00e9m pelo Olympiacos, da Gr\u00e9cia, o atacante teve ainda uma r\u00e1pida apari\u00e7\u00e3o no futebol chin\u00eas. Mas foi nos dois anos de Botafogo que ele ganhou os holofotes no cen\u00e1rio nacional. Pelo clube carioca, ele fez 44 gols e deu 17 assist\u00eancias.<\/p>\n<p>Relacionado para a partida contra o Rio Claro, Tiquinho Soares tem boas chances de enfrentar o Velo Clube neste s\u00e1bado, quando o Santos tenta a reabilita\u00e7\u00e3o no Campeonato Paulista ap\u00f3s a derrota do meio de semana para o Palmeiras, na Vila Belmiro, por 2 a 1.<\/p>\n<p>Mas o dia foi hoje foi de mudan\u00e7as na programa\u00e7\u00e3o inicial feita pelo t\u00e9cnico Pedro Caixinha. O meia Thaciano, cortado da viagem para Rio Claro por causa de dores na coxa esquerda, foi submetido a exame e foi constatado um processo inflamat\u00f3rio leve Com dores na regi\u00e3o lombar, Lucas Braga est\u00e1 entregue ao departamento m\u00e9dico do clube.<\/p><\/div>\n","protected":false},"excerpt":{"rendered":"<p>O Santos, enfim, anunciou o centroavante Tiquinho Soares como novo refor\u00e7o do clube para a temporada 2025. Campe\u00e3o Brasileiro e tamb\u00e9m da Copa Libertadores com o Botafogo no ano passado, o atleta foi adquirido de forma definitiva e assinou contrato at\u00e9 o fim de 2027. O atleta, que j\u00e1 vinha treinando com o elenco sob &hellip;<\/p>\n","protected":false},"author":1,"featured_media":4646,"comment_status":"closed","ping_status":"closed","sticky":false,"template":"","format":"standard","meta":{"footnotes":""},"categories":[31],"tags":[],"class_list":["post-4645","post","type-post","status-publish","format-standard","has-post-thumbnail","hentry","category-esportes"],"yoast_head":"<!-- This site is optimized with the Yoast SEO plugin v27.4 - https:\/\/yoast.com\/product\/yoast-seo-wordpress\/ -->\n<title>Santos oficializa a contrata\u00e7\u00e3o do centroavante Tiquinho Soares, ex-Botafogo - Transam\u00e9rica Mococa 93,3<\/title>\n<meta name=\"robots\" content=\"index, follow, max-snippet:-1, max-image-preview:large, max-video-preview:-1\" \/>\n<link rel=\"canonical\" href=\"https:\/\/transamerica93.com.br\/home\/santos-oficializa-a-contratacao-do-centroavante-tiquinho-soares-ex-botafogo\/\" \/>\n<meta property=\"og:locale\" content=\"pt_BR\" \/>\n<meta property=\"og:type\" content=\"article\" \/>\n<meta property=\"og:title\" content=\"Santos oficializa a contrata\u00e7\u00e3o do centroavante Tiquinho Soares, ex-Botafogo - Transam\u00e9rica Mococa 93,3\" \/>\n<meta property=\"og:description\" content=\"O Santos, enfim, anunciou o centroavante Tiquinho Soares como novo refor\u00e7o do clube para a temporada 2025. Campe\u00e3o Brasileiro e tamb\u00e9m da Copa Libertadores com o Botafogo no ano passado, o atleta foi adquirido de forma definitiva e assinou contrato at\u00e9 o fim de 2027. O atleta, que j\u00e1 vinha treinando com o elenco sob &hellip;\" \/>\n<meta property=\"og:url\" content=\"https:\/\/transamerica93.com.br\/home\/santos-oficializa-a-contratacao-do-centroavante-tiquinho-soares-ex-botafogo\/\" \/>\n<meta property=\"og:site_name\" content=\"Transam\u00e9rica Mococa 93,3\" \/>\n<meta property=\"article:publisher\" content=\"https:\/\/www.facebook.com\/transamericamococa\" \/>\n<meta property=\"article:published_time\" content=\"2025-02-06T15:00:04+00:00\" \/>\n<meta property=\"og:image\" content=\"https:\/\/transamerica93.com.br\/home\/wp-content\/uploads\/2025\/01\/1-4.jpg\" \/>\n\t<meta property=\"og:image:width\" content=\"1169\" \/>\n\t<meta property=\"og:image:height\" content=\"696\" \/>\n\t<meta property=\"og:image:type\" content=\"image\/jpeg\" \/>\n<meta name=\"author\" content=\"Reda\u00e7\u00e3o\" \/>\n<meta name=\"twitter:card\" content=\"summary_large_image\" \/>\n<meta name=\"twitter:creator\" content=\"@transamerica933\" \/>\n<meta name=\"twitter:site\" content=\"@transamerica933\" \/>\n<meta name=\"twitter:label1\" content=\"Escrito por\" \/>\n\t<meta name=\"twitter:data1\" content=\"Reda\u00e7\u00e3o\" \/>\n\t<meta name=\"twitter:label2\" content=\"Est. tempo de leitura\" \/>\n\t<meta name=\"twitter:data2\" content=\"2 minutos\" \/>\n<script type=\"application\/ld+json\" class=\"yoast-schema-graph\">{\"@context\":\"https:\\\/\\\/schema.org\",\"@graph\":[{\"@type\":\"Article\",\"@id\":\"https:\\\/\\\/transamerica93.com.br\\\/home\\\/santos-oficializa-a-contratacao-do-centroavante-tiquinho-soares-ex-botafogo\\\/#article\",\"isPartOf\":{\"@id\":\"https:\\\/\\\/transamerica93.com.br\\\/home\\\/santos-oficializa-a-contratacao-do-centroavante-tiquinho-soares-ex-botafogo\\\/\"},\"author\":{\"name\":\"Reda\u00e7\u00e3o\",\"@id\":\"https:\\\/\\\/transamerica93.com.br\\\/home\\\/#\\\/schema\\\/person\\\/7fed7c99c0d4562efa8561bc0f543172\"},\"headline\":\"Santos oficializa a contrata\u00e7\u00e3o do centroavante Tiquinho Soares, ex-Botafogo\",\"datePublished\":\"2025-02-06T15:00:04+00:00\",\"mainEntityOfPage\":{\"@id\":\"https:\\\/\\\/transamerica93.com.br\\\/home\\\/santos-oficializa-a-contratacao-do-centroavante-tiquinho-soares-ex-botafogo\\\/\"},\"wordCount\":340,\"publisher\":{\"@id\":\"https:\\\/\\\/transamerica93.com.br\\\/home\\\/#organization\"},\"image\":{\"@id\":\"https:\\\/\\\/transamerica93.com.br\\\/home\\\/santos-oficializa-a-contratacao-do-centroavante-tiquinho-soares-ex-botafogo\\\/#primaryimage\"},\"thumbnailUrl\":\"https:\\\/\\\/transamerica93.com.br\\\/home\\\/wp-content\\\/uploads\\\/2025\\\/01\\\/1-4.jpg\",\"articleSection\":[\"Esportes\"],\"inLanguage\":\"pt-BR\"},{\"@type\":\"WebPage\",\"@id\":\"https:\\\/\\\/transamerica93.com.br\\\/home\\\/santos-oficializa-a-contratacao-do-centroavante-tiquinho-soares-ex-botafogo\\\/\",\"url\":\"https:\\\/\\\/transamerica93.com.br\\\/home\\\/santos-oficializa-a-contratacao-do-centroavante-tiquinho-soares-ex-botafogo\\\/\",\"name\":\"Santos oficializa a contrata\u00e7\u00e3o do centroavante Tiquinho Soares, ex-Botafogo - Transam\u00e9rica Mococa 93,3\",\"isPartOf\":{\"@id\":\"https:\\\/\\\/transamerica93.com.br\\\/home\\\/#website\"},\"primaryImageOfPage\":{\"@id\":\"https:\\\/\\\/transamerica93.com.br\\\/home\\\/santos-oficializa-a-contratacao-do-centroavante-tiquinho-soares-ex-botafogo\\\/#primaryimage\"},\"image\":{\"@id\":\"https:\\\/\\\/transamerica93.com.br\\\/home\\\/santos-oficializa-a-contratacao-do-centroavante-tiquinho-soares-ex-botafogo\\\/#primaryimage\"},\"thumbnailUrl\":\"https:\\\/\\\/transamerica93.com.br\\\/home\\\/wp-content\\\/uploads\\\/2025\\\/01\\\/1-4.jpg\",\"datePublished\":\"2025-02-06T15:00:04+00:00\",\"breadcrumb\":{\"@id\":\"https:\\\/\\\/transamerica93.com.br\\\/home\\\/santos-oficializa-a-contratacao-do-centroavante-tiquinho-soares-ex-botafogo\\\/#breadcrumb\"},\"inLanguage\":\"pt-BR\",\"potentialAction\":[{\"@type\":\"ReadAction\",\"target\":[\"https:\\\/\\\/transamerica93.com.br\\\/home\\\/santos-oficializa-a-contratacao-do-centroavante-tiquinho-soares-ex-botafogo\\\/\"]}]},{\"@type\":\"ImageObject\",\"inLanguage\":\"pt-BR\",\"@id\":\"https:\\\/\\\/transamerica93.com.br\\\/home\\\/santos-oficializa-a-contratacao-do-centroavante-tiquinho-soares-ex-botafogo\\\/#primaryimage\",\"url\":\"https:\\\/\\\/transamerica93.com.br\\\/home\\\/wp-content\\\/uploads\\\/2025\\\/01\\\/1-4.jpg\",\"contentUrl\":\"https:\\\/\\\/transamerica93.com.br\\\/home\\\/wp-content\\\/uploads\\\/2025\\\/01\\\/1-4.jpg\",\"width\":1169,\"height\":696},{\"@type\":\"BreadcrumbList\",\"@id\":\"https:\\\/\\\/transamerica93.com.br\\\/home\\\/santos-oficializa-a-contratacao-do-centroavante-tiquinho-soares-ex-botafogo\\\/#breadcrumb\",\"itemListElement\":[{\"@type\":\"ListItem\",\"position\":1,\"name\":\"In\u00edcio\",\"item\":\"https:\\\/\\\/transamerica93.com.br\\\/home\\\/\"},{\"@type\":\"ListItem\",\"position\":2,\"name\":\"Santos oficializa a contrata\u00e7\u00e3o do centroavante Tiquinho Soares, ex-Botafogo\"}]},{\"@type\":\"WebSite\",\"@id\":\"https:\\\/\\\/transamerica93.com.br\\\/home\\\/#website\",\"url\":\"https:\\\/\\\/transamerica93.com.br\\\/home\\\/\",\"name\":\"Transam\u00e9rica Mococa 93,3\",\"description\":\"\",\"publisher\":{\"@id\":\"https:\\\/\\\/transamerica93.com.br\\\/home\\\/#organization\"},\"potentialAction\":[{\"@type\":\"SearchAction\",\"target\":{\"@type\":\"EntryPoint\",\"urlTemplate\":\"https:\\\/\\\/transamerica93.com.br\\\/home\\\/?s={search_term_string}\"},\"query-input\":{\"@type\":\"PropertyValueSpecification\",\"valueRequired\":true,\"valueName\":\"search_term_string\"}}],\"inLanguage\":\"pt-BR\"},{\"@type\":\"Organization\",\"@id\":\"https:\\\/\\\/transamerica93.com.br\\\/home\\\/#organization\",\"name\":\"Transam\u00e9rica Mococa 93,3\",\"url\":\"https:\\\/\\\/transamerica93.com.br\\\/home\\\/\",\"logo\":{\"@type\":\"ImageObject\",\"inLanguage\":\"pt-BR\",\"@id\":\"https:\\\/\\\/transamerica93.com.br\\\/home\\\/#\\\/schema\\\/logo\\\/image\\\/\",\"url\":\"https:\\\/\\\/transamerica93.com.br\\\/home\\\/wp-content\\\/uploads\\\/2023\\\/10\\\/logo2.png\",\"contentUrl\":\"https:\\\/\\\/transamerica93.com.br\\\/home\\\/wp-content\\\/uploads\\\/2023\\\/10\\\/logo2.png\",\"width\":800,\"height\":500,\"caption\":\"Transam\u00e9rica Mococa 93,3\"},\"image\":{\"@id\":\"https:\\\/\\\/transamerica93.com.br\\\/home\\\/#\\\/schema\\\/logo\\\/image\\\/\"},\"sameAs\":[\"https:\\\/\\\/www.facebook.com\\\/transamericamococa\",\"https:\\\/\\\/x.com\\\/transamerica933\",\"https:\\\/\\\/www.instagram.com\\\/transamericamococa\"]},{\"@type\":\"Person\",\"@id\":\"https:\\\/\\\/transamerica93.com.br\\\/home\\\/#\\\/schema\\\/person\\\/7fed7c99c0d4562efa8561bc0f543172\",\"name\":\"Reda\u00e7\u00e3o\",\"image\":{\"@type\":\"ImageObject\",\"inLanguage\":\"pt-BR\",\"@id\":\"https:\\\/\\\/secure.gravatar.com\\\/avatar\\\/1072c6b775fb02ef8506ce967551d95926669a6b7d2c2147b42eea4d7c68395e?s=96&d=mm&r=g\",\"url\":\"https:\\\/\\\/secure.gravatar.com\\\/avatar\\\/1072c6b775fb02ef8506ce967551d95926669a6b7d2c2147b42eea4d7c68395e?s=96&d=mm&r=g\",\"contentUrl\":\"https:\\\/\\\/secure.gravatar.com\\\/avatar\\\/1072c6b775fb02ef8506ce967551d95926669a6b7d2c2147b42eea4d7c68395e?s=96&d=mm&r=g\",\"caption\":\"Reda\u00e7\u00e3o\"},\"sameAs\":[\"https:\\\/\\\/transamerica93.com.br\\\/home\"],\"url\":\"https:\\\/\\\/transamerica93.com.br\\\/home\\\/author\\\/william\\\/\"}]}<\/script>\n<!-- \/ Yoast SEO plugin. -->","yoast_head_json":{"title":"Santos oficializa a contrata\u00e7\u00e3o do centroavante Tiquinho Soares, ex-Botafogo - Transam\u00e9rica Mococa 93,3","robots":{"index":"index","follow":"follow","max-snippet":"max-snippet:-1","max-image-preview":"max-image-preview:large","max-video-preview":"max-video-preview:-1"},"canonical":"https:\/\/transamerica93.com.br\/home\/santos-oficializa-a-contratacao-do-centroavante-tiquinho-soares-ex-botafogo\/","og_locale":"pt_BR","og_type":"article","og_title":"Santos oficializa a contrata\u00e7\u00e3o do centroavante Tiquinho Soares, ex-Botafogo - Transam\u00e9rica Mococa 93,3","og_description":"O Santos, enfim, anunciou o centroavante Tiquinho Soares como novo refor\u00e7o do clube para a temporada 2025. Campe\u00e3o Brasileiro e tamb\u00e9m da Copa Libertadores com o Botafogo no ano passado, o atleta foi adquirido de forma definitiva e assinou contrato at\u00e9 o fim de 2027. O atleta, que j\u00e1 vinha treinando com o elenco sob &hellip;","og_url":"https:\/\/transamerica93.com.br\/home\/santos-oficializa-a-contratacao-do-centroavante-tiquinho-soares-ex-botafogo\/","og_site_name":"Transam\u00e9rica Mococa 93,3","article_publisher":"https:\/\/www.facebook.com\/transamericamococa","article_published_time":"2025-02-06T15:00:04+00:00","og_image":[{"width":1169,"height":696,"url":"https:\/\/transamerica93.com.br\/home\/wp-content\/uploads\/2025\/01\/1-4.jpg","type":"image\/jpeg"}],"author":"Reda\u00e7\u00e3o","twitter_card":"summary_large_image","twitter_creator":"@transamerica933","twitter_site":"@transamerica933","twitter_misc":{"Escrito por":"Reda\u00e7\u00e3o","Est. tempo de leitura":"2 minutos"},"schema":{"@context":"https:\/\/schema.org","@graph":[{"@type":"Article","@id":"https:\/\/transamerica93.com.br\/home\/santos-oficializa-a-contratacao-do-centroavante-tiquinho-soares-ex-botafogo\/#article","isPartOf":{"@id":"https:\/\/transamerica93.com.br\/home\/santos-oficializa-a-contratacao-do-centroavante-tiquinho-soares-ex-botafogo\/"},"author":{"name":"Reda\u00e7\u00e3o","@id":"https:\/\/transamerica93.com.br\/home\/#\/schema\/person\/7fed7c99c0d4562efa8561bc0f543172"},"headline":"Santos oficializa a contrata\u00e7\u00e3o do centroavante Tiquinho Soares, ex-Botafogo","datePublished":"2025-02-06T15:00:04+00:00","mainEntityOfPage":{"@id":"https:\/\/transamerica93.com.br\/home\/santos-oficializa-a-contratacao-do-centroavante-tiquinho-soares-ex-botafogo\/"},"wordCount":340,"publisher":{"@id":"https:\/\/transamerica93.com.br\/home\/#organization"},"image":{"@id":"https:\/\/transamerica93.com.br\/home\/santos-oficializa-a-contratacao-do-centroavante-tiquinho-soares-ex-botafogo\/#primaryimage"},"thumbnailUrl":"https:\/\/transamerica93.com.br\/home\/wp-content\/uploads\/2025\/01\/1-4.jpg","articleSection":["Esportes"],"inLanguage":"pt-BR"},{"@type":"WebPage","@id":"https:\/\/transamerica93.com.br\/home\/santos-oficializa-a-contratacao-do-centroavante-tiquinho-soares-ex-botafogo\/","url":"https:\/\/transamerica93.com.br\/home\/santos-oficializa-a-contratacao-do-centroavante-tiquinho-soares-ex-botafogo\/","name":"Santos oficializa a contrata\u00e7\u00e3o do centroavante Tiquinho Soares, ex-Botafogo - Transam\u00e9rica Mococa 93,3","isPartOf":{"@id":"https:\/\/transamerica93.com.br\/home\/#website"},"primaryImageOfPage":{"@id":"https:\/\/transamerica93.com.br\/home\/santos-oficializa-a-contratacao-do-centroavante-tiquinho-soares-ex-botafogo\/#primaryimage"},"image":{"@id":"https:\/\/transamerica93.com.br\/home\/santos-oficializa-a-contratacao-do-centroavante-tiquinho-soares-ex-botafogo\/#primaryimage"},"thumbnailUrl":"https:\/\/transamerica93.com.br\/home\/wp-content\/uploads\/2025\/01\/1-4.jpg","datePublished":"2025-02-06T15:00:04+00:00","breadcrumb":{"@id":"https:\/\/transamerica93.com.br\/home\/santos-oficializa-a-contratacao-do-centroavante-tiquinho-soares-ex-botafogo\/#breadcrumb"},"inLanguage":"pt-BR","potentialAction":[{"@type":"ReadAction","target":["https:\/\/transamerica93.com.br\/home\/santos-oficializa-a-contratacao-do-centroavante-tiquinho-soares-ex-botafogo\/"]}]},{"@type":"ImageObject","inLanguage":"pt-BR","@id":"https:\/\/transamerica93.com.br\/home\/santos-oficializa-a-contratacao-do-centroavante-tiquinho-soares-ex-botafogo\/#primaryimage","url":"https:\/\/transamerica93.com.br\/home\/wp-content\/uploads\/2025\/01\/1-4.jpg","contentUrl":"https:\/\/transamerica93.com.br\/home\/wp-content\/uploads\/2025\/01\/1-4.jpg","width":1169,"height":696},{"@type":"BreadcrumbList","@id":"https:\/\/transamerica93.com.br\/home\/santos-oficializa-a-contratacao-do-centroavante-tiquinho-soares-ex-botafogo\/#breadcrumb","itemListElement":[{"@type":"ListItem","position":1,"name":"In\u00edcio","item":"https:\/\/transamerica93.com.br\/home\/"},{"@type":"ListItem","position":2,"name":"Santos oficializa a contrata\u00e7\u00e3o do centroavante Tiquinho Soares, ex-Botafogo"}]},{"@type":"WebSite","@id":"https:\/\/transamerica93.com.br\/home\/#website","url":"https:\/\/transamerica93.com.br\/home\/","name":"Transam\u00e9rica Mococa 93,3","description":"","publisher":{"@id":"https:\/\/transamerica93.com.br\/home\/#organization"},"potentialAction":[{"@type":"SearchAction","target":{"@type":"EntryPoint","urlTemplate":"https:\/\/transamerica93.com.br\/home\/?s={search_term_string}"},"query-input":{"@type":"PropertyValueSpecification","valueRequired":true,"valueName":"search_term_string"}}],"inLanguage":"pt-BR"},{"@type":"Organization","@id":"https:\/\/transamerica93.com.br\/home\/#organization","name":"Transam\u00e9rica Mococa 93,3","url":"https:\/\/transamerica93.com.br\/home\/","logo":{"@type":"ImageObject","inLanguage":"pt-BR","@id":"https:\/\/transamerica93.com.br\/home\/#\/schema\/logo\/image\/","url":"https:\/\/transamerica93.com.br\/home\/wp-content\/uploads\/2023\/10\/logo2.png","contentUrl":"https:\/\/transamerica93.com.br\/home\/wp-content\/uploads\/2023\/10\/logo2.png","width":800,"height":500,"caption":"Transam\u00e9rica Mococa 93,3"},"image":{"@id":"https:\/\/transamerica93.com.br\/home\/#\/schema\/logo\/image\/"},"sameAs":["https:\/\/www.facebook.com\/transamericamococa","https:\/\/x.com\/transamerica933","https:\/\/www.instagram.com\/transamericamococa"]},{"@type":"Person","@id":"https:\/\/transamerica93.com.br\/home\/#\/schema\/person\/7fed7c99c0d4562efa8561bc0f543172","name":"Reda\u00e7\u00e3o","image":{"@type":"ImageObject","inLanguage":"pt-BR","@id":"https:\/\/secure.gravatar.com\/avatar\/1072c6b775fb02ef8506ce967551d95926669a6b7d2c2147b42eea4d7c68395e?s=96&d=mm&r=g","url":"https:\/\/secure.gravatar.com\/avatar\/1072c6b775fb02ef8506ce967551d95926669a6b7d2c2147b42eea4d7c68395e?s=96&d=mm&r=g","contentUrl":"https:\/\/secure.gravatar.com\/avatar\/1072c6b775fb02ef8506ce967551d95926669a6b7d2c2147b42eea4d7c68395e?s=96&d=mm&r=g","caption":"Reda\u00e7\u00e3o"},"sameAs":["https:\/\/transamerica93.com.br\/home"],"url":"https:\/\/transamerica93.com.br\/home\/author\/william\/"}]}},"_links":{"self":[{"href":"https:\/\/transamerica93.com.br\/home\/wp-json\/wp\/v2\/posts\/4645","targetHints":{"allow":["GET"]}}],"collection":[{"href":"https:\/\/transamerica93.com.br\/home\/wp-json\/wp\/v2\/posts"}],"about":[{"href":"https:\/\/transamerica93.com.br\/home\/wp-json\/wp\/v2\/types\/post"}],"author":[{"embeddable":true,"href":"https:\/\/transamerica93.com.br\/home\/wp-json\/wp\/v2\/users\/1"}],"replies":[{"embeddable":true,"href":"https:\/\/transamerica93.com.br\/home\/wp-json\/wp\/v2\/comments?post=4645"}],"version-history":[{"count":1,"href":"https:\/\/transamerica93.com.br\/home\/wp-json\/wp\/v2\/posts\/4645\/revisions"}],"predecessor-version":[{"id":4647,"href":"https:\/\/transamerica93.com.br\/home\/wp-json\/wp\/v2\/posts\/4645\/revisions\/4647"}],"wp:featuredmedia":[{"embeddable":true,"href":"https:\/\/transamerica93.com.br\/home\/wp-json\/wp\/v2\/media\/4646"}],"wp:attachment":[{"href":"https:\/\/transamerica93.com.br\/home\/wp-json\/wp\/v2\/media?parent=4645"}],"wp:term":[{"taxonomy":"category","embeddable":true,"href":"https:\/\/transamerica93.com.br\/home\/wp-json\/wp\/v2\/categories?post=4645"},{"taxonomy":"post_tag","embeddable":true,"href":"https:\/\/transamerica93.com.br\/home\/wp-json\/wp\/v2\/tags?post=4645"}],"curies":[{"name":"wp","href":"https:\/\/api.w.org\/{rel}","templated":true}]}}